{"id":59669,"date":"2024-10-21T06:37:06","date_gmt":"2024-10-21T04:37:06","guid":{"rendered":"https:\/\/www.musikzeitung.ch\/?p=59669"},"modified":"2024-10-21T08:47:25","modified_gmt":"2024-10-21T06:47:25","slug":"tod-des-musikwissenschaftlers-christian-martin-schmidt","status":"publish","type":"post","link":"https:\/\/www.musikzeitung.ch\/en\/news\/2024\/10\/tod-des-musikwissenschaftlers-christian-martin-schmidt","title":{"rendered":"Death of the musicologist Christian Martin Schmidt"},"content":{"rendered":"<figure id=\"attachment_59670\" aria-describedby=\"caption-attachment-59670\" style=\"width: 496px\" class=\"wp-caption alignnone\"><img loading=\"lazy\" decoding=\"async\" class=\"size-full wp-image-59670\" src=\"https:\/\/www.musikzeitung.ch\/wp-content\/uploads\/2024\/10\/241021schmidt.jpg\" alt=\"\" width=\"496\" height=\"600\" srcset=\"https:\/\/www.musikzeitung.ch\/wp-content\/uploads\/2024\/10\/241021schmidt.jpg 496w, https:\/\/www.musikzeitung.ch\/wp-content\/uploads\/2024\/10\/241021schmidt-248x300.jpg 248w, https:\/\/www.musikzeitung.ch\/wp-content\/uploads\/2024\/10\/241021schmidt-10x12.jpg 10w, https:\/\/www.musikzeitung.ch\/wp-content\/uploads\/2024\/10\/241021schmidt-145x175.jpg 145w, https:\/\/www.musikzeitung.ch\/wp-content\/uploads\/2024\/10\/241021schmidt-289x350.jpg 289w, https:\/\/www.musikzeitung.ch\/wp-content\/uploads\/2024\/10\/241021schmidt-300x363.jpg 300w\" sizes=\"auto, (max-width: 496px) 100vw, 496px\" \/><figcaption id=\"caption-attachment-59670\" class=\"wp-caption-text\">Christian Martin Schmidt (Image: Breitkopf&amp;H\u00e4rtel)<\/figcaption><\/figure>\n<p>Schmidt completed his doctorate at the FU Berlin in 1970 under Rudolf Stephan and subsequently worked on the Arnold Sch\u00f6nberg Complete Edition. He also obtained an organ diploma from the \u00c9cole normale de musique in Paris. After his habilitation and a professorship in Amsterdam, he held the Chair of Music History at the Technical University of Berlin from 1991 until his retirement as the successor to Carl Dahlhaus. From 1992 he was project manager of the Leipzig edition of Felix Mendelssohn Bartholdy's works at the Saxon Academy of Sciences and from 1997 project manager of the Hanns Eisler Complete Edition.<\/p>\n<p>&nbsp;<\/p>\n<p>&nbsp;<\/p>\n<p>&nbsp;<\/p>","protected":false},"excerpt":{"rendered":"<p>According to the publisher Breitkopf &amp; H\u00e4rtel, the musicologist Christian Martin Schmidt, who among other things was the project leader of the Leipzig edition of Mendelssohn's works, has died at the age of 81.<\/p>","protected":false},"author":30,"featured_media":59670,"comment_status":"closed","ping_status":"closed","sticky":false,"template":"","format":"standard","meta":{"_acf_changed":false,"_relevanssi_hide_post":"","_relevanssi_hide_content":"","_relevanssi_pin_for_all":"","_relevanssi_pin_keywords":"","_relevanssi_unpin_keywords":"","_relevanssi_related_keywords":"","_relevanssi_related_include_ids":"","_relevanssi_related_exclude_ids":"","_relevanssi_related_no_append":"","_relevanssi_related_not_related":"","_relevanssi_related_posts":"","_relevanssi_noindex_reason":"","pgc_sgb_lightbox_settings":"","footnotes":""},"categories":[27],"tags":[4437],"class_list":["post-59669","post","type-post","status-publish","format-standard","has-post-thumbnail","hentry","category-news","tag-christian-martin-schmidt"],"acf":[],"yoast_head":"<!-- This site is optimized with the Yoast SEO plugin v27.4 - https:\/\/yoast.com\/product\/yoast-seo-wordpress\/ -->\n<title>Tod des Musikwissenschaftlers Christian Martin Schmidt - Schweizer Musikzeitung<\/title>\n<meta name=\"description\" content=\"Der Musikwissenschaftler Christian Martin Schmidt, der u.a. als Projektleiter der Leipziger Ausgabe der Werke Mendelssohns amtete, mit 81 Jahren verstorben.\" \/>\n<meta name=\"robots\" content=\"index, follow, max-snippet:-1, max-image-preview:large, max-video-preview:-1\" \/>\n<link rel=\"canonical\" href=\"https:\/\/www.musikzeitung.ch\/en\/news\/2024\/10\/tod-des-musikwissenschaftlers-christian-martin-schmidt\/\" \/>\n<meta property=\"og:locale\" content=\"en_US\" \/>\n<meta property=\"og:type\" content=\"article\" \/>\n<meta property=\"og:title\" content=\"Tod des Musikwissenschaftlers Christian Martin Schmidt - Schweizer Musikzeitung\" \/>\n<meta property=\"og:description\" content=\"Der Musikwissenschaftler Christian Martin Schmidt, der u.a. als Projektleiter der Leipziger Ausgabe der Werke Mendelssohns amtete, mit 81 Jahren verstorben.\" \/>\n<meta property=\"og:url\" content=\"https:\/\/www.musikzeitung.ch\/en\/news\/2024\/10\/tod-des-musikwissenschaftlers-christian-martin-schmidt\/\" \/>\n<meta property=\"og:site_name\" content=\"Schweizer Musikzeitung\" \/>\n<meta property=\"article:publisher\" content=\"https:\/\/www.facebook.com\/SchweizerMusikzeitung\/\" \/>\n<meta property=\"article:author\" content=\"https:\/\/www.facebook.com\/wolfgang.bohler.75\" \/>\n<meta property=\"article:published_time\" content=\"2024-10-21T04:37:06+00:00\" \/>\n<meta property=\"article:modified_time\" content=\"2024-10-21T06:47:25+00:00\" \/>\n<meta property=\"og:image\" content=\"https:\/\/www.musikzeitung.ch\/wp-content\/uploads\/2024\/10\/241021schmidt.jpg\" \/>\n\t<meta property=\"og:image:width\" content=\"496\" \/>\n\t<meta property=\"og:image:height\" content=\"600\" \/>\n\t<meta property=\"og:image:type\" content=\"image\/jpeg\" \/>\n<meta name=\"author\" content=\"Wolfgang B\u00f6hler\" \/>\n<meta name=\"twitter:card\" content=\"summary_large_image\" \/>\n<meta name=\"twitter:creator\" content=\"@smusikzeitung\" \/>\n<meta name=\"twitter:site\" content=\"@smusikzeitung\" \/>\n<meta name=\"twitter:label1\" content=\"Written by\" \/>\n\t<meta name=\"twitter:data1\" content=\"Wolfgang B\u00f6hler\" \/>\n\t<meta name=\"twitter:label2\" content=\"Est. reading time\" \/>\n\t<meta name=\"twitter:data2\" content=\"1 minute\" \/>\n<script type=\"application\/ld+json\" class=\"yoast-schema-graph\">{\"@context\":\"https:\\\/\\\/schema.org\",\"@graph\":[{\"@type\":\"Article\",\"@id\":\"https:\\\/\\\/www.musikzeitung.ch\\\/news\\\/2024\\\/10\\\/tod-des-musikwissenschaftlers-christian-martin-schmidt#article\",\"isPartOf\":{\"@id\":\"https:\\\/\\\/www.musikzeitung.ch\\\/news\\\/2024\\\/10\\\/tod-des-musikwissenschaftlers-christian-martin-schmidt\"},\"author\":{\"name\":\"Wolfgang B\u00f6hler\",\"@id\":\"https:\\\/\\\/www.musikzeitung.ch\\\/#\\\/schema\\\/person\\\/0da4fb82d243f1252850a35d0e87cf0c\"},\"headline\":\"Tod des Musikwissenschaftlers Christian Martin Schmidt\",\"datePublished\":\"2024-10-21T04:37:06+00:00\",\"dateModified\":\"2024-10-21T06:47:25+00:00\",\"mainEntityOfPage\":{\"@id\":\"https:\\\/\\\/www.musikzeitung.ch\\\/news\\\/2024\\\/10\\\/tod-des-musikwissenschaftlers-christian-martin-schmidt\"},\"wordCount\":115,\"publisher\":{\"@id\":\"https:\\\/\\\/www.musikzeitung.ch\\\/#organization\"},\"image\":{\"@id\":\"https:\\\/\\\/www.musikzeitung.ch\\\/news\\\/2024\\\/10\\\/tod-des-musikwissenschaftlers-christian-martin-schmidt#primaryimage\"},\"thumbnailUrl\":\"https:\\\/\\\/www.musikzeitung.ch\\\/wp-content\\\/uploads\\\/2024\\\/10\\\/241021schmidt.jpg\",\"keywords\":[\"Christian Martin Schmidt\"],\"articleSection\":[\"News\"],\"inLanguage\":\"en-US\"},{\"@type\":\"WebPage\",\"@id\":\"https:\\\/\\\/www.musikzeitung.ch\\\/news\\\/2024\\\/10\\\/tod-des-musikwissenschaftlers-christian-martin-schmidt\",\"url\":\"https:\\\/\\\/www.musikzeitung.ch\\\/news\\\/2024\\\/10\\\/tod-des-musikwissenschaftlers-christian-martin-schmidt\",\"name\":\"Tod des Musikwissenschaftlers Christian Martin Schmidt - Schweizer Musikzeitung\",\"isPartOf\":{\"@id\":\"https:\\\/\\\/www.musikzeitung.ch\\\/#website\"},\"primaryImageOfPage\":{\"@id\":\"https:\\\/\\\/www.musikzeitung.ch\\\/news\\\/2024\\\/10\\\/tod-des-musikwissenschaftlers-christian-martin-schmidt#primaryimage\"},\"image\":{\"@id\":\"https:\\\/\\\/www.musikzeitung.ch\\\/news\\\/2024\\\/10\\\/tod-des-musikwissenschaftlers-christian-martin-schmidt#primaryimage\"},\"thumbnailUrl\":\"https:\\\/\\\/www.musikzeitung.ch\\\/wp-content\\\/uploads\\\/2024\\\/10\\\/241021schmidt.jpg\",\"datePublished\":\"2024-10-21T04:37:06+00:00\",\"dateModified\":\"2024-10-21T06:47:25+00:00\",\"description\":\"Der Musikwissenschaftler Christian Martin Schmidt, der u.a. als Projektleiter der Leipziger Ausgabe der Werke Mendelssohns amtete, mit 81 Jahren verstorben.\",\"breadcrumb\":{\"@id\":\"https:\\\/\\\/www.musikzeitung.ch\\\/news\\\/2024\\\/10\\\/tod-des-musikwissenschaftlers-christian-martin-schmidt#breadcrumb\"},\"inLanguage\":\"en-US\",\"potentialAction\":[{\"@type\":\"ReadAction\",\"target\":[\"https:\\\/\\\/www.musikzeitung.ch\\\/news\\\/2024\\\/10\\\/tod-des-musikwissenschaftlers-christian-martin-schmidt\"]}]},{\"@type\":\"ImageObject\",\"inLanguage\":\"en-US\",\"@id\":\"https:\\\/\\\/www.musikzeitung.ch\\\/news\\\/2024\\\/10\\\/tod-des-musikwissenschaftlers-christian-martin-schmidt#primaryimage\",\"url\":\"https:\\\/\\\/www.musikzeitung.ch\\\/wp-content\\\/uploads\\\/2024\\\/10\\\/241021schmidt.jpg\",\"contentUrl\":\"https:\\\/\\\/www.musikzeitung.ch\\\/wp-content\\\/uploads\\\/2024\\\/10\\\/241021schmidt.jpg\",\"width\":496,\"height\":600,\"caption\":\"Christian Martin Schmidt (Bild: Breitkopf&H\u00e4rtel)\"},{\"@type\":\"BreadcrumbList\",\"@id\":\"https:\\\/\\\/www.musikzeitung.ch\\\/news\\\/2024\\\/10\\\/tod-des-musikwissenschaftlers-christian-martin-schmidt#breadcrumb\",\"itemListElement\":[{\"@type\":\"ListItem\",\"position\":1,\"name\":\"Home\",\"item\":\"https:\\\/\\\/www.musikzeitung.ch\\\/\"},{\"@type\":\"ListItem\",\"position\":2,\"name\":\"Tod des Musikwissenschaftlers Christian Martin Schmidt\"}]},{\"@type\":\"WebSite\",\"@id\":\"https:\\\/\\\/www.musikzeitung.ch\\\/#website\",\"url\":\"https:\\\/\\\/www.musikzeitung.ch\\\/\",\"name\":\"Schweizer Musikzeitung\",\"description\":\"Die f\u00fchrende sparten\u00fcbergreifende Monatszeitung in der Schweiz f\u00fcr musikalische Fragen.\",\"publisher\":{\"@id\":\"https:\\\/\\\/www.musikzeitung.ch\\\/#organization\"},\"potentialAction\":[{\"@type\":\"SearchAction\",\"target\":{\"@type\":\"EntryPoint\",\"urlTemplate\":\"https:\\\/\\\/www.musikzeitung.ch\\\/?s={search_term_string}\"},\"query-input\":{\"@type\":\"PropertyValueSpecification\",\"valueRequired\":true,\"valueName\":\"search_term_string\"}}],\"inLanguage\":\"en-US\"},{\"@type\":\"Organization\",\"@id\":\"https:\\\/\\\/www.musikzeitung.ch\\\/#organization\",\"name\":\"Schweizer Musikzeitung\",\"url\":\"https:\\\/\\\/www.musikzeitung.ch\\\/\",\"logo\":{\"@type\":\"ImageObject\",\"inLanguage\":\"en-US\",\"@id\":\"https:\\\/\\\/www.musikzeitung.ch\\\/#\\\/schema\\\/logo\\\/image\\\/\",\"url\":\"https:\\\/\\\/www.musikzeitung.ch\\\/wp-content\\\/uploads\\\/2023\\\/01\\\/SMZ_Schriftzug_Sprache.png\",\"contentUrl\":\"https:\\\/\\\/www.musikzeitung.ch\\\/wp-content\\\/uploads\\\/2023\\\/01\\\/SMZ_Schriftzug_Sprache.png\",\"width\":1400,\"height\":279,\"caption\":\"Schweizer Musikzeitung\"},\"image\":{\"@id\":\"https:\\\/\\\/www.musikzeitung.ch\\\/#\\\/schema\\\/logo\\\/image\\\/\"},\"sameAs\":[\"https:\\\/\\\/www.facebook.com\\\/SchweizerMusikzeitung\\\/\",\"https:\\\/\\\/x.com\\\/smusikzeitung\",\"https:\\\/\\\/www.instagram.com\\\/musikzeitung.ch\\\/\"]},{\"@type\":\"Person\",\"@id\":\"https:\\\/\\\/www.musikzeitung.ch\\\/#\\\/schema\\\/person\\\/0da4fb82d243f1252850a35d0e87cf0c\",\"name\":\"Wolfgang B\u00f6hler\",\"image\":{\"@type\":\"ImageObject\",\"inLanguage\":\"en-US\",\"@id\":\"https:\\\/\\\/www.musikzeitung.ch\\\/wp-content\\\/uploads\\\/2023\\\/01\\\/boehler_portraet_web-e1674139782246-96x96.jpg\",\"url\":\"https:\\\/\\\/www.musikzeitung.ch\\\/wp-content\\\/uploads\\\/2023\\\/01\\\/boehler_portraet_web-e1674139782246-96x96.jpg\",\"contentUrl\":\"https:\\\/\\\/www.musikzeitung.ch\\\/wp-content\\\/uploads\\\/2023\\\/01\\\/boehler_portraet_web-e1674139782246-96x96.jpg\",\"caption\":\"Wolfgang B\u00f6hler\"},\"sameAs\":[\"http:\\\/\\\/www.manacanto.ch\",\"https:\\\/\\\/www.facebook.com\\\/wolfgang.bohler.75\"],\"url\":\"https:\\\/\\\/www.musikzeitung.ch\\\/en\\\/author\\\/wolfgang-boehler\"}]}<\/script>\n<!-- \/ Yoast SEO plugin. -->","yoast_head_json":{"title":"Tod des Musikwissenschaftlers Christian Martin Schmidt - Schweizer Musikzeitung","description":"Der Musikwissenschaftler Christian Martin Schmidt, der u.a. als Projektleiter der Leipziger Ausgabe der Werke Mendelssohns amtete, mit 81 Jahren verstorben.","robots":{"index":"index","follow":"follow","max-snippet":"max-snippet:-1","max-image-preview":"max-image-preview:large","max-video-preview":"max-video-preview:-1"},"canonical":"https:\/\/www.musikzeitung.ch\/en\/news\/2024\/10\/tod-des-musikwissenschaftlers-christian-martin-schmidt\/","og_locale":"en_US","og_type":"article","og_title":"Tod des Musikwissenschaftlers Christian Martin Schmidt - Schweizer Musikzeitung","og_description":"Der Musikwissenschaftler Christian Martin Schmidt, der u.a. als Projektleiter der Leipziger Ausgabe der Werke Mendelssohns amtete, mit 81 Jahren verstorben.","og_url":"https:\/\/www.musikzeitung.ch\/en\/news\/2024\/10\/tod-des-musikwissenschaftlers-christian-martin-schmidt\/","og_site_name":"Schweizer Musikzeitung","article_publisher":"https:\/\/www.facebook.com\/SchweizerMusikzeitung\/","article_author":"https:\/\/www.facebook.com\/wolfgang.bohler.75","article_published_time":"2024-10-21T04:37:06+00:00","article_modified_time":"2024-10-21T06:47:25+00:00","og_image":[{"width":496,"height":600,"url":"https:\/\/www.musikzeitung.ch\/wp-content\/uploads\/2024\/10\/241021schmidt.jpg","type":"image\/jpeg"}],"author":"Wolfgang B\u00f6hler","twitter_card":"summary_large_image","twitter_creator":"@smusikzeitung","twitter_site":"@smusikzeitung","twitter_misc":{"Written by":"Wolfgang B\u00f6hler","Est. reading time":"1 minute"},"schema":{"@context":"https:\/\/schema.org","@graph":[{"@type":"Article","@id":"https:\/\/www.musikzeitung.ch\/news\/2024\/10\/tod-des-musikwissenschaftlers-christian-martin-schmidt#article","isPartOf":{"@id":"https:\/\/www.musikzeitung.ch\/news\/2024\/10\/tod-des-musikwissenschaftlers-christian-martin-schmidt"},"author":{"name":"Wolfgang B\u00f6hler","@id":"https:\/\/www.musikzeitung.ch\/#\/schema\/person\/0da4fb82d243f1252850a35d0e87cf0c"},"headline":"Tod des Musikwissenschaftlers Christian Martin Schmidt","datePublished":"2024-10-21T04:37:06+00:00","dateModified":"2024-10-21T06:47:25+00:00","mainEntityOfPage":{"@id":"https:\/\/www.musikzeitung.ch\/news\/2024\/10\/tod-des-musikwissenschaftlers-christian-martin-schmidt"},"wordCount":115,"publisher":{"@id":"https:\/\/www.musikzeitung.ch\/#organization"},"image":{"@id":"https:\/\/www.musikzeitung.ch\/news\/2024\/10\/tod-des-musikwissenschaftlers-christian-martin-schmidt#primaryimage"},"thumbnailUrl":"https:\/\/www.musikzeitung.ch\/wp-content\/uploads\/2024\/10\/241021schmidt.jpg","keywords":["Christian Martin Schmidt"],"articleSection":["News"],"inLanguage":"en-US"},{"@type":"WebPage","@id":"https:\/\/www.musikzeitung.ch\/news\/2024\/10\/tod-des-musikwissenschaftlers-christian-martin-schmidt","url":"https:\/\/www.musikzeitung.ch\/news\/2024\/10\/tod-des-musikwissenschaftlers-christian-martin-schmidt","name":"Tod des Musikwissenschaftlers Christian Martin Schmidt - Schweizer Musikzeitung","isPartOf":{"@id":"https:\/\/www.musikzeitung.ch\/#website"},"primaryImageOfPage":{"@id":"https:\/\/www.musikzeitung.ch\/news\/2024\/10\/tod-des-musikwissenschaftlers-christian-martin-schmidt#primaryimage"},"image":{"@id":"https:\/\/www.musikzeitung.ch\/news\/2024\/10\/tod-des-musikwissenschaftlers-christian-martin-schmidt#primaryimage"},"thumbnailUrl":"https:\/\/www.musikzeitung.ch\/wp-content\/uploads\/2024\/10\/241021schmidt.jpg","datePublished":"2024-10-21T04:37:06+00:00","dateModified":"2024-10-21T06:47:25+00:00","description":"Der Musikwissenschaftler Christian Martin Schmidt, der u.a. als Projektleiter der Leipziger Ausgabe der Werke Mendelssohns amtete, mit 81 Jahren verstorben.","breadcrumb":{"@id":"https:\/\/www.musikzeitung.ch\/news\/2024\/10\/tod-des-musikwissenschaftlers-christian-martin-schmidt#breadcrumb"},"inLanguage":"en-US","potentialAction":[{"@type":"ReadAction","target":["https:\/\/www.musikzeitung.ch\/news\/2024\/10\/tod-des-musikwissenschaftlers-christian-martin-schmidt"]}]},{"@type":"ImageObject","inLanguage":"en-US","@id":"https:\/\/www.musikzeitung.ch\/news\/2024\/10\/tod-des-musikwissenschaftlers-christian-martin-schmidt#primaryimage","url":"https:\/\/www.musikzeitung.ch\/wp-content\/uploads\/2024\/10\/241021schmidt.jpg","contentUrl":"https:\/\/www.musikzeitung.ch\/wp-content\/uploads\/2024\/10\/241021schmidt.jpg","width":496,"height":600,"caption":"Christian Martin Schmidt (Bild: Breitkopf&H\u00e4rtel)"},{"@type":"BreadcrumbList","@id":"https:\/\/www.musikzeitung.ch\/news\/2024\/10\/tod-des-musikwissenschaftlers-christian-martin-schmidt#breadcrumb","itemListElement":[{"@type":"ListItem","position":1,"name":"Home","item":"https:\/\/www.musikzeitung.ch\/"},{"@type":"ListItem","position":2,"name":"Tod des Musikwissenschaftlers Christian Martin Schmidt"}]},{"@type":"WebSite","@id":"https:\/\/www.musikzeitung.ch\/#website","url":"https:\/\/www.musikzeitung.ch\/","name":"Swiss Music Newspaper","description":"The leading interdisciplinary monthly newspaper in Switzerland for musical issues.","publisher":{"@id":"https:\/\/www.musikzeitung.ch\/#organization"},"potentialAction":[{"@type":"SearchAction","target":{"@type":"EntryPoint","urlTemplate":"https:\/\/www.musikzeitung.ch\/?s={search_term_string}"},"query-input":{"@type":"PropertyValueSpecification","valueRequired":true,"valueName":"search_term_string"}}],"inLanguage":"en-US"},{"@type":"Organization","@id":"https:\/\/www.musikzeitung.ch\/#organization","name":"Swiss Music Newspaper","url":"https:\/\/www.musikzeitung.ch\/","logo":{"@type":"ImageObject","inLanguage":"en-US","@id":"https:\/\/www.musikzeitung.ch\/#\/schema\/logo\/image\/","url":"https:\/\/www.musikzeitung.ch\/wp-content\/uploads\/2023\/01\/SMZ_Schriftzug_Sprache.png","contentUrl":"https:\/\/www.musikzeitung.ch\/wp-content\/uploads\/2023\/01\/SMZ_Schriftzug_Sprache.png","width":1400,"height":279,"caption":"Schweizer Musikzeitung"},"image":{"@id":"https:\/\/www.musikzeitung.ch\/#\/schema\/logo\/image\/"},"sameAs":["https:\/\/www.facebook.com\/SchweizerMusikzeitung\/","https:\/\/x.com\/smusikzeitung","https:\/\/www.instagram.com\/musikzeitung.ch\/"]},{"@type":"Person","@id":"https:\/\/www.musikzeitung.ch\/#\/schema\/person\/0da4fb82d243f1252850a35d0e87cf0c","name":"Wolfgang B\u00f6hler","image":{"@type":"ImageObject","inLanguage":"en-US","@id":"https:\/\/www.musikzeitung.ch\/wp-content\/uploads\/2023\/01\/boehler_portraet_web-e1674139782246-96x96.jpg","url":"https:\/\/www.musikzeitung.ch\/wp-content\/uploads\/2023\/01\/boehler_portraet_web-e1674139782246-96x96.jpg","contentUrl":"https:\/\/www.musikzeitung.ch\/wp-content\/uploads\/2023\/01\/boehler_portraet_web-e1674139782246-96x96.jpg","caption":"Wolfgang B\u00f6hler"},"sameAs":["http:\/\/www.manacanto.ch","https:\/\/www.facebook.com\/wolfgang.bohler.75"],"url":"https:\/\/www.musikzeitung.ch\/en\/author\/wolfgang-boehler"}]}},"publishpress_future_workflow_manual_trigger":{"enabledWorkflows":[]},"_links":{"self":[{"href":"https:\/\/www.musikzeitung.ch\/en\/wp-json\/wp\/v2\/posts\/59669","targetHints":{"allow":["GET"]}}],"collection":[{"href":"https:\/\/www.musikzeitung.ch\/en\/wp-json\/wp\/v2\/posts"}],"about":[{"href":"https:\/\/www.musikzeitung.ch\/en\/wp-json\/wp\/v2\/types\/post"}],"author":[{"embeddable":true,"href":"https:\/\/www.musikzeitung.ch\/en\/wp-json\/wp\/v2\/users\/30"}],"replies":[{"embeddable":true,"href":"https:\/\/www.musikzeitung.ch\/en\/wp-json\/wp\/v2\/comments?post=59669"}],"version-history":[{"count":3,"href":"https:\/\/www.musikzeitung.ch\/en\/wp-json\/wp\/v2\/posts\/59669\/revisions"}],"predecessor-version":[{"id":59673,"href":"https:\/\/www.musikzeitung.ch\/en\/wp-json\/wp\/v2\/posts\/59669\/revisions\/59673"}],"wp:featuredmedia":[{"embeddable":true,"href":"https:\/\/www.musikzeitung.ch\/en\/wp-json\/wp\/v2\/media\/59670"}],"wp:attachment":[{"href":"https:\/\/www.musikzeitung.ch\/en\/wp-json\/wp\/v2\/media?parent=59669"}],"wp:term":[{"taxonomy":"category","embeddable":true,"href":"https:\/\/www.musikzeitung.ch\/en\/wp-json\/wp\/v2\/categories?post=59669"},{"taxonomy":"post_tag","embeddable":true,"href":"https:\/\/www.musikzeitung.ch\/en\/wp-json\/wp\/v2\/tags?post=59669"}],"curies":[{"name":"wp","href":"https:\/\/api.w.org\/{rel}","templated":true}]}}