{"id":59738,"date":"2024-10-22T06:23:37","date_gmt":"2024-10-22T04:23:37","guid":{"rendered":"https:\/\/www.musikzeitung.ch\/?p=59738"},"modified":"2024-10-23T09:09:45","modified_gmt":"2024-10-23T07:09:45","slug":"erfolg-fuer-zhdk-alumnus-am-sound-and-film-music-festival","status":"publish","type":"post","link":"https:\/\/www.musikzeitung.ch\/en\/news\/2024\/10\/erfolg-fuer-zhdk-alumnus-am-sound-and-film-music-festival","title":{"rendered":"Success for ZHdK alumnus at the Sound and Film Music Festival"},"content":{"rendered":"<figure id=\"attachment_59739\" aria-describedby=\"caption-attachment-59739\" style=\"width: 935px\" class=\"wp-caption alignnone\"><img loading=\"lazy\" decoding=\"async\" class=\"size-full wp-image-59739\" src=\"https:\/\/www.musikzeitung.ch\/wp-content\/uploads\/2024\/10\/241022seb.jpg\" alt=\"\" width=\"935\" height=\"580\" srcset=\"https:\/\/www.musikzeitung.ch\/wp-content\/uploads\/2024\/10\/241022seb.jpg 935w, https:\/\/www.musikzeitung.ch\/wp-content\/uploads\/2024\/10\/241022seb-300x186.jpg 300w, https:\/\/www.musikzeitung.ch\/wp-content\/uploads\/2024\/10\/241022seb-768x476.jpg 768w, https:\/\/www.musikzeitung.ch\/wp-content\/uploads\/2024\/10\/241022seb-18x12.jpg 18w, https:\/\/www.musikzeitung.ch\/wp-content\/uploads\/2024\/10\/241022seb-282x175.jpg 282w, https:\/\/www.musikzeitung.ch\/wp-content\/uploads\/2024\/10\/241022seb-564x350.jpg 564w, https:\/\/www.musikzeitung.ch\/wp-content\/uploads\/2024\/10\/241022seb-920x571.jpg 920w\" sizes=\"auto, (max-width: 935px) 100vw, 935px\" \/><figcaption id=\"caption-attachment-59739\" class=\"wp-caption-text\">Sebastian Androne-Nakanishi (Image: Florin Ghenadie)<\/figcaption><\/figure>\n<p>Androne-Nakanishi, who completed his Master's degree in Composition for Film, Theater and Media with Andr\u00e9 Bellmont in 2022, earned the award with the music for Toma Enache's film \"Enescu, Skinned Alive.\" He studied in Bucharest at the National University of Music, at the Birmingham Conservatoire, at the Conservatoire national sup\u00e9rieur de musique et de danse de Paris and in Zurich. He has won numerous national and international composition competitions, including the Grand Prize of the George Enescu Competition (2014), the Golden Eye Trophy of the Zurich Film Festival (2018) and the First Prize of the International Choral Composition Competition in Japan (2020).<\/p>\n<p>Launched in 2012, the International Sound &amp; Film Music Festival (ISFMF) took place in the Croatian city of Samobor in 2024 and \"makes audiovisual professions in the fields of music composition, sound design and sound mixing visible\". It is founded and managed by Ozren K. Glaser, Tena Glaser and \u017deljko Glaser and the managing director Marijana Knezoci.<\/p>","protected":false},"excerpt":{"rendered":"<p>ZHdK alumnus Sebastian Androne-Nakanishi wins the Crystal Pine Award for Best Original Score in a Feature Film at the International Sound and Film Music Festival.<\/p>","protected":false},"author":30,"featured_media":59739,"comment_status":"closed","ping_status":"closed","sticky":false,"template":"","format":"standard","meta":{"_acf_changed":false,"_relevanssi_hide_post":"","_relevanssi_hide_content":"","_relevanssi_pin_for_all":"","_relevanssi_pin_keywords":"","_relevanssi_unpin_keywords":"","_relevanssi_related_keywords":"","_relevanssi_related_include_ids":"","_relevanssi_related_exclude_ids":"","_relevanssi_related_no_append":"","_relevanssi_related_not_related":"","_relevanssi_related_posts":"","_relevanssi_noindex_reason":"","pgc_sgb_lightbox_settings":"","footnotes":""},"categories":[27],"tags":[4443,4442],"class_list":["post-59738","post","type-post","status-publish","format-standard","has-post-thumbnail","hentry","category-news","tag-international-sound-and-film-music-festival","tag-sebastian-androne-nakanishi"],"acf":[],"yoast_head":"<!-- This site is optimized with the Yoast SEO plugin v27.4 - https:\/\/yoast.com\/product\/yoast-seo-wordpress\/ -->\n<title>Erfolg f\u00fcr ZHdK-Alumnus am Sound and Film Music Festival - Schweizer Musikzeitung<\/title>\n<meta name=\"description\" content=\"Sebastian Androne-Nakanishi gewinnt am International Sound and Film Music Festival den Crystal Pine Award for Best Original Score in a Feature Film.\" \/>\n<meta name=\"robots\" content=\"index, follow, max-snippet:-1, max-image-preview:large, max-video-preview:-1\" \/>\n<link rel=\"canonical\" href=\"https:\/\/www.musikzeitung.ch\/en\/news\/2024\/10\/erfolg-fuer-zhdk-alumnus-am-sound-and-film-music-festival\/\" \/>\n<meta property=\"og:locale\" content=\"en_US\" \/>\n<meta property=\"og:type\" content=\"article\" \/>\n<meta property=\"og:title\" content=\"Erfolg f\u00fcr ZHdK-Alumnus am Sound and Film Music Festival - Schweizer Musikzeitung\" \/>\n<meta property=\"og:description\" content=\"Sebastian Androne-Nakanishi gewinnt am International Sound and Film Music Festival den Crystal Pine Award for Best Original Score in a Feature Film.\" \/>\n<meta property=\"og:url\" content=\"https:\/\/www.musikzeitung.ch\/en\/news\/2024\/10\/erfolg-fuer-zhdk-alumnus-am-sound-and-film-music-festival\/\" \/>\n<meta property=\"og:site_name\" content=\"Schweizer Musikzeitung\" \/>\n<meta property=\"article:publisher\" content=\"https:\/\/www.facebook.com\/SchweizerMusikzeitung\/\" \/>\n<meta property=\"article:author\" content=\"https:\/\/www.facebook.com\/wolfgang.bohler.75\" \/>\n<meta property=\"article:published_time\" content=\"2024-10-22T04:23:37+00:00\" \/>\n<meta property=\"article:modified_time\" content=\"2024-10-23T07:09:45+00:00\" \/>\n<meta property=\"og:image\" content=\"https:\/\/www.musikzeitung.ch\/wp-content\/uploads\/2024\/10\/241022seb.jpg\" \/>\n\t<meta property=\"og:image:width\" content=\"935\" \/>\n\t<meta property=\"og:image:height\" content=\"580\" \/>\n\t<meta property=\"og:image:type\" content=\"image\/jpeg\" \/>\n<meta name=\"author\" content=\"Wolfgang B\u00f6hler\" \/>\n<meta name=\"twitter:card\" content=\"summary_large_image\" \/>\n<meta name=\"twitter:creator\" content=\"@smusikzeitung\" \/>\n<meta name=\"twitter:site\" content=\"@smusikzeitung\" \/>\n<meta name=\"twitter:label1\" content=\"Written by\" \/>\n\t<meta name=\"twitter:data1\" content=\"Wolfgang B\u00f6hler\" \/>\n\t<meta name=\"twitter:label2\" content=\"Est. reading time\" \/>\n\t<meta name=\"twitter:data2\" content=\"2 minutes\" \/>\n<script type=\"application\/ld+json\" class=\"yoast-schema-graph\">{\"@context\":\"https:\\\/\\\/schema.org\",\"@graph\":[{\"@type\":\"Article\",\"@id\":\"https:\\\/\\\/www.musikzeitung.ch\\\/news\\\/2024\\\/10\\\/erfolg-fuer-zhdk-alumnus-am-sound-and-film-music-festival#article\",\"isPartOf\":{\"@id\":\"https:\\\/\\\/www.musikzeitung.ch\\\/news\\\/2024\\\/10\\\/erfolg-fuer-zhdk-alumnus-am-sound-and-film-music-festival\"},\"author\":{\"name\":\"Wolfgang B\u00f6hler\",\"@id\":\"https:\\\/\\\/www.musikzeitung.ch\\\/#\\\/schema\\\/person\\\/0da4fb82d243f1252850a35d0e87cf0c\"},\"headline\":\"Erfolg f\u00fcr ZHdK-Alumnus am Sound and Film Music Festival\",\"datePublished\":\"2024-10-22T04:23:37+00:00\",\"dateModified\":\"2024-10-23T07:09:45+00:00\",\"mainEntityOfPage\":{\"@id\":\"https:\\\/\\\/www.musikzeitung.ch\\\/news\\\/2024\\\/10\\\/erfolg-fuer-zhdk-alumnus-am-sound-and-film-music-festival\"},\"wordCount\":170,\"publisher\":{\"@id\":\"https:\\\/\\\/www.musikzeitung.ch\\\/#organization\"},\"image\":{\"@id\":\"https:\\\/\\\/www.musikzeitung.ch\\\/news\\\/2024\\\/10\\\/erfolg-fuer-zhdk-alumnus-am-sound-and-film-music-festival#primaryimage\"},\"thumbnailUrl\":\"https:\\\/\\\/www.musikzeitung.ch\\\/wp-content\\\/uploads\\\/2024\\\/10\\\/241022seb.jpg\",\"keywords\":[\"International Sound and Film Music Festival\",\"Sebastian Androne-Nakanishi\"],\"articleSection\":[\"News\"],\"inLanguage\":\"en-US\"},{\"@type\":\"WebPage\",\"@id\":\"https:\\\/\\\/www.musikzeitung.ch\\\/news\\\/2024\\\/10\\\/erfolg-fuer-zhdk-alumnus-am-sound-and-film-music-festival\",\"url\":\"https:\\\/\\\/www.musikzeitung.ch\\\/news\\\/2024\\\/10\\\/erfolg-fuer-zhdk-alumnus-am-sound-and-film-music-festival\",\"name\":\"Erfolg f\u00fcr ZHdK-Alumnus am Sound and Film Music Festival - Schweizer Musikzeitung\",\"isPartOf\":{\"@id\":\"https:\\\/\\\/www.musikzeitung.ch\\\/#website\"},\"primaryImageOfPage\":{\"@id\":\"https:\\\/\\\/www.musikzeitung.ch\\\/news\\\/2024\\\/10\\\/erfolg-fuer-zhdk-alumnus-am-sound-and-film-music-festival#primaryimage\"},\"image\":{\"@id\":\"https:\\\/\\\/www.musikzeitung.ch\\\/news\\\/2024\\\/10\\\/erfolg-fuer-zhdk-alumnus-am-sound-and-film-music-festival#primaryimage\"},\"thumbnailUrl\":\"https:\\\/\\\/www.musikzeitung.ch\\\/wp-content\\\/uploads\\\/2024\\\/10\\\/241022seb.jpg\",\"datePublished\":\"2024-10-22T04:23:37+00:00\",\"dateModified\":\"2024-10-23T07:09:45+00:00\",\"description\":\"Sebastian Androne-Nakanishi gewinnt am International Sound and Film Music Festival den Crystal Pine Award for Best Original Score in a Feature Film.\",\"breadcrumb\":{\"@id\":\"https:\\\/\\\/www.musikzeitung.ch\\\/news\\\/2024\\\/10\\\/erfolg-fuer-zhdk-alumnus-am-sound-and-film-music-festival#breadcrumb\"},\"inLanguage\":\"en-US\",\"potentialAction\":[{\"@type\":\"ReadAction\",\"target\":[\"https:\\\/\\\/www.musikzeitung.ch\\\/news\\\/2024\\\/10\\\/erfolg-fuer-zhdk-alumnus-am-sound-and-film-music-festival\"]}]},{\"@type\":\"ImageObject\",\"inLanguage\":\"en-US\",\"@id\":\"https:\\\/\\\/www.musikzeitung.ch\\\/news\\\/2024\\\/10\\\/erfolg-fuer-zhdk-alumnus-am-sound-and-film-music-festival#primaryimage\",\"url\":\"https:\\\/\\\/www.musikzeitung.ch\\\/wp-content\\\/uploads\\\/2024\\\/10\\\/241022seb.jpg\",\"contentUrl\":\"https:\\\/\\\/www.musikzeitung.ch\\\/wp-content\\\/uploads\\\/2024\\\/10\\\/241022seb.jpg\",\"width\":935,\"height\":580,\"caption\":\"Sebastian Androne-Nakanishi (Bild: Florin Ghenadie)\"},{\"@type\":\"BreadcrumbList\",\"@id\":\"https:\\\/\\\/www.musikzeitung.ch\\\/news\\\/2024\\\/10\\\/erfolg-fuer-zhdk-alumnus-am-sound-and-film-music-festival#breadcrumb\",\"itemListElement\":[{\"@type\":\"ListItem\",\"position\":1,\"name\":\"Home\",\"item\":\"https:\\\/\\\/www.musikzeitung.ch\\\/\"},{\"@type\":\"ListItem\",\"position\":2,\"name\":\"Erfolg f\u00fcr ZHdK-Alumnus am Sound and Film Music Festival\"}]},{\"@type\":\"WebSite\",\"@id\":\"https:\\\/\\\/www.musikzeitung.ch\\\/#website\",\"url\":\"https:\\\/\\\/www.musikzeitung.ch\\\/\",\"name\":\"Schweizer Musikzeitung\",\"description\":\"Die f\u00fchrende sparten\u00fcbergreifende Monatszeitung in der Schweiz f\u00fcr musikalische Fragen.\",\"publisher\":{\"@id\":\"https:\\\/\\\/www.musikzeitung.ch\\\/#organization\"},\"potentialAction\":[{\"@type\":\"SearchAction\",\"target\":{\"@type\":\"EntryPoint\",\"urlTemplate\":\"https:\\\/\\\/www.musikzeitung.ch\\\/?s={search_term_string}\"},\"query-input\":{\"@type\":\"PropertyValueSpecification\",\"valueRequired\":true,\"valueName\":\"search_term_string\"}}],\"inLanguage\":\"en-US\"},{\"@type\":\"Organization\",\"@id\":\"https:\\\/\\\/www.musikzeitung.ch\\\/#organization\",\"name\":\"Schweizer Musikzeitung\",\"url\":\"https:\\\/\\\/www.musikzeitung.ch\\\/\",\"logo\":{\"@type\":\"ImageObject\",\"inLanguage\":\"en-US\",\"@id\":\"https:\\\/\\\/www.musikzeitung.ch\\\/#\\\/schema\\\/logo\\\/image\\\/\",\"url\":\"https:\\\/\\\/www.musikzeitung.ch\\\/wp-content\\\/uploads\\\/2023\\\/01\\\/SMZ_Schriftzug_Sprache.png\",\"contentUrl\":\"https:\\\/\\\/www.musikzeitung.ch\\\/wp-content\\\/uploads\\\/2023\\\/01\\\/SMZ_Schriftzug_Sprache.png\",\"width\":1400,\"height\":279,\"caption\":\"Schweizer Musikzeitung\"},\"image\":{\"@id\":\"https:\\\/\\\/www.musikzeitung.ch\\\/#\\\/schema\\\/logo\\\/image\\\/\"},\"sameAs\":[\"https:\\\/\\\/www.facebook.com\\\/SchweizerMusikzeitung\\\/\",\"https:\\\/\\\/x.com\\\/smusikzeitung\",\"https:\\\/\\\/www.instagram.com\\\/musikzeitung.ch\\\/\"]},{\"@type\":\"Person\",\"@id\":\"https:\\\/\\\/www.musikzeitung.ch\\\/#\\\/schema\\\/person\\\/0da4fb82d243f1252850a35d0e87cf0c\",\"name\":\"Wolfgang B\u00f6hler\",\"image\":{\"@type\":\"ImageObject\",\"inLanguage\":\"en-US\",\"@id\":\"https:\\\/\\\/www.musikzeitung.ch\\\/wp-content\\\/uploads\\\/2023\\\/01\\\/boehler_portraet_web-e1674139782246-96x96.jpg\",\"url\":\"https:\\\/\\\/www.musikzeitung.ch\\\/wp-content\\\/uploads\\\/2023\\\/01\\\/boehler_portraet_web-e1674139782246-96x96.jpg\",\"contentUrl\":\"https:\\\/\\\/www.musikzeitung.ch\\\/wp-content\\\/uploads\\\/2023\\\/01\\\/boehler_portraet_web-e1674139782246-96x96.jpg\",\"caption\":\"Wolfgang B\u00f6hler\"},\"sameAs\":[\"http:\\\/\\\/www.manacanto.ch\",\"https:\\\/\\\/www.facebook.com\\\/wolfgang.bohler.75\"],\"url\":\"https:\\\/\\\/www.musikzeitung.ch\\\/en\\\/author\\\/wolfgang-boehler\"}]}<\/script>\n<!-- \/ Yoast SEO plugin. -->","yoast_head_json":{"title":"Erfolg f\u00fcr ZHdK-Alumnus am Sound and Film Music Festival - Schweizer Musikzeitung","description":"Sebastian Androne-Nakanishi gewinnt am International Sound and Film Music Festival den Crystal Pine Award for Best Original Score in a Feature Film.","robots":{"index":"index","follow":"follow","max-snippet":"max-snippet:-1","max-image-preview":"max-image-preview:large","max-video-preview":"max-video-preview:-1"},"canonical":"https:\/\/www.musikzeitung.ch\/en\/news\/2024\/10\/erfolg-fuer-zhdk-alumnus-am-sound-and-film-music-festival\/","og_locale":"en_US","og_type":"article","og_title":"Erfolg f\u00fcr ZHdK-Alumnus am Sound and Film Music Festival - Schweizer Musikzeitung","og_description":"Sebastian Androne-Nakanishi gewinnt am International Sound and Film Music Festival den Crystal Pine Award for Best Original Score in a Feature Film.","og_url":"https:\/\/www.musikzeitung.ch\/en\/news\/2024\/10\/erfolg-fuer-zhdk-alumnus-am-sound-and-film-music-festival\/","og_site_name":"Schweizer Musikzeitung","article_publisher":"https:\/\/www.facebook.com\/SchweizerMusikzeitung\/","article_author":"https:\/\/www.facebook.com\/wolfgang.bohler.75","article_published_time":"2024-10-22T04:23:37+00:00","article_modified_time":"2024-10-23T07:09:45+00:00","og_image":[{"width":935,"height":580,"url":"https:\/\/www.musikzeitung.ch\/wp-content\/uploads\/2024\/10\/241022seb.jpg","type":"image\/jpeg"}],"author":"Wolfgang B\u00f6hler","twitter_card":"summary_large_image","twitter_creator":"@smusikzeitung","twitter_site":"@smusikzeitung","twitter_misc":{"Written by":"Wolfgang B\u00f6hler","Est. reading time":"2 minutes"},"schema":{"@context":"https:\/\/schema.org","@graph":[{"@type":"Article","@id":"https:\/\/www.musikzeitung.ch\/news\/2024\/10\/erfolg-fuer-zhdk-alumnus-am-sound-and-film-music-festival#article","isPartOf":{"@id":"https:\/\/www.musikzeitung.ch\/news\/2024\/10\/erfolg-fuer-zhdk-alumnus-am-sound-and-film-music-festival"},"author":{"name":"Wolfgang B\u00f6hler","@id":"https:\/\/www.musikzeitung.ch\/#\/schema\/person\/0da4fb82d243f1252850a35d0e87cf0c"},"headline":"Erfolg f\u00fcr ZHdK-Alumnus am Sound and Film Music Festival","datePublished":"2024-10-22T04:23:37+00:00","dateModified":"2024-10-23T07:09:45+00:00","mainEntityOfPage":{"@id":"https:\/\/www.musikzeitung.ch\/news\/2024\/10\/erfolg-fuer-zhdk-alumnus-am-sound-and-film-music-festival"},"wordCount":170,"publisher":{"@id":"https:\/\/www.musikzeitung.ch\/#organization"},"image":{"@id":"https:\/\/www.musikzeitung.ch\/news\/2024\/10\/erfolg-fuer-zhdk-alumnus-am-sound-and-film-music-festival#primaryimage"},"thumbnailUrl":"https:\/\/www.musikzeitung.ch\/wp-content\/uploads\/2024\/10\/241022seb.jpg","keywords":["International Sound and Film Music Festival","Sebastian Androne-Nakanishi"],"articleSection":["News"],"inLanguage":"en-US"},{"@type":"WebPage","@id":"https:\/\/www.musikzeitung.ch\/news\/2024\/10\/erfolg-fuer-zhdk-alumnus-am-sound-and-film-music-festival","url":"https:\/\/www.musikzeitung.ch\/news\/2024\/10\/erfolg-fuer-zhdk-alumnus-am-sound-and-film-music-festival","name":"Erfolg f\u00fcr ZHdK-Alumnus am Sound and Film Music Festival - Schweizer Musikzeitung","isPartOf":{"@id":"https:\/\/www.musikzeitung.ch\/#website"},"primaryImageOfPage":{"@id":"https:\/\/www.musikzeitung.ch\/news\/2024\/10\/erfolg-fuer-zhdk-alumnus-am-sound-and-film-music-festival#primaryimage"},"image":{"@id":"https:\/\/www.musikzeitung.ch\/news\/2024\/10\/erfolg-fuer-zhdk-alumnus-am-sound-and-film-music-festival#primaryimage"},"thumbnailUrl":"https:\/\/www.musikzeitung.ch\/wp-content\/uploads\/2024\/10\/241022seb.jpg","datePublished":"2024-10-22T04:23:37+00:00","dateModified":"2024-10-23T07:09:45+00:00","description":"Sebastian Androne-Nakanishi gewinnt am International Sound and Film Music Festival den Crystal Pine Award for Best Original Score in a Feature Film.","breadcrumb":{"@id":"https:\/\/www.musikzeitung.ch\/news\/2024\/10\/erfolg-fuer-zhdk-alumnus-am-sound-and-film-music-festival#breadcrumb"},"inLanguage":"en-US","potentialAction":[{"@type":"ReadAction","target":["https:\/\/www.musikzeitung.ch\/news\/2024\/10\/erfolg-fuer-zhdk-alumnus-am-sound-and-film-music-festival"]}]},{"@type":"ImageObject","inLanguage":"en-US","@id":"https:\/\/www.musikzeitung.ch\/news\/2024\/10\/erfolg-fuer-zhdk-alumnus-am-sound-and-film-music-festival#primaryimage","url":"https:\/\/www.musikzeitung.ch\/wp-content\/uploads\/2024\/10\/241022seb.jpg","contentUrl":"https:\/\/www.musikzeitung.ch\/wp-content\/uploads\/2024\/10\/241022seb.jpg","width":935,"height":580,"caption":"Sebastian Androne-Nakanishi (Bild: Florin Ghenadie)"},{"@type":"BreadcrumbList","@id":"https:\/\/www.musikzeitung.ch\/news\/2024\/10\/erfolg-fuer-zhdk-alumnus-am-sound-and-film-music-festival#breadcrumb","itemListElement":[{"@type":"ListItem","position":1,"name":"Home","item":"https:\/\/www.musikzeitung.ch\/"},{"@type":"ListItem","position":2,"name":"Erfolg f\u00fcr ZHdK-Alumnus am Sound and Film Music Festival"}]},{"@type":"WebSite","@id":"https:\/\/www.musikzeitung.ch\/#website","url":"https:\/\/www.musikzeitung.ch\/","name":"Swiss Music Newspaper","description":"The leading interdisciplinary monthly newspaper in Switzerland for musical issues.","publisher":{"@id":"https:\/\/www.musikzeitung.ch\/#organization"},"potentialAction":[{"@type":"SearchAction","target":{"@type":"EntryPoint","urlTemplate":"https:\/\/www.musikzeitung.ch\/?s={search_term_string}"},"query-input":{"@type":"PropertyValueSpecification","valueRequired":true,"valueName":"search_term_string"}}],"inLanguage":"en-US"},{"@type":"Organization","@id":"https:\/\/www.musikzeitung.ch\/#organization","name":"Swiss Music Newspaper","url":"https:\/\/www.musikzeitung.ch\/","logo":{"@type":"ImageObject","inLanguage":"en-US","@id":"https:\/\/www.musikzeitung.ch\/#\/schema\/logo\/image\/","url":"https:\/\/www.musikzeitung.ch\/wp-content\/uploads\/2023\/01\/SMZ_Schriftzug_Sprache.png","contentUrl":"https:\/\/www.musikzeitung.ch\/wp-content\/uploads\/2023\/01\/SMZ_Schriftzug_Sprache.png","width":1400,"height":279,"caption":"Schweizer Musikzeitung"},"image":{"@id":"https:\/\/www.musikzeitung.ch\/#\/schema\/logo\/image\/"},"sameAs":["https:\/\/www.facebook.com\/SchweizerMusikzeitung\/","https:\/\/x.com\/smusikzeitung","https:\/\/www.instagram.com\/musikzeitung.ch\/"]},{"@type":"Person","@id":"https:\/\/www.musikzeitung.ch\/#\/schema\/person\/0da4fb82d243f1252850a35d0e87cf0c","name":"Wolfgang B\u00f6hler","image":{"@type":"ImageObject","inLanguage":"en-US","@id":"https:\/\/www.musikzeitung.ch\/wp-content\/uploads\/2023\/01\/boehler_portraet_web-e1674139782246-96x96.jpg","url":"https:\/\/www.musikzeitung.ch\/wp-content\/uploads\/2023\/01\/boehler_portraet_web-e1674139782246-96x96.jpg","contentUrl":"https:\/\/www.musikzeitung.ch\/wp-content\/uploads\/2023\/01\/boehler_portraet_web-e1674139782246-96x96.jpg","caption":"Wolfgang B\u00f6hler"},"sameAs":["http:\/\/www.manacanto.ch","https:\/\/www.facebook.com\/wolfgang.bohler.75"],"url":"https:\/\/www.musikzeitung.ch\/en\/author\/wolfgang-boehler"}]}},"publishpress_future_workflow_manual_trigger":{"enabledWorkflows":[]},"_links":{"self":[{"href":"https:\/\/www.musikzeitung.ch\/en\/wp-json\/wp\/v2\/posts\/59738","targetHints":{"allow":["GET"]}}],"collection":[{"href":"https:\/\/www.musikzeitung.ch\/en\/wp-json\/wp\/v2\/posts"}],"about":[{"href":"https:\/\/www.musikzeitung.ch\/en\/wp-json\/wp\/v2\/types\/post"}],"author":[{"embeddable":true,"href":"https:\/\/www.musikzeitung.ch\/en\/wp-json\/wp\/v2\/users\/30"}],"replies":[{"embeddable":true,"href":"https:\/\/www.musikzeitung.ch\/en\/wp-json\/wp\/v2\/comments?post=59738"}],"version-history":[{"count":4,"href":"https:\/\/www.musikzeitung.ch\/en\/wp-json\/wp\/v2\/posts\/59738\/revisions"}],"predecessor-version":[{"id":59773,"href":"https:\/\/www.musikzeitung.ch\/en\/wp-json\/wp\/v2\/posts\/59738\/revisions\/59773"}],"wp:featuredmedia":[{"embeddable":true,"href":"https:\/\/www.musikzeitung.ch\/en\/wp-json\/wp\/v2\/media\/59739"}],"wp:attachment":[{"href":"https:\/\/www.musikzeitung.ch\/en\/wp-json\/wp\/v2\/media?parent=59738"}],"wp:term":[{"taxonomy":"category","embeddable":true,"href":"https:\/\/www.musikzeitung.ch\/en\/wp-json\/wp\/v2\/categories?post=59738"},{"taxonomy":"post_tag","embeddable":true,"href":"https:\/\/www.musikzeitung.ch\/en\/wp-json\/wp\/v2\/tags?post=59738"}],"curies":[{"name":"wp","href":"https:\/\/api.w.org\/{rel}","templated":true}]}}