{"id":60007,"date":"2024-10-31T09:43:36","date_gmt":"2024-10-31T08:43:36","guid":{"rendered":"https:\/\/www.musikzeitung.ch\/?p=60007"},"modified":"2024-10-31T11:24:18","modified_gmt":"2024-10-31T10:24:18","slug":"albisetti-und-de-azevedo-gewinnen-genfer-kompositionspreis","status":"publish","type":"post","link":"https:\/\/www.musikzeitung.ch\/en\/news\/2024\/10\/albisetti-und-de-azevedo-gewinnen-genfer-kompositionspreis","title":{"rendered":"Albisetti and de Azevedo win the Geneva Composition Prize"},"content":{"rendered":"<figure id=\"attachment_60008\" aria-describedby=\"caption-attachment-60008\" style=\"width: 933px\" class=\"wp-caption alignnone\"><img loading=\"lazy\" decoding=\"async\" class=\"wp-image-60008 size-full\" src=\"https:\/\/www.musikzeitung.ch\/wp-content\/uploads\/2024\/10\/241031gdg.jpg\" alt=\"\" width=\"933\" height=\"583\" srcset=\"https:\/\/www.musikzeitung.ch\/wp-content\/uploads\/2024\/10\/241031gdg.jpg 933w, https:\/\/www.musikzeitung.ch\/wp-content\/uploads\/2024\/10\/241031gdg-300x187.jpg 300w, https:\/\/www.musikzeitung.ch\/wp-content\/uploads\/2024\/10\/241031gdg-768x480.jpg 768w, https:\/\/www.musikzeitung.ch\/wp-content\/uploads\/2024\/10\/241031gdg-18x12.jpg 18w, https:\/\/www.musikzeitung.ch\/wp-content\/uploads\/2024\/10\/241031gdg-280x175.jpg 280w, https:\/\/www.musikzeitung.ch\/wp-content\/uploads\/2024\/10\/241031gdg-560x350.jpg 560w, https:\/\/www.musikzeitung.ch\/wp-content\/uploads\/2024\/10\/241031gdg-920x575.jpg 920w\" sizes=\"auto, (max-width: 933px) 100vw, 933px\" \/><figcaption id=\"caption-attachment-60008\" class=\"wp-caption-text\">From left: L\u00e9o Albisetti, Sang-min Ryu and Caio de Azevedo. Photo: Concours de Gen\u00e8ve<\/figcaption><\/figure>\n<p>The prizes are endowed with 15,000 francs each. South Korean Sang-min Ryu, who was also awarded the Nicati De Luze Special Prize, came third.<\/p>\n<p>Caio de Azevedo holds a master's degree in composition from the Musikhochschule M\u00fcnchen, where he studied with Moritz Eggert. In 2023 he was a resident at the Cit\u00e9 des Arts in Paris. As a Brazilian composer living in Germany, the works have been performed by ensembles such as the MIVOS Quartet, Ensemble Recherche and the Staatsorchester Rheinische Philharmonie. He has composed numerous works, including the music theater piece <em>Finita<\/em> (2018) and the ballet in three acts for orchestra <em>Macbeth<\/em> (2019).<\/p>\n<p>L\u00e9o Albisetti was born in Switzerland in 1997 and began his musical education with the piano. At the age of 19, he joined the composition class of Michael Jarrell, Luis Na\u00f3n, Eric Daubresse and Gilbert Nouno at the Geneva University of Music. There he received a bachelor's degree and later a master's degree in mixed composition. He mainly composes for chamber music ensembles, but also for orchestra, harmony music, electronics and theater pieces.<\/p>\n<p>&nbsp;<\/p>\n<p>&nbsp;<\/p>\n<p>&nbsp;<\/p>\n<p>&nbsp;<\/p>","protected":false},"excerpt":{"rendered":"<p>The Swiss L\u00e9o Albisetti and the Brazilian Caio de Azevedo have won first prize ex aequo in the composition category of this year's Concours de Gen\u00e8ve. <\/p>","protected":false},"author":30,"featured_media":60008,"comment_status":"closed","ping_status":"closed","sticky":false,"template":"","format":"standard","meta":{"_acf_changed":false,"_relevanssi_hide_post":"","_relevanssi_hide_content":"","_relevanssi_pin_for_all":"","_relevanssi_pin_keywords":"","_relevanssi_unpin_keywords":"","_relevanssi_related_keywords":"","_relevanssi_related_include_ids":"","_relevanssi_related_exclude_ids":"","_relevanssi_related_no_append":"","_relevanssi_related_not_related":"","_relevanssi_related_posts":"","_relevanssi_noindex_reason":"","pgc_sgb_lightbox_settings":"","footnotes":""},"categories":[27],"tags":[4518,3333,4224,4519],"class_list":["post-60007","post","type-post","status-publish","format-standard","has-post-thumbnail","hentry","category-news","tag-caio-de-azevedo","tag-concours-de-geneve","tag-leo-albisetti","tag-sang-min-ryu"],"acf":[],"yoast_head":"<!-- This site is optimized with the Yoast SEO plugin v27.4 - https:\/\/yoast.com\/product\/yoast-seo-wordpress\/ -->\n<title>Albisetti und de Azevedo gewinnen Genfer Kompositionspreis - Schweizer Musikzeitung<\/title>\n<meta name=\"description\" content=\"Der Schweizer L\u00e9o Albisetti und der Brasilianer Caio de Azevedo haben den ersten Preis ex aequo des diesj\u00e4hrigen Concours de Gen\u00e8ve (Komposition) gewonnen.\" \/>\n<meta name=\"robots\" content=\"index, follow, max-snippet:-1, max-image-preview:large, max-video-preview:-1\" \/>\n<link rel=\"canonical\" href=\"https:\/\/www.musikzeitung.ch\/en\/news\/2024\/10\/albisetti-und-de-azevedo-gewinnen-genfer-kompositionspreis\/\" \/>\n<meta property=\"og:locale\" content=\"en_US\" \/>\n<meta property=\"og:type\" content=\"article\" \/>\n<meta property=\"og:title\" content=\"Albisetti und de Azevedo gewinnen Genfer Kompositionspreis - Schweizer Musikzeitung\" \/>\n<meta property=\"og:description\" content=\"Der Schweizer L\u00e9o Albisetti und der Brasilianer Caio de Azevedo haben den ersten Preis ex aequo des diesj\u00e4hrigen Concours de Gen\u00e8ve (Komposition) gewonnen.\" \/>\n<meta property=\"og:url\" content=\"https:\/\/www.musikzeitung.ch\/en\/news\/2024\/10\/albisetti-und-de-azevedo-gewinnen-genfer-kompositionspreis\/\" \/>\n<meta property=\"og:site_name\" content=\"Schweizer Musikzeitung\" \/>\n<meta property=\"article:publisher\" content=\"https:\/\/www.facebook.com\/SchweizerMusikzeitung\/\" \/>\n<meta property=\"article:author\" content=\"https:\/\/www.facebook.com\/wolfgang.bohler.75\" \/>\n<meta property=\"article:published_time\" content=\"2024-10-31T08:43:36+00:00\" \/>\n<meta property=\"article:modified_time\" content=\"2024-10-31T10:24:18+00:00\" \/>\n<meta property=\"og:image\" content=\"https:\/\/www.musikzeitung.ch\/wp-content\/uploads\/2024\/10\/241031gdg.jpg\" \/>\n\t<meta property=\"og:image:width\" content=\"933\" \/>\n\t<meta property=\"og:image:height\" content=\"583\" \/>\n\t<meta property=\"og:image:type\" content=\"image\/jpeg\" \/>\n<meta name=\"author\" content=\"Wolfgang B\u00f6hler\" \/>\n<meta name=\"twitter:card\" content=\"summary_large_image\" \/>\n<meta name=\"twitter:creator\" content=\"@smusikzeitung\" \/>\n<meta name=\"twitter:site\" content=\"@smusikzeitung\" \/>\n<meta name=\"twitter:label1\" content=\"Written by\" \/>\n\t<meta name=\"twitter:data1\" content=\"Wolfgang B\u00f6hler\" \/>\n\t<meta name=\"twitter:label2\" content=\"Est. reading time\" \/>\n\t<meta name=\"twitter:data2\" content=\"2 minutes\" \/>\n<script type=\"application\/ld+json\" class=\"yoast-schema-graph\">{\"@context\":\"https:\\\/\\\/schema.org\",\"@graph\":[{\"@type\":\"Article\",\"@id\":\"https:\\\/\\\/www.musikzeitung.ch\\\/news\\\/2024\\\/10\\\/albisetti-und-de-azevedo-gewinnen-genfer-kompositionspreis#article\",\"isPartOf\":{\"@id\":\"https:\\\/\\\/www.musikzeitung.ch\\\/news\\\/2024\\\/10\\\/albisetti-und-de-azevedo-gewinnen-genfer-kompositionspreis\"},\"author\":{\"name\":\"Wolfgang B\u00f6hler\",\"@id\":\"https:\\\/\\\/www.musikzeitung.ch\\\/#\\\/schema\\\/person\\\/0da4fb82d243f1252850a35d0e87cf0c\"},\"headline\":\"Albisetti und de Azevedo gewinnen Genfer Kompositionspreis\",\"datePublished\":\"2024-10-31T08:43:36+00:00\",\"dateModified\":\"2024-10-31T10:24:18+00:00\",\"mainEntityOfPage\":{\"@id\":\"https:\\\/\\\/www.musikzeitung.ch\\\/news\\\/2024\\\/10\\\/albisetti-und-de-azevedo-gewinnen-genfer-kompositionspreis\"},\"wordCount\":201,\"publisher\":{\"@id\":\"https:\\\/\\\/www.musikzeitung.ch\\\/#organization\"},\"image\":{\"@id\":\"https:\\\/\\\/www.musikzeitung.ch\\\/news\\\/2024\\\/10\\\/albisetti-und-de-azevedo-gewinnen-genfer-kompositionspreis#primaryimage\"},\"thumbnailUrl\":\"https:\\\/\\\/www.musikzeitung.ch\\\/wp-content\\\/uploads\\\/2024\\\/10\\\/241031gdg.jpg\",\"keywords\":[\"Caio de Azevedo\",\"Concours de Gen\u00e8ve\",\"L\u00e9o Albisetti\",\"Sang-min Ryu\"],\"articleSection\":[\"News\"],\"inLanguage\":\"en-US\"},{\"@type\":\"WebPage\",\"@id\":\"https:\\\/\\\/www.musikzeitung.ch\\\/news\\\/2024\\\/10\\\/albisetti-und-de-azevedo-gewinnen-genfer-kompositionspreis\",\"url\":\"https:\\\/\\\/www.musikzeitung.ch\\\/news\\\/2024\\\/10\\\/albisetti-und-de-azevedo-gewinnen-genfer-kompositionspreis\",\"name\":\"Albisetti und de Azevedo gewinnen Genfer Kompositionspreis - Schweizer Musikzeitung\",\"isPartOf\":{\"@id\":\"https:\\\/\\\/www.musikzeitung.ch\\\/#website\"},\"primaryImageOfPage\":{\"@id\":\"https:\\\/\\\/www.musikzeitung.ch\\\/news\\\/2024\\\/10\\\/albisetti-und-de-azevedo-gewinnen-genfer-kompositionspreis#primaryimage\"},\"image\":{\"@id\":\"https:\\\/\\\/www.musikzeitung.ch\\\/news\\\/2024\\\/10\\\/albisetti-und-de-azevedo-gewinnen-genfer-kompositionspreis#primaryimage\"},\"thumbnailUrl\":\"https:\\\/\\\/www.musikzeitung.ch\\\/wp-content\\\/uploads\\\/2024\\\/10\\\/241031gdg.jpg\",\"datePublished\":\"2024-10-31T08:43:36+00:00\",\"dateModified\":\"2024-10-31T10:24:18+00:00\",\"description\":\"Der Schweizer L\u00e9o Albisetti und der Brasilianer Caio de Azevedo haben den ersten Preis ex aequo des diesj\u00e4hrigen Concours de Gen\u00e8ve (Komposition) gewonnen.\",\"breadcrumb\":{\"@id\":\"https:\\\/\\\/www.musikzeitung.ch\\\/news\\\/2024\\\/10\\\/albisetti-und-de-azevedo-gewinnen-genfer-kompositionspreis#breadcrumb\"},\"inLanguage\":\"en-US\",\"potentialAction\":[{\"@type\":\"ReadAction\",\"target\":[\"https:\\\/\\\/www.musikzeitung.ch\\\/news\\\/2024\\\/10\\\/albisetti-und-de-azevedo-gewinnen-genfer-kompositionspreis\"]}]},{\"@type\":\"ImageObject\",\"inLanguage\":\"en-US\",\"@id\":\"https:\\\/\\\/www.musikzeitung.ch\\\/news\\\/2024\\\/10\\\/albisetti-und-de-azevedo-gewinnen-genfer-kompositionspreis#primaryimage\",\"url\":\"https:\\\/\\\/www.musikzeitung.ch\\\/wp-content\\\/uploads\\\/2024\\\/10\\\/241031gdg.jpg\",\"contentUrl\":\"https:\\\/\\\/www.musikzeitung.ch\\\/wp-content\\\/uploads\\\/2024\\\/10\\\/241031gdg.jpg\",\"width\":933,\"height\":583},{\"@type\":\"BreadcrumbList\",\"@id\":\"https:\\\/\\\/www.musikzeitung.ch\\\/news\\\/2024\\\/10\\\/albisetti-und-de-azevedo-gewinnen-genfer-kompositionspreis#breadcrumb\",\"itemListElement\":[{\"@type\":\"ListItem\",\"position\":1,\"name\":\"Home\",\"item\":\"https:\\\/\\\/www.musikzeitung.ch\\\/\"},{\"@type\":\"ListItem\",\"position\":2,\"name\":\"Albisetti und de Azevedo gewinnen Genfer Kompositionspreis\"}]},{\"@type\":\"WebSite\",\"@id\":\"https:\\\/\\\/www.musikzeitung.ch\\\/#website\",\"url\":\"https:\\\/\\\/www.musikzeitung.ch\\\/\",\"name\":\"Schweizer Musikzeitung\",\"description\":\"Die f\u00fchrende sparten\u00fcbergreifende Monatszeitung in der Schweiz f\u00fcr musikalische Fragen.\",\"publisher\":{\"@id\":\"https:\\\/\\\/www.musikzeitung.ch\\\/#organization\"},\"potentialAction\":[{\"@type\":\"SearchAction\",\"target\":{\"@type\":\"EntryPoint\",\"urlTemplate\":\"https:\\\/\\\/www.musikzeitung.ch\\\/?s={search_term_string}\"},\"query-input\":{\"@type\":\"PropertyValueSpecification\",\"valueRequired\":true,\"valueName\":\"search_term_string\"}}],\"inLanguage\":\"en-US\"},{\"@type\":\"Organization\",\"@id\":\"https:\\\/\\\/www.musikzeitung.ch\\\/#organization\",\"name\":\"Schweizer Musikzeitung\",\"url\":\"https:\\\/\\\/www.musikzeitung.ch\\\/\",\"logo\":{\"@type\":\"ImageObject\",\"inLanguage\":\"en-US\",\"@id\":\"https:\\\/\\\/www.musikzeitung.ch\\\/#\\\/schema\\\/logo\\\/image\\\/\",\"url\":\"https:\\\/\\\/www.musikzeitung.ch\\\/wp-content\\\/uploads\\\/2023\\\/01\\\/SMZ_Schriftzug_Sprache.png\",\"contentUrl\":\"https:\\\/\\\/www.musikzeitung.ch\\\/wp-content\\\/uploads\\\/2023\\\/01\\\/SMZ_Schriftzug_Sprache.png\",\"width\":1400,\"height\":279,\"caption\":\"Schweizer Musikzeitung\"},\"image\":{\"@id\":\"https:\\\/\\\/www.musikzeitung.ch\\\/#\\\/schema\\\/logo\\\/image\\\/\"},\"sameAs\":[\"https:\\\/\\\/www.facebook.com\\\/SchweizerMusikzeitung\\\/\",\"https:\\\/\\\/x.com\\\/smusikzeitung\",\"https:\\\/\\\/www.instagram.com\\\/musikzeitung.ch\\\/\"]},{\"@type\":\"Person\",\"@id\":\"https:\\\/\\\/www.musikzeitung.ch\\\/#\\\/schema\\\/person\\\/0da4fb82d243f1252850a35d0e87cf0c\",\"name\":\"Wolfgang B\u00f6hler\",\"image\":{\"@type\":\"ImageObject\",\"inLanguage\":\"en-US\",\"@id\":\"https:\\\/\\\/www.musikzeitung.ch\\\/wp-content\\\/uploads\\\/2023\\\/01\\\/boehler_portraet_web-e1674139782246-96x96.jpg\",\"url\":\"https:\\\/\\\/www.musikzeitung.ch\\\/wp-content\\\/uploads\\\/2023\\\/01\\\/boehler_portraet_web-e1674139782246-96x96.jpg\",\"contentUrl\":\"https:\\\/\\\/www.musikzeitung.ch\\\/wp-content\\\/uploads\\\/2023\\\/01\\\/boehler_portraet_web-e1674139782246-96x96.jpg\",\"caption\":\"Wolfgang B\u00f6hler\"},\"sameAs\":[\"http:\\\/\\\/www.manacanto.ch\",\"https:\\\/\\\/www.facebook.com\\\/wolfgang.bohler.75\"],\"url\":\"https:\\\/\\\/www.musikzeitung.ch\\\/en\\\/author\\\/wolfgang-boehler\"}]}<\/script>\n<!-- \/ Yoast SEO plugin. -->","yoast_head_json":{"title":"Albisetti und de Azevedo gewinnen Genfer Kompositionspreis - Schweizer Musikzeitung","description":"Der Schweizer L\u00e9o Albisetti und der Brasilianer Caio de Azevedo haben den ersten Preis ex aequo des diesj\u00e4hrigen Concours de Gen\u00e8ve (Komposition) gewonnen.","robots":{"index":"index","follow":"follow","max-snippet":"max-snippet:-1","max-image-preview":"max-image-preview:large","max-video-preview":"max-video-preview:-1"},"canonical":"https:\/\/www.musikzeitung.ch\/en\/news\/2024\/10\/albisetti-und-de-azevedo-gewinnen-genfer-kompositionspreis\/","og_locale":"en_US","og_type":"article","og_title":"Albisetti und de Azevedo gewinnen Genfer Kompositionspreis - Schweizer Musikzeitung","og_description":"Der Schweizer L\u00e9o Albisetti und der Brasilianer Caio de Azevedo haben den ersten Preis ex aequo des diesj\u00e4hrigen Concours de Gen\u00e8ve (Komposition) gewonnen.","og_url":"https:\/\/www.musikzeitung.ch\/en\/news\/2024\/10\/albisetti-und-de-azevedo-gewinnen-genfer-kompositionspreis\/","og_site_name":"Schweizer Musikzeitung","article_publisher":"https:\/\/www.facebook.com\/SchweizerMusikzeitung\/","article_author":"https:\/\/www.facebook.com\/wolfgang.bohler.75","article_published_time":"2024-10-31T08:43:36+00:00","article_modified_time":"2024-10-31T10:24:18+00:00","og_image":[{"width":933,"height":583,"url":"https:\/\/www.musikzeitung.ch\/wp-content\/uploads\/2024\/10\/241031gdg.jpg","type":"image\/jpeg"}],"author":"Wolfgang B\u00f6hler","twitter_card":"summary_large_image","twitter_creator":"@smusikzeitung","twitter_site":"@smusikzeitung","twitter_misc":{"Written by":"Wolfgang B\u00f6hler","Est. reading time":"2 minutes"},"schema":{"@context":"https:\/\/schema.org","@graph":[{"@type":"Article","@id":"https:\/\/www.musikzeitung.ch\/news\/2024\/10\/albisetti-und-de-azevedo-gewinnen-genfer-kompositionspreis#article","isPartOf":{"@id":"https:\/\/www.musikzeitung.ch\/news\/2024\/10\/albisetti-und-de-azevedo-gewinnen-genfer-kompositionspreis"},"author":{"name":"Wolfgang B\u00f6hler","@id":"https:\/\/www.musikzeitung.ch\/#\/schema\/person\/0da4fb82d243f1252850a35d0e87cf0c"},"headline":"Albisetti und de Azevedo gewinnen Genfer Kompositionspreis","datePublished":"2024-10-31T08:43:36+00:00","dateModified":"2024-10-31T10:24:18+00:00","mainEntityOfPage":{"@id":"https:\/\/www.musikzeitung.ch\/news\/2024\/10\/albisetti-und-de-azevedo-gewinnen-genfer-kompositionspreis"},"wordCount":201,"publisher":{"@id":"https:\/\/www.musikzeitung.ch\/#organization"},"image":{"@id":"https:\/\/www.musikzeitung.ch\/news\/2024\/10\/albisetti-und-de-azevedo-gewinnen-genfer-kompositionspreis#primaryimage"},"thumbnailUrl":"https:\/\/www.musikzeitung.ch\/wp-content\/uploads\/2024\/10\/241031gdg.jpg","keywords":["Caio de Azevedo","Concours de Gen\u00e8ve","L\u00e9o Albisetti","Sang-min Ryu"],"articleSection":["News"],"inLanguage":"en-US"},{"@type":"WebPage","@id":"https:\/\/www.musikzeitung.ch\/news\/2024\/10\/albisetti-und-de-azevedo-gewinnen-genfer-kompositionspreis","url":"https:\/\/www.musikzeitung.ch\/news\/2024\/10\/albisetti-und-de-azevedo-gewinnen-genfer-kompositionspreis","name":"Albisetti und de Azevedo gewinnen Genfer Kompositionspreis - Schweizer Musikzeitung","isPartOf":{"@id":"https:\/\/www.musikzeitung.ch\/#website"},"primaryImageOfPage":{"@id":"https:\/\/www.musikzeitung.ch\/news\/2024\/10\/albisetti-und-de-azevedo-gewinnen-genfer-kompositionspreis#primaryimage"},"image":{"@id":"https:\/\/www.musikzeitung.ch\/news\/2024\/10\/albisetti-und-de-azevedo-gewinnen-genfer-kompositionspreis#primaryimage"},"thumbnailUrl":"https:\/\/www.musikzeitung.ch\/wp-content\/uploads\/2024\/10\/241031gdg.jpg","datePublished":"2024-10-31T08:43:36+00:00","dateModified":"2024-10-31T10:24:18+00:00","description":"Der Schweizer L\u00e9o Albisetti und der Brasilianer Caio de Azevedo haben den ersten Preis ex aequo des diesj\u00e4hrigen Concours de Gen\u00e8ve (Komposition) gewonnen.","breadcrumb":{"@id":"https:\/\/www.musikzeitung.ch\/news\/2024\/10\/albisetti-und-de-azevedo-gewinnen-genfer-kompositionspreis#breadcrumb"},"inLanguage":"en-US","potentialAction":[{"@type":"ReadAction","target":["https:\/\/www.musikzeitung.ch\/news\/2024\/10\/albisetti-und-de-azevedo-gewinnen-genfer-kompositionspreis"]}]},{"@type":"ImageObject","inLanguage":"en-US","@id":"https:\/\/www.musikzeitung.ch\/news\/2024\/10\/albisetti-und-de-azevedo-gewinnen-genfer-kompositionspreis#primaryimage","url":"https:\/\/www.musikzeitung.ch\/wp-content\/uploads\/2024\/10\/241031gdg.jpg","contentUrl":"https:\/\/www.musikzeitung.ch\/wp-content\/uploads\/2024\/10\/241031gdg.jpg","width":933,"height":583},{"@type":"BreadcrumbList","@id":"https:\/\/www.musikzeitung.ch\/news\/2024\/10\/albisetti-und-de-azevedo-gewinnen-genfer-kompositionspreis#breadcrumb","itemListElement":[{"@type":"ListItem","position":1,"name":"Home","item":"https:\/\/www.musikzeitung.ch\/"},{"@type":"ListItem","position":2,"name":"Albisetti und de Azevedo gewinnen Genfer Kompositionspreis"}]},{"@type":"WebSite","@id":"https:\/\/www.musikzeitung.ch\/#website","url":"https:\/\/www.musikzeitung.ch\/","name":"Swiss Music Newspaper","description":"The leading interdisciplinary monthly newspaper in Switzerland for musical issues.","publisher":{"@id":"https:\/\/www.musikzeitung.ch\/#organization"},"potentialAction":[{"@type":"SearchAction","target":{"@type":"EntryPoint","urlTemplate":"https:\/\/www.musikzeitung.ch\/?s={search_term_string}"},"query-input":{"@type":"PropertyValueSpecification","valueRequired":true,"valueName":"search_term_string"}}],"inLanguage":"en-US"},{"@type":"Organization","@id":"https:\/\/www.musikzeitung.ch\/#organization","name":"Swiss Music Newspaper","url":"https:\/\/www.musikzeitung.ch\/","logo":{"@type":"ImageObject","inLanguage":"en-US","@id":"https:\/\/www.musikzeitung.ch\/#\/schema\/logo\/image\/","url":"https:\/\/www.musikzeitung.ch\/wp-content\/uploads\/2023\/01\/SMZ_Schriftzug_Sprache.png","contentUrl":"https:\/\/www.musikzeitung.ch\/wp-content\/uploads\/2023\/01\/SMZ_Schriftzug_Sprache.png","width":1400,"height":279,"caption":"Schweizer Musikzeitung"},"image":{"@id":"https:\/\/www.musikzeitung.ch\/#\/schema\/logo\/image\/"},"sameAs":["https:\/\/www.facebook.com\/SchweizerMusikzeitung\/","https:\/\/x.com\/smusikzeitung","https:\/\/www.instagram.com\/musikzeitung.ch\/"]},{"@type":"Person","@id":"https:\/\/www.musikzeitung.ch\/#\/schema\/person\/0da4fb82d243f1252850a35d0e87cf0c","name":"Wolfgang B\u00f6hler","image":{"@type":"ImageObject","inLanguage":"en-US","@id":"https:\/\/www.musikzeitung.ch\/wp-content\/uploads\/2023\/01\/boehler_portraet_web-e1674139782246-96x96.jpg","url":"https:\/\/www.musikzeitung.ch\/wp-content\/uploads\/2023\/01\/boehler_portraet_web-e1674139782246-96x96.jpg","contentUrl":"https:\/\/www.musikzeitung.ch\/wp-content\/uploads\/2023\/01\/boehler_portraet_web-e1674139782246-96x96.jpg","caption":"Wolfgang B\u00f6hler"},"sameAs":["http:\/\/www.manacanto.ch","https:\/\/www.facebook.com\/wolfgang.bohler.75"],"url":"https:\/\/www.musikzeitung.ch\/en\/author\/wolfgang-boehler"}]}},"publishpress_future_workflow_manual_trigger":{"enabledWorkflows":[]},"_links":{"self":[{"href":"https:\/\/www.musikzeitung.ch\/en\/wp-json\/wp\/v2\/posts\/60007","targetHints":{"allow":["GET"]}}],"collection":[{"href":"https:\/\/www.musikzeitung.ch\/en\/wp-json\/wp\/v2\/posts"}],"about":[{"href":"https:\/\/www.musikzeitung.ch\/en\/wp-json\/wp\/v2\/types\/post"}],"author":[{"embeddable":true,"href":"https:\/\/www.musikzeitung.ch\/en\/wp-json\/wp\/v2\/users\/30"}],"replies":[{"embeddable":true,"href":"https:\/\/www.musikzeitung.ch\/en\/wp-json\/wp\/v2\/comments?post=60007"}],"version-history":[{"count":5,"href":"https:\/\/www.musikzeitung.ch\/en\/wp-json\/wp\/v2\/posts\/60007\/revisions"}],"predecessor-version":[{"id":60032,"href":"https:\/\/www.musikzeitung.ch\/en\/wp-json\/wp\/v2\/posts\/60007\/revisions\/60032"}],"wp:featuredmedia":[{"embeddable":true,"href":"https:\/\/www.musikzeitung.ch\/en\/wp-json\/wp\/v2\/media\/60008"}],"wp:attachment":[{"href":"https:\/\/www.musikzeitung.ch\/en\/wp-json\/wp\/v2\/media?parent=60007"}],"wp:term":[{"taxonomy":"category","embeddable":true,"href":"https:\/\/www.musikzeitung.ch\/en\/wp-json\/wp\/v2\/categories?post=60007"},{"taxonomy":"post_tag","embeddable":true,"href":"https:\/\/www.musikzeitung.ch\/en\/wp-json\/wp\/v2\/tags?post=60007"}],"curies":[{"name":"wp","href":"https:\/\/api.w.org\/{rel}","templated":true}]}}