{"id":60087,"date":"2024-11-04T09:01:04","date_gmt":"2024-11-04T08:01:04","guid":{"rendered":"https:\/\/www.musikzeitung.ch\/?p=60087"},"modified":"2024-11-04T11:01:25","modified_gmt":"2024-11-04T10:01:25","slug":"barbara-balba-weber-gewinnt-berner-oberlaender-projektwettbewerb","status":"publish","type":"post","link":"https:\/\/www.musikzeitung.ch\/en\/news\/2024\/11\/barbara-balba-weber-gewinnt-berner-oberlaender-projektwettbewerb","title":{"rendered":"Barbara Balba Weber wins Bernese Oberland project competition"},"content":{"rendered":"<figure id=\"attachment_60088\" aria-describedby=\"caption-attachment-60088\" style=\"width: 768px\" class=\"wp-caption alignnone\"><img loading=\"lazy\" decoding=\"async\" class=\"size-large wp-image-60088\" src=\"https:\/\/www.musikzeitung.ch\/wp-content\/uploads\/2024\/11\/241104thun-1024x646.jpg\" alt=\"\" width=\"768\" height=\"485\" srcset=\"https:\/\/www.musikzeitung.ch\/wp-content\/uploads\/2024\/11\/241104thun-1024x646.jpg 1024w, https:\/\/www.musikzeitung.ch\/wp-content\/uploads\/2024\/11\/241104thun-300x189.jpg 300w, https:\/\/www.musikzeitung.ch\/wp-content\/uploads\/2024\/11\/241104thun-768x484.jpg 768w, https:\/\/www.musikzeitung.ch\/wp-content\/uploads\/2024\/11\/241104thun-18x12.jpg 18w, https:\/\/www.musikzeitung.ch\/wp-content\/uploads\/2024\/11\/241104thun-277x175.jpg 277w, https:\/\/www.musikzeitung.ch\/wp-content\/uploads\/2024\/11\/241104thun-555x350.jpg 555w, https:\/\/www.musikzeitung.ch\/wp-content\/uploads\/2024\/11\/241104thun-1268x800.jpg 1268w, https:\/\/www.musikzeitung.ch\/wp-content\/uploads\/2024\/11\/241104thun-920x580.jpg 920w, https:\/\/www.musikzeitung.ch\/wp-content\/uploads\/2024\/11\/241104thun.jpg 1327w\" sizes=\"auto, (max-width: 768px) 100vw, 768px\" \/><figcaption id=\"caption-attachment-60088\" class=\"wp-caption-text\">(Image: Bachwochen Thun)<\/figcaption><\/figure>\n<p>Barbara Balba Weber's recipe for creating diversity in the audience of classical concerts over the long term has been convincing across the board, writes the association. The concept is to include a dialogue group - for example a specific professional group, a music association or a special age group - as a \"guest of honour\" in the program every year. The following year, it is the turn of another dialog group, while the previous one is integrated into the festival as a \"permanent guest\" with an individual format. In this way, the diversity of the classical music audience can be increased year after year.<\/p>\n<p>On November 21, 2024, Klassikfestivals Berner Oberland will hold a workshop for its members in Thun, where the winning project by Barbara Balba Weber will be presented in detail and various implementation options will be presented. The aim is for as many festivals in the Bernese Oberland as possible to take up the idea and implement a variant adapted to their needs.<\/p>","protected":false},"excerpt":{"rendered":"<p>The Bernese Oberland Classical Music Festival Association (KFBO) has launched a project competition for more diversity in the audience. It was won by Barbara Balba Weber, a lecturer and music educator at Bern University of the Arts.<\/p>","protected":false},"author":30,"featured_media":60088,"comment_status":"closed","ping_status":"closed","sticky":false,"template":"","format":"standard","meta":{"_acf_changed":false,"_relevanssi_hide_post":"","_relevanssi_hide_content":"","_relevanssi_pin_for_all":"","_relevanssi_pin_keywords":"","_relevanssi_unpin_keywords":"","_relevanssi_related_keywords":"","_relevanssi_related_include_ids":"","_relevanssi_related_exclude_ids":"","_relevanssi_related_no_append":"","_relevanssi_related_not_related":"","_relevanssi_related_posts":"","_relevanssi_noindex_reason":"","pgc_sgb_lightbox_settings":"","footnotes":""},"categories":[27],"tags":[4534,4535],"class_list":["post-60087","post","type-post","status-publish","format-standard","has-post-thumbnail","hentry","category-news","tag-barbara-balba-weber","tag-verein-klassikfestivals-berner-oberland"],"acf":[],"yoast_head":"<!-- This site is optimized with the Yoast SEO plugin v27.4 - https:\/\/yoast.com\/product\/yoast-seo-wordpress\/ -->\n<title>Barbara Balba Weber gewinnt Berner Oberl\u00e4nder Projektwettbewerb - Schweizer Musikzeitung<\/title>\n<meta name=\"description\" content=\"Barbara Balba Weber, HKB-Dozentin und Musikvermittlerin, hat den vom KFBO ausgeschriebenen Projektwettbewerb f\u00fcr mehr Diversit\u00e4t im Publikum gewonnen.\" \/>\n<meta name=\"robots\" content=\"index, follow, max-snippet:-1, max-image-preview:large, max-video-preview:-1\" \/>\n<link rel=\"canonical\" href=\"https:\/\/www.musikzeitung.ch\/en\/news\/2024\/11\/barbara-balba-weber-gewinnt-berner-oberlaender-projektwettbewerb\/\" \/>\n<meta property=\"og:locale\" content=\"en_US\" \/>\n<meta property=\"og:type\" content=\"article\" \/>\n<meta property=\"og:title\" content=\"Barbara Balba Weber gewinnt Berner Oberl\u00e4nder Projektwettbewerb - Schweizer Musikzeitung\" \/>\n<meta property=\"og:description\" content=\"Barbara Balba Weber, HKB-Dozentin und Musikvermittlerin, hat den vom KFBO ausgeschriebenen Projektwettbewerb f\u00fcr mehr Diversit\u00e4t im Publikum gewonnen.\" \/>\n<meta property=\"og:url\" content=\"https:\/\/www.musikzeitung.ch\/en\/news\/2024\/11\/barbara-balba-weber-gewinnt-berner-oberlaender-projektwettbewerb\/\" \/>\n<meta property=\"og:site_name\" content=\"Schweizer Musikzeitung\" \/>\n<meta property=\"article:publisher\" content=\"https:\/\/www.facebook.com\/SchweizerMusikzeitung\/\" \/>\n<meta property=\"article:author\" content=\"https:\/\/www.facebook.com\/wolfgang.bohler.75\" \/>\n<meta property=\"article:published_time\" content=\"2024-11-04T08:01:04+00:00\" \/>\n<meta property=\"article:modified_time\" content=\"2024-11-04T10:01:25+00:00\" \/>\n<meta property=\"og:image\" content=\"https:\/\/www.musikzeitung.ch\/wp-content\/uploads\/2024\/11\/241104thun.jpg\" \/>\n\t<meta property=\"og:image:width\" content=\"1327\" \/>\n\t<meta property=\"og:image:height\" content=\"837\" \/>\n\t<meta property=\"og:image:type\" content=\"image\/jpeg\" \/>\n<meta name=\"author\" content=\"Wolfgang B\u00f6hler\" \/>\n<meta name=\"twitter:card\" content=\"summary_large_image\" \/>\n<meta name=\"twitter:creator\" content=\"@smusikzeitung\" \/>\n<meta name=\"twitter:site\" content=\"@smusikzeitung\" \/>\n<meta name=\"twitter:label1\" content=\"Written by\" \/>\n\t<meta name=\"twitter:data1\" content=\"Wolfgang B\u00f6hler\" \/>\n\t<meta name=\"twitter:label2\" content=\"Est. reading time\" \/>\n\t<meta name=\"twitter:data2\" content=\"2 minutes\" \/>\n<script type=\"application\/ld+json\" class=\"yoast-schema-graph\">{\"@context\":\"https:\\\/\\\/schema.org\",\"@graph\":[{\"@type\":\"Article\",\"@id\":\"https:\\\/\\\/www.musikzeitung.ch\\\/news\\\/2024\\\/11\\\/barbara-balba-weber-gewinnt-berner-oberlaender-projektwettbewerb#article\",\"isPartOf\":{\"@id\":\"https:\\\/\\\/www.musikzeitung.ch\\\/news\\\/2024\\\/11\\\/barbara-balba-weber-gewinnt-berner-oberlaender-projektwettbewerb\"},\"author\":{\"name\":\"Wolfgang B\u00f6hler\",\"@id\":\"https:\\\/\\\/www.musikzeitung.ch\\\/#\\\/schema\\\/person\\\/0da4fb82d243f1252850a35d0e87cf0c\"},\"headline\":\"Barbara Balba Weber gewinnt Berner Oberl\u00e4nder Projektwettbewerb\",\"datePublished\":\"2024-11-04T08:01:04+00:00\",\"dateModified\":\"2024-11-04T10:01:25+00:00\",\"mainEntityOfPage\":{\"@id\":\"https:\\\/\\\/www.musikzeitung.ch\\\/news\\\/2024\\\/11\\\/barbara-balba-weber-gewinnt-berner-oberlaender-projektwettbewerb\"},\"wordCount\":166,\"publisher\":{\"@id\":\"https:\\\/\\\/www.musikzeitung.ch\\\/#organization\"},\"image\":{\"@id\":\"https:\\\/\\\/www.musikzeitung.ch\\\/news\\\/2024\\\/11\\\/barbara-balba-weber-gewinnt-berner-oberlaender-projektwettbewerb#primaryimage\"},\"thumbnailUrl\":\"https:\\\/\\\/www.musikzeitung.ch\\\/wp-content\\\/uploads\\\/2024\\\/11\\\/241104thun.jpg\",\"keywords\":[\"Barbara Balba Weber\",\"Verein Klassikfestivals Berner Oberland\"],\"articleSection\":[\"News\"],\"inLanguage\":\"en-US\"},{\"@type\":\"WebPage\",\"@id\":\"https:\\\/\\\/www.musikzeitung.ch\\\/news\\\/2024\\\/11\\\/barbara-balba-weber-gewinnt-berner-oberlaender-projektwettbewerb\",\"url\":\"https:\\\/\\\/www.musikzeitung.ch\\\/news\\\/2024\\\/11\\\/barbara-balba-weber-gewinnt-berner-oberlaender-projektwettbewerb\",\"name\":\"Barbara Balba Weber gewinnt Berner Oberl\u00e4nder Projektwettbewerb - Schweizer Musikzeitung\",\"isPartOf\":{\"@id\":\"https:\\\/\\\/www.musikzeitung.ch\\\/#website\"},\"primaryImageOfPage\":{\"@id\":\"https:\\\/\\\/www.musikzeitung.ch\\\/news\\\/2024\\\/11\\\/barbara-balba-weber-gewinnt-berner-oberlaender-projektwettbewerb#primaryimage\"},\"image\":{\"@id\":\"https:\\\/\\\/www.musikzeitung.ch\\\/news\\\/2024\\\/11\\\/barbara-balba-weber-gewinnt-berner-oberlaender-projektwettbewerb#primaryimage\"},\"thumbnailUrl\":\"https:\\\/\\\/www.musikzeitung.ch\\\/wp-content\\\/uploads\\\/2024\\\/11\\\/241104thun.jpg\",\"datePublished\":\"2024-11-04T08:01:04+00:00\",\"dateModified\":\"2024-11-04T10:01:25+00:00\",\"description\":\"Barbara Balba Weber, HKB-Dozentin und Musikvermittlerin, hat den vom KFBO ausgeschriebenen Projektwettbewerb f\u00fcr mehr Diversit\u00e4t im Publikum gewonnen.\",\"breadcrumb\":{\"@id\":\"https:\\\/\\\/www.musikzeitung.ch\\\/news\\\/2024\\\/11\\\/barbara-balba-weber-gewinnt-berner-oberlaender-projektwettbewerb#breadcrumb\"},\"inLanguage\":\"en-US\",\"potentialAction\":[{\"@type\":\"ReadAction\",\"target\":[\"https:\\\/\\\/www.musikzeitung.ch\\\/news\\\/2024\\\/11\\\/barbara-balba-weber-gewinnt-berner-oberlaender-projektwettbewerb\"]}]},{\"@type\":\"ImageObject\",\"inLanguage\":\"en-US\",\"@id\":\"https:\\\/\\\/www.musikzeitung.ch\\\/news\\\/2024\\\/11\\\/barbara-balba-weber-gewinnt-berner-oberlaender-projektwettbewerb#primaryimage\",\"url\":\"https:\\\/\\\/www.musikzeitung.ch\\\/wp-content\\\/uploads\\\/2024\\\/11\\\/241104thun.jpg\",\"contentUrl\":\"https:\\\/\\\/www.musikzeitung.ch\\\/wp-content\\\/uploads\\\/2024\\\/11\\\/241104thun.jpg\",\"width\":1327,\"height\":837,\"caption\":\"(Bild: Bachwochen Thun)\"},{\"@type\":\"BreadcrumbList\",\"@id\":\"https:\\\/\\\/www.musikzeitung.ch\\\/news\\\/2024\\\/11\\\/barbara-balba-weber-gewinnt-berner-oberlaender-projektwettbewerb#breadcrumb\",\"itemListElement\":[{\"@type\":\"ListItem\",\"position\":1,\"name\":\"Home\",\"item\":\"https:\\\/\\\/www.musikzeitung.ch\\\/\"},{\"@type\":\"ListItem\",\"position\":2,\"name\":\"Barbara Balba Weber gewinnt Berner Oberl\u00e4nder Projektwettbewerb\"}]},{\"@type\":\"WebSite\",\"@id\":\"https:\\\/\\\/www.musikzeitung.ch\\\/#website\",\"url\":\"https:\\\/\\\/www.musikzeitung.ch\\\/\",\"name\":\"Schweizer Musikzeitung\",\"description\":\"Die f\u00fchrende sparten\u00fcbergreifende Monatszeitung in der Schweiz f\u00fcr musikalische Fragen.\",\"publisher\":{\"@id\":\"https:\\\/\\\/www.musikzeitung.ch\\\/#organization\"},\"potentialAction\":[{\"@type\":\"SearchAction\",\"target\":{\"@type\":\"EntryPoint\",\"urlTemplate\":\"https:\\\/\\\/www.musikzeitung.ch\\\/?s={search_term_string}\"},\"query-input\":{\"@type\":\"PropertyValueSpecification\",\"valueRequired\":true,\"valueName\":\"search_term_string\"}}],\"inLanguage\":\"en-US\"},{\"@type\":\"Organization\",\"@id\":\"https:\\\/\\\/www.musikzeitung.ch\\\/#organization\",\"name\":\"Schweizer Musikzeitung\",\"url\":\"https:\\\/\\\/www.musikzeitung.ch\\\/\",\"logo\":{\"@type\":\"ImageObject\",\"inLanguage\":\"en-US\",\"@id\":\"https:\\\/\\\/www.musikzeitung.ch\\\/#\\\/schema\\\/logo\\\/image\\\/\",\"url\":\"https:\\\/\\\/www.musikzeitung.ch\\\/wp-content\\\/uploads\\\/2023\\\/01\\\/SMZ_Schriftzug_Sprache.png\",\"contentUrl\":\"https:\\\/\\\/www.musikzeitung.ch\\\/wp-content\\\/uploads\\\/2023\\\/01\\\/SMZ_Schriftzug_Sprache.png\",\"width\":1400,\"height\":279,\"caption\":\"Schweizer Musikzeitung\"},\"image\":{\"@id\":\"https:\\\/\\\/www.musikzeitung.ch\\\/#\\\/schema\\\/logo\\\/image\\\/\"},\"sameAs\":[\"https:\\\/\\\/www.facebook.com\\\/SchweizerMusikzeitung\\\/\",\"https:\\\/\\\/x.com\\\/smusikzeitung\",\"https:\\\/\\\/www.instagram.com\\\/musikzeitung.ch\\\/\"]},{\"@type\":\"Person\",\"@id\":\"https:\\\/\\\/www.musikzeitung.ch\\\/#\\\/schema\\\/person\\\/0da4fb82d243f1252850a35d0e87cf0c\",\"name\":\"Wolfgang B\u00f6hler\",\"image\":{\"@type\":\"ImageObject\",\"inLanguage\":\"en-US\",\"@id\":\"https:\\\/\\\/www.musikzeitung.ch\\\/wp-content\\\/uploads\\\/2023\\\/01\\\/boehler_portraet_web-e1674139782246-96x96.jpg\",\"url\":\"https:\\\/\\\/www.musikzeitung.ch\\\/wp-content\\\/uploads\\\/2023\\\/01\\\/boehler_portraet_web-e1674139782246-96x96.jpg\",\"contentUrl\":\"https:\\\/\\\/www.musikzeitung.ch\\\/wp-content\\\/uploads\\\/2023\\\/01\\\/boehler_portraet_web-e1674139782246-96x96.jpg\",\"caption\":\"Wolfgang B\u00f6hler\"},\"sameAs\":[\"http:\\\/\\\/www.manacanto.ch\",\"https:\\\/\\\/www.facebook.com\\\/wolfgang.bohler.75\"],\"url\":\"https:\\\/\\\/www.musikzeitung.ch\\\/en\\\/author\\\/wolfgang-boehler\"}]}<\/script>\n<!-- \/ Yoast SEO plugin. -->","yoast_head_json":{"title":"Barbara Balba Weber gewinnt Berner Oberl\u00e4nder Projektwettbewerb - Schweizer Musikzeitung","description":"Barbara Balba Weber, HKB-Dozentin und Musikvermittlerin, hat den vom KFBO ausgeschriebenen Projektwettbewerb f\u00fcr mehr Diversit\u00e4t im Publikum gewonnen.","robots":{"index":"index","follow":"follow","max-snippet":"max-snippet:-1","max-image-preview":"max-image-preview:large","max-video-preview":"max-video-preview:-1"},"canonical":"https:\/\/www.musikzeitung.ch\/en\/news\/2024\/11\/barbara-balba-weber-gewinnt-berner-oberlaender-projektwettbewerb\/","og_locale":"en_US","og_type":"article","og_title":"Barbara Balba Weber gewinnt Berner Oberl\u00e4nder Projektwettbewerb - Schweizer Musikzeitung","og_description":"Barbara Balba Weber, HKB-Dozentin und Musikvermittlerin, hat den vom KFBO ausgeschriebenen Projektwettbewerb f\u00fcr mehr Diversit\u00e4t im Publikum gewonnen.","og_url":"https:\/\/www.musikzeitung.ch\/en\/news\/2024\/11\/barbara-balba-weber-gewinnt-berner-oberlaender-projektwettbewerb\/","og_site_name":"Schweizer Musikzeitung","article_publisher":"https:\/\/www.facebook.com\/SchweizerMusikzeitung\/","article_author":"https:\/\/www.facebook.com\/wolfgang.bohler.75","article_published_time":"2024-11-04T08:01:04+00:00","article_modified_time":"2024-11-04T10:01:25+00:00","og_image":[{"width":1327,"height":837,"url":"https:\/\/www.musikzeitung.ch\/wp-content\/uploads\/2024\/11\/241104thun.jpg","type":"image\/jpeg"}],"author":"Wolfgang B\u00f6hler","twitter_card":"summary_large_image","twitter_creator":"@smusikzeitung","twitter_site":"@smusikzeitung","twitter_misc":{"Written by":"Wolfgang B\u00f6hler","Est. reading time":"2 minutes"},"schema":{"@context":"https:\/\/schema.org","@graph":[{"@type":"Article","@id":"https:\/\/www.musikzeitung.ch\/news\/2024\/11\/barbara-balba-weber-gewinnt-berner-oberlaender-projektwettbewerb#article","isPartOf":{"@id":"https:\/\/www.musikzeitung.ch\/news\/2024\/11\/barbara-balba-weber-gewinnt-berner-oberlaender-projektwettbewerb"},"author":{"name":"Wolfgang B\u00f6hler","@id":"https:\/\/www.musikzeitung.ch\/#\/schema\/person\/0da4fb82d243f1252850a35d0e87cf0c"},"headline":"Barbara Balba Weber gewinnt Berner Oberl\u00e4nder Projektwettbewerb","datePublished":"2024-11-04T08:01:04+00:00","dateModified":"2024-11-04T10:01:25+00:00","mainEntityOfPage":{"@id":"https:\/\/www.musikzeitung.ch\/news\/2024\/11\/barbara-balba-weber-gewinnt-berner-oberlaender-projektwettbewerb"},"wordCount":166,"publisher":{"@id":"https:\/\/www.musikzeitung.ch\/#organization"},"image":{"@id":"https:\/\/www.musikzeitung.ch\/news\/2024\/11\/barbara-balba-weber-gewinnt-berner-oberlaender-projektwettbewerb#primaryimage"},"thumbnailUrl":"https:\/\/www.musikzeitung.ch\/wp-content\/uploads\/2024\/11\/241104thun.jpg","keywords":["Barbara Balba Weber","Verein Klassikfestivals Berner Oberland"],"articleSection":["News"],"inLanguage":"en-US"},{"@type":"WebPage","@id":"https:\/\/www.musikzeitung.ch\/news\/2024\/11\/barbara-balba-weber-gewinnt-berner-oberlaender-projektwettbewerb","url":"https:\/\/www.musikzeitung.ch\/news\/2024\/11\/barbara-balba-weber-gewinnt-berner-oberlaender-projektwettbewerb","name":"Barbara Balba Weber gewinnt Berner Oberl\u00e4nder Projektwettbewerb - Schweizer Musikzeitung","isPartOf":{"@id":"https:\/\/www.musikzeitung.ch\/#website"},"primaryImageOfPage":{"@id":"https:\/\/www.musikzeitung.ch\/news\/2024\/11\/barbara-balba-weber-gewinnt-berner-oberlaender-projektwettbewerb#primaryimage"},"image":{"@id":"https:\/\/www.musikzeitung.ch\/news\/2024\/11\/barbara-balba-weber-gewinnt-berner-oberlaender-projektwettbewerb#primaryimage"},"thumbnailUrl":"https:\/\/www.musikzeitung.ch\/wp-content\/uploads\/2024\/11\/241104thun.jpg","datePublished":"2024-11-04T08:01:04+00:00","dateModified":"2024-11-04T10:01:25+00:00","description":"Barbara Balba Weber, HKB-Dozentin und Musikvermittlerin, hat den vom KFBO ausgeschriebenen Projektwettbewerb f\u00fcr mehr Diversit\u00e4t im Publikum gewonnen.","breadcrumb":{"@id":"https:\/\/www.musikzeitung.ch\/news\/2024\/11\/barbara-balba-weber-gewinnt-berner-oberlaender-projektwettbewerb#breadcrumb"},"inLanguage":"en-US","potentialAction":[{"@type":"ReadAction","target":["https:\/\/www.musikzeitung.ch\/news\/2024\/11\/barbara-balba-weber-gewinnt-berner-oberlaender-projektwettbewerb"]}]},{"@type":"ImageObject","inLanguage":"en-US","@id":"https:\/\/www.musikzeitung.ch\/news\/2024\/11\/barbara-balba-weber-gewinnt-berner-oberlaender-projektwettbewerb#primaryimage","url":"https:\/\/www.musikzeitung.ch\/wp-content\/uploads\/2024\/11\/241104thun.jpg","contentUrl":"https:\/\/www.musikzeitung.ch\/wp-content\/uploads\/2024\/11\/241104thun.jpg","width":1327,"height":837,"caption":"(Bild: Bachwochen Thun)"},{"@type":"BreadcrumbList","@id":"https:\/\/www.musikzeitung.ch\/news\/2024\/11\/barbara-balba-weber-gewinnt-berner-oberlaender-projektwettbewerb#breadcrumb","itemListElement":[{"@type":"ListItem","position":1,"name":"Home","item":"https:\/\/www.musikzeitung.ch\/"},{"@type":"ListItem","position":2,"name":"Barbara Balba Weber gewinnt Berner Oberl\u00e4nder Projektwettbewerb"}]},{"@type":"WebSite","@id":"https:\/\/www.musikzeitung.ch\/#website","url":"https:\/\/www.musikzeitung.ch\/","name":"Swiss Music Newspaper","description":"The leading interdisciplinary monthly newspaper in Switzerland for musical issues.","publisher":{"@id":"https:\/\/www.musikzeitung.ch\/#organization"},"potentialAction":[{"@type":"SearchAction","target":{"@type":"EntryPoint","urlTemplate":"https:\/\/www.musikzeitung.ch\/?s={search_term_string}"},"query-input":{"@type":"PropertyValueSpecification","valueRequired":true,"valueName":"search_term_string"}}],"inLanguage":"en-US"},{"@type":"Organization","@id":"https:\/\/www.musikzeitung.ch\/#organization","name":"Swiss Music Newspaper","url":"https:\/\/www.musikzeitung.ch\/","logo":{"@type":"ImageObject","inLanguage":"en-US","@id":"https:\/\/www.musikzeitung.ch\/#\/schema\/logo\/image\/","url":"https:\/\/www.musikzeitung.ch\/wp-content\/uploads\/2023\/01\/SMZ_Schriftzug_Sprache.png","contentUrl":"https:\/\/www.musikzeitung.ch\/wp-content\/uploads\/2023\/01\/SMZ_Schriftzug_Sprache.png","width":1400,"height":279,"caption":"Schweizer Musikzeitung"},"image":{"@id":"https:\/\/www.musikzeitung.ch\/#\/schema\/logo\/image\/"},"sameAs":["https:\/\/www.facebook.com\/SchweizerMusikzeitung\/","https:\/\/x.com\/smusikzeitung","https:\/\/www.instagram.com\/musikzeitung.ch\/"]},{"@type":"Person","@id":"https:\/\/www.musikzeitung.ch\/#\/schema\/person\/0da4fb82d243f1252850a35d0e87cf0c","name":"Wolfgang B\u00f6hler","image":{"@type":"ImageObject","inLanguage":"en-US","@id":"https:\/\/www.musikzeitung.ch\/wp-content\/uploads\/2023\/01\/boehler_portraet_web-e1674139782246-96x96.jpg","url":"https:\/\/www.musikzeitung.ch\/wp-content\/uploads\/2023\/01\/boehler_portraet_web-e1674139782246-96x96.jpg","contentUrl":"https:\/\/www.musikzeitung.ch\/wp-content\/uploads\/2023\/01\/boehler_portraet_web-e1674139782246-96x96.jpg","caption":"Wolfgang B\u00f6hler"},"sameAs":["http:\/\/www.manacanto.ch","https:\/\/www.facebook.com\/wolfgang.bohler.75"],"url":"https:\/\/www.musikzeitung.ch\/en\/author\/wolfgang-boehler"}]}},"publishpress_future_workflow_manual_trigger":{"enabledWorkflows":[]},"_links":{"self":[{"href":"https:\/\/www.musikzeitung.ch\/en\/wp-json\/wp\/v2\/posts\/60087","targetHints":{"allow":["GET"]}}],"collection":[{"href":"https:\/\/www.musikzeitung.ch\/en\/wp-json\/wp\/v2\/posts"}],"about":[{"href":"https:\/\/www.musikzeitung.ch\/en\/wp-json\/wp\/v2\/types\/post"}],"author":[{"embeddable":true,"href":"https:\/\/www.musikzeitung.ch\/en\/wp-json\/wp\/v2\/users\/30"}],"replies":[{"embeddable":true,"href":"https:\/\/www.musikzeitung.ch\/en\/wp-json\/wp\/v2\/comments?post=60087"}],"version-history":[{"count":2,"href":"https:\/\/www.musikzeitung.ch\/en\/wp-json\/wp\/v2\/posts\/60087\/revisions"}],"predecessor-version":[{"id":60090,"href":"https:\/\/www.musikzeitung.ch\/en\/wp-json\/wp\/v2\/posts\/60087\/revisions\/60090"}],"wp:featuredmedia":[{"embeddable":true,"href":"https:\/\/www.musikzeitung.ch\/en\/wp-json\/wp\/v2\/media\/60088"}],"wp:attachment":[{"href":"https:\/\/www.musikzeitung.ch\/en\/wp-json\/wp\/v2\/media?parent=60087"}],"wp:term":[{"taxonomy":"category","embeddable":true,"href":"https:\/\/www.musikzeitung.ch\/en\/wp-json\/wp\/v2\/categories?post=60087"},{"taxonomy":"post_tag","embeddable":true,"href":"https:\/\/www.musikzeitung.ch\/en\/wp-json\/wp\/v2\/tags?post=60087"}],"curies":[{"name":"wp","href":"https:\/\/api.w.org\/{rel}","templated":true}]}}