{"id":60393,"date":"2024-11-13T06:10:35","date_gmt":"2024-11-13T05:10:35","guid":{"rendered":"https:\/\/www.musikzeitung.ch\/?p=60393"},"modified":"2024-11-13T14:29:52","modified_gmt":"2024-11-13T13:29:52","slug":"keller-und-schweitzer-in-paris-erfolgreich","status":"publish","type":"post","link":"https:\/\/www.musikzeitung.ch\/en\/news\/2024\/11\/keller-und-schweitzer-in-paris-erfolgreich","title":{"rendered":"Keller and Schweitzer successful in Paris"},"content":{"rendered":"<figure id=\"attachment_60394\" aria-describedby=\"caption-attachment-60394\" style=\"width: 902px\" class=\"wp-caption alignnone\"><img loading=\"lazy\" decoding=\"async\" class=\"size-full wp-image-60394\" src=\"https:\/\/www.musikzeitung.ch\/wp-content\/uploads\/2024\/11\/241113hkb.jpg\" alt=\"\" width=\"902\" height=\"452\" srcset=\"https:\/\/www.musikzeitung.ch\/wp-content\/uploads\/2024\/11\/241113hkb.jpg 902w, https:\/\/www.musikzeitung.ch\/wp-content\/uploads\/2024\/11\/241113hkb-300x150.jpg 300w, https:\/\/www.musikzeitung.ch\/wp-content\/uploads\/2024\/11\/241113hkb-768x385.jpg 768w, https:\/\/www.musikzeitung.ch\/wp-content\/uploads\/2024\/11\/241113hkb-18x9.jpg 18w, https:\/\/www.musikzeitung.ch\/wp-content\/uploads\/2024\/11\/241113hkb-349x175.jpg 349w, https:\/\/www.musikzeitung.ch\/wp-content\/uploads\/2024\/11\/241113hkb-698x350.jpg 698w\" sizes=\"auto, (max-width: 902px) 100vw, 902px\" \/><figcaption id=\"caption-attachment-60394\" class=\"wp-caption-text\">Janina Schweitzer (l.) and Iris Keller (Image: HKB)<\/figcaption><\/figure>\n<p>German mezzo-soprano Janina Schweitzer has won the Grand Prix Op\u00e9ra and the Audience Prize at the Concours International d'Art Vocal George Enesco in Paris, according to a statement from the HKB. The international George Enescu competition was founded in Bucharest in 1958 - but the singing section disappeared from the program in 2002. This pure singing competition was therefore re-established in Paris in 2014.<\/p>\n<p>French soprano Iris Keller has won first prize in the singing category of the Concours International Leopold Bellan. In the competition, participants work on a free program that includes melodies, songs and operas.<\/p>\n<p>Janina Schweitzer and Iris Keller are both studying for a Master's in Specialized Music Performance - Opera at the HKB and will be performing at 7.30 pm on 13 and 14 January 2025 as part of the Playtime Festival at Volkshaus Biel. Scenes from various operas will be shown on the theme of \"generational conflicts\".<\/p>","protected":false},"excerpt":{"rendered":"<p>Iris Keller and Janina Schweitzer, two students from Bern University of the Arts (BUA), have won competitions in Paris.<\/p>","protected":false},"author":30,"featured_media":60394,"comment_status":"closed","ping_status":"closed","sticky":false,"template":"","format":"standard","meta":{"_acf_changed":false,"_relevanssi_hide_post":"","_relevanssi_hide_content":"","_relevanssi_pin_for_all":"","_relevanssi_pin_keywords":"","_relevanssi_unpin_keywords":"","_relevanssi_related_keywords":"","_relevanssi_related_include_ids":"","_relevanssi_related_exclude_ids":"","_relevanssi_related_no_append":"","_relevanssi_related_not_related":"","_relevanssi_related_posts":"","_relevanssi_noindex_reason":"","pgc_sgb_lightbox_settings":"","footnotes":""},"categories":[27],"tags":[4564,4565,4563,4562],"class_list":["post-60393","post","type-post","status-publish","format-standard","has-post-thumbnail","hentry","category-news","tag-concours-international-dart-vocal-george-enesco","tag-concours-international-leopold-bellan","tag-iris-keller","tag-janina-schweitzer"],"acf":[],"yoast_head":"<!-- This site is optimized with the Yoast SEO plugin v27.4 - https:\/\/yoast.com\/product\/yoast-seo-wordpress\/ -->\n<title>Keller und Schweitzer in Paris erfolgreich - Schweizer Musikzeitung<\/title>\n<meta name=\"description\" content=\"Mit Iris Keller und Janina Schweitzer gewinnen zwei Studentinnen der Hochschule der K\u00fcnste Bern (HKB) Wettbewerbe in Paris.\" \/>\n<meta name=\"robots\" content=\"index, follow, max-snippet:-1, max-image-preview:large, max-video-preview:-1\" \/>\n<link rel=\"canonical\" href=\"https:\/\/www.musikzeitung.ch\/en\/news\/2024\/11\/keller-und-schweitzer-in-paris-erfolgreich\/\" \/>\n<meta property=\"og:locale\" content=\"en_US\" \/>\n<meta property=\"og:type\" content=\"article\" \/>\n<meta property=\"og:title\" content=\"Keller und Schweitzer in Paris erfolgreich - Schweizer Musikzeitung\" \/>\n<meta property=\"og:description\" content=\"Mit Iris Keller und Janina Schweitzer gewinnen zwei Studentinnen der Hochschule der K\u00fcnste Bern (HKB) Wettbewerbe in Paris.\" \/>\n<meta property=\"og:url\" content=\"https:\/\/www.musikzeitung.ch\/en\/news\/2024\/11\/keller-und-schweitzer-in-paris-erfolgreich\/\" \/>\n<meta property=\"og:site_name\" content=\"Schweizer Musikzeitung\" \/>\n<meta property=\"article:publisher\" content=\"https:\/\/www.facebook.com\/SchweizerMusikzeitung\/\" \/>\n<meta property=\"article:author\" content=\"https:\/\/www.facebook.com\/wolfgang.bohler.75\" \/>\n<meta property=\"article:published_time\" content=\"2024-11-13T05:10:35+00:00\" \/>\n<meta property=\"article:modified_time\" content=\"2024-11-13T13:29:52+00:00\" \/>\n<meta property=\"og:image\" content=\"https:\/\/www.musikzeitung.ch\/wp-content\/uploads\/2024\/11\/241113hkb.jpg\" \/>\n\t<meta property=\"og:image:width\" content=\"902\" \/>\n\t<meta property=\"og:image:height\" content=\"452\" \/>\n\t<meta property=\"og:image:type\" content=\"image\/jpeg\" \/>\n<meta name=\"author\" content=\"Wolfgang B\u00f6hler\" \/>\n<meta name=\"twitter:card\" content=\"summary_large_image\" \/>\n<meta name=\"twitter:creator\" content=\"@smusikzeitung\" \/>\n<meta name=\"twitter:site\" content=\"@smusikzeitung\" \/>\n<meta name=\"twitter:label1\" content=\"Written by\" \/>\n\t<meta name=\"twitter:data1\" content=\"Wolfgang B\u00f6hler\" \/>\n\t<meta name=\"twitter:label2\" content=\"Est. reading time\" \/>\n\t<meta name=\"twitter:data2\" content=\"2 minutes\" \/>\n<script type=\"application\/ld+json\" class=\"yoast-schema-graph\">{\"@context\":\"https:\\\/\\\/schema.org\",\"@graph\":[{\"@type\":\"Article\",\"@id\":\"https:\\\/\\\/www.musikzeitung.ch\\\/news\\\/2024\\\/11\\\/keller-und-schweitzer-in-paris-erfolgreich#article\",\"isPartOf\":{\"@id\":\"https:\\\/\\\/www.musikzeitung.ch\\\/news\\\/2024\\\/11\\\/keller-und-schweitzer-in-paris-erfolgreich\"},\"author\":{\"name\":\"Wolfgang B\u00f6hler\",\"@id\":\"https:\\\/\\\/www.musikzeitung.ch\\\/#\\\/schema\\\/person\\\/0da4fb82d243f1252850a35d0e87cf0c\"},\"headline\":\"Keller und Schweitzer in Paris erfolgreich\",\"datePublished\":\"2024-11-13T05:10:35+00:00\",\"dateModified\":\"2024-11-13T13:29:52+00:00\",\"mainEntityOfPage\":{\"@id\":\"https:\\\/\\\/www.musikzeitung.ch\\\/news\\\/2024\\\/11\\\/keller-und-schweitzer-in-paris-erfolgreich\"},\"wordCount\":158,\"publisher\":{\"@id\":\"https:\\\/\\\/www.musikzeitung.ch\\\/#organization\"},\"image\":{\"@id\":\"https:\\\/\\\/www.musikzeitung.ch\\\/news\\\/2024\\\/11\\\/keller-und-schweitzer-in-paris-erfolgreich#primaryimage\"},\"thumbnailUrl\":\"https:\\\/\\\/www.musikzeitung.ch\\\/wp-content\\\/uploads\\\/2024\\\/11\\\/241113hkb.jpg\",\"keywords\":[\"Concours International d\u2018Art Vocal George Enesco\",\"Concours International Leopold Bellan\",\"Iris Keller\",\"Janina Schweitzer\"],\"articleSection\":[\"News\"],\"inLanguage\":\"en-US\"},{\"@type\":\"WebPage\",\"@id\":\"https:\\\/\\\/www.musikzeitung.ch\\\/news\\\/2024\\\/11\\\/keller-und-schweitzer-in-paris-erfolgreich\",\"url\":\"https:\\\/\\\/www.musikzeitung.ch\\\/news\\\/2024\\\/11\\\/keller-und-schweitzer-in-paris-erfolgreich\",\"name\":\"Keller und Schweitzer in Paris erfolgreich - Schweizer Musikzeitung\",\"isPartOf\":{\"@id\":\"https:\\\/\\\/www.musikzeitung.ch\\\/#website\"},\"primaryImageOfPage\":{\"@id\":\"https:\\\/\\\/www.musikzeitung.ch\\\/news\\\/2024\\\/11\\\/keller-und-schweitzer-in-paris-erfolgreich#primaryimage\"},\"image\":{\"@id\":\"https:\\\/\\\/www.musikzeitung.ch\\\/news\\\/2024\\\/11\\\/keller-und-schweitzer-in-paris-erfolgreich#primaryimage\"},\"thumbnailUrl\":\"https:\\\/\\\/www.musikzeitung.ch\\\/wp-content\\\/uploads\\\/2024\\\/11\\\/241113hkb.jpg\",\"datePublished\":\"2024-11-13T05:10:35+00:00\",\"dateModified\":\"2024-11-13T13:29:52+00:00\",\"description\":\"Mit Iris Keller und Janina Schweitzer gewinnen zwei Studentinnen der Hochschule der K\u00fcnste Bern (HKB) Wettbewerbe in Paris.\",\"breadcrumb\":{\"@id\":\"https:\\\/\\\/www.musikzeitung.ch\\\/news\\\/2024\\\/11\\\/keller-und-schweitzer-in-paris-erfolgreich#breadcrumb\"},\"inLanguage\":\"en-US\",\"potentialAction\":[{\"@type\":\"ReadAction\",\"target\":[\"https:\\\/\\\/www.musikzeitung.ch\\\/news\\\/2024\\\/11\\\/keller-und-schweitzer-in-paris-erfolgreich\"]}]},{\"@type\":\"ImageObject\",\"inLanguage\":\"en-US\",\"@id\":\"https:\\\/\\\/www.musikzeitung.ch\\\/news\\\/2024\\\/11\\\/keller-und-schweitzer-in-paris-erfolgreich#primaryimage\",\"url\":\"https:\\\/\\\/www.musikzeitung.ch\\\/wp-content\\\/uploads\\\/2024\\\/11\\\/241113hkb.jpg\",\"contentUrl\":\"https:\\\/\\\/www.musikzeitung.ch\\\/wp-content\\\/uploads\\\/2024\\\/11\\\/241113hkb.jpg\",\"width\":902,\"height\":452,\"caption\":\"Janina Schweitzer (l.) und Iris Keller (Bild: HKB)\"},{\"@type\":\"BreadcrumbList\",\"@id\":\"https:\\\/\\\/www.musikzeitung.ch\\\/news\\\/2024\\\/11\\\/keller-und-schweitzer-in-paris-erfolgreich#breadcrumb\",\"itemListElement\":[{\"@type\":\"ListItem\",\"position\":1,\"name\":\"Home\",\"item\":\"https:\\\/\\\/www.musikzeitung.ch\\\/\"},{\"@type\":\"ListItem\",\"position\":2,\"name\":\"Keller und Schweitzer in Paris erfolgreich\"}]},{\"@type\":\"WebSite\",\"@id\":\"https:\\\/\\\/www.musikzeitung.ch\\\/#website\",\"url\":\"https:\\\/\\\/www.musikzeitung.ch\\\/\",\"name\":\"Schweizer Musikzeitung\",\"description\":\"Die f\u00fchrende sparten\u00fcbergreifende Monatszeitung in der Schweiz f\u00fcr musikalische Fragen.\",\"publisher\":{\"@id\":\"https:\\\/\\\/www.musikzeitung.ch\\\/#organization\"},\"potentialAction\":[{\"@type\":\"SearchAction\",\"target\":{\"@type\":\"EntryPoint\",\"urlTemplate\":\"https:\\\/\\\/www.musikzeitung.ch\\\/?s={search_term_string}\"},\"query-input\":{\"@type\":\"PropertyValueSpecification\",\"valueRequired\":true,\"valueName\":\"search_term_string\"}}],\"inLanguage\":\"en-US\"},{\"@type\":\"Organization\",\"@id\":\"https:\\\/\\\/www.musikzeitung.ch\\\/#organization\",\"name\":\"Schweizer Musikzeitung\",\"url\":\"https:\\\/\\\/www.musikzeitung.ch\\\/\",\"logo\":{\"@type\":\"ImageObject\",\"inLanguage\":\"en-US\",\"@id\":\"https:\\\/\\\/www.musikzeitung.ch\\\/#\\\/schema\\\/logo\\\/image\\\/\",\"url\":\"https:\\\/\\\/www.musikzeitung.ch\\\/wp-content\\\/uploads\\\/2023\\\/01\\\/SMZ_Schriftzug_Sprache.png\",\"contentUrl\":\"https:\\\/\\\/www.musikzeitung.ch\\\/wp-content\\\/uploads\\\/2023\\\/01\\\/SMZ_Schriftzug_Sprache.png\",\"width\":1400,\"height\":279,\"caption\":\"Schweizer Musikzeitung\"},\"image\":{\"@id\":\"https:\\\/\\\/www.musikzeitung.ch\\\/#\\\/schema\\\/logo\\\/image\\\/\"},\"sameAs\":[\"https:\\\/\\\/www.facebook.com\\\/SchweizerMusikzeitung\\\/\",\"https:\\\/\\\/x.com\\\/smusikzeitung\",\"https:\\\/\\\/www.instagram.com\\\/musikzeitung.ch\\\/\"]},{\"@type\":\"Person\",\"@id\":\"https:\\\/\\\/www.musikzeitung.ch\\\/#\\\/schema\\\/person\\\/0da4fb82d243f1252850a35d0e87cf0c\",\"name\":\"Wolfgang B\u00f6hler\",\"image\":{\"@type\":\"ImageObject\",\"inLanguage\":\"en-US\",\"@id\":\"https:\\\/\\\/www.musikzeitung.ch\\\/wp-content\\\/uploads\\\/2023\\\/01\\\/boehler_portraet_web-e1674139782246-96x96.jpg\",\"url\":\"https:\\\/\\\/www.musikzeitung.ch\\\/wp-content\\\/uploads\\\/2023\\\/01\\\/boehler_portraet_web-e1674139782246-96x96.jpg\",\"contentUrl\":\"https:\\\/\\\/www.musikzeitung.ch\\\/wp-content\\\/uploads\\\/2023\\\/01\\\/boehler_portraet_web-e1674139782246-96x96.jpg\",\"caption\":\"Wolfgang B\u00f6hler\"},\"sameAs\":[\"http:\\\/\\\/www.manacanto.ch\",\"https:\\\/\\\/www.facebook.com\\\/wolfgang.bohler.75\"],\"url\":\"https:\\\/\\\/www.musikzeitung.ch\\\/en\\\/author\\\/wolfgang-boehler\"}]}<\/script>\n<!-- \/ Yoast SEO plugin. -->","yoast_head_json":{"title":"Keller und Schweitzer in Paris erfolgreich - Schweizer Musikzeitung","description":"Iris Keller and Janina Schweitzer, two students from Bern University of the Arts (BUA), have won competitions in Paris.","robots":{"index":"index","follow":"follow","max-snippet":"max-snippet:-1","max-image-preview":"max-image-preview:large","max-video-preview":"max-video-preview:-1"},"canonical":"https:\/\/www.musikzeitung.ch\/en\/news\/2024\/11\/keller-und-schweitzer-in-paris-erfolgreich\/","og_locale":"en_US","og_type":"article","og_title":"Keller und Schweitzer in Paris erfolgreich - Schweizer Musikzeitung","og_description":"Mit Iris Keller und Janina Schweitzer gewinnen zwei Studentinnen der Hochschule der K\u00fcnste Bern (HKB) Wettbewerbe in Paris.","og_url":"https:\/\/www.musikzeitung.ch\/en\/news\/2024\/11\/keller-und-schweitzer-in-paris-erfolgreich\/","og_site_name":"Schweizer Musikzeitung","article_publisher":"https:\/\/www.facebook.com\/SchweizerMusikzeitung\/","article_author":"https:\/\/www.facebook.com\/wolfgang.bohler.75","article_published_time":"2024-11-13T05:10:35+00:00","article_modified_time":"2024-11-13T13:29:52+00:00","og_image":[{"width":902,"height":452,"url":"https:\/\/www.musikzeitung.ch\/wp-content\/uploads\/2024\/11\/241113hkb.jpg","type":"image\/jpeg"}],"author":"Wolfgang B\u00f6hler","twitter_card":"summary_large_image","twitter_creator":"@smusikzeitung","twitter_site":"@smusikzeitung","twitter_misc":{"Written by":"Wolfgang B\u00f6hler","Est. reading time":"2 minutes"},"schema":{"@context":"https:\/\/schema.org","@graph":[{"@type":"Article","@id":"https:\/\/www.musikzeitung.ch\/news\/2024\/11\/keller-und-schweitzer-in-paris-erfolgreich#article","isPartOf":{"@id":"https:\/\/www.musikzeitung.ch\/news\/2024\/11\/keller-und-schweitzer-in-paris-erfolgreich"},"author":{"name":"Wolfgang B\u00f6hler","@id":"https:\/\/www.musikzeitung.ch\/#\/schema\/person\/0da4fb82d243f1252850a35d0e87cf0c"},"headline":"Keller und Schweitzer in Paris erfolgreich","datePublished":"2024-11-13T05:10:35+00:00","dateModified":"2024-11-13T13:29:52+00:00","mainEntityOfPage":{"@id":"https:\/\/www.musikzeitung.ch\/news\/2024\/11\/keller-und-schweitzer-in-paris-erfolgreich"},"wordCount":158,"publisher":{"@id":"https:\/\/www.musikzeitung.ch\/#organization"},"image":{"@id":"https:\/\/www.musikzeitung.ch\/news\/2024\/11\/keller-und-schweitzer-in-paris-erfolgreich#primaryimage"},"thumbnailUrl":"https:\/\/www.musikzeitung.ch\/wp-content\/uploads\/2024\/11\/241113hkb.jpg","keywords":["Concours International d\u2018Art Vocal George Enesco","Concours International Leopold Bellan","Iris Keller","Janina Schweitzer"],"articleSection":["News"],"inLanguage":"en-US"},{"@type":"WebPage","@id":"https:\/\/www.musikzeitung.ch\/news\/2024\/11\/keller-und-schweitzer-in-paris-erfolgreich","url":"https:\/\/www.musikzeitung.ch\/news\/2024\/11\/keller-und-schweitzer-in-paris-erfolgreich","name":"Keller und Schweitzer in Paris erfolgreich - Schweizer Musikzeitung","isPartOf":{"@id":"https:\/\/www.musikzeitung.ch\/#website"},"primaryImageOfPage":{"@id":"https:\/\/www.musikzeitung.ch\/news\/2024\/11\/keller-und-schweitzer-in-paris-erfolgreich#primaryimage"},"image":{"@id":"https:\/\/www.musikzeitung.ch\/news\/2024\/11\/keller-und-schweitzer-in-paris-erfolgreich#primaryimage"},"thumbnailUrl":"https:\/\/www.musikzeitung.ch\/wp-content\/uploads\/2024\/11\/241113hkb.jpg","datePublished":"2024-11-13T05:10:35+00:00","dateModified":"2024-11-13T13:29:52+00:00","description":"Iris Keller and Janina Schweitzer, two students from Bern University of the Arts (BUA), have won competitions in Paris.","breadcrumb":{"@id":"https:\/\/www.musikzeitung.ch\/news\/2024\/11\/keller-und-schweitzer-in-paris-erfolgreich#breadcrumb"},"inLanguage":"en-US","potentialAction":[{"@type":"ReadAction","target":["https:\/\/www.musikzeitung.ch\/news\/2024\/11\/keller-und-schweitzer-in-paris-erfolgreich"]}]},{"@type":"ImageObject","inLanguage":"en-US","@id":"https:\/\/www.musikzeitung.ch\/news\/2024\/11\/keller-und-schweitzer-in-paris-erfolgreich#primaryimage","url":"https:\/\/www.musikzeitung.ch\/wp-content\/uploads\/2024\/11\/241113hkb.jpg","contentUrl":"https:\/\/www.musikzeitung.ch\/wp-content\/uploads\/2024\/11\/241113hkb.jpg","width":902,"height":452,"caption":"Janina Schweitzer (l.) und Iris Keller (Bild: HKB)"},{"@type":"BreadcrumbList","@id":"https:\/\/www.musikzeitung.ch\/news\/2024\/11\/keller-und-schweitzer-in-paris-erfolgreich#breadcrumb","itemListElement":[{"@type":"ListItem","position":1,"name":"Home","item":"https:\/\/www.musikzeitung.ch\/"},{"@type":"ListItem","position":2,"name":"Keller und Schweitzer in Paris erfolgreich"}]},{"@type":"WebSite","@id":"https:\/\/www.musikzeitung.ch\/#website","url":"https:\/\/www.musikzeitung.ch\/","name":"Swiss Music Newspaper","description":"The leading interdisciplinary monthly newspaper in Switzerland for musical issues.","publisher":{"@id":"https:\/\/www.musikzeitung.ch\/#organization"},"potentialAction":[{"@type":"SearchAction","target":{"@type":"EntryPoint","urlTemplate":"https:\/\/www.musikzeitung.ch\/?s={search_term_string}"},"query-input":{"@type":"PropertyValueSpecification","valueRequired":true,"valueName":"search_term_string"}}],"inLanguage":"en-US"},{"@type":"Organization","@id":"https:\/\/www.musikzeitung.ch\/#organization","name":"Swiss Music Newspaper","url":"https:\/\/www.musikzeitung.ch\/","logo":{"@type":"ImageObject","inLanguage":"en-US","@id":"https:\/\/www.musikzeitung.ch\/#\/schema\/logo\/image\/","url":"https:\/\/www.musikzeitung.ch\/wp-content\/uploads\/2023\/01\/SMZ_Schriftzug_Sprache.png","contentUrl":"https:\/\/www.musikzeitung.ch\/wp-content\/uploads\/2023\/01\/SMZ_Schriftzug_Sprache.png","width":1400,"height":279,"caption":"Schweizer Musikzeitung"},"image":{"@id":"https:\/\/www.musikzeitung.ch\/#\/schema\/logo\/image\/"},"sameAs":["https:\/\/www.facebook.com\/SchweizerMusikzeitung\/","https:\/\/x.com\/smusikzeitung","https:\/\/www.instagram.com\/musikzeitung.ch\/"]},{"@type":"Person","@id":"https:\/\/www.musikzeitung.ch\/#\/schema\/person\/0da4fb82d243f1252850a35d0e87cf0c","name":"Wolfgang B\u00f6hler","image":{"@type":"ImageObject","inLanguage":"en-US","@id":"https:\/\/www.musikzeitung.ch\/wp-content\/uploads\/2023\/01\/boehler_portraet_web-e1674139782246-96x96.jpg","url":"https:\/\/www.musikzeitung.ch\/wp-content\/uploads\/2023\/01\/boehler_portraet_web-e1674139782246-96x96.jpg","contentUrl":"https:\/\/www.musikzeitung.ch\/wp-content\/uploads\/2023\/01\/boehler_portraet_web-e1674139782246-96x96.jpg","caption":"Wolfgang B\u00f6hler"},"sameAs":["http:\/\/www.manacanto.ch","https:\/\/www.facebook.com\/wolfgang.bohler.75"],"url":"https:\/\/www.musikzeitung.ch\/en\/author\/wolfgang-boehler"}]}},"publishpress_future_workflow_manual_trigger":{"enabledWorkflows":[]},"_links":{"self":[{"href":"https:\/\/www.musikzeitung.ch\/en\/wp-json\/wp\/v2\/posts\/60393","targetHints":{"allow":["GET"]}}],"collection":[{"href":"https:\/\/www.musikzeitung.ch\/en\/wp-json\/wp\/v2\/posts"}],"about":[{"href":"https:\/\/www.musikzeitung.ch\/en\/wp-json\/wp\/v2\/types\/post"}],"author":[{"embeddable":true,"href":"https:\/\/www.musikzeitung.ch\/en\/wp-json\/wp\/v2\/users\/30"}],"replies":[{"embeddable":true,"href":"https:\/\/www.musikzeitung.ch\/en\/wp-json\/wp\/v2\/comments?post=60393"}],"version-history":[{"count":4,"href":"https:\/\/www.musikzeitung.ch\/en\/wp-json\/wp\/v2\/posts\/60393\/revisions"}],"predecessor-version":[{"id":60400,"href":"https:\/\/www.musikzeitung.ch\/en\/wp-json\/wp\/v2\/posts\/60393\/revisions\/60400"}],"wp:featuredmedia":[{"embeddable":true,"href":"https:\/\/www.musikzeitung.ch\/en\/wp-json\/wp\/v2\/media\/60394"}],"wp:attachment":[{"href":"https:\/\/www.musikzeitung.ch\/en\/wp-json\/wp\/v2\/media?parent=60393"}],"wp:term":[{"taxonomy":"category","embeddable":true,"href":"https:\/\/www.musikzeitung.ch\/en\/wp-json\/wp\/v2\/categories?post=60393"},{"taxonomy":"post_tag","embeddable":true,"href":"https:\/\/www.musikzeitung.ch\/en\/wp-json\/wp\/v2\/tags?post=60393"}],"curies":[{"name":"wp","href":"https:\/\/api.w.org\/{rel}","templated":true}]}}