{"id":60404,"date":"2024-11-14T10:49:26","date_gmt":"2024-11-14T09:49:26","guid":{"rendered":"https:\/\/www.musikzeitung.ch\/?p=60404"},"modified":"2024-11-14T15:56:37","modified_gmt":"2024-11-14T14:56:37","slug":"appenzell-ausserrhoden-ehrt-kulturschaffende","status":"publish","type":"post","link":"https:\/\/www.musikzeitung.ch\/en\/news\/2024\/11\/appenzell-ausserrhoden-ehrt-kulturschaffende","title":{"rendered":"Appenzell Ausserrhoden honors creative artists"},"content":{"rendered":"<figure id=\"attachment_60406\" aria-describedby=\"caption-attachment-60406\" style=\"width: 936px\" class=\"wp-caption alignnone\"><img loading=\"lazy\" decoding=\"async\" class=\"size-full wp-image-60406\" src=\"https:\/\/www.musikzeitung.ch\/wp-content\/uploads\/2024\/11\/241114AR.jpg\" alt=\"\" width=\"936\" height=\"623\" srcset=\"https:\/\/www.musikzeitung.ch\/wp-content\/uploads\/2024\/11\/241114AR.jpg 936w, https:\/\/www.musikzeitung.ch\/wp-content\/uploads\/2024\/11\/241114AR-300x200.jpg 300w, https:\/\/www.musikzeitung.ch\/wp-content\/uploads\/2024\/11\/241114AR-600x400.jpg 600w, https:\/\/www.musikzeitung.ch\/wp-content\/uploads\/2024\/11\/241114AR-768x511.jpg 768w, https:\/\/www.musikzeitung.ch\/wp-content\/uploads\/2024\/11\/241114AR-18x12.jpg 18w, https:\/\/www.musikzeitung.ch\/wp-content\/uploads\/2024\/11\/241114AR-263x175.jpg 263w, https:\/\/www.musikzeitung.ch\/wp-content\/uploads\/2024\/11\/241114AR-526x350.jpg 526w, https:\/\/www.musikzeitung.ch\/wp-content\/uploads\/2024\/11\/241114AR-920x612.jpg 920w\" sizes=\"auto, (max-width: 936px) 100vw, 936px\" \/><figcaption id=\"caption-attachment-60406\" class=\"wp-caption-text\">Award presentation to Gisa Frank (Image: AR)<\/figcaption><\/figure>\n<p>Chorwald is the second winner of the Ausserrhoden Recognition Award. According to the canton, choral singing has a long tradition in Appenzell Ausserrhoden and encourages a broad public to engage in cultural activities. Individual professional musicians such as J\u00fcrg Surber, the long-standing conductor of the Chorwald, are often able to motivate choirs with their enthusiasm and expertise. This year's cantonal recognition award is therefore also representative of the great commitment shown by other choirs in the canton.<\/p>\n<p>Founded in 1983 as Gemischter Chor Wald AR from a merger between the men's choir founded in 1879 and the women's and daughters' choir founded in 1904, the Chorwald is now a regional choir with over 60 active members from all the surrounding villages.<\/p>\n<p>The performer and choreographer Gisa Frank received the Culture Prize, which is endowed with 25,000 francs. She was born in 1960 and grew up in southern Germany and on Lake Constance in Thurgau. She has lived in Rehetobel since 1988. Gisa Frank, trained in contemporary dance, performative forms of movement and bodywork, has been active in the canton of Appenzell Ausserrhoden for more than twenty years.<\/p>","protected":false},"excerpt":{"rendered":"<p>The Canton of Appenzell Ausserrhoden presented the CHF 10,000 recognition prize to Chorwald under the direction of conductor J\u00fcrg Surber.<\/p>","protected":false},"author":30,"featured_media":60406,"comment_status":"closed","ping_status":"closed","sticky":false,"template":"","format":"standard","meta":{"_acf_changed":false,"_relevanssi_hide_post":"","_relevanssi_hide_content":"","_relevanssi_pin_for_all":"","_relevanssi_pin_keywords":"","_relevanssi_unpin_keywords":"","_relevanssi_related_keywords":"","_relevanssi_related_include_ids":"","_relevanssi_related_exclude_ids":"","_relevanssi_related_no_append":"","_relevanssi_related_not_related":"","_relevanssi_related_posts":"","_relevanssi_noindex_reason":"","pgc_sgb_lightbox_settings":"","footnotes":""},"categories":[27],"tags":[4255,4256,4566],"class_list":["post-60404","post","type-post","status-publish","format-standard","has-post-thumbnail","hentry","category-news","tag-appenzel-ausserrhoden","tag-chorwald","tag-gisa-frank"],"acf":[],"yoast_head":"<!-- This site is optimized with the Yoast SEO plugin v27.4 - https:\/\/yoast.com\/product\/yoast-seo-wordpress\/ -->\n<title>Appenzell Ausserrhoden ehrt Kulturschaffende - Schweizer Musikzeitung<\/title>\n<meta name=\"description\" content=\"Der Kanton Appenzell Ausserrhoden hat den mit 10&#039;000 Franken dotierten Anerkennungspreis dem Chorwald unter Leitung des Dirigenten J\u00fcrg Surber \u00fcberreicht.\" \/>\n<meta name=\"robots\" content=\"index, follow, max-snippet:-1, max-image-preview:large, max-video-preview:-1\" \/>\n<link rel=\"canonical\" href=\"https:\/\/www.musikzeitung.ch\/en\/news\/2024\/11\/appenzell-ausserrhoden-ehrt-kulturschaffende\/\" \/>\n<meta property=\"og:locale\" content=\"en_US\" \/>\n<meta property=\"og:type\" content=\"article\" \/>\n<meta property=\"og:title\" content=\"Appenzell Ausserrhoden ehrt Kulturschaffende - Schweizer Musikzeitung\" \/>\n<meta property=\"og:description\" content=\"Der Kanton Appenzell Ausserrhoden hat den mit 10&#039;000 Franken dotierten Anerkennungspreis dem Chorwald unter Leitung des Dirigenten J\u00fcrg Surber \u00fcberreicht.\" \/>\n<meta property=\"og:url\" content=\"https:\/\/www.musikzeitung.ch\/en\/news\/2024\/11\/appenzell-ausserrhoden-ehrt-kulturschaffende\/\" \/>\n<meta property=\"og:site_name\" content=\"Schweizer Musikzeitung\" \/>\n<meta property=\"article:publisher\" content=\"https:\/\/www.facebook.com\/SchweizerMusikzeitung\/\" \/>\n<meta property=\"article:author\" content=\"https:\/\/www.facebook.com\/wolfgang.bohler.75\" \/>\n<meta property=\"article:published_time\" content=\"2024-11-14T09:49:26+00:00\" \/>\n<meta property=\"article:modified_time\" content=\"2024-11-14T14:56:37+00:00\" \/>\n<meta property=\"og:image\" content=\"https:\/\/www.musikzeitung.ch\/wp-content\/uploads\/2024\/11\/241114AR.jpg\" \/>\n\t<meta property=\"og:image:width\" content=\"936\" \/>\n\t<meta property=\"og:image:height\" content=\"623\" \/>\n\t<meta property=\"og:image:type\" content=\"image\/jpeg\" \/>\n<meta name=\"author\" content=\"Wolfgang B\u00f6hler\" \/>\n<meta name=\"twitter:card\" content=\"summary_large_image\" \/>\n<meta name=\"twitter:creator\" content=\"@smusikzeitung\" \/>\n<meta name=\"twitter:site\" content=\"@smusikzeitung\" \/>\n<meta name=\"twitter:label1\" content=\"Written by\" \/>\n\t<meta name=\"twitter:data1\" content=\"Wolfgang B\u00f6hler\" \/>\n\t<meta name=\"twitter:label2\" content=\"Est. reading time\" \/>\n\t<meta name=\"twitter:data2\" content=\"2 minutes\" \/>\n<script type=\"application\/ld+json\" class=\"yoast-schema-graph\">{\"@context\":\"https:\\\/\\\/schema.org\",\"@graph\":[{\"@type\":\"Article\",\"@id\":\"https:\\\/\\\/www.musikzeitung.ch\\\/news\\\/2024\\\/11\\\/appenzell-ausserrhoden-ehrt-kulturschaffende#article\",\"isPartOf\":{\"@id\":\"https:\\\/\\\/www.musikzeitung.ch\\\/news\\\/2024\\\/11\\\/appenzell-ausserrhoden-ehrt-kulturschaffende\"},\"author\":{\"name\":\"Wolfgang B\u00f6hler\",\"@id\":\"https:\\\/\\\/www.musikzeitung.ch\\\/#\\\/schema\\\/person\\\/0da4fb82d243f1252850a35d0e87cf0c\"},\"headline\":\"Appenzell Ausserrhoden ehrt Kulturschaffende\",\"datePublished\":\"2024-11-14T09:49:26+00:00\",\"dateModified\":\"2024-11-14T14:56:37+00:00\",\"mainEntityOfPage\":{\"@id\":\"https:\\\/\\\/www.musikzeitung.ch\\\/news\\\/2024\\\/11\\\/appenzell-ausserrhoden-ehrt-kulturschaffende\"},\"wordCount\":190,\"publisher\":{\"@id\":\"https:\\\/\\\/www.musikzeitung.ch\\\/#organization\"},\"image\":{\"@id\":\"https:\\\/\\\/www.musikzeitung.ch\\\/news\\\/2024\\\/11\\\/appenzell-ausserrhoden-ehrt-kulturschaffende#primaryimage\"},\"thumbnailUrl\":\"https:\\\/\\\/www.musikzeitung.ch\\\/wp-content\\\/uploads\\\/2024\\\/11\\\/241114AR.jpg\",\"keywords\":[\"Appenzel Ausserrhoden\",\"Chorwald\",\"Gisa Frank\"],\"articleSection\":[\"News\"],\"inLanguage\":\"en-US\"},{\"@type\":\"WebPage\",\"@id\":\"https:\\\/\\\/www.musikzeitung.ch\\\/news\\\/2024\\\/11\\\/appenzell-ausserrhoden-ehrt-kulturschaffende\",\"url\":\"https:\\\/\\\/www.musikzeitung.ch\\\/news\\\/2024\\\/11\\\/appenzell-ausserrhoden-ehrt-kulturschaffende\",\"name\":\"Appenzell Ausserrhoden ehrt Kulturschaffende - Schweizer Musikzeitung\",\"isPartOf\":{\"@id\":\"https:\\\/\\\/www.musikzeitung.ch\\\/#website\"},\"primaryImageOfPage\":{\"@id\":\"https:\\\/\\\/www.musikzeitung.ch\\\/news\\\/2024\\\/11\\\/appenzell-ausserrhoden-ehrt-kulturschaffende#primaryimage\"},\"image\":{\"@id\":\"https:\\\/\\\/www.musikzeitung.ch\\\/news\\\/2024\\\/11\\\/appenzell-ausserrhoden-ehrt-kulturschaffende#primaryimage\"},\"thumbnailUrl\":\"https:\\\/\\\/www.musikzeitung.ch\\\/wp-content\\\/uploads\\\/2024\\\/11\\\/241114AR.jpg\",\"datePublished\":\"2024-11-14T09:49:26+00:00\",\"dateModified\":\"2024-11-14T14:56:37+00:00\",\"description\":\"Der Kanton Appenzell Ausserrhoden hat den mit 10'000 Franken dotierten Anerkennungspreis dem Chorwald unter Leitung des Dirigenten J\u00fcrg Surber \u00fcberreicht.\",\"breadcrumb\":{\"@id\":\"https:\\\/\\\/www.musikzeitung.ch\\\/news\\\/2024\\\/11\\\/appenzell-ausserrhoden-ehrt-kulturschaffende#breadcrumb\"},\"inLanguage\":\"en-US\",\"potentialAction\":[{\"@type\":\"ReadAction\",\"target\":[\"https:\\\/\\\/www.musikzeitung.ch\\\/news\\\/2024\\\/11\\\/appenzell-ausserrhoden-ehrt-kulturschaffende\"]}]},{\"@type\":\"ImageObject\",\"inLanguage\":\"en-US\",\"@id\":\"https:\\\/\\\/www.musikzeitung.ch\\\/news\\\/2024\\\/11\\\/appenzell-ausserrhoden-ehrt-kulturschaffende#primaryimage\",\"url\":\"https:\\\/\\\/www.musikzeitung.ch\\\/wp-content\\\/uploads\\\/2024\\\/11\\\/241114AR.jpg\",\"contentUrl\":\"https:\\\/\\\/www.musikzeitung.ch\\\/wp-content\\\/uploads\\\/2024\\\/11\\\/241114AR.jpg\",\"width\":936,\"height\":623,\"caption\":\"Preis\u00fcbergabe an Gisa Frank (Bild: AR)\"},{\"@type\":\"BreadcrumbList\",\"@id\":\"https:\\\/\\\/www.musikzeitung.ch\\\/news\\\/2024\\\/11\\\/appenzell-ausserrhoden-ehrt-kulturschaffende#breadcrumb\",\"itemListElement\":[{\"@type\":\"ListItem\",\"position\":1,\"name\":\"Home\",\"item\":\"https:\\\/\\\/www.musikzeitung.ch\\\/\"},{\"@type\":\"ListItem\",\"position\":2,\"name\":\"Appenzell Ausserrhoden ehrt Kulturschaffende\"}]},{\"@type\":\"WebSite\",\"@id\":\"https:\\\/\\\/www.musikzeitung.ch\\\/#website\",\"url\":\"https:\\\/\\\/www.musikzeitung.ch\\\/\",\"name\":\"Schweizer Musikzeitung\",\"description\":\"Die f\u00fchrende sparten\u00fcbergreifende Monatszeitung in der Schweiz f\u00fcr musikalische Fragen.\",\"publisher\":{\"@id\":\"https:\\\/\\\/www.musikzeitung.ch\\\/#organization\"},\"potentialAction\":[{\"@type\":\"SearchAction\",\"target\":{\"@type\":\"EntryPoint\",\"urlTemplate\":\"https:\\\/\\\/www.musikzeitung.ch\\\/?s={search_term_string}\"},\"query-input\":{\"@type\":\"PropertyValueSpecification\",\"valueRequired\":true,\"valueName\":\"search_term_string\"}}],\"inLanguage\":\"en-US\"},{\"@type\":\"Organization\",\"@id\":\"https:\\\/\\\/www.musikzeitung.ch\\\/#organization\",\"name\":\"Schweizer Musikzeitung\",\"url\":\"https:\\\/\\\/www.musikzeitung.ch\\\/\",\"logo\":{\"@type\":\"ImageObject\",\"inLanguage\":\"en-US\",\"@id\":\"https:\\\/\\\/www.musikzeitung.ch\\\/#\\\/schema\\\/logo\\\/image\\\/\",\"url\":\"https:\\\/\\\/www.musikzeitung.ch\\\/wp-content\\\/uploads\\\/2023\\\/01\\\/SMZ_Schriftzug_Sprache.png\",\"contentUrl\":\"https:\\\/\\\/www.musikzeitung.ch\\\/wp-content\\\/uploads\\\/2023\\\/01\\\/SMZ_Schriftzug_Sprache.png\",\"width\":1400,\"height\":279,\"caption\":\"Schweizer Musikzeitung\"},\"image\":{\"@id\":\"https:\\\/\\\/www.musikzeitung.ch\\\/#\\\/schema\\\/logo\\\/image\\\/\"},\"sameAs\":[\"https:\\\/\\\/www.facebook.com\\\/SchweizerMusikzeitung\\\/\",\"https:\\\/\\\/x.com\\\/smusikzeitung\",\"https:\\\/\\\/www.instagram.com\\\/musikzeitung.ch\\\/\"]},{\"@type\":\"Person\",\"@id\":\"https:\\\/\\\/www.musikzeitung.ch\\\/#\\\/schema\\\/person\\\/0da4fb82d243f1252850a35d0e87cf0c\",\"name\":\"Wolfgang B\u00f6hler\",\"image\":{\"@type\":\"ImageObject\",\"inLanguage\":\"en-US\",\"@id\":\"https:\\\/\\\/www.musikzeitung.ch\\\/wp-content\\\/uploads\\\/2023\\\/01\\\/boehler_portraet_web-e1674139782246-96x96.jpg\",\"url\":\"https:\\\/\\\/www.musikzeitung.ch\\\/wp-content\\\/uploads\\\/2023\\\/01\\\/boehler_portraet_web-e1674139782246-96x96.jpg\",\"contentUrl\":\"https:\\\/\\\/www.musikzeitung.ch\\\/wp-content\\\/uploads\\\/2023\\\/01\\\/boehler_portraet_web-e1674139782246-96x96.jpg\",\"caption\":\"Wolfgang B\u00f6hler\"},\"sameAs\":[\"http:\\\/\\\/www.manacanto.ch\",\"https:\\\/\\\/www.facebook.com\\\/wolfgang.bohler.75\"],\"url\":\"https:\\\/\\\/www.musikzeitung.ch\\\/en\\\/author\\\/wolfgang-boehler\"}]}<\/script>\n<!-- \/ Yoast SEO plugin. -->","yoast_head_json":{"title":"Appenzell Ausserrhoden ehrt Kulturschaffende - Schweizer Musikzeitung","description":"The Canton of Appenzell Ausserrhoden presented the CHF 10,000 recognition prize to Chorwald under the direction of conductor J\u00fcrg Surber.","robots":{"index":"index","follow":"follow","max-snippet":"max-snippet:-1","max-image-preview":"max-image-preview:large","max-video-preview":"max-video-preview:-1"},"canonical":"https:\/\/www.musikzeitung.ch\/en\/news\/2024\/11\/appenzell-ausserrhoden-ehrt-kulturschaffende\/","og_locale":"en_US","og_type":"article","og_title":"Appenzell Ausserrhoden ehrt Kulturschaffende - Schweizer Musikzeitung","og_description":"Der Kanton Appenzell Ausserrhoden hat den mit 10'000 Franken dotierten Anerkennungspreis dem Chorwald unter Leitung des Dirigenten J\u00fcrg Surber \u00fcberreicht.","og_url":"https:\/\/www.musikzeitung.ch\/en\/news\/2024\/11\/appenzell-ausserrhoden-ehrt-kulturschaffende\/","og_site_name":"Schweizer Musikzeitung","article_publisher":"https:\/\/www.facebook.com\/SchweizerMusikzeitung\/","article_author":"https:\/\/www.facebook.com\/wolfgang.bohler.75","article_published_time":"2024-11-14T09:49:26+00:00","article_modified_time":"2024-11-14T14:56:37+00:00","og_image":[{"width":936,"height":623,"url":"https:\/\/www.musikzeitung.ch\/wp-content\/uploads\/2024\/11\/241114AR.jpg","type":"image\/jpeg"}],"author":"Wolfgang B\u00f6hler","twitter_card":"summary_large_image","twitter_creator":"@smusikzeitung","twitter_site":"@smusikzeitung","twitter_misc":{"Written by":"Wolfgang B\u00f6hler","Est. reading time":"2 minutes"},"schema":{"@context":"https:\/\/schema.org","@graph":[{"@type":"Article","@id":"https:\/\/www.musikzeitung.ch\/news\/2024\/11\/appenzell-ausserrhoden-ehrt-kulturschaffende#article","isPartOf":{"@id":"https:\/\/www.musikzeitung.ch\/news\/2024\/11\/appenzell-ausserrhoden-ehrt-kulturschaffende"},"author":{"name":"Wolfgang B\u00f6hler","@id":"https:\/\/www.musikzeitung.ch\/#\/schema\/person\/0da4fb82d243f1252850a35d0e87cf0c"},"headline":"Appenzell Ausserrhoden ehrt Kulturschaffende","datePublished":"2024-11-14T09:49:26+00:00","dateModified":"2024-11-14T14:56:37+00:00","mainEntityOfPage":{"@id":"https:\/\/www.musikzeitung.ch\/news\/2024\/11\/appenzell-ausserrhoden-ehrt-kulturschaffende"},"wordCount":190,"publisher":{"@id":"https:\/\/www.musikzeitung.ch\/#organization"},"image":{"@id":"https:\/\/www.musikzeitung.ch\/news\/2024\/11\/appenzell-ausserrhoden-ehrt-kulturschaffende#primaryimage"},"thumbnailUrl":"https:\/\/www.musikzeitung.ch\/wp-content\/uploads\/2024\/11\/241114AR.jpg","keywords":["Appenzel Ausserrhoden","Chorwald","Gisa Frank"],"articleSection":["News"],"inLanguage":"en-US"},{"@type":"WebPage","@id":"https:\/\/www.musikzeitung.ch\/news\/2024\/11\/appenzell-ausserrhoden-ehrt-kulturschaffende","url":"https:\/\/www.musikzeitung.ch\/news\/2024\/11\/appenzell-ausserrhoden-ehrt-kulturschaffende","name":"Appenzell Ausserrhoden ehrt Kulturschaffende - Schweizer Musikzeitung","isPartOf":{"@id":"https:\/\/www.musikzeitung.ch\/#website"},"primaryImageOfPage":{"@id":"https:\/\/www.musikzeitung.ch\/news\/2024\/11\/appenzell-ausserrhoden-ehrt-kulturschaffende#primaryimage"},"image":{"@id":"https:\/\/www.musikzeitung.ch\/news\/2024\/11\/appenzell-ausserrhoden-ehrt-kulturschaffende#primaryimage"},"thumbnailUrl":"https:\/\/www.musikzeitung.ch\/wp-content\/uploads\/2024\/11\/241114AR.jpg","datePublished":"2024-11-14T09:49:26+00:00","dateModified":"2024-11-14T14:56:37+00:00","description":"The Canton of Appenzell Ausserrhoden presented the CHF 10,000 recognition prize to Chorwald under the direction of conductor J\u00fcrg Surber.","breadcrumb":{"@id":"https:\/\/www.musikzeitung.ch\/news\/2024\/11\/appenzell-ausserrhoden-ehrt-kulturschaffende#breadcrumb"},"inLanguage":"en-US","potentialAction":[{"@type":"ReadAction","target":["https:\/\/www.musikzeitung.ch\/news\/2024\/11\/appenzell-ausserrhoden-ehrt-kulturschaffende"]}]},{"@type":"ImageObject","inLanguage":"en-US","@id":"https:\/\/www.musikzeitung.ch\/news\/2024\/11\/appenzell-ausserrhoden-ehrt-kulturschaffende#primaryimage","url":"https:\/\/www.musikzeitung.ch\/wp-content\/uploads\/2024\/11\/241114AR.jpg","contentUrl":"https:\/\/www.musikzeitung.ch\/wp-content\/uploads\/2024\/11\/241114AR.jpg","width":936,"height":623,"caption":"Preis\u00fcbergabe an Gisa Frank (Bild: AR)"},{"@type":"BreadcrumbList","@id":"https:\/\/www.musikzeitung.ch\/news\/2024\/11\/appenzell-ausserrhoden-ehrt-kulturschaffende#breadcrumb","itemListElement":[{"@type":"ListItem","position":1,"name":"Home","item":"https:\/\/www.musikzeitung.ch\/"},{"@type":"ListItem","position":2,"name":"Appenzell Ausserrhoden ehrt Kulturschaffende"}]},{"@type":"WebSite","@id":"https:\/\/www.musikzeitung.ch\/#website","url":"https:\/\/www.musikzeitung.ch\/","name":"Swiss Music Newspaper","description":"The leading interdisciplinary monthly newspaper in Switzerland for musical issues.","publisher":{"@id":"https:\/\/www.musikzeitung.ch\/#organization"},"potentialAction":[{"@type":"SearchAction","target":{"@type":"EntryPoint","urlTemplate":"https:\/\/www.musikzeitung.ch\/?s={search_term_string}"},"query-input":{"@type":"PropertyValueSpecification","valueRequired":true,"valueName":"search_term_string"}}],"inLanguage":"en-US"},{"@type":"Organization","@id":"https:\/\/www.musikzeitung.ch\/#organization","name":"Swiss Music Newspaper","url":"https:\/\/www.musikzeitung.ch\/","logo":{"@type":"ImageObject","inLanguage":"en-US","@id":"https:\/\/www.musikzeitung.ch\/#\/schema\/logo\/image\/","url":"https:\/\/www.musikzeitung.ch\/wp-content\/uploads\/2023\/01\/SMZ_Schriftzug_Sprache.png","contentUrl":"https:\/\/www.musikzeitung.ch\/wp-content\/uploads\/2023\/01\/SMZ_Schriftzug_Sprache.png","width":1400,"height":279,"caption":"Schweizer Musikzeitung"},"image":{"@id":"https:\/\/www.musikzeitung.ch\/#\/schema\/logo\/image\/"},"sameAs":["https:\/\/www.facebook.com\/SchweizerMusikzeitung\/","https:\/\/x.com\/smusikzeitung","https:\/\/www.instagram.com\/musikzeitung.ch\/"]},{"@type":"Person","@id":"https:\/\/www.musikzeitung.ch\/#\/schema\/person\/0da4fb82d243f1252850a35d0e87cf0c","name":"Wolfgang B\u00f6hler","image":{"@type":"ImageObject","inLanguage":"en-US","@id":"https:\/\/www.musikzeitung.ch\/wp-content\/uploads\/2023\/01\/boehler_portraet_web-e1674139782246-96x96.jpg","url":"https:\/\/www.musikzeitung.ch\/wp-content\/uploads\/2023\/01\/boehler_portraet_web-e1674139782246-96x96.jpg","contentUrl":"https:\/\/www.musikzeitung.ch\/wp-content\/uploads\/2023\/01\/boehler_portraet_web-e1674139782246-96x96.jpg","caption":"Wolfgang B\u00f6hler"},"sameAs":["http:\/\/www.manacanto.ch","https:\/\/www.facebook.com\/wolfgang.bohler.75"],"url":"https:\/\/www.musikzeitung.ch\/en\/author\/wolfgang-boehler"}]}},"publishpress_future_workflow_manual_trigger":{"enabledWorkflows":[]},"_links":{"self":[{"href":"https:\/\/www.musikzeitung.ch\/en\/wp-json\/wp\/v2\/posts\/60404","targetHints":{"allow":["GET"]}}],"collection":[{"href":"https:\/\/www.musikzeitung.ch\/en\/wp-json\/wp\/v2\/posts"}],"about":[{"href":"https:\/\/www.musikzeitung.ch\/en\/wp-json\/wp\/v2\/types\/post"}],"author":[{"embeddable":true,"href":"https:\/\/www.musikzeitung.ch\/en\/wp-json\/wp\/v2\/users\/30"}],"replies":[{"embeddable":true,"href":"https:\/\/www.musikzeitung.ch\/en\/wp-json\/wp\/v2\/comments?post=60404"}],"version-history":[{"count":4,"href":"https:\/\/www.musikzeitung.ch\/en\/wp-json\/wp\/v2\/posts\/60404\/revisions"}],"predecessor-version":[{"id":60409,"href":"https:\/\/www.musikzeitung.ch\/en\/wp-json\/wp\/v2\/posts\/60404\/revisions\/60409"}],"wp:featuredmedia":[{"embeddable":true,"href":"https:\/\/www.musikzeitung.ch\/en\/wp-json\/wp\/v2\/media\/60406"}],"wp:attachment":[{"href":"https:\/\/www.musikzeitung.ch\/en\/wp-json\/wp\/v2\/media?parent=60404"}],"wp:term":[{"taxonomy":"category","embeddable":true,"href":"https:\/\/www.musikzeitung.ch\/en\/wp-json\/wp\/v2\/categories?post=60404"},{"taxonomy":"post_tag","embeddable":true,"href":"https:\/\/www.musikzeitung.ch\/en\/wp-json\/wp\/v2\/tags?post=60404"}],"curies":[{"name":"wp","href":"https:\/\/api.w.org\/{rel}","templated":true}]}}