{"id":60463,"date":"2024-11-18T08:44:01","date_gmt":"2024-11-18T07:44:01","guid":{"rendered":"https:\/\/www.musikzeitung.ch\/?p=60463"},"modified":"2024-11-18T09:11:47","modified_gmt":"2024-11-18T08:11:47","slug":"nikitassova-unterrichtet-in-muenchen","status":"publish","type":"post","link":"https:\/\/www.musikzeitung.ch\/en\/news\/2024\/11\/nikitassova-unterrichtet-in-muenchen","title":{"rendered":"Nikitassova teaches in Munich"},"content":{"rendered":"<figure id=\"attachment_60465\" aria-describedby=\"caption-attachment-60465\" style=\"width: 815px\" class=\"wp-caption alignnone\"><img loading=\"lazy\" decoding=\"async\" class=\"size-full wp-image-60465\" src=\"https:\/\/www.musikzeitung.ch\/wp-content\/uploads\/2024\/11\/241118mhms.jpg\" alt=\"\" width=\"815\" height=\"538\" srcset=\"https:\/\/www.musikzeitung.ch\/wp-content\/uploads\/2024\/11\/241118mhms.jpg 815w, https:\/\/www.musikzeitung.ch\/wp-content\/uploads\/2024\/11\/241118mhms-300x198.jpg 300w, https:\/\/www.musikzeitung.ch\/wp-content\/uploads\/2024\/11\/241118mhms-768x507.jpg 768w, https:\/\/www.musikzeitung.ch\/wp-content\/uploads\/2024\/11\/241118mhms-18x12.jpg 18w, https:\/\/www.musikzeitung.ch\/wp-content\/uploads\/2024\/11\/241118mhms-265x175.jpg 265w, https:\/\/www.musikzeitung.ch\/wp-content\/uploads\/2024\/11\/241118mhms-530x350.jpg 530w\" sizes=\"auto, (max-width: 815px) 100vw, 815px\" \/><figcaption id=\"caption-attachment-60465\" class=\"wp-caption-text\">Plamena Nikitassova (Image: Tashko Tasheff)<\/figcaption><\/figure>\n<p><a href=\"https:\/\/nikitassova.com\/\" target=\"_blank\" rel=\"noopener\">Plamena Nikitassova<\/a>s artistic focus is the study of the violin repertoire of the Baroque, Classical and Romantic periods, with the aim of performing works from the 17th to 19th centuries by exploring the theoretical source material and the technical characteristics of the period.<\/p>\n<p>In addition to her busy concert schedule as a soloist and chamber musician, Plamena Nikitassova was concertmaster of the Johann Sebastian Bach Foundation in St. Gallen from 2013 to 2017. In 2020, she also founded the chamber music series in Basel <em>In the course of time<\/em>.<\/p>\n<p>Plamena Nikitassova, born in Varna, Bulgaria, began playing the violin at the age of five and was awarded a scholarship at the age of 16, which took her to Switzerland to study music. She studied classical violin at the Geneva University of Music and at the Vienna University of Music. After meeting the violinist Jaap Schr\u00f6der (Amsterdam), Nikitassova turned to early music and completed her studies in Renaissance and Baroque violin with Chiara Banchini at the Schola Cantorum Basiliensis in 2005.<\/p>","protected":false},"excerpt":{"rendered":"<p>Plamena Nikitassova, the former concertmaster of the Johann Sebastian Bach Foundation in St. Gallen, has been appointed professor of baroque violin at the University of Music and Performing Arts Munich (HMTM).<\/p>","protected":false},"author":30,"featured_media":60465,"comment_status":"closed","ping_status":"closed","sticky":false,"template":"","format":"standard","meta":{"_acf_changed":false,"_relevanssi_hide_post":"","_relevanssi_hide_content":"","_relevanssi_pin_for_all":"","_relevanssi_pin_keywords":"","_relevanssi_unpin_keywords":"","_relevanssi_related_keywords":"","_relevanssi_related_include_ids":"","_relevanssi_related_exclude_ids":"","_relevanssi_related_no_append":"","_relevanssi_related_not_related":"","_relevanssi_related_posts":"","_relevanssi_noindex_reason":"","pgc_sgb_lightbox_settings":"","footnotes":""},"categories":[27],"tags":[2368],"class_list":["post-60463","post","type-post","status-publish","format-standard","has-post-thumbnail","hentry","category-news","tag-plamena-nikitassova"],"acf":[],"yoast_head":"<!-- This site is optimized with the Yoast SEO plugin v27.4 - https:\/\/yoast.com\/product\/yoast-seo-wordpress\/ -->\n<title>Nikitassova unterrichtet in M\u00fcnchen - Schweizer Musikzeitung<\/title>\n<meta name=\"description\" content=\"Plamena Nikitassova, die ehemalige Konzertmeisterin der Johann Sebastian Bach Stiftung in St. Gallen, ist an die HMTM berufen worden.\" \/>\n<meta name=\"robots\" content=\"index, follow, max-snippet:-1, max-image-preview:large, max-video-preview:-1\" \/>\n<link rel=\"canonical\" href=\"https:\/\/www.musikzeitung.ch\/en\/news\/2024\/11\/nikitassova-unterrichtet-in-muenchen\/\" \/>\n<meta property=\"og:locale\" content=\"en_US\" \/>\n<meta property=\"og:type\" content=\"article\" \/>\n<meta property=\"og:title\" content=\"Nikitassova unterrichtet in M\u00fcnchen - Schweizer Musikzeitung\" \/>\n<meta property=\"og:description\" content=\"Plamena Nikitassova, die ehemalige Konzertmeisterin der Johann Sebastian Bach Stiftung in St. Gallen, ist an die HMTM berufen worden.\" \/>\n<meta property=\"og:url\" content=\"https:\/\/www.musikzeitung.ch\/en\/news\/2024\/11\/nikitassova-unterrichtet-in-muenchen\/\" \/>\n<meta property=\"og:site_name\" content=\"Schweizer Musikzeitung\" \/>\n<meta property=\"article:publisher\" content=\"https:\/\/www.facebook.com\/SchweizerMusikzeitung\/\" \/>\n<meta property=\"article:author\" content=\"https:\/\/www.facebook.com\/wolfgang.bohler.75\" \/>\n<meta property=\"article:published_time\" content=\"2024-11-18T07:44:01+00:00\" \/>\n<meta property=\"article:modified_time\" content=\"2024-11-18T08:11:47+00:00\" \/>\n<meta property=\"og:image\" content=\"https:\/\/www.musikzeitung.ch\/wp-content\/uploads\/2024\/11\/241118mhms.jpg\" \/>\n\t<meta property=\"og:image:width\" content=\"815\" \/>\n\t<meta property=\"og:image:height\" content=\"538\" \/>\n\t<meta property=\"og:image:type\" content=\"image\/jpeg\" \/>\n<meta name=\"author\" content=\"Wolfgang B\u00f6hler\" \/>\n<meta name=\"twitter:card\" content=\"summary_large_image\" \/>\n<meta name=\"twitter:creator\" content=\"@smusikzeitung\" \/>\n<meta name=\"twitter:site\" content=\"@smusikzeitung\" \/>\n<meta name=\"twitter:label1\" content=\"Written by\" \/>\n\t<meta name=\"twitter:data1\" content=\"Wolfgang B\u00f6hler\" \/>\n\t<meta name=\"twitter:label2\" content=\"Est. reading time\" \/>\n\t<meta name=\"twitter:data2\" content=\"2 minutes\" \/>\n<script type=\"application\/ld+json\" class=\"yoast-schema-graph\">{\"@context\":\"https:\\\/\\\/schema.org\",\"@graph\":[{\"@type\":\"Article\",\"@id\":\"https:\\\/\\\/www.musikzeitung.ch\\\/news\\\/2024\\\/11\\\/nikitassova-unterrichtet-in-muenchen#article\",\"isPartOf\":{\"@id\":\"https:\\\/\\\/www.musikzeitung.ch\\\/news\\\/2024\\\/11\\\/nikitassova-unterrichtet-in-muenchen\"},\"author\":{\"name\":\"Wolfgang B\u00f6hler\",\"@id\":\"https:\\\/\\\/www.musikzeitung.ch\\\/#\\\/schema\\\/person\\\/0da4fb82d243f1252850a35d0e87cf0c\"},\"headline\":\"Nikitassova unterrichtet in M\u00fcnchen\",\"datePublished\":\"2024-11-18T07:44:01+00:00\",\"dateModified\":\"2024-11-18T08:11:47+00:00\",\"mainEntityOfPage\":{\"@id\":\"https:\\\/\\\/www.musikzeitung.ch\\\/news\\\/2024\\\/11\\\/nikitassova-unterrichtet-in-muenchen\"},\"wordCount\":176,\"publisher\":{\"@id\":\"https:\\\/\\\/www.musikzeitung.ch\\\/#organization\"},\"image\":{\"@id\":\"https:\\\/\\\/www.musikzeitung.ch\\\/news\\\/2024\\\/11\\\/nikitassova-unterrichtet-in-muenchen#primaryimage\"},\"thumbnailUrl\":\"https:\\\/\\\/www.musikzeitung.ch\\\/wp-content\\\/uploads\\\/2024\\\/11\\\/241118mhms.jpg\",\"keywords\":[\"Plamena Nikitassova\"],\"articleSection\":[\"News\"],\"inLanguage\":\"en-US\"},{\"@type\":\"WebPage\",\"@id\":\"https:\\\/\\\/www.musikzeitung.ch\\\/news\\\/2024\\\/11\\\/nikitassova-unterrichtet-in-muenchen\",\"url\":\"https:\\\/\\\/www.musikzeitung.ch\\\/news\\\/2024\\\/11\\\/nikitassova-unterrichtet-in-muenchen\",\"name\":\"Nikitassova unterrichtet in M\u00fcnchen - Schweizer Musikzeitung\",\"isPartOf\":{\"@id\":\"https:\\\/\\\/www.musikzeitung.ch\\\/#website\"},\"primaryImageOfPage\":{\"@id\":\"https:\\\/\\\/www.musikzeitung.ch\\\/news\\\/2024\\\/11\\\/nikitassova-unterrichtet-in-muenchen#primaryimage\"},\"image\":{\"@id\":\"https:\\\/\\\/www.musikzeitung.ch\\\/news\\\/2024\\\/11\\\/nikitassova-unterrichtet-in-muenchen#primaryimage\"},\"thumbnailUrl\":\"https:\\\/\\\/www.musikzeitung.ch\\\/wp-content\\\/uploads\\\/2024\\\/11\\\/241118mhms.jpg\",\"datePublished\":\"2024-11-18T07:44:01+00:00\",\"dateModified\":\"2024-11-18T08:11:47+00:00\",\"description\":\"Plamena Nikitassova, die ehemalige Konzertmeisterin der Johann Sebastian Bach Stiftung in St. Gallen, ist an die HMTM berufen worden.\",\"breadcrumb\":{\"@id\":\"https:\\\/\\\/www.musikzeitung.ch\\\/news\\\/2024\\\/11\\\/nikitassova-unterrichtet-in-muenchen#breadcrumb\"},\"inLanguage\":\"en-US\",\"potentialAction\":[{\"@type\":\"ReadAction\",\"target\":[\"https:\\\/\\\/www.musikzeitung.ch\\\/news\\\/2024\\\/11\\\/nikitassova-unterrichtet-in-muenchen\"]}]},{\"@type\":\"ImageObject\",\"inLanguage\":\"en-US\",\"@id\":\"https:\\\/\\\/www.musikzeitung.ch\\\/news\\\/2024\\\/11\\\/nikitassova-unterrichtet-in-muenchen#primaryimage\",\"url\":\"https:\\\/\\\/www.musikzeitung.ch\\\/wp-content\\\/uploads\\\/2024\\\/11\\\/241118mhms.jpg\",\"contentUrl\":\"https:\\\/\\\/www.musikzeitung.ch\\\/wp-content\\\/uploads\\\/2024\\\/11\\\/241118mhms.jpg\",\"width\":815,\"height\":538,\"caption\":\"Plamena Nikitassova (Bild: Tashko Tasheff)\"},{\"@type\":\"BreadcrumbList\",\"@id\":\"https:\\\/\\\/www.musikzeitung.ch\\\/news\\\/2024\\\/11\\\/nikitassova-unterrichtet-in-muenchen#breadcrumb\",\"itemListElement\":[{\"@type\":\"ListItem\",\"position\":1,\"name\":\"Home\",\"item\":\"https:\\\/\\\/www.musikzeitung.ch\\\/\"},{\"@type\":\"ListItem\",\"position\":2,\"name\":\"Nikitassova unterrichtet in M\u00fcnchen\"}]},{\"@type\":\"WebSite\",\"@id\":\"https:\\\/\\\/www.musikzeitung.ch\\\/#website\",\"url\":\"https:\\\/\\\/www.musikzeitung.ch\\\/\",\"name\":\"Schweizer Musikzeitung\",\"description\":\"Die f\u00fchrende sparten\u00fcbergreifende Monatszeitung in der Schweiz f\u00fcr musikalische Fragen.\",\"publisher\":{\"@id\":\"https:\\\/\\\/www.musikzeitung.ch\\\/#organization\"},\"potentialAction\":[{\"@type\":\"SearchAction\",\"target\":{\"@type\":\"EntryPoint\",\"urlTemplate\":\"https:\\\/\\\/www.musikzeitung.ch\\\/?s={search_term_string}\"},\"query-input\":{\"@type\":\"PropertyValueSpecification\",\"valueRequired\":true,\"valueName\":\"search_term_string\"}}],\"inLanguage\":\"en-US\"},{\"@type\":\"Organization\",\"@id\":\"https:\\\/\\\/www.musikzeitung.ch\\\/#organization\",\"name\":\"Schweizer Musikzeitung\",\"url\":\"https:\\\/\\\/www.musikzeitung.ch\\\/\",\"logo\":{\"@type\":\"ImageObject\",\"inLanguage\":\"en-US\",\"@id\":\"https:\\\/\\\/www.musikzeitung.ch\\\/#\\\/schema\\\/logo\\\/image\\\/\",\"url\":\"https:\\\/\\\/www.musikzeitung.ch\\\/wp-content\\\/uploads\\\/2023\\\/01\\\/SMZ_Schriftzug_Sprache.png\",\"contentUrl\":\"https:\\\/\\\/www.musikzeitung.ch\\\/wp-content\\\/uploads\\\/2023\\\/01\\\/SMZ_Schriftzug_Sprache.png\",\"width\":1400,\"height\":279,\"caption\":\"Schweizer Musikzeitung\"},\"image\":{\"@id\":\"https:\\\/\\\/www.musikzeitung.ch\\\/#\\\/schema\\\/logo\\\/image\\\/\"},\"sameAs\":[\"https:\\\/\\\/www.facebook.com\\\/SchweizerMusikzeitung\\\/\",\"https:\\\/\\\/x.com\\\/smusikzeitung\",\"https:\\\/\\\/www.instagram.com\\\/musikzeitung.ch\\\/\"]},{\"@type\":\"Person\",\"@id\":\"https:\\\/\\\/www.musikzeitung.ch\\\/#\\\/schema\\\/person\\\/0da4fb82d243f1252850a35d0e87cf0c\",\"name\":\"Wolfgang B\u00f6hler\",\"image\":{\"@type\":\"ImageObject\",\"inLanguage\":\"en-US\",\"@id\":\"https:\\\/\\\/www.musikzeitung.ch\\\/wp-content\\\/uploads\\\/2023\\\/01\\\/boehler_portraet_web-e1674139782246-96x96.jpg\",\"url\":\"https:\\\/\\\/www.musikzeitung.ch\\\/wp-content\\\/uploads\\\/2023\\\/01\\\/boehler_portraet_web-e1674139782246-96x96.jpg\",\"contentUrl\":\"https:\\\/\\\/www.musikzeitung.ch\\\/wp-content\\\/uploads\\\/2023\\\/01\\\/boehler_portraet_web-e1674139782246-96x96.jpg\",\"caption\":\"Wolfgang B\u00f6hler\"},\"sameAs\":[\"http:\\\/\\\/www.manacanto.ch\",\"https:\\\/\\\/www.facebook.com\\\/wolfgang.bohler.75\"],\"url\":\"https:\\\/\\\/www.musikzeitung.ch\\\/en\\\/author\\\/wolfgang-boehler\"}]}<\/script>\n<!-- \/ Yoast SEO plugin. -->","yoast_head_json":{"title":"Nikitassova unterrichtet in M\u00fcnchen - Schweizer Musikzeitung","description":"Plamena Nikitassova, die ehemalige Konzertmeisterin der Johann Sebastian Bach Stiftung in St. Gallen, ist an die HMTM berufen worden.","robots":{"index":"index","follow":"follow","max-snippet":"max-snippet:-1","max-image-preview":"max-image-preview:large","max-video-preview":"max-video-preview:-1"},"canonical":"https:\/\/www.musikzeitung.ch\/en\/news\/2024\/11\/nikitassova-unterrichtet-in-muenchen\/","og_locale":"en_US","og_type":"article","og_title":"Nikitassova unterrichtet in M\u00fcnchen - Schweizer Musikzeitung","og_description":"Plamena Nikitassova, die ehemalige Konzertmeisterin der Johann Sebastian Bach Stiftung in St. Gallen, ist an die HMTM berufen worden.","og_url":"https:\/\/www.musikzeitung.ch\/en\/news\/2024\/11\/nikitassova-unterrichtet-in-muenchen\/","og_site_name":"Schweizer Musikzeitung","article_publisher":"https:\/\/www.facebook.com\/SchweizerMusikzeitung\/","article_author":"https:\/\/www.facebook.com\/wolfgang.bohler.75","article_published_time":"2024-11-18T07:44:01+00:00","article_modified_time":"2024-11-18T08:11:47+00:00","og_image":[{"width":815,"height":538,"url":"https:\/\/www.musikzeitung.ch\/wp-content\/uploads\/2024\/11\/241118mhms.jpg","type":"image\/jpeg"}],"author":"Wolfgang B\u00f6hler","twitter_card":"summary_large_image","twitter_creator":"@smusikzeitung","twitter_site":"@smusikzeitung","twitter_misc":{"Written by":"Wolfgang B\u00f6hler","Est. reading time":"2 minutes"},"schema":{"@context":"https:\/\/schema.org","@graph":[{"@type":"Article","@id":"https:\/\/www.musikzeitung.ch\/news\/2024\/11\/nikitassova-unterrichtet-in-muenchen#article","isPartOf":{"@id":"https:\/\/www.musikzeitung.ch\/news\/2024\/11\/nikitassova-unterrichtet-in-muenchen"},"author":{"name":"Wolfgang B\u00f6hler","@id":"https:\/\/www.musikzeitung.ch\/#\/schema\/person\/0da4fb82d243f1252850a35d0e87cf0c"},"headline":"Nikitassova unterrichtet in M\u00fcnchen","datePublished":"2024-11-18T07:44:01+00:00","dateModified":"2024-11-18T08:11:47+00:00","mainEntityOfPage":{"@id":"https:\/\/www.musikzeitung.ch\/news\/2024\/11\/nikitassova-unterrichtet-in-muenchen"},"wordCount":176,"publisher":{"@id":"https:\/\/www.musikzeitung.ch\/#organization"},"image":{"@id":"https:\/\/www.musikzeitung.ch\/news\/2024\/11\/nikitassova-unterrichtet-in-muenchen#primaryimage"},"thumbnailUrl":"https:\/\/www.musikzeitung.ch\/wp-content\/uploads\/2024\/11\/241118mhms.jpg","keywords":["Plamena Nikitassova"],"articleSection":["News"],"inLanguage":"en-US"},{"@type":"WebPage","@id":"https:\/\/www.musikzeitung.ch\/news\/2024\/11\/nikitassova-unterrichtet-in-muenchen","url":"https:\/\/www.musikzeitung.ch\/news\/2024\/11\/nikitassova-unterrichtet-in-muenchen","name":"Nikitassova unterrichtet in M\u00fcnchen - Schweizer Musikzeitung","isPartOf":{"@id":"https:\/\/www.musikzeitung.ch\/#website"},"primaryImageOfPage":{"@id":"https:\/\/www.musikzeitung.ch\/news\/2024\/11\/nikitassova-unterrichtet-in-muenchen#primaryimage"},"image":{"@id":"https:\/\/www.musikzeitung.ch\/news\/2024\/11\/nikitassova-unterrichtet-in-muenchen#primaryimage"},"thumbnailUrl":"https:\/\/www.musikzeitung.ch\/wp-content\/uploads\/2024\/11\/241118mhms.jpg","datePublished":"2024-11-18T07:44:01+00:00","dateModified":"2024-11-18T08:11:47+00:00","description":"Plamena Nikitassova, die ehemalige Konzertmeisterin der Johann Sebastian Bach Stiftung in St. Gallen, ist an die HMTM berufen worden.","breadcrumb":{"@id":"https:\/\/www.musikzeitung.ch\/news\/2024\/11\/nikitassova-unterrichtet-in-muenchen#breadcrumb"},"inLanguage":"en-US","potentialAction":[{"@type":"ReadAction","target":["https:\/\/www.musikzeitung.ch\/news\/2024\/11\/nikitassova-unterrichtet-in-muenchen"]}]},{"@type":"ImageObject","inLanguage":"en-US","@id":"https:\/\/www.musikzeitung.ch\/news\/2024\/11\/nikitassova-unterrichtet-in-muenchen#primaryimage","url":"https:\/\/www.musikzeitung.ch\/wp-content\/uploads\/2024\/11\/241118mhms.jpg","contentUrl":"https:\/\/www.musikzeitung.ch\/wp-content\/uploads\/2024\/11\/241118mhms.jpg","width":815,"height":538,"caption":"Plamena Nikitassova (Bild: Tashko Tasheff)"},{"@type":"BreadcrumbList","@id":"https:\/\/www.musikzeitung.ch\/news\/2024\/11\/nikitassova-unterrichtet-in-muenchen#breadcrumb","itemListElement":[{"@type":"ListItem","position":1,"name":"Home","item":"https:\/\/www.musikzeitung.ch\/"},{"@type":"ListItem","position":2,"name":"Nikitassova unterrichtet in M\u00fcnchen"}]},{"@type":"WebSite","@id":"https:\/\/www.musikzeitung.ch\/#website","url":"https:\/\/www.musikzeitung.ch\/","name":"Swiss Music Newspaper","description":"The leading interdisciplinary monthly newspaper in Switzerland for musical issues.","publisher":{"@id":"https:\/\/www.musikzeitung.ch\/#organization"},"potentialAction":[{"@type":"SearchAction","target":{"@type":"EntryPoint","urlTemplate":"https:\/\/www.musikzeitung.ch\/?s={search_term_string}"},"query-input":{"@type":"PropertyValueSpecification","valueRequired":true,"valueName":"search_term_string"}}],"inLanguage":"en-US"},{"@type":"Organization","@id":"https:\/\/www.musikzeitung.ch\/#organization","name":"Swiss Music Newspaper","url":"https:\/\/www.musikzeitung.ch\/","logo":{"@type":"ImageObject","inLanguage":"en-US","@id":"https:\/\/www.musikzeitung.ch\/#\/schema\/logo\/image\/","url":"https:\/\/www.musikzeitung.ch\/wp-content\/uploads\/2023\/01\/SMZ_Schriftzug_Sprache.png","contentUrl":"https:\/\/www.musikzeitung.ch\/wp-content\/uploads\/2023\/01\/SMZ_Schriftzug_Sprache.png","width":1400,"height":279,"caption":"Schweizer Musikzeitung"},"image":{"@id":"https:\/\/www.musikzeitung.ch\/#\/schema\/logo\/image\/"},"sameAs":["https:\/\/www.facebook.com\/SchweizerMusikzeitung\/","https:\/\/x.com\/smusikzeitung","https:\/\/www.instagram.com\/musikzeitung.ch\/"]},{"@type":"Person","@id":"https:\/\/www.musikzeitung.ch\/#\/schema\/person\/0da4fb82d243f1252850a35d0e87cf0c","name":"Wolfgang B\u00f6hler","image":{"@type":"ImageObject","inLanguage":"en-US","@id":"https:\/\/www.musikzeitung.ch\/wp-content\/uploads\/2023\/01\/boehler_portraet_web-e1674139782246-96x96.jpg","url":"https:\/\/www.musikzeitung.ch\/wp-content\/uploads\/2023\/01\/boehler_portraet_web-e1674139782246-96x96.jpg","contentUrl":"https:\/\/www.musikzeitung.ch\/wp-content\/uploads\/2023\/01\/boehler_portraet_web-e1674139782246-96x96.jpg","caption":"Wolfgang B\u00f6hler"},"sameAs":["http:\/\/www.manacanto.ch","https:\/\/www.facebook.com\/wolfgang.bohler.75"],"url":"https:\/\/www.musikzeitung.ch\/en\/author\/wolfgang-boehler"}]}},"publishpress_future_workflow_manual_trigger":{"enabledWorkflows":[]},"_links":{"self":[{"href":"https:\/\/www.musikzeitung.ch\/en\/wp-json\/wp\/v2\/posts\/60463","targetHints":{"allow":["GET"]}}],"collection":[{"href":"https:\/\/www.musikzeitung.ch\/en\/wp-json\/wp\/v2\/posts"}],"about":[{"href":"https:\/\/www.musikzeitung.ch\/en\/wp-json\/wp\/v2\/types\/post"}],"author":[{"embeddable":true,"href":"https:\/\/www.musikzeitung.ch\/en\/wp-json\/wp\/v2\/users\/30"}],"replies":[{"embeddable":true,"href":"https:\/\/www.musikzeitung.ch\/en\/wp-json\/wp\/v2\/comments?post=60463"}],"version-history":[{"count":5,"href":"https:\/\/www.musikzeitung.ch\/en\/wp-json\/wp\/v2\/posts\/60463\/revisions"}],"predecessor-version":[{"id":60473,"href":"https:\/\/www.musikzeitung.ch\/en\/wp-json\/wp\/v2\/posts\/60463\/revisions\/60473"}],"wp:featuredmedia":[{"embeddable":true,"href":"https:\/\/www.musikzeitung.ch\/en\/wp-json\/wp\/v2\/media\/60465"}],"wp:attachment":[{"href":"https:\/\/www.musikzeitung.ch\/en\/wp-json\/wp\/v2\/media?parent=60463"}],"wp:term":[{"taxonomy":"category","embeddable":true,"href":"https:\/\/www.musikzeitung.ch\/en\/wp-json\/wp\/v2\/categories?post=60463"},{"taxonomy":"post_tag","embeddable":true,"href":"https:\/\/www.musikzeitung.ch\/en\/wp-json\/wp\/v2\/tags?post=60463"}],"curies":[{"name":"wp","href":"https:\/\/api.w.org\/{rel}","templated":true}]}}