{"id":60638,"date":"2024-11-22T06:26:03","date_gmt":"2024-11-22T05:26:03","guid":{"rendered":"https:\/\/www.musikzeitung.ch\/?p=60638"},"modified":"2024-11-22T09:28:20","modified_gmt":"2024-11-22T08:28:20","slug":"philippe-jordan-wird-chefdirigent-des-orchestre-national-de-france","status":"publish","type":"post","link":"https:\/\/www.musikzeitung.ch\/en\/news\/2024\/11\/philippe-jordan-wird-chefdirigent-des-orchestre-national-de-france","title":{"rendered":"Philippe Jordan becomes chief conductor of the Orchestre National de France"},"content":{"rendered":"<figure id=\"attachment_60645\" aria-describedby=\"caption-attachment-60645\" style=\"width: 1575px\" class=\"wp-caption aligncenter\"><img loading=\"lazy\" decoding=\"async\" class=\"size-full wp-image-60645\" src=\"https:\/\/www.musikzeitung.ch\/wp-content\/uploads\/2024\/11\/Philippe-Jordan-c-Radio-France-Christophe-Abramowitz.jpg\" alt=\"\" width=\"1575\" height=\"1079\" srcset=\"https:\/\/www.musikzeitung.ch\/wp-content\/uploads\/2024\/11\/Philippe-Jordan-c-Radio-France-Christophe-Abramowitz.jpg 1400w, https:\/\/www.musikzeitung.ch\/wp-content\/uploads\/2024\/11\/Philippe-Jordan-c-Radio-France-Christophe-Abramowitz-300x206.jpg 300w, https:\/\/www.musikzeitung.ch\/wp-content\/uploads\/2024\/11\/Philippe-Jordan-c-Radio-France-Christophe-Abramowitz-1024x702.jpg 1024w, https:\/\/www.musikzeitung.ch\/wp-content\/uploads\/2024\/11\/Philippe-Jordan-c-Radio-France-Christophe-Abramowitz-768x526.jpg 768w, https:\/\/www.musikzeitung.ch\/wp-content\/uploads\/2024\/11\/Philippe-Jordan-c-Radio-France-Christophe-Abramowitz-1536x1052.jpg 1536w, https:\/\/www.musikzeitung.ch\/wp-content\/uploads\/2024\/11\/Philippe-Jordan-c-Radio-France-Christophe-Abramowitz-18x12.jpg 18w, https:\/\/www.musikzeitung.ch\/wp-content\/uploads\/2024\/11\/Philippe-Jordan-c-Radio-France-Christophe-Abramowitz-255x175.jpg 255w, https:\/\/www.musikzeitung.ch\/wp-content\/uploads\/2024\/11\/Philippe-Jordan-c-Radio-France-Christophe-Abramowitz-511x350.jpg 511w, https:\/\/www.musikzeitung.ch\/wp-content\/uploads\/2024\/11\/Philippe-Jordan-c-Radio-France-Christophe-Abramowitz-1168x800.jpg 1168w, https:\/\/www.musikzeitung.ch\/wp-content\/uploads\/2024\/11\/Philippe-Jordan-c-Radio-France-Christophe-Abramowitz-920x630.jpg 920w\" sizes=\"auto, (max-width: 1575px) 100vw, 1575px\" \/><figcaption id=\"caption-attachment-60645\" class=\"wp-caption-text\">Philippe Jordan. Photo (detail): Radio France\/Christophe Abramowitz<\/figcaption><\/figure>\n<p>The Swiss conductor Philippe Jordan has been General Music Director of the Vienna State Opera since September 2020. He began his career as Kapellmeister at the German Stadttheater Ulm and the Staatsoper Unter den Linden in Berlin. From 2001 to 2004, he was Chief Conductor of the Graz Opera and the Graz Philharmonic Orchestra, from 2009 to 2021 Musical Director of the Op\u00e9ra national de Paris and from 2014 to 2020 Chief Conductor of the Vienna Symphony Orchestra.<\/p>\n<p>The Orchestre National de France (together with the Orchestre Philharmonique de Radio France, the choir and the Ma\u00eetrise) is an orchestra of the public broadcaster Radio France. The ONF works closely with the stations of Radio France, in particular France Musique.<\/p>","protected":false},"excerpt":{"rendered":"<p>Philippe Jordan will take over as Chief Conductor of the Orchestre National de France from 2027. He succeeds Cristian M\u0103celaru.<\/p>","protected":false},"author":30,"featured_media":60645,"comment_status":"closed","ping_status":"closed","sticky":false,"template":"","format":"standard","meta":{"_acf_changed":false,"_relevanssi_hide_post":"","_relevanssi_hide_content":"","_relevanssi_pin_for_all":"","_relevanssi_pin_keywords":"","_relevanssi_unpin_keywords":"","_relevanssi_related_keywords":"","_relevanssi_related_include_ids":"","_relevanssi_related_exclude_ids":"","_relevanssi_related_no_append":"","_relevanssi_related_not_related":"","_relevanssi_related_posts":"","_relevanssi_noindex_reason":"","pgc_sgb_lightbox_settings":"","footnotes":""},"categories":[27],"tags":[4579,4578],"class_list":["post-60638","post","type-post","status-publish","format-standard","has-post-thumbnail","hentry","category-news","tag-orchestre-national-de-france","tag-philippe-jordan"],"acf":[],"yoast_head":"<!-- This site is optimized with the Yoast SEO plugin v27.4 - https:\/\/yoast.com\/product\/yoast-seo-wordpress\/ -->\n<title>Philippe Jordan wird Chefdirigent des Orchestre National de France - Schweizer Musikzeitung<\/title>\n<meta name=\"description\" content=\"Philippe Jordan \u00fcbernimmt ab 2027 das Amt des Chefdirigenten des Orchestre National de France. Er folgt auf Cristian M\u0103celaru.\" \/>\n<meta name=\"robots\" content=\"index, follow, max-snippet:-1, max-image-preview:large, max-video-preview:-1\" \/>\n<link rel=\"canonical\" href=\"https:\/\/www.musikzeitung.ch\/en\/news\/2024\/11\/philippe-jordan-wird-chefdirigent-des-orchestre-national-de-france\/\" \/>\n<meta property=\"og:locale\" content=\"en_US\" \/>\n<meta property=\"og:type\" content=\"article\" \/>\n<meta property=\"og:title\" content=\"Philippe Jordan wird Chefdirigent des Orchestre National de France - Schweizer Musikzeitung\" \/>\n<meta property=\"og:description\" content=\"Philippe Jordan \u00fcbernimmt ab 2027 das Amt des Chefdirigenten des Orchestre National de France. Er folgt auf Cristian M\u0103celaru.\" \/>\n<meta property=\"og:url\" content=\"https:\/\/www.musikzeitung.ch\/en\/news\/2024\/11\/philippe-jordan-wird-chefdirigent-des-orchestre-national-de-france\/\" \/>\n<meta property=\"og:site_name\" content=\"Schweizer Musikzeitung\" \/>\n<meta property=\"article:publisher\" content=\"https:\/\/www.facebook.com\/SchweizerMusikzeitung\/\" \/>\n<meta property=\"article:author\" content=\"https:\/\/www.facebook.com\/wolfgang.bohler.75\" \/>\n<meta property=\"article:published_time\" content=\"2024-11-22T05:26:03+00:00\" \/>\n<meta property=\"article:modified_time\" content=\"2024-11-22T08:28:20+00:00\" \/>\n<meta property=\"og:image\" content=\"https:\/\/www.musikzeitung.ch\/wp-content\/uploads\/2024\/11\/Philippe-Jordan-c-Radio-France-Christophe-Abramowitz.jpg\" \/>\n\t<meta property=\"og:image:width\" content=\"1400\" \/>\n\t<meta property=\"og:image:height\" content=\"959\" \/>\n\t<meta property=\"og:image:type\" content=\"image\/jpeg\" \/>\n<meta name=\"author\" content=\"Wolfgang B\u00f6hler\" \/>\n<meta name=\"twitter:card\" content=\"summary_large_image\" \/>\n<meta name=\"twitter:creator\" content=\"@smusikzeitung\" \/>\n<meta name=\"twitter:site\" content=\"@smusikzeitung\" \/>\n<meta name=\"twitter:label1\" content=\"Written by\" \/>\n\t<meta name=\"twitter:data1\" content=\"Wolfgang B\u00f6hler\" \/>\n\t<meta name=\"twitter:label2\" content=\"Est. reading time\" \/>\n\t<meta name=\"twitter:data2\" content=\"2 minutes\" \/>\n<script type=\"application\/ld+json\" class=\"yoast-schema-graph\">{\"@context\":\"https:\\\/\\\/schema.org\",\"@graph\":[{\"@type\":\"Article\",\"@id\":\"https:\\\/\\\/www.musikzeitung.ch\\\/news\\\/2024\\\/11\\\/philippe-jordan-wird-chefdirigent-des-orchestre-national-de-france#article\",\"isPartOf\":{\"@id\":\"https:\\\/\\\/www.musikzeitung.ch\\\/news\\\/2024\\\/11\\\/philippe-jordan-wird-chefdirigent-des-orchestre-national-de-france\"},\"author\":{\"name\":\"Wolfgang B\u00f6hler\",\"@id\":\"https:\\\/\\\/www.musikzeitung.ch\\\/#\\\/schema\\\/person\\\/0da4fb82d243f1252850a35d0e87cf0c\"},\"headline\":\"Philippe Jordan wird Chefdirigent des Orchestre National de France\",\"datePublished\":\"2024-11-22T05:26:03+00:00\",\"dateModified\":\"2024-11-22T08:28:20+00:00\",\"mainEntityOfPage\":{\"@id\":\"https:\\\/\\\/www.musikzeitung.ch\\\/news\\\/2024\\\/11\\\/philippe-jordan-wird-chefdirigent-des-orchestre-national-de-france\"},\"wordCount\":127,\"publisher\":{\"@id\":\"https:\\\/\\\/www.musikzeitung.ch\\\/#organization\"},\"image\":{\"@id\":\"https:\\\/\\\/www.musikzeitung.ch\\\/news\\\/2024\\\/11\\\/philippe-jordan-wird-chefdirigent-des-orchestre-national-de-france#primaryimage\"},\"thumbnailUrl\":\"https:\\\/\\\/www.musikzeitung.ch\\\/wp-content\\\/uploads\\\/2024\\\/11\\\/Philippe-Jordan-c-Radio-France-Christophe-Abramowitz.jpg\",\"keywords\":[\"Orchestre National de France\",\"Philippe Jordan\"],\"articleSection\":[\"News\"],\"inLanguage\":\"en-US\"},{\"@type\":\"WebPage\",\"@id\":\"https:\\\/\\\/www.musikzeitung.ch\\\/news\\\/2024\\\/11\\\/philippe-jordan-wird-chefdirigent-des-orchestre-national-de-france\",\"url\":\"https:\\\/\\\/www.musikzeitung.ch\\\/news\\\/2024\\\/11\\\/philippe-jordan-wird-chefdirigent-des-orchestre-national-de-france\",\"name\":\"Philippe Jordan wird Chefdirigent des Orchestre National de France - Schweizer Musikzeitung\",\"isPartOf\":{\"@id\":\"https:\\\/\\\/www.musikzeitung.ch\\\/#website\"},\"primaryImageOfPage\":{\"@id\":\"https:\\\/\\\/www.musikzeitung.ch\\\/news\\\/2024\\\/11\\\/philippe-jordan-wird-chefdirigent-des-orchestre-national-de-france#primaryimage\"},\"image\":{\"@id\":\"https:\\\/\\\/www.musikzeitung.ch\\\/news\\\/2024\\\/11\\\/philippe-jordan-wird-chefdirigent-des-orchestre-national-de-france#primaryimage\"},\"thumbnailUrl\":\"https:\\\/\\\/www.musikzeitung.ch\\\/wp-content\\\/uploads\\\/2024\\\/11\\\/Philippe-Jordan-c-Radio-France-Christophe-Abramowitz.jpg\",\"datePublished\":\"2024-11-22T05:26:03+00:00\",\"dateModified\":\"2024-11-22T08:28:20+00:00\",\"description\":\"Philippe Jordan \u00fcbernimmt ab 2027 das Amt des Chefdirigenten des Orchestre National de France. Er folgt auf Cristian M\u0103celaru.\",\"breadcrumb\":{\"@id\":\"https:\\\/\\\/www.musikzeitung.ch\\\/news\\\/2024\\\/11\\\/philippe-jordan-wird-chefdirigent-des-orchestre-national-de-france#breadcrumb\"},\"inLanguage\":\"en-US\",\"potentialAction\":[{\"@type\":\"ReadAction\",\"target\":[\"https:\\\/\\\/www.musikzeitung.ch\\\/news\\\/2024\\\/11\\\/philippe-jordan-wird-chefdirigent-des-orchestre-national-de-france\"]}]},{\"@type\":\"ImageObject\",\"inLanguage\":\"en-US\",\"@id\":\"https:\\\/\\\/www.musikzeitung.ch\\\/news\\\/2024\\\/11\\\/philippe-jordan-wird-chefdirigent-des-orchestre-national-de-france#primaryimage\",\"url\":\"https:\\\/\\\/www.musikzeitung.ch\\\/wp-content\\\/uploads\\\/2024\\\/11\\\/Philippe-Jordan-c-Radio-France-Christophe-Abramowitz.jpg\",\"contentUrl\":\"https:\\\/\\\/www.musikzeitung.ch\\\/wp-content\\\/uploads\\\/2024\\\/11\\\/Philippe-Jordan-c-Radio-France-Christophe-Abramowitz.jpg\",\"width\":1400,\"height\":959,\"caption\":\"Philippe Jordan. Foto (Auschnitt): Radio France\\\/Christophe Abramowitz\"},{\"@type\":\"BreadcrumbList\",\"@id\":\"https:\\\/\\\/www.musikzeitung.ch\\\/news\\\/2024\\\/11\\\/philippe-jordan-wird-chefdirigent-des-orchestre-national-de-france#breadcrumb\",\"itemListElement\":[{\"@type\":\"ListItem\",\"position\":1,\"name\":\"Home\",\"item\":\"https:\\\/\\\/www.musikzeitung.ch\\\/\"},{\"@type\":\"ListItem\",\"position\":2,\"name\":\"Philippe Jordan wird Chefdirigent des Orchestre National de France\"}]},{\"@type\":\"WebSite\",\"@id\":\"https:\\\/\\\/www.musikzeitung.ch\\\/#website\",\"url\":\"https:\\\/\\\/www.musikzeitung.ch\\\/\",\"name\":\"Schweizer Musikzeitung\",\"description\":\"Die f\u00fchrende sparten\u00fcbergreifende Monatszeitung in der Schweiz f\u00fcr musikalische Fragen.\",\"publisher\":{\"@id\":\"https:\\\/\\\/www.musikzeitung.ch\\\/#organization\"},\"potentialAction\":[{\"@type\":\"SearchAction\",\"target\":{\"@type\":\"EntryPoint\",\"urlTemplate\":\"https:\\\/\\\/www.musikzeitung.ch\\\/?s={search_term_string}\"},\"query-input\":{\"@type\":\"PropertyValueSpecification\",\"valueRequired\":true,\"valueName\":\"search_term_string\"}}],\"inLanguage\":\"en-US\"},{\"@type\":\"Organization\",\"@id\":\"https:\\\/\\\/www.musikzeitung.ch\\\/#organization\",\"name\":\"Schweizer Musikzeitung\",\"url\":\"https:\\\/\\\/www.musikzeitung.ch\\\/\",\"logo\":{\"@type\":\"ImageObject\",\"inLanguage\":\"en-US\",\"@id\":\"https:\\\/\\\/www.musikzeitung.ch\\\/#\\\/schema\\\/logo\\\/image\\\/\",\"url\":\"https:\\\/\\\/www.musikzeitung.ch\\\/wp-content\\\/uploads\\\/2023\\\/01\\\/SMZ_Schriftzug_Sprache.png\",\"contentUrl\":\"https:\\\/\\\/www.musikzeitung.ch\\\/wp-content\\\/uploads\\\/2023\\\/01\\\/SMZ_Schriftzug_Sprache.png\",\"width\":1400,\"height\":279,\"caption\":\"Schweizer Musikzeitung\"},\"image\":{\"@id\":\"https:\\\/\\\/www.musikzeitung.ch\\\/#\\\/schema\\\/logo\\\/image\\\/\"},\"sameAs\":[\"https:\\\/\\\/www.facebook.com\\\/SchweizerMusikzeitung\\\/\",\"https:\\\/\\\/x.com\\\/smusikzeitung\",\"https:\\\/\\\/www.instagram.com\\\/musikzeitung.ch\\\/\"]},{\"@type\":\"Person\",\"@id\":\"https:\\\/\\\/www.musikzeitung.ch\\\/#\\\/schema\\\/person\\\/0da4fb82d243f1252850a35d0e87cf0c\",\"name\":\"Wolfgang B\u00f6hler\",\"image\":{\"@type\":\"ImageObject\",\"inLanguage\":\"en-US\",\"@id\":\"https:\\\/\\\/www.musikzeitung.ch\\\/wp-content\\\/uploads\\\/2023\\\/01\\\/boehler_portraet_web-e1674139782246-96x96.jpg\",\"url\":\"https:\\\/\\\/www.musikzeitung.ch\\\/wp-content\\\/uploads\\\/2023\\\/01\\\/boehler_portraet_web-e1674139782246-96x96.jpg\",\"contentUrl\":\"https:\\\/\\\/www.musikzeitung.ch\\\/wp-content\\\/uploads\\\/2023\\\/01\\\/boehler_portraet_web-e1674139782246-96x96.jpg\",\"caption\":\"Wolfgang B\u00f6hler\"},\"sameAs\":[\"http:\\\/\\\/www.manacanto.ch\",\"https:\\\/\\\/www.facebook.com\\\/wolfgang.bohler.75\"],\"url\":\"https:\\\/\\\/www.musikzeitung.ch\\\/en\\\/author\\\/wolfgang-boehler\"}]}<\/script>\n<!-- \/ Yoast SEO plugin. -->","yoast_head_json":{"title":"Philippe Jordan becomes chief conductor of the Orchestre National de France - Schweizer Musikzeitung","description":"Philippe Jordan will take over as Chief Conductor of the Orchestre National de France from 2027. He succeeds Cristian M\u0103celaru.","robots":{"index":"index","follow":"follow","max-snippet":"max-snippet:-1","max-image-preview":"max-image-preview:large","max-video-preview":"max-video-preview:-1"},"canonical":"https:\/\/www.musikzeitung.ch\/en\/news\/2024\/11\/philippe-jordan-wird-chefdirigent-des-orchestre-national-de-france\/","og_locale":"en_US","og_type":"article","og_title":"Philippe Jordan wird Chefdirigent des Orchestre National de France - Schweizer Musikzeitung","og_description":"Philippe Jordan \u00fcbernimmt ab 2027 das Amt des Chefdirigenten des Orchestre National de France. Er folgt auf Cristian M\u0103celaru.","og_url":"https:\/\/www.musikzeitung.ch\/en\/news\/2024\/11\/philippe-jordan-wird-chefdirigent-des-orchestre-national-de-france\/","og_site_name":"Schweizer Musikzeitung","article_publisher":"https:\/\/www.facebook.com\/SchweizerMusikzeitung\/","article_author":"https:\/\/www.facebook.com\/wolfgang.bohler.75","article_published_time":"2024-11-22T05:26:03+00:00","article_modified_time":"2024-11-22T08:28:20+00:00","og_image":[{"width":1400,"height":959,"url":"https:\/\/www.musikzeitung.ch\/wp-content\/uploads\/2024\/11\/Philippe-Jordan-c-Radio-France-Christophe-Abramowitz.jpg","type":"image\/jpeg"}],"author":"Wolfgang B\u00f6hler","twitter_card":"summary_large_image","twitter_creator":"@smusikzeitung","twitter_site":"@smusikzeitung","twitter_misc":{"Written by":"Wolfgang B\u00f6hler","Est. reading time":"2 minutes"},"schema":{"@context":"https:\/\/schema.org","@graph":[{"@type":"Article","@id":"https:\/\/www.musikzeitung.ch\/news\/2024\/11\/philippe-jordan-wird-chefdirigent-des-orchestre-national-de-france#article","isPartOf":{"@id":"https:\/\/www.musikzeitung.ch\/news\/2024\/11\/philippe-jordan-wird-chefdirigent-des-orchestre-national-de-france"},"author":{"name":"Wolfgang B\u00f6hler","@id":"https:\/\/www.musikzeitung.ch\/#\/schema\/person\/0da4fb82d243f1252850a35d0e87cf0c"},"headline":"Philippe Jordan wird Chefdirigent des Orchestre National de France","datePublished":"2024-11-22T05:26:03+00:00","dateModified":"2024-11-22T08:28:20+00:00","mainEntityOfPage":{"@id":"https:\/\/www.musikzeitung.ch\/news\/2024\/11\/philippe-jordan-wird-chefdirigent-des-orchestre-national-de-france"},"wordCount":127,"publisher":{"@id":"https:\/\/www.musikzeitung.ch\/#organization"},"image":{"@id":"https:\/\/www.musikzeitung.ch\/news\/2024\/11\/philippe-jordan-wird-chefdirigent-des-orchestre-national-de-france#primaryimage"},"thumbnailUrl":"https:\/\/www.musikzeitung.ch\/wp-content\/uploads\/2024\/11\/Philippe-Jordan-c-Radio-France-Christophe-Abramowitz.jpg","keywords":["Orchestre National de France","Philippe Jordan"],"articleSection":["News"],"inLanguage":"en-US"},{"@type":"WebPage","@id":"https:\/\/www.musikzeitung.ch\/news\/2024\/11\/philippe-jordan-wird-chefdirigent-des-orchestre-national-de-france","url":"https:\/\/www.musikzeitung.ch\/news\/2024\/11\/philippe-jordan-wird-chefdirigent-des-orchestre-national-de-france","name":"Philippe Jordan becomes chief conductor of the Orchestre National de France - Schweizer Musikzeitung","isPartOf":{"@id":"https:\/\/www.musikzeitung.ch\/#website"},"primaryImageOfPage":{"@id":"https:\/\/www.musikzeitung.ch\/news\/2024\/11\/philippe-jordan-wird-chefdirigent-des-orchestre-national-de-france#primaryimage"},"image":{"@id":"https:\/\/www.musikzeitung.ch\/news\/2024\/11\/philippe-jordan-wird-chefdirigent-des-orchestre-national-de-france#primaryimage"},"thumbnailUrl":"https:\/\/www.musikzeitung.ch\/wp-content\/uploads\/2024\/11\/Philippe-Jordan-c-Radio-France-Christophe-Abramowitz.jpg","datePublished":"2024-11-22T05:26:03+00:00","dateModified":"2024-11-22T08:28:20+00:00","description":"Philippe Jordan will take over as Chief Conductor of the Orchestre National de France from 2027. He succeeds Cristian M\u0103celaru.","breadcrumb":{"@id":"https:\/\/www.musikzeitung.ch\/news\/2024\/11\/philippe-jordan-wird-chefdirigent-des-orchestre-national-de-france#breadcrumb"},"inLanguage":"en-US","potentialAction":[{"@type":"ReadAction","target":["https:\/\/www.musikzeitung.ch\/news\/2024\/11\/philippe-jordan-wird-chefdirigent-des-orchestre-national-de-france"]}]},{"@type":"ImageObject","inLanguage":"en-US","@id":"https:\/\/www.musikzeitung.ch\/news\/2024\/11\/philippe-jordan-wird-chefdirigent-des-orchestre-national-de-france#primaryimage","url":"https:\/\/www.musikzeitung.ch\/wp-content\/uploads\/2024\/11\/Philippe-Jordan-c-Radio-France-Christophe-Abramowitz.jpg","contentUrl":"https:\/\/www.musikzeitung.ch\/wp-content\/uploads\/2024\/11\/Philippe-Jordan-c-Radio-France-Christophe-Abramowitz.jpg","width":1400,"height":959,"caption":"Philippe Jordan. Foto (Auschnitt): Radio France\/Christophe Abramowitz"},{"@type":"BreadcrumbList","@id":"https:\/\/www.musikzeitung.ch\/news\/2024\/11\/philippe-jordan-wird-chefdirigent-des-orchestre-national-de-france#breadcrumb","itemListElement":[{"@type":"ListItem","position":1,"name":"Home","item":"https:\/\/www.musikzeitung.ch\/"},{"@type":"ListItem","position":2,"name":"Philippe Jordan wird Chefdirigent des Orchestre National de France"}]},{"@type":"WebSite","@id":"https:\/\/www.musikzeitung.ch\/#website","url":"https:\/\/www.musikzeitung.ch\/","name":"Swiss Music Newspaper","description":"The leading interdisciplinary monthly newspaper in Switzerland for musical issues.","publisher":{"@id":"https:\/\/www.musikzeitung.ch\/#organization"},"potentialAction":[{"@type":"SearchAction","target":{"@type":"EntryPoint","urlTemplate":"https:\/\/www.musikzeitung.ch\/?s={search_term_string}"},"query-input":{"@type":"PropertyValueSpecification","valueRequired":true,"valueName":"search_term_string"}}],"inLanguage":"en-US"},{"@type":"Organization","@id":"https:\/\/www.musikzeitung.ch\/#organization","name":"Swiss Music Newspaper","url":"https:\/\/www.musikzeitung.ch\/","logo":{"@type":"ImageObject","inLanguage":"en-US","@id":"https:\/\/www.musikzeitung.ch\/#\/schema\/logo\/image\/","url":"https:\/\/www.musikzeitung.ch\/wp-content\/uploads\/2023\/01\/SMZ_Schriftzug_Sprache.png","contentUrl":"https:\/\/www.musikzeitung.ch\/wp-content\/uploads\/2023\/01\/SMZ_Schriftzug_Sprache.png","width":1400,"height":279,"caption":"Schweizer Musikzeitung"},"image":{"@id":"https:\/\/www.musikzeitung.ch\/#\/schema\/logo\/image\/"},"sameAs":["https:\/\/www.facebook.com\/SchweizerMusikzeitung\/","https:\/\/x.com\/smusikzeitung","https:\/\/www.instagram.com\/musikzeitung.ch\/"]},{"@type":"Person","@id":"https:\/\/www.musikzeitung.ch\/#\/schema\/person\/0da4fb82d243f1252850a35d0e87cf0c","name":"Wolfgang B\u00f6hler","image":{"@type":"ImageObject","inLanguage":"en-US","@id":"https:\/\/www.musikzeitung.ch\/wp-content\/uploads\/2023\/01\/boehler_portraet_web-e1674139782246-96x96.jpg","url":"https:\/\/www.musikzeitung.ch\/wp-content\/uploads\/2023\/01\/boehler_portraet_web-e1674139782246-96x96.jpg","contentUrl":"https:\/\/www.musikzeitung.ch\/wp-content\/uploads\/2023\/01\/boehler_portraet_web-e1674139782246-96x96.jpg","caption":"Wolfgang B\u00f6hler"},"sameAs":["http:\/\/www.manacanto.ch","https:\/\/www.facebook.com\/wolfgang.bohler.75"],"url":"https:\/\/www.musikzeitung.ch\/en\/author\/wolfgang-boehler"}]}},"publishpress_future_workflow_manual_trigger":{"enabledWorkflows":[]},"_links":{"self":[{"href":"https:\/\/www.musikzeitung.ch\/en\/wp-json\/wp\/v2\/posts\/60638","targetHints":{"allow":["GET"]}}],"collection":[{"href":"https:\/\/www.musikzeitung.ch\/en\/wp-json\/wp\/v2\/posts"}],"about":[{"href":"https:\/\/www.musikzeitung.ch\/en\/wp-json\/wp\/v2\/types\/post"}],"author":[{"embeddable":true,"href":"https:\/\/www.musikzeitung.ch\/en\/wp-json\/wp\/v2\/users\/30"}],"replies":[{"embeddable":true,"href":"https:\/\/www.musikzeitung.ch\/en\/wp-json\/wp\/v2\/comments?post=60638"}],"version-history":[{"count":7,"href":"https:\/\/www.musikzeitung.ch\/en\/wp-json\/wp\/v2\/posts\/60638\/revisions"}],"predecessor-version":[{"id":60646,"href":"https:\/\/www.musikzeitung.ch\/en\/wp-json\/wp\/v2\/posts\/60638\/revisions\/60646"}],"wp:featuredmedia":[{"embeddable":true,"href":"https:\/\/www.musikzeitung.ch\/en\/wp-json\/wp\/v2\/media\/60645"}],"wp:attachment":[{"href":"https:\/\/www.musikzeitung.ch\/en\/wp-json\/wp\/v2\/media?parent=60638"}],"wp:term":[{"taxonomy":"category","embeddable":true,"href":"https:\/\/www.musikzeitung.ch\/en\/wp-json\/wp\/v2\/categories?post=60638"},{"taxonomy":"post_tag","embeddable":true,"href":"https:\/\/www.musikzeitung.ch\/en\/wp-json\/wp\/v2\/tags?post=60638"}],"curies":[{"name":"wp","href":"https:\/\/api.w.org\/{rel}","templated":true}]}}