{"id":60696,"date":"2024-11-26T06:17:32","date_gmt":"2024-11-26T05:17:32","guid":{"rendered":"https:\/\/www.musikzeitung.ch\/?p=60696"},"modified":"2024-11-26T09:09:33","modified_gmt":"2024-11-26T08:09:33","slug":"forschungsprojekt-zu-ns-verfolgung-und-musikgeschichte","status":"publish","type":"post","link":"https:\/\/www.musikzeitung.ch\/en\/news\/2024\/11\/forschungsprojekt-zu-ns-verfolgung-und-musikgeschichte","title":{"rendered":"Research project on Nazi persecution and music history"},"content":{"rendered":"<figure id=\"attachment_60697\" aria-describedby=\"caption-attachment-60697\" style=\"width: 861px\" class=\"wp-caption alignnone\"><img loading=\"lazy\" decoding=\"async\" class=\"wp-image-60697 size-full\" src=\"https:\/\/www.musikzeitung.ch\/wp-content\/uploads\/2024\/11\/241126ns.jpg\" alt=\"\" width=\"861\" height=\"483\" srcset=\"https:\/\/www.musikzeitung.ch\/wp-content\/uploads\/2024\/11\/241126ns.jpg 861w, https:\/\/www.musikzeitung.ch\/wp-content\/uploads\/2024\/11\/241126ns-300x168.jpg 300w, https:\/\/www.musikzeitung.ch\/wp-content\/uploads\/2024\/11\/241126ns-768x431.jpg 768w, https:\/\/www.musikzeitung.ch\/wp-content\/uploads\/2024\/11\/241126ns-18x10.jpg 18w, https:\/\/www.musikzeitung.ch\/wp-content\/uploads\/2024\/11\/241126ns-312x175.jpg 312w, https:\/\/www.musikzeitung.ch\/wp-content\/uploads\/2024\/11\/241126ns-624x350.jpg 624w\" sizes=\"auto, (max-width: 861px) 100vw, 861px\" \/><figcaption id=\"caption-attachment-60697\" class=\"wp-caption-text\">The overall management of the project lies with Friedrich Geiger, who is also head of the Munich office. Sophie Fetthauer heads the research center in Hamburg. (Image: Academy of Sciences in Hamburg)<\/figcaption><\/figure>\n<p>According to the University of Hamburg, a wealth of previously unexploited sources (especially unprinted and archival holdings) are to be tapped. The personal findings will be incorporated into the online lexicon of persecuted musicians of the Nazi era (LexM), which is freely accessible via the University of Hamburg website. It will be integrated into the new research project \"Nazi Persecution and Music History\".<\/p>\n<p>The geographical data contained in the LexM forms the basis for a planned digital cartography to enable spatio-temporal analyses of the persecution of musicians. Maps can be used to illustrate the geographical distribution of individual professional groups in exile and to trace the spread of musical knowledge or certain schools of interpretation. Artistic-scientific formats are also planned, for example in the form of research concerts, which will make the research findings accessible to a wider public.<\/p>\n<p>The long-term project of the Academy of Sciences and Humanities in Hamburg, which is being carried out in cooperation with the University of Hamburg and the University of Music and Performing Arts Munich, is part of the academy program and will begin its work on January 1, 2025.<\/p>\n<p><strong>More info:<\/strong><br \/>\n<a href=\"https:\/\/www.awhamburg.de\/forschung\/langzeitvorhaben\/ns-verfolgung-und-musikgeschichte.html\" target=\"_blank\" rel=\"noopener\">https:\/\/www.awhamburg.de\/forschung\/langzeitvorhaben\/ns-verfolgung-und-musikgeschichte.html<\/a><\/p>\n<p>&nbsp;<\/p>","protected":false},"excerpt":{"rendered":"<p>The University of Hamburg is launching a research project on musicians from German-speaking countries who were persecuted by the Nazis. <\/p>","protected":false},"author":30,"featured_media":60697,"comment_status":"closed","ping_status":"closed","sticky":false,"template":"","format":"standard","meta":{"_acf_changed":false,"_relevanssi_hide_post":"","_relevanssi_hide_content":"","_relevanssi_pin_for_all":"","_relevanssi_pin_keywords":"","_relevanssi_unpin_keywords":"","_relevanssi_related_keywords":"","_relevanssi_related_include_ids":"","_relevanssi_related_exclude_ids":"","_relevanssi_related_no_append":"","_relevanssi_related_not_related":"","_relevanssi_related_posts":"","_relevanssi_noindex_reason":"","pgc_sgb_lightbox_settings":"","footnotes":""},"categories":[27],"tags":[4586],"class_list":["post-60696","post","type-post","status-publish","format-standard","has-post-thumbnail","hentry","category-news","tag-online-lexikon-verfolgter-musiker-und-musikerinnen-der-ns-zeit"],"acf":[],"yoast_head":"<!-- This site is optimized with the Yoast SEO plugin v27.4 - https:\/\/yoast.com\/product\/yoast-seo-wordpress\/ -->\n<title>Forschungsprojekt zu NS-Verfolgung und Musikgeschichte - Schweizer Musikzeitung<\/title>\n<meta name=\"description\" content=\"Die Universit\u00e4t Hamburg startet ein Forschungsprojekt zu von den Nazis verfolgten Musikern und Musikerinnen aus dem deutschsprachigen Raum.\" \/>\n<meta name=\"robots\" content=\"index, follow, max-snippet:-1, max-image-preview:large, max-video-preview:-1\" \/>\n<link rel=\"canonical\" href=\"https:\/\/www.musikzeitung.ch\/en\/news\/2024\/11\/forschungsprojekt-zu-ns-verfolgung-und-musikgeschichte\/\" \/>\n<meta property=\"og:locale\" content=\"en_US\" \/>\n<meta property=\"og:type\" content=\"article\" \/>\n<meta property=\"og:title\" content=\"Forschungsprojekt zu NS-Verfolgung und Musikgeschichte - Schweizer Musikzeitung\" \/>\n<meta property=\"og:description\" content=\"Die Universit\u00e4t Hamburg startet ein Forschungsprojekt zu von den Nazis verfolgten Musikern und Musikerinnen aus dem deutschsprachigen Raum.\" \/>\n<meta property=\"og:url\" content=\"https:\/\/www.musikzeitung.ch\/en\/news\/2024\/11\/forschungsprojekt-zu-ns-verfolgung-und-musikgeschichte\/\" \/>\n<meta property=\"og:site_name\" content=\"Schweizer Musikzeitung\" \/>\n<meta property=\"article:publisher\" content=\"https:\/\/www.facebook.com\/SchweizerMusikzeitung\/\" \/>\n<meta property=\"article:author\" content=\"https:\/\/www.facebook.com\/wolfgang.bohler.75\" \/>\n<meta property=\"article:published_time\" content=\"2024-11-26T05:17:32+00:00\" \/>\n<meta property=\"article:modified_time\" content=\"2024-11-26T08:09:33+00:00\" \/>\n<meta property=\"og:image\" content=\"https:\/\/www.musikzeitung.ch\/wp-content\/uploads\/2024\/11\/241126ns.jpg\" \/>\n\t<meta property=\"og:image:width\" content=\"861\" \/>\n\t<meta property=\"og:image:height\" content=\"483\" \/>\n\t<meta property=\"og:image:type\" content=\"image\/jpeg\" \/>\n<meta name=\"author\" content=\"Wolfgang B\u00f6hler\" \/>\n<meta name=\"twitter:card\" content=\"summary_large_image\" \/>\n<meta name=\"twitter:creator\" content=\"@smusikzeitung\" \/>\n<meta name=\"twitter:site\" content=\"@smusikzeitung\" \/>\n<meta name=\"twitter:label1\" content=\"Written by\" \/>\n\t<meta name=\"twitter:data1\" content=\"Wolfgang B\u00f6hler\" \/>\n\t<meta name=\"twitter:label2\" content=\"Est. reading time\" \/>\n\t<meta name=\"twitter:data2\" content=\"2 minutes\" \/>\n<script type=\"application\/ld+json\" class=\"yoast-schema-graph\">{\"@context\":\"https:\\\/\\\/schema.org\",\"@graph\":[{\"@type\":\"Article\",\"@id\":\"https:\\\/\\\/www.musikzeitung.ch\\\/news\\\/2024\\\/11\\\/forschungsprojekt-zu-ns-verfolgung-und-musikgeschichte#article\",\"isPartOf\":{\"@id\":\"https:\\\/\\\/www.musikzeitung.ch\\\/news\\\/2024\\\/11\\\/forschungsprojekt-zu-ns-verfolgung-und-musikgeschichte\"},\"author\":{\"name\":\"Wolfgang B\u00f6hler\",\"@id\":\"https:\\\/\\\/www.musikzeitung.ch\\\/#\\\/schema\\\/person\\\/0da4fb82d243f1252850a35d0e87cf0c\"},\"headline\":\"Forschungsprojekt zu NS-Verfolgung und Musikgeschichte\",\"datePublished\":\"2024-11-26T05:17:32+00:00\",\"dateModified\":\"2024-11-26T08:09:33+00:00\",\"mainEntityOfPage\":{\"@id\":\"https:\\\/\\\/www.musikzeitung.ch\\\/news\\\/2024\\\/11\\\/forschungsprojekt-zu-ns-verfolgung-und-musikgeschichte\"},\"wordCount\":218,\"publisher\":{\"@id\":\"https:\\\/\\\/www.musikzeitung.ch\\\/#organization\"},\"image\":{\"@id\":\"https:\\\/\\\/www.musikzeitung.ch\\\/news\\\/2024\\\/11\\\/forschungsprojekt-zu-ns-verfolgung-und-musikgeschichte#primaryimage\"},\"thumbnailUrl\":\"https:\\\/\\\/www.musikzeitung.ch\\\/wp-content\\\/uploads\\\/2024\\\/11\\\/241126ns.jpg\",\"keywords\":[\"Online-Lexikon verfolgter Musiker und Musikerinnen der NS-Zeit\"],\"articleSection\":[\"News\"],\"inLanguage\":\"en-US\"},{\"@type\":\"WebPage\",\"@id\":\"https:\\\/\\\/www.musikzeitung.ch\\\/news\\\/2024\\\/11\\\/forschungsprojekt-zu-ns-verfolgung-und-musikgeschichte\",\"url\":\"https:\\\/\\\/www.musikzeitung.ch\\\/news\\\/2024\\\/11\\\/forschungsprojekt-zu-ns-verfolgung-und-musikgeschichte\",\"name\":\"Forschungsprojekt zu NS-Verfolgung und Musikgeschichte - Schweizer Musikzeitung\",\"isPartOf\":{\"@id\":\"https:\\\/\\\/www.musikzeitung.ch\\\/#website\"},\"primaryImageOfPage\":{\"@id\":\"https:\\\/\\\/www.musikzeitung.ch\\\/news\\\/2024\\\/11\\\/forschungsprojekt-zu-ns-verfolgung-und-musikgeschichte#primaryimage\"},\"image\":{\"@id\":\"https:\\\/\\\/www.musikzeitung.ch\\\/news\\\/2024\\\/11\\\/forschungsprojekt-zu-ns-verfolgung-und-musikgeschichte#primaryimage\"},\"thumbnailUrl\":\"https:\\\/\\\/www.musikzeitung.ch\\\/wp-content\\\/uploads\\\/2024\\\/11\\\/241126ns.jpg\",\"datePublished\":\"2024-11-26T05:17:32+00:00\",\"dateModified\":\"2024-11-26T08:09:33+00:00\",\"description\":\"Die Universit\u00e4t Hamburg startet ein Forschungsprojekt zu von den Nazis verfolgten Musikern und Musikerinnen aus dem deutschsprachigen Raum.\",\"breadcrumb\":{\"@id\":\"https:\\\/\\\/www.musikzeitung.ch\\\/news\\\/2024\\\/11\\\/forschungsprojekt-zu-ns-verfolgung-und-musikgeschichte#breadcrumb\"},\"inLanguage\":\"en-US\",\"potentialAction\":[{\"@type\":\"ReadAction\",\"target\":[\"https:\\\/\\\/www.musikzeitung.ch\\\/news\\\/2024\\\/11\\\/forschungsprojekt-zu-ns-verfolgung-und-musikgeschichte\"]}]},{\"@type\":\"ImageObject\",\"inLanguage\":\"en-US\",\"@id\":\"https:\\\/\\\/www.musikzeitung.ch\\\/news\\\/2024\\\/11\\\/forschungsprojekt-zu-ns-verfolgung-und-musikgeschichte#primaryimage\",\"url\":\"https:\\\/\\\/www.musikzeitung.ch\\\/wp-content\\\/uploads\\\/2024\\\/11\\\/241126ns.jpg\",\"contentUrl\":\"https:\\\/\\\/www.musikzeitung.ch\\\/wp-content\\\/uploads\\\/2024\\\/11\\\/241126ns.jpg\",\"width\":861,\"height\":483,\"caption\":\"Die Gesamtleitung des Projekts liegt bei Friedrich Geiger, der zugleich die Arbeitsstelle in M\u00fcnchen leitet. Sophie Fetthauer leitet die Arbeitsstelle in Hamburg.\"},{\"@type\":\"BreadcrumbList\",\"@id\":\"https:\\\/\\\/www.musikzeitung.ch\\\/news\\\/2024\\\/11\\\/forschungsprojekt-zu-ns-verfolgung-und-musikgeschichte#breadcrumb\",\"itemListElement\":[{\"@type\":\"ListItem\",\"position\":1,\"name\":\"Home\",\"item\":\"https:\\\/\\\/www.musikzeitung.ch\\\/\"},{\"@type\":\"ListItem\",\"position\":2,\"name\":\"Forschungsprojekt zu NS-Verfolgung und Musikgeschichte\"}]},{\"@type\":\"WebSite\",\"@id\":\"https:\\\/\\\/www.musikzeitung.ch\\\/#website\",\"url\":\"https:\\\/\\\/www.musikzeitung.ch\\\/\",\"name\":\"Schweizer Musikzeitung\",\"description\":\"Die f\u00fchrende sparten\u00fcbergreifende Monatszeitung in der Schweiz f\u00fcr musikalische Fragen.\",\"publisher\":{\"@id\":\"https:\\\/\\\/www.musikzeitung.ch\\\/#organization\"},\"potentialAction\":[{\"@type\":\"SearchAction\",\"target\":{\"@type\":\"EntryPoint\",\"urlTemplate\":\"https:\\\/\\\/www.musikzeitung.ch\\\/?s={search_term_string}\"},\"query-input\":{\"@type\":\"PropertyValueSpecification\",\"valueRequired\":true,\"valueName\":\"search_term_string\"}}],\"inLanguage\":\"en-US\"},{\"@type\":\"Organization\",\"@id\":\"https:\\\/\\\/www.musikzeitung.ch\\\/#organization\",\"name\":\"Schweizer Musikzeitung\",\"url\":\"https:\\\/\\\/www.musikzeitung.ch\\\/\",\"logo\":{\"@type\":\"ImageObject\",\"inLanguage\":\"en-US\",\"@id\":\"https:\\\/\\\/www.musikzeitung.ch\\\/#\\\/schema\\\/logo\\\/image\\\/\",\"url\":\"https:\\\/\\\/www.musikzeitung.ch\\\/wp-content\\\/uploads\\\/2023\\\/01\\\/SMZ_Schriftzug_Sprache.png\",\"contentUrl\":\"https:\\\/\\\/www.musikzeitung.ch\\\/wp-content\\\/uploads\\\/2023\\\/01\\\/SMZ_Schriftzug_Sprache.png\",\"width\":1400,\"height\":279,\"caption\":\"Schweizer Musikzeitung\"},\"image\":{\"@id\":\"https:\\\/\\\/www.musikzeitung.ch\\\/#\\\/schema\\\/logo\\\/image\\\/\"},\"sameAs\":[\"https:\\\/\\\/www.facebook.com\\\/SchweizerMusikzeitung\\\/\",\"https:\\\/\\\/x.com\\\/smusikzeitung\",\"https:\\\/\\\/www.instagram.com\\\/musikzeitung.ch\\\/\"]},{\"@type\":\"Person\",\"@id\":\"https:\\\/\\\/www.musikzeitung.ch\\\/#\\\/schema\\\/person\\\/0da4fb82d243f1252850a35d0e87cf0c\",\"name\":\"Wolfgang B\u00f6hler\",\"image\":{\"@type\":\"ImageObject\",\"inLanguage\":\"en-US\",\"@id\":\"https:\\\/\\\/www.musikzeitung.ch\\\/wp-content\\\/uploads\\\/2023\\\/01\\\/boehler_portraet_web-e1674139782246-96x96.jpg\",\"url\":\"https:\\\/\\\/www.musikzeitung.ch\\\/wp-content\\\/uploads\\\/2023\\\/01\\\/boehler_portraet_web-e1674139782246-96x96.jpg\",\"contentUrl\":\"https:\\\/\\\/www.musikzeitung.ch\\\/wp-content\\\/uploads\\\/2023\\\/01\\\/boehler_portraet_web-e1674139782246-96x96.jpg\",\"caption\":\"Wolfgang B\u00f6hler\"},\"sameAs\":[\"http:\\\/\\\/www.manacanto.ch\",\"https:\\\/\\\/www.facebook.com\\\/wolfgang.bohler.75\"],\"url\":\"https:\\\/\\\/www.musikzeitung.ch\\\/en\\\/author\\\/wolfgang-boehler\"}]}<\/script>\n<!-- \/ Yoast SEO plugin. -->","yoast_head_json":{"title":"Forschungsprojekt zu NS-Verfolgung und Musikgeschichte - Schweizer Musikzeitung","description":"Die Universit\u00e4t Hamburg startet ein Forschungsprojekt zu von den Nazis verfolgten Musikern und Musikerinnen aus dem deutschsprachigen Raum.","robots":{"index":"index","follow":"follow","max-snippet":"max-snippet:-1","max-image-preview":"max-image-preview:large","max-video-preview":"max-video-preview:-1"},"canonical":"https:\/\/www.musikzeitung.ch\/en\/news\/2024\/11\/forschungsprojekt-zu-ns-verfolgung-und-musikgeschichte\/","og_locale":"en_US","og_type":"article","og_title":"Forschungsprojekt zu NS-Verfolgung und Musikgeschichte - Schweizer Musikzeitung","og_description":"Die Universit\u00e4t Hamburg startet ein Forschungsprojekt zu von den Nazis verfolgten Musikern und Musikerinnen aus dem deutschsprachigen Raum.","og_url":"https:\/\/www.musikzeitung.ch\/en\/news\/2024\/11\/forschungsprojekt-zu-ns-verfolgung-und-musikgeschichte\/","og_site_name":"Schweizer Musikzeitung","article_publisher":"https:\/\/www.facebook.com\/SchweizerMusikzeitung\/","article_author":"https:\/\/www.facebook.com\/wolfgang.bohler.75","article_published_time":"2024-11-26T05:17:32+00:00","article_modified_time":"2024-11-26T08:09:33+00:00","og_image":[{"width":861,"height":483,"url":"https:\/\/www.musikzeitung.ch\/wp-content\/uploads\/2024\/11\/241126ns.jpg","type":"image\/jpeg"}],"author":"Wolfgang B\u00f6hler","twitter_card":"summary_large_image","twitter_creator":"@smusikzeitung","twitter_site":"@smusikzeitung","twitter_misc":{"Written by":"Wolfgang B\u00f6hler","Est. reading time":"2 minutes"},"schema":{"@context":"https:\/\/schema.org","@graph":[{"@type":"Article","@id":"https:\/\/www.musikzeitung.ch\/news\/2024\/11\/forschungsprojekt-zu-ns-verfolgung-und-musikgeschichte#article","isPartOf":{"@id":"https:\/\/www.musikzeitung.ch\/news\/2024\/11\/forschungsprojekt-zu-ns-verfolgung-und-musikgeschichte"},"author":{"name":"Wolfgang B\u00f6hler","@id":"https:\/\/www.musikzeitung.ch\/#\/schema\/person\/0da4fb82d243f1252850a35d0e87cf0c"},"headline":"Forschungsprojekt zu NS-Verfolgung und Musikgeschichte","datePublished":"2024-11-26T05:17:32+00:00","dateModified":"2024-11-26T08:09:33+00:00","mainEntityOfPage":{"@id":"https:\/\/www.musikzeitung.ch\/news\/2024\/11\/forschungsprojekt-zu-ns-verfolgung-und-musikgeschichte"},"wordCount":218,"publisher":{"@id":"https:\/\/www.musikzeitung.ch\/#organization"},"image":{"@id":"https:\/\/www.musikzeitung.ch\/news\/2024\/11\/forschungsprojekt-zu-ns-verfolgung-und-musikgeschichte#primaryimage"},"thumbnailUrl":"https:\/\/www.musikzeitung.ch\/wp-content\/uploads\/2024\/11\/241126ns.jpg","keywords":["Online-Lexikon verfolgter Musiker und Musikerinnen der NS-Zeit"],"articleSection":["News"],"inLanguage":"en-US"},{"@type":"WebPage","@id":"https:\/\/www.musikzeitung.ch\/news\/2024\/11\/forschungsprojekt-zu-ns-verfolgung-und-musikgeschichte","url":"https:\/\/www.musikzeitung.ch\/news\/2024\/11\/forschungsprojekt-zu-ns-verfolgung-und-musikgeschichte","name":"Forschungsprojekt zu NS-Verfolgung und Musikgeschichte - Schweizer Musikzeitung","isPartOf":{"@id":"https:\/\/www.musikzeitung.ch\/#website"},"primaryImageOfPage":{"@id":"https:\/\/www.musikzeitung.ch\/news\/2024\/11\/forschungsprojekt-zu-ns-verfolgung-und-musikgeschichte#primaryimage"},"image":{"@id":"https:\/\/www.musikzeitung.ch\/news\/2024\/11\/forschungsprojekt-zu-ns-verfolgung-und-musikgeschichte#primaryimage"},"thumbnailUrl":"https:\/\/www.musikzeitung.ch\/wp-content\/uploads\/2024\/11\/241126ns.jpg","datePublished":"2024-11-26T05:17:32+00:00","dateModified":"2024-11-26T08:09:33+00:00","description":"Die Universit\u00e4t Hamburg startet ein Forschungsprojekt zu von den Nazis verfolgten Musikern und Musikerinnen aus dem deutschsprachigen Raum.","breadcrumb":{"@id":"https:\/\/www.musikzeitung.ch\/news\/2024\/11\/forschungsprojekt-zu-ns-verfolgung-und-musikgeschichte#breadcrumb"},"inLanguage":"en-US","potentialAction":[{"@type":"ReadAction","target":["https:\/\/www.musikzeitung.ch\/news\/2024\/11\/forschungsprojekt-zu-ns-verfolgung-und-musikgeschichte"]}]},{"@type":"ImageObject","inLanguage":"en-US","@id":"https:\/\/www.musikzeitung.ch\/news\/2024\/11\/forschungsprojekt-zu-ns-verfolgung-und-musikgeschichte#primaryimage","url":"https:\/\/www.musikzeitung.ch\/wp-content\/uploads\/2024\/11\/241126ns.jpg","contentUrl":"https:\/\/www.musikzeitung.ch\/wp-content\/uploads\/2024\/11\/241126ns.jpg","width":861,"height":483,"caption":"Die Gesamtleitung des Projekts liegt bei Friedrich Geiger, der zugleich die Arbeitsstelle in M\u00fcnchen leitet. Sophie Fetthauer leitet die Arbeitsstelle in Hamburg."},{"@type":"BreadcrumbList","@id":"https:\/\/www.musikzeitung.ch\/news\/2024\/11\/forschungsprojekt-zu-ns-verfolgung-und-musikgeschichte#breadcrumb","itemListElement":[{"@type":"ListItem","position":1,"name":"Home","item":"https:\/\/www.musikzeitung.ch\/"},{"@type":"ListItem","position":2,"name":"Forschungsprojekt zu NS-Verfolgung und Musikgeschichte"}]},{"@type":"WebSite","@id":"https:\/\/www.musikzeitung.ch\/#website","url":"https:\/\/www.musikzeitung.ch\/","name":"Swiss Music Newspaper","description":"The leading interdisciplinary monthly newspaper in Switzerland for musical issues.","publisher":{"@id":"https:\/\/www.musikzeitung.ch\/#organization"},"potentialAction":[{"@type":"SearchAction","target":{"@type":"EntryPoint","urlTemplate":"https:\/\/www.musikzeitung.ch\/?s={search_term_string}"},"query-input":{"@type":"PropertyValueSpecification","valueRequired":true,"valueName":"search_term_string"}}],"inLanguage":"en-US"},{"@type":"Organization","@id":"https:\/\/www.musikzeitung.ch\/#organization","name":"Swiss Music Newspaper","url":"https:\/\/www.musikzeitung.ch\/","logo":{"@type":"ImageObject","inLanguage":"en-US","@id":"https:\/\/www.musikzeitung.ch\/#\/schema\/logo\/image\/","url":"https:\/\/www.musikzeitung.ch\/wp-content\/uploads\/2023\/01\/SMZ_Schriftzug_Sprache.png","contentUrl":"https:\/\/www.musikzeitung.ch\/wp-content\/uploads\/2023\/01\/SMZ_Schriftzug_Sprache.png","width":1400,"height":279,"caption":"Schweizer Musikzeitung"},"image":{"@id":"https:\/\/www.musikzeitung.ch\/#\/schema\/logo\/image\/"},"sameAs":["https:\/\/www.facebook.com\/SchweizerMusikzeitung\/","https:\/\/x.com\/smusikzeitung","https:\/\/www.instagram.com\/musikzeitung.ch\/"]},{"@type":"Person","@id":"https:\/\/www.musikzeitung.ch\/#\/schema\/person\/0da4fb82d243f1252850a35d0e87cf0c","name":"Wolfgang B\u00f6hler","image":{"@type":"ImageObject","inLanguage":"en-US","@id":"https:\/\/www.musikzeitung.ch\/wp-content\/uploads\/2023\/01\/boehler_portraet_web-e1674139782246-96x96.jpg","url":"https:\/\/www.musikzeitung.ch\/wp-content\/uploads\/2023\/01\/boehler_portraet_web-e1674139782246-96x96.jpg","contentUrl":"https:\/\/www.musikzeitung.ch\/wp-content\/uploads\/2023\/01\/boehler_portraet_web-e1674139782246-96x96.jpg","caption":"Wolfgang B\u00f6hler"},"sameAs":["http:\/\/www.manacanto.ch","https:\/\/www.facebook.com\/wolfgang.bohler.75"],"url":"https:\/\/www.musikzeitung.ch\/en\/author\/wolfgang-boehler"}]}},"publishpress_future_workflow_manual_trigger":{"enabledWorkflows":[]},"_links":{"self":[{"href":"https:\/\/www.musikzeitung.ch\/en\/wp-json\/wp\/v2\/posts\/60696","targetHints":{"allow":["GET"]}}],"collection":[{"href":"https:\/\/www.musikzeitung.ch\/en\/wp-json\/wp\/v2\/posts"}],"about":[{"href":"https:\/\/www.musikzeitung.ch\/en\/wp-json\/wp\/v2\/types\/post"}],"author":[{"embeddable":true,"href":"https:\/\/www.musikzeitung.ch\/en\/wp-json\/wp\/v2\/users\/30"}],"replies":[{"embeddable":true,"href":"https:\/\/www.musikzeitung.ch\/en\/wp-json\/wp\/v2\/comments?post=60696"}],"version-history":[{"count":3,"href":"https:\/\/www.musikzeitung.ch\/en\/wp-json\/wp\/v2\/posts\/60696\/revisions"}],"predecessor-version":[{"id":60709,"href":"https:\/\/www.musikzeitung.ch\/en\/wp-json\/wp\/v2\/posts\/60696\/revisions\/60709"}],"wp:featuredmedia":[{"embeddable":true,"href":"https:\/\/www.musikzeitung.ch\/en\/wp-json\/wp\/v2\/media\/60697"}],"wp:attachment":[{"href":"https:\/\/www.musikzeitung.ch\/en\/wp-json\/wp\/v2\/media?parent=60696"}],"wp:term":[{"taxonomy":"category","embeddable":true,"href":"https:\/\/www.musikzeitung.ch\/en\/wp-json\/wp\/v2\/categories?post=60696"},{"taxonomy":"post_tag","embeddable":true,"href":"https:\/\/www.musikzeitung.ch\/en\/wp-json\/wp\/v2\/tags?post=60696"}],"curies":[{"name":"wp","href":"https:\/\/api.w.org\/{rel}","templated":true}]}}