{"id":60737,"date":"2024-12-04T11:21:56","date_gmt":"2024-12-04T10:21:56","guid":{"rendered":"https:\/\/www.musikzeitung.ch\/?p=60737"},"modified":"2024-12-04T11:35:32","modified_gmt":"2024-12-04T10:35:32","slug":"kontemplative-klangreise","status":"publish","type":"post","link":"https:\/\/www.musikzeitung.ch\/en\/rezensionen\/tontraeger-rezensionen\/2024\/12\/kontemplative-klangreise","title":{"rendered":"Contemplative sound journey"},"content":{"rendered":"<figure id=\"attachment_60901\" aria-describedby=\"caption-attachment-60901\" style=\"width: 992px\" class=\"wp-caption alignnone\"><img loading=\"lazy\" decoding=\"async\" class=\"wp-image-60901 size-full\" src=\"https:\/\/www.musikzeitung.ch\/wp-content\/uploads\/2024\/12\/BD_Portraits_AnneColliard-05.jpg\" alt=\"\" width=\"992\" height=\"654\" srcset=\"https:\/\/www.musikzeitung.ch\/wp-content\/uploads\/2024\/12\/BD_Portraits_AnneColliard-05.jpg 992w, https:\/\/www.musikzeitung.ch\/wp-content\/uploads\/2024\/12\/BD_Portraits_AnneColliard-05-300x198.jpg 300w, https:\/\/www.musikzeitung.ch\/wp-content\/uploads\/2024\/12\/BD_Portraits_AnneColliard-05-768x506.jpg 768w, https:\/\/www.musikzeitung.ch\/wp-content\/uploads\/2024\/12\/BD_Portraits_AnneColliard-05-18x12.jpg 18w, https:\/\/www.musikzeitung.ch\/wp-content\/uploads\/2024\/12\/BD_Portraits_AnneColliard-05-265x175.jpg 265w, https:\/\/www.musikzeitung.ch\/wp-content\/uploads\/2024\/12\/BD_Portraits_AnneColliard-05-531x350.jpg 531w, https:\/\/www.musikzeitung.ch\/wp-content\/uploads\/2024\/12\/BD_Portraits_AnneColliard-05-920x607.jpg 920w\" sizes=\"auto, (max-width: 992px) 100vw, 992px\" \/><figcaption id=\"caption-attachment-60901\" class=\"wp-caption-text\">Alfio Origlio (left) and Marcol Savoy. Photo: Anne Colliard<\/figcaption><\/figure>\n<p>Together with the bassist, drummers often form the rhythm section of a band and thus its foundation. From the drummer and composer Marcol Savoy's point of view, however, things can be quite different: the musician, who trained at the Haute Ecole de Jazz de Lausanne and the Lausanne Conservatory, likes to be at the center of the sound and to constantly integrate new elements into his playing with the jazz drums. For his new album <em>Improspections<\/em> he has teamed up with French pianist Alfio Origlio, who is characterized, among other things, by incorporating chanson characteristics into his jazzy playing. As can be gathered from the cover of the album, the 17 tracks are all improvisations. In keeping with the duo's background, the pieces are not only influenced by jazz, but also by world music and classical music. Together, the two embark on a journey into a contemplative world of sound, with a particular focus on resonance and silence. None of the compositions reaches 4 minutes, some even remain under 120 seconds, which makes them seem like snapshots.<\/p>\n<p>While the music in <em>Songes <\/em>cautiously groping through an unknown dream world, the subsequent <em>Nuits<\/em> not only more elegiac, but also increasingly self-assured. You can literally feel the dialog between drums and piano gaining momentum, deepening and at times intensifying and finally culminating in pieces such as the subtly performed <em>Diff\u00e9r\u00e9 <\/em>or the increasingly rumbling <em>Sables<\/em> flows. What is particularly enjoyable to listen to is the continuous development process of the music, which never rests on its laurels and always remains curious. This results in ever new moods and shades, sometimes meditative, sometimes buzzing. Conclusion: If you are looking for <em>Improspections<\/em> will be rewarded with almost forty minutes of nuanced musical artistry.<\/p>\n<p><img loading=\"lazy\" decoding=\"async\" class=\"aligncenter wp-image-60738 size-medium\" src=\"https:\/\/www.musikzeitung.ch\/wp-content\/uploads\/2024\/11\/11_12_crit_cd_Gasser-297x300.jpg\" alt=\"\" width=\"297\" height=\"300\" srcset=\"https:\/\/www.musikzeitung.ch\/wp-content\/uploads\/2024\/11\/11_12_crit_cd_Gasser-297x300.jpg 297w, https:\/\/www.musikzeitung.ch\/wp-content\/uploads\/2024\/11\/11_12_crit_cd_Gasser-768x776.jpg 768w, https:\/\/www.musikzeitung.ch\/wp-content\/uploads\/2024\/11\/11_12_crit_cd_Gasser-12x12.jpg 12w, https:\/\/www.musikzeitung.ch\/wp-content\/uploads\/2024\/11\/11_12_crit_cd_Gasser-173x175.jpg 173w, https:\/\/www.musikzeitung.ch\/wp-content\/uploads\/2024\/11\/11_12_crit_cd_Gasser-346x350.jpg 346w, https:\/\/www.musikzeitung.ch\/wp-content\/uploads\/2024\/11\/11_12_crit_cd_Gasser-792x800.jpg 792w, https:\/\/www.musikzeitung.ch\/wp-content\/uploads\/2024\/11\/11_12_crit_cd_Gasser-920x930.jpg 920w, https:\/\/www.musikzeitung.ch\/wp-content\/uploads\/2024\/11\/11_12_crit_cd_Gasser-300x303.jpg 300w, https:\/\/www.musikzeitung.ch\/wp-content\/uploads\/2024\/11\/11_12_crit_cd_Gasser-100x100.jpg 100w, https:\/\/www.musikzeitung.ch\/wp-content\/uploads\/2024\/11\/11_12_crit_cd_Gasser-24x24.jpg 24w, https:\/\/www.musikzeitung.ch\/wp-content\/uploads\/2024\/11\/11_12_crit_cd_Gasser-48x48.jpg 48w, https:\/\/www.musikzeitung.ch\/wp-content\/uploads\/2024\/11\/11_12_crit_cd_Gasser-96x96.jpg 96w, https:\/\/www.musikzeitung.ch\/wp-content\/uploads\/2024\/11\/11_12_crit_cd_Gasser.jpg 938w\" sizes=\"auto, (max-width: 297px) 100vw, 297px\" \/><\/p>\n<p><em>Improvisations. Marcol Savoy, drums; Alfio Origlio, piano.<\/em><a href=\"http:\/\/www.marcolsavoy.com\"><em>marcolsavoy.com<\/em><\/a><\/p>\n<p>&nbsp;<\/p>\n<p>&nbsp;<\/p>","protected":false},"excerpt":{"rendered":"<p>On their first joint work, Swiss percussionist Marcol Savoy and French pianist Alfio Origlio engage in a musical dialog that is curious and full of nuances. <\/p>","protected":false},"author":29,"featured_media":60901,"comment_status":"closed","ping_status":"closed","sticky":false,"template":"","format":"standard","meta":{"_acf_changed":false,"_relevanssi_hide_post":"","_relevanssi_hide_content":"","_relevanssi_pin_for_all":"","_relevanssi_pin_keywords":"","_relevanssi_unpin_keywords":"","_relevanssi_related_keywords":"","_relevanssi_related_include_ids":"","_relevanssi_related_exclude_ids":"","_relevanssi_related_no_append":"","_relevanssi_related_not_related":"","_relevanssi_related_posts":"","_relevanssi_noindex_reason":"","pgc_sgb_lightbox_settings":"","footnotes":""},"categories":[29,1420],"tags":[4591,4590],"class_list":["post-60737","post","type-post","status-publish","format-standard","has-post-thumbnail","hentry","category-rezensionen","category-tontraeger-rezensionen","tag-alfio-origlio","tag-marcol-savoy"],"acf":[],"yoast_head":"<!-- This site is optimized with the Yoast SEO plugin v27.4 - https:\/\/yoast.com\/product\/yoast-seo-wordpress\/ -->\n<title>Kontemplative Klangreise - Schweizer Musikzeitung<\/title>\n<meta name=\"description\" content=\"Auf ihrem ersten gemeinsamen Werk widmen sich der Schlagzeuger Marcol Savoy und der Pianist Alfio Origlio einem nuancenreichen Musikdialog.\" \/>\n<meta name=\"robots\" content=\"index, follow, max-snippet:-1, max-image-preview:large, max-video-preview:-1\" \/>\n<link rel=\"canonical\" href=\"https:\/\/www.musikzeitung.ch\/en\/rezensionen\/tontraeger-rezensionen\/2024\/12\/kontemplative-klangreise\/\" \/>\n<meta property=\"og:locale\" content=\"en_US\" \/>\n<meta property=\"og:type\" content=\"article\" \/>\n<meta property=\"og:title\" content=\"Kontemplative Klangreise - Schweizer Musikzeitung\" \/>\n<meta property=\"og:description\" content=\"Auf ihrem ersten gemeinsamen Werk widmen sich der Schlagzeuger Marcol Savoy und der Pianist Alfio Origlio einem nuancenreichen Musikdialog.\" \/>\n<meta property=\"og:url\" content=\"https:\/\/www.musikzeitung.ch\/en\/rezensionen\/tontraeger-rezensionen\/2024\/12\/kontemplative-klangreise\/\" \/>\n<meta property=\"og:site_name\" content=\"Schweizer Musikzeitung\" \/>\n<meta property=\"article:publisher\" content=\"https:\/\/www.facebook.com\/SchweizerMusikzeitung\/\" \/>\n<meta property=\"article:published_time\" content=\"2024-12-04T10:21:56+00:00\" \/>\n<meta property=\"article:modified_time\" content=\"2024-12-04T10:35:32+00:00\" \/>\n<meta property=\"og:image\" content=\"https:\/\/www.musikzeitung.ch\/wp-content\/uploads\/2024\/12\/BD_Portraits_AnneColliard-05.jpg\" \/>\n\t<meta property=\"og:image:width\" content=\"992\" \/>\n\t<meta property=\"og:image:height\" content=\"654\" \/>\n\t<meta property=\"og:image:type\" content=\"image\/jpeg\" \/>\n<meta name=\"author\" content=\"pia.schwab\" \/>\n<meta name=\"twitter:card\" content=\"summary_large_image\" \/>\n<meta name=\"twitter:creator\" content=\"@smusikzeitung\" \/>\n<meta name=\"twitter:site\" content=\"@smusikzeitung\" \/>\n<meta name=\"twitter:label1\" content=\"Written by\" \/>\n\t<meta name=\"twitter:data1\" content=\"pia.schwab\" \/>\n\t<meta name=\"twitter:label2\" content=\"Est. reading time\" \/>\n\t<meta name=\"twitter:data2\" content=\"3 minutes\" \/>\n<script type=\"application\/ld+json\" class=\"yoast-schema-graph\">{\"@context\":\"https:\\\/\\\/schema.org\",\"@graph\":[{\"@type\":\"Article\",\"@id\":\"https:\\\/\\\/www.musikzeitung.ch\\\/rezensionen\\\/tontraeger-rezensionen\\\/2024\\\/12\\\/kontemplative-klangreise#article\",\"isPartOf\":{\"@id\":\"https:\\\/\\\/www.musikzeitung.ch\\\/rezensionen\\\/tontraeger-rezensionen\\\/2024\\\/12\\\/kontemplative-klangreise\"},\"author\":{\"name\":\"pia.schwab\",\"@id\":\"https:\\\/\\\/www.musikzeitung.ch\\\/#\\\/schema\\\/person\\\/ea3d7b86bd7157c78c7ddd37f2f82b5b\"},\"headline\":\"Kontemplative Klangreise\",\"datePublished\":\"2024-12-04T10:21:56+00:00\",\"dateModified\":\"2024-12-04T10:35:32+00:00\",\"mainEntityOfPage\":{\"@id\":\"https:\\\/\\\/www.musikzeitung.ch\\\/rezensionen\\\/tontraeger-rezensionen\\\/2024\\\/12\\\/kontemplative-klangreise\"},\"wordCount\":323,\"publisher\":{\"@id\":\"https:\\\/\\\/www.musikzeitung.ch\\\/#organization\"},\"image\":{\"@id\":\"https:\\\/\\\/www.musikzeitung.ch\\\/rezensionen\\\/tontraeger-rezensionen\\\/2024\\\/12\\\/kontemplative-klangreise#primaryimage\"},\"thumbnailUrl\":\"https:\\\/\\\/www.musikzeitung.ch\\\/wp-content\\\/uploads\\\/2024\\\/12\\\/BD_Portraits_AnneColliard-05.jpg\",\"keywords\":[\"Alfio Origlio\",\"Marcol Savoy\"],\"articleSection\":[\"Rezensionen\",\"Tontr\u00e4ger\"],\"inLanguage\":\"en-US\"},{\"@type\":\"WebPage\",\"@id\":\"https:\\\/\\\/www.musikzeitung.ch\\\/rezensionen\\\/tontraeger-rezensionen\\\/2024\\\/12\\\/kontemplative-klangreise\",\"url\":\"https:\\\/\\\/www.musikzeitung.ch\\\/rezensionen\\\/tontraeger-rezensionen\\\/2024\\\/12\\\/kontemplative-klangreise\",\"name\":\"Kontemplative Klangreise - Schweizer Musikzeitung\",\"isPartOf\":{\"@id\":\"https:\\\/\\\/www.musikzeitung.ch\\\/#website\"},\"primaryImageOfPage\":{\"@id\":\"https:\\\/\\\/www.musikzeitung.ch\\\/rezensionen\\\/tontraeger-rezensionen\\\/2024\\\/12\\\/kontemplative-klangreise#primaryimage\"},\"image\":{\"@id\":\"https:\\\/\\\/www.musikzeitung.ch\\\/rezensionen\\\/tontraeger-rezensionen\\\/2024\\\/12\\\/kontemplative-klangreise#primaryimage\"},\"thumbnailUrl\":\"https:\\\/\\\/www.musikzeitung.ch\\\/wp-content\\\/uploads\\\/2024\\\/12\\\/BD_Portraits_AnneColliard-05.jpg\",\"datePublished\":\"2024-12-04T10:21:56+00:00\",\"dateModified\":\"2024-12-04T10:35:32+00:00\",\"description\":\"Auf ihrem ersten gemeinsamen Werk widmen sich der Schlagzeuger Marcol Savoy und der Pianist Alfio Origlio einem nuancenreichen Musikdialog.\",\"breadcrumb\":{\"@id\":\"https:\\\/\\\/www.musikzeitung.ch\\\/rezensionen\\\/tontraeger-rezensionen\\\/2024\\\/12\\\/kontemplative-klangreise#breadcrumb\"},\"inLanguage\":\"en-US\",\"potentialAction\":[{\"@type\":\"ReadAction\",\"target\":[\"https:\\\/\\\/www.musikzeitung.ch\\\/rezensionen\\\/tontraeger-rezensionen\\\/2024\\\/12\\\/kontemplative-klangreise\"]}]},{\"@type\":\"ImageObject\",\"inLanguage\":\"en-US\",\"@id\":\"https:\\\/\\\/www.musikzeitung.ch\\\/rezensionen\\\/tontraeger-rezensionen\\\/2024\\\/12\\\/kontemplative-klangreise#primaryimage\",\"url\":\"https:\\\/\\\/www.musikzeitung.ch\\\/wp-content\\\/uploads\\\/2024\\\/12\\\/BD_Portraits_AnneColliard-05.jpg\",\"contentUrl\":\"https:\\\/\\\/www.musikzeitung.ch\\\/wp-content\\\/uploads\\\/2024\\\/12\\\/BD_Portraits_AnneColliard-05.jpg\",\"width\":992,\"height\":654},{\"@type\":\"BreadcrumbList\",\"@id\":\"https:\\\/\\\/www.musikzeitung.ch\\\/rezensionen\\\/tontraeger-rezensionen\\\/2024\\\/12\\\/kontemplative-klangreise#breadcrumb\",\"itemListElement\":[{\"@type\":\"ListItem\",\"position\":1,\"name\":\"Home\",\"item\":\"https:\\\/\\\/www.musikzeitung.ch\\\/\"},{\"@type\":\"ListItem\",\"position\":2,\"name\":\"Kontemplative Klangreise\"}]},{\"@type\":\"WebSite\",\"@id\":\"https:\\\/\\\/www.musikzeitung.ch\\\/#website\",\"url\":\"https:\\\/\\\/www.musikzeitung.ch\\\/\",\"name\":\"Schweizer Musikzeitung\",\"description\":\"Die f\u00fchrende sparten\u00fcbergreifende Monatszeitung in der Schweiz f\u00fcr musikalische Fragen.\",\"publisher\":{\"@id\":\"https:\\\/\\\/www.musikzeitung.ch\\\/#organization\"},\"potentialAction\":[{\"@type\":\"SearchAction\",\"target\":{\"@type\":\"EntryPoint\",\"urlTemplate\":\"https:\\\/\\\/www.musikzeitung.ch\\\/?s={search_term_string}\"},\"query-input\":{\"@type\":\"PropertyValueSpecification\",\"valueRequired\":true,\"valueName\":\"search_term_string\"}}],\"inLanguage\":\"en-US\"},{\"@type\":\"Organization\",\"@id\":\"https:\\\/\\\/www.musikzeitung.ch\\\/#organization\",\"name\":\"Schweizer Musikzeitung\",\"url\":\"https:\\\/\\\/www.musikzeitung.ch\\\/\",\"logo\":{\"@type\":\"ImageObject\",\"inLanguage\":\"en-US\",\"@id\":\"https:\\\/\\\/www.musikzeitung.ch\\\/#\\\/schema\\\/logo\\\/image\\\/\",\"url\":\"https:\\\/\\\/www.musikzeitung.ch\\\/wp-content\\\/uploads\\\/2023\\\/01\\\/SMZ_Schriftzug_Sprache.png\",\"contentUrl\":\"https:\\\/\\\/www.musikzeitung.ch\\\/wp-content\\\/uploads\\\/2023\\\/01\\\/SMZ_Schriftzug_Sprache.png\",\"width\":1400,\"height\":279,\"caption\":\"Schweizer Musikzeitung\"},\"image\":{\"@id\":\"https:\\\/\\\/www.musikzeitung.ch\\\/#\\\/schema\\\/logo\\\/image\\\/\"},\"sameAs\":[\"https:\\\/\\\/www.facebook.com\\\/SchweizerMusikzeitung\\\/\",\"https:\\\/\\\/x.com\\\/smusikzeitung\",\"https:\\\/\\\/www.instagram.com\\\/musikzeitung.ch\\\/\"]},{\"@type\":\"Person\",\"@id\":\"https:\\\/\\\/www.musikzeitung.ch\\\/#\\\/schema\\\/person\\\/ea3d7b86bd7157c78c7ddd37f2f82b5b\",\"name\":\"pia.schwab\",\"image\":{\"@type\":\"ImageObject\",\"inLanguage\":\"en-US\",\"@id\":\"https:\\\/\\\/secure.gravatar.com\\\/avatar\\\/d39d170de4c2d07e897fbc26cf9d890fc046285c742207b86d8ebabe5fcde2c4?s=96&d=mm&r=g\",\"url\":\"https:\\\/\\\/secure.gravatar.com\\\/avatar\\\/d39d170de4c2d07e897fbc26cf9d890fc046285c742207b86d8ebabe5fcde2c4?s=96&d=mm&r=g\",\"contentUrl\":\"https:\\\/\\\/secure.gravatar.com\\\/avatar\\\/d39d170de4c2d07e897fbc26cf9d890fc046285c742207b86d8ebabe5fcde2c4?s=96&d=mm&r=g\",\"caption\":\"pia.schwab\"},\"url\":\"https:\\\/\\\/www.musikzeitung.ch\\\/en\\\/author\\\/pia-schwab\"}]}<\/script>\n<!-- \/ Yoast SEO plugin. -->","yoast_head_json":{"title":"Contemplative sound journey - Schweizer Musikzeitung","description":"On their first joint work, percussionist Marcol Savoy and pianist Alfio Origlio dedicate themselves to a nuanced musical dialog.","robots":{"index":"index","follow":"follow","max-snippet":"max-snippet:-1","max-image-preview":"max-image-preview:large","max-video-preview":"max-video-preview:-1"},"canonical":"https:\/\/www.musikzeitung.ch\/en\/rezensionen\/tontraeger-rezensionen\/2024\/12\/kontemplative-klangreise\/","og_locale":"en_US","og_type":"article","og_title":"Kontemplative Klangreise - Schweizer Musikzeitung","og_description":"Auf ihrem ersten gemeinsamen Werk widmen sich der Schlagzeuger Marcol Savoy und der Pianist Alfio Origlio einem nuancenreichen Musikdialog.","og_url":"https:\/\/www.musikzeitung.ch\/en\/rezensionen\/tontraeger-rezensionen\/2024\/12\/kontemplative-klangreise\/","og_site_name":"Schweizer Musikzeitung","article_publisher":"https:\/\/www.facebook.com\/SchweizerMusikzeitung\/","article_published_time":"2024-12-04T10:21:56+00:00","article_modified_time":"2024-12-04T10:35:32+00:00","og_image":[{"width":992,"height":654,"url":"https:\/\/www.musikzeitung.ch\/wp-content\/uploads\/2024\/12\/BD_Portraits_AnneColliard-05.jpg","type":"image\/jpeg"}],"author":"pia.schwab","twitter_card":"summary_large_image","twitter_creator":"@smusikzeitung","twitter_site":"@smusikzeitung","twitter_misc":{"Written by":"pia.schwab","Est. reading time":"3 minutes"},"schema":{"@context":"https:\/\/schema.org","@graph":[{"@type":"Article","@id":"https:\/\/www.musikzeitung.ch\/rezensionen\/tontraeger-rezensionen\/2024\/12\/kontemplative-klangreise#article","isPartOf":{"@id":"https:\/\/www.musikzeitung.ch\/rezensionen\/tontraeger-rezensionen\/2024\/12\/kontemplative-klangreise"},"author":{"name":"pia.schwab","@id":"https:\/\/www.musikzeitung.ch\/#\/schema\/person\/ea3d7b86bd7157c78c7ddd37f2f82b5b"},"headline":"Kontemplative Klangreise","datePublished":"2024-12-04T10:21:56+00:00","dateModified":"2024-12-04T10:35:32+00:00","mainEntityOfPage":{"@id":"https:\/\/www.musikzeitung.ch\/rezensionen\/tontraeger-rezensionen\/2024\/12\/kontemplative-klangreise"},"wordCount":323,"publisher":{"@id":"https:\/\/www.musikzeitung.ch\/#organization"},"image":{"@id":"https:\/\/www.musikzeitung.ch\/rezensionen\/tontraeger-rezensionen\/2024\/12\/kontemplative-klangreise#primaryimage"},"thumbnailUrl":"https:\/\/www.musikzeitung.ch\/wp-content\/uploads\/2024\/12\/BD_Portraits_AnneColliard-05.jpg","keywords":["Alfio Origlio","Marcol Savoy"],"articleSection":["Rezensionen","Tontr\u00e4ger"],"inLanguage":"en-US"},{"@type":"WebPage","@id":"https:\/\/www.musikzeitung.ch\/rezensionen\/tontraeger-rezensionen\/2024\/12\/kontemplative-klangreise","url":"https:\/\/www.musikzeitung.ch\/rezensionen\/tontraeger-rezensionen\/2024\/12\/kontemplative-klangreise","name":"Contemplative sound journey - Schweizer Musikzeitung","isPartOf":{"@id":"https:\/\/www.musikzeitung.ch\/#website"},"primaryImageOfPage":{"@id":"https:\/\/www.musikzeitung.ch\/rezensionen\/tontraeger-rezensionen\/2024\/12\/kontemplative-klangreise#primaryimage"},"image":{"@id":"https:\/\/www.musikzeitung.ch\/rezensionen\/tontraeger-rezensionen\/2024\/12\/kontemplative-klangreise#primaryimage"},"thumbnailUrl":"https:\/\/www.musikzeitung.ch\/wp-content\/uploads\/2024\/12\/BD_Portraits_AnneColliard-05.jpg","datePublished":"2024-12-04T10:21:56+00:00","dateModified":"2024-12-04T10:35:32+00:00","description":"On their first joint work, percussionist Marcol Savoy and pianist Alfio Origlio dedicate themselves to a nuanced musical dialog.","breadcrumb":{"@id":"https:\/\/www.musikzeitung.ch\/rezensionen\/tontraeger-rezensionen\/2024\/12\/kontemplative-klangreise#breadcrumb"},"inLanguage":"en-US","potentialAction":[{"@type":"ReadAction","target":["https:\/\/www.musikzeitung.ch\/rezensionen\/tontraeger-rezensionen\/2024\/12\/kontemplative-klangreise"]}]},{"@type":"ImageObject","inLanguage":"en-US","@id":"https:\/\/www.musikzeitung.ch\/rezensionen\/tontraeger-rezensionen\/2024\/12\/kontemplative-klangreise#primaryimage","url":"https:\/\/www.musikzeitung.ch\/wp-content\/uploads\/2024\/12\/BD_Portraits_AnneColliard-05.jpg","contentUrl":"https:\/\/www.musikzeitung.ch\/wp-content\/uploads\/2024\/12\/BD_Portraits_AnneColliard-05.jpg","width":992,"height":654},{"@type":"BreadcrumbList","@id":"https:\/\/www.musikzeitung.ch\/rezensionen\/tontraeger-rezensionen\/2024\/12\/kontemplative-klangreise#breadcrumb","itemListElement":[{"@type":"ListItem","position":1,"name":"Home","item":"https:\/\/www.musikzeitung.ch\/"},{"@type":"ListItem","position":2,"name":"Kontemplative Klangreise"}]},{"@type":"WebSite","@id":"https:\/\/www.musikzeitung.ch\/#website","url":"https:\/\/www.musikzeitung.ch\/","name":"Swiss Music Newspaper","description":"The leading interdisciplinary monthly newspaper in Switzerland for musical issues.","publisher":{"@id":"https:\/\/www.musikzeitung.ch\/#organization"},"potentialAction":[{"@type":"SearchAction","target":{"@type":"EntryPoint","urlTemplate":"https:\/\/www.musikzeitung.ch\/?s={search_term_string}"},"query-input":{"@type":"PropertyValueSpecification","valueRequired":true,"valueName":"search_term_string"}}],"inLanguage":"en-US"},{"@type":"Organization","@id":"https:\/\/www.musikzeitung.ch\/#organization","name":"Swiss Music Newspaper","url":"https:\/\/www.musikzeitung.ch\/","logo":{"@type":"ImageObject","inLanguage":"en-US","@id":"https:\/\/www.musikzeitung.ch\/#\/schema\/logo\/image\/","url":"https:\/\/www.musikzeitung.ch\/wp-content\/uploads\/2023\/01\/SMZ_Schriftzug_Sprache.png","contentUrl":"https:\/\/www.musikzeitung.ch\/wp-content\/uploads\/2023\/01\/SMZ_Schriftzug_Sprache.png","width":1400,"height":279,"caption":"Schweizer Musikzeitung"},"image":{"@id":"https:\/\/www.musikzeitung.ch\/#\/schema\/logo\/image\/"},"sameAs":["https:\/\/www.facebook.com\/SchweizerMusikzeitung\/","https:\/\/x.com\/smusikzeitung","https:\/\/www.instagram.com\/musikzeitung.ch\/"]},{"@type":"Person","@id":"https:\/\/www.musikzeitung.ch\/#\/schema\/person\/ea3d7b86bd7157c78c7ddd37f2f82b5b","name":"pia.schwab","image":{"@type":"ImageObject","inLanguage":"en-US","@id":"https:\/\/secure.gravatar.com\/avatar\/d39d170de4c2d07e897fbc26cf9d890fc046285c742207b86d8ebabe5fcde2c4?s=96&d=mm&r=g","url":"https:\/\/secure.gravatar.com\/avatar\/d39d170de4c2d07e897fbc26cf9d890fc046285c742207b86d8ebabe5fcde2c4?s=96&d=mm&r=g","contentUrl":"https:\/\/secure.gravatar.com\/avatar\/d39d170de4c2d07e897fbc26cf9d890fc046285c742207b86d8ebabe5fcde2c4?s=96&d=mm&r=g","caption":"pia.schwab"},"url":"https:\/\/www.musikzeitung.ch\/en\/author\/pia-schwab"}]}},"publishpress_future_workflow_manual_trigger":{"enabledWorkflows":[]},"_links":{"self":[{"href":"https:\/\/www.musikzeitung.ch\/en\/wp-json\/wp\/v2\/posts\/60737","targetHints":{"allow":["GET"]}}],"collection":[{"href":"https:\/\/www.musikzeitung.ch\/en\/wp-json\/wp\/v2\/posts"}],"about":[{"href":"https:\/\/www.musikzeitung.ch\/en\/wp-json\/wp\/v2\/types\/post"}],"author":[{"embeddable":true,"href":"https:\/\/www.musikzeitung.ch\/en\/wp-json\/wp\/v2\/users\/29"}],"replies":[{"embeddable":true,"href":"https:\/\/www.musikzeitung.ch\/en\/wp-json\/wp\/v2\/comments?post=60737"}],"version-history":[{"count":3,"href":"https:\/\/www.musikzeitung.ch\/en\/wp-json\/wp\/v2\/posts\/60737\/revisions"}],"predecessor-version":[{"id":60903,"href":"https:\/\/www.musikzeitung.ch\/en\/wp-json\/wp\/v2\/posts\/60737\/revisions\/60903"}],"wp:featuredmedia":[{"embeddable":true,"href":"https:\/\/www.musikzeitung.ch\/en\/wp-json\/wp\/v2\/media\/60901"}],"wp:attachment":[{"href":"https:\/\/www.musikzeitung.ch\/en\/wp-json\/wp\/v2\/media?parent=60737"}],"wp:term":[{"taxonomy":"category","embeddable":true,"href":"https:\/\/www.musikzeitung.ch\/en\/wp-json\/wp\/v2\/categories?post=60737"},{"taxonomy":"post_tag","embeddable":true,"href":"https:\/\/www.musikzeitung.ch\/en\/wp-json\/wp\/v2\/tags?post=60737"}],"curies":[{"name":"wp","href":"https:\/\/api.w.org\/{rel}","templated":true}]}}