{"id":60784,"date":"2024-11-27T06:36:11","date_gmt":"2024-11-27T05:36:11","guid":{"rendered":"https:\/\/www.musikzeitung.ch\/?p=60784"},"modified":"2024-11-27T11:00:06","modified_gmt":"2024-11-27T10:00:06","slug":"interaktionen-von-bild-und-musik-auf-der-spur","status":"publish","type":"post","link":"https:\/\/www.musikzeitung.ch\/en\/news\/2024\/11\/interaktionen-von-bild-und-musik-auf-der-spur","title":{"rendered":"Tracking down interactions between images and music"},"content":{"rendered":"<figure id=\"attachment_60799\" aria-describedby=\"caption-attachment-60799\" style=\"width: 1000px\" class=\"wp-caption aligncenter\"><img loading=\"lazy\" decoding=\"async\" class=\"size-full wp-image-60799\" src=\"https:\/\/www.musikzeitung.ch\/wp-content\/uploads\/2024\/11\/Depositphotos_24619805_S.jpg\" alt=\"\" width=\"1000\" height=\"927\" srcset=\"https:\/\/www.musikzeitung.ch\/wp-content\/uploads\/2024\/11\/Depositphotos_24619805_S.jpg 1000w, https:\/\/www.musikzeitung.ch\/wp-content\/uploads\/2024\/11\/Depositphotos_24619805_S-300x278.jpg 300w, https:\/\/www.musikzeitung.ch\/wp-content\/uploads\/2024\/11\/Depositphotos_24619805_S-768x712.jpg 768w, https:\/\/www.musikzeitung.ch\/wp-content\/uploads\/2024\/11\/Depositphotos_24619805_S-13x12.jpg 13w, https:\/\/www.musikzeitung.ch\/wp-content\/uploads\/2024\/11\/Depositphotos_24619805_S-189x175.jpg 189w, https:\/\/www.musikzeitung.ch\/wp-content\/uploads\/2024\/11\/Depositphotos_24619805_S-378x350.jpg 378w, https:\/\/www.musikzeitung.ch\/wp-content\/uploads\/2024\/11\/Depositphotos_24619805_S-863x800.jpg 863w, https:\/\/www.musikzeitung.ch\/wp-content\/uploads\/2024\/11\/Depositphotos_24619805_S-920x853.jpg 920w\" sizes=\"auto, (max-width: 1000px) 100vw, 1000px\" \/><figcaption id=\"caption-attachment-60799\" class=\"wp-caption-text\">Will a picture be looked at for longer if the music played goes with it? Symbolic image: zmijak\/depositphotos.com<\/figcaption><\/figure>\n<p>The research team conducted the study online in collaboration with the Kentler International Drawing Space (Brooklyn, New York, USA). The starting point was the exhibition \"Music as Image and Metaphor\". This shows 41 drawings from Kentler's collection, accompanied by pieces of music that were specially composed to match the pictures. A member of the board of trustees had noticed that visitors were spending more time in the exhibition than usual. He wondered whether the musical accompaniment could be the reason for this and approached the then MPIEA researcher Lauren Fink with the suggestion of an accompanying scientific study.<\/p>\n<p>The research team expanded the approach to include the question of whether the deliberately chosen combination of music and image has a particular influence on the aesthetic experience or whether a random pairing could also achieve similar effects. The more than 200 study participants were presented with 16 works in different modalities. These included pure pieces of music, images without musical accompaniment, intended audiovisual pairings and random audiovisual pairings. The respective viewing time served as an indicator of aesthetic interest. In addition, the test subjects were asked to report on their subjective experience after each work, such as the feeling of being moved.<\/p>\n<p><strong>Original article:<\/strong><br \/>\n<a href=\"https:\/\/www.aesthetics.mpg.de\/newsroom\/news\/news-artikel\/article\/laesst-uns-musik-kunst-anders-wahrnehmen.html\">https:\/\/www.aesthetics.mpg.de\/newsroom\/news\/news-artikel\/article\/laesst-uns-musik-kunst-anders-wahrnehmen.html<\/a><\/p>","protected":false},"excerpt":{"rendered":"<p>A research team from the Max Planck Institute for Empirical Aesthetics (MPIEA) in Frankfurt am Main has investigated how the combination of music and images influences the aesthetic perception of art.<\/p>","protected":false},"author":30,"featured_media":60799,"comment_status":"closed","ping_status":"closed","sticky":false,"template":"","format":"standard","meta":{"_acf_changed":false,"_relevanssi_hide_post":"","_relevanssi_hide_content":"","_relevanssi_pin_for_all":"","_relevanssi_pin_keywords":"","_relevanssi_unpin_keywords":"","_relevanssi_related_keywords":"","_relevanssi_related_include_ids":"","_relevanssi_related_exclude_ids":"","_relevanssi_related_no_append":"","_relevanssi_related_not_related":"","_relevanssi_related_posts":"","_relevanssi_noindex_reason":"","pgc_sgb_lightbox_settings":"","footnotes":""},"categories":[27],"tags":[2178],"class_list":["post-60784","post","type-post","status-publish","format-standard","has-post-thumbnail","hentry","category-news","tag-max-planck-institut-fuer-empirische-aesthetik"],"acf":[],"yoast_head":"<!-- This site is optimized with the Yoast SEO plugin v27.4 - https:\/\/yoast.com\/product\/yoast-seo-wordpress\/ -->\n<title>Interaktionen von Bild und Musik auf der Spur - Schweizer Musikzeitung<\/title>\n<meta name=\"description\" content=\"Ein Forschungsteam des Max-Planck-Instituts hat untersucht, wie die Kombination von Musik und Bild die \u00e4sthetische Wahrnehmung von Kunst beeinflusst.\" \/>\n<meta name=\"robots\" content=\"index, follow, max-snippet:-1, max-image-preview:large, max-video-preview:-1\" \/>\n<link rel=\"canonical\" href=\"https:\/\/www.musikzeitung.ch\/en\/news\/2024\/11\/interaktionen-von-bild-und-musik-auf-der-spur\/\" \/>\n<meta property=\"og:locale\" content=\"en_US\" \/>\n<meta property=\"og:type\" content=\"article\" \/>\n<meta property=\"og:title\" content=\"Interaktionen von Bild und Musik auf der Spur - Schweizer Musikzeitung\" \/>\n<meta property=\"og:description\" content=\"Ein Forschungsteam des Max-Planck-Instituts hat untersucht, wie die Kombination von Musik und Bild die \u00e4sthetische Wahrnehmung von Kunst beeinflusst.\" \/>\n<meta property=\"og:url\" content=\"https:\/\/www.musikzeitung.ch\/en\/news\/2024\/11\/interaktionen-von-bild-und-musik-auf-der-spur\/\" \/>\n<meta property=\"og:site_name\" content=\"Schweizer Musikzeitung\" \/>\n<meta property=\"article:publisher\" content=\"https:\/\/www.facebook.com\/SchweizerMusikzeitung\/\" \/>\n<meta property=\"article:author\" content=\"https:\/\/www.facebook.com\/wolfgang.bohler.75\" \/>\n<meta property=\"article:published_time\" content=\"2024-11-27T05:36:11+00:00\" \/>\n<meta property=\"article:modified_time\" content=\"2024-11-27T10:00:06+00:00\" \/>\n<meta property=\"og:image\" content=\"https:\/\/www.musikzeitung.ch\/wp-content\/uploads\/2024\/11\/Depositphotos_24619805_S.jpg\" \/>\n\t<meta property=\"og:image:width\" content=\"1000\" \/>\n\t<meta property=\"og:image:height\" content=\"927\" \/>\n\t<meta property=\"og:image:type\" content=\"image\/jpeg\" \/>\n<meta name=\"author\" content=\"Wolfgang B\u00f6hler\" \/>\n<meta name=\"twitter:card\" content=\"summary_large_image\" \/>\n<meta name=\"twitter:creator\" content=\"@smusikzeitung\" \/>\n<meta name=\"twitter:site\" content=\"@smusikzeitung\" \/>\n<meta name=\"twitter:label1\" content=\"Written by\" \/>\n\t<meta name=\"twitter:data1\" content=\"Wolfgang B\u00f6hler\" \/>\n\t<meta name=\"twitter:label2\" content=\"Est. reading time\" \/>\n\t<meta name=\"twitter:data2\" content=\"2 minutes\" \/>\n<script type=\"application\/ld+json\" class=\"yoast-schema-graph\">{\"@context\":\"https:\\\/\\\/schema.org\",\"@graph\":[{\"@type\":\"Article\",\"@id\":\"https:\\\/\\\/www.musikzeitung.ch\\\/news\\\/2024\\\/11\\\/interaktionen-von-bild-und-musik-auf-der-spur#article\",\"isPartOf\":{\"@id\":\"https:\\\/\\\/www.musikzeitung.ch\\\/news\\\/2024\\\/11\\\/interaktionen-von-bild-und-musik-auf-der-spur\"},\"author\":{\"name\":\"Wolfgang B\u00f6hler\",\"@id\":\"https:\\\/\\\/www.musikzeitung.ch\\\/#\\\/schema\\\/person\\\/0da4fb82d243f1252850a35d0e87cf0c\"},\"headline\":\"Interaktionen von Bild und Musik auf der Spur\",\"datePublished\":\"2024-11-27T05:36:11+00:00\",\"dateModified\":\"2024-11-27T10:00:06+00:00\",\"mainEntityOfPage\":{\"@id\":\"https:\\\/\\\/www.musikzeitung.ch\\\/news\\\/2024\\\/11\\\/interaktionen-von-bild-und-musik-auf-der-spur\"},\"wordCount\":232,\"publisher\":{\"@id\":\"https:\\\/\\\/www.musikzeitung.ch\\\/#organization\"},\"image\":{\"@id\":\"https:\\\/\\\/www.musikzeitung.ch\\\/news\\\/2024\\\/11\\\/interaktionen-von-bild-und-musik-auf-der-spur#primaryimage\"},\"thumbnailUrl\":\"https:\\\/\\\/www.musikzeitung.ch\\\/wp-content\\\/uploads\\\/2024\\\/11\\\/Depositphotos_24619805_S.jpg\",\"keywords\":[\"Max-Planck-Institut f\u00fcr empirische \u00c4sthetik\"],\"articleSection\":[\"News\"],\"inLanguage\":\"en-US\"},{\"@type\":\"WebPage\",\"@id\":\"https:\\\/\\\/www.musikzeitung.ch\\\/news\\\/2024\\\/11\\\/interaktionen-von-bild-und-musik-auf-der-spur\",\"url\":\"https:\\\/\\\/www.musikzeitung.ch\\\/news\\\/2024\\\/11\\\/interaktionen-von-bild-und-musik-auf-der-spur\",\"name\":\"Interaktionen von Bild und Musik auf der Spur - Schweizer Musikzeitung\",\"isPartOf\":{\"@id\":\"https:\\\/\\\/www.musikzeitung.ch\\\/#website\"},\"primaryImageOfPage\":{\"@id\":\"https:\\\/\\\/www.musikzeitung.ch\\\/news\\\/2024\\\/11\\\/interaktionen-von-bild-und-musik-auf-der-spur#primaryimage\"},\"image\":{\"@id\":\"https:\\\/\\\/www.musikzeitung.ch\\\/news\\\/2024\\\/11\\\/interaktionen-von-bild-und-musik-auf-der-spur#primaryimage\"},\"thumbnailUrl\":\"https:\\\/\\\/www.musikzeitung.ch\\\/wp-content\\\/uploads\\\/2024\\\/11\\\/Depositphotos_24619805_S.jpg\",\"datePublished\":\"2024-11-27T05:36:11+00:00\",\"dateModified\":\"2024-11-27T10:00:06+00:00\",\"description\":\"Ein Forschungsteam des Max-Planck-Instituts hat untersucht, wie die Kombination von Musik und Bild die \u00e4sthetische Wahrnehmung von Kunst beeinflusst.\",\"breadcrumb\":{\"@id\":\"https:\\\/\\\/www.musikzeitung.ch\\\/news\\\/2024\\\/11\\\/interaktionen-von-bild-und-musik-auf-der-spur#breadcrumb\"},\"inLanguage\":\"en-US\",\"potentialAction\":[{\"@type\":\"ReadAction\",\"target\":[\"https:\\\/\\\/www.musikzeitung.ch\\\/news\\\/2024\\\/11\\\/interaktionen-von-bild-und-musik-auf-der-spur\"]}]},{\"@type\":\"ImageObject\",\"inLanguage\":\"en-US\",\"@id\":\"https:\\\/\\\/www.musikzeitung.ch\\\/news\\\/2024\\\/11\\\/interaktionen-von-bild-und-musik-auf-der-spur#primaryimage\",\"url\":\"https:\\\/\\\/www.musikzeitung.ch\\\/wp-content\\\/uploads\\\/2024\\\/11\\\/Depositphotos_24619805_S.jpg\",\"contentUrl\":\"https:\\\/\\\/www.musikzeitung.ch\\\/wp-content\\\/uploads\\\/2024\\\/11\\\/Depositphotos_24619805_S.jpg\",\"width\":1000,\"height\":927,\"caption\":\"Wird ein Bild l\u00e4nger angeschaut, wenn die dazu gespielte Musik dazu passt? Symbolbild: zmijak\\\/depositphotos.com\"},{\"@type\":\"BreadcrumbList\",\"@id\":\"https:\\\/\\\/www.musikzeitung.ch\\\/news\\\/2024\\\/11\\\/interaktionen-von-bild-und-musik-auf-der-spur#breadcrumb\",\"itemListElement\":[{\"@type\":\"ListItem\",\"position\":1,\"name\":\"Home\",\"item\":\"https:\\\/\\\/www.musikzeitung.ch\\\/\"},{\"@type\":\"ListItem\",\"position\":2,\"name\":\"Interaktionen von Bild und Musik auf der Spur\"}]},{\"@type\":\"WebSite\",\"@id\":\"https:\\\/\\\/www.musikzeitung.ch\\\/#website\",\"url\":\"https:\\\/\\\/www.musikzeitung.ch\\\/\",\"name\":\"Schweizer Musikzeitung\",\"description\":\"Die f\u00fchrende sparten\u00fcbergreifende Monatszeitung in der Schweiz f\u00fcr musikalische Fragen.\",\"publisher\":{\"@id\":\"https:\\\/\\\/www.musikzeitung.ch\\\/#organization\"},\"potentialAction\":[{\"@type\":\"SearchAction\",\"target\":{\"@type\":\"EntryPoint\",\"urlTemplate\":\"https:\\\/\\\/www.musikzeitung.ch\\\/?s={search_term_string}\"},\"query-input\":{\"@type\":\"PropertyValueSpecification\",\"valueRequired\":true,\"valueName\":\"search_term_string\"}}],\"inLanguage\":\"en-US\"},{\"@type\":\"Organization\",\"@id\":\"https:\\\/\\\/www.musikzeitung.ch\\\/#organization\",\"name\":\"Schweizer Musikzeitung\",\"url\":\"https:\\\/\\\/www.musikzeitung.ch\\\/\",\"logo\":{\"@type\":\"ImageObject\",\"inLanguage\":\"en-US\",\"@id\":\"https:\\\/\\\/www.musikzeitung.ch\\\/#\\\/schema\\\/logo\\\/image\\\/\",\"url\":\"https:\\\/\\\/www.musikzeitung.ch\\\/wp-content\\\/uploads\\\/2023\\\/01\\\/SMZ_Schriftzug_Sprache.png\",\"contentUrl\":\"https:\\\/\\\/www.musikzeitung.ch\\\/wp-content\\\/uploads\\\/2023\\\/01\\\/SMZ_Schriftzug_Sprache.png\",\"width\":1400,\"height\":279,\"caption\":\"Schweizer Musikzeitung\"},\"image\":{\"@id\":\"https:\\\/\\\/www.musikzeitung.ch\\\/#\\\/schema\\\/logo\\\/image\\\/\"},\"sameAs\":[\"https:\\\/\\\/www.facebook.com\\\/SchweizerMusikzeitung\\\/\",\"https:\\\/\\\/x.com\\\/smusikzeitung\",\"https:\\\/\\\/www.instagram.com\\\/musikzeitung.ch\\\/\"]},{\"@type\":\"Person\",\"@id\":\"https:\\\/\\\/www.musikzeitung.ch\\\/#\\\/schema\\\/person\\\/0da4fb82d243f1252850a35d0e87cf0c\",\"name\":\"Wolfgang B\u00f6hler\",\"image\":{\"@type\":\"ImageObject\",\"inLanguage\":\"en-US\",\"@id\":\"https:\\\/\\\/www.musikzeitung.ch\\\/wp-content\\\/uploads\\\/2023\\\/01\\\/boehler_portraet_web-e1674139782246-96x96.jpg\",\"url\":\"https:\\\/\\\/www.musikzeitung.ch\\\/wp-content\\\/uploads\\\/2023\\\/01\\\/boehler_portraet_web-e1674139782246-96x96.jpg\",\"contentUrl\":\"https:\\\/\\\/www.musikzeitung.ch\\\/wp-content\\\/uploads\\\/2023\\\/01\\\/boehler_portraet_web-e1674139782246-96x96.jpg\",\"caption\":\"Wolfgang B\u00f6hler\"},\"sameAs\":[\"http:\\\/\\\/www.manacanto.ch\",\"https:\\\/\\\/www.facebook.com\\\/wolfgang.bohler.75\"],\"url\":\"https:\\\/\\\/www.musikzeitung.ch\\\/en\\\/author\\\/wolfgang-boehler\"}]}<\/script>\n<!-- \/ Yoast SEO plugin. -->","yoast_head_json":{"title":"Interaktionen von Bild und Musik auf der Spur - Schweizer Musikzeitung","description":"Ein Forschungsteam des Max-Planck-Instituts hat untersucht, wie die Kombination von Musik und Bild die \u00e4sthetische Wahrnehmung von Kunst beeinflusst.","robots":{"index":"index","follow":"follow","max-snippet":"max-snippet:-1","max-image-preview":"max-image-preview:large","max-video-preview":"max-video-preview:-1"},"canonical":"https:\/\/www.musikzeitung.ch\/en\/news\/2024\/11\/interaktionen-von-bild-und-musik-auf-der-spur\/","og_locale":"en_US","og_type":"article","og_title":"Interaktionen von Bild und Musik auf der Spur - Schweizer Musikzeitung","og_description":"Ein Forschungsteam des Max-Planck-Instituts hat untersucht, wie die Kombination von Musik und Bild die \u00e4sthetische Wahrnehmung von Kunst beeinflusst.","og_url":"https:\/\/www.musikzeitung.ch\/en\/news\/2024\/11\/interaktionen-von-bild-und-musik-auf-der-spur\/","og_site_name":"Schweizer Musikzeitung","article_publisher":"https:\/\/www.facebook.com\/SchweizerMusikzeitung\/","article_author":"https:\/\/www.facebook.com\/wolfgang.bohler.75","article_published_time":"2024-11-27T05:36:11+00:00","article_modified_time":"2024-11-27T10:00:06+00:00","og_image":[{"width":1000,"height":927,"url":"https:\/\/www.musikzeitung.ch\/wp-content\/uploads\/2024\/11\/Depositphotos_24619805_S.jpg","type":"image\/jpeg"}],"author":"Wolfgang B\u00f6hler","twitter_card":"summary_large_image","twitter_creator":"@smusikzeitung","twitter_site":"@smusikzeitung","twitter_misc":{"Written by":"Wolfgang B\u00f6hler","Est. reading time":"2 minutes"},"schema":{"@context":"https:\/\/schema.org","@graph":[{"@type":"Article","@id":"https:\/\/www.musikzeitung.ch\/news\/2024\/11\/interaktionen-von-bild-und-musik-auf-der-spur#article","isPartOf":{"@id":"https:\/\/www.musikzeitung.ch\/news\/2024\/11\/interaktionen-von-bild-und-musik-auf-der-spur"},"author":{"name":"Wolfgang B\u00f6hler","@id":"https:\/\/www.musikzeitung.ch\/#\/schema\/person\/0da4fb82d243f1252850a35d0e87cf0c"},"headline":"Interaktionen von Bild und Musik auf der Spur","datePublished":"2024-11-27T05:36:11+00:00","dateModified":"2024-11-27T10:00:06+00:00","mainEntityOfPage":{"@id":"https:\/\/www.musikzeitung.ch\/news\/2024\/11\/interaktionen-von-bild-und-musik-auf-der-spur"},"wordCount":232,"publisher":{"@id":"https:\/\/www.musikzeitung.ch\/#organization"},"image":{"@id":"https:\/\/www.musikzeitung.ch\/news\/2024\/11\/interaktionen-von-bild-und-musik-auf-der-spur#primaryimage"},"thumbnailUrl":"https:\/\/www.musikzeitung.ch\/wp-content\/uploads\/2024\/11\/Depositphotos_24619805_S.jpg","keywords":["Max-Planck-Institut f\u00fcr empirische \u00c4sthetik"],"articleSection":["News"],"inLanguage":"en-US"},{"@type":"WebPage","@id":"https:\/\/www.musikzeitung.ch\/news\/2024\/11\/interaktionen-von-bild-und-musik-auf-der-spur","url":"https:\/\/www.musikzeitung.ch\/news\/2024\/11\/interaktionen-von-bild-und-musik-auf-der-spur","name":"Interaktionen von Bild und Musik auf der Spur - Schweizer Musikzeitung","isPartOf":{"@id":"https:\/\/www.musikzeitung.ch\/#website"},"primaryImageOfPage":{"@id":"https:\/\/www.musikzeitung.ch\/news\/2024\/11\/interaktionen-von-bild-und-musik-auf-der-spur#primaryimage"},"image":{"@id":"https:\/\/www.musikzeitung.ch\/news\/2024\/11\/interaktionen-von-bild-und-musik-auf-der-spur#primaryimage"},"thumbnailUrl":"https:\/\/www.musikzeitung.ch\/wp-content\/uploads\/2024\/11\/Depositphotos_24619805_S.jpg","datePublished":"2024-11-27T05:36:11+00:00","dateModified":"2024-11-27T10:00:06+00:00","description":"Ein Forschungsteam des Max-Planck-Instituts hat untersucht, wie die Kombination von Musik und Bild die \u00e4sthetische Wahrnehmung von Kunst beeinflusst.","breadcrumb":{"@id":"https:\/\/www.musikzeitung.ch\/news\/2024\/11\/interaktionen-von-bild-und-musik-auf-der-spur#breadcrumb"},"inLanguage":"en-US","potentialAction":[{"@type":"ReadAction","target":["https:\/\/www.musikzeitung.ch\/news\/2024\/11\/interaktionen-von-bild-und-musik-auf-der-spur"]}]},{"@type":"ImageObject","inLanguage":"en-US","@id":"https:\/\/www.musikzeitung.ch\/news\/2024\/11\/interaktionen-von-bild-und-musik-auf-der-spur#primaryimage","url":"https:\/\/www.musikzeitung.ch\/wp-content\/uploads\/2024\/11\/Depositphotos_24619805_S.jpg","contentUrl":"https:\/\/www.musikzeitung.ch\/wp-content\/uploads\/2024\/11\/Depositphotos_24619805_S.jpg","width":1000,"height":927,"caption":"Wird ein Bild l\u00e4nger angeschaut, wenn die dazu gespielte Musik dazu passt? Symbolbild: zmijak\/depositphotos.com"},{"@type":"BreadcrumbList","@id":"https:\/\/www.musikzeitung.ch\/news\/2024\/11\/interaktionen-von-bild-und-musik-auf-der-spur#breadcrumb","itemListElement":[{"@type":"ListItem","position":1,"name":"Home","item":"https:\/\/www.musikzeitung.ch\/"},{"@type":"ListItem","position":2,"name":"Interaktionen von Bild und Musik auf der Spur"}]},{"@type":"WebSite","@id":"https:\/\/www.musikzeitung.ch\/#website","url":"https:\/\/www.musikzeitung.ch\/","name":"Swiss Music Newspaper","description":"The leading interdisciplinary monthly newspaper in Switzerland for musical issues.","publisher":{"@id":"https:\/\/www.musikzeitung.ch\/#organization"},"potentialAction":[{"@type":"SearchAction","target":{"@type":"EntryPoint","urlTemplate":"https:\/\/www.musikzeitung.ch\/?s={search_term_string}"},"query-input":{"@type":"PropertyValueSpecification","valueRequired":true,"valueName":"search_term_string"}}],"inLanguage":"en-US"},{"@type":"Organization","@id":"https:\/\/www.musikzeitung.ch\/#organization","name":"Swiss Music Newspaper","url":"https:\/\/www.musikzeitung.ch\/","logo":{"@type":"ImageObject","inLanguage":"en-US","@id":"https:\/\/www.musikzeitung.ch\/#\/schema\/logo\/image\/","url":"https:\/\/www.musikzeitung.ch\/wp-content\/uploads\/2023\/01\/SMZ_Schriftzug_Sprache.png","contentUrl":"https:\/\/www.musikzeitung.ch\/wp-content\/uploads\/2023\/01\/SMZ_Schriftzug_Sprache.png","width":1400,"height":279,"caption":"Schweizer Musikzeitung"},"image":{"@id":"https:\/\/www.musikzeitung.ch\/#\/schema\/logo\/image\/"},"sameAs":["https:\/\/www.facebook.com\/SchweizerMusikzeitung\/","https:\/\/x.com\/smusikzeitung","https:\/\/www.instagram.com\/musikzeitung.ch\/"]},{"@type":"Person","@id":"https:\/\/www.musikzeitung.ch\/#\/schema\/person\/0da4fb82d243f1252850a35d0e87cf0c","name":"Wolfgang B\u00f6hler","image":{"@type":"ImageObject","inLanguage":"en-US","@id":"https:\/\/www.musikzeitung.ch\/wp-content\/uploads\/2023\/01\/boehler_portraet_web-e1674139782246-96x96.jpg","url":"https:\/\/www.musikzeitung.ch\/wp-content\/uploads\/2023\/01\/boehler_portraet_web-e1674139782246-96x96.jpg","contentUrl":"https:\/\/www.musikzeitung.ch\/wp-content\/uploads\/2023\/01\/boehler_portraet_web-e1674139782246-96x96.jpg","caption":"Wolfgang B\u00f6hler"},"sameAs":["http:\/\/www.manacanto.ch","https:\/\/www.facebook.com\/wolfgang.bohler.75"],"url":"https:\/\/www.musikzeitung.ch\/en\/author\/wolfgang-boehler"}]}},"publishpress_future_workflow_manual_trigger":{"enabledWorkflows":[]},"_links":{"self":[{"href":"https:\/\/www.musikzeitung.ch\/en\/wp-json\/wp\/v2\/posts\/60784","targetHints":{"allow":["GET"]}}],"collection":[{"href":"https:\/\/www.musikzeitung.ch\/en\/wp-json\/wp\/v2\/posts"}],"about":[{"href":"https:\/\/www.musikzeitung.ch\/en\/wp-json\/wp\/v2\/types\/post"}],"author":[{"embeddable":true,"href":"https:\/\/www.musikzeitung.ch\/en\/wp-json\/wp\/v2\/users\/30"}],"replies":[{"embeddable":true,"href":"https:\/\/www.musikzeitung.ch\/en\/wp-json\/wp\/v2\/comments?post=60784"}],"version-history":[{"count":6,"href":"https:\/\/www.musikzeitung.ch\/en\/wp-json\/wp\/v2\/posts\/60784\/revisions"}],"predecessor-version":[{"id":60801,"href":"https:\/\/www.musikzeitung.ch\/en\/wp-json\/wp\/v2\/posts\/60784\/revisions\/60801"}],"wp:featuredmedia":[{"embeddable":true,"href":"https:\/\/www.musikzeitung.ch\/en\/wp-json\/wp\/v2\/media\/60799"}],"wp:attachment":[{"href":"https:\/\/www.musikzeitung.ch\/en\/wp-json\/wp\/v2\/media?parent=60784"}],"wp:term":[{"taxonomy":"category","embeddable":true,"href":"https:\/\/www.musikzeitung.ch\/en\/wp-json\/wp\/v2\/categories?post=60784"},{"taxonomy":"post_tag","embeddable":true,"href":"https:\/\/www.musikzeitung.ch\/en\/wp-json\/wp\/v2\/tags?post=60784"}],"curies":[{"name":"wp","href":"https:\/\/api.w.org\/{rel}","templated":true}]}}