{"id":60990,"date":"2024-12-02T06:10:55","date_gmt":"2024-12-02T05:10:55","guid":{"rendered":"https:\/\/www.musikzeitung.ch\/?p=60990"},"modified":"2024-12-03T15:23:47","modified_gmt":"2024-12-03T14:23:47","slug":"mirjam-skal-gewinnt-mueller-preis-fuer-filmmusik","status":"publish","type":"post","link":"https:\/\/www.musikzeitung.ch\/en\/news\/2024\/12\/mirjam-skal-gewinnt-mueller-preis-fuer-filmmusik","title":{"rendered":"Mirjam Skal wins M\u00fcller Prize for film music"},"content":{"rendered":"<figure id=\"attachment_60991\" aria-describedby=\"caption-attachment-60991\" style=\"width: 768px\" class=\"wp-caption alignnone\"><img loading=\"lazy\" decoding=\"async\" class=\"size-large wp-image-60991\" src=\"https:\/\/www.musikzeitung.ch\/wp-content\/uploads\/2024\/12\/241202tatort-1024x641.jpg\" alt=\"\" width=\"768\" height=\"481\" srcset=\"https:\/\/www.musikzeitung.ch\/wp-content\/uploads\/2024\/12\/241202tatort-1024x641.jpg 1024w, https:\/\/www.musikzeitung.ch\/wp-content\/uploads\/2024\/12\/241202tatort-300x188.jpg 300w, https:\/\/www.musikzeitung.ch\/wp-content\/uploads\/2024\/12\/241202tatort-768x481.jpg 768w, https:\/\/www.musikzeitung.ch\/wp-content\/uploads\/2024\/12\/241202tatort-18x12.jpg 18w, https:\/\/www.musikzeitung.ch\/wp-content\/uploads\/2024\/12\/241202tatort-280x175.jpg 280w, https:\/\/www.musikzeitung.ch\/wp-content\/uploads\/2024\/12\/241202tatort-559x350.jpg 559w, https:\/\/www.musikzeitung.ch\/wp-content\/uploads\/2024\/12\/241202tatort-920x576.jpg 920w, https:\/\/www.musikzeitung.ch\/wp-content\/uploads\/2024\/12\/241202tatort.jpg 1275w\" sizes=\"auto, (max-width: 768px) 100vw, 768px\" \/><figcaption id=\"caption-attachment-60991\" class=\"wp-caption-text\">SRF crime scene \"Von Affen und Menschen\" (video still)<\/figcaption><\/figure>\n<p>The seven-member jury praised Skal \"for the outstanding film music, which impresses with its high musicality and creative depth\". Mirjam Skal shows \"a great flair for lending the film an additional dimension through a very striking, idiosyncratic sound concept that tastefully marries traditional orchestral instruments with electronic sounds\". Her composition achieves a skillful balance between tension, dynamics and emotion through catchy themes and the multi-layered sound design. The award ceremony took place as part of the Televisionale Film and Series Festival Baden-Baden.<\/p>\n<p>Mirjam Skal was born in 1996 and lives in Zurich. She received her Master's degree in Composition for Film, Theater and Media from the Zurich University of the Arts in 2022 and works as a freelance composer. In 2018, she won the Taurus Award for best music in an animated film. As Vice President of the Forum Filmmusik and part of the advisory board of the Sonart association, she represents the Swiss film music industry.<\/p>\n<p>The Rolf Hans M\u00fcller Award for Film Music has been honoring young talent for outstanding film music since 1992. The prize, which is organized by S\u00fcdwestrundfunk, is sponsored in equal parts by the Rolf Hans M\u00fcller Foundation Baden-Baden and the MFG Medien- und Filmgesellschaft Baden-W\u00fcrttemberg.<\/p>","protected":false},"excerpt":{"rendered":"<p>ZHdK graduate Mirjam Skal wins the Rolf Hans M\u00fcller Prize for Film Music 2024, endowed with 5000 euros, for her composition for the SRF crime scene \"Von Affen und Menschen\". <\/p>","protected":false},"author":30,"featured_media":60991,"comment_status":"closed","ping_status":"closed","sticky":false,"template":"","format":"standard","meta":{"_acf_changed":false,"_relevanssi_hide_post":"","_relevanssi_hide_content":"","_relevanssi_pin_for_all":"","_relevanssi_pin_keywords":"","_relevanssi_unpin_keywords":"","_relevanssi_related_keywords":"","_relevanssi_related_include_ids":"","_relevanssi_related_exclude_ids":"","_relevanssi_related_no_append":"","_relevanssi_related_not_related":"","_relevanssi_related_posts":"","_relevanssi_noindex_reason":"","pgc_sgb_lightbox_settings":"","footnotes":""},"categories":[27],"tags":[4617,4618],"class_list":["post-60990","post","type-post","status-publish","format-standard","has-post-thumbnail","hentry","category-news","tag-mirjam-skal","tag-rolf-hans-mueller-preis-fuer-filmmusik"],"acf":[],"yoast_head":"<!-- This site is optimized with the Yoast SEO plugin v27.4 - https:\/\/yoast.com\/product\/yoast-seo-wordpress\/ -->\n<title>Mirjam Skal gewinnt M\u00fcller-Preis f\u00fcr Filmmusik - Schweizer Musikzeitung<\/title>\n<meta name=\"description\" content=\"Die ZHdK-Absolventin Mirjam Skal gewinnt f\u00fcr ihre Komposition zum SRF-Tatort \u00abVon Affen und Menschen\u00bb den Rolf-Hans-M\u00fcller-Preis f\u00fcr Filmmusik 2024.\" \/>\n<meta name=\"robots\" content=\"index, follow, max-snippet:-1, max-image-preview:large, max-video-preview:-1\" \/>\n<link rel=\"canonical\" href=\"https:\/\/www.musikzeitung.ch\/en\/news\/2024\/12\/mirjam-skal-gewinnt-mueller-preis-fuer-filmmusik\/\" \/>\n<meta property=\"og:locale\" content=\"en_US\" \/>\n<meta property=\"og:type\" content=\"article\" \/>\n<meta property=\"og:title\" content=\"Mirjam Skal gewinnt M\u00fcller-Preis f\u00fcr Filmmusik - Schweizer Musikzeitung\" \/>\n<meta property=\"og:description\" content=\"Die ZHdK-Absolventin Mirjam Skal gewinnt f\u00fcr ihre Komposition zum SRF-Tatort \u00abVon Affen und Menschen\u00bb den Rolf-Hans-M\u00fcller-Preis f\u00fcr Filmmusik 2024.\" \/>\n<meta property=\"og:url\" content=\"https:\/\/www.musikzeitung.ch\/en\/news\/2024\/12\/mirjam-skal-gewinnt-mueller-preis-fuer-filmmusik\/\" \/>\n<meta property=\"og:site_name\" content=\"Schweizer Musikzeitung\" \/>\n<meta property=\"article:publisher\" content=\"https:\/\/www.facebook.com\/SchweizerMusikzeitung\/\" \/>\n<meta property=\"article:author\" content=\"https:\/\/www.facebook.com\/wolfgang.bohler.75\" \/>\n<meta property=\"article:published_time\" content=\"2024-12-02T05:10:55+00:00\" \/>\n<meta property=\"article:modified_time\" content=\"2024-12-03T14:23:47+00:00\" \/>\n<meta property=\"og:image\" content=\"https:\/\/www.musikzeitung.ch\/wp-content\/uploads\/2024\/12\/241202tatort.jpg\" \/>\n\t<meta property=\"og:image:width\" content=\"1275\" \/>\n\t<meta property=\"og:image:height\" content=\"798\" \/>\n\t<meta property=\"og:image:type\" content=\"image\/jpeg\" \/>\n<meta name=\"author\" content=\"Wolfgang B\u00f6hler\" \/>\n<meta name=\"twitter:card\" content=\"summary_large_image\" \/>\n<meta name=\"twitter:creator\" content=\"@smusikzeitung\" \/>\n<meta name=\"twitter:site\" content=\"@smusikzeitung\" \/>\n<meta name=\"twitter:label1\" content=\"Written by\" \/>\n\t<meta name=\"twitter:data1\" content=\"Wolfgang B\u00f6hler\" \/>\n\t<meta name=\"twitter:label2\" content=\"Est. reading time\" \/>\n\t<meta name=\"twitter:data2\" content=\"2 minutes\" \/>\n<script type=\"application\/ld+json\" class=\"yoast-schema-graph\">{\"@context\":\"https:\\\/\\\/schema.org\",\"@graph\":[{\"@type\":\"Article\",\"@id\":\"https:\\\/\\\/www.musikzeitung.ch\\\/news\\\/2024\\\/12\\\/mirjam-skal-gewinnt-mueller-preis-fuer-filmmusik#article\",\"isPartOf\":{\"@id\":\"https:\\\/\\\/www.musikzeitung.ch\\\/news\\\/2024\\\/12\\\/mirjam-skal-gewinnt-mueller-preis-fuer-filmmusik\"},\"author\":{\"name\":\"Wolfgang B\u00f6hler\",\"@id\":\"https:\\\/\\\/www.musikzeitung.ch\\\/#\\\/schema\\\/person\\\/0da4fb82d243f1252850a35d0e87cf0c\"},\"headline\":\"Mirjam Skal gewinnt M\u00fcller-Preis f\u00fcr Filmmusik\",\"datePublished\":\"2024-12-02T05:10:55+00:00\",\"dateModified\":\"2024-12-03T14:23:47+00:00\",\"mainEntityOfPage\":{\"@id\":\"https:\\\/\\\/www.musikzeitung.ch\\\/news\\\/2024\\\/12\\\/mirjam-skal-gewinnt-mueller-preis-fuer-filmmusik\"},\"wordCount\":216,\"publisher\":{\"@id\":\"https:\\\/\\\/www.musikzeitung.ch\\\/#organization\"},\"image\":{\"@id\":\"https:\\\/\\\/www.musikzeitung.ch\\\/news\\\/2024\\\/12\\\/mirjam-skal-gewinnt-mueller-preis-fuer-filmmusik#primaryimage\"},\"thumbnailUrl\":\"https:\\\/\\\/www.musikzeitung.ch\\\/wp-content\\\/uploads\\\/2024\\\/12\\\/241202tatort.jpg\",\"keywords\":[\"Mirjam Skal\",\"Rolf-Hans M\u00fcller Preis f\u00fcr Filmmusik\"],\"articleSection\":[\"News\"],\"inLanguage\":\"en-US\"},{\"@type\":\"WebPage\",\"@id\":\"https:\\\/\\\/www.musikzeitung.ch\\\/news\\\/2024\\\/12\\\/mirjam-skal-gewinnt-mueller-preis-fuer-filmmusik\",\"url\":\"https:\\\/\\\/www.musikzeitung.ch\\\/news\\\/2024\\\/12\\\/mirjam-skal-gewinnt-mueller-preis-fuer-filmmusik\",\"name\":\"Mirjam Skal gewinnt M\u00fcller-Preis f\u00fcr Filmmusik - Schweizer Musikzeitung\",\"isPartOf\":{\"@id\":\"https:\\\/\\\/www.musikzeitung.ch\\\/#website\"},\"primaryImageOfPage\":{\"@id\":\"https:\\\/\\\/www.musikzeitung.ch\\\/news\\\/2024\\\/12\\\/mirjam-skal-gewinnt-mueller-preis-fuer-filmmusik#primaryimage\"},\"image\":{\"@id\":\"https:\\\/\\\/www.musikzeitung.ch\\\/news\\\/2024\\\/12\\\/mirjam-skal-gewinnt-mueller-preis-fuer-filmmusik#primaryimage\"},\"thumbnailUrl\":\"https:\\\/\\\/www.musikzeitung.ch\\\/wp-content\\\/uploads\\\/2024\\\/12\\\/241202tatort.jpg\",\"datePublished\":\"2024-12-02T05:10:55+00:00\",\"dateModified\":\"2024-12-03T14:23:47+00:00\",\"description\":\"Die ZHdK-Absolventin Mirjam Skal gewinnt f\u00fcr ihre Komposition zum SRF-Tatort \u00abVon Affen und Menschen\u00bb den Rolf-Hans-M\u00fcller-Preis f\u00fcr Filmmusik 2024.\",\"breadcrumb\":{\"@id\":\"https:\\\/\\\/www.musikzeitung.ch\\\/news\\\/2024\\\/12\\\/mirjam-skal-gewinnt-mueller-preis-fuer-filmmusik#breadcrumb\"},\"inLanguage\":\"en-US\",\"potentialAction\":[{\"@type\":\"ReadAction\",\"target\":[\"https:\\\/\\\/www.musikzeitung.ch\\\/news\\\/2024\\\/12\\\/mirjam-skal-gewinnt-mueller-preis-fuer-filmmusik\"]}]},{\"@type\":\"ImageObject\",\"inLanguage\":\"en-US\",\"@id\":\"https:\\\/\\\/www.musikzeitung.ch\\\/news\\\/2024\\\/12\\\/mirjam-skal-gewinnt-mueller-preis-fuer-filmmusik#primaryimage\",\"url\":\"https:\\\/\\\/www.musikzeitung.ch\\\/wp-content\\\/uploads\\\/2024\\\/12\\\/241202tatort.jpg\",\"contentUrl\":\"https:\\\/\\\/www.musikzeitung.ch\\\/wp-content\\\/uploads\\\/2024\\\/12\\\/241202tatort.jpg\",\"width\":1275,\"height\":798,\"caption\":\"SRF-Tatort \u00abVon Affen und Menschen\u00bb (Video-Still)\"},{\"@type\":\"BreadcrumbList\",\"@id\":\"https:\\\/\\\/www.musikzeitung.ch\\\/news\\\/2024\\\/12\\\/mirjam-skal-gewinnt-mueller-preis-fuer-filmmusik#breadcrumb\",\"itemListElement\":[{\"@type\":\"ListItem\",\"position\":1,\"name\":\"Home\",\"item\":\"https:\\\/\\\/www.musikzeitung.ch\\\/\"},{\"@type\":\"ListItem\",\"position\":2,\"name\":\"Mirjam Skal gewinnt M\u00fcller-Preis f\u00fcr Filmmusik\"}]},{\"@type\":\"WebSite\",\"@id\":\"https:\\\/\\\/www.musikzeitung.ch\\\/#website\",\"url\":\"https:\\\/\\\/www.musikzeitung.ch\\\/\",\"name\":\"Schweizer Musikzeitung\",\"description\":\"Die f\u00fchrende sparten\u00fcbergreifende Monatszeitung in der Schweiz f\u00fcr musikalische Fragen.\",\"publisher\":{\"@id\":\"https:\\\/\\\/www.musikzeitung.ch\\\/#organization\"},\"potentialAction\":[{\"@type\":\"SearchAction\",\"target\":{\"@type\":\"EntryPoint\",\"urlTemplate\":\"https:\\\/\\\/www.musikzeitung.ch\\\/?s={search_term_string}\"},\"query-input\":{\"@type\":\"PropertyValueSpecification\",\"valueRequired\":true,\"valueName\":\"search_term_string\"}}],\"inLanguage\":\"en-US\"},{\"@type\":\"Organization\",\"@id\":\"https:\\\/\\\/www.musikzeitung.ch\\\/#organization\",\"name\":\"Schweizer Musikzeitung\",\"url\":\"https:\\\/\\\/www.musikzeitung.ch\\\/\",\"logo\":{\"@type\":\"ImageObject\",\"inLanguage\":\"en-US\",\"@id\":\"https:\\\/\\\/www.musikzeitung.ch\\\/#\\\/schema\\\/logo\\\/image\\\/\",\"url\":\"https:\\\/\\\/www.musikzeitung.ch\\\/wp-content\\\/uploads\\\/2023\\\/01\\\/SMZ_Schriftzug_Sprache.png\",\"contentUrl\":\"https:\\\/\\\/www.musikzeitung.ch\\\/wp-content\\\/uploads\\\/2023\\\/01\\\/SMZ_Schriftzug_Sprache.png\",\"width\":1400,\"height\":279,\"caption\":\"Schweizer Musikzeitung\"},\"image\":{\"@id\":\"https:\\\/\\\/www.musikzeitung.ch\\\/#\\\/schema\\\/logo\\\/image\\\/\"},\"sameAs\":[\"https:\\\/\\\/www.facebook.com\\\/SchweizerMusikzeitung\\\/\",\"https:\\\/\\\/x.com\\\/smusikzeitung\",\"https:\\\/\\\/www.instagram.com\\\/musikzeitung.ch\\\/\"]},{\"@type\":\"Person\",\"@id\":\"https:\\\/\\\/www.musikzeitung.ch\\\/#\\\/schema\\\/person\\\/0da4fb82d243f1252850a35d0e87cf0c\",\"name\":\"Wolfgang B\u00f6hler\",\"image\":{\"@type\":\"ImageObject\",\"inLanguage\":\"en-US\",\"@id\":\"https:\\\/\\\/www.musikzeitung.ch\\\/wp-content\\\/uploads\\\/2023\\\/01\\\/boehler_portraet_web-e1674139782246-96x96.jpg\",\"url\":\"https:\\\/\\\/www.musikzeitung.ch\\\/wp-content\\\/uploads\\\/2023\\\/01\\\/boehler_portraet_web-e1674139782246-96x96.jpg\",\"contentUrl\":\"https:\\\/\\\/www.musikzeitung.ch\\\/wp-content\\\/uploads\\\/2023\\\/01\\\/boehler_portraet_web-e1674139782246-96x96.jpg\",\"caption\":\"Wolfgang B\u00f6hler\"},\"sameAs\":[\"http:\\\/\\\/www.manacanto.ch\",\"https:\\\/\\\/www.facebook.com\\\/wolfgang.bohler.75\"],\"url\":\"https:\\\/\\\/www.musikzeitung.ch\\\/en\\\/author\\\/wolfgang-boehler\"}]}<\/script>\n<!-- \/ Yoast SEO plugin. -->","yoast_head_json":{"title":"Mirjam Skal gewinnt M\u00fcller-Preis f\u00fcr Filmmusik - Schweizer Musikzeitung","description":"Die ZHdK-Absolventin Mirjam Skal gewinnt f\u00fcr ihre Komposition zum SRF-Tatort \u00abVon Affen und Menschen\u00bb den Rolf-Hans-M\u00fcller-Preis f\u00fcr Filmmusik 2024.","robots":{"index":"index","follow":"follow","max-snippet":"max-snippet:-1","max-image-preview":"max-image-preview:large","max-video-preview":"max-video-preview:-1"},"canonical":"https:\/\/www.musikzeitung.ch\/en\/news\/2024\/12\/mirjam-skal-gewinnt-mueller-preis-fuer-filmmusik\/","og_locale":"en_US","og_type":"article","og_title":"Mirjam Skal gewinnt M\u00fcller-Preis f\u00fcr Filmmusik - Schweizer Musikzeitung","og_description":"Die ZHdK-Absolventin Mirjam Skal gewinnt f\u00fcr ihre Komposition zum SRF-Tatort \u00abVon Affen und Menschen\u00bb den Rolf-Hans-M\u00fcller-Preis f\u00fcr Filmmusik 2024.","og_url":"https:\/\/www.musikzeitung.ch\/en\/news\/2024\/12\/mirjam-skal-gewinnt-mueller-preis-fuer-filmmusik\/","og_site_name":"Schweizer Musikzeitung","article_publisher":"https:\/\/www.facebook.com\/SchweizerMusikzeitung\/","article_author":"https:\/\/www.facebook.com\/wolfgang.bohler.75","article_published_time":"2024-12-02T05:10:55+00:00","article_modified_time":"2024-12-03T14:23:47+00:00","og_image":[{"width":1275,"height":798,"url":"https:\/\/www.musikzeitung.ch\/wp-content\/uploads\/2024\/12\/241202tatort.jpg","type":"image\/jpeg"}],"author":"Wolfgang B\u00f6hler","twitter_card":"summary_large_image","twitter_creator":"@smusikzeitung","twitter_site":"@smusikzeitung","twitter_misc":{"Written by":"Wolfgang B\u00f6hler","Est. reading time":"2 minutes"},"schema":{"@context":"https:\/\/schema.org","@graph":[{"@type":"Article","@id":"https:\/\/www.musikzeitung.ch\/news\/2024\/12\/mirjam-skal-gewinnt-mueller-preis-fuer-filmmusik#article","isPartOf":{"@id":"https:\/\/www.musikzeitung.ch\/news\/2024\/12\/mirjam-skal-gewinnt-mueller-preis-fuer-filmmusik"},"author":{"name":"Wolfgang B\u00f6hler","@id":"https:\/\/www.musikzeitung.ch\/#\/schema\/person\/0da4fb82d243f1252850a35d0e87cf0c"},"headline":"Mirjam Skal gewinnt M\u00fcller-Preis f\u00fcr Filmmusik","datePublished":"2024-12-02T05:10:55+00:00","dateModified":"2024-12-03T14:23:47+00:00","mainEntityOfPage":{"@id":"https:\/\/www.musikzeitung.ch\/news\/2024\/12\/mirjam-skal-gewinnt-mueller-preis-fuer-filmmusik"},"wordCount":216,"publisher":{"@id":"https:\/\/www.musikzeitung.ch\/#organization"},"image":{"@id":"https:\/\/www.musikzeitung.ch\/news\/2024\/12\/mirjam-skal-gewinnt-mueller-preis-fuer-filmmusik#primaryimage"},"thumbnailUrl":"https:\/\/www.musikzeitung.ch\/wp-content\/uploads\/2024\/12\/241202tatort.jpg","keywords":["Mirjam Skal","Rolf-Hans M\u00fcller Preis f\u00fcr Filmmusik"],"articleSection":["News"],"inLanguage":"en-US"},{"@type":"WebPage","@id":"https:\/\/www.musikzeitung.ch\/news\/2024\/12\/mirjam-skal-gewinnt-mueller-preis-fuer-filmmusik","url":"https:\/\/www.musikzeitung.ch\/news\/2024\/12\/mirjam-skal-gewinnt-mueller-preis-fuer-filmmusik","name":"Mirjam Skal gewinnt M\u00fcller-Preis f\u00fcr Filmmusik - Schweizer Musikzeitung","isPartOf":{"@id":"https:\/\/www.musikzeitung.ch\/#website"},"primaryImageOfPage":{"@id":"https:\/\/www.musikzeitung.ch\/news\/2024\/12\/mirjam-skal-gewinnt-mueller-preis-fuer-filmmusik#primaryimage"},"image":{"@id":"https:\/\/www.musikzeitung.ch\/news\/2024\/12\/mirjam-skal-gewinnt-mueller-preis-fuer-filmmusik#primaryimage"},"thumbnailUrl":"https:\/\/www.musikzeitung.ch\/wp-content\/uploads\/2024\/12\/241202tatort.jpg","datePublished":"2024-12-02T05:10:55+00:00","dateModified":"2024-12-03T14:23:47+00:00","description":"Die ZHdK-Absolventin Mirjam Skal gewinnt f\u00fcr ihre Komposition zum SRF-Tatort \u00abVon Affen und Menschen\u00bb den Rolf-Hans-M\u00fcller-Preis f\u00fcr Filmmusik 2024.","breadcrumb":{"@id":"https:\/\/www.musikzeitung.ch\/news\/2024\/12\/mirjam-skal-gewinnt-mueller-preis-fuer-filmmusik#breadcrumb"},"inLanguage":"en-US","potentialAction":[{"@type":"ReadAction","target":["https:\/\/www.musikzeitung.ch\/news\/2024\/12\/mirjam-skal-gewinnt-mueller-preis-fuer-filmmusik"]}]},{"@type":"ImageObject","inLanguage":"en-US","@id":"https:\/\/www.musikzeitung.ch\/news\/2024\/12\/mirjam-skal-gewinnt-mueller-preis-fuer-filmmusik#primaryimage","url":"https:\/\/www.musikzeitung.ch\/wp-content\/uploads\/2024\/12\/241202tatort.jpg","contentUrl":"https:\/\/www.musikzeitung.ch\/wp-content\/uploads\/2024\/12\/241202tatort.jpg","width":1275,"height":798,"caption":"SRF-Tatort \u00abVon Affen und Menschen\u00bb (Video-Still)"},{"@type":"BreadcrumbList","@id":"https:\/\/www.musikzeitung.ch\/news\/2024\/12\/mirjam-skal-gewinnt-mueller-preis-fuer-filmmusik#breadcrumb","itemListElement":[{"@type":"ListItem","position":1,"name":"Home","item":"https:\/\/www.musikzeitung.ch\/"},{"@type":"ListItem","position":2,"name":"Mirjam Skal gewinnt M\u00fcller-Preis f\u00fcr Filmmusik"}]},{"@type":"WebSite","@id":"https:\/\/www.musikzeitung.ch\/#website","url":"https:\/\/www.musikzeitung.ch\/","name":"Swiss Music Newspaper","description":"The leading interdisciplinary monthly newspaper in Switzerland for musical issues.","publisher":{"@id":"https:\/\/www.musikzeitung.ch\/#organization"},"potentialAction":[{"@type":"SearchAction","target":{"@type":"EntryPoint","urlTemplate":"https:\/\/www.musikzeitung.ch\/?s={search_term_string}"},"query-input":{"@type":"PropertyValueSpecification","valueRequired":true,"valueName":"search_term_string"}}],"inLanguage":"en-US"},{"@type":"Organization","@id":"https:\/\/www.musikzeitung.ch\/#organization","name":"Swiss Music Newspaper","url":"https:\/\/www.musikzeitung.ch\/","logo":{"@type":"ImageObject","inLanguage":"en-US","@id":"https:\/\/www.musikzeitung.ch\/#\/schema\/logo\/image\/","url":"https:\/\/www.musikzeitung.ch\/wp-content\/uploads\/2023\/01\/SMZ_Schriftzug_Sprache.png","contentUrl":"https:\/\/www.musikzeitung.ch\/wp-content\/uploads\/2023\/01\/SMZ_Schriftzug_Sprache.png","width":1400,"height":279,"caption":"Schweizer Musikzeitung"},"image":{"@id":"https:\/\/www.musikzeitung.ch\/#\/schema\/logo\/image\/"},"sameAs":["https:\/\/www.facebook.com\/SchweizerMusikzeitung\/","https:\/\/x.com\/smusikzeitung","https:\/\/www.instagram.com\/musikzeitung.ch\/"]},{"@type":"Person","@id":"https:\/\/www.musikzeitung.ch\/#\/schema\/person\/0da4fb82d243f1252850a35d0e87cf0c","name":"Wolfgang B\u00f6hler","image":{"@type":"ImageObject","inLanguage":"en-US","@id":"https:\/\/www.musikzeitung.ch\/wp-content\/uploads\/2023\/01\/boehler_portraet_web-e1674139782246-96x96.jpg","url":"https:\/\/www.musikzeitung.ch\/wp-content\/uploads\/2023\/01\/boehler_portraet_web-e1674139782246-96x96.jpg","contentUrl":"https:\/\/www.musikzeitung.ch\/wp-content\/uploads\/2023\/01\/boehler_portraet_web-e1674139782246-96x96.jpg","caption":"Wolfgang B\u00f6hler"},"sameAs":["http:\/\/www.manacanto.ch","https:\/\/www.facebook.com\/wolfgang.bohler.75"],"url":"https:\/\/www.musikzeitung.ch\/en\/author\/wolfgang-boehler"}]}},"publishpress_future_workflow_manual_trigger":{"enabledWorkflows":[]},"_links":{"self":[{"href":"https:\/\/www.musikzeitung.ch\/en\/wp-json\/wp\/v2\/posts\/60990","targetHints":{"allow":["GET"]}}],"collection":[{"href":"https:\/\/www.musikzeitung.ch\/en\/wp-json\/wp\/v2\/posts"}],"about":[{"href":"https:\/\/www.musikzeitung.ch\/en\/wp-json\/wp\/v2\/types\/post"}],"author":[{"embeddable":true,"href":"https:\/\/www.musikzeitung.ch\/en\/wp-json\/wp\/v2\/users\/30"}],"replies":[{"embeddable":true,"href":"https:\/\/www.musikzeitung.ch\/en\/wp-json\/wp\/v2\/comments?post=60990"}],"version-history":[{"count":3,"href":"https:\/\/www.musikzeitung.ch\/en\/wp-json\/wp\/v2\/posts\/60990\/revisions"}],"predecessor-version":[{"id":61017,"href":"https:\/\/www.musikzeitung.ch\/en\/wp-json\/wp\/v2\/posts\/60990\/revisions\/61017"}],"wp:featuredmedia":[{"embeddable":true,"href":"https:\/\/www.musikzeitung.ch\/en\/wp-json\/wp\/v2\/media\/60991"}],"wp:attachment":[{"href":"https:\/\/www.musikzeitung.ch\/en\/wp-json\/wp\/v2\/media?parent=60990"}],"wp:term":[{"taxonomy":"category","embeddable":true,"href":"https:\/\/www.musikzeitung.ch\/en\/wp-json\/wp\/v2\/categories?post=60990"},{"taxonomy":"post_tag","embeddable":true,"href":"https:\/\/www.musikzeitung.ch\/en\/wp-json\/wp\/v2\/tags?post=60990"}],"curies":[{"name":"wp","href":"https:\/\/api.w.org\/{rel}","templated":true}]}}