{"id":61327,"date":"2024-12-19T14:38:30","date_gmt":"2024-12-19T13:38:30","guid":{"rendered":"https:\/\/www.musikzeitung.ch\/?p=61327"},"modified":"2024-12-20T09:03:35","modified_gmt":"2024-12-20T08:03:35","slug":"meinrad-schuetter-zu-unrecht-vernachlaessigt","status":"publish","type":"post","link":"https:\/\/www.musikzeitung.ch\/en\/rezensionen\/buecher-rezensionen\/2024\/12\/meinrad-schuetter-zu-unrecht-vernachlaessigt","title":{"rendered":"Meinrad Sch\u00fctter: Unjustly neglected"},"content":{"rendered":"<figure id=\"attachment_61353\" aria-describedby=\"caption-attachment-61353\" style=\"width: 839px\" class=\"wp-caption alignnone\"><img loading=\"lazy\" decoding=\"async\" class=\"wp-image-61353 size-full\" src=\"https:\/\/www.musikzeitung.ch\/wp-content\/uploads\/2024\/12\/MeinradSchuetter.jpeg\" alt=\"\" width=\"839\" height=\"647\" srcset=\"https:\/\/www.musikzeitung.ch\/wp-content\/uploads\/2024\/12\/MeinradSchuetter.jpeg 839w, https:\/\/www.musikzeitung.ch\/wp-content\/uploads\/2024\/12\/MeinradSchuetter-300x231.jpeg 300w, https:\/\/www.musikzeitung.ch\/wp-content\/uploads\/2024\/12\/MeinradSchuetter-768x592.jpeg 768w, https:\/\/www.musikzeitung.ch\/wp-content\/uploads\/2024\/12\/MeinradSchuetter-16x12.jpeg 16w, https:\/\/www.musikzeitung.ch\/wp-content\/uploads\/2024\/12\/MeinradSchuetter-227x175.jpeg 227w, https:\/\/www.musikzeitung.ch\/wp-content\/uploads\/2024\/12\/MeinradSchuetter-454x350.jpeg 454w\" sizes=\"auto, (max-width: 839px) 100vw, 839px\" \/><figcaption id=\"caption-attachment-61353\" class=\"wp-caption-text\">Photo: Meinrad-Sch\u00fctter-Gesellschaft<\/figcaption><\/figure>\n<p>\"What a piece of work! And who knows anything about it? I think it's something very special. And how different it is from the hustle and bustle that prevails today.\" In his letter to his colleague and contemporary Meinrad Sch\u00fctter (1910-2006), Robert Suter captured the essentials in just a few words: On the one hand, his enthusiasm for the rich and unusual oeuvre of a composer who wrote many piano songs, numerous opulent orchestral works, a grand opera called <em>Medea <\/em>and in the form of a <em>Large trade fair <\/em>even turned to church music, which had become precarious in the 20th century. On the other hand, Suter's words also mention Sch\u00fctter as an outsider. Ever since Carl Vogler, with almost unbearable arrogance, refused the young composer admission to the Tonk\u00fcnstlerverein, Sch\u00fctter had never really been able to gain a foothold in Swiss musical life. Was it because of his peculiar temperament, the latent unwieldiness of his works or conservative guardians of the Grail such as President Vogler?<\/p>\n<p>This book, written by Ute Stoecklin, Meinrad Sch\u00fctter's companion of many years, provides answers. Rich in biographical facts, equipped with numerous original documents and photographs, not least with many observations of his work and an impressive catalog raisonn\u00e9, it succeeds in portraying Sch\u00fctter from various angles. Perhaps the space Stoecklin gave to many contemporary witnesses, including redundant hymns of praise, could have been better used for differentiated work analyses, perhaps an author with a sober and distanced external perspective would have done the book good - Stoecklin's merit remains untouched by such criticism: Her 230-page, thoroughly edited biography provides the basis for a more in-depth study of a composer who - as an accompanying CD of mainly chamber music proves - has been unjustly neglected.<\/p>\n<p>Ute Stoecklin:<em> Meinrad Sch\u00fctter 1910-2006, Life's work in music or \"The art of not letting yourself be disturbed\", <\/em><a href=\"https:\/\/www.mueller-schade.com\/Meinrad-Schuetter-Lebenswerk-Musik-Oder-zolldie-Kunst-Sich-Nicht-Stoeren-Zu-Lassenzoll-Stoecklin-Ute-MS2117-2510502.html\" target=\"_blank\" rel=\"noopener\">230 p., with CD, Fr. 44.50, M\u00fcller &amp; Schade, Bern 2010, ISBN 3-905760-06-4<\/a><\/p>\n<h3>English new edition<\/h3>\n<p><em>Meinrad Sch\u00fctter - Maverick Swiss Composer, <\/em>by Ute Stoecklin, translation by Chris Walton. <a href=\"https:\/\/toccataclassics.com\/product\/meinrad-schutter\/\" target=\"_blank\" rel=\"noopener\">188 pages, 23.3 x 15.5 cm, 16 color and 33 b\/w illustrations, hardcover, ISBN: 978-0-907689-70-6<\/a><\/p>\n<p>The new catalog raisonn\u00e9 in the revised edition is by Chris Walton.<\/p>\n<p>&nbsp;<\/p>","protected":false},"excerpt":{"rendered":"<p>Ute Stoecklin's biography of Sch\u00fctter was published in 2010. A revised version in English has now been published in England. We are taking this as an opportunity to make Torsten M\u00f6ller's review from March 2011 publicly available here.<\/p>","protected":false},"author":23,"featured_media":61353,"comment_status":"closed","ping_status":"closed","sticky":false,"template":"","format":"standard","meta":{"_acf_changed":false,"_relevanssi_hide_post":"","_relevanssi_hide_content":"","_relevanssi_pin_for_all":"","_relevanssi_pin_keywords":"","_relevanssi_unpin_keywords":"","_relevanssi_related_keywords":"","_relevanssi_related_include_ids":"","_relevanssi_related_exclude_ids":"","_relevanssi_related_no_append":"","_relevanssi_related_not_related":"","_relevanssi_related_posts":"","_relevanssi_noindex_reason":"","pgc_sgb_lightbox_settings":"","footnotes":""},"categories":[1214,29],"tags":[4633,4634],"class_list":["post-61327","post","type-post","status-publish","format-standard","has-post-thumbnail","hentry","category-buecher-rezensionen","category-rezensionen","tag-meinrad-schuetter","tag-ute-stoecklin"],"acf":[],"yoast_head":"<!-- This site is optimized with the Yoast SEO plugin v27.4 - https:\/\/yoast.com\/product\/yoast-seo-wordpress\/ -->\n<title>Meinrad Sch\u00fctter: Zu Unrecht vernachl\u00e4ssigt - Schweizer Musikzeitung<\/title>\n<meta name=\"description\" content=\"Ute Stoecklins Sch\u00fctter-Biografie ist 2010 erschienen. In England ist jetzt eine \u00fcberarbeitete Version auf Englisch herausgekommen.\" \/>\n<meta name=\"robots\" content=\"index, follow, max-snippet:-1, max-image-preview:large, max-video-preview:-1\" \/>\n<link rel=\"canonical\" href=\"https:\/\/www.musikzeitung.ch\/en\/rezensionen\/buecher-rezensionen\/2024\/12\/meinrad-schuetter-zu-unrecht-vernachlaessigt\/\" \/>\n<meta property=\"og:locale\" content=\"en_US\" \/>\n<meta property=\"og:type\" content=\"article\" \/>\n<meta property=\"og:title\" content=\"Meinrad Sch\u00fctter: Zu Unrecht vernachl\u00e4ssigt - Schweizer Musikzeitung\" \/>\n<meta property=\"og:description\" content=\"Ute Stoecklins Sch\u00fctter-Biografie ist 2010 erschienen. In England ist jetzt eine \u00fcberarbeitete Version auf Englisch herausgekommen.\" \/>\n<meta property=\"og:url\" content=\"https:\/\/www.musikzeitung.ch\/en\/rezensionen\/buecher-rezensionen\/2024\/12\/meinrad-schuetter-zu-unrecht-vernachlaessigt\/\" \/>\n<meta property=\"og:site_name\" content=\"Schweizer Musikzeitung\" \/>\n<meta property=\"article:publisher\" content=\"https:\/\/www.facebook.com\/SchweizerMusikzeitung\/\" \/>\n<meta property=\"article:published_time\" content=\"2024-12-19T13:38:30+00:00\" \/>\n<meta property=\"article:modified_time\" content=\"2024-12-20T08:03:35+00:00\" \/>\n<meta property=\"og:image\" content=\"https:\/\/www.musikzeitung.ch\/wp-content\/uploads\/2024\/12\/MeinradSchuetter.jpeg\" \/>\n\t<meta property=\"og:image:width\" content=\"839\" \/>\n\t<meta property=\"og:image:height\" content=\"647\" \/>\n\t<meta property=\"og:image:type\" content=\"image\/jpeg\" \/>\n<meta name=\"author\" content=\"Katrin Spelinova\" \/>\n<meta name=\"twitter:card\" content=\"summary_large_image\" \/>\n<meta name=\"twitter:creator\" content=\"@testredaktor\" \/>\n<meta name=\"twitter:site\" content=\"@smusikzeitung\" \/>\n<meta name=\"twitter:label1\" content=\"Written by\" \/>\n\t<meta name=\"twitter:data1\" content=\"Katrin Spelinova\" \/>\n\t<meta name=\"twitter:label2\" content=\"Est. reading time\" \/>\n\t<meta name=\"twitter:data2\" content=\"3 minutes\" \/>\n<script type=\"application\/ld+json\" class=\"yoast-schema-graph\">{\"@context\":\"https:\\\/\\\/schema.org\",\"@graph\":[{\"@type\":\"Article\",\"@id\":\"https:\\\/\\\/www.musikzeitung.ch\\\/rezensionen\\\/buecher-rezensionen\\\/2024\\\/12\\\/meinrad-schuetter-zu-unrecht-vernachlaessigt#article\",\"isPartOf\":{\"@id\":\"https:\\\/\\\/www.musikzeitung.ch\\\/rezensionen\\\/buecher-rezensionen\\\/2024\\\/12\\\/meinrad-schuetter-zu-unrecht-vernachlaessigt\"},\"author\":{\"name\":\"Katrin Spelinova\",\"@id\":\"https:\\\/\\\/www.musikzeitung.ch\\\/#\\\/schema\\\/person\\\/dce7e5b820812d9af4db2f787d1bec92\"},\"headline\":\"Meinrad Sch\u00fctter: Zu Unrecht vernachl\u00e4ssigt\",\"datePublished\":\"2024-12-19T13:38:30+00:00\",\"dateModified\":\"2024-12-20T08:03:35+00:00\",\"mainEntityOfPage\":{\"@id\":\"https:\\\/\\\/www.musikzeitung.ch\\\/rezensionen\\\/buecher-rezensionen\\\/2024\\\/12\\\/meinrad-schuetter-zu-unrecht-vernachlaessigt\"},\"wordCount\":374,\"publisher\":{\"@id\":\"https:\\\/\\\/www.musikzeitung.ch\\\/#organization\"},\"image\":{\"@id\":\"https:\\\/\\\/www.musikzeitung.ch\\\/rezensionen\\\/buecher-rezensionen\\\/2024\\\/12\\\/meinrad-schuetter-zu-unrecht-vernachlaessigt#primaryimage\"},\"thumbnailUrl\":\"https:\\\/\\\/www.musikzeitung.ch\\\/wp-content\\\/uploads\\\/2024\\\/12\\\/MeinradSchuetter.jpeg\",\"keywords\":[\"Meinrad Sch\u00fctter\",\"Ute Stoecklin\"],\"articleSection\":[\"B\u00fccher\",\"Rezensionen\"],\"inLanguage\":\"en-US\"},{\"@type\":\"WebPage\",\"@id\":\"https:\\\/\\\/www.musikzeitung.ch\\\/rezensionen\\\/buecher-rezensionen\\\/2024\\\/12\\\/meinrad-schuetter-zu-unrecht-vernachlaessigt\",\"url\":\"https:\\\/\\\/www.musikzeitung.ch\\\/rezensionen\\\/buecher-rezensionen\\\/2024\\\/12\\\/meinrad-schuetter-zu-unrecht-vernachlaessigt\",\"name\":\"Meinrad Sch\u00fctter: Zu Unrecht vernachl\u00e4ssigt - Schweizer Musikzeitung\",\"isPartOf\":{\"@id\":\"https:\\\/\\\/www.musikzeitung.ch\\\/#website\"},\"primaryImageOfPage\":{\"@id\":\"https:\\\/\\\/www.musikzeitung.ch\\\/rezensionen\\\/buecher-rezensionen\\\/2024\\\/12\\\/meinrad-schuetter-zu-unrecht-vernachlaessigt#primaryimage\"},\"image\":{\"@id\":\"https:\\\/\\\/www.musikzeitung.ch\\\/rezensionen\\\/buecher-rezensionen\\\/2024\\\/12\\\/meinrad-schuetter-zu-unrecht-vernachlaessigt#primaryimage\"},\"thumbnailUrl\":\"https:\\\/\\\/www.musikzeitung.ch\\\/wp-content\\\/uploads\\\/2024\\\/12\\\/MeinradSchuetter.jpeg\",\"datePublished\":\"2024-12-19T13:38:30+00:00\",\"dateModified\":\"2024-12-20T08:03:35+00:00\",\"description\":\"Ute Stoecklins Sch\u00fctter-Biografie ist 2010 erschienen. In England ist jetzt eine \u00fcberarbeitete Version auf Englisch herausgekommen.\",\"breadcrumb\":{\"@id\":\"https:\\\/\\\/www.musikzeitung.ch\\\/rezensionen\\\/buecher-rezensionen\\\/2024\\\/12\\\/meinrad-schuetter-zu-unrecht-vernachlaessigt#breadcrumb\"},\"inLanguage\":\"en-US\",\"potentialAction\":[{\"@type\":\"ReadAction\",\"target\":[\"https:\\\/\\\/www.musikzeitung.ch\\\/rezensionen\\\/buecher-rezensionen\\\/2024\\\/12\\\/meinrad-schuetter-zu-unrecht-vernachlaessigt\"]}]},{\"@type\":\"ImageObject\",\"inLanguage\":\"en-US\",\"@id\":\"https:\\\/\\\/www.musikzeitung.ch\\\/rezensionen\\\/buecher-rezensionen\\\/2024\\\/12\\\/meinrad-schuetter-zu-unrecht-vernachlaessigt#primaryimage\",\"url\":\"https:\\\/\\\/www.musikzeitung.ch\\\/wp-content\\\/uploads\\\/2024\\\/12\\\/MeinradSchuetter.jpeg\",\"contentUrl\":\"https:\\\/\\\/www.musikzeitung.ch\\\/wp-content\\\/uploads\\\/2024\\\/12\\\/MeinradSchuetter.jpeg\",\"width\":839,\"height\":647},{\"@type\":\"BreadcrumbList\",\"@id\":\"https:\\\/\\\/www.musikzeitung.ch\\\/rezensionen\\\/buecher-rezensionen\\\/2024\\\/12\\\/meinrad-schuetter-zu-unrecht-vernachlaessigt#breadcrumb\",\"itemListElement\":[{\"@type\":\"ListItem\",\"position\":1,\"name\":\"Home\",\"item\":\"https:\\\/\\\/www.musikzeitung.ch\\\/\"},{\"@type\":\"ListItem\",\"position\":2,\"name\":\"Meinrad Sch\u00fctter: Zu Unrecht vernachl\u00e4ssigt\"}]},{\"@type\":\"WebSite\",\"@id\":\"https:\\\/\\\/www.musikzeitung.ch\\\/#website\",\"url\":\"https:\\\/\\\/www.musikzeitung.ch\\\/\",\"name\":\"Schweizer Musikzeitung\",\"description\":\"Die f\u00fchrende sparten\u00fcbergreifende Monatszeitung in der Schweiz f\u00fcr musikalische Fragen.\",\"publisher\":{\"@id\":\"https:\\\/\\\/www.musikzeitung.ch\\\/#organization\"},\"potentialAction\":[{\"@type\":\"SearchAction\",\"target\":{\"@type\":\"EntryPoint\",\"urlTemplate\":\"https:\\\/\\\/www.musikzeitung.ch\\\/?s={search_term_string}\"},\"query-input\":{\"@type\":\"PropertyValueSpecification\",\"valueRequired\":true,\"valueName\":\"search_term_string\"}}],\"inLanguage\":\"en-US\"},{\"@type\":\"Organization\",\"@id\":\"https:\\\/\\\/www.musikzeitung.ch\\\/#organization\",\"name\":\"Schweizer Musikzeitung\",\"url\":\"https:\\\/\\\/www.musikzeitung.ch\\\/\",\"logo\":{\"@type\":\"ImageObject\",\"inLanguage\":\"en-US\",\"@id\":\"https:\\\/\\\/www.musikzeitung.ch\\\/#\\\/schema\\\/logo\\\/image\\\/\",\"url\":\"https:\\\/\\\/www.musikzeitung.ch\\\/wp-content\\\/uploads\\\/2023\\\/01\\\/SMZ_Schriftzug_Sprache.png\",\"contentUrl\":\"https:\\\/\\\/www.musikzeitung.ch\\\/wp-content\\\/uploads\\\/2023\\\/01\\\/SMZ_Schriftzug_Sprache.png\",\"width\":1400,\"height\":279,\"caption\":\"Schweizer Musikzeitung\"},\"image\":{\"@id\":\"https:\\\/\\\/www.musikzeitung.ch\\\/#\\\/schema\\\/logo\\\/image\\\/\"},\"sameAs\":[\"https:\\\/\\\/www.facebook.com\\\/SchweizerMusikzeitung\\\/\",\"https:\\\/\\\/x.com\\\/smusikzeitung\",\"https:\\\/\\\/www.instagram.com\\\/musikzeitung.ch\\\/\"]},{\"@type\":\"Person\",\"@id\":\"https:\\\/\\\/www.musikzeitung.ch\\\/#\\\/schema\\\/person\\\/dce7e5b820812d9af4db2f787d1bec92\",\"name\":\"Katrin Spelinova\",\"image\":{\"@type\":\"ImageObject\",\"inLanguage\":\"en-US\",\"@id\":\"https:\\\/\\\/secure.gravatar.com\\\/avatar\\\/2a2c2956e074ebca9bf65620496cd2e317d90b8c76450e9dd04d7cebf95eeada?s=96&d=mm&r=g\",\"url\":\"https:\\\/\\\/secure.gravatar.com\\\/avatar\\\/2a2c2956e074ebca9bf65620496cd2e317d90b8c76450e9dd04d7cebf95eeada?s=96&d=mm&r=g\",\"contentUrl\":\"https:\\\/\\\/secure.gravatar.com\\\/avatar\\\/2a2c2956e074ebca9bf65620496cd2e317d90b8c76450e9dd04d7cebf95eeada?s=96&d=mm&r=g\",\"caption\":\"Katrin Spelinova\"},\"sameAs\":[\"https:\\\/\\\/x.com\\\/testredaktor\"],\"url\":\"https:\\\/\\\/www.musikzeitung.ch\\\/en\\\/author\\\/spelkat\"}]}<\/script>\n<!-- \/ Yoast SEO plugin. -->","yoast_head_json":{"title":"Meinrad Sch\u00fctter: Unjustly neglected - Schweizer Musikzeitung","description":"Ute Stoecklin's biography of Sch\u00fctter was published in 2010. A revised version in English has now been published in England.","robots":{"index":"index","follow":"follow","max-snippet":"max-snippet:-1","max-image-preview":"max-image-preview:large","max-video-preview":"max-video-preview:-1"},"canonical":"https:\/\/www.musikzeitung.ch\/en\/rezensionen\/buecher-rezensionen\/2024\/12\/meinrad-schuetter-zu-unrecht-vernachlaessigt\/","og_locale":"en_US","og_type":"article","og_title":"Meinrad Sch\u00fctter: Zu Unrecht vernachl\u00e4ssigt - Schweizer Musikzeitung","og_description":"Ute Stoecklins Sch\u00fctter-Biografie ist 2010 erschienen. In England ist jetzt eine \u00fcberarbeitete Version auf Englisch herausgekommen.","og_url":"https:\/\/www.musikzeitung.ch\/en\/rezensionen\/buecher-rezensionen\/2024\/12\/meinrad-schuetter-zu-unrecht-vernachlaessigt\/","og_site_name":"Schweizer Musikzeitung","article_publisher":"https:\/\/www.facebook.com\/SchweizerMusikzeitung\/","article_published_time":"2024-12-19T13:38:30+00:00","article_modified_time":"2024-12-20T08:03:35+00:00","og_image":[{"width":839,"height":647,"url":"https:\/\/www.musikzeitung.ch\/wp-content\/uploads\/2024\/12\/MeinradSchuetter.jpeg","type":"image\/jpeg"}],"author":"Katrin Spelinova","twitter_card":"summary_large_image","twitter_creator":"@testredaktor","twitter_site":"@smusikzeitung","twitter_misc":{"Written by":"Katrin Spelinova","Est. reading time":"3 minutes"},"schema":{"@context":"https:\/\/schema.org","@graph":[{"@type":"Article","@id":"https:\/\/www.musikzeitung.ch\/rezensionen\/buecher-rezensionen\/2024\/12\/meinrad-schuetter-zu-unrecht-vernachlaessigt#article","isPartOf":{"@id":"https:\/\/www.musikzeitung.ch\/rezensionen\/buecher-rezensionen\/2024\/12\/meinrad-schuetter-zu-unrecht-vernachlaessigt"},"author":{"name":"Katrin Spelinova","@id":"https:\/\/www.musikzeitung.ch\/#\/schema\/person\/dce7e5b820812d9af4db2f787d1bec92"},"headline":"Meinrad Sch\u00fctter: Zu Unrecht vernachl\u00e4ssigt","datePublished":"2024-12-19T13:38:30+00:00","dateModified":"2024-12-20T08:03:35+00:00","mainEntityOfPage":{"@id":"https:\/\/www.musikzeitung.ch\/rezensionen\/buecher-rezensionen\/2024\/12\/meinrad-schuetter-zu-unrecht-vernachlaessigt"},"wordCount":374,"publisher":{"@id":"https:\/\/www.musikzeitung.ch\/#organization"},"image":{"@id":"https:\/\/www.musikzeitung.ch\/rezensionen\/buecher-rezensionen\/2024\/12\/meinrad-schuetter-zu-unrecht-vernachlaessigt#primaryimage"},"thumbnailUrl":"https:\/\/www.musikzeitung.ch\/wp-content\/uploads\/2024\/12\/MeinradSchuetter.jpeg","keywords":["Meinrad Sch\u00fctter","Ute Stoecklin"],"articleSection":["B\u00fccher","Rezensionen"],"inLanguage":"en-US"},{"@type":"WebPage","@id":"https:\/\/www.musikzeitung.ch\/rezensionen\/buecher-rezensionen\/2024\/12\/meinrad-schuetter-zu-unrecht-vernachlaessigt","url":"https:\/\/www.musikzeitung.ch\/rezensionen\/buecher-rezensionen\/2024\/12\/meinrad-schuetter-zu-unrecht-vernachlaessigt","name":"Meinrad Sch\u00fctter: Unjustly neglected - Schweizer Musikzeitung","isPartOf":{"@id":"https:\/\/www.musikzeitung.ch\/#website"},"primaryImageOfPage":{"@id":"https:\/\/www.musikzeitung.ch\/rezensionen\/buecher-rezensionen\/2024\/12\/meinrad-schuetter-zu-unrecht-vernachlaessigt#primaryimage"},"image":{"@id":"https:\/\/www.musikzeitung.ch\/rezensionen\/buecher-rezensionen\/2024\/12\/meinrad-schuetter-zu-unrecht-vernachlaessigt#primaryimage"},"thumbnailUrl":"https:\/\/www.musikzeitung.ch\/wp-content\/uploads\/2024\/12\/MeinradSchuetter.jpeg","datePublished":"2024-12-19T13:38:30+00:00","dateModified":"2024-12-20T08:03:35+00:00","description":"Ute Stoecklin's biography of Sch\u00fctter was published in 2010. A revised version in English has now been published in England.","breadcrumb":{"@id":"https:\/\/www.musikzeitung.ch\/rezensionen\/buecher-rezensionen\/2024\/12\/meinrad-schuetter-zu-unrecht-vernachlaessigt#breadcrumb"},"inLanguage":"en-US","potentialAction":[{"@type":"ReadAction","target":["https:\/\/www.musikzeitung.ch\/rezensionen\/buecher-rezensionen\/2024\/12\/meinrad-schuetter-zu-unrecht-vernachlaessigt"]}]},{"@type":"ImageObject","inLanguage":"en-US","@id":"https:\/\/www.musikzeitung.ch\/rezensionen\/buecher-rezensionen\/2024\/12\/meinrad-schuetter-zu-unrecht-vernachlaessigt#primaryimage","url":"https:\/\/www.musikzeitung.ch\/wp-content\/uploads\/2024\/12\/MeinradSchuetter.jpeg","contentUrl":"https:\/\/www.musikzeitung.ch\/wp-content\/uploads\/2024\/12\/MeinradSchuetter.jpeg","width":839,"height":647},{"@type":"BreadcrumbList","@id":"https:\/\/www.musikzeitung.ch\/rezensionen\/buecher-rezensionen\/2024\/12\/meinrad-schuetter-zu-unrecht-vernachlaessigt#breadcrumb","itemListElement":[{"@type":"ListItem","position":1,"name":"Home","item":"https:\/\/www.musikzeitung.ch\/"},{"@type":"ListItem","position":2,"name":"Meinrad Sch\u00fctter: Zu Unrecht vernachl\u00e4ssigt"}]},{"@type":"WebSite","@id":"https:\/\/www.musikzeitung.ch\/#website","url":"https:\/\/www.musikzeitung.ch\/","name":"Swiss Music Newspaper","description":"The leading interdisciplinary monthly newspaper in Switzerland for musical issues.","publisher":{"@id":"https:\/\/www.musikzeitung.ch\/#organization"},"potentialAction":[{"@type":"SearchAction","target":{"@type":"EntryPoint","urlTemplate":"https:\/\/www.musikzeitung.ch\/?s={search_term_string}"},"query-input":{"@type":"PropertyValueSpecification","valueRequired":true,"valueName":"search_term_string"}}],"inLanguage":"en-US"},{"@type":"Organization","@id":"https:\/\/www.musikzeitung.ch\/#organization","name":"Swiss Music Newspaper","url":"https:\/\/www.musikzeitung.ch\/","logo":{"@type":"ImageObject","inLanguage":"en-US","@id":"https:\/\/www.musikzeitung.ch\/#\/schema\/logo\/image\/","url":"https:\/\/www.musikzeitung.ch\/wp-content\/uploads\/2023\/01\/SMZ_Schriftzug_Sprache.png","contentUrl":"https:\/\/www.musikzeitung.ch\/wp-content\/uploads\/2023\/01\/SMZ_Schriftzug_Sprache.png","width":1400,"height":279,"caption":"Schweizer Musikzeitung"},"image":{"@id":"https:\/\/www.musikzeitung.ch\/#\/schema\/logo\/image\/"},"sameAs":["https:\/\/www.facebook.com\/SchweizerMusikzeitung\/","https:\/\/x.com\/smusikzeitung","https:\/\/www.instagram.com\/musikzeitung.ch\/"]},{"@type":"Person","@id":"https:\/\/www.musikzeitung.ch\/#\/schema\/person\/dce7e5b820812d9af4db2f787d1bec92","name":"Katrin Spelinova","image":{"@type":"ImageObject","inLanguage":"en-US","@id":"https:\/\/secure.gravatar.com\/avatar\/2a2c2956e074ebca9bf65620496cd2e317d90b8c76450e9dd04d7cebf95eeada?s=96&d=mm&r=g","url":"https:\/\/secure.gravatar.com\/avatar\/2a2c2956e074ebca9bf65620496cd2e317d90b8c76450e9dd04d7cebf95eeada?s=96&d=mm&r=g","contentUrl":"https:\/\/secure.gravatar.com\/avatar\/2a2c2956e074ebca9bf65620496cd2e317d90b8c76450e9dd04d7cebf95eeada?s=96&d=mm&r=g","caption":"Katrin Spelinova"},"sameAs":["https:\/\/x.com\/testredaktor"],"url":"https:\/\/www.musikzeitung.ch\/en\/author\/spelkat"}]}},"publishpress_future_workflow_manual_trigger":{"enabledWorkflows":[]},"_links":{"self":[{"href":"https:\/\/www.musikzeitung.ch\/en\/wp-json\/wp\/v2\/posts\/61327","targetHints":{"allow":["GET"]}}],"collection":[{"href":"https:\/\/www.musikzeitung.ch\/en\/wp-json\/wp\/v2\/posts"}],"about":[{"href":"https:\/\/www.musikzeitung.ch\/en\/wp-json\/wp\/v2\/types\/post"}],"author":[{"embeddable":true,"href":"https:\/\/www.musikzeitung.ch\/en\/wp-json\/wp\/v2\/users\/23"}],"replies":[{"embeddable":true,"href":"https:\/\/www.musikzeitung.ch\/en\/wp-json\/wp\/v2\/comments?post=61327"}],"version-history":[{"count":9,"href":"https:\/\/www.musikzeitung.ch\/en\/wp-json\/wp\/v2\/posts\/61327\/revisions"}],"predecessor-version":[{"id":61359,"href":"https:\/\/www.musikzeitung.ch\/en\/wp-json\/wp\/v2\/posts\/61327\/revisions\/61359"}],"wp:featuredmedia":[{"embeddable":true,"href":"https:\/\/www.musikzeitung.ch\/en\/wp-json\/wp\/v2\/media\/61353"}],"wp:attachment":[{"href":"https:\/\/www.musikzeitung.ch\/en\/wp-json\/wp\/v2\/media?parent=61327"}],"wp:term":[{"taxonomy":"category","embeddable":true,"href":"https:\/\/www.musikzeitung.ch\/en\/wp-json\/wp\/v2\/categories?post=61327"},{"taxonomy":"post_tag","embeddable":true,"href":"https:\/\/www.musikzeitung.ch\/en\/wp-json\/wp\/v2\/tags?post=61327"}],"curies":[{"name":"wp","href":"https:\/\/api.w.org\/{rel}","templated":true}]}}