{"id":61735,"date":"2025-01-13T01:14:57","date_gmt":"2025-01-13T00:14:57","guid":{"rendered":"https:\/\/www.musikzeitung.ch\/?p=61735"},"modified":"2025-01-13T09:04:13","modified_gmt":"2025-01-13T08:04:13","slug":"bettina-meyer-leitet-die-szenografie-an-der-hochschule-hannover","status":"publish","type":"post","link":"https:\/\/www.musikzeitung.ch\/en\/news\/2025\/01\/bettina-meyer-leitet-die-szenografie-an-der-hochschule-hannover","title":{"rendered":"Bettina Meyer is head of scenography at Hanover University of Applied Sciences and Arts"},"content":{"rendered":"<figure id=\"attachment_61736\" aria-describedby=\"caption-attachment-61736\" style=\"width: 768px\" class=\"wp-caption alignnone\"><img loading=\"lazy\" decoding=\"async\" class=\"size-large wp-image-61736\" src=\"https:\/\/www.musikzeitung.ch\/wp-content\/uploads\/2025\/01\/250113meyer-1024x664.jpg\" alt=\"\" width=\"768\" height=\"498\" srcset=\"https:\/\/www.musikzeitung.ch\/wp-content\/uploads\/2025\/01\/250113meyer-1024x664.jpg 1024w, https:\/\/www.musikzeitung.ch\/wp-content\/uploads\/2025\/01\/250113meyer-300x195.jpg 300w, https:\/\/www.musikzeitung.ch\/wp-content\/uploads\/2025\/01\/250113meyer-768x498.jpg 768w, https:\/\/www.musikzeitung.ch\/wp-content\/uploads\/2025\/01\/250113meyer-18x12.jpg 18w, https:\/\/www.musikzeitung.ch\/wp-content\/uploads\/2025\/01\/250113meyer-270x175.jpg 270w, https:\/\/www.musikzeitung.ch\/wp-content\/uploads\/2025\/01\/250113meyer-540x350.jpg 540w, https:\/\/www.musikzeitung.ch\/wp-content\/uploads\/2025\/01\/250113meyer-920x597.jpg 920w, https:\/\/www.musikzeitung.ch\/wp-content\/uploads\/2025\/01\/250113meyer.jpg 1096w\" sizes=\"auto, (max-width: 768px) 100vw, 768px\" \/><figcaption id=\"caption-attachment-61736\" class=\"wp-caption-text\">Bettina Meyer (Picture: Tobi Meyer)<\/figcaption><\/figure>\n<p>Bettina Meyer studied stage and costume design at the Berlin University of the Arts. Since 1995 she has been designing stage sets\/spatial concepts and costumes for spoken and musical theater and developing her own installation projects. She works at major German-speaking and European theaters and opera houses.<\/p>\n<p>Between 2009 and 2019, she was head of set design at Schauspielhaus Z\u00fcrich. She taught as a visiting professor of scenography at Hanover University of Applied Sciences and Arts and held teaching positions at Berlin University of the Arts, ZHdK (Zurich University of the Arts) and the FHNW Academy of Art and Design in Basel.<\/p>","protected":false},"excerpt":{"rendered":"<p>Bettina Meyer, who was head of set design at Schauspielhaus Z\u00fcrich in 2009 and 2019, has taken over as head of the scenography major at Hanover University of Applied Sciences and Arts.<\/p>","protected":false},"author":30,"featured_media":61736,"comment_status":"closed","ping_status":"closed","sticky":false,"template":"","format":"standard","meta":{"_acf_changed":false,"_relevanssi_hide_post":"","_relevanssi_hide_content":"","_relevanssi_pin_for_all":"","_relevanssi_pin_keywords":"","_relevanssi_unpin_keywords":"","_relevanssi_related_keywords":"","_relevanssi_related_include_ids":"","_relevanssi_related_exclude_ids":"","_relevanssi_related_no_append":"","_relevanssi_related_not_related":"","_relevanssi_related_posts":"","_relevanssi_noindex_reason":"","pgc_sgb_lightbox_settings":"","footnotes":""},"categories":[27],"tags":[4668,4669],"class_list":["post-61735","post","type-post","status-publish","format-standard","has-post-thumbnail","hentry","category-news","tag-bettina-meyer","tag-hochschule-hannover"],"acf":[],"yoast_head":"<!-- This site is optimized with the Yoast SEO plugin v27.4 - https:\/\/yoast.com\/product\/yoast-seo-wordpress\/ -->\n<title>Bettina Meyer leitet die Szenografie an der Hochschule Hannover - Schweizer Musikzeitung<\/title>\n<meta name=\"description\" content=\"Meyer, 2009 und 2019 Ausstattungsleiterin am Schauspielhaus Z\u00fcrich, hat die Leitung des Studienschwerpunkts Szenografie an der HS Hannover \u00fcbernommen.\" \/>\n<meta name=\"robots\" content=\"index, follow, max-snippet:-1, max-image-preview:large, max-video-preview:-1\" \/>\n<link rel=\"canonical\" href=\"https:\/\/www.musikzeitung.ch\/en\/news\/2025\/01\/bettina-meyer-leitet-die-szenografie-an-der-hochschule-hannover\/\" \/>\n<meta property=\"og:locale\" content=\"en_US\" \/>\n<meta property=\"og:type\" content=\"article\" \/>\n<meta property=\"og:title\" content=\"Bettina Meyer leitet die Szenografie an der Hochschule Hannover - Schweizer Musikzeitung\" \/>\n<meta property=\"og:description\" content=\"Meyer, 2009 und 2019 Ausstattungsleiterin am Schauspielhaus Z\u00fcrich, hat die Leitung des Studienschwerpunkts Szenografie an der HS Hannover \u00fcbernommen.\" \/>\n<meta property=\"og:url\" content=\"https:\/\/www.musikzeitung.ch\/en\/news\/2025\/01\/bettina-meyer-leitet-die-szenografie-an-der-hochschule-hannover\/\" \/>\n<meta property=\"og:site_name\" content=\"Schweizer Musikzeitung\" \/>\n<meta property=\"article:publisher\" content=\"https:\/\/www.facebook.com\/SchweizerMusikzeitung\/\" \/>\n<meta property=\"article:author\" content=\"https:\/\/www.facebook.com\/wolfgang.bohler.75\" \/>\n<meta property=\"article:published_time\" content=\"2025-01-13T00:14:57+00:00\" \/>\n<meta property=\"article:modified_time\" content=\"2025-01-13T08:04:13+00:00\" \/>\n<meta property=\"og:image\" content=\"https:\/\/www.musikzeitung.ch\/wp-content\/uploads\/2025\/01\/250113meyer.jpg\" \/>\n\t<meta property=\"og:image:width\" content=\"1096\" \/>\n\t<meta property=\"og:image:height\" content=\"711\" \/>\n\t<meta property=\"og:image:type\" content=\"image\/jpeg\" \/>\n<meta name=\"author\" content=\"Wolfgang B\u00f6hler\" \/>\n<meta name=\"twitter:card\" content=\"summary_large_image\" \/>\n<meta name=\"twitter:creator\" content=\"@smusikzeitung\" \/>\n<meta name=\"twitter:site\" content=\"@smusikzeitung\" \/>\n<meta name=\"twitter:label1\" content=\"Written by\" \/>\n\t<meta name=\"twitter:data1\" content=\"Wolfgang B\u00f6hler\" \/>\n\t<meta name=\"twitter:label2\" content=\"Est. reading time\" \/>\n\t<meta name=\"twitter:data2\" content=\"1 minute\" \/>\n<script type=\"application\/ld+json\" class=\"yoast-schema-graph\">{\"@context\":\"https:\\\/\\\/schema.org\",\"@graph\":[{\"@type\":\"Article\",\"@id\":\"https:\\\/\\\/www.musikzeitung.ch\\\/news\\\/2025\\\/01\\\/bettina-meyer-leitet-die-szenografie-an-der-hochschule-hannover#article\",\"isPartOf\":{\"@id\":\"https:\\\/\\\/www.musikzeitung.ch\\\/news\\\/2025\\\/01\\\/bettina-meyer-leitet-die-szenografie-an-der-hochschule-hannover\"},\"author\":{\"name\":\"Wolfgang B\u00f6hler\",\"@id\":\"https:\\\/\\\/www.musikzeitung.ch\\\/#\\\/schema\\\/person\\\/0da4fb82d243f1252850a35d0e87cf0c\"},\"headline\":\"Bettina Meyer leitet die Szenografie an der Hochschule Hannover\",\"datePublished\":\"2025-01-13T00:14:57+00:00\",\"dateModified\":\"2025-01-13T08:04:13+00:00\",\"mainEntityOfPage\":{\"@id\":\"https:\\\/\\\/www.musikzeitung.ch\\\/news\\\/2025\\\/01\\\/bettina-meyer-leitet-die-szenografie-an-der-hochschule-hannover\"},\"wordCount\":119,\"publisher\":{\"@id\":\"https:\\\/\\\/www.musikzeitung.ch\\\/#organization\"},\"image\":{\"@id\":\"https:\\\/\\\/www.musikzeitung.ch\\\/news\\\/2025\\\/01\\\/bettina-meyer-leitet-die-szenografie-an-der-hochschule-hannover#primaryimage\"},\"thumbnailUrl\":\"https:\\\/\\\/www.musikzeitung.ch\\\/wp-content\\\/uploads\\\/2025\\\/01\\\/250113meyer.jpg\",\"keywords\":[\"Bettina Meyer\",\"Hochschule Hannover\"],\"articleSection\":[\"News\"],\"inLanguage\":\"en-US\"},{\"@type\":\"WebPage\",\"@id\":\"https:\\\/\\\/www.musikzeitung.ch\\\/news\\\/2025\\\/01\\\/bettina-meyer-leitet-die-szenografie-an-der-hochschule-hannover\",\"url\":\"https:\\\/\\\/www.musikzeitung.ch\\\/news\\\/2025\\\/01\\\/bettina-meyer-leitet-die-szenografie-an-der-hochschule-hannover\",\"name\":\"Bettina Meyer leitet die Szenografie an der Hochschule Hannover - Schweizer Musikzeitung\",\"isPartOf\":{\"@id\":\"https:\\\/\\\/www.musikzeitung.ch\\\/#website\"},\"primaryImageOfPage\":{\"@id\":\"https:\\\/\\\/www.musikzeitung.ch\\\/news\\\/2025\\\/01\\\/bettina-meyer-leitet-die-szenografie-an-der-hochschule-hannover#primaryimage\"},\"image\":{\"@id\":\"https:\\\/\\\/www.musikzeitung.ch\\\/news\\\/2025\\\/01\\\/bettina-meyer-leitet-die-szenografie-an-der-hochschule-hannover#primaryimage\"},\"thumbnailUrl\":\"https:\\\/\\\/www.musikzeitung.ch\\\/wp-content\\\/uploads\\\/2025\\\/01\\\/250113meyer.jpg\",\"datePublished\":\"2025-01-13T00:14:57+00:00\",\"dateModified\":\"2025-01-13T08:04:13+00:00\",\"description\":\"Meyer, 2009 und 2019 Ausstattungsleiterin am Schauspielhaus Z\u00fcrich, hat die Leitung des Studienschwerpunkts Szenografie an der HS Hannover \u00fcbernommen.\",\"breadcrumb\":{\"@id\":\"https:\\\/\\\/www.musikzeitung.ch\\\/news\\\/2025\\\/01\\\/bettina-meyer-leitet-die-szenografie-an-der-hochschule-hannover#breadcrumb\"},\"inLanguage\":\"en-US\",\"potentialAction\":[{\"@type\":\"ReadAction\",\"target\":[\"https:\\\/\\\/www.musikzeitung.ch\\\/news\\\/2025\\\/01\\\/bettina-meyer-leitet-die-szenografie-an-der-hochschule-hannover\"]}]},{\"@type\":\"ImageObject\",\"inLanguage\":\"en-US\",\"@id\":\"https:\\\/\\\/www.musikzeitung.ch\\\/news\\\/2025\\\/01\\\/bettina-meyer-leitet-die-szenografie-an-der-hochschule-hannover#primaryimage\",\"url\":\"https:\\\/\\\/www.musikzeitung.ch\\\/wp-content\\\/uploads\\\/2025\\\/01\\\/250113meyer.jpg\",\"contentUrl\":\"https:\\\/\\\/www.musikzeitung.ch\\\/wp-content\\\/uploads\\\/2025\\\/01\\\/250113meyer.jpg\",\"width\":1096,\"height\":711,\"caption\":\"Bettina Meyer (Bild: Tobi Meyer)\"},{\"@type\":\"BreadcrumbList\",\"@id\":\"https:\\\/\\\/www.musikzeitung.ch\\\/news\\\/2025\\\/01\\\/bettina-meyer-leitet-die-szenografie-an-der-hochschule-hannover#breadcrumb\",\"itemListElement\":[{\"@type\":\"ListItem\",\"position\":1,\"name\":\"Home\",\"item\":\"https:\\\/\\\/www.musikzeitung.ch\\\/\"},{\"@type\":\"ListItem\",\"position\":2,\"name\":\"Bettina Meyer leitet die Szenografie an der Hochschule Hannover\"}]},{\"@type\":\"WebSite\",\"@id\":\"https:\\\/\\\/www.musikzeitung.ch\\\/#website\",\"url\":\"https:\\\/\\\/www.musikzeitung.ch\\\/\",\"name\":\"Schweizer Musikzeitung\",\"description\":\"Die f\u00fchrende sparten\u00fcbergreifende Monatszeitung in der Schweiz f\u00fcr musikalische Fragen.\",\"publisher\":{\"@id\":\"https:\\\/\\\/www.musikzeitung.ch\\\/#organization\"},\"potentialAction\":[{\"@type\":\"SearchAction\",\"target\":{\"@type\":\"EntryPoint\",\"urlTemplate\":\"https:\\\/\\\/www.musikzeitung.ch\\\/?s={search_term_string}\"},\"query-input\":{\"@type\":\"PropertyValueSpecification\",\"valueRequired\":true,\"valueName\":\"search_term_string\"}}],\"inLanguage\":\"en-US\"},{\"@type\":\"Organization\",\"@id\":\"https:\\\/\\\/www.musikzeitung.ch\\\/#organization\",\"name\":\"Schweizer Musikzeitung\",\"url\":\"https:\\\/\\\/www.musikzeitung.ch\\\/\",\"logo\":{\"@type\":\"ImageObject\",\"inLanguage\":\"en-US\",\"@id\":\"https:\\\/\\\/www.musikzeitung.ch\\\/#\\\/schema\\\/logo\\\/image\\\/\",\"url\":\"https:\\\/\\\/www.musikzeitung.ch\\\/wp-content\\\/uploads\\\/2023\\\/01\\\/SMZ_Schriftzug_Sprache.png\",\"contentUrl\":\"https:\\\/\\\/www.musikzeitung.ch\\\/wp-content\\\/uploads\\\/2023\\\/01\\\/SMZ_Schriftzug_Sprache.png\",\"width\":1400,\"height\":279,\"caption\":\"Schweizer Musikzeitung\"},\"image\":{\"@id\":\"https:\\\/\\\/www.musikzeitung.ch\\\/#\\\/schema\\\/logo\\\/image\\\/\"},\"sameAs\":[\"https:\\\/\\\/www.facebook.com\\\/SchweizerMusikzeitung\\\/\",\"https:\\\/\\\/x.com\\\/smusikzeitung\",\"https:\\\/\\\/www.instagram.com\\\/musikzeitung.ch\\\/\"]},{\"@type\":\"Person\",\"@id\":\"https:\\\/\\\/www.musikzeitung.ch\\\/#\\\/schema\\\/person\\\/0da4fb82d243f1252850a35d0e87cf0c\",\"name\":\"Wolfgang B\u00f6hler\",\"image\":{\"@type\":\"ImageObject\",\"inLanguage\":\"en-US\",\"@id\":\"https:\\\/\\\/www.musikzeitung.ch\\\/wp-content\\\/uploads\\\/2023\\\/01\\\/boehler_portraet_web-e1674139782246-96x96.jpg\",\"url\":\"https:\\\/\\\/www.musikzeitung.ch\\\/wp-content\\\/uploads\\\/2023\\\/01\\\/boehler_portraet_web-e1674139782246-96x96.jpg\",\"contentUrl\":\"https:\\\/\\\/www.musikzeitung.ch\\\/wp-content\\\/uploads\\\/2023\\\/01\\\/boehler_portraet_web-e1674139782246-96x96.jpg\",\"caption\":\"Wolfgang B\u00f6hler\"},\"sameAs\":[\"http:\\\/\\\/www.manacanto.ch\",\"https:\\\/\\\/www.facebook.com\\\/wolfgang.bohler.75\"],\"url\":\"https:\\\/\\\/www.musikzeitung.ch\\\/en\\\/author\\\/wolfgang-boehler\"}]}<\/script>\n<!-- \/ Yoast SEO plugin. -->","yoast_head_json":{"title":"Bettina Meyer leitet die Szenografie an der Hochschule Hannover - Schweizer Musikzeitung","description":"Meyer, 2009 und 2019 Ausstattungsleiterin am Schauspielhaus Z\u00fcrich, hat die Leitung des Studienschwerpunkts Szenografie an der HS Hannover \u00fcbernommen.","robots":{"index":"index","follow":"follow","max-snippet":"max-snippet:-1","max-image-preview":"max-image-preview:large","max-video-preview":"max-video-preview:-1"},"canonical":"https:\/\/www.musikzeitung.ch\/en\/news\/2025\/01\/bettina-meyer-leitet-die-szenografie-an-der-hochschule-hannover\/","og_locale":"en_US","og_type":"article","og_title":"Bettina Meyer leitet die Szenografie an der Hochschule Hannover - Schweizer Musikzeitung","og_description":"Meyer, 2009 und 2019 Ausstattungsleiterin am Schauspielhaus Z\u00fcrich, hat die Leitung des Studienschwerpunkts Szenografie an der HS Hannover \u00fcbernommen.","og_url":"https:\/\/www.musikzeitung.ch\/en\/news\/2025\/01\/bettina-meyer-leitet-die-szenografie-an-der-hochschule-hannover\/","og_site_name":"Schweizer Musikzeitung","article_publisher":"https:\/\/www.facebook.com\/SchweizerMusikzeitung\/","article_author":"https:\/\/www.facebook.com\/wolfgang.bohler.75","article_published_time":"2025-01-13T00:14:57+00:00","article_modified_time":"2025-01-13T08:04:13+00:00","og_image":[{"width":1096,"height":711,"url":"https:\/\/www.musikzeitung.ch\/wp-content\/uploads\/2025\/01\/250113meyer.jpg","type":"image\/jpeg"}],"author":"Wolfgang B\u00f6hler","twitter_card":"summary_large_image","twitter_creator":"@smusikzeitung","twitter_site":"@smusikzeitung","twitter_misc":{"Written by":"Wolfgang B\u00f6hler","Est. reading time":"1 minute"},"schema":{"@context":"https:\/\/schema.org","@graph":[{"@type":"Article","@id":"https:\/\/www.musikzeitung.ch\/news\/2025\/01\/bettina-meyer-leitet-die-szenografie-an-der-hochschule-hannover#article","isPartOf":{"@id":"https:\/\/www.musikzeitung.ch\/news\/2025\/01\/bettina-meyer-leitet-die-szenografie-an-der-hochschule-hannover"},"author":{"name":"Wolfgang B\u00f6hler","@id":"https:\/\/www.musikzeitung.ch\/#\/schema\/person\/0da4fb82d243f1252850a35d0e87cf0c"},"headline":"Bettina Meyer leitet die Szenografie an der Hochschule Hannover","datePublished":"2025-01-13T00:14:57+00:00","dateModified":"2025-01-13T08:04:13+00:00","mainEntityOfPage":{"@id":"https:\/\/www.musikzeitung.ch\/news\/2025\/01\/bettina-meyer-leitet-die-szenografie-an-der-hochschule-hannover"},"wordCount":119,"publisher":{"@id":"https:\/\/www.musikzeitung.ch\/#organization"},"image":{"@id":"https:\/\/www.musikzeitung.ch\/news\/2025\/01\/bettina-meyer-leitet-die-szenografie-an-der-hochschule-hannover#primaryimage"},"thumbnailUrl":"https:\/\/www.musikzeitung.ch\/wp-content\/uploads\/2025\/01\/250113meyer.jpg","keywords":["Bettina Meyer","Hochschule Hannover"],"articleSection":["News"],"inLanguage":"en-US"},{"@type":"WebPage","@id":"https:\/\/www.musikzeitung.ch\/news\/2025\/01\/bettina-meyer-leitet-die-szenografie-an-der-hochschule-hannover","url":"https:\/\/www.musikzeitung.ch\/news\/2025\/01\/bettina-meyer-leitet-die-szenografie-an-der-hochschule-hannover","name":"Bettina Meyer leitet die Szenografie an der Hochschule Hannover - Schweizer Musikzeitung","isPartOf":{"@id":"https:\/\/www.musikzeitung.ch\/#website"},"primaryImageOfPage":{"@id":"https:\/\/www.musikzeitung.ch\/news\/2025\/01\/bettina-meyer-leitet-die-szenografie-an-der-hochschule-hannover#primaryimage"},"image":{"@id":"https:\/\/www.musikzeitung.ch\/news\/2025\/01\/bettina-meyer-leitet-die-szenografie-an-der-hochschule-hannover#primaryimage"},"thumbnailUrl":"https:\/\/www.musikzeitung.ch\/wp-content\/uploads\/2025\/01\/250113meyer.jpg","datePublished":"2025-01-13T00:14:57+00:00","dateModified":"2025-01-13T08:04:13+00:00","description":"Meyer, 2009 und 2019 Ausstattungsleiterin am Schauspielhaus Z\u00fcrich, hat die Leitung des Studienschwerpunkts Szenografie an der HS Hannover \u00fcbernommen.","breadcrumb":{"@id":"https:\/\/www.musikzeitung.ch\/news\/2025\/01\/bettina-meyer-leitet-die-szenografie-an-der-hochschule-hannover#breadcrumb"},"inLanguage":"en-US","potentialAction":[{"@type":"ReadAction","target":["https:\/\/www.musikzeitung.ch\/news\/2025\/01\/bettina-meyer-leitet-die-szenografie-an-der-hochschule-hannover"]}]},{"@type":"ImageObject","inLanguage":"en-US","@id":"https:\/\/www.musikzeitung.ch\/news\/2025\/01\/bettina-meyer-leitet-die-szenografie-an-der-hochschule-hannover#primaryimage","url":"https:\/\/www.musikzeitung.ch\/wp-content\/uploads\/2025\/01\/250113meyer.jpg","contentUrl":"https:\/\/www.musikzeitung.ch\/wp-content\/uploads\/2025\/01\/250113meyer.jpg","width":1096,"height":711,"caption":"Bettina Meyer (Bild: Tobi Meyer)"},{"@type":"BreadcrumbList","@id":"https:\/\/www.musikzeitung.ch\/news\/2025\/01\/bettina-meyer-leitet-die-szenografie-an-der-hochschule-hannover#breadcrumb","itemListElement":[{"@type":"ListItem","position":1,"name":"Home","item":"https:\/\/www.musikzeitung.ch\/"},{"@type":"ListItem","position":2,"name":"Bettina Meyer leitet die Szenografie an der Hochschule Hannover"}]},{"@type":"WebSite","@id":"https:\/\/www.musikzeitung.ch\/#website","url":"https:\/\/www.musikzeitung.ch\/","name":"Swiss Music Newspaper","description":"The leading interdisciplinary monthly newspaper in Switzerland for musical issues.","publisher":{"@id":"https:\/\/www.musikzeitung.ch\/#organization"},"potentialAction":[{"@type":"SearchAction","target":{"@type":"EntryPoint","urlTemplate":"https:\/\/www.musikzeitung.ch\/?s={search_term_string}"},"query-input":{"@type":"PropertyValueSpecification","valueRequired":true,"valueName":"search_term_string"}}],"inLanguage":"en-US"},{"@type":"Organization","@id":"https:\/\/www.musikzeitung.ch\/#organization","name":"Swiss Music Newspaper","url":"https:\/\/www.musikzeitung.ch\/","logo":{"@type":"ImageObject","inLanguage":"en-US","@id":"https:\/\/www.musikzeitung.ch\/#\/schema\/logo\/image\/","url":"https:\/\/www.musikzeitung.ch\/wp-content\/uploads\/2023\/01\/SMZ_Schriftzug_Sprache.png","contentUrl":"https:\/\/www.musikzeitung.ch\/wp-content\/uploads\/2023\/01\/SMZ_Schriftzug_Sprache.png","width":1400,"height":279,"caption":"Schweizer Musikzeitung"},"image":{"@id":"https:\/\/www.musikzeitung.ch\/#\/schema\/logo\/image\/"},"sameAs":["https:\/\/www.facebook.com\/SchweizerMusikzeitung\/","https:\/\/x.com\/smusikzeitung","https:\/\/www.instagram.com\/musikzeitung.ch\/"]},{"@type":"Person","@id":"https:\/\/www.musikzeitung.ch\/#\/schema\/person\/0da4fb82d243f1252850a35d0e87cf0c","name":"Wolfgang B\u00f6hler","image":{"@type":"ImageObject","inLanguage":"en-US","@id":"https:\/\/www.musikzeitung.ch\/wp-content\/uploads\/2023\/01\/boehler_portraet_web-e1674139782246-96x96.jpg","url":"https:\/\/www.musikzeitung.ch\/wp-content\/uploads\/2023\/01\/boehler_portraet_web-e1674139782246-96x96.jpg","contentUrl":"https:\/\/www.musikzeitung.ch\/wp-content\/uploads\/2023\/01\/boehler_portraet_web-e1674139782246-96x96.jpg","caption":"Wolfgang B\u00f6hler"},"sameAs":["http:\/\/www.manacanto.ch","https:\/\/www.facebook.com\/wolfgang.bohler.75"],"url":"https:\/\/www.musikzeitung.ch\/en\/author\/wolfgang-boehler"}]}},"publishpress_future_workflow_manual_trigger":{"enabledWorkflows":[]},"_links":{"self":[{"href":"https:\/\/www.musikzeitung.ch\/en\/wp-json\/wp\/v2\/posts\/61735","targetHints":{"allow":["GET"]}}],"collection":[{"href":"https:\/\/www.musikzeitung.ch\/en\/wp-json\/wp\/v2\/posts"}],"about":[{"href":"https:\/\/www.musikzeitung.ch\/en\/wp-json\/wp\/v2\/types\/post"}],"author":[{"embeddable":true,"href":"https:\/\/www.musikzeitung.ch\/en\/wp-json\/wp\/v2\/users\/30"}],"replies":[{"embeddable":true,"href":"https:\/\/www.musikzeitung.ch\/en\/wp-json\/wp\/v2\/comments?post=61735"}],"version-history":[{"count":1,"href":"https:\/\/www.musikzeitung.ch\/en\/wp-json\/wp\/v2\/posts\/61735\/revisions"}],"predecessor-version":[{"id":61737,"href":"https:\/\/www.musikzeitung.ch\/en\/wp-json\/wp\/v2\/posts\/61735\/revisions\/61737"}],"wp:featuredmedia":[{"embeddable":true,"href":"https:\/\/www.musikzeitung.ch\/en\/wp-json\/wp\/v2\/media\/61736"}],"wp:attachment":[{"href":"https:\/\/www.musikzeitung.ch\/en\/wp-json\/wp\/v2\/media?parent=61735"}],"wp:term":[{"taxonomy":"category","embeddable":true,"href":"https:\/\/www.musikzeitung.ch\/en\/wp-json\/wp\/v2\/categories?post=61735"},{"taxonomy":"post_tag","embeddable":true,"href":"https:\/\/www.musikzeitung.ch\/en\/wp-json\/wp\/v2\/tags?post=61735"}],"curies":[{"name":"wp","href":"https:\/\/api.w.org\/{rel}","templated":true}]}}