{"id":62116,"date":"2025-01-29T12:08:07","date_gmt":"2025-01-29T11:08:07","guid":{"rendered":"https:\/\/www.musikzeitung.ch\/?p=62116"},"modified":"2025-01-30T08:33:35","modified_gmt":"2025-01-30T07:33:35","slug":"triologie","status":"publish","type":"post","link":"https:\/\/www.musikzeitung.ch\/en\/rezensionen\/tontraeger-rezensionen\/2025\/01\/triologie","title":{"rendered":"Sensitive debut with rare music"},"content":{"rendered":"<figure id=\"attachment_62117\" aria-describedby=\"caption-attachment-62117\" style=\"width: 839px\" class=\"wp-caption alignnone\"><img loading=\"lazy\" decoding=\"async\" class=\"wp-image-62117 size-full\" src=\"https:\/\/www.musikzeitung.ch\/wp-content\/uploads\/2025\/01\/Triologie.jpg\" alt=\"\" width=\"839\" height=\"662\" srcset=\"https:\/\/www.musikzeitung.ch\/wp-content\/uploads\/2025\/01\/Triologie.jpg 839w, https:\/\/www.musikzeitung.ch\/wp-content\/uploads\/2025\/01\/Triologie-300x237.jpg 300w, https:\/\/www.musikzeitung.ch\/wp-content\/uploads\/2025\/01\/Triologie-768x606.jpg 768w, https:\/\/www.musikzeitung.ch\/wp-content\/uploads\/2025\/01\/Triologie-15x12.jpg 15w, https:\/\/www.musikzeitung.ch\/wp-content\/uploads\/2025\/01\/Triologie-222x175.jpg 222w, https:\/\/www.musikzeitung.ch\/wp-content\/uploads\/2025\/01\/Triologie-444x350.jpg 444w\" sizes=\"auto, (max-width: 839px) 100vw, 839px\" \/><figcaption id=\"caption-attachment-62117\" class=\"wp-caption-text\">String trio Triologie: Elodie Th\u00e9ry, cello; Meredith Kuliew, viola; Nevena Tochev, violin. Photo: zVg<\/figcaption><\/figure>\n<p>The beginning of the CD is somewhat strange, as an intro to the tuning of the string instruments, and even more so the program: Max Reger's first string trio from 1904 is heard between the works of three later composers. This doesn't seem particularly coherent, rather contrived, but after all, this is a recording debut, and the musicians probably wanted to present their own musical versatility in addition to their stylistic versatility - which they succeed in doing beautifully. The three from the Triologie string trio met in 2019 while studying for a master's degree at Lucerne University of Applied Sciences and Arts and have been performing together ever since.<\/p>\n<p>There is a lot to discover on the CD, not only Reger's trio, but also two early modern composers: Emmy Frensel Wegener (1901-1973) from the Netherlands composed mainly in the 1920s and 1930s, but then had to give it up due to illness. Her entertaining five-movement work from 1925 is wonderfully light and is performed nimbly by Triologie, as is the charming string trio by Australian Miriam Hyde (1913-2003). She was nineteen years old when she wrote it. It marks the beginning of a rich compositional and, incidentally, literary oeuvre for which Hyde was honored several times. The main work on the CD, however, is the one-movement piece <em>A tres voces<\/em> by the Cuban Tania Le\u00f3n, born in 1943. Created in 2010, it combines elements of new music with Afro-American rhythms. But by no means in a bold crossover manner. The drive is subtle, but carries the tension, the music reflects, goes astray, breaks the flow with soloistic interludes and always has surprises in store. The three musicians also do justice to this world premiere recording of the music with their precise, sensitive and extremely transparent playing. It gets to the point.<img loading=\"lazy\" decoding=\"async\" class=\"aligncenter wp-image-62118 size-medium\" src=\"https:\/\/www.musikzeitung.ch\/wp-content\/uploads\/2025\/01\/01_02_crit_cd_Meyer-300x296.jpg\" alt=\"\" width=\"300\" height=\"296\" srcset=\"https:\/\/www.musikzeitung.ch\/wp-content\/uploads\/2025\/01\/01_02_crit_cd_Meyer-300x296.jpg 300w, https:\/\/www.musikzeitung.ch\/wp-content\/uploads\/2025\/01\/01_02_crit_cd_Meyer-1024x1010.jpg 1024w, https:\/\/www.musikzeitung.ch\/wp-content\/uploads\/2025\/01\/01_02_crit_cd_Meyer-768x757.jpg 768w, https:\/\/www.musikzeitung.ch\/wp-content\/uploads\/2025\/01\/01_02_crit_cd_Meyer-12x12.jpg 12w, https:\/\/www.musikzeitung.ch\/wp-content\/uploads\/2025\/01\/01_02_crit_cd_Meyer-177x175.jpg 177w, https:\/\/www.musikzeitung.ch\/wp-content\/uploads\/2025\/01\/01_02_crit_cd_Meyer-355x350.jpg 355w, https:\/\/www.musikzeitung.ch\/wp-content\/uploads\/2025\/01\/01_02_crit_cd_Meyer-811x800.jpg 811w, https:\/\/www.musikzeitung.ch\/wp-content\/uploads\/2025\/01\/01_02_crit_cd_Meyer-920x907.jpg 920w, https:\/\/www.musikzeitung.ch\/wp-content\/uploads\/2025\/01\/01_02_crit_cd_Meyer-100x100.jpg 100w, https:\/\/www.musikzeitung.ch\/wp-content\/uploads\/2025\/01\/01_02_crit_cd_Meyer-24x24.jpg 24w, https:\/\/www.musikzeitung.ch\/wp-content\/uploads\/2025\/01\/01_02_crit_cd_Meyer-48x48.jpg 48w, https:\/\/www.musikzeitung.ch\/wp-content\/uploads\/2025\/01\/01_02_crit_cd_Meyer-96x96.jpg 96w, https:\/\/www.musikzeitung.ch\/wp-content\/uploads\/2025\/01\/01_02_crit_cd_Meyer.jpg 1014w\" sizes=\"auto, (max-width: 300px) 100vw, 300px\" \/><\/p>\n<p><em>A tres voces. Triologie String Trio (Elodie Th\u00e9ry, cello; Meredith Kuliew, viola; Nevena Tochev, violin). Prospero PROSP0101<\/em><\/p>","protected":false},"excerpt":{"rendered":"<p>Three young musicians present works by Emmy Frensel Wegener, Miriam Hyde and Tania Le\u00f3n, with Reger's first string trio providing the framework.<\/p>","protected":false},"author":29,"featured_media":0,"comment_status":"closed","ping_status":"closed","sticky":false,"template":"","format":"standard","meta":{"_acf_changed":false,"_relevanssi_hide_post":"","_relevanssi_hide_content":"","_relevanssi_pin_for_all":"","_relevanssi_pin_keywords":"","_relevanssi_unpin_keywords":"","_relevanssi_related_keywords":"","_relevanssi_related_include_ids":"","_relevanssi_related_exclude_ids":"","_relevanssi_related_no_append":"","_relevanssi_related_not_related":"","_relevanssi_related_posts":"","_relevanssi_noindex_reason":"","pgc_sgb_lightbox_settings":"","footnotes":""},"categories":[29,1420],"tags":[4701,2583,4702,4703,4700],"class_list":["post-62116","post","type-post","status-publish","format-standard","hentry","category-rezensionen","category-tontraeger-rezensionen","tag-emmy-frensel-wegener","tag-max-reger","tag-miriam-hyde","tag-tania-leon","tag-triologie-string-trio"],"acf":[],"yoast_head":"<!-- This site is optimized with the Yoast SEO plugin v27.4 - https:\/\/yoast.com\/product\/yoast-seo-wordpress\/ -->\n<title>Sensibles Deb\u00fct mit seltener Musik - Schweizer Musikzeitung<\/title>\n<meta name=\"description\" content=\"Drei junge Musikerinnen pr\u00e4sentieren sich mit Werken von Emmy Frensel Wegener, Miriam Hyde und Tania Le\u00f3n, den Rahmen bildet Regers erstes Streichtrio.\" \/>\n<meta name=\"robots\" content=\"index, follow, max-snippet:-1, max-image-preview:large, max-video-preview:-1\" \/>\n<link rel=\"canonical\" href=\"https:\/\/www.musikzeitung.ch\/en\/rezensionen\/tontraeger-rezensionen\/2025\/01\/triologie\/\" \/>\n<meta property=\"og:locale\" content=\"en_US\" \/>\n<meta property=\"og:type\" content=\"article\" \/>\n<meta property=\"og:title\" content=\"Sensibles Deb\u00fct mit seltener Musik - Schweizer Musikzeitung\" \/>\n<meta property=\"og:description\" content=\"Drei junge Musikerinnen pr\u00e4sentieren sich mit Werken von Emmy Frensel Wegener, Miriam Hyde und Tania Le\u00f3n, den Rahmen bildet Regers erstes Streichtrio.\" \/>\n<meta property=\"og:url\" content=\"https:\/\/www.musikzeitung.ch\/en\/rezensionen\/tontraeger-rezensionen\/2025\/01\/triologie\/\" \/>\n<meta property=\"og:site_name\" content=\"Schweizer Musikzeitung\" \/>\n<meta property=\"article:publisher\" content=\"https:\/\/www.facebook.com\/SchweizerMusikzeitung\/\" \/>\n<meta property=\"article:published_time\" content=\"2025-01-29T11:08:07+00:00\" \/>\n<meta property=\"article:modified_time\" content=\"2025-01-30T07:33:35+00:00\" \/>\n<meta property=\"og:image\" content=\"https:\/\/www.musikzeitung.ch\/wp-content\/uploads\/2025\/01\/Triologie.jpg\" \/>\n\t<meta property=\"og:image:width\" content=\"839\" \/>\n\t<meta property=\"og:image:height\" content=\"662\" \/>\n\t<meta property=\"og:image:type\" content=\"image\/jpeg\" \/>\n<meta name=\"author\" content=\"pia.schwab\" \/>\n<meta name=\"twitter:card\" content=\"summary_large_image\" \/>\n<meta name=\"twitter:creator\" content=\"@smusikzeitung\" \/>\n<meta name=\"twitter:site\" content=\"@smusikzeitung\" \/>\n<meta name=\"twitter:label1\" content=\"Written by\" \/>\n\t<meta name=\"twitter:data1\" content=\"pia.schwab\" \/>\n\t<meta name=\"twitter:label2\" content=\"Est. reading time\" \/>\n\t<meta name=\"twitter:data2\" content=\"3 minutes\" \/>\n<script type=\"application\/ld+json\" class=\"yoast-schema-graph\">{\"@context\":\"https:\\\/\\\/schema.org\",\"@graph\":[{\"@type\":\"Article\",\"@id\":\"https:\\\/\\\/www.musikzeitung.ch\\\/rezensionen\\\/tontraeger-rezensionen\\\/2025\\\/01\\\/triologie#article\",\"isPartOf\":{\"@id\":\"https:\\\/\\\/www.musikzeitung.ch\\\/rezensionen\\\/tontraeger-rezensionen\\\/2025\\\/01\\\/triologie\"},\"author\":{\"name\":\"pia.schwab\",\"@id\":\"https:\\\/\\\/www.musikzeitung.ch\\\/#\\\/schema\\\/person\\\/ea3d7b86bd7157c78c7ddd37f2f82b5b\"},\"headline\":\"Sensibles Deb\u00fct mit seltener Musik\",\"datePublished\":\"2025-01-29T11:08:07+00:00\",\"dateModified\":\"2025-01-30T07:33:35+00:00\",\"mainEntityOfPage\":{\"@id\":\"https:\\\/\\\/www.musikzeitung.ch\\\/rezensionen\\\/tontraeger-rezensionen\\\/2025\\\/01\\\/triologie\"},\"wordCount\":322,\"publisher\":{\"@id\":\"https:\\\/\\\/www.musikzeitung.ch\\\/#organization\"},\"image\":{\"@id\":\"https:\\\/\\\/www.musikzeitung.ch\\\/rezensionen\\\/tontraeger-rezensionen\\\/2025\\\/01\\\/triologie#primaryimage\"},\"thumbnailUrl\":\"https:\\\/\\\/www.musikzeitung.ch\\\/wp-content\\\/uploads\\\/2025\\\/01\\\/Triologie.jpg\",\"keywords\":[\"Emmy Frensel Wegener\",\"Max Reger\",\"Miriam Hyde\",\"Tania Le\u00f3n\",\"Triologie String Trio\"],\"articleSection\":[\"Rezensionen\",\"Tontr\u00e4ger\"],\"inLanguage\":\"en-US\"},{\"@type\":\"WebPage\",\"@id\":\"https:\\\/\\\/www.musikzeitung.ch\\\/rezensionen\\\/tontraeger-rezensionen\\\/2025\\\/01\\\/triologie\",\"url\":\"https:\\\/\\\/www.musikzeitung.ch\\\/rezensionen\\\/tontraeger-rezensionen\\\/2025\\\/01\\\/triologie\",\"name\":\"Sensibles Deb\u00fct mit seltener Musik - Schweizer Musikzeitung\",\"isPartOf\":{\"@id\":\"https:\\\/\\\/www.musikzeitung.ch\\\/#website\"},\"primaryImageOfPage\":{\"@id\":\"https:\\\/\\\/www.musikzeitung.ch\\\/rezensionen\\\/tontraeger-rezensionen\\\/2025\\\/01\\\/triologie#primaryimage\"},\"image\":{\"@id\":\"https:\\\/\\\/www.musikzeitung.ch\\\/rezensionen\\\/tontraeger-rezensionen\\\/2025\\\/01\\\/triologie#primaryimage\"},\"thumbnailUrl\":\"https:\\\/\\\/www.musikzeitung.ch\\\/wp-content\\\/uploads\\\/2025\\\/01\\\/Triologie.jpg\",\"datePublished\":\"2025-01-29T11:08:07+00:00\",\"dateModified\":\"2025-01-30T07:33:35+00:00\",\"description\":\"Drei junge Musikerinnen pr\u00e4sentieren sich mit Werken von Emmy Frensel Wegener, Miriam Hyde und Tania Le\u00f3n, den Rahmen bildet Regers erstes Streichtrio.\",\"breadcrumb\":{\"@id\":\"https:\\\/\\\/www.musikzeitung.ch\\\/rezensionen\\\/tontraeger-rezensionen\\\/2025\\\/01\\\/triologie#breadcrumb\"},\"inLanguage\":\"en-US\",\"potentialAction\":[{\"@type\":\"ReadAction\",\"target\":[\"https:\\\/\\\/www.musikzeitung.ch\\\/rezensionen\\\/tontraeger-rezensionen\\\/2025\\\/01\\\/triologie\"]}]},{\"@type\":\"ImageObject\",\"inLanguage\":\"en-US\",\"@id\":\"https:\\\/\\\/www.musikzeitung.ch\\\/rezensionen\\\/tontraeger-rezensionen\\\/2025\\\/01\\\/triologie#primaryimage\",\"url\":\"https:\\\/\\\/www.musikzeitung.ch\\\/wp-content\\\/uploads\\\/2025\\\/01\\\/Triologie.jpg\",\"contentUrl\":\"https:\\\/\\\/www.musikzeitung.ch\\\/wp-content\\\/uploads\\\/2025\\\/01\\\/Triologie.jpg\"},{\"@type\":\"BreadcrumbList\",\"@id\":\"https:\\\/\\\/www.musikzeitung.ch\\\/rezensionen\\\/tontraeger-rezensionen\\\/2025\\\/01\\\/triologie#breadcrumb\",\"itemListElement\":[{\"@type\":\"ListItem\",\"position\":1,\"name\":\"Home\",\"item\":\"https:\\\/\\\/www.musikzeitung.ch\\\/\"},{\"@type\":\"ListItem\",\"position\":2,\"name\":\"Sensibles Deb\u00fct mit seltener Musik\"}]},{\"@type\":\"WebSite\",\"@id\":\"https:\\\/\\\/www.musikzeitung.ch\\\/#website\",\"url\":\"https:\\\/\\\/www.musikzeitung.ch\\\/\",\"name\":\"Schweizer Musikzeitung\",\"description\":\"Die f\u00fchrende sparten\u00fcbergreifende Monatszeitung in der Schweiz f\u00fcr musikalische Fragen.\",\"publisher\":{\"@id\":\"https:\\\/\\\/www.musikzeitung.ch\\\/#organization\"},\"potentialAction\":[{\"@type\":\"SearchAction\",\"target\":{\"@type\":\"EntryPoint\",\"urlTemplate\":\"https:\\\/\\\/www.musikzeitung.ch\\\/?s={search_term_string}\"},\"query-input\":{\"@type\":\"PropertyValueSpecification\",\"valueRequired\":true,\"valueName\":\"search_term_string\"}}],\"inLanguage\":\"en-US\"},{\"@type\":\"Organization\",\"@id\":\"https:\\\/\\\/www.musikzeitung.ch\\\/#organization\",\"name\":\"Schweizer Musikzeitung\",\"url\":\"https:\\\/\\\/www.musikzeitung.ch\\\/\",\"logo\":{\"@type\":\"ImageObject\",\"inLanguage\":\"en-US\",\"@id\":\"https:\\\/\\\/www.musikzeitung.ch\\\/#\\\/schema\\\/logo\\\/image\\\/\",\"url\":\"https:\\\/\\\/www.musikzeitung.ch\\\/wp-content\\\/uploads\\\/2023\\\/01\\\/SMZ_Schriftzug_Sprache.png\",\"contentUrl\":\"https:\\\/\\\/www.musikzeitung.ch\\\/wp-content\\\/uploads\\\/2023\\\/01\\\/SMZ_Schriftzug_Sprache.png\",\"width\":1400,\"height\":279,\"caption\":\"Schweizer Musikzeitung\"},\"image\":{\"@id\":\"https:\\\/\\\/www.musikzeitung.ch\\\/#\\\/schema\\\/logo\\\/image\\\/\"},\"sameAs\":[\"https:\\\/\\\/www.facebook.com\\\/SchweizerMusikzeitung\\\/\",\"https:\\\/\\\/x.com\\\/smusikzeitung\",\"https:\\\/\\\/www.instagram.com\\\/musikzeitung.ch\\\/\"]},{\"@type\":\"Person\",\"@id\":\"https:\\\/\\\/www.musikzeitung.ch\\\/#\\\/schema\\\/person\\\/ea3d7b86bd7157c78c7ddd37f2f82b5b\",\"name\":\"pia.schwab\",\"image\":{\"@type\":\"ImageObject\",\"inLanguage\":\"en-US\",\"@id\":\"https:\\\/\\\/secure.gravatar.com\\\/avatar\\\/d39d170de4c2d07e897fbc26cf9d890fc046285c742207b86d8ebabe5fcde2c4?s=96&d=mm&r=g\",\"url\":\"https:\\\/\\\/secure.gravatar.com\\\/avatar\\\/d39d170de4c2d07e897fbc26cf9d890fc046285c742207b86d8ebabe5fcde2c4?s=96&d=mm&r=g\",\"contentUrl\":\"https:\\\/\\\/secure.gravatar.com\\\/avatar\\\/d39d170de4c2d07e897fbc26cf9d890fc046285c742207b86d8ebabe5fcde2c4?s=96&d=mm&r=g\",\"caption\":\"pia.schwab\"},\"url\":\"https:\\\/\\\/www.musikzeitung.ch\\\/en\\\/author\\\/pia-schwab\"}]}<\/script>\n<!-- \/ Yoast SEO plugin. -->","yoast_head_json":{"title":"Sensitive debut with rare music - Schweizer Musikzeitung","description":"Three young musicians present works by Emmy Frensel Wegener, Miriam Hyde and Tania Le\u00f3n, with Reger's first string trio providing the framework.","robots":{"index":"index","follow":"follow","max-snippet":"max-snippet:-1","max-image-preview":"max-image-preview:large","max-video-preview":"max-video-preview:-1"},"canonical":"https:\/\/www.musikzeitung.ch\/en\/rezensionen\/tontraeger-rezensionen\/2025\/01\/triologie\/","og_locale":"en_US","og_type":"article","og_title":"Sensibles Deb\u00fct mit seltener Musik - Schweizer Musikzeitung","og_description":"Drei junge Musikerinnen pr\u00e4sentieren sich mit Werken von Emmy Frensel Wegener, Miriam Hyde und Tania Le\u00f3n, den Rahmen bildet Regers erstes Streichtrio.","og_url":"https:\/\/www.musikzeitung.ch\/en\/rezensionen\/tontraeger-rezensionen\/2025\/01\/triologie\/","og_site_name":"Schweizer Musikzeitung","article_publisher":"https:\/\/www.facebook.com\/SchweizerMusikzeitung\/","article_published_time":"2025-01-29T11:08:07+00:00","article_modified_time":"2025-01-30T07:33:35+00:00","og_image":[{"width":839,"height":662,"url":"https:\/\/www.musikzeitung.ch\/wp-content\/uploads\/2025\/01\/Triologie.jpg","type":"image\/jpeg"}],"author":"pia.schwab","twitter_card":"summary_large_image","twitter_creator":"@smusikzeitung","twitter_site":"@smusikzeitung","twitter_misc":{"Written by":"pia.schwab","Est. reading time":"3 minutes"},"schema":{"@context":"https:\/\/schema.org","@graph":[{"@type":"Article","@id":"https:\/\/www.musikzeitung.ch\/rezensionen\/tontraeger-rezensionen\/2025\/01\/triologie#article","isPartOf":{"@id":"https:\/\/www.musikzeitung.ch\/rezensionen\/tontraeger-rezensionen\/2025\/01\/triologie"},"author":{"name":"pia.schwab","@id":"https:\/\/www.musikzeitung.ch\/#\/schema\/person\/ea3d7b86bd7157c78c7ddd37f2f82b5b"},"headline":"Sensibles Deb\u00fct mit seltener Musik","datePublished":"2025-01-29T11:08:07+00:00","dateModified":"2025-01-30T07:33:35+00:00","mainEntityOfPage":{"@id":"https:\/\/www.musikzeitung.ch\/rezensionen\/tontraeger-rezensionen\/2025\/01\/triologie"},"wordCount":322,"publisher":{"@id":"https:\/\/www.musikzeitung.ch\/#organization"},"image":{"@id":"https:\/\/www.musikzeitung.ch\/rezensionen\/tontraeger-rezensionen\/2025\/01\/triologie#primaryimage"},"thumbnailUrl":"https:\/\/www.musikzeitung.ch\/wp-content\/uploads\/2025\/01\/Triologie.jpg","keywords":["Emmy Frensel Wegener","Max Reger","Miriam Hyde","Tania Le\u00f3n","Triologie String Trio"],"articleSection":["Rezensionen","Tontr\u00e4ger"],"inLanguage":"en-US"},{"@type":"WebPage","@id":"https:\/\/www.musikzeitung.ch\/rezensionen\/tontraeger-rezensionen\/2025\/01\/triologie","url":"https:\/\/www.musikzeitung.ch\/rezensionen\/tontraeger-rezensionen\/2025\/01\/triologie","name":"Sensitive debut with rare music - Schweizer Musikzeitung","isPartOf":{"@id":"https:\/\/www.musikzeitung.ch\/#website"},"primaryImageOfPage":{"@id":"https:\/\/www.musikzeitung.ch\/rezensionen\/tontraeger-rezensionen\/2025\/01\/triologie#primaryimage"},"image":{"@id":"https:\/\/www.musikzeitung.ch\/rezensionen\/tontraeger-rezensionen\/2025\/01\/triologie#primaryimage"},"thumbnailUrl":"https:\/\/www.musikzeitung.ch\/wp-content\/uploads\/2025\/01\/Triologie.jpg","datePublished":"2025-01-29T11:08:07+00:00","dateModified":"2025-01-30T07:33:35+00:00","description":"Three young musicians present works by Emmy Frensel Wegener, Miriam Hyde and Tania Le\u00f3n, with Reger's first string trio providing the framework.","breadcrumb":{"@id":"https:\/\/www.musikzeitung.ch\/rezensionen\/tontraeger-rezensionen\/2025\/01\/triologie#breadcrumb"},"inLanguage":"en-US","potentialAction":[{"@type":"ReadAction","target":["https:\/\/www.musikzeitung.ch\/rezensionen\/tontraeger-rezensionen\/2025\/01\/triologie"]}]},{"@type":"ImageObject","inLanguage":"en-US","@id":"https:\/\/www.musikzeitung.ch\/rezensionen\/tontraeger-rezensionen\/2025\/01\/triologie#primaryimage","url":"https:\/\/www.musikzeitung.ch\/wp-content\/uploads\/2025\/01\/Triologie.jpg","contentUrl":"https:\/\/www.musikzeitung.ch\/wp-content\/uploads\/2025\/01\/Triologie.jpg"},{"@type":"BreadcrumbList","@id":"https:\/\/www.musikzeitung.ch\/rezensionen\/tontraeger-rezensionen\/2025\/01\/triologie#breadcrumb","itemListElement":[{"@type":"ListItem","position":1,"name":"Home","item":"https:\/\/www.musikzeitung.ch\/"},{"@type":"ListItem","position":2,"name":"Sensibles Deb\u00fct mit seltener Musik"}]},{"@type":"WebSite","@id":"https:\/\/www.musikzeitung.ch\/#website","url":"https:\/\/www.musikzeitung.ch\/","name":"Swiss Music Newspaper","description":"The leading interdisciplinary monthly newspaper in Switzerland for musical issues.","publisher":{"@id":"https:\/\/www.musikzeitung.ch\/#organization"},"potentialAction":[{"@type":"SearchAction","target":{"@type":"EntryPoint","urlTemplate":"https:\/\/www.musikzeitung.ch\/?s={search_term_string}"},"query-input":{"@type":"PropertyValueSpecification","valueRequired":true,"valueName":"search_term_string"}}],"inLanguage":"en-US"},{"@type":"Organization","@id":"https:\/\/www.musikzeitung.ch\/#organization","name":"Swiss Music Newspaper","url":"https:\/\/www.musikzeitung.ch\/","logo":{"@type":"ImageObject","inLanguage":"en-US","@id":"https:\/\/www.musikzeitung.ch\/#\/schema\/logo\/image\/","url":"https:\/\/www.musikzeitung.ch\/wp-content\/uploads\/2023\/01\/SMZ_Schriftzug_Sprache.png","contentUrl":"https:\/\/www.musikzeitung.ch\/wp-content\/uploads\/2023\/01\/SMZ_Schriftzug_Sprache.png","width":1400,"height":279,"caption":"Schweizer Musikzeitung"},"image":{"@id":"https:\/\/www.musikzeitung.ch\/#\/schema\/logo\/image\/"},"sameAs":["https:\/\/www.facebook.com\/SchweizerMusikzeitung\/","https:\/\/x.com\/smusikzeitung","https:\/\/www.instagram.com\/musikzeitung.ch\/"]},{"@type":"Person","@id":"https:\/\/www.musikzeitung.ch\/#\/schema\/person\/ea3d7b86bd7157c78c7ddd37f2f82b5b","name":"pia.schwab","image":{"@type":"ImageObject","inLanguage":"en-US","@id":"https:\/\/secure.gravatar.com\/avatar\/d39d170de4c2d07e897fbc26cf9d890fc046285c742207b86d8ebabe5fcde2c4?s=96&d=mm&r=g","url":"https:\/\/secure.gravatar.com\/avatar\/d39d170de4c2d07e897fbc26cf9d890fc046285c742207b86d8ebabe5fcde2c4?s=96&d=mm&r=g","contentUrl":"https:\/\/secure.gravatar.com\/avatar\/d39d170de4c2d07e897fbc26cf9d890fc046285c742207b86d8ebabe5fcde2c4?s=96&d=mm&r=g","caption":"pia.schwab"},"url":"https:\/\/www.musikzeitung.ch\/en\/author\/pia-schwab"}]}},"publishpress_future_workflow_manual_trigger":{"enabledWorkflows":[]},"_links":{"self":[{"href":"https:\/\/www.musikzeitung.ch\/en\/wp-json\/wp\/v2\/posts\/62116","targetHints":{"allow":["GET"]}}],"collection":[{"href":"https:\/\/www.musikzeitung.ch\/en\/wp-json\/wp\/v2\/posts"}],"about":[{"href":"https:\/\/www.musikzeitung.ch\/en\/wp-json\/wp\/v2\/types\/post"}],"author":[{"embeddable":true,"href":"https:\/\/www.musikzeitung.ch\/en\/wp-json\/wp\/v2\/users\/29"}],"replies":[{"embeddable":true,"href":"https:\/\/www.musikzeitung.ch\/en\/wp-json\/wp\/v2\/comments?post=62116"}],"version-history":[{"count":2,"href":"https:\/\/www.musikzeitung.ch\/en\/wp-json\/wp\/v2\/posts\/62116\/revisions"}],"predecessor-version":[{"id":62120,"href":"https:\/\/www.musikzeitung.ch\/en\/wp-json\/wp\/v2\/posts\/62116\/revisions\/62120"}],"wp:attachment":[{"href":"https:\/\/www.musikzeitung.ch\/en\/wp-json\/wp\/v2\/media?parent=62116"}],"wp:term":[{"taxonomy":"category","embeddable":true,"href":"https:\/\/www.musikzeitung.ch\/en\/wp-json\/wp\/v2\/categories?post=62116"},{"taxonomy":"post_tag","embeddable":true,"href":"https:\/\/www.musikzeitung.ch\/en\/wp-json\/wp\/v2\/tags?post=62116"}],"curies":[{"name":"wp","href":"https:\/\/api.w.org\/{rel}","templated":true}]}}