{"id":62143,"date":"2025-01-30T15:55:20","date_gmt":"2025-01-30T14:55:20","guid":{"rendered":"https:\/\/www.musikzeitung.ch\/?p=62143"},"modified":"2025-02-03T09:00:09","modified_gmt":"2025-02-03T08:00:09","slug":"rachmaninow","status":"publish","type":"post","link":"https:\/\/www.musikzeitung.ch\/en\/rezensionen\/noten-rezensionen\/2025\/01\/rachmaninow","title":{"rendered":"Concert for an elephant"},"content":{"rendered":"<figure id=\"attachment_62146\" aria-describedby=\"caption-attachment-62146\" style=\"width: 586px\" class=\"wp-caption alignnone\"><img loading=\"lazy\" decoding=\"async\" class=\"wp-image-62146 size-full\" src=\"https:\/\/www.musikzeitung.ch\/wp-content\/uploads\/2025\/01\/Rachmaninoff_proofing.jpg\" alt=\"\" width=\"586\" height=\"473\" srcset=\"https:\/\/www.musikzeitung.ch\/wp-content\/uploads\/2025\/01\/Rachmaninoff_proofing.jpg 586w, https:\/\/www.musikzeitung.ch\/wp-content\/uploads\/2025\/01\/Rachmaninoff_proofing-300x242.jpg 300w, https:\/\/www.musikzeitung.ch\/wp-content\/uploads\/2025\/01\/Rachmaninoff_proofing-15x12.jpg 15w, https:\/\/www.musikzeitung.ch\/wp-content\/uploads\/2025\/01\/Rachmaninoff_proofing-217x175.jpg 217w, https:\/\/www.musikzeitung.ch\/wp-content\/uploads\/2025\/01\/Rachmaninoff_proofing-434x350.jpg 434w\" sizes=\"auto, (max-width: 586px) 100vw, 586px\" \/><figcaption id=\"caption-attachment-62146\" class=\"wp-caption-text\">Rachmaninov in 1910 on the Ivanovka estate with the proofs of the 3rd Piano Concerto. <a href=\"https:\/\/commons.wikimedia.org\/wiki\/Category:Sergei_Rachmaninoff_in_photographs?uselang=de#\/media\/File:Rachmaninoff_proofing.jpg\" target=\"_blank\" rel=\"noopener\">Photographer unknown \/ wikimedia commons<\/a> (excerpt)<\/figcaption><\/figure>\n<p>Sergei Rachmaninov composed his 3rd Piano Concerto in the summer of 1909 in preparation for his first concert tour to America. He did not have much time to practise, so he helped himself with a silent keyboard during the crossing. The premiere took place in New York on November 28 of the same year. The New York Symphony Orchestra played under the direction of Walter Damrosch. Shortly afterwards, the work was performed again in New York, this time under the baton of Gustav Mahler. Many would have liked to have been there ...<\/p>\n<p>The enormous demands of the solo part are said to have prompted Rachmaninov to describe it as a \"concerto for an elephant\". It is also considered by many to be the piano concerto with the \"most notes\". (Busoni's would be a serious contender, however).<\/p>\n<p>In view of all these superlatives, it is sometimes forgotten how economically and artistically this Opus 30 is constructed. Almost all the themes and melodies can be traced back to a few core motifs. This applies not only to the piano part, but also to the orchestra, which is closely interwoven with the solo part. This is probably why Mahler spent a great deal of time on this during the rehearsals for the aforementioned performance, which obviously impressed Rachmaninov very much.<\/p>\n<p>The network of relationships that binds all three movements together is also artfully crafted. For example in the finale, where the first theme of the first movement reappears in an impressive way in the middle. The connection between the first and second movements is also achieved with the help of a complex modulation section that leads from D minor to D flat major. Incidentally, Rachmaninov also proceeds in a similar way in his other piano concertos.<\/p>\n<p>Dominik Rahmer has now republished this 3rd piano concerto with G. Henle, and the result is more than satisfactory. The print is clear and easy to read and gives the many notes considerably more space than in the old Boosey &amp; Hawkes edition, for example. The fingerings by Marc-Andr\u00e9 Hamelin are sensible and cleverly placed sparingly. The orchestral part (piano II) was taken from the original by Rachmaninov and only slightly modified by Johannes Umbreit to make it easier to play.<\/p>\n<p>After Rachmaninov, only a few pianists dared to tackle this enormous work. First and foremost among them was Vladimir Horowitz, who virtually \"inherited\" it from the composer. Nowadays, it is an integral part of the concert repertoire, even if the demands have of course not diminished as a result. Vladimir Ashkenazy is someone who has often worked on this concerto, both as a pianist and as a conductor. He has made several recordings, the most notable of which is probably the one with the Concertgebouw Orchestra conducted by Bernard Haitink (Decca). A recording that could perhaps convert even those who despise Rachmaninov ... <img loading=\"lazy\" decoding=\"async\" class=\"aligncenter wp-image-62144 size-medium\" src=\"https:\/\/www.musikzeitung.ch\/wp-content\/uploads\/2025\/01\/01_02_crit_note_Kolly_NEU-227x300.jpg\" alt=\"\" width=\"227\" height=\"300\" srcset=\"https:\/\/www.musikzeitung.ch\/wp-content\/uploads\/2025\/01\/01_02_crit_note_Kolly_NEU-227x300.jpg 227w, https:\/\/www.musikzeitung.ch\/wp-content\/uploads\/2025\/01\/01_02_crit_note_Kolly_NEU-9x12.jpg 9w, https:\/\/www.musikzeitung.ch\/wp-content\/uploads\/2025\/01\/01_02_crit_note_Kolly_NEU-133x175.jpg 133w, https:\/\/www.musikzeitung.ch\/wp-content\/uploads\/2025\/01\/01_02_crit_note_Kolly_NEU-265x350.jpg 265w, https:\/\/www.musikzeitung.ch\/wp-content\/uploads\/2025\/01\/01_02_crit_note_Kolly_NEU-300x396.jpg 300w, https:\/\/www.musikzeitung.ch\/wp-content\/uploads\/2025\/01\/01_02_crit_note_Kolly_NEU.jpg 585w\" sizes=\"auto, (max-width: 227px) 100vw, 227px\" \/><\/p>\n<p><em>Sergei Rachmaninov: Piano Concerto No. 3 in D minor op. 30, edited by Dominik Rahmer, piano reduction by Johannes Umbreit, HN 1452, \u20ac 29.00, G. Henle, Munich<\/em><\/p>","protected":false},"excerpt":{"rendered":"<p>Rachmaninov's Piano Concerto No. 3 displays an artful interweaving of themes and melodies, and it places the highest demands on the performers. <\/p>","protected":false},"author":29,"featured_media":62146,"comment_status":"closed","ping_status":"closed","sticky":false,"template":"","format":"standard","meta":{"_acf_changed":false,"_relevanssi_hide_post":"","_relevanssi_hide_content":"","_relevanssi_pin_for_all":"","_relevanssi_pin_keywords":"","_relevanssi_unpin_keywords":"","_relevanssi_related_keywords":"","_relevanssi_related_include_ids":"","_relevanssi_related_exclude_ids":"","_relevanssi_related_no_append":"","_relevanssi_related_not_related":"","_relevanssi_related_posts":"","_relevanssi_noindex_reason":"","pgc_sgb_lightbox_settings":"","footnotes":""},"categories":[1316,29],"tags":[4362,3323],"class_list":["post-62143","post","type-post","status-publish","format-standard","has-post-thumbnail","hentry","category-noten-rezensionen","category-rezensionen","tag-klavierkonzert","tag-sergei-rachmaninow"],"acf":[],"yoast_head":"<!-- This site is optimized with the Yoast SEO plugin v27.4 - https:\/\/yoast.com\/product\/yoast-seo-wordpress\/ -->\n<title>Konzert f\u00fcr einen Elefanten - Schweizer Musikzeitung<\/title>\n<meta name=\"description\" content=\"Rachmaninows Klavierkonzert Nr. 3 zeigt ein kunstvolles Beziehungsgeflecht von Themen und Melodien, und es stellt h\u00f6chste Anforderungen an die Ausf\u00fchrenden.\" \/>\n<meta name=\"robots\" content=\"index, follow, max-snippet:-1, max-image-preview:large, max-video-preview:-1\" \/>\n<link rel=\"canonical\" href=\"https:\/\/www.musikzeitung.ch\/en\/rezensionen\/noten-rezensionen\/2025\/01\/rachmaninow\/\" \/>\n<meta property=\"og:locale\" content=\"en_US\" \/>\n<meta property=\"og:type\" content=\"article\" \/>\n<meta property=\"og:title\" content=\"Konzert f\u00fcr einen Elefanten - Schweizer Musikzeitung\" \/>\n<meta property=\"og:description\" content=\"Rachmaninows Klavierkonzert Nr. 3 zeigt ein kunstvolles Beziehungsgeflecht von Themen und Melodien, und es stellt h\u00f6chste Anforderungen an die Ausf\u00fchrenden.\" \/>\n<meta property=\"og:url\" content=\"https:\/\/www.musikzeitung.ch\/en\/rezensionen\/noten-rezensionen\/2025\/01\/rachmaninow\/\" \/>\n<meta property=\"og:site_name\" content=\"Schweizer Musikzeitung\" \/>\n<meta property=\"article:publisher\" content=\"https:\/\/www.facebook.com\/SchweizerMusikzeitung\/\" \/>\n<meta property=\"article:published_time\" content=\"2025-01-30T14:55:20+00:00\" \/>\n<meta property=\"article:modified_time\" content=\"2025-02-03T08:00:09+00:00\" \/>\n<meta property=\"og:image\" content=\"https:\/\/www.musikzeitung.ch\/wp-content\/uploads\/2025\/01\/Rachmaninoff_proofing.jpg\" \/>\n\t<meta property=\"og:image:width\" content=\"586\" \/>\n\t<meta property=\"og:image:height\" content=\"473\" \/>\n\t<meta property=\"og:image:type\" content=\"image\/jpeg\" \/>\n<meta name=\"author\" content=\"pia.schwab\" \/>\n<meta name=\"twitter:card\" content=\"summary_large_image\" \/>\n<meta name=\"twitter:creator\" content=\"@smusikzeitung\" \/>\n<meta name=\"twitter:site\" content=\"@smusikzeitung\" \/>\n<meta name=\"twitter:label1\" content=\"Written by\" \/>\n\t<meta name=\"twitter:data1\" content=\"pia.schwab\" \/>\n\t<meta name=\"twitter:label2\" content=\"Est. reading time\" \/>\n\t<meta name=\"twitter:data2\" content=\"4 minutes\" \/>\n<script type=\"application\/ld+json\" class=\"yoast-schema-graph\">{\"@context\":\"https:\\\/\\\/schema.org\",\"@graph\":[{\"@type\":\"Article\",\"@id\":\"https:\\\/\\\/www.musikzeitung.ch\\\/rezensionen\\\/noten-rezensionen\\\/2025\\\/01\\\/rachmaninow#article\",\"isPartOf\":{\"@id\":\"https:\\\/\\\/www.musikzeitung.ch\\\/rezensionen\\\/noten-rezensionen\\\/2025\\\/01\\\/rachmaninow\"},\"author\":{\"name\":\"pia.schwab\",\"@id\":\"https:\\\/\\\/www.musikzeitung.ch\\\/#\\\/schema\\\/person\\\/ea3d7b86bd7157c78c7ddd37f2f82b5b\"},\"headline\":\"Konzert f\u00fcr einen Elefanten\",\"datePublished\":\"2025-01-30T14:55:20+00:00\",\"dateModified\":\"2025-02-03T08:00:09+00:00\",\"mainEntityOfPage\":{\"@id\":\"https:\\\/\\\/www.musikzeitung.ch\\\/rezensionen\\\/noten-rezensionen\\\/2025\\\/01\\\/rachmaninow\"},\"wordCount\":488,\"publisher\":{\"@id\":\"https:\\\/\\\/www.musikzeitung.ch\\\/#organization\"},\"image\":{\"@id\":\"https:\\\/\\\/www.musikzeitung.ch\\\/rezensionen\\\/noten-rezensionen\\\/2025\\\/01\\\/rachmaninow#primaryimage\"},\"thumbnailUrl\":\"https:\\\/\\\/www.musikzeitung.ch\\\/wp-content\\\/uploads\\\/2025\\\/01\\\/Rachmaninoff_proofing.jpg\",\"keywords\":[\"Klavierkonzert\",\"Sergei Rachmaninow\"],\"articleSection\":[\"Noten\",\"Rezensionen\"],\"inLanguage\":\"en-US\"},{\"@type\":\"WebPage\",\"@id\":\"https:\\\/\\\/www.musikzeitung.ch\\\/rezensionen\\\/noten-rezensionen\\\/2025\\\/01\\\/rachmaninow\",\"url\":\"https:\\\/\\\/www.musikzeitung.ch\\\/rezensionen\\\/noten-rezensionen\\\/2025\\\/01\\\/rachmaninow\",\"name\":\"Konzert f\u00fcr einen Elefanten - Schweizer Musikzeitung\",\"isPartOf\":{\"@id\":\"https:\\\/\\\/www.musikzeitung.ch\\\/#website\"},\"primaryImageOfPage\":{\"@id\":\"https:\\\/\\\/www.musikzeitung.ch\\\/rezensionen\\\/noten-rezensionen\\\/2025\\\/01\\\/rachmaninow#primaryimage\"},\"image\":{\"@id\":\"https:\\\/\\\/www.musikzeitung.ch\\\/rezensionen\\\/noten-rezensionen\\\/2025\\\/01\\\/rachmaninow#primaryimage\"},\"thumbnailUrl\":\"https:\\\/\\\/www.musikzeitung.ch\\\/wp-content\\\/uploads\\\/2025\\\/01\\\/Rachmaninoff_proofing.jpg\",\"datePublished\":\"2025-01-30T14:55:20+00:00\",\"dateModified\":\"2025-02-03T08:00:09+00:00\",\"description\":\"Rachmaninows Klavierkonzert Nr. 3 zeigt ein kunstvolles Beziehungsgeflecht von Themen und Melodien, und es stellt h\u00f6chste Anforderungen an die Ausf\u00fchrenden.\",\"breadcrumb\":{\"@id\":\"https:\\\/\\\/www.musikzeitung.ch\\\/rezensionen\\\/noten-rezensionen\\\/2025\\\/01\\\/rachmaninow#breadcrumb\"},\"inLanguage\":\"en-US\",\"potentialAction\":[{\"@type\":\"ReadAction\",\"target\":[\"https:\\\/\\\/www.musikzeitung.ch\\\/rezensionen\\\/noten-rezensionen\\\/2025\\\/01\\\/rachmaninow\"]}]},{\"@type\":\"ImageObject\",\"inLanguage\":\"en-US\",\"@id\":\"https:\\\/\\\/www.musikzeitung.ch\\\/rezensionen\\\/noten-rezensionen\\\/2025\\\/01\\\/rachmaninow#primaryimage\",\"url\":\"https:\\\/\\\/www.musikzeitung.ch\\\/wp-content\\\/uploads\\\/2025\\\/01\\\/Rachmaninoff_proofing.jpg\",\"contentUrl\":\"https:\\\/\\\/www.musikzeitung.ch\\\/wp-content\\\/uploads\\\/2025\\\/01\\\/Rachmaninoff_proofing.jpg\",\"width\":586,\"height\":473},{\"@type\":\"BreadcrumbList\",\"@id\":\"https:\\\/\\\/www.musikzeitung.ch\\\/rezensionen\\\/noten-rezensionen\\\/2025\\\/01\\\/rachmaninow#breadcrumb\",\"itemListElement\":[{\"@type\":\"ListItem\",\"position\":1,\"name\":\"Home\",\"item\":\"https:\\\/\\\/www.musikzeitung.ch\\\/\"},{\"@type\":\"ListItem\",\"position\":2,\"name\":\"Konzert f\u00fcr einen Elefanten\"}]},{\"@type\":\"WebSite\",\"@id\":\"https:\\\/\\\/www.musikzeitung.ch\\\/#website\",\"url\":\"https:\\\/\\\/www.musikzeitung.ch\\\/\",\"name\":\"Schweizer Musikzeitung\",\"description\":\"Die f\u00fchrende sparten\u00fcbergreifende Monatszeitung in der Schweiz f\u00fcr musikalische Fragen.\",\"publisher\":{\"@id\":\"https:\\\/\\\/www.musikzeitung.ch\\\/#organization\"},\"potentialAction\":[{\"@type\":\"SearchAction\",\"target\":{\"@type\":\"EntryPoint\",\"urlTemplate\":\"https:\\\/\\\/www.musikzeitung.ch\\\/?s={search_term_string}\"},\"query-input\":{\"@type\":\"PropertyValueSpecification\",\"valueRequired\":true,\"valueName\":\"search_term_string\"}}],\"inLanguage\":\"en-US\"},{\"@type\":\"Organization\",\"@id\":\"https:\\\/\\\/www.musikzeitung.ch\\\/#organization\",\"name\":\"Schweizer Musikzeitung\",\"url\":\"https:\\\/\\\/www.musikzeitung.ch\\\/\",\"logo\":{\"@type\":\"ImageObject\",\"inLanguage\":\"en-US\",\"@id\":\"https:\\\/\\\/www.musikzeitung.ch\\\/#\\\/schema\\\/logo\\\/image\\\/\",\"url\":\"https:\\\/\\\/www.musikzeitung.ch\\\/wp-content\\\/uploads\\\/2023\\\/01\\\/SMZ_Schriftzug_Sprache.png\",\"contentUrl\":\"https:\\\/\\\/www.musikzeitung.ch\\\/wp-content\\\/uploads\\\/2023\\\/01\\\/SMZ_Schriftzug_Sprache.png\",\"width\":1400,\"height\":279,\"caption\":\"Schweizer Musikzeitung\"},\"image\":{\"@id\":\"https:\\\/\\\/www.musikzeitung.ch\\\/#\\\/schema\\\/logo\\\/image\\\/\"},\"sameAs\":[\"https:\\\/\\\/www.facebook.com\\\/SchweizerMusikzeitung\\\/\",\"https:\\\/\\\/x.com\\\/smusikzeitung\",\"https:\\\/\\\/www.instagram.com\\\/musikzeitung.ch\\\/\"]},{\"@type\":\"Person\",\"@id\":\"https:\\\/\\\/www.musikzeitung.ch\\\/#\\\/schema\\\/person\\\/ea3d7b86bd7157c78c7ddd37f2f82b5b\",\"name\":\"pia.schwab\",\"image\":{\"@type\":\"ImageObject\",\"inLanguage\":\"en-US\",\"@id\":\"https:\\\/\\\/secure.gravatar.com\\\/avatar\\\/d39d170de4c2d07e897fbc26cf9d890fc046285c742207b86d8ebabe5fcde2c4?s=96&d=mm&r=g\",\"url\":\"https:\\\/\\\/secure.gravatar.com\\\/avatar\\\/d39d170de4c2d07e897fbc26cf9d890fc046285c742207b86d8ebabe5fcde2c4?s=96&d=mm&r=g\",\"contentUrl\":\"https:\\\/\\\/secure.gravatar.com\\\/avatar\\\/d39d170de4c2d07e897fbc26cf9d890fc046285c742207b86d8ebabe5fcde2c4?s=96&d=mm&r=g\",\"caption\":\"pia.schwab\"},\"url\":\"https:\\\/\\\/www.musikzeitung.ch\\\/en\\\/author\\\/pia-schwab\"}]}<\/script>\n<!-- \/ Yoast SEO plugin. -->","yoast_head_json":{"title":"Concerto for an elephant - Schweizer Musikzeitung","description":"Rachmaninov's Piano Concerto No. 3 displays an artful interweaving of themes and melodies, and it places the highest demands on the performers.","robots":{"index":"index","follow":"follow","max-snippet":"max-snippet:-1","max-image-preview":"max-image-preview:large","max-video-preview":"max-video-preview:-1"},"canonical":"https:\/\/www.musikzeitung.ch\/en\/rezensionen\/noten-rezensionen\/2025\/01\/rachmaninow\/","og_locale":"en_US","og_type":"article","og_title":"Konzert f\u00fcr einen Elefanten - Schweizer Musikzeitung","og_description":"Rachmaninows Klavierkonzert Nr. 3 zeigt ein kunstvolles Beziehungsgeflecht von Themen und Melodien, und es stellt h\u00f6chste Anforderungen an die Ausf\u00fchrenden.","og_url":"https:\/\/www.musikzeitung.ch\/en\/rezensionen\/noten-rezensionen\/2025\/01\/rachmaninow\/","og_site_name":"Schweizer Musikzeitung","article_publisher":"https:\/\/www.facebook.com\/SchweizerMusikzeitung\/","article_published_time":"2025-01-30T14:55:20+00:00","article_modified_time":"2025-02-03T08:00:09+00:00","og_image":[{"width":586,"height":473,"url":"https:\/\/www.musikzeitung.ch\/wp-content\/uploads\/2025\/01\/Rachmaninoff_proofing.jpg","type":"image\/jpeg"}],"author":"pia.schwab","twitter_card":"summary_large_image","twitter_creator":"@smusikzeitung","twitter_site":"@smusikzeitung","twitter_misc":{"Written by":"pia.schwab","Est. reading time":"4 minutes"},"schema":{"@context":"https:\/\/schema.org","@graph":[{"@type":"Article","@id":"https:\/\/www.musikzeitung.ch\/rezensionen\/noten-rezensionen\/2025\/01\/rachmaninow#article","isPartOf":{"@id":"https:\/\/www.musikzeitung.ch\/rezensionen\/noten-rezensionen\/2025\/01\/rachmaninow"},"author":{"name":"pia.schwab","@id":"https:\/\/www.musikzeitung.ch\/#\/schema\/person\/ea3d7b86bd7157c78c7ddd37f2f82b5b"},"headline":"Konzert f\u00fcr einen Elefanten","datePublished":"2025-01-30T14:55:20+00:00","dateModified":"2025-02-03T08:00:09+00:00","mainEntityOfPage":{"@id":"https:\/\/www.musikzeitung.ch\/rezensionen\/noten-rezensionen\/2025\/01\/rachmaninow"},"wordCount":488,"publisher":{"@id":"https:\/\/www.musikzeitung.ch\/#organization"},"image":{"@id":"https:\/\/www.musikzeitung.ch\/rezensionen\/noten-rezensionen\/2025\/01\/rachmaninow#primaryimage"},"thumbnailUrl":"https:\/\/www.musikzeitung.ch\/wp-content\/uploads\/2025\/01\/Rachmaninoff_proofing.jpg","keywords":["Klavierkonzert","Sergei Rachmaninow"],"articleSection":["Noten","Rezensionen"],"inLanguage":"en-US"},{"@type":"WebPage","@id":"https:\/\/www.musikzeitung.ch\/rezensionen\/noten-rezensionen\/2025\/01\/rachmaninow","url":"https:\/\/www.musikzeitung.ch\/rezensionen\/noten-rezensionen\/2025\/01\/rachmaninow","name":"Concerto for an elephant - Schweizer Musikzeitung","isPartOf":{"@id":"https:\/\/www.musikzeitung.ch\/#website"},"primaryImageOfPage":{"@id":"https:\/\/www.musikzeitung.ch\/rezensionen\/noten-rezensionen\/2025\/01\/rachmaninow#primaryimage"},"image":{"@id":"https:\/\/www.musikzeitung.ch\/rezensionen\/noten-rezensionen\/2025\/01\/rachmaninow#primaryimage"},"thumbnailUrl":"https:\/\/www.musikzeitung.ch\/wp-content\/uploads\/2025\/01\/Rachmaninoff_proofing.jpg","datePublished":"2025-01-30T14:55:20+00:00","dateModified":"2025-02-03T08:00:09+00:00","description":"Rachmaninov's Piano Concerto No. 3 displays an artful interweaving of themes and melodies, and it places the highest demands on the performers.","breadcrumb":{"@id":"https:\/\/www.musikzeitung.ch\/rezensionen\/noten-rezensionen\/2025\/01\/rachmaninow#breadcrumb"},"inLanguage":"en-US","potentialAction":[{"@type":"ReadAction","target":["https:\/\/www.musikzeitung.ch\/rezensionen\/noten-rezensionen\/2025\/01\/rachmaninow"]}]},{"@type":"ImageObject","inLanguage":"en-US","@id":"https:\/\/www.musikzeitung.ch\/rezensionen\/noten-rezensionen\/2025\/01\/rachmaninow#primaryimage","url":"https:\/\/www.musikzeitung.ch\/wp-content\/uploads\/2025\/01\/Rachmaninoff_proofing.jpg","contentUrl":"https:\/\/www.musikzeitung.ch\/wp-content\/uploads\/2025\/01\/Rachmaninoff_proofing.jpg","width":586,"height":473},{"@type":"BreadcrumbList","@id":"https:\/\/www.musikzeitung.ch\/rezensionen\/noten-rezensionen\/2025\/01\/rachmaninow#breadcrumb","itemListElement":[{"@type":"ListItem","position":1,"name":"Home","item":"https:\/\/www.musikzeitung.ch\/"},{"@type":"ListItem","position":2,"name":"Konzert f\u00fcr einen Elefanten"}]},{"@type":"WebSite","@id":"https:\/\/www.musikzeitung.ch\/#website","url":"https:\/\/www.musikzeitung.ch\/","name":"Swiss Music Newspaper","description":"The leading interdisciplinary monthly newspaper in Switzerland for musical issues.","publisher":{"@id":"https:\/\/www.musikzeitung.ch\/#organization"},"potentialAction":[{"@type":"SearchAction","target":{"@type":"EntryPoint","urlTemplate":"https:\/\/www.musikzeitung.ch\/?s={search_term_string}"},"query-input":{"@type":"PropertyValueSpecification","valueRequired":true,"valueName":"search_term_string"}}],"inLanguage":"en-US"},{"@type":"Organization","@id":"https:\/\/www.musikzeitung.ch\/#organization","name":"Swiss Music Newspaper","url":"https:\/\/www.musikzeitung.ch\/","logo":{"@type":"ImageObject","inLanguage":"en-US","@id":"https:\/\/www.musikzeitung.ch\/#\/schema\/logo\/image\/","url":"https:\/\/www.musikzeitung.ch\/wp-content\/uploads\/2023\/01\/SMZ_Schriftzug_Sprache.png","contentUrl":"https:\/\/www.musikzeitung.ch\/wp-content\/uploads\/2023\/01\/SMZ_Schriftzug_Sprache.png","width":1400,"height":279,"caption":"Schweizer Musikzeitung"},"image":{"@id":"https:\/\/www.musikzeitung.ch\/#\/schema\/logo\/image\/"},"sameAs":["https:\/\/www.facebook.com\/SchweizerMusikzeitung\/","https:\/\/x.com\/smusikzeitung","https:\/\/www.instagram.com\/musikzeitung.ch\/"]},{"@type":"Person","@id":"https:\/\/www.musikzeitung.ch\/#\/schema\/person\/ea3d7b86bd7157c78c7ddd37f2f82b5b","name":"pia.schwab","image":{"@type":"ImageObject","inLanguage":"en-US","@id":"https:\/\/secure.gravatar.com\/avatar\/d39d170de4c2d07e897fbc26cf9d890fc046285c742207b86d8ebabe5fcde2c4?s=96&d=mm&r=g","url":"https:\/\/secure.gravatar.com\/avatar\/d39d170de4c2d07e897fbc26cf9d890fc046285c742207b86d8ebabe5fcde2c4?s=96&d=mm&r=g","contentUrl":"https:\/\/secure.gravatar.com\/avatar\/d39d170de4c2d07e897fbc26cf9d890fc046285c742207b86d8ebabe5fcde2c4?s=96&d=mm&r=g","caption":"pia.schwab"},"url":"https:\/\/www.musikzeitung.ch\/en\/author\/pia-schwab"}]}},"publishpress_future_workflow_manual_trigger":{"enabledWorkflows":[]},"_links":{"self":[{"href":"https:\/\/www.musikzeitung.ch\/en\/wp-json\/wp\/v2\/posts\/62143","targetHints":{"allow":["GET"]}}],"collection":[{"href":"https:\/\/www.musikzeitung.ch\/en\/wp-json\/wp\/v2\/posts"}],"about":[{"href":"https:\/\/www.musikzeitung.ch\/en\/wp-json\/wp\/v2\/types\/post"}],"author":[{"embeddable":true,"href":"https:\/\/www.musikzeitung.ch\/en\/wp-json\/wp\/v2\/users\/29"}],"replies":[{"embeddable":true,"href":"https:\/\/www.musikzeitung.ch\/en\/wp-json\/wp\/v2\/comments?post=62143"}],"version-history":[{"count":4,"href":"https:\/\/www.musikzeitung.ch\/en\/wp-json\/wp\/v2\/posts\/62143\/revisions"}],"predecessor-version":[{"id":62164,"href":"https:\/\/www.musikzeitung.ch\/en\/wp-json\/wp\/v2\/posts\/62143\/revisions\/62164"}],"wp:featuredmedia":[{"embeddable":true,"href":"https:\/\/www.musikzeitung.ch\/en\/wp-json\/wp\/v2\/media\/62146"}],"wp:attachment":[{"href":"https:\/\/www.musikzeitung.ch\/en\/wp-json\/wp\/v2\/media?parent=62143"}],"wp:term":[{"taxonomy":"category","embeddable":true,"href":"https:\/\/www.musikzeitung.ch\/en\/wp-json\/wp\/v2\/categories?post=62143"},{"taxonomy":"post_tag","embeddable":true,"href":"https:\/\/www.musikzeitung.ch\/en\/wp-json\/wp\/v2\/tags?post=62143"}],"curies":[{"name":"wp","href":"https:\/\/api.w.org\/{rel}","templated":true}]}}