{"id":62285,"date":"2025-02-03T08:44:39","date_gmt":"2025-02-03T07:44:39","guid":{"rendered":"https:\/\/www.musikzeitung.ch\/?p=62285"},"modified":"2025-02-03T09:06:13","modified_gmt":"2025-02-03T08:06:13","slug":"juergen-ellensohn-unterrichtet-in-muenchen","status":"publish","type":"post","link":"https:\/\/www.musikzeitung.ch\/en\/news\/2025\/02\/juergen-ellensohn-unterrichtet-in-muenchen","title":{"rendered":"J\u00fcrgen Ellensohn teaches in Munich"},"content":{"rendered":"<figure id=\"attachment_62286\" aria-describedby=\"caption-attachment-62286\" style=\"width: 906px\" class=\"wp-caption alignnone\"><img loading=\"lazy\" decoding=\"async\" class=\"size-full wp-image-62286\" src=\"https:\/\/www.musikzeitung.ch\/wp-content\/uploads\/2025\/02\/250203ellensohn.jpg\" alt=\"\" width=\"906\" height=\"654\" srcset=\"https:\/\/www.musikzeitung.ch\/wp-content\/uploads\/2025\/02\/250203ellensohn.jpg 906w, https:\/\/www.musikzeitung.ch\/wp-content\/uploads\/2025\/02\/250203ellensohn-300x217.jpg 300w, https:\/\/www.musikzeitung.ch\/wp-content\/uploads\/2025\/02\/250203ellensohn-768x554.jpg 768w, https:\/\/www.musikzeitung.ch\/wp-content\/uploads\/2025\/02\/250203ellensohn-18x12.jpg 18w, https:\/\/www.musikzeitung.ch\/wp-content\/uploads\/2025\/02\/250203ellensohn-242x175.jpg 242w, https:\/\/www.musikzeitung.ch\/wp-content\/uploads\/2025\/02\/250203ellensohn-485x350.jpg 485w\" sizes=\"auto, (max-width: 906px) 100vw, 906px\" \/><figcaption id=\"caption-attachment-62286\" class=\"wp-caption-text\">J\u00fcrgen Ellensohn (Image: Oliver Kendl)<\/figcaption><\/figure>\n<p>According to the HMTM, J\u00fcrgen Ellensohn has most recently held a professorship at the W\u00fcrzburg University of Music since 2019. He also taught as a professor at the Stella Vorarlberg Private University for Music (2022-2023) and at the Vorarlberg State Conservatory (2015-2019).<\/p>\n<p>J\u00fcrgen Ellensohn was principal trumpet with the Frankfurt Radio Symphony Orchestra (hr-Sinfonieorchester) for 15 years. He held the same position with the Bern Symphony Orchestra from 2003 to 2005. To this day, he is a guest in many orchestras, including the Berlin Philharmonic Orchestra, the Bavarian Radio Symphony Orchestra, the Munich Philharmonic Orchestra, the NDR Elbphilharmonie Orchestra and the Tonhalle Orchestra Zurich. He has also appeared as a soloist with numerous orchestras, working with conductors such as Kirill Petrenko, Andr\u00e9s Orozco-Estrada and Matthias Pintscher.<\/p>","protected":false},"excerpt":{"rendered":"<p>The University of Music and Performing Arts Munich (HMTM) has appointed J\u00fcrgen Ellensohn, former principal trumpet of the Bern Symphony Orchestra, as professor of trumpet. <\/p>","protected":false},"author":30,"featured_media":62286,"comment_status":"closed","ping_status":"closed","sticky":false,"template":"","format":"standard","meta":{"_acf_changed":false,"_relevanssi_hide_post":"","_relevanssi_hide_content":"","_relevanssi_pin_for_all":"","_relevanssi_pin_keywords":"","_relevanssi_unpin_keywords":"","_relevanssi_related_keywords":"","_relevanssi_related_include_ids":"","_relevanssi_related_exclude_ids":"","_relevanssi_related_no_append":"","_relevanssi_related_not_related":"","_relevanssi_related_posts":"","_relevanssi_noindex_reason":"","pgc_sgb_lightbox_settings":"","footnotes":""},"categories":[27],"tags":[2853,4729,4728],"class_list":["post-62285","post","type-post","status-publish","format-standard","has-post-thumbnail","hentry","category-news","tag-berner-symphonieorchester","tag-hmtm","tag-juergen-ellensohn"],"acf":[],"yoast_head":"<!-- This site is optimized with the Yoast SEO plugin v27.4 - https:\/\/yoast.com\/product\/yoast-seo-wordpress\/ -->\n<title>J\u00fcrgen Ellensohn unterrichtet in M\u00fcnchen - Schweizer Musikzeitung<\/title>\n<meta name=\"description\" content=\"Die Hochschule f\u00fcr Musik und Theater M\u00fcnchen beruft J\u00fcrgen Ellensohn, fr\u00fcher Solotrompeter des Berner Symphonieorchesters, zum Professor f\u00fcr Trompete.\" \/>\n<meta name=\"robots\" content=\"index, follow, max-snippet:-1, max-image-preview:large, max-video-preview:-1\" \/>\n<link rel=\"canonical\" href=\"https:\/\/www.musikzeitung.ch\/en\/news\/2025\/02\/juergen-ellensohn-unterrichtet-in-muenchen\/\" \/>\n<meta property=\"og:locale\" content=\"en_US\" \/>\n<meta property=\"og:type\" content=\"article\" \/>\n<meta property=\"og:title\" content=\"J\u00fcrgen Ellensohn unterrichtet in M\u00fcnchen - Schweizer Musikzeitung\" \/>\n<meta property=\"og:description\" content=\"Die Hochschule f\u00fcr Musik und Theater M\u00fcnchen beruft J\u00fcrgen Ellensohn, fr\u00fcher Solotrompeter des Berner Symphonieorchesters, zum Professor f\u00fcr Trompete.\" \/>\n<meta property=\"og:url\" content=\"https:\/\/www.musikzeitung.ch\/en\/news\/2025\/02\/juergen-ellensohn-unterrichtet-in-muenchen\/\" \/>\n<meta property=\"og:site_name\" content=\"Schweizer Musikzeitung\" \/>\n<meta property=\"article:publisher\" content=\"https:\/\/www.facebook.com\/SchweizerMusikzeitung\/\" \/>\n<meta property=\"article:author\" content=\"https:\/\/www.facebook.com\/wolfgang.bohler.75\" \/>\n<meta property=\"article:published_time\" content=\"2025-02-03T07:44:39+00:00\" \/>\n<meta property=\"article:modified_time\" content=\"2025-02-03T08:06:13+00:00\" \/>\n<meta property=\"og:image\" content=\"https:\/\/www.musikzeitung.ch\/wp-content\/uploads\/2025\/02\/250203ellensohn.jpg\" \/>\n\t<meta property=\"og:image:width\" content=\"906\" \/>\n\t<meta property=\"og:image:height\" content=\"654\" \/>\n\t<meta property=\"og:image:type\" content=\"image\/jpeg\" \/>\n<meta name=\"author\" content=\"Wolfgang B\u00f6hler\" \/>\n<meta name=\"twitter:card\" content=\"summary_large_image\" \/>\n<meta name=\"twitter:creator\" content=\"@smusikzeitung\" \/>\n<meta name=\"twitter:site\" content=\"@smusikzeitung\" \/>\n<meta name=\"twitter:label1\" content=\"Written by\" \/>\n\t<meta name=\"twitter:data1\" content=\"Wolfgang B\u00f6hler\" \/>\n\t<meta name=\"twitter:label2\" content=\"Est. reading time\" \/>\n\t<meta name=\"twitter:data2\" content=\"2 minutes\" \/>\n<script type=\"application\/ld+json\" class=\"yoast-schema-graph\">{\"@context\":\"https:\\\/\\\/schema.org\",\"@graph\":[{\"@type\":\"Article\",\"@id\":\"https:\\\/\\\/www.musikzeitung.ch\\\/news\\\/2025\\\/02\\\/juergen-ellensohn-unterrichtet-in-muenchen#article\",\"isPartOf\":{\"@id\":\"https:\\\/\\\/www.musikzeitung.ch\\\/news\\\/2025\\\/02\\\/juergen-ellensohn-unterrichtet-in-muenchen\"},\"author\":{\"name\":\"Wolfgang B\u00f6hler\",\"@id\":\"https:\\\/\\\/www.musikzeitung.ch\\\/#\\\/schema\\\/person\\\/0da4fb82d243f1252850a35d0e87cf0c\"},\"headline\":\"J\u00fcrgen Ellensohn unterrichtet in M\u00fcnchen\",\"datePublished\":\"2025-02-03T07:44:39+00:00\",\"dateModified\":\"2025-02-03T08:06:13+00:00\",\"mainEntityOfPage\":{\"@id\":\"https:\\\/\\\/www.musikzeitung.ch\\\/news\\\/2025\\\/02\\\/juergen-ellensohn-unterrichtet-in-muenchen\"},\"wordCount\":138,\"publisher\":{\"@id\":\"https:\\\/\\\/www.musikzeitung.ch\\\/#organization\"},\"image\":{\"@id\":\"https:\\\/\\\/www.musikzeitung.ch\\\/news\\\/2025\\\/02\\\/juergen-ellensohn-unterrichtet-in-muenchen#primaryimage\"},\"thumbnailUrl\":\"https:\\\/\\\/www.musikzeitung.ch\\\/wp-content\\\/uploads\\\/2025\\\/02\\\/250203ellensohn.jpg\",\"keywords\":[\"Berner Symphonieorchester\",\"HMTM\",\"J\u00fcrgen Ellensohn\"],\"articleSection\":[\"News\"],\"inLanguage\":\"en-US\"},{\"@type\":\"WebPage\",\"@id\":\"https:\\\/\\\/www.musikzeitung.ch\\\/news\\\/2025\\\/02\\\/juergen-ellensohn-unterrichtet-in-muenchen\",\"url\":\"https:\\\/\\\/www.musikzeitung.ch\\\/news\\\/2025\\\/02\\\/juergen-ellensohn-unterrichtet-in-muenchen\",\"name\":\"J\u00fcrgen Ellensohn unterrichtet in M\u00fcnchen - Schweizer Musikzeitung\",\"isPartOf\":{\"@id\":\"https:\\\/\\\/www.musikzeitung.ch\\\/#website\"},\"primaryImageOfPage\":{\"@id\":\"https:\\\/\\\/www.musikzeitung.ch\\\/news\\\/2025\\\/02\\\/juergen-ellensohn-unterrichtet-in-muenchen#primaryimage\"},\"image\":{\"@id\":\"https:\\\/\\\/www.musikzeitung.ch\\\/news\\\/2025\\\/02\\\/juergen-ellensohn-unterrichtet-in-muenchen#primaryimage\"},\"thumbnailUrl\":\"https:\\\/\\\/www.musikzeitung.ch\\\/wp-content\\\/uploads\\\/2025\\\/02\\\/250203ellensohn.jpg\",\"datePublished\":\"2025-02-03T07:44:39+00:00\",\"dateModified\":\"2025-02-03T08:06:13+00:00\",\"description\":\"Die Hochschule f\u00fcr Musik und Theater M\u00fcnchen beruft J\u00fcrgen Ellensohn, fr\u00fcher Solotrompeter des Berner Symphonieorchesters, zum Professor f\u00fcr Trompete.\",\"breadcrumb\":{\"@id\":\"https:\\\/\\\/www.musikzeitung.ch\\\/news\\\/2025\\\/02\\\/juergen-ellensohn-unterrichtet-in-muenchen#breadcrumb\"},\"inLanguage\":\"en-US\",\"potentialAction\":[{\"@type\":\"ReadAction\",\"target\":[\"https:\\\/\\\/www.musikzeitung.ch\\\/news\\\/2025\\\/02\\\/juergen-ellensohn-unterrichtet-in-muenchen\"]}]},{\"@type\":\"ImageObject\",\"inLanguage\":\"en-US\",\"@id\":\"https:\\\/\\\/www.musikzeitung.ch\\\/news\\\/2025\\\/02\\\/juergen-ellensohn-unterrichtet-in-muenchen#primaryimage\",\"url\":\"https:\\\/\\\/www.musikzeitung.ch\\\/wp-content\\\/uploads\\\/2025\\\/02\\\/250203ellensohn.jpg\",\"contentUrl\":\"https:\\\/\\\/www.musikzeitung.ch\\\/wp-content\\\/uploads\\\/2025\\\/02\\\/250203ellensohn.jpg\",\"width\":906,\"height\":654,\"caption\":\"J\u00fcrgen Ellensohn (Bild: Oliver Kendl)\"},{\"@type\":\"BreadcrumbList\",\"@id\":\"https:\\\/\\\/www.musikzeitung.ch\\\/news\\\/2025\\\/02\\\/juergen-ellensohn-unterrichtet-in-muenchen#breadcrumb\",\"itemListElement\":[{\"@type\":\"ListItem\",\"position\":1,\"name\":\"Home\",\"item\":\"https:\\\/\\\/www.musikzeitung.ch\\\/\"},{\"@type\":\"ListItem\",\"position\":2,\"name\":\"J\u00fcrgen Ellensohn unterrichtet in M\u00fcnchen\"}]},{\"@type\":\"WebSite\",\"@id\":\"https:\\\/\\\/www.musikzeitung.ch\\\/#website\",\"url\":\"https:\\\/\\\/www.musikzeitung.ch\\\/\",\"name\":\"Schweizer Musikzeitung\",\"description\":\"Die f\u00fchrende sparten\u00fcbergreifende Monatszeitung in der Schweiz f\u00fcr musikalische Fragen.\",\"publisher\":{\"@id\":\"https:\\\/\\\/www.musikzeitung.ch\\\/#organization\"},\"potentialAction\":[{\"@type\":\"SearchAction\",\"target\":{\"@type\":\"EntryPoint\",\"urlTemplate\":\"https:\\\/\\\/www.musikzeitung.ch\\\/?s={search_term_string}\"},\"query-input\":{\"@type\":\"PropertyValueSpecification\",\"valueRequired\":true,\"valueName\":\"search_term_string\"}}],\"inLanguage\":\"en-US\"},{\"@type\":\"Organization\",\"@id\":\"https:\\\/\\\/www.musikzeitung.ch\\\/#organization\",\"name\":\"Schweizer Musikzeitung\",\"url\":\"https:\\\/\\\/www.musikzeitung.ch\\\/\",\"logo\":{\"@type\":\"ImageObject\",\"inLanguage\":\"en-US\",\"@id\":\"https:\\\/\\\/www.musikzeitung.ch\\\/#\\\/schema\\\/logo\\\/image\\\/\",\"url\":\"https:\\\/\\\/www.musikzeitung.ch\\\/wp-content\\\/uploads\\\/2023\\\/01\\\/SMZ_Schriftzug_Sprache.png\",\"contentUrl\":\"https:\\\/\\\/www.musikzeitung.ch\\\/wp-content\\\/uploads\\\/2023\\\/01\\\/SMZ_Schriftzug_Sprache.png\",\"width\":1400,\"height\":279,\"caption\":\"Schweizer Musikzeitung\"},\"image\":{\"@id\":\"https:\\\/\\\/www.musikzeitung.ch\\\/#\\\/schema\\\/logo\\\/image\\\/\"},\"sameAs\":[\"https:\\\/\\\/www.facebook.com\\\/SchweizerMusikzeitung\\\/\",\"https:\\\/\\\/x.com\\\/smusikzeitung\",\"https:\\\/\\\/www.instagram.com\\\/musikzeitung.ch\\\/\"]},{\"@type\":\"Person\",\"@id\":\"https:\\\/\\\/www.musikzeitung.ch\\\/#\\\/schema\\\/person\\\/0da4fb82d243f1252850a35d0e87cf0c\",\"name\":\"Wolfgang B\u00f6hler\",\"image\":{\"@type\":\"ImageObject\",\"inLanguage\":\"en-US\",\"@id\":\"https:\\\/\\\/www.musikzeitung.ch\\\/wp-content\\\/uploads\\\/2023\\\/01\\\/boehler_portraet_web-e1674139782246-96x96.jpg\",\"url\":\"https:\\\/\\\/www.musikzeitung.ch\\\/wp-content\\\/uploads\\\/2023\\\/01\\\/boehler_portraet_web-e1674139782246-96x96.jpg\",\"contentUrl\":\"https:\\\/\\\/www.musikzeitung.ch\\\/wp-content\\\/uploads\\\/2023\\\/01\\\/boehler_portraet_web-e1674139782246-96x96.jpg\",\"caption\":\"Wolfgang B\u00f6hler\"},\"sameAs\":[\"http:\\\/\\\/www.manacanto.ch\",\"https:\\\/\\\/www.facebook.com\\\/wolfgang.bohler.75\"],\"url\":\"https:\\\/\\\/www.musikzeitung.ch\\\/en\\\/author\\\/wolfgang-boehler\"}]}<\/script>\n<!-- \/ Yoast SEO plugin. -->","yoast_head_json":{"title":"J\u00fcrgen Ellensohn unterrichtet in M\u00fcnchen - Schweizer Musikzeitung","description":"Die Hochschule f\u00fcr Musik und Theater M\u00fcnchen beruft J\u00fcrgen Ellensohn, fr\u00fcher Solotrompeter des Berner Symphonieorchesters, zum Professor f\u00fcr Trompete.","robots":{"index":"index","follow":"follow","max-snippet":"max-snippet:-1","max-image-preview":"max-image-preview:large","max-video-preview":"max-video-preview:-1"},"canonical":"https:\/\/www.musikzeitung.ch\/en\/news\/2025\/02\/juergen-ellensohn-unterrichtet-in-muenchen\/","og_locale":"en_US","og_type":"article","og_title":"J\u00fcrgen Ellensohn unterrichtet in M\u00fcnchen - Schweizer Musikzeitung","og_description":"Die Hochschule f\u00fcr Musik und Theater M\u00fcnchen beruft J\u00fcrgen Ellensohn, fr\u00fcher Solotrompeter des Berner Symphonieorchesters, zum Professor f\u00fcr Trompete.","og_url":"https:\/\/www.musikzeitung.ch\/en\/news\/2025\/02\/juergen-ellensohn-unterrichtet-in-muenchen\/","og_site_name":"Schweizer Musikzeitung","article_publisher":"https:\/\/www.facebook.com\/SchweizerMusikzeitung\/","article_author":"https:\/\/www.facebook.com\/wolfgang.bohler.75","article_published_time":"2025-02-03T07:44:39+00:00","article_modified_time":"2025-02-03T08:06:13+00:00","og_image":[{"width":906,"height":654,"url":"https:\/\/www.musikzeitung.ch\/wp-content\/uploads\/2025\/02\/250203ellensohn.jpg","type":"image\/jpeg"}],"author":"Wolfgang B\u00f6hler","twitter_card":"summary_large_image","twitter_creator":"@smusikzeitung","twitter_site":"@smusikzeitung","twitter_misc":{"Written by":"Wolfgang B\u00f6hler","Est. reading time":"2 minutes"},"schema":{"@context":"https:\/\/schema.org","@graph":[{"@type":"Article","@id":"https:\/\/www.musikzeitung.ch\/news\/2025\/02\/juergen-ellensohn-unterrichtet-in-muenchen#article","isPartOf":{"@id":"https:\/\/www.musikzeitung.ch\/news\/2025\/02\/juergen-ellensohn-unterrichtet-in-muenchen"},"author":{"name":"Wolfgang B\u00f6hler","@id":"https:\/\/www.musikzeitung.ch\/#\/schema\/person\/0da4fb82d243f1252850a35d0e87cf0c"},"headline":"J\u00fcrgen Ellensohn unterrichtet in M\u00fcnchen","datePublished":"2025-02-03T07:44:39+00:00","dateModified":"2025-02-03T08:06:13+00:00","mainEntityOfPage":{"@id":"https:\/\/www.musikzeitung.ch\/news\/2025\/02\/juergen-ellensohn-unterrichtet-in-muenchen"},"wordCount":138,"publisher":{"@id":"https:\/\/www.musikzeitung.ch\/#organization"},"image":{"@id":"https:\/\/www.musikzeitung.ch\/news\/2025\/02\/juergen-ellensohn-unterrichtet-in-muenchen#primaryimage"},"thumbnailUrl":"https:\/\/www.musikzeitung.ch\/wp-content\/uploads\/2025\/02\/250203ellensohn.jpg","keywords":["Berner Symphonieorchester","HMTM","J\u00fcrgen Ellensohn"],"articleSection":["News"],"inLanguage":"en-US"},{"@type":"WebPage","@id":"https:\/\/www.musikzeitung.ch\/news\/2025\/02\/juergen-ellensohn-unterrichtet-in-muenchen","url":"https:\/\/www.musikzeitung.ch\/news\/2025\/02\/juergen-ellensohn-unterrichtet-in-muenchen","name":"J\u00fcrgen Ellensohn unterrichtet in M\u00fcnchen - Schweizer Musikzeitung","isPartOf":{"@id":"https:\/\/www.musikzeitung.ch\/#website"},"primaryImageOfPage":{"@id":"https:\/\/www.musikzeitung.ch\/news\/2025\/02\/juergen-ellensohn-unterrichtet-in-muenchen#primaryimage"},"image":{"@id":"https:\/\/www.musikzeitung.ch\/news\/2025\/02\/juergen-ellensohn-unterrichtet-in-muenchen#primaryimage"},"thumbnailUrl":"https:\/\/www.musikzeitung.ch\/wp-content\/uploads\/2025\/02\/250203ellensohn.jpg","datePublished":"2025-02-03T07:44:39+00:00","dateModified":"2025-02-03T08:06:13+00:00","description":"Die Hochschule f\u00fcr Musik und Theater M\u00fcnchen beruft J\u00fcrgen Ellensohn, fr\u00fcher Solotrompeter des Berner Symphonieorchesters, zum Professor f\u00fcr Trompete.","breadcrumb":{"@id":"https:\/\/www.musikzeitung.ch\/news\/2025\/02\/juergen-ellensohn-unterrichtet-in-muenchen#breadcrumb"},"inLanguage":"en-US","potentialAction":[{"@type":"ReadAction","target":["https:\/\/www.musikzeitung.ch\/news\/2025\/02\/juergen-ellensohn-unterrichtet-in-muenchen"]}]},{"@type":"ImageObject","inLanguage":"en-US","@id":"https:\/\/www.musikzeitung.ch\/news\/2025\/02\/juergen-ellensohn-unterrichtet-in-muenchen#primaryimage","url":"https:\/\/www.musikzeitung.ch\/wp-content\/uploads\/2025\/02\/250203ellensohn.jpg","contentUrl":"https:\/\/www.musikzeitung.ch\/wp-content\/uploads\/2025\/02\/250203ellensohn.jpg","width":906,"height":654,"caption":"J\u00fcrgen Ellensohn (Bild: Oliver Kendl)"},{"@type":"BreadcrumbList","@id":"https:\/\/www.musikzeitung.ch\/news\/2025\/02\/juergen-ellensohn-unterrichtet-in-muenchen#breadcrumb","itemListElement":[{"@type":"ListItem","position":1,"name":"Home","item":"https:\/\/www.musikzeitung.ch\/"},{"@type":"ListItem","position":2,"name":"J\u00fcrgen Ellensohn unterrichtet in M\u00fcnchen"}]},{"@type":"WebSite","@id":"https:\/\/www.musikzeitung.ch\/#website","url":"https:\/\/www.musikzeitung.ch\/","name":"Swiss Music Newspaper","description":"The leading interdisciplinary monthly newspaper in Switzerland for musical issues.","publisher":{"@id":"https:\/\/www.musikzeitung.ch\/#organization"},"potentialAction":[{"@type":"SearchAction","target":{"@type":"EntryPoint","urlTemplate":"https:\/\/www.musikzeitung.ch\/?s={search_term_string}"},"query-input":{"@type":"PropertyValueSpecification","valueRequired":true,"valueName":"search_term_string"}}],"inLanguage":"en-US"},{"@type":"Organization","@id":"https:\/\/www.musikzeitung.ch\/#organization","name":"Swiss Music Newspaper","url":"https:\/\/www.musikzeitung.ch\/","logo":{"@type":"ImageObject","inLanguage":"en-US","@id":"https:\/\/www.musikzeitung.ch\/#\/schema\/logo\/image\/","url":"https:\/\/www.musikzeitung.ch\/wp-content\/uploads\/2023\/01\/SMZ_Schriftzug_Sprache.png","contentUrl":"https:\/\/www.musikzeitung.ch\/wp-content\/uploads\/2023\/01\/SMZ_Schriftzug_Sprache.png","width":1400,"height":279,"caption":"Schweizer Musikzeitung"},"image":{"@id":"https:\/\/www.musikzeitung.ch\/#\/schema\/logo\/image\/"},"sameAs":["https:\/\/www.facebook.com\/SchweizerMusikzeitung\/","https:\/\/x.com\/smusikzeitung","https:\/\/www.instagram.com\/musikzeitung.ch\/"]},{"@type":"Person","@id":"https:\/\/www.musikzeitung.ch\/#\/schema\/person\/0da4fb82d243f1252850a35d0e87cf0c","name":"Wolfgang B\u00f6hler","image":{"@type":"ImageObject","inLanguage":"en-US","@id":"https:\/\/www.musikzeitung.ch\/wp-content\/uploads\/2023\/01\/boehler_portraet_web-e1674139782246-96x96.jpg","url":"https:\/\/www.musikzeitung.ch\/wp-content\/uploads\/2023\/01\/boehler_portraet_web-e1674139782246-96x96.jpg","contentUrl":"https:\/\/www.musikzeitung.ch\/wp-content\/uploads\/2023\/01\/boehler_portraet_web-e1674139782246-96x96.jpg","caption":"Wolfgang B\u00f6hler"},"sameAs":["http:\/\/www.manacanto.ch","https:\/\/www.facebook.com\/wolfgang.bohler.75"],"url":"https:\/\/www.musikzeitung.ch\/en\/author\/wolfgang-boehler"}]}},"publishpress_future_workflow_manual_trigger":{"enabledWorkflows":[]},"_links":{"self":[{"href":"https:\/\/www.musikzeitung.ch\/en\/wp-json\/wp\/v2\/posts\/62285","targetHints":{"allow":["GET"]}}],"collection":[{"href":"https:\/\/www.musikzeitung.ch\/en\/wp-json\/wp\/v2\/posts"}],"about":[{"href":"https:\/\/www.musikzeitung.ch\/en\/wp-json\/wp\/v2\/types\/post"}],"author":[{"embeddable":true,"href":"https:\/\/www.musikzeitung.ch\/en\/wp-json\/wp\/v2\/users\/30"}],"replies":[{"embeddable":true,"href":"https:\/\/www.musikzeitung.ch\/en\/wp-json\/wp\/v2\/comments?post=62285"}],"version-history":[{"count":3,"href":"https:\/\/www.musikzeitung.ch\/en\/wp-json\/wp\/v2\/posts\/62285\/revisions"}],"predecessor-version":[{"id":62289,"href":"https:\/\/www.musikzeitung.ch\/en\/wp-json\/wp\/v2\/posts\/62285\/revisions\/62289"}],"wp:featuredmedia":[{"embeddable":true,"href":"https:\/\/www.musikzeitung.ch\/en\/wp-json\/wp\/v2\/media\/62286"}],"wp:attachment":[{"href":"https:\/\/www.musikzeitung.ch\/en\/wp-json\/wp\/v2\/media?parent=62285"}],"wp:term":[{"taxonomy":"category","embeddable":true,"href":"https:\/\/www.musikzeitung.ch\/en\/wp-json\/wp\/v2\/categories?post=62285"},{"taxonomy":"post_tag","embeddable":true,"href":"https:\/\/www.musikzeitung.ch\/en\/wp-json\/wp\/v2\/tags?post=62285"}],"curies":[{"name":"wp","href":"https:\/\/api.w.org\/{rel}","templated":true}]}}