{"id":62741,"date":"2025-02-13T06:48:19","date_gmt":"2025-02-13T05:48:19","guid":{"rendered":"https:\/\/www.musikzeitung.ch\/?p=62741"},"modified":"2025-02-13T09:18:39","modified_gmt":"2025-02-13T08:18:39","slug":"konzertmarkt-in-deutschland-stabil","status":"publish","type":"post","link":"https:\/\/www.musikzeitung.ch\/en\/news\/2025\/02\/konzertmarkt-in-deutschland-stabil","title":{"rendered":"Stable concert market in Germany"},"content":{"rendered":"<figure id=\"attachment_51556\" aria-describedby=\"caption-attachment-51556\" style=\"width: 991px\" class=\"wp-caption alignnone\"><img loading=\"lazy\" decoding=\"async\" class=\"size-full wp-image-51556\" src=\"https:\/\/www.musikzeitung.ch\/wp-content\/uploads\/2024\/01\/240129orchester.jpg\" alt=\"\" width=\"991\" height=\"575\" srcset=\"https:\/\/www.musikzeitung.ch\/wp-content\/uploads\/2024\/01\/240129orchester.jpg 991w, https:\/\/www.musikzeitung.ch\/wp-content\/uploads\/2024\/01\/240129orchester-300x174.jpg 300w, https:\/\/www.musikzeitung.ch\/wp-content\/uploads\/2024\/01\/240129orchester-768x446.jpg 768w, https:\/\/www.musikzeitung.ch\/wp-content\/uploads\/2024\/01\/240129orchester-302x175.jpg 302w, https:\/\/www.musikzeitung.ch\/wp-content\/uploads\/2024\/01\/240129orchester-603x350.jpg 603w, https:\/\/www.musikzeitung.ch\/wp-content\/uploads\/2024\/01\/240129orchester-920x534.jpg 920w\" sizes=\"auto, (max-width: 991px) 100vw, 991px\" \/><figcaption id=\"caption-attachment-51556\" class=\"wp-caption-text\">G\u00f6ttingen Symphony Orchestra (Image: Wikimedia\/Jean11)<\/figcaption><\/figure>\n<p>With 15 percent more regular symphony and choir concerts, the orchestras are focusing more on their core business and stabilizing their own income, according to unisono. Chamber music, education programs and concerts abroad were reduced. These are the key findings of the first nationwide concert survey since the coronavirus pandemic.<\/p>\n<p>The figures show that the orchestras and radio orchestras are once again running smoothly, in many places with pleasingly high capacity utilization, explains unisono Managing Director Gerald Mertens. However, increasing financial cuts in public funding are causing concern. If concert halls, operas and orchestras had to cancel their own productions and festivals, this would be counterproductive for healthy artistic development and for attracting more audiences.<\/p>\n<p>Founded in 1952, unisono (until October 2022 the German Orchestra Association, DOV for short) is the professional association and trade union for musicians in municipal, state and regional orchestras, radio orchestras, big bands and for radio choir singers, freelance musicians as well as lecturers and students at music academies.<\/p>","protected":false},"excerpt":{"rendered":"<p>German professional orchestras and choirs performed around 15,000 concerts and events in 2023\/24. This figure is only just below pre-corona levels. <\/p>","protected":false},"author":30,"featured_media":51556,"comment_status":"closed","ping_status":"closed","sticky":false,"template":"","format":"standard","meta":{"_acf_changed":false,"_relevanssi_hide_post":"","_relevanssi_hide_content":"","_relevanssi_pin_for_all":"","_relevanssi_pin_keywords":"","_relevanssi_unpin_keywords":"","_relevanssi_related_keywords":"","_relevanssi_related_include_ids":"","_relevanssi_related_exclude_ids":"","_relevanssi_related_no_append":"","_relevanssi_related_not_related":"","_relevanssi_related_posts":"","_relevanssi_noindex_reason":"","pgc_sgb_lightbox_settings":"","footnotes":""},"categories":[27],"tags":[4739,2755],"class_list":["post-62741","post","type-post","status-publish","format-standard","has-post-thumbnail","hentry","category-news","tag-konzertstatistik","tag-unisono"],"acf":[],"yoast_head":"<!-- This site is optimized with the Yoast SEO plugin v27.4 - https:\/\/yoast.com\/product\/yoast-seo-wordpress\/ -->\n<title>Konzertmarkt in Deutschland stabil - Schweizer Musikzeitung<\/title>\n<meta name=\"description\" content=\"Die deutschen Berufsorchester und -ch\u00f6re haben 2023\/24 rund 15&#039;000 Konzerte und Veranstaltungen durchgef\u00fchrt und sind damit fast auf Vor-Corona-Niveau.\" \/>\n<meta name=\"robots\" content=\"index, follow, max-snippet:-1, max-image-preview:large, max-video-preview:-1\" \/>\n<link rel=\"canonical\" href=\"https:\/\/www.musikzeitung.ch\/en\/news\/2025\/02\/konzertmarkt-in-deutschland-stabil\/\" \/>\n<meta property=\"og:locale\" content=\"en_US\" \/>\n<meta property=\"og:type\" content=\"article\" \/>\n<meta property=\"og:title\" content=\"Konzertmarkt in Deutschland stabil - Schweizer Musikzeitung\" \/>\n<meta property=\"og:description\" content=\"Die deutschen Berufsorchester und -ch\u00f6re haben 2023\/24 rund 15&#039;000 Konzerte und Veranstaltungen durchgef\u00fchrt und sind damit fast auf Vor-Corona-Niveau.\" \/>\n<meta property=\"og:url\" content=\"https:\/\/www.musikzeitung.ch\/en\/news\/2025\/02\/konzertmarkt-in-deutschland-stabil\/\" \/>\n<meta property=\"og:site_name\" content=\"Schweizer Musikzeitung\" \/>\n<meta property=\"article:publisher\" content=\"https:\/\/www.facebook.com\/SchweizerMusikzeitung\/\" \/>\n<meta property=\"article:author\" content=\"https:\/\/www.facebook.com\/wolfgang.bohler.75\" \/>\n<meta property=\"article:published_time\" content=\"2025-02-13T05:48:19+00:00\" \/>\n<meta property=\"article:modified_time\" content=\"2025-02-13T08:18:39+00:00\" \/>\n<meta property=\"og:image\" content=\"https:\/\/www.musikzeitung.ch\/wp-content\/uploads\/2024\/01\/240129orchester.jpg\" \/>\n\t<meta property=\"og:image:width\" content=\"991\" \/>\n\t<meta property=\"og:image:height\" content=\"575\" \/>\n\t<meta property=\"og:image:type\" content=\"image\/jpeg\" \/>\n<meta name=\"author\" content=\"Wolfgang B\u00f6hler\" \/>\n<meta name=\"twitter:card\" content=\"summary_large_image\" \/>\n<meta name=\"twitter:creator\" content=\"@smusikzeitung\" \/>\n<meta name=\"twitter:site\" content=\"@smusikzeitung\" \/>\n<meta name=\"twitter:label1\" content=\"Written by\" \/>\n\t<meta name=\"twitter:data1\" content=\"Wolfgang B\u00f6hler\" \/>\n\t<meta name=\"twitter:label2\" content=\"Est. reading time\" \/>\n\t<meta name=\"twitter:data2\" content=\"2 minutes\" \/>\n<script type=\"application\/ld+json\" class=\"yoast-schema-graph\">{\"@context\":\"https:\\\/\\\/schema.org\",\"@graph\":[{\"@type\":\"Article\",\"@id\":\"https:\\\/\\\/www.musikzeitung.ch\\\/news\\\/2025\\\/02\\\/konzertmarkt-in-deutschland-stabil#article\",\"isPartOf\":{\"@id\":\"https:\\\/\\\/www.musikzeitung.ch\\\/news\\\/2025\\\/02\\\/konzertmarkt-in-deutschland-stabil\"},\"author\":{\"name\":\"Wolfgang B\u00f6hler\",\"@id\":\"https:\\\/\\\/www.musikzeitung.ch\\\/#\\\/schema\\\/person\\\/0da4fb82d243f1252850a35d0e87cf0c\"},\"headline\":\"Konzertmarkt in Deutschland stabil\",\"datePublished\":\"2025-02-13T05:48:19+00:00\",\"dateModified\":\"2025-02-13T08:18:39+00:00\",\"mainEntityOfPage\":{\"@id\":\"https:\\\/\\\/www.musikzeitung.ch\\\/news\\\/2025\\\/02\\\/konzertmarkt-in-deutschland-stabil\"},\"wordCount\":171,\"publisher\":{\"@id\":\"https:\\\/\\\/www.musikzeitung.ch\\\/#organization\"},\"image\":{\"@id\":\"https:\\\/\\\/www.musikzeitung.ch\\\/news\\\/2025\\\/02\\\/konzertmarkt-in-deutschland-stabil#primaryimage\"},\"thumbnailUrl\":\"https:\\\/\\\/www.musikzeitung.ch\\\/wp-content\\\/uploads\\\/2024\\\/01\\\/240129orchester.jpg\",\"keywords\":[\"Konzertstatistik\",\"Unisono\"],\"articleSection\":[\"News\"],\"inLanguage\":\"en-US\"},{\"@type\":\"WebPage\",\"@id\":\"https:\\\/\\\/www.musikzeitung.ch\\\/news\\\/2025\\\/02\\\/konzertmarkt-in-deutschland-stabil\",\"url\":\"https:\\\/\\\/www.musikzeitung.ch\\\/news\\\/2025\\\/02\\\/konzertmarkt-in-deutschland-stabil\",\"name\":\"Konzertmarkt in Deutschland stabil - Schweizer Musikzeitung\",\"isPartOf\":{\"@id\":\"https:\\\/\\\/www.musikzeitung.ch\\\/#website\"},\"primaryImageOfPage\":{\"@id\":\"https:\\\/\\\/www.musikzeitung.ch\\\/news\\\/2025\\\/02\\\/konzertmarkt-in-deutschland-stabil#primaryimage\"},\"image\":{\"@id\":\"https:\\\/\\\/www.musikzeitung.ch\\\/news\\\/2025\\\/02\\\/konzertmarkt-in-deutschland-stabil#primaryimage\"},\"thumbnailUrl\":\"https:\\\/\\\/www.musikzeitung.ch\\\/wp-content\\\/uploads\\\/2024\\\/01\\\/240129orchester.jpg\",\"datePublished\":\"2025-02-13T05:48:19+00:00\",\"dateModified\":\"2025-02-13T08:18:39+00:00\",\"description\":\"Die deutschen Berufsorchester und -ch\u00f6re haben 2023\\\/24 rund 15'000 Konzerte und Veranstaltungen durchgef\u00fchrt und sind damit fast auf Vor-Corona-Niveau.\",\"breadcrumb\":{\"@id\":\"https:\\\/\\\/www.musikzeitung.ch\\\/news\\\/2025\\\/02\\\/konzertmarkt-in-deutschland-stabil#breadcrumb\"},\"inLanguage\":\"en-US\",\"potentialAction\":[{\"@type\":\"ReadAction\",\"target\":[\"https:\\\/\\\/www.musikzeitung.ch\\\/news\\\/2025\\\/02\\\/konzertmarkt-in-deutschland-stabil\"]}]},{\"@type\":\"ImageObject\",\"inLanguage\":\"en-US\",\"@id\":\"https:\\\/\\\/www.musikzeitung.ch\\\/news\\\/2025\\\/02\\\/konzertmarkt-in-deutschland-stabil#primaryimage\",\"url\":\"https:\\\/\\\/www.musikzeitung.ch\\\/wp-content\\\/uploads\\\/2024\\\/01\\\/240129orchester.jpg\",\"contentUrl\":\"https:\\\/\\\/www.musikzeitung.ch\\\/wp-content\\\/uploads\\\/2024\\\/01\\\/240129orchester.jpg\",\"width\":991,\"height\":575,\"caption\":\"G\u00f6ttinger Symphonie Orchester (Bild: Wikimedia\\\/Jean11)\"},{\"@type\":\"BreadcrumbList\",\"@id\":\"https:\\\/\\\/www.musikzeitung.ch\\\/news\\\/2025\\\/02\\\/konzertmarkt-in-deutschland-stabil#breadcrumb\",\"itemListElement\":[{\"@type\":\"ListItem\",\"position\":1,\"name\":\"Home\",\"item\":\"https:\\\/\\\/www.musikzeitung.ch\\\/\"},{\"@type\":\"ListItem\",\"position\":2,\"name\":\"Konzertmarkt in Deutschland stabil\"}]},{\"@type\":\"WebSite\",\"@id\":\"https:\\\/\\\/www.musikzeitung.ch\\\/#website\",\"url\":\"https:\\\/\\\/www.musikzeitung.ch\\\/\",\"name\":\"Schweizer Musikzeitung\",\"description\":\"Die f\u00fchrende sparten\u00fcbergreifende Monatszeitung in der Schweiz f\u00fcr musikalische Fragen.\",\"publisher\":{\"@id\":\"https:\\\/\\\/www.musikzeitung.ch\\\/#organization\"},\"potentialAction\":[{\"@type\":\"SearchAction\",\"target\":{\"@type\":\"EntryPoint\",\"urlTemplate\":\"https:\\\/\\\/www.musikzeitung.ch\\\/?s={search_term_string}\"},\"query-input\":{\"@type\":\"PropertyValueSpecification\",\"valueRequired\":true,\"valueName\":\"search_term_string\"}}],\"inLanguage\":\"en-US\"},{\"@type\":\"Organization\",\"@id\":\"https:\\\/\\\/www.musikzeitung.ch\\\/#organization\",\"name\":\"Schweizer Musikzeitung\",\"url\":\"https:\\\/\\\/www.musikzeitung.ch\\\/\",\"logo\":{\"@type\":\"ImageObject\",\"inLanguage\":\"en-US\",\"@id\":\"https:\\\/\\\/www.musikzeitung.ch\\\/#\\\/schema\\\/logo\\\/image\\\/\",\"url\":\"https:\\\/\\\/www.musikzeitung.ch\\\/wp-content\\\/uploads\\\/2023\\\/01\\\/SMZ_Schriftzug_Sprache.png\",\"contentUrl\":\"https:\\\/\\\/www.musikzeitung.ch\\\/wp-content\\\/uploads\\\/2023\\\/01\\\/SMZ_Schriftzug_Sprache.png\",\"width\":1400,\"height\":279,\"caption\":\"Schweizer Musikzeitung\"},\"image\":{\"@id\":\"https:\\\/\\\/www.musikzeitung.ch\\\/#\\\/schema\\\/logo\\\/image\\\/\"},\"sameAs\":[\"https:\\\/\\\/www.facebook.com\\\/SchweizerMusikzeitung\\\/\",\"https:\\\/\\\/x.com\\\/smusikzeitung\",\"https:\\\/\\\/www.instagram.com\\\/musikzeitung.ch\\\/\"]},{\"@type\":\"Person\",\"@id\":\"https:\\\/\\\/www.musikzeitung.ch\\\/#\\\/schema\\\/person\\\/0da4fb82d243f1252850a35d0e87cf0c\",\"name\":\"Wolfgang B\u00f6hler\",\"image\":{\"@type\":\"ImageObject\",\"inLanguage\":\"en-US\",\"@id\":\"https:\\\/\\\/www.musikzeitung.ch\\\/wp-content\\\/uploads\\\/2023\\\/01\\\/boehler_portraet_web-e1674139782246-96x96.jpg\",\"url\":\"https:\\\/\\\/www.musikzeitung.ch\\\/wp-content\\\/uploads\\\/2023\\\/01\\\/boehler_portraet_web-e1674139782246-96x96.jpg\",\"contentUrl\":\"https:\\\/\\\/www.musikzeitung.ch\\\/wp-content\\\/uploads\\\/2023\\\/01\\\/boehler_portraet_web-e1674139782246-96x96.jpg\",\"caption\":\"Wolfgang B\u00f6hler\"},\"sameAs\":[\"http:\\\/\\\/www.manacanto.ch\",\"https:\\\/\\\/www.facebook.com\\\/wolfgang.bohler.75\"],\"url\":\"https:\\\/\\\/www.musikzeitung.ch\\\/en\\\/author\\\/wolfgang-boehler\"}]}<\/script>\n<!-- \/ Yoast SEO plugin. -->","yoast_head_json":{"title":"Konzertmarkt in Deutschland stabil - Schweizer Musikzeitung","description":"Die deutschen Berufsorchester und -ch\u00f6re haben 2023\/24 rund 15'000 Konzerte und Veranstaltungen durchgef\u00fchrt und sind damit fast auf Vor-Corona-Niveau.","robots":{"index":"index","follow":"follow","max-snippet":"max-snippet:-1","max-image-preview":"max-image-preview:large","max-video-preview":"max-video-preview:-1"},"canonical":"https:\/\/www.musikzeitung.ch\/en\/news\/2025\/02\/konzertmarkt-in-deutschland-stabil\/","og_locale":"en_US","og_type":"article","og_title":"Konzertmarkt in Deutschland stabil - Schweizer Musikzeitung","og_description":"Die deutschen Berufsorchester und -ch\u00f6re haben 2023\/24 rund 15'000 Konzerte und Veranstaltungen durchgef\u00fchrt und sind damit fast auf Vor-Corona-Niveau.","og_url":"https:\/\/www.musikzeitung.ch\/en\/news\/2025\/02\/konzertmarkt-in-deutschland-stabil\/","og_site_name":"Schweizer Musikzeitung","article_publisher":"https:\/\/www.facebook.com\/SchweizerMusikzeitung\/","article_author":"https:\/\/www.facebook.com\/wolfgang.bohler.75","article_published_time":"2025-02-13T05:48:19+00:00","article_modified_time":"2025-02-13T08:18:39+00:00","og_image":[{"width":991,"height":575,"url":"https:\/\/www.musikzeitung.ch\/wp-content\/uploads\/2024\/01\/240129orchester.jpg","type":"image\/jpeg"}],"author":"Wolfgang B\u00f6hler","twitter_card":"summary_large_image","twitter_creator":"@smusikzeitung","twitter_site":"@smusikzeitung","twitter_misc":{"Written by":"Wolfgang B\u00f6hler","Est. reading time":"2 minutes"},"schema":{"@context":"https:\/\/schema.org","@graph":[{"@type":"Article","@id":"https:\/\/www.musikzeitung.ch\/news\/2025\/02\/konzertmarkt-in-deutschland-stabil#article","isPartOf":{"@id":"https:\/\/www.musikzeitung.ch\/news\/2025\/02\/konzertmarkt-in-deutschland-stabil"},"author":{"name":"Wolfgang B\u00f6hler","@id":"https:\/\/www.musikzeitung.ch\/#\/schema\/person\/0da4fb82d243f1252850a35d0e87cf0c"},"headline":"Konzertmarkt in Deutschland stabil","datePublished":"2025-02-13T05:48:19+00:00","dateModified":"2025-02-13T08:18:39+00:00","mainEntityOfPage":{"@id":"https:\/\/www.musikzeitung.ch\/news\/2025\/02\/konzertmarkt-in-deutschland-stabil"},"wordCount":171,"publisher":{"@id":"https:\/\/www.musikzeitung.ch\/#organization"},"image":{"@id":"https:\/\/www.musikzeitung.ch\/news\/2025\/02\/konzertmarkt-in-deutschland-stabil#primaryimage"},"thumbnailUrl":"https:\/\/www.musikzeitung.ch\/wp-content\/uploads\/2024\/01\/240129orchester.jpg","keywords":["Konzertstatistik","Unisono"],"articleSection":["News"],"inLanguage":"en-US"},{"@type":"WebPage","@id":"https:\/\/www.musikzeitung.ch\/news\/2025\/02\/konzertmarkt-in-deutschland-stabil","url":"https:\/\/www.musikzeitung.ch\/news\/2025\/02\/konzertmarkt-in-deutschland-stabil","name":"Konzertmarkt in Deutschland stabil - Schweizer Musikzeitung","isPartOf":{"@id":"https:\/\/www.musikzeitung.ch\/#website"},"primaryImageOfPage":{"@id":"https:\/\/www.musikzeitung.ch\/news\/2025\/02\/konzertmarkt-in-deutschland-stabil#primaryimage"},"image":{"@id":"https:\/\/www.musikzeitung.ch\/news\/2025\/02\/konzertmarkt-in-deutschland-stabil#primaryimage"},"thumbnailUrl":"https:\/\/www.musikzeitung.ch\/wp-content\/uploads\/2024\/01\/240129orchester.jpg","datePublished":"2025-02-13T05:48:19+00:00","dateModified":"2025-02-13T08:18:39+00:00","description":"Die deutschen Berufsorchester und -ch\u00f6re haben 2023\/24 rund 15'000 Konzerte und Veranstaltungen durchgef\u00fchrt und sind damit fast auf Vor-Corona-Niveau.","breadcrumb":{"@id":"https:\/\/www.musikzeitung.ch\/news\/2025\/02\/konzertmarkt-in-deutschland-stabil#breadcrumb"},"inLanguage":"en-US","potentialAction":[{"@type":"ReadAction","target":["https:\/\/www.musikzeitung.ch\/news\/2025\/02\/konzertmarkt-in-deutschland-stabil"]}]},{"@type":"ImageObject","inLanguage":"en-US","@id":"https:\/\/www.musikzeitung.ch\/news\/2025\/02\/konzertmarkt-in-deutschland-stabil#primaryimage","url":"https:\/\/www.musikzeitung.ch\/wp-content\/uploads\/2024\/01\/240129orchester.jpg","contentUrl":"https:\/\/www.musikzeitung.ch\/wp-content\/uploads\/2024\/01\/240129orchester.jpg","width":991,"height":575,"caption":"G\u00f6ttinger Symphonie Orchester (Bild: Wikimedia\/Jean11)"},{"@type":"BreadcrumbList","@id":"https:\/\/www.musikzeitung.ch\/news\/2025\/02\/konzertmarkt-in-deutschland-stabil#breadcrumb","itemListElement":[{"@type":"ListItem","position":1,"name":"Home","item":"https:\/\/www.musikzeitung.ch\/"},{"@type":"ListItem","position":2,"name":"Konzertmarkt in Deutschland stabil"}]},{"@type":"WebSite","@id":"https:\/\/www.musikzeitung.ch\/#website","url":"https:\/\/www.musikzeitung.ch\/","name":"Swiss Music Newspaper","description":"The leading interdisciplinary monthly newspaper in Switzerland for musical issues.","publisher":{"@id":"https:\/\/www.musikzeitung.ch\/#organization"},"potentialAction":[{"@type":"SearchAction","target":{"@type":"EntryPoint","urlTemplate":"https:\/\/www.musikzeitung.ch\/?s={search_term_string}"},"query-input":{"@type":"PropertyValueSpecification","valueRequired":true,"valueName":"search_term_string"}}],"inLanguage":"en-US"},{"@type":"Organization","@id":"https:\/\/www.musikzeitung.ch\/#organization","name":"Swiss Music Newspaper","url":"https:\/\/www.musikzeitung.ch\/","logo":{"@type":"ImageObject","inLanguage":"en-US","@id":"https:\/\/www.musikzeitung.ch\/#\/schema\/logo\/image\/","url":"https:\/\/www.musikzeitung.ch\/wp-content\/uploads\/2023\/01\/SMZ_Schriftzug_Sprache.png","contentUrl":"https:\/\/www.musikzeitung.ch\/wp-content\/uploads\/2023\/01\/SMZ_Schriftzug_Sprache.png","width":1400,"height":279,"caption":"Schweizer Musikzeitung"},"image":{"@id":"https:\/\/www.musikzeitung.ch\/#\/schema\/logo\/image\/"},"sameAs":["https:\/\/www.facebook.com\/SchweizerMusikzeitung\/","https:\/\/x.com\/smusikzeitung","https:\/\/www.instagram.com\/musikzeitung.ch\/"]},{"@type":"Person","@id":"https:\/\/www.musikzeitung.ch\/#\/schema\/person\/0da4fb82d243f1252850a35d0e87cf0c","name":"Wolfgang B\u00f6hler","image":{"@type":"ImageObject","inLanguage":"en-US","@id":"https:\/\/www.musikzeitung.ch\/wp-content\/uploads\/2023\/01\/boehler_portraet_web-e1674139782246-96x96.jpg","url":"https:\/\/www.musikzeitung.ch\/wp-content\/uploads\/2023\/01\/boehler_portraet_web-e1674139782246-96x96.jpg","contentUrl":"https:\/\/www.musikzeitung.ch\/wp-content\/uploads\/2023\/01\/boehler_portraet_web-e1674139782246-96x96.jpg","caption":"Wolfgang B\u00f6hler"},"sameAs":["http:\/\/www.manacanto.ch","https:\/\/www.facebook.com\/wolfgang.bohler.75"],"url":"https:\/\/www.musikzeitung.ch\/en\/author\/wolfgang-boehler"}]}},"publishpress_future_workflow_manual_trigger":{"enabledWorkflows":[]},"_links":{"self":[{"href":"https:\/\/www.musikzeitung.ch\/en\/wp-json\/wp\/v2\/posts\/62741","targetHints":{"allow":["GET"]}}],"collection":[{"href":"https:\/\/www.musikzeitung.ch\/en\/wp-json\/wp\/v2\/posts"}],"about":[{"href":"https:\/\/www.musikzeitung.ch\/en\/wp-json\/wp\/v2\/types\/post"}],"author":[{"embeddable":true,"href":"https:\/\/www.musikzeitung.ch\/en\/wp-json\/wp\/v2\/users\/30"}],"replies":[{"embeddable":true,"href":"https:\/\/www.musikzeitung.ch\/en\/wp-json\/wp\/v2\/comments?post=62741"}],"version-history":[{"count":2,"href":"https:\/\/www.musikzeitung.ch\/en\/wp-json\/wp\/v2\/posts\/62741\/revisions"}],"predecessor-version":[{"id":62743,"href":"https:\/\/www.musikzeitung.ch\/en\/wp-json\/wp\/v2\/posts\/62741\/revisions\/62743"}],"wp:featuredmedia":[{"embeddable":true,"href":"https:\/\/www.musikzeitung.ch\/en\/wp-json\/wp\/v2\/media\/51556"}],"wp:attachment":[{"href":"https:\/\/www.musikzeitung.ch\/en\/wp-json\/wp\/v2\/media?parent=62741"}],"wp:term":[{"taxonomy":"category","embeddable":true,"href":"https:\/\/www.musikzeitung.ch\/en\/wp-json\/wp\/v2\/categories?post=62741"},{"taxonomy":"post_tag","embeddable":true,"href":"https:\/\/www.musikzeitung.ch\/en\/wp-json\/wp\/v2\/tags?post=62741"}],"curies":[{"name":"wp","href":"https:\/\/api.w.org\/{rel}","templated":true}]}}