{"id":63546,"date":"2025-03-10T09:29:12","date_gmt":"2025-03-10T08:29:12","guid":{"rendered":"https:\/\/www.musikzeitung.ch\/?p=63546"},"modified":"2025-03-10T11:34:51","modified_gmt":"2025-03-10T10:34:51","slug":"laura-van-der-heijden-beste-britische-buehnenmusikerin","status":"publish","type":"post","link":"https:\/\/www.musikzeitung.ch\/en\/news\/2025\/03\/laura-van-der-heijden-beste-britische-buehnenmusikerin","title":{"rendered":"Laura van der Heijden best British stage musician"},"content":{"rendered":"<figure id=\"attachment_63548\" aria-describedby=\"caption-attachment-63548\" style=\"width: 768px\" class=\"wp-caption alignnone\"><img loading=\"lazy\" decoding=\"async\" class=\"size-large wp-image-63548\" src=\"https:\/\/www.musikzeitung.ch\/wp-content\/uploads\/2025\/03\/250310laura-1024x735.jpg\" alt=\"\" width=\"768\" height=\"551\" srcset=\"https:\/\/www.musikzeitung.ch\/wp-content\/uploads\/2025\/03\/250310laura-1024x735.jpg 1024w, https:\/\/www.musikzeitung.ch\/wp-content\/uploads\/2025\/03\/250310laura-300x215.jpg 300w, https:\/\/www.musikzeitung.ch\/wp-content\/uploads\/2025\/03\/250310laura-768x551.jpg 768w, https:\/\/www.musikzeitung.ch\/wp-content\/uploads\/2025\/03\/250310laura-18x12.jpg 18w, https:\/\/www.musikzeitung.ch\/wp-content\/uploads\/2025\/03\/250310laura-244x175.jpg 244w, https:\/\/www.musikzeitung.ch\/wp-content\/uploads\/2025\/03\/250310laura-487x350.jpg 487w, https:\/\/www.musikzeitung.ch\/wp-content\/uploads\/2025\/03\/250310laura-920x661.jpg 920w, https:\/\/www.musikzeitung.ch\/wp-content\/uploads\/2025\/03\/250310laura.jpg 1039w\" sizes=\"auto, (max-width: 768px) 100vw, 768px\" \/><figcaption id=\"caption-attachment-63548\" class=\"wp-caption-text\">Laura van der Heijden (Image: zVg)<\/figcaption><\/figure>\n<p>The cellist won the Instrumentalist Award at the Royal Philharmonic Society (RPS) Awards 2025. The RPS Awards have been presented annually since 1989 for live classical music creation in the United Kingdom. In 2014, the prize was awarded to Patricia Kopatchinskaja.<\/p>\n<p>Laura van der Heijden was born in England to Dutch-Swiss parents and made her first public appearance as a cellist at the age of nine. She is a student of the British-Russian cellist Leonid Gorokhov and has regularly taken part in masterclasses with David Geringas, Ralph Kirshbaum and Mikl\u00f3s Per\u00e9nyi. In 2016 she was honored by the Orpheum Foundation in Switzerland. She is involved with the Prince's Foundation for Children &amp; the Arts and the Brighton Youth Orchestra.<\/p>","protected":false},"excerpt":{"rendered":"<p>The Dutch-Swiss cellist Laura van der Heijden has been named Britain's best live classical musician by the Royal Philharmonic Society (RPS).<\/p>","protected":false},"author":30,"featured_media":63548,"comment_status":"closed","ping_status":"closed","sticky":false,"template":"","format":"standard","meta":{"_acf_changed":false,"_relevanssi_hide_post":"","_relevanssi_hide_content":"","_relevanssi_pin_for_all":"","_relevanssi_pin_keywords":"","_relevanssi_unpin_keywords":"","_relevanssi_related_keywords":"","_relevanssi_related_include_ids":"","_relevanssi_related_exclude_ids":"","_relevanssi_related_no_append":"","_relevanssi_related_not_related":"","_relevanssi_related_posts":"","_relevanssi_noindex_reason":"","pgc_sgb_lightbox_settings":"","footnotes":""},"categories":[27],"tags":[4765,4766],"class_list":["post-63546","post","type-post","status-publish","format-standard","has-post-thumbnail","hentry","category-news","tag-laura-van-der-heijden","tag-royal-philharmonic-society"],"acf":[],"yoast_head":"<!-- This site is optimized with the Yoast SEO plugin v27.5 - https:\/\/yoast.com\/product\/yoast-seo-wordpress\/ -->\n<title>Laura van der Heijden beste britische B\u00fchnenmusikerin - Schweizer Musikzeitung<\/title>\n<meta name=\"description\" content=\"Die niederl\u00e4ndisch-schweizerische Cellistin Laura van der Heijden wurde von der RPS als beste klassische Live-Musikerin Grossbritanniens ausgezeichnet.\" \/>\n<meta name=\"robots\" content=\"index, follow, max-snippet:-1, max-image-preview:large, max-video-preview:-1\" \/>\n<link rel=\"canonical\" href=\"https:\/\/www.musikzeitung.ch\/en\/news\/2025\/03\/laura-van-der-heijden-beste-britische-buehnenmusikerin\/\" \/>\n<meta property=\"og:locale\" content=\"en_US\" \/>\n<meta property=\"og:type\" content=\"article\" \/>\n<meta property=\"og:title\" content=\"Laura van der Heijden beste britische B\u00fchnenmusikerin - Schweizer Musikzeitung\" \/>\n<meta property=\"og:description\" content=\"Die niederl\u00e4ndisch-schweizerische Cellistin Laura van der Heijden wurde von der RPS als beste klassische Live-Musikerin Grossbritanniens ausgezeichnet.\" \/>\n<meta property=\"og:url\" content=\"https:\/\/www.musikzeitung.ch\/en\/news\/2025\/03\/laura-van-der-heijden-beste-britische-buehnenmusikerin\/\" \/>\n<meta property=\"og:site_name\" content=\"Schweizer Musikzeitung\" \/>\n<meta property=\"article:publisher\" content=\"https:\/\/www.facebook.com\/SchweizerMusikzeitung\/\" \/>\n<meta property=\"article:author\" content=\"https:\/\/www.facebook.com\/wolfgang.bohler.75\" \/>\n<meta property=\"article:published_time\" content=\"2025-03-10T08:29:12+00:00\" \/>\n<meta property=\"article:modified_time\" content=\"2025-03-10T10:34:51+00:00\" \/>\n<meta property=\"og:image\" content=\"https:\/\/www.musikzeitung.ch\/wp-content\/uploads\/2025\/03\/250310laura.jpg\" \/>\n\t<meta property=\"og:image:width\" content=\"1039\" \/>\n\t<meta property=\"og:image:height\" content=\"746\" \/>\n\t<meta property=\"og:image:type\" content=\"image\/jpeg\" \/>\n<meta name=\"author\" content=\"Wolfgang B\u00f6hler\" \/>\n<meta name=\"twitter:card\" content=\"summary_large_image\" \/>\n<meta name=\"twitter:creator\" content=\"@smusikzeitung\" \/>\n<meta name=\"twitter:site\" content=\"@smusikzeitung\" \/>\n<meta name=\"twitter:label1\" content=\"Written by\" \/>\n\t<meta name=\"twitter:data1\" content=\"Wolfgang B\u00f6hler\" \/>\n\t<meta name=\"twitter:label2\" content=\"Est. reading time\" \/>\n\t<meta name=\"twitter:data2\" content=\"2 minutes\" \/>\n<script type=\"application\/ld+json\" class=\"yoast-schema-graph\">{\"@context\":\"https:\\\/\\\/schema.org\",\"@graph\":[{\"@type\":\"Article\",\"@id\":\"https:\\\/\\\/www.musikzeitung.ch\\\/news\\\/2025\\\/03\\\/laura-van-der-heijden-beste-britische-buehnenmusikerin#article\",\"isPartOf\":{\"@id\":\"https:\\\/\\\/www.musikzeitung.ch\\\/news\\\/2025\\\/03\\\/laura-van-der-heijden-beste-britische-buehnenmusikerin\"},\"author\":{\"name\":\"Wolfgang B\u00f6hler\",\"@id\":\"https:\\\/\\\/www.musikzeitung.ch\\\/#\\\/schema\\\/person\\\/0da4fb82d243f1252850a35d0e87cf0c\"},\"headline\":\"Laura van der Heijden beste britische B\u00fchnenmusikerin\",\"datePublished\":\"2025-03-10T08:29:12+00:00\",\"dateModified\":\"2025-03-10T10:34:51+00:00\",\"mainEntityOfPage\":{\"@id\":\"https:\\\/\\\/www.musikzeitung.ch\\\/news\\\/2025\\\/03\\\/laura-van-der-heijden-beste-britische-buehnenmusikerin\"},\"wordCount\":137,\"publisher\":{\"@id\":\"https:\\\/\\\/www.musikzeitung.ch\\\/#organization\"},\"image\":{\"@id\":\"https:\\\/\\\/www.musikzeitung.ch\\\/news\\\/2025\\\/03\\\/laura-van-der-heijden-beste-britische-buehnenmusikerin#primaryimage\"},\"thumbnailUrl\":\"https:\\\/\\\/www.musikzeitung.ch\\\/wp-content\\\/uploads\\\/2025\\\/03\\\/250310laura.jpg\",\"keywords\":[\"Laura van der Heijden\",\"Royal Philharmonic Society\"],\"articleSection\":[\"News\"],\"inLanguage\":\"en-US\"},{\"@type\":\"WebPage\",\"@id\":\"https:\\\/\\\/www.musikzeitung.ch\\\/news\\\/2025\\\/03\\\/laura-van-der-heijden-beste-britische-buehnenmusikerin\",\"url\":\"https:\\\/\\\/www.musikzeitung.ch\\\/news\\\/2025\\\/03\\\/laura-van-der-heijden-beste-britische-buehnenmusikerin\",\"name\":\"Laura van der Heijden beste britische B\u00fchnenmusikerin - Schweizer Musikzeitung\",\"isPartOf\":{\"@id\":\"https:\\\/\\\/www.musikzeitung.ch\\\/#website\"},\"primaryImageOfPage\":{\"@id\":\"https:\\\/\\\/www.musikzeitung.ch\\\/news\\\/2025\\\/03\\\/laura-van-der-heijden-beste-britische-buehnenmusikerin#primaryimage\"},\"image\":{\"@id\":\"https:\\\/\\\/www.musikzeitung.ch\\\/news\\\/2025\\\/03\\\/laura-van-der-heijden-beste-britische-buehnenmusikerin#primaryimage\"},\"thumbnailUrl\":\"https:\\\/\\\/www.musikzeitung.ch\\\/wp-content\\\/uploads\\\/2025\\\/03\\\/250310laura.jpg\",\"datePublished\":\"2025-03-10T08:29:12+00:00\",\"dateModified\":\"2025-03-10T10:34:51+00:00\",\"description\":\"Die niederl\u00e4ndisch-schweizerische Cellistin Laura van der Heijden wurde von der RPS als beste klassische Live-Musikerin Grossbritanniens ausgezeichnet.\",\"breadcrumb\":{\"@id\":\"https:\\\/\\\/www.musikzeitung.ch\\\/news\\\/2025\\\/03\\\/laura-van-der-heijden-beste-britische-buehnenmusikerin#breadcrumb\"},\"inLanguage\":\"en-US\",\"potentialAction\":[{\"@type\":\"ReadAction\",\"target\":[\"https:\\\/\\\/www.musikzeitung.ch\\\/news\\\/2025\\\/03\\\/laura-van-der-heijden-beste-britische-buehnenmusikerin\"]}]},{\"@type\":\"ImageObject\",\"inLanguage\":\"en-US\",\"@id\":\"https:\\\/\\\/www.musikzeitung.ch\\\/news\\\/2025\\\/03\\\/laura-van-der-heijden-beste-britische-buehnenmusikerin#primaryimage\",\"url\":\"https:\\\/\\\/www.musikzeitung.ch\\\/wp-content\\\/uploads\\\/2025\\\/03\\\/250310laura.jpg\",\"contentUrl\":\"https:\\\/\\\/www.musikzeitung.ch\\\/wp-content\\\/uploads\\\/2025\\\/03\\\/250310laura.jpg\",\"width\":1039,\"height\":746,\"caption\":\"Laura van der Heijden (Bild: ZVG)\"},{\"@type\":\"BreadcrumbList\",\"@id\":\"https:\\\/\\\/www.musikzeitung.ch\\\/news\\\/2025\\\/03\\\/laura-van-der-heijden-beste-britische-buehnenmusikerin#breadcrumb\",\"itemListElement\":[{\"@type\":\"ListItem\",\"position\":1,\"name\":\"Home\",\"item\":\"https:\\\/\\\/www.musikzeitung.ch\\\/\"},{\"@type\":\"ListItem\",\"position\":2,\"name\":\"Laura van der Heijden beste britische B\u00fchnenmusikerin\"}]},{\"@type\":\"WebSite\",\"@id\":\"https:\\\/\\\/www.musikzeitung.ch\\\/#website\",\"url\":\"https:\\\/\\\/www.musikzeitung.ch\\\/\",\"name\":\"Schweizer Musikzeitung\",\"description\":\"Die f\u00fchrende sparten\u00fcbergreifende Monatszeitung in der Schweiz f\u00fcr musikalische Fragen.\",\"publisher\":{\"@id\":\"https:\\\/\\\/www.musikzeitung.ch\\\/#organization\"},\"potentialAction\":[{\"@type\":\"SearchAction\",\"target\":{\"@type\":\"EntryPoint\",\"urlTemplate\":\"https:\\\/\\\/www.musikzeitung.ch\\\/?s={search_term_string}\"},\"query-input\":{\"@type\":\"PropertyValueSpecification\",\"valueRequired\":true,\"valueName\":\"search_term_string\"}}],\"inLanguage\":\"en-US\"},{\"@type\":\"Organization\",\"@id\":\"https:\\\/\\\/www.musikzeitung.ch\\\/#organization\",\"name\":\"Schweizer Musikzeitung\",\"url\":\"https:\\\/\\\/www.musikzeitung.ch\\\/\",\"logo\":{\"@type\":\"ImageObject\",\"inLanguage\":\"en-US\",\"@id\":\"https:\\\/\\\/www.musikzeitung.ch\\\/#\\\/schema\\\/logo\\\/image\\\/\",\"url\":\"https:\\\/\\\/www.musikzeitung.ch\\\/wp-content\\\/uploads\\\/2023\\\/01\\\/SMZ_Schriftzug_Sprache.png\",\"contentUrl\":\"https:\\\/\\\/www.musikzeitung.ch\\\/wp-content\\\/uploads\\\/2023\\\/01\\\/SMZ_Schriftzug_Sprache.png\",\"width\":1400,\"height\":279,\"caption\":\"Schweizer Musikzeitung\"},\"image\":{\"@id\":\"https:\\\/\\\/www.musikzeitung.ch\\\/#\\\/schema\\\/logo\\\/image\\\/\"},\"sameAs\":[\"https:\\\/\\\/www.facebook.com\\\/SchweizerMusikzeitung\\\/\",\"https:\\\/\\\/x.com\\\/smusikzeitung\",\"https:\\\/\\\/www.instagram.com\\\/musikzeitung.ch\\\/\"]},{\"@type\":\"Person\",\"@id\":\"https:\\\/\\\/www.musikzeitung.ch\\\/#\\\/schema\\\/person\\\/0da4fb82d243f1252850a35d0e87cf0c\",\"name\":\"Wolfgang B\u00f6hler\",\"image\":{\"@type\":\"ImageObject\",\"inLanguage\":\"en-US\",\"@id\":\"https:\\\/\\\/www.musikzeitung.ch\\\/wp-content\\\/uploads\\\/2023\\\/01\\\/boehler_portraet_web-e1674139782246-96x96.jpg\",\"url\":\"https:\\\/\\\/www.musikzeitung.ch\\\/wp-content\\\/uploads\\\/2023\\\/01\\\/boehler_portraet_web-e1674139782246-96x96.jpg\",\"contentUrl\":\"https:\\\/\\\/www.musikzeitung.ch\\\/wp-content\\\/uploads\\\/2023\\\/01\\\/boehler_portraet_web-e1674139782246-96x96.jpg\",\"caption\":\"Wolfgang B\u00f6hler\"},\"sameAs\":[\"http:\\\/\\\/www.manacanto.ch\",\"https:\\\/\\\/www.facebook.com\\\/wolfgang.bohler.75\"],\"url\":\"https:\\\/\\\/www.musikzeitung.ch\\\/en\\\/author\\\/wolfgang-boehler\"}]}<\/script>\n<!-- \/ Yoast SEO plugin. -->","yoast_head_json":{"title":"Laura van der Heijden beste britische B\u00fchnenmusikerin - Schweizer Musikzeitung","description":"Die niederl\u00e4ndisch-schweizerische Cellistin Laura van der Heijden wurde von der RPS als beste klassische Live-Musikerin Grossbritanniens ausgezeichnet.","robots":{"index":"index","follow":"follow","max-snippet":"max-snippet:-1","max-image-preview":"max-image-preview:large","max-video-preview":"max-video-preview:-1"},"canonical":"https:\/\/www.musikzeitung.ch\/en\/news\/2025\/03\/laura-van-der-heijden-beste-britische-buehnenmusikerin\/","og_locale":"en_US","og_type":"article","og_title":"Laura van der Heijden beste britische B\u00fchnenmusikerin - Schweizer Musikzeitung","og_description":"Die niederl\u00e4ndisch-schweizerische Cellistin Laura van der Heijden wurde von der RPS als beste klassische Live-Musikerin Grossbritanniens ausgezeichnet.","og_url":"https:\/\/www.musikzeitung.ch\/en\/news\/2025\/03\/laura-van-der-heijden-beste-britische-buehnenmusikerin\/","og_site_name":"Schweizer Musikzeitung","article_publisher":"https:\/\/www.facebook.com\/SchweizerMusikzeitung\/","article_author":"https:\/\/www.facebook.com\/wolfgang.bohler.75","article_published_time":"2025-03-10T08:29:12+00:00","article_modified_time":"2025-03-10T10:34:51+00:00","og_image":[{"width":1039,"height":746,"url":"https:\/\/www.musikzeitung.ch\/wp-content\/uploads\/2025\/03\/250310laura.jpg","type":"image\/jpeg"}],"author":"Wolfgang B\u00f6hler","twitter_card":"summary_large_image","twitter_creator":"@smusikzeitung","twitter_site":"@smusikzeitung","twitter_misc":{"Written by":"Wolfgang B\u00f6hler","Est. reading time":"2 minutes"},"schema":{"@context":"https:\/\/schema.org","@graph":[{"@type":"Article","@id":"https:\/\/www.musikzeitung.ch\/news\/2025\/03\/laura-van-der-heijden-beste-britische-buehnenmusikerin#article","isPartOf":{"@id":"https:\/\/www.musikzeitung.ch\/news\/2025\/03\/laura-van-der-heijden-beste-britische-buehnenmusikerin"},"author":{"name":"Wolfgang B\u00f6hler","@id":"https:\/\/www.musikzeitung.ch\/#\/schema\/person\/0da4fb82d243f1252850a35d0e87cf0c"},"headline":"Laura van der Heijden beste britische B\u00fchnenmusikerin","datePublished":"2025-03-10T08:29:12+00:00","dateModified":"2025-03-10T10:34:51+00:00","mainEntityOfPage":{"@id":"https:\/\/www.musikzeitung.ch\/news\/2025\/03\/laura-van-der-heijden-beste-britische-buehnenmusikerin"},"wordCount":137,"publisher":{"@id":"https:\/\/www.musikzeitung.ch\/#organization"},"image":{"@id":"https:\/\/www.musikzeitung.ch\/news\/2025\/03\/laura-van-der-heijden-beste-britische-buehnenmusikerin#primaryimage"},"thumbnailUrl":"https:\/\/www.musikzeitung.ch\/wp-content\/uploads\/2025\/03\/250310laura.jpg","keywords":["Laura van der Heijden","Royal Philharmonic Society"],"articleSection":["News"],"inLanguage":"en-US"},{"@type":"WebPage","@id":"https:\/\/www.musikzeitung.ch\/news\/2025\/03\/laura-van-der-heijden-beste-britische-buehnenmusikerin","url":"https:\/\/www.musikzeitung.ch\/news\/2025\/03\/laura-van-der-heijden-beste-britische-buehnenmusikerin","name":"Laura van der Heijden beste britische B\u00fchnenmusikerin - Schweizer Musikzeitung","isPartOf":{"@id":"https:\/\/www.musikzeitung.ch\/#website"},"primaryImageOfPage":{"@id":"https:\/\/www.musikzeitung.ch\/news\/2025\/03\/laura-van-der-heijden-beste-britische-buehnenmusikerin#primaryimage"},"image":{"@id":"https:\/\/www.musikzeitung.ch\/news\/2025\/03\/laura-van-der-heijden-beste-britische-buehnenmusikerin#primaryimage"},"thumbnailUrl":"https:\/\/www.musikzeitung.ch\/wp-content\/uploads\/2025\/03\/250310laura.jpg","datePublished":"2025-03-10T08:29:12+00:00","dateModified":"2025-03-10T10:34:51+00:00","description":"Die niederl\u00e4ndisch-schweizerische Cellistin Laura van der Heijden wurde von der RPS als beste klassische Live-Musikerin Grossbritanniens ausgezeichnet.","breadcrumb":{"@id":"https:\/\/www.musikzeitung.ch\/news\/2025\/03\/laura-van-der-heijden-beste-britische-buehnenmusikerin#breadcrumb"},"inLanguage":"en-US","potentialAction":[{"@type":"ReadAction","target":["https:\/\/www.musikzeitung.ch\/news\/2025\/03\/laura-van-der-heijden-beste-britische-buehnenmusikerin"]}]},{"@type":"ImageObject","inLanguage":"en-US","@id":"https:\/\/www.musikzeitung.ch\/news\/2025\/03\/laura-van-der-heijden-beste-britische-buehnenmusikerin#primaryimage","url":"https:\/\/www.musikzeitung.ch\/wp-content\/uploads\/2025\/03\/250310laura.jpg","contentUrl":"https:\/\/www.musikzeitung.ch\/wp-content\/uploads\/2025\/03\/250310laura.jpg","width":1039,"height":746,"caption":"Laura van der Heijden (Bild: ZVG)"},{"@type":"BreadcrumbList","@id":"https:\/\/www.musikzeitung.ch\/news\/2025\/03\/laura-van-der-heijden-beste-britische-buehnenmusikerin#breadcrumb","itemListElement":[{"@type":"ListItem","position":1,"name":"Home","item":"https:\/\/www.musikzeitung.ch\/"},{"@type":"ListItem","position":2,"name":"Laura van der Heijden beste britische B\u00fchnenmusikerin"}]},{"@type":"WebSite","@id":"https:\/\/www.musikzeitung.ch\/#website","url":"https:\/\/www.musikzeitung.ch\/","name":"Swiss Music Newspaper","description":"The leading interdisciplinary monthly newspaper in Switzerland for musical issues.","publisher":{"@id":"https:\/\/www.musikzeitung.ch\/#organization"},"potentialAction":[{"@type":"SearchAction","target":{"@type":"EntryPoint","urlTemplate":"https:\/\/www.musikzeitung.ch\/?s={search_term_string}"},"query-input":{"@type":"PropertyValueSpecification","valueRequired":true,"valueName":"search_term_string"}}],"inLanguage":"en-US"},{"@type":"Organization","@id":"https:\/\/www.musikzeitung.ch\/#organization","name":"Swiss Music Newspaper","url":"https:\/\/www.musikzeitung.ch\/","logo":{"@type":"ImageObject","inLanguage":"en-US","@id":"https:\/\/www.musikzeitung.ch\/#\/schema\/logo\/image\/","url":"https:\/\/www.musikzeitung.ch\/wp-content\/uploads\/2023\/01\/SMZ_Schriftzug_Sprache.png","contentUrl":"https:\/\/www.musikzeitung.ch\/wp-content\/uploads\/2023\/01\/SMZ_Schriftzug_Sprache.png","width":1400,"height":279,"caption":"Schweizer Musikzeitung"},"image":{"@id":"https:\/\/www.musikzeitung.ch\/#\/schema\/logo\/image\/"},"sameAs":["https:\/\/www.facebook.com\/SchweizerMusikzeitung\/","https:\/\/x.com\/smusikzeitung","https:\/\/www.instagram.com\/musikzeitung.ch\/"]},{"@type":"Person","@id":"https:\/\/www.musikzeitung.ch\/#\/schema\/person\/0da4fb82d243f1252850a35d0e87cf0c","name":"Wolfgang B\u00f6hler","image":{"@type":"ImageObject","inLanguage":"en-US","@id":"https:\/\/www.musikzeitung.ch\/wp-content\/uploads\/2023\/01\/boehler_portraet_web-e1674139782246-96x96.jpg","url":"https:\/\/www.musikzeitung.ch\/wp-content\/uploads\/2023\/01\/boehler_portraet_web-e1674139782246-96x96.jpg","contentUrl":"https:\/\/www.musikzeitung.ch\/wp-content\/uploads\/2023\/01\/boehler_portraet_web-e1674139782246-96x96.jpg","caption":"Wolfgang B\u00f6hler"},"sameAs":["http:\/\/www.manacanto.ch","https:\/\/www.facebook.com\/wolfgang.bohler.75"],"url":"https:\/\/www.musikzeitung.ch\/en\/author\/wolfgang-boehler"}]}},"publishpress_future_workflow_manual_trigger":{"enabledWorkflows":[]},"_links":{"self":[{"href":"https:\/\/www.musikzeitung.ch\/en\/wp-json\/wp\/v2\/posts\/63546","targetHints":{"allow":["GET"]}}],"collection":[{"href":"https:\/\/www.musikzeitung.ch\/en\/wp-json\/wp\/v2\/posts"}],"about":[{"href":"https:\/\/www.musikzeitung.ch\/en\/wp-json\/wp\/v2\/types\/post"}],"author":[{"embeddable":true,"href":"https:\/\/www.musikzeitung.ch\/en\/wp-json\/wp\/v2\/users\/30"}],"replies":[{"embeddable":true,"href":"https:\/\/www.musikzeitung.ch\/en\/wp-json\/wp\/v2\/comments?post=63546"}],"version-history":[{"count":7,"href":"https:\/\/www.musikzeitung.ch\/en\/wp-json\/wp\/v2\/posts\/63546\/revisions"}],"predecessor-version":[{"id":63556,"href":"https:\/\/www.musikzeitung.ch\/en\/wp-json\/wp\/v2\/posts\/63546\/revisions\/63556"}],"wp:featuredmedia":[{"embeddable":true,"href":"https:\/\/www.musikzeitung.ch\/en\/wp-json\/wp\/v2\/media\/63548"}],"wp:attachment":[{"href":"https:\/\/www.musikzeitung.ch\/en\/wp-json\/wp\/v2\/media?parent=63546"}],"wp:term":[{"taxonomy":"category","embeddable":true,"href":"https:\/\/www.musikzeitung.ch\/en\/wp-json\/wp\/v2\/categories?post=63546"},{"taxonomy":"post_tag","embeddable":true,"href":"https:\/\/www.musikzeitung.ch\/en\/wp-json\/wp\/v2\/tags?post=63546"}],"curies":[{"name":"wp","href":"https:\/\/api.w.org\/{rel}","templated":true}]}}