{"id":63873,"date":"2025-03-20T10:40:26","date_gmt":"2025-03-20T09:40:26","guid":{"rendered":"https:\/\/www.musikzeitung.ch\/?p=63873"},"modified":"2025-04-14T15:38:04","modified_gmt":"2025-04-14T13:38:04","slug":"pop-in-tessiner-dialekt","status":"publish","type":"post","link":"https:\/\/www.musikzeitung.ch\/en\/rezensionen\/tontraeger-rezensionen\/2025\/03\/pop-in-tessiner-dialekt","title":{"rendered":"Pop in Ticino dialect"},"content":{"rendered":"<figure id=\"attachment_63878\" aria-describedby=\"caption-attachment-63878\" style=\"width: 1033px\" class=\"wp-caption alignnone\"><img loading=\"lazy\" decoding=\"async\" class=\"wp-image-63878 size-full\" src=\"https:\/\/www.musikzeitung.ch\/wp-content\/uploads\/2025\/03\/Mortori.jpg\" alt=\"\" width=\"1033\" height=\"775\" srcset=\"https:\/\/www.musikzeitung.ch\/wp-content\/uploads\/2025\/03\/Mortori.jpg 1033w, https:\/\/www.musikzeitung.ch\/wp-content\/uploads\/2025\/03\/Mortori-300x225.jpg 300w, https:\/\/www.musikzeitung.ch\/wp-content\/uploads\/2025\/03\/Mortori-1024x768.jpg 1024w, https:\/\/www.musikzeitung.ch\/wp-content\/uploads\/2025\/03\/Mortori-768x576.jpg 768w, https:\/\/www.musikzeitung.ch\/wp-content\/uploads\/2025\/03\/Mortori-16x12.jpg 16w, https:\/\/www.musikzeitung.ch\/wp-content\/uploads\/2025\/03\/Mortori-233x175.jpg 233w, https:\/\/www.musikzeitung.ch\/wp-content\/uploads\/2025\/03\/Mortori-467x350.jpg 467w, https:\/\/www.musikzeitung.ch\/wp-content\/uploads\/2025\/03\/Mortori-920x690.jpg 920w\" sizes=\"auto, (max-width: 1033px) 100vw, 1033px\" \/><figcaption id=\"caption-attachment-63878\" class=\"wp-caption-text\">Photo: zVg<\/figcaption><\/figure>\n<p>Aris Bassetti is something like the sun of the Ticino music scene. Twenty years ago, he formed the experimental rock band Peter Kernel with Barbara Lehnhoff, which has lost none of its original adventurous spirit to this day. His own record label, On the Camper Records, followed shortly afterwards. In addition to Lehnhoff's alter ego Camilla Sparksss, his current circle includes harpist Kety Fusco, the psychedelic band Monte Mai and y\u00e9-y\u00e9 archaeologist Julie Meletta. With Mort\u00f2ri, Bassetti is now embarking on his solo project. An urgently needed undertaking to explore the dark feelings associated with \"love\", he writes, citing Ornella Vanoni, Gino Paoli, South America, Italian-Swiss folk music and \"Arabic music\" as influences.<\/p>\n<p>The first results, compiled on an EP, reveal their Italian roots above all in the vocal melodies and the lyrics, which Bassetti wrote in the endangered Ticino dialect. It sounds so peculiar that you could almost think he invented this language. Bassetti gives free rein to his experimental tendencies in the instrumentation without ever losing touch with palatable melodies. Thus <em>O'l Amur<\/em> driven forward by a vibraphone and bass riff, flute and hyperactive bongos. With <em>GDC<\/em> we are dealing with a kind of (electronic?) woodwind\/cello combo and <em>La Gata <\/em>would have won the San Remo Festival in a better world. We look forward to more!<\/p>\n<p><img loading=\"lazy\" decoding=\"async\" class=\"aligncenter wp-image-63877 size-medium\" src=\"https:\/\/www.musikzeitung.ch\/wp-content\/uploads\/2025\/03\/03_crit_cd_Kuenzler_Mortori-300x300.jpg\" alt=\"\" width=\"300\" height=\"300\" srcset=\"https:\/\/www.musikzeitung.ch\/wp-content\/uploads\/2025\/03\/03_crit_cd_Kuenzler_Mortori-300x300.jpg 300w, https:\/\/www.musikzeitung.ch\/wp-content\/uploads\/2025\/03\/03_crit_cd_Kuenzler_Mortori-1021x1024.jpg 1021w, https:\/\/www.musikzeitung.ch\/wp-content\/uploads\/2025\/03\/03_crit_cd_Kuenzler_Mortori-768x770.jpg 768w, https:\/\/www.musikzeitung.ch\/wp-content\/uploads\/2025\/03\/03_crit_cd_Kuenzler_Mortori-12x12.jpg 12w, https:\/\/www.musikzeitung.ch\/wp-content\/uploads\/2025\/03\/03_crit_cd_Kuenzler_Mortori-174x175.jpg 174w, https:\/\/www.musikzeitung.ch\/wp-content\/uploads\/2025\/03\/03_crit_cd_Kuenzler_Mortori-349x350.jpg 349w, https:\/\/www.musikzeitung.ch\/wp-content\/uploads\/2025\/03\/03_crit_cd_Kuenzler_Mortori-798x800.jpg 798w, https:\/\/www.musikzeitung.ch\/wp-content\/uploads\/2025\/03\/03_crit_cd_Kuenzler_Mortori-920x923.jpg 920w, https:\/\/www.musikzeitung.ch\/wp-content\/uploads\/2025\/03\/03_crit_cd_Kuenzler_Mortori-150x150.jpg 150w, https:\/\/www.musikzeitung.ch\/wp-content\/uploads\/2025\/03\/03_crit_cd_Kuenzler_Mortori-100x100.jpg 100w, https:\/\/www.musikzeitung.ch\/wp-content\/uploads\/2025\/03\/03_crit_cd_Kuenzler_Mortori-24x24.jpg 24w, https:\/\/www.musikzeitung.ch\/wp-content\/uploads\/2025\/03\/03_crit_cd_Kuenzler_Mortori-48x48.jpg 48w, https:\/\/www.musikzeitung.ch\/wp-content\/uploads\/2025\/03\/03_crit_cd_Kuenzler_Mortori-96x96.jpg 96w, https:\/\/www.musikzeitung.ch\/wp-content\/uploads\/2025\/03\/03_crit_cd_Kuenzler_Mortori-250x250.jpg 250w, https:\/\/www.musikzeitung.ch\/wp-content\/uploads\/2025\/03\/03_crit_cd_Kuenzler_Mortori.jpg 997w\" sizes=\"auto, (max-width: 300px) 100vw, 300px\" \/><\/p>\n<p><em>Mort\u00f2ri: A Mort l'Amur. <a href=\"https:\/\/onthecampermusic.com\/\" target=\"_blank\" rel=\"noopener\">On the Camper Records<\/a><\/em><\/p>","protected":false},"excerpt":{"rendered":"<p>A language threatened with extinction characterizes the vocal lyrics of Aris Bassetti's solo project \"Mort\u00f2ri\". <\/p>","protected":false},"author":29,"featured_media":63878,"comment_status":"closed","ping_status":"closed","sticky":false,"template":"","format":"standard","meta":{"_acf_changed":false,"_relevanssi_hide_post":"","_relevanssi_hide_content":"","_relevanssi_pin_for_all":"","_relevanssi_pin_keywords":"","_relevanssi_unpin_keywords":"","_relevanssi_related_keywords":"","_relevanssi_related_include_ids":"","_relevanssi_related_exclude_ids":"","_relevanssi_related_no_append":"","_relevanssi_related_not_related":"","_relevanssi_related_posts":"","_relevanssi_noindex_reason":"","pgc_sgb_lightbox_settings":"","footnotes":""},"categories":[29,1420],"tags":[4810],"class_list":["post-63873","post","type-post","status-publish","format-standard","has-post-thumbnail","hentry","category-rezensionen","category-tontraeger-rezensionen","tag-aris-bassetti"],"acf":[],"yoast_head":"<!-- This site is optimized with the Yoast SEO plugin v27.4 - https:\/\/yoast.com\/product\/yoast-seo-wordpress\/ -->\n<title>Pop in Tessiner Dialekt - Schweizer Musikzeitung<\/title>\n<meta name=\"description\" content=\"Eine vom Aussterben bedrohte Sprache charakterisiert die Gesangstexte von Aris Bassettis Soloprojekt \u00abMort\u00f2ri\u00bb.\" \/>\n<meta name=\"robots\" content=\"index, follow, max-snippet:-1, max-image-preview:large, max-video-preview:-1\" \/>\n<link rel=\"canonical\" href=\"https:\/\/www.musikzeitung.ch\/en\/rezensionen\/tontraeger-rezensionen\/2025\/03\/pop-in-tessiner-dialekt\/\" \/>\n<meta property=\"og:locale\" content=\"en_US\" \/>\n<meta property=\"og:type\" content=\"article\" \/>\n<meta property=\"og:title\" content=\"Pop in Tessiner Dialekt - Schweizer Musikzeitung\" \/>\n<meta property=\"og:description\" content=\"Eine vom Aussterben bedrohte Sprache charakterisiert die Gesangstexte von Aris Bassettis Soloprojekt \u00abMort\u00f2ri\u00bb.\" \/>\n<meta property=\"og:url\" content=\"https:\/\/www.musikzeitung.ch\/en\/rezensionen\/tontraeger-rezensionen\/2025\/03\/pop-in-tessiner-dialekt\/\" \/>\n<meta property=\"og:site_name\" content=\"Schweizer Musikzeitung\" \/>\n<meta property=\"article:publisher\" content=\"https:\/\/www.facebook.com\/SchweizerMusikzeitung\/\" \/>\n<meta property=\"article:published_time\" content=\"2025-03-20T09:40:26+00:00\" \/>\n<meta property=\"article:modified_time\" content=\"2025-04-14T13:38:04+00:00\" \/>\n<meta property=\"og:image\" content=\"https:\/\/www.musikzeitung.ch\/wp-content\/uploads\/2025\/03\/Mortori.jpg\" \/>\n\t<meta property=\"og:image:width\" content=\"1033\" \/>\n\t<meta property=\"og:image:height\" content=\"775\" \/>\n\t<meta property=\"og:image:type\" content=\"image\/jpeg\" \/>\n<meta name=\"author\" content=\"pia.schwab\" \/>\n<meta name=\"twitter:card\" content=\"summary_large_image\" \/>\n<meta name=\"twitter:creator\" content=\"@smusikzeitung\" \/>\n<meta name=\"twitter:site\" content=\"@smusikzeitung\" \/>\n<meta name=\"twitter:label1\" content=\"Written by\" \/>\n\t<meta name=\"twitter:data1\" content=\"pia.schwab\" \/>\n\t<meta name=\"twitter:label2\" content=\"Est. reading time\" \/>\n\t<meta name=\"twitter:data2\" content=\"2 minutes\" \/>\n<script type=\"application\/ld+json\" class=\"yoast-schema-graph\">{\"@context\":\"https:\\\/\\\/schema.org\",\"@graph\":[{\"@type\":\"Article\",\"@id\":\"https:\\\/\\\/www.musikzeitung.ch\\\/rezensionen\\\/tontraeger-rezensionen\\\/2025\\\/03\\\/pop-in-tessiner-dialekt#article\",\"isPartOf\":{\"@id\":\"https:\\\/\\\/www.musikzeitung.ch\\\/rezensionen\\\/tontraeger-rezensionen\\\/2025\\\/03\\\/pop-in-tessiner-dialekt\"},\"author\":{\"name\":\"pia.schwab\",\"@id\":\"https:\\\/\\\/www.musikzeitung.ch\\\/#\\\/schema\\\/person\\\/ea3d7b86bd7157c78c7ddd37f2f82b5b\"},\"headline\":\"Pop in Tessiner Dialekt\",\"datePublished\":\"2025-03-20T09:40:26+00:00\",\"dateModified\":\"2025-04-14T13:38:04+00:00\",\"mainEntityOfPage\":{\"@id\":\"https:\\\/\\\/www.musikzeitung.ch\\\/rezensionen\\\/tontraeger-rezensionen\\\/2025\\\/03\\\/pop-in-tessiner-dialekt\"},\"wordCount\":258,\"publisher\":{\"@id\":\"https:\\\/\\\/www.musikzeitung.ch\\\/#organization\"},\"image\":{\"@id\":\"https:\\\/\\\/www.musikzeitung.ch\\\/rezensionen\\\/tontraeger-rezensionen\\\/2025\\\/03\\\/pop-in-tessiner-dialekt#primaryimage\"},\"thumbnailUrl\":\"https:\\\/\\\/www.musikzeitung.ch\\\/wp-content\\\/uploads\\\/2025\\\/03\\\/Mortori.jpg\",\"keywords\":[\"Aris Bassetti\"],\"articleSection\":[\"Rezensionen\",\"Tontr\u00e4ger\"],\"inLanguage\":\"en-US\"},{\"@type\":\"WebPage\",\"@id\":\"https:\\\/\\\/www.musikzeitung.ch\\\/rezensionen\\\/tontraeger-rezensionen\\\/2025\\\/03\\\/pop-in-tessiner-dialekt\",\"url\":\"https:\\\/\\\/www.musikzeitung.ch\\\/rezensionen\\\/tontraeger-rezensionen\\\/2025\\\/03\\\/pop-in-tessiner-dialekt\",\"name\":\"Pop in Tessiner Dialekt - Schweizer Musikzeitung\",\"isPartOf\":{\"@id\":\"https:\\\/\\\/www.musikzeitung.ch\\\/#website\"},\"primaryImageOfPage\":{\"@id\":\"https:\\\/\\\/www.musikzeitung.ch\\\/rezensionen\\\/tontraeger-rezensionen\\\/2025\\\/03\\\/pop-in-tessiner-dialekt#primaryimage\"},\"image\":{\"@id\":\"https:\\\/\\\/www.musikzeitung.ch\\\/rezensionen\\\/tontraeger-rezensionen\\\/2025\\\/03\\\/pop-in-tessiner-dialekt#primaryimage\"},\"thumbnailUrl\":\"https:\\\/\\\/www.musikzeitung.ch\\\/wp-content\\\/uploads\\\/2025\\\/03\\\/Mortori.jpg\",\"datePublished\":\"2025-03-20T09:40:26+00:00\",\"dateModified\":\"2025-04-14T13:38:04+00:00\",\"description\":\"Eine vom Aussterben bedrohte Sprache charakterisiert die Gesangstexte von Aris Bassettis Soloprojekt \u00abMort\u00f2ri\u00bb.\",\"breadcrumb\":{\"@id\":\"https:\\\/\\\/www.musikzeitung.ch\\\/rezensionen\\\/tontraeger-rezensionen\\\/2025\\\/03\\\/pop-in-tessiner-dialekt#breadcrumb\"},\"inLanguage\":\"en-US\",\"potentialAction\":[{\"@type\":\"ReadAction\",\"target\":[\"https:\\\/\\\/www.musikzeitung.ch\\\/rezensionen\\\/tontraeger-rezensionen\\\/2025\\\/03\\\/pop-in-tessiner-dialekt\"]}]},{\"@type\":\"ImageObject\",\"inLanguage\":\"en-US\",\"@id\":\"https:\\\/\\\/www.musikzeitung.ch\\\/rezensionen\\\/tontraeger-rezensionen\\\/2025\\\/03\\\/pop-in-tessiner-dialekt#primaryimage\",\"url\":\"https:\\\/\\\/www.musikzeitung.ch\\\/wp-content\\\/uploads\\\/2025\\\/03\\\/Mortori.jpg\",\"contentUrl\":\"https:\\\/\\\/www.musikzeitung.ch\\\/wp-content\\\/uploads\\\/2025\\\/03\\\/Mortori.jpg\",\"width\":1033,\"height\":775},{\"@type\":\"BreadcrumbList\",\"@id\":\"https:\\\/\\\/www.musikzeitung.ch\\\/rezensionen\\\/tontraeger-rezensionen\\\/2025\\\/03\\\/pop-in-tessiner-dialekt#breadcrumb\",\"itemListElement\":[{\"@type\":\"ListItem\",\"position\":1,\"name\":\"Home\",\"item\":\"https:\\\/\\\/www.musikzeitung.ch\\\/\"},{\"@type\":\"ListItem\",\"position\":2,\"name\":\"Pop in Tessiner Dialekt\"}]},{\"@type\":\"WebSite\",\"@id\":\"https:\\\/\\\/www.musikzeitung.ch\\\/#website\",\"url\":\"https:\\\/\\\/www.musikzeitung.ch\\\/\",\"name\":\"Schweizer Musikzeitung\",\"description\":\"Die f\u00fchrende sparten\u00fcbergreifende Monatszeitung in der Schweiz f\u00fcr musikalische Fragen.\",\"publisher\":{\"@id\":\"https:\\\/\\\/www.musikzeitung.ch\\\/#organization\"},\"potentialAction\":[{\"@type\":\"SearchAction\",\"target\":{\"@type\":\"EntryPoint\",\"urlTemplate\":\"https:\\\/\\\/www.musikzeitung.ch\\\/?s={search_term_string}\"},\"query-input\":{\"@type\":\"PropertyValueSpecification\",\"valueRequired\":true,\"valueName\":\"search_term_string\"}}],\"inLanguage\":\"en-US\"},{\"@type\":\"Organization\",\"@id\":\"https:\\\/\\\/www.musikzeitung.ch\\\/#organization\",\"name\":\"Schweizer Musikzeitung\",\"url\":\"https:\\\/\\\/www.musikzeitung.ch\\\/\",\"logo\":{\"@type\":\"ImageObject\",\"inLanguage\":\"en-US\",\"@id\":\"https:\\\/\\\/www.musikzeitung.ch\\\/#\\\/schema\\\/logo\\\/image\\\/\",\"url\":\"https:\\\/\\\/www.musikzeitung.ch\\\/wp-content\\\/uploads\\\/2023\\\/01\\\/SMZ_Schriftzug_Sprache.png\",\"contentUrl\":\"https:\\\/\\\/www.musikzeitung.ch\\\/wp-content\\\/uploads\\\/2023\\\/01\\\/SMZ_Schriftzug_Sprache.png\",\"width\":1400,\"height\":279,\"caption\":\"Schweizer Musikzeitung\"},\"image\":{\"@id\":\"https:\\\/\\\/www.musikzeitung.ch\\\/#\\\/schema\\\/logo\\\/image\\\/\"},\"sameAs\":[\"https:\\\/\\\/www.facebook.com\\\/SchweizerMusikzeitung\\\/\",\"https:\\\/\\\/x.com\\\/smusikzeitung\",\"https:\\\/\\\/www.instagram.com\\\/musikzeitung.ch\\\/\"]},{\"@type\":\"Person\",\"@id\":\"https:\\\/\\\/www.musikzeitung.ch\\\/#\\\/schema\\\/person\\\/ea3d7b86bd7157c78c7ddd37f2f82b5b\",\"name\":\"pia.schwab\",\"image\":{\"@type\":\"ImageObject\",\"inLanguage\":\"en-US\",\"@id\":\"https:\\\/\\\/secure.gravatar.com\\\/avatar\\\/d39d170de4c2d07e897fbc26cf9d890fc046285c742207b86d8ebabe5fcde2c4?s=96&d=mm&r=g\",\"url\":\"https:\\\/\\\/secure.gravatar.com\\\/avatar\\\/d39d170de4c2d07e897fbc26cf9d890fc046285c742207b86d8ebabe5fcde2c4?s=96&d=mm&r=g\",\"contentUrl\":\"https:\\\/\\\/secure.gravatar.com\\\/avatar\\\/d39d170de4c2d07e897fbc26cf9d890fc046285c742207b86d8ebabe5fcde2c4?s=96&d=mm&r=g\",\"caption\":\"pia.schwab\"},\"url\":\"https:\\\/\\\/www.musikzeitung.ch\\\/en\\\/author\\\/pia-schwab\"}]}<\/script>\n<!-- \/ Yoast SEO plugin. -->","yoast_head_json":{"title":"Pop in Ticino dialect - Swiss Music Journal","description":"A language threatened with extinction characterizes the vocal lyrics of Aris Bassetti's solo project \"Mort\u00f2ri\".","robots":{"index":"index","follow":"follow","max-snippet":"max-snippet:-1","max-image-preview":"max-image-preview:large","max-video-preview":"max-video-preview:-1"},"canonical":"https:\/\/www.musikzeitung.ch\/en\/rezensionen\/tontraeger-rezensionen\/2025\/03\/pop-in-tessiner-dialekt\/","og_locale":"en_US","og_type":"article","og_title":"Pop in Tessiner Dialekt - Schweizer Musikzeitung","og_description":"Eine vom Aussterben bedrohte Sprache charakterisiert die Gesangstexte von Aris Bassettis Soloprojekt \u00abMort\u00f2ri\u00bb.","og_url":"https:\/\/www.musikzeitung.ch\/en\/rezensionen\/tontraeger-rezensionen\/2025\/03\/pop-in-tessiner-dialekt\/","og_site_name":"Schweizer Musikzeitung","article_publisher":"https:\/\/www.facebook.com\/SchweizerMusikzeitung\/","article_published_time":"2025-03-20T09:40:26+00:00","article_modified_time":"2025-04-14T13:38:04+00:00","og_image":[{"width":1033,"height":775,"url":"https:\/\/www.musikzeitung.ch\/wp-content\/uploads\/2025\/03\/Mortori.jpg","type":"image\/jpeg"}],"author":"pia.schwab","twitter_card":"summary_large_image","twitter_creator":"@smusikzeitung","twitter_site":"@smusikzeitung","twitter_misc":{"Written by":"pia.schwab","Est. reading time":"2 minutes"},"schema":{"@context":"https:\/\/schema.org","@graph":[{"@type":"Article","@id":"https:\/\/www.musikzeitung.ch\/rezensionen\/tontraeger-rezensionen\/2025\/03\/pop-in-tessiner-dialekt#article","isPartOf":{"@id":"https:\/\/www.musikzeitung.ch\/rezensionen\/tontraeger-rezensionen\/2025\/03\/pop-in-tessiner-dialekt"},"author":{"name":"pia.schwab","@id":"https:\/\/www.musikzeitung.ch\/#\/schema\/person\/ea3d7b86bd7157c78c7ddd37f2f82b5b"},"headline":"Pop in Tessiner Dialekt","datePublished":"2025-03-20T09:40:26+00:00","dateModified":"2025-04-14T13:38:04+00:00","mainEntityOfPage":{"@id":"https:\/\/www.musikzeitung.ch\/rezensionen\/tontraeger-rezensionen\/2025\/03\/pop-in-tessiner-dialekt"},"wordCount":258,"publisher":{"@id":"https:\/\/www.musikzeitung.ch\/#organization"},"image":{"@id":"https:\/\/www.musikzeitung.ch\/rezensionen\/tontraeger-rezensionen\/2025\/03\/pop-in-tessiner-dialekt#primaryimage"},"thumbnailUrl":"https:\/\/www.musikzeitung.ch\/wp-content\/uploads\/2025\/03\/Mortori.jpg","keywords":["Aris Bassetti"],"articleSection":["Rezensionen","Tontr\u00e4ger"],"inLanguage":"en-US"},{"@type":"WebPage","@id":"https:\/\/www.musikzeitung.ch\/rezensionen\/tontraeger-rezensionen\/2025\/03\/pop-in-tessiner-dialekt","url":"https:\/\/www.musikzeitung.ch\/rezensionen\/tontraeger-rezensionen\/2025\/03\/pop-in-tessiner-dialekt","name":"Pop in Ticino dialect - Swiss Music Journal","isPartOf":{"@id":"https:\/\/www.musikzeitung.ch\/#website"},"primaryImageOfPage":{"@id":"https:\/\/www.musikzeitung.ch\/rezensionen\/tontraeger-rezensionen\/2025\/03\/pop-in-tessiner-dialekt#primaryimage"},"image":{"@id":"https:\/\/www.musikzeitung.ch\/rezensionen\/tontraeger-rezensionen\/2025\/03\/pop-in-tessiner-dialekt#primaryimage"},"thumbnailUrl":"https:\/\/www.musikzeitung.ch\/wp-content\/uploads\/2025\/03\/Mortori.jpg","datePublished":"2025-03-20T09:40:26+00:00","dateModified":"2025-04-14T13:38:04+00:00","description":"A language threatened with extinction characterizes the vocal lyrics of Aris Bassetti's solo project \"Mort\u00f2ri\".","breadcrumb":{"@id":"https:\/\/www.musikzeitung.ch\/rezensionen\/tontraeger-rezensionen\/2025\/03\/pop-in-tessiner-dialekt#breadcrumb"},"inLanguage":"en-US","potentialAction":[{"@type":"ReadAction","target":["https:\/\/www.musikzeitung.ch\/rezensionen\/tontraeger-rezensionen\/2025\/03\/pop-in-tessiner-dialekt"]}]},{"@type":"ImageObject","inLanguage":"en-US","@id":"https:\/\/www.musikzeitung.ch\/rezensionen\/tontraeger-rezensionen\/2025\/03\/pop-in-tessiner-dialekt#primaryimage","url":"https:\/\/www.musikzeitung.ch\/wp-content\/uploads\/2025\/03\/Mortori.jpg","contentUrl":"https:\/\/www.musikzeitung.ch\/wp-content\/uploads\/2025\/03\/Mortori.jpg","width":1033,"height":775},{"@type":"BreadcrumbList","@id":"https:\/\/www.musikzeitung.ch\/rezensionen\/tontraeger-rezensionen\/2025\/03\/pop-in-tessiner-dialekt#breadcrumb","itemListElement":[{"@type":"ListItem","position":1,"name":"Home","item":"https:\/\/www.musikzeitung.ch\/"},{"@type":"ListItem","position":2,"name":"Pop in Tessiner Dialekt"}]},{"@type":"WebSite","@id":"https:\/\/www.musikzeitung.ch\/#website","url":"https:\/\/www.musikzeitung.ch\/","name":"Swiss Music Newspaper","description":"The leading interdisciplinary monthly newspaper in Switzerland for musical issues.","publisher":{"@id":"https:\/\/www.musikzeitung.ch\/#organization"},"potentialAction":[{"@type":"SearchAction","target":{"@type":"EntryPoint","urlTemplate":"https:\/\/www.musikzeitung.ch\/?s={search_term_string}"},"query-input":{"@type":"PropertyValueSpecification","valueRequired":true,"valueName":"search_term_string"}}],"inLanguage":"en-US"},{"@type":"Organization","@id":"https:\/\/www.musikzeitung.ch\/#organization","name":"Swiss Music Newspaper","url":"https:\/\/www.musikzeitung.ch\/","logo":{"@type":"ImageObject","inLanguage":"en-US","@id":"https:\/\/www.musikzeitung.ch\/#\/schema\/logo\/image\/","url":"https:\/\/www.musikzeitung.ch\/wp-content\/uploads\/2023\/01\/SMZ_Schriftzug_Sprache.png","contentUrl":"https:\/\/www.musikzeitung.ch\/wp-content\/uploads\/2023\/01\/SMZ_Schriftzug_Sprache.png","width":1400,"height":279,"caption":"Schweizer Musikzeitung"},"image":{"@id":"https:\/\/www.musikzeitung.ch\/#\/schema\/logo\/image\/"},"sameAs":["https:\/\/www.facebook.com\/SchweizerMusikzeitung\/","https:\/\/x.com\/smusikzeitung","https:\/\/www.instagram.com\/musikzeitung.ch\/"]},{"@type":"Person","@id":"https:\/\/www.musikzeitung.ch\/#\/schema\/person\/ea3d7b86bd7157c78c7ddd37f2f82b5b","name":"pia.schwab","image":{"@type":"ImageObject","inLanguage":"en-US","@id":"https:\/\/secure.gravatar.com\/avatar\/d39d170de4c2d07e897fbc26cf9d890fc046285c742207b86d8ebabe5fcde2c4?s=96&d=mm&r=g","url":"https:\/\/secure.gravatar.com\/avatar\/d39d170de4c2d07e897fbc26cf9d890fc046285c742207b86d8ebabe5fcde2c4?s=96&d=mm&r=g","contentUrl":"https:\/\/secure.gravatar.com\/avatar\/d39d170de4c2d07e897fbc26cf9d890fc046285c742207b86d8ebabe5fcde2c4?s=96&d=mm&r=g","caption":"pia.schwab"},"url":"https:\/\/www.musikzeitung.ch\/en\/author\/pia-schwab"}]}},"publishpress_future_workflow_manual_trigger":{"enabledWorkflows":[]},"_links":{"self":[{"href":"https:\/\/www.musikzeitung.ch\/en\/wp-json\/wp\/v2\/posts\/63873","targetHints":{"allow":["GET"]}}],"collection":[{"href":"https:\/\/www.musikzeitung.ch\/en\/wp-json\/wp\/v2\/posts"}],"about":[{"href":"https:\/\/www.musikzeitung.ch\/en\/wp-json\/wp\/v2\/types\/post"}],"author":[{"embeddable":true,"href":"https:\/\/www.musikzeitung.ch\/en\/wp-json\/wp\/v2\/users\/29"}],"replies":[{"embeddable":true,"href":"https:\/\/www.musikzeitung.ch\/en\/wp-json\/wp\/v2\/comments?post=63873"}],"version-history":[{"count":1,"href":"https:\/\/www.musikzeitung.ch\/en\/wp-json\/wp\/v2\/posts\/63873\/revisions"}],"predecessor-version":[{"id":63879,"href":"https:\/\/www.musikzeitung.ch\/en\/wp-json\/wp\/v2\/posts\/63873\/revisions\/63879"}],"wp:featuredmedia":[{"embeddable":true,"href":"https:\/\/www.musikzeitung.ch\/en\/wp-json\/wp\/v2\/media\/63878"}],"wp:attachment":[{"href":"https:\/\/www.musikzeitung.ch\/en\/wp-json\/wp\/v2\/media?parent=63873"}],"wp:term":[{"taxonomy":"category","embeddable":true,"href":"https:\/\/www.musikzeitung.ch\/en\/wp-json\/wp\/v2\/categories?post=63873"},{"taxonomy":"post_tag","embeddable":true,"href":"https:\/\/www.musikzeitung.ch\/en\/wp-json\/wp\/v2\/tags?post=63873"}],"curies":[{"name":"wp","href":"https:\/\/api.w.org\/{rel}","templated":true}]}}