{"id":6389,"date":"2014-09-04T00:00:00","date_gmt":"2014-09-03T23:00:00","guid":{"rendered":"https:\/\/www.musikzeitung.ch\/allgemein\/vom-lokal-engen-zum-kosmopolitischen\/"},"modified":"2024-08-13T15:11:01","modified_gmt":"2024-08-13T13:11:01","slug":"vom-lokal-engen-zum-kosmopolitischen","status":"publish","type":"post","link":"https:\/\/www.musikzeitung.ch\/en\/rezensionen\/buecher-rezensionen\/2014\/09\/vom-lokal-engen-zum-kosmopolitischen","title":{"rendered":"From the local narrow to the cosmopolitan"},"content":{"rendered":"\n\n<figure style=\"width: 554px\" class=\"wp-caption alignnone\"><img loading=\"lazy\" decoding=\"async\" src=\"https:\/\/www.musikzeitung.ch\/wp-content\/uploads\/2023\/01\/Lu-4.jpg\" alt=\"\" width=\"554\" height=\"370\" \/><figcaption class=\"wp-caption-text\">Warteschlange f\u00fcr \u00ab40min\u00bb vor dem KKL im Sommer 2014. Foto: \u00a9 Priska Ketterer, Lucerne Festival<\/figcaption><\/figure>\n<div class=\"text-section\">\n<p>Er ist zweifellos einer der profundesten Kenner des Lucerne Festivals: Erich Singer, der ab 1980 f\u00fcr die Festwochen t\u00e4tig war als Leiter des k\u00fcnstlerischen B\u00fcros und Redaktor der Programmhefte. Ein positiver wie negativer Umstand, denn wer einer Institution so nahe ist, hat es schwer, kritischen Abstand zu wahren.<\/p>\n<p>Lange hat man auf das Resultat von Singers Recherchen gewartet, nun ist es endlich da unter dem Titel <em>Lucerne Festival \u2013 Von Toscanini zu Abbado<\/em>: ein umfangreicher, h\u00f6chst bibliophiler \u00abW\u00e4lzer\u00bb von 400 Seiten mit zahllosen, bisher unbekannten Abbildungen, bei denen man stundenlang verweilen kann \u2013 einer der grossen Vorteile dieser Festspielgeschichte.<\/p>\n<p>Nach der Lekt\u00fcre des detailreichen Textes muss man sich allerdings fragen, wo ein deutender Autor am Werk ist und wo dieser Anspruch endet. Bis zum Ende der \u00c4ra Ulrich Meyer-Schoellkopf w\u00e4hlt Singer als Gliederungsprinzip mehr oder weniger die einzelnen Saisons, stellt Programme zur Diskussion oder fokussiert auf Deb\u00fcts wichtiger Dirigenten oder Solistinnen und Solisten. Bei der \u00c4ra Matthias Bamert \u00e4ndert die Gestaltungsweise, nun setzt Singer thematische Schwerpunkte, \u00abFestival im Festival\u00bb, \u00abComposer in Residence\u00bb oder \u00abLate-Night-Konzerte\u00bb heissen die \u00dcberschriften. Es sind Neuerungen, die Bamert in seiner Amtszeit in Luzern eingef\u00fchrt hat.<\/p>\n<p>Dann folgen das \u00abSonderjahr 1997\u00bb, der Abriss des Kunsthauses und das Gastspiel in Emmen. Hier l\u00e4sst Singer pl\u00f6tzlich von ihm interviewte Pers\u00f6nlichkeiten wie Bamert und Toni Krein, damals Leiter des k\u00fcnstlerischen B\u00fcros, erz\u00e4hlen. Ein Prinzip, das der Autor auch f\u00fcr die folgende \u00abGegenwart\u00bb ab 1998 anwendet, wo er auf lediglich 23 Seiten mehrheitlich Intendant Michael H\u00e4fliger, Pr\u00e4sident Hubert Achermann und andere Auskunft geben l\u00e4sst.<\/p>\n<p>Als \u00abaccelerierendes Verfahren\u00bb bezeichnet Singer dieses Vorgehen, mit dem er elegant Friktionen mit der aktuellen Intendanz umgehen kann und obendrein verhindert, dass die Festspielgeschichte zu sehr ausufert. Denn was die Anf\u00e4nge betrifft, sind diese extensiv recherchiert und differenziert bewertet. Zwar gibt es zur M\u00e4r vom antifaschistischen \u00abGegenfestival\u00bb von 1938 mit Toscanini nichts Neues, aber Singer schreibt treffend: \u00abDie politischen Ereignisse fungierten gewissermassen Schritt f\u00fcr Schritt als Voraussetzung f\u00fcr den Handlungsspielraum der Luzerner Organisatoren.\u00bb<\/p>\n<p>Anregend ist es allemal, wie der Autor die Geschichte entwickelt: die Euphorie um Toscanini, der Geldsegen durch den umstrittenen Emil B\u00fchrle ab 1942, der damit m\u00f6gliche Aufbau des Festspielorchesters, die triumphalen Jahre mit den charismatischen Dirigentenpers\u00f6nlichkeiten Wilhelm Furtw\u00e4ngler und Herbert von Karajan, der Einzug so namhafter K\u00fcnstler wie Dinu Lipatti, Yehudi Menuhin oder Clara Haskil \u2013 um nur einige zu nennen.<\/p>\n<p>Spannend wird es immer dann, wenn Singer wertend eingreift, etwa beim Fazit zu Walter Strebis Pr\u00e4sidentschaft, denn dieser \u00abbeliess \u2026 die zahlungsf\u00e4hige Besucherschaft im kulturb\u00fcrgerlichen Glauben, dass Sch\u00f6nes vor allem sch\u00f6n und festlich serviert werden m\u00fcsste\u00bb. Oder wenn er 1966 als ein Jahr der Abl\u00f6sung bezeichnet: \u00abAndr\u00e9 Cluytens starb ein knappes Jahr nach seinem letzten Luzerner Konzert \u2026, Bernhard Haitink und Claudio Abbado hingegen betraten zum ersten Mal das Kunsthaus-Podium.\u00bb Auch die Krise von 1968 wird aufgearbeitet und die Presse ger\u00fcgt: \u00abKurz, jede Un- und Halbwahrheit wurde ausgeschlachtet.\u00bb Damals schlug f\u00fcr Luzern die Stunde der Professionalisierung, die Einf\u00fchrung des im Ausland \u00abl\u00e4ngst praktizierten und bew\u00e4hrten Direktorialprinzips\u00bb. Mit Rudolf Baumgartner gab es erstmals einen k\u00fcnstlerischen Direktor, der das Gesamtprogramm unter ein Leitthema stellte.<\/p>\n<p>Singer schildert eindr\u00fccklich Baumgartners Innovation, die Ber\u00fccksichtigung der Moderne, sein Bem\u00fchen um neue Publikumsschichten und sein Scheitern: \u00abSomit schoss Baumgartner unter den Voraussetzungen und Bedingungen seiner Zeit \u00fcbers Ziel hinaus. Die k\u00fcnstlerische Vision allein gen\u00fcgte nicht: der Unterboden (Publikum, \u00d6konomie, Lokalpolitik usw.) vermochte die allzu befrachtete Saat kompromissloser Kreativit\u00e4t (noch) nicht zu schlucken.\u00bb<\/p>\n<p>W\u00e4hrend hier analysiert wird, bleibt die Darstellung umso deskriptiver, je n\u00e4her man der Gegenwart kommt. Die Hintergr\u00fcnde der Aufl\u00f6sung des Festspielorchesters bleiben im Dunkeln, es gibt kein kritisches Wort zur Entwicklung des Festivals in den letzten Jahren. \u00abAls ehemaliger Hotelier mit internationaler Klientel verlegte er [J\u00fcrg R. Reinshagen, Stiftungsratspr\u00e4sident bis 2009] die Gewichte vom lokal Engen, gar Provinziellen zum Kosmopolitischen\u00bb, schreibt Singer, dessen Fokus auf dem gewaltigen Ausbau liegt. Das KKL hat viel dazu beigetragen.<\/p>\n<\/div>\n<div class=\"text-section\">\n<dl class=\"picture media photo\">\n<dt><img decoding=\"async\" class=\"media photo aligncenter\" src=\"https:\/\/www.musikzeitung.ch\/wp-content\/uploads\/2023\/01\/LUC.jpg\" alt=\"Image \" \/><\/dt>\n<\/dl>\n<\/div>\n<div class=\"text-section\">\n<p><em>Erich Singer: Lucerne Festival \u2013 Von Toscanini zu Abbado, 400 S., inkl. DVD, Fr. 79.00, Pro Libro, Luzern 2014,<br \/>\nISBN 978-3-905927-03-0<\/em><\/p>\n<\/div>\n","protected":false},"excerpt":{"rendered":"<p><strong>A festival history illuminates the development of the music festival weeks from 1938 to today's Lucerne Festival with changing focal points. <\/strong><\/p>","protected":false},"author":1,"featured_media":6390,"comment_status":"closed","ping_status":"closed","sticky":false,"template":"","format":"standard","meta":{"_acf_changed":false,"_relevanssi_hide_post":"","_relevanssi_hide_content":"","_relevanssi_pin_for_all":"","_relevanssi_pin_keywords":"","_relevanssi_unpin_keywords":"","_relevanssi_related_keywords":"","_relevanssi_related_include_ids":"","_relevanssi_related_exclude_ids":"","_relevanssi_related_no_append":"","_relevanssi_related_not_related":"","_relevanssi_related_posts":"","_relevanssi_noindex_reason":"","pgc_sgb_lightbox_settings":"","footnotes":""},"categories":[1214,29],"tags":[],"class_list":["post-6389","post","type-post","status-publish","format-standard","has-post-thumbnail","hentry","category-buecher-rezensionen","category-rezensionen"],"acf":[],"yoast_head":"<!-- This site is optimized with the Yoast SEO plugin v27.4 - https:\/\/yoast.com\/product\/yoast-seo-wordpress\/ -->\n<title>Vom lokal Engen zum Kosmopolitischen - Schweizer Musikzeitung<\/title>\n<meta name=\"robots\" content=\"index, follow, max-snippet:-1, max-image-preview:large, max-video-preview:-1\" \/>\n<link rel=\"canonical\" href=\"https:\/\/www.musikzeitung.ch\/en\/rezensionen\/buecher-rezensionen\/2014\/09\/vom-lokal-engen-zum-kosmopolitischen\/\" \/>\n<meta property=\"og:locale\" content=\"en_US\" \/>\n<meta property=\"og:type\" content=\"article\" \/>\n<meta property=\"og:title\" content=\"Vom lokal Engen zum Kosmopolitischen - Schweizer Musikzeitung\" \/>\n<meta property=\"og:description\" content=\"Eine Festspielgeschichte beleuchtet die Entwicklung der Musikfestwochen von 1938 bis zum heutigen Lucerne Festival mit wechselnden Schwerpunkten.\" \/>\n<meta property=\"og:url\" content=\"https:\/\/www.musikzeitung.ch\/en\/rezensionen\/buecher-rezensionen\/2014\/09\/vom-lokal-engen-zum-kosmopolitischen\/\" \/>\n<meta property=\"og:site_name\" content=\"Schweizer Musikzeitung\" \/>\n<meta property=\"article:publisher\" content=\"https:\/\/www.facebook.com\/SchweizerMusikzeitung\/\" \/>\n<meta property=\"article:published_time\" content=\"2014-09-03T23:00:00+00:00\" \/>\n<meta property=\"article:modified_time\" content=\"2024-08-13T13:11:01+00:00\" \/>\n<meta property=\"og:image\" content=\"https:\/\/www.musikzeitung.ch\/wp-content\/uploads\/2023\/01\/Lu-4.jpg\" \/>\n\t<meta property=\"og:image:width\" content=\"554\" \/>\n\t<meta property=\"og:image:height\" content=\"370\" \/>\n\t<meta property=\"og:image:type\" content=\"image\/jpeg\" \/>\n<meta name=\"author\" content=\"Musikzeitung-Redaktion\" \/>\n<meta name=\"twitter:card\" content=\"summary_large_image\" \/>\n<meta name=\"twitter:creator\" content=\"@smusikzeitung\" \/>\n<meta name=\"twitter:site\" content=\"@smusikzeitung\" \/>\n<meta name=\"twitter:label1\" content=\"Written by\" \/>\n\t<meta name=\"twitter:data1\" content=\"Musikzeitung-Redaktion\" \/>\n\t<meta name=\"twitter:label2\" content=\"Est. reading time\" \/>\n\t<meta name=\"twitter:data2\" content=\"5 minutes\" \/>\n<script type=\"application\/ld+json\" class=\"yoast-schema-graph\">{\"@context\":\"https:\\\/\\\/schema.org\",\"@graph\":[{\"@type\":\"Article\",\"@id\":\"https:\\\/\\\/www.musikzeitung.ch\\\/rezensionen\\\/buecher-rezensionen\\\/2014\\\/09\\\/vom-lokal-engen-zum-kosmopolitischen#article\",\"isPartOf\":{\"@id\":\"https:\\\/\\\/www.musikzeitung.ch\\\/rezensionen\\\/buecher-rezensionen\\\/2014\\\/09\\\/vom-lokal-engen-zum-kosmopolitischen\"},\"author\":{\"name\":\"Musikzeitung-Redaktion\",\"@id\":\"https:\\\/\\\/www.musikzeitung.ch\\\/#\\\/schema\\\/person\\\/b2fd892c800856270b9dcc6001265712\"},\"headline\":\"Vom lokal Engen zum Kosmopolitischen\",\"datePublished\":\"2014-09-03T23:00:00+00:00\",\"dateModified\":\"2024-08-13T13:11:01+00:00\",\"mainEntityOfPage\":{\"@id\":\"https:\\\/\\\/www.musikzeitung.ch\\\/rezensionen\\\/buecher-rezensionen\\\/2014\\\/09\\\/vom-lokal-engen-zum-kosmopolitischen\"},\"wordCount\":721,\"publisher\":{\"@id\":\"https:\\\/\\\/www.musikzeitung.ch\\\/#organization\"},\"image\":{\"@id\":\"https:\\\/\\\/www.musikzeitung.ch\\\/rezensionen\\\/buecher-rezensionen\\\/2014\\\/09\\\/vom-lokal-engen-zum-kosmopolitischen#primaryimage\"},\"thumbnailUrl\":\"https:\\\/\\\/www.musikzeitung.ch\\\/wp-content\\\/uploads\\\/2023\\\/01\\\/Lu-4.jpg\",\"articleSection\":[\"B\u00fccher\",\"Rezensionen\"],\"inLanguage\":\"en-US\"},{\"@type\":\"WebPage\",\"@id\":\"https:\\\/\\\/www.musikzeitung.ch\\\/rezensionen\\\/buecher-rezensionen\\\/2014\\\/09\\\/vom-lokal-engen-zum-kosmopolitischen\",\"url\":\"https:\\\/\\\/www.musikzeitung.ch\\\/rezensionen\\\/buecher-rezensionen\\\/2014\\\/09\\\/vom-lokal-engen-zum-kosmopolitischen\",\"name\":\"Vom lokal Engen zum Kosmopolitischen - Schweizer Musikzeitung\",\"isPartOf\":{\"@id\":\"https:\\\/\\\/www.musikzeitung.ch\\\/#website\"},\"primaryImageOfPage\":{\"@id\":\"https:\\\/\\\/www.musikzeitung.ch\\\/rezensionen\\\/buecher-rezensionen\\\/2014\\\/09\\\/vom-lokal-engen-zum-kosmopolitischen#primaryimage\"},\"image\":{\"@id\":\"https:\\\/\\\/www.musikzeitung.ch\\\/rezensionen\\\/buecher-rezensionen\\\/2014\\\/09\\\/vom-lokal-engen-zum-kosmopolitischen#primaryimage\"},\"thumbnailUrl\":\"https:\\\/\\\/www.musikzeitung.ch\\\/wp-content\\\/uploads\\\/2023\\\/01\\\/Lu-4.jpg\",\"datePublished\":\"2014-09-03T23:00:00+00:00\",\"dateModified\":\"2024-08-13T13:11:01+00:00\",\"breadcrumb\":{\"@id\":\"https:\\\/\\\/www.musikzeitung.ch\\\/rezensionen\\\/buecher-rezensionen\\\/2014\\\/09\\\/vom-lokal-engen-zum-kosmopolitischen#breadcrumb\"},\"inLanguage\":\"en-US\",\"potentialAction\":[{\"@type\":\"ReadAction\",\"target\":[\"https:\\\/\\\/www.musikzeitung.ch\\\/rezensionen\\\/buecher-rezensionen\\\/2014\\\/09\\\/vom-lokal-engen-zum-kosmopolitischen\"]}]},{\"@type\":\"ImageObject\",\"inLanguage\":\"en-US\",\"@id\":\"https:\\\/\\\/www.musikzeitung.ch\\\/rezensionen\\\/buecher-rezensionen\\\/2014\\\/09\\\/vom-lokal-engen-zum-kosmopolitischen#primaryimage\",\"url\":\"https:\\\/\\\/www.musikzeitung.ch\\\/wp-content\\\/uploads\\\/2023\\\/01\\\/Lu-4.jpg\",\"contentUrl\":\"https:\\\/\\\/www.musikzeitung.ch\\\/wp-content\\\/uploads\\\/2023\\\/01\\\/Lu-4.jpg\",\"width\":554,\"height\":370},{\"@type\":\"BreadcrumbList\",\"@id\":\"https:\\\/\\\/www.musikzeitung.ch\\\/rezensionen\\\/buecher-rezensionen\\\/2014\\\/09\\\/vom-lokal-engen-zum-kosmopolitischen#breadcrumb\",\"itemListElement\":[{\"@type\":\"ListItem\",\"position\":1,\"name\":\"Home\",\"item\":\"https:\\\/\\\/www.musikzeitung.ch\\\/\"},{\"@type\":\"ListItem\",\"position\":2,\"name\":\"Vom lokal Engen zum Kosmopolitischen\"}]},{\"@type\":\"WebSite\",\"@id\":\"https:\\\/\\\/www.musikzeitung.ch\\\/#website\",\"url\":\"https:\\\/\\\/www.musikzeitung.ch\\\/\",\"name\":\"Schweizer Musikzeitung\",\"description\":\"Die f\u00fchrende sparten\u00fcbergreifende Monatszeitung in der Schweiz f\u00fcr musikalische Fragen.\",\"publisher\":{\"@id\":\"https:\\\/\\\/www.musikzeitung.ch\\\/#organization\"},\"potentialAction\":[{\"@type\":\"SearchAction\",\"target\":{\"@type\":\"EntryPoint\",\"urlTemplate\":\"https:\\\/\\\/www.musikzeitung.ch\\\/?s={search_term_string}\"},\"query-input\":{\"@type\":\"PropertyValueSpecification\",\"valueRequired\":true,\"valueName\":\"search_term_string\"}}],\"inLanguage\":\"en-US\"},{\"@type\":\"Organization\",\"@id\":\"https:\\\/\\\/www.musikzeitung.ch\\\/#organization\",\"name\":\"Schweizer Musikzeitung\",\"url\":\"https:\\\/\\\/www.musikzeitung.ch\\\/\",\"logo\":{\"@type\":\"ImageObject\",\"inLanguage\":\"en-US\",\"@id\":\"https:\\\/\\\/www.musikzeitung.ch\\\/#\\\/schema\\\/logo\\\/image\\\/\",\"url\":\"https:\\\/\\\/www.musikzeitung.ch\\\/wp-content\\\/uploads\\\/2023\\\/01\\\/SMZ_Schriftzug_Sprache.png\",\"contentUrl\":\"https:\\\/\\\/www.musikzeitung.ch\\\/wp-content\\\/uploads\\\/2023\\\/01\\\/SMZ_Schriftzug_Sprache.png\",\"width\":1400,\"height\":279,\"caption\":\"Schweizer Musikzeitung\"},\"image\":{\"@id\":\"https:\\\/\\\/www.musikzeitung.ch\\\/#\\\/schema\\\/logo\\\/image\\\/\"},\"sameAs\":[\"https:\\\/\\\/www.facebook.com\\\/SchweizerMusikzeitung\\\/\",\"https:\\\/\\\/x.com\\\/smusikzeitung\",\"https:\\\/\\\/www.instagram.com\\\/musikzeitung.ch\\\/\"]},{\"@type\":\"Person\",\"@id\":\"https:\\\/\\\/www.musikzeitung.ch\\\/#\\\/schema\\\/person\\\/b2fd892c800856270b9dcc6001265712\",\"name\":\"Musikzeitung-Redaktion\",\"image\":{\"@type\":\"ImageObject\",\"inLanguage\":\"en-US\",\"@id\":\"https:\\\/\\\/www.musikzeitung.ch\\\/wp-content\\\/uploads\\\/2022\\\/05\\\/usericon_musikzeitung-96x96.jpg\",\"url\":\"https:\\\/\\\/www.musikzeitung.ch\\\/wp-content\\\/uploads\\\/2022\\\/05\\\/usericon_musikzeitung-96x96.jpg\",\"contentUrl\":\"https:\\\/\\\/www.musikzeitung.ch\\\/wp-content\\\/uploads\\\/2022\\\/05\\\/usericon_musikzeitung-96x96.jpg\",\"caption\":\"Musikzeitung-Redaktion\"},\"url\":\"https:\\\/\\\/www.musikzeitung.ch\\\/en\\\/author\\\/admin\"}]}<\/script>\n<!-- \/ Yoast SEO plugin. -->","yoast_head_json":{"title":"From the locally narrow to the cosmopolitan - Schweizer Musikzeitung","robots":{"index":"index","follow":"follow","max-snippet":"max-snippet:-1","max-image-preview":"max-image-preview:large","max-video-preview":"max-video-preview:-1"},"canonical":"https:\/\/www.musikzeitung.ch\/en\/rezensionen\/buecher-rezensionen\/2014\/09\/vom-lokal-engen-zum-kosmopolitischen\/","og_locale":"en_US","og_type":"article","og_title":"Vom lokal Engen zum Kosmopolitischen - Schweizer Musikzeitung","og_description":"Eine Festspielgeschichte beleuchtet die Entwicklung der Musikfestwochen von 1938 bis zum heutigen Lucerne Festival mit wechselnden Schwerpunkten.","og_url":"https:\/\/www.musikzeitung.ch\/en\/rezensionen\/buecher-rezensionen\/2014\/09\/vom-lokal-engen-zum-kosmopolitischen\/","og_site_name":"Schweizer Musikzeitung","article_publisher":"https:\/\/www.facebook.com\/SchweizerMusikzeitung\/","article_published_time":"2014-09-03T23:00:00+00:00","article_modified_time":"2024-08-13T13:11:01+00:00","og_image":[{"width":554,"height":370,"url":"https:\/\/www.musikzeitung.ch\/wp-content\/uploads\/2023\/01\/Lu-4.jpg","type":"image\/jpeg"}],"author":"Musikzeitung-Redaktion","twitter_card":"summary_large_image","twitter_creator":"@smusikzeitung","twitter_site":"@smusikzeitung","twitter_misc":{"Written by":"Musikzeitung-Redaktion","Est. reading time":"5 minutes"},"schema":{"@context":"https:\/\/schema.org","@graph":[{"@type":"Article","@id":"https:\/\/www.musikzeitung.ch\/rezensionen\/buecher-rezensionen\/2014\/09\/vom-lokal-engen-zum-kosmopolitischen#article","isPartOf":{"@id":"https:\/\/www.musikzeitung.ch\/rezensionen\/buecher-rezensionen\/2014\/09\/vom-lokal-engen-zum-kosmopolitischen"},"author":{"name":"Musikzeitung-Redaktion","@id":"https:\/\/www.musikzeitung.ch\/#\/schema\/person\/b2fd892c800856270b9dcc6001265712"},"headline":"Vom lokal Engen zum Kosmopolitischen","datePublished":"2014-09-03T23:00:00+00:00","dateModified":"2024-08-13T13:11:01+00:00","mainEntityOfPage":{"@id":"https:\/\/www.musikzeitung.ch\/rezensionen\/buecher-rezensionen\/2014\/09\/vom-lokal-engen-zum-kosmopolitischen"},"wordCount":721,"publisher":{"@id":"https:\/\/www.musikzeitung.ch\/#organization"},"image":{"@id":"https:\/\/www.musikzeitung.ch\/rezensionen\/buecher-rezensionen\/2014\/09\/vom-lokal-engen-zum-kosmopolitischen#primaryimage"},"thumbnailUrl":"https:\/\/www.musikzeitung.ch\/wp-content\/uploads\/2023\/01\/Lu-4.jpg","articleSection":["B\u00fccher","Rezensionen"],"inLanguage":"en-US"},{"@type":"WebPage","@id":"https:\/\/www.musikzeitung.ch\/rezensionen\/buecher-rezensionen\/2014\/09\/vom-lokal-engen-zum-kosmopolitischen","url":"https:\/\/www.musikzeitung.ch\/rezensionen\/buecher-rezensionen\/2014\/09\/vom-lokal-engen-zum-kosmopolitischen","name":"From the locally narrow to the cosmopolitan - Schweizer Musikzeitung","isPartOf":{"@id":"https:\/\/www.musikzeitung.ch\/#website"},"primaryImageOfPage":{"@id":"https:\/\/www.musikzeitung.ch\/rezensionen\/buecher-rezensionen\/2014\/09\/vom-lokal-engen-zum-kosmopolitischen#primaryimage"},"image":{"@id":"https:\/\/www.musikzeitung.ch\/rezensionen\/buecher-rezensionen\/2014\/09\/vom-lokal-engen-zum-kosmopolitischen#primaryimage"},"thumbnailUrl":"https:\/\/www.musikzeitung.ch\/wp-content\/uploads\/2023\/01\/Lu-4.jpg","datePublished":"2014-09-03T23:00:00+00:00","dateModified":"2024-08-13T13:11:01+00:00","breadcrumb":{"@id":"https:\/\/www.musikzeitung.ch\/rezensionen\/buecher-rezensionen\/2014\/09\/vom-lokal-engen-zum-kosmopolitischen#breadcrumb"},"inLanguage":"en-US","potentialAction":[{"@type":"ReadAction","target":["https:\/\/www.musikzeitung.ch\/rezensionen\/buecher-rezensionen\/2014\/09\/vom-lokal-engen-zum-kosmopolitischen"]}]},{"@type":"ImageObject","inLanguage":"en-US","@id":"https:\/\/www.musikzeitung.ch\/rezensionen\/buecher-rezensionen\/2014\/09\/vom-lokal-engen-zum-kosmopolitischen#primaryimage","url":"https:\/\/www.musikzeitung.ch\/wp-content\/uploads\/2023\/01\/Lu-4.jpg","contentUrl":"https:\/\/www.musikzeitung.ch\/wp-content\/uploads\/2023\/01\/Lu-4.jpg","width":554,"height":370},{"@type":"BreadcrumbList","@id":"https:\/\/www.musikzeitung.ch\/rezensionen\/buecher-rezensionen\/2014\/09\/vom-lokal-engen-zum-kosmopolitischen#breadcrumb","itemListElement":[{"@type":"ListItem","position":1,"name":"Home","item":"https:\/\/www.musikzeitung.ch\/"},{"@type":"ListItem","position":2,"name":"Vom lokal Engen zum Kosmopolitischen"}]},{"@type":"WebSite","@id":"https:\/\/www.musikzeitung.ch\/#website","url":"https:\/\/www.musikzeitung.ch\/","name":"Swiss Music Newspaper","description":"The leading interdisciplinary monthly newspaper in Switzerland for musical issues.","publisher":{"@id":"https:\/\/www.musikzeitung.ch\/#organization"},"potentialAction":[{"@type":"SearchAction","target":{"@type":"EntryPoint","urlTemplate":"https:\/\/www.musikzeitung.ch\/?s={search_term_string}"},"query-input":{"@type":"PropertyValueSpecification","valueRequired":true,"valueName":"search_term_string"}}],"inLanguage":"en-US"},{"@type":"Organization","@id":"https:\/\/www.musikzeitung.ch\/#organization","name":"Swiss Music Newspaper","url":"https:\/\/www.musikzeitung.ch\/","logo":{"@type":"ImageObject","inLanguage":"en-US","@id":"https:\/\/www.musikzeitung.ch\/#\/schema\/logo\/image\/","url":"https:\/\/www.musikzeitung.ch\/wp-content\/uploads\/2023\/01\/SMZ_Schriftzug_Sprache.png","contentUrl":"https:\/\/www.musikzeitung.ch\/wp-content\/uploads\/2023\/01\/SMZ_Schriftzug_Sprache.png","width":1400,"height":279,"caption":"Schweizer Musikzeitung"},"image":{"@id":"https:\/\/www.musikzeitung.ch\/#\/schema\/logo\/image\/"},"sameAs":["https:\/\/www.facebook.com\/SchweizerMusikzeitung\/","https:\/\/x.com\/smusikzeitung","https:\/\/www.instagram.com\/musikzeitung.ch\/"]},{"@type":"Person","@id":"https:\/\/www.musikzeitung.ch\/#\/schema\/person\/b2fd892c800856270b9dcc6001265712","name":"Music newspaper editorial office","image":{"@type":"ImageObject","inLanguage":"en-US","@id":"https:\/\/www.musikzeitung.ch\/wp-content\/uploads\/2022\/05\/usericon_musikzeitung-96x96.jpg","url":"https:\/\/www.musikzeitung.ch\/wp-content\/uploads\/2022\/05\/usericon_musikzeitung-96x96.jpg","contentUrl":"https:\/\/www.musikzeitung.ch\/wp-content\/uploads\/2022\/05\/usericon_musikzeitung-96x96.jpg","caption":"Musikzeitung-Redaktion"},"url":"https:\/\/www.musikzeitung.ch\/en\/author\/admin"}]}},"publishpress_future_workflow_manual_trigger":{"enabledWorkflows":[]},"_links":{"self":[{"href":"https:\/\/www.musikzeitung.ch\/en\/wp-json\/wp\/v2\/posts\/6389","targetHints":{"allow":["GET"]}}],"collection":[{"href":"https:\/\/www.musikzeitung.ch\/en\/wp-json\/wp\/v2\/posts"}],"about":[{"href":"https:\/\/www.musikzeitung.ch\/en\/wp-json\/wp\/v2\/types\/post"}],"author":[{"embeddable":true,"href":"https:\/\/www.musikzeitung.ch\/en\/wp-json\/wp\/v2\/users\/1"}],"replies":[{"embeddable":true,"href":"https:\/\/www.musikzeitung.ch\/en\/wp-json\/wp\/v2\/comments?post=6389"}],"version-history":[{"count":2,"href":"https:\/\/www.musikzeitung.ch\/en\/wp-json\/wp\/v2\/posts\/6389\/revisions"}],"predecessor-version":[{"id":56693,"href":"https:\/\/www.musikzeitung.ch\/en\/wp-json\/wp\/v2\/posts\/6389\/revisions\/56693"}],"wp:featuredmedia":[{"embeddable":true,"href":"https:\/\/www.musikzeitung.ch\/en\/wp-json\/wp\/v2\/media\/6390"}],"wp:attachment":[{"href":"https:\/\/www.musikzeitung.ch\/en\/wp-json\/wp\/v2\/media?parent=6389"}],"wp:term":[{"taxonomy":"category","embeddable":true,"href":"https:\/\/www.musikzeitung.ch\/en\/wp-json\/wp\/v2\/categories?post=6389"},{"taxonomy":"post_tag","embeddable":true,"href":"https:\/\/www.musikzeitung.ch\/en\/wp-json\/wp\/v2\/tags?post=6389"}],"curies":[{"name":"wp","href":"https:\/\/api.w.org\/{rel}","templated":true}]}}