{"id":6392,"date":"2014-09-03T00:00:00","date_gmt":"2014-09-02T23:00:00","guid":{"rendered":"https:\/\/www.musikzeitung.ch\/allgemein\/mehr-als-zwoelf-toene\/"},"modified":"2024-08-13T15:12:12","modified_gmt":"2024-08-13T13:12:12","slug":"mehr-als-zwoelf-toene","status":"publish","type":"post","link":"https:\/\/www.musikzeitung.ch\/en\/rezensionen\/buecher-rezensionen\/2014\/09\/mehr-als-zwoelf-toene","title":{"rendered":"More than twelve tones"},"content":{"rendered":"<figure style=\"width: 554px\" class=\"wp-caption alignnone\"><img loading=\"lazy\" decoding=\"async\" src=\"https:\/\/www.musikzeitung.ch\/wp-content\/uploads\/2023\/01\/1024px-Palazzo_Barberini_fountain_and_loggia.jpg\" alt=\"\" width=\"554\" height=\"415\" \/><figcaption class=\"wp-caption-text\">Fountain in front of the Palazzo Barberini in Rome. Photo: Anthony Majanlahti, flickr commons<\/figcaption><\/figure>\n<div class=\"text-section\">\n<p>The dual aim of \"pure\" intonation and reviving the music of ancient Greece occupied composers, theorists and instrument makers from the Renaissance to the 18th century. This resulted in numerous compositions, some of them innovatively notated, as well as keyboard and string instruments with additional keys or frets. Martin Kirnbauer proposes the term \"polyphonic\" for all these musical experiments with more than twelve notes. He chooses a particularly eventful period from the centuries-long preoccupation with polyphony: the situation in Rome under Pope Urban VIII. Barberini (1623-1644). Kirnbauer examines the practical circumstances surrounding the performance of chromatic and enharmonic music and the scope of the confrontation with the ancient genera.<\/p>\n<p>First of all, Andr\u00e9 Maugars' reports on polyphonic music practice in Rome, which were published around 1639 in his <em>R\u00e9ponse faite \u00e0 un curieux sur le sentiment de la musique d'Italie<\/em> are placed in their context. Domenico Mazzocchi had just published his <em>Dialoghi, e sonetti <\/em>and its <em>Madrigali a cinque voci <\/em>(both published in Rome in 1638). Their places of performance, the circles around Giulio Raimondo Mazzarini and Cardinal Francesco Barberini, are described with their diverse cultural points of reference. Giovanni Battista Doni provided a theoretical framework for these efforts. He studied the ancient scales and partly realized his plans for new string, plucked and keyboard instruments. Music by Pietro Eredia, Luigi Rossi, Virgilio Mazzocchi and Pietro della Valle was written in this environment.<\/p>\n<p>Cardinal Francesco Barberini's experimental viola da gamba ensemble is particularly noteworthy. In his \"accademia delle viole\", \"madrigali al tavolino\" were mostly performed instrumentally, not only Carlo Gesualdo's works from the beginning of the century, but also new compositions by Michelangelo Rossi, Domenico dal Pane and others. As late as the 1680s, Alessandro Scarlatti was still writing works in this old-fashioned genre for Christina of Sweden's Roman court. Apart from his madrigals, further echoes of polyphonic music can perhaps be found in the chromatic slow movements of the \"Sonate a quattro senza cembalo\" (<em>Four Sonata a quattro<\/em>ed. by Rosalind Halton, Edition HH, Launton 2014). Several sections of Athanasius Kircher's encyclopaedic <em>Musurgia Universalis<\/em> from 1650 with the musical examples of Galeazzo Sabbatini and Emperor Ferdinand III printed in it can be related to the circle of Doni and Barberini.<\/p>\n<p>The fact that Kirnbauer's habilitation thesis at the University of Basel (2006) is now available as the third volume in a series of publications by the Schola Cantorum Basiliensis already indicates his close connection to musical practice. The musicologist, who works as a curator for musical instruments at the Museum of Music in Basel, has also tested polyphonic music in practice and supervised its recording on several CDs (<em>Canzon del Principe<\/em> for Divox antiqua, <em>La Tavola Cromatica <\/em>for surround sound, <em>Domenico Mazzocchi: Musiche sacre, e morali<\/em> for AS Musique). The technical details of the tunings are clearly presented; the description of the cultural-historical context and the many discussions of the works characterize the book. The extensive appendix contains longer excerpts, in some cases entire works from this exciting repertoire. Kirnbauer convincingly proves, as announced in the preface, that the testimonies of polyphonic music are \"more than footnotes in the historiography of music\": They represent a practical expansion of tonal space with far-reaching consequences for composition and performance practice.<\/p>\n<\/div>\n<div class=\"text-section\">\n<dl class=\"picture media photo\">\n<dt><img decoding=\"async\" class=\"media photo aligncenter\" src=\"https:\/\/www.musikzeitung.ch\/wp-content\/uploads\/2023\/01\/KIr.jpg\" alt=\"Image \" \/><\/dt>\n<\/dl>\n<\/div>\n<div class=\"text-section\">\n<p><em>Martin Kirnbauer, Vielt\u00f6nige Musik: Spielarten chromatischer und enharmonischer Musik in Rom in der ersten H\u00e4fte des 17. Jahrhunderts, (=Schola Cantorum Basiliensis Scripta, Vol. 3), 405 p., Fr. 68.00, Schwabe, Basel 2013, ISBN 978-3-7965-2735-7<\/em><\/p>\n<\/div>","protected":false},"excerpt":{"rendered":"<p><strong>Polyphonic compositions are more than just footnotes in the history of music. This book provides the proof and argues on the basis of examples from the Roman Baroque.<\/strong><\/p>","protected":false},"author":1,"featured_media":6393,"comment_status":"closed","ping_status":"closed","sticky":false,"template":"","format":"standard","meta":{"_acf_changed":false,"_relevanssi_hide_post":"","_relevanssi_hide_content":"","_relevanssi_pin_for_all":"","_relevanssi_pin_keywords":"","_relevanssi_unpin_keywords":"","_relevanssi_related_keywords":"","_relevanssi_related_include_ids":"","_relevanssi_related_exclude_ids":"","_relevanssi_related_no_append":"","_relevanssi_related_not_related":"","_relevanssi_related_posts":"","_relevanssi_noindex_reason":"","pgc_sgb_lightbox_settings":"","footnotes":""},"categories":[1214,29],"tags":[],"class_list":["post-6392","post","type-post","status-publish","format-standard","has-post-thumbnail","hentry","category-buecher-rezensionen","category-rezensionen"],"acf":[],"yoast_head":"<!-- This site is optimized with the Yoast SEO plugin v27.5 - https:\/\/yoast.com\/product\/yoast-seo-wordpress\/ -->\n<title>Mehr als zw\u00f6lf T\u00f6ne - Schweizer Musikzeitung<\/title>\n<meta name=\"robots\" content=\"index, follow, max-snippet:-1, max-image-preview:large, max-video-preview:-1\" \/>\n<link rel=\"canonical\" href=\"https:\/\/www.musikzeitung.ch\/en\/rezensionen\/buecher-rezensionen\/2014\/09\/mehr-als-zwoelf-toene\/\" \/>\n<meta property=\"og:locale\" content=\"en_US\" \/>\n<meta property=\"og:type\" content=\"article\" \/>\n<meta property=\"og:title\" content=\"Mehr als zw\u00f6lf T\u00f6ne - Schweizer Musikzeitung\" \/>\n<meta property=\"og:description\" content=\"Vielt\u00f6nige Kompositionen sind mehr als Fussnoten der Musikgeschichten. Dieses Buch erbringt den Beweis und argumentiert anhand von Beispielen aus dem r\u00f6mischen Barock.\" \/>\n<meta property=\"og:url\" content=\"https:\/\/www.musikzeitung.ch\/en\/rezensionen\/buecher-rezensionen\/2014\/09\/mehr-als-zwoelf-toene\/\" \/>\n<meta property=\"og:site_name\" content=\"Schweizer Musikzeitung\" \/>\n<meta property=\"article:publisher\" content=\"https:\/\/www.facebook.com\/SchweizerMusikzeitung\/\" \/>\n<meta property=\"article:published_time\" content=\"2014-09-02T23:00:00+00:00\" \/>\n<meta property=\"article:modified_time\" content=\"2024-08-13T13:12:12+00:00\" \/>\n<meta property=\"og:image\" content=\"https:\/\/www.musikzeitung.ch\/wp-content\/uploads\/2023\/01\/1024px-Palazzo_Barberini_fountain_and_loggia.jpg\" \/>\n\t<meta property=\"og:image:width\" content=\"554\" \/>\n\t<meta property=\"og:image:height\" content=\"415\" \/>\n\t<meta property=\"og:image:type\" content=\"image\/jpeg\" \/>\n<meta name=\"author\" content=\"Musikzeitung-Redaktion\" \/>\n<meta name=\"twitter:card\" content=\"summary_large_image\" \/>\n<meta name=\"twitter:creator\" content=\"@smusikzeitung\" \/>\n<meta name=\"twitter:site\" content=\"@smusikzeitung\" \/>\n<meta name=\"twitter:label1\" content=\"Written by\" \/>\n\t<meta name=\"twitter:data1\" content=\"Musikzeitung-Redaktion\" \/>\n\t<meta name=\"twitter:label2\" content=\"Est. reading time\" \/>\n\t<meta name=\"twitter:data2\" content=\"4 minutes\" \/>\n<script type=\"application\/ld+json\" class=\"yoast-schema-graph\">{\"@context\":\"https:\\\/\\\/schema.org\",\"@graph\":[{\"@type\":\"Article\",\"@id\":\"https:\\\/\\\/www.musikzeitung.ch\\\/rezensionen\\\/buecher-rezensionen\\\/2014\\\/09\\\/mehr-als-zwoelf-toene#article\",\"isPartOf\":{\"@id\":\"https:\\\/\\\/www.musikzeitung.ch\\\/rezensionen\\\/buecher-rezensionen\\\/2014\\\/09\\\/mehr-als-zwoelf-toene\"},\"author\":{\"name\":\"Musikzeitung-Redaktion\",\"@id\":\"https:\\\/\\\/www.musikzeitung.ch\\\/#\\\/schema\\\/person\\\/b2fd892c800856270b9dcc6001265712\"},\"headline\":\"Mehr als zw\u00f6lf T\u00f6ne\",\"datePublished\":\"2014-09-02T23:00:00+00:00\",\"dateModified\":\"2024-08-13T13:12:12+00:00\",\"mainEntityOfPage\":{\"@id\":\"https:\\\/\\\/www.musikzeitung.ch\\\/rezensionen\\\/buecher-rezensionen\\\/2014\\\/09\\\/mehr-als-zwoelf-toene\"},\"wordCount\":596,\"publisher\":{\"@id\":\"https:\\\/\\\/www.musikzeitung.ch\\\/#organization\"},\"image\":{\"@id\":\"https:\\\/\\\/www.musikzeitung.ch\\\/rezensionen\\\/buecher-rezensionen\\\/2014\\\/09\\\/mehr-als-zwoelf-toene#primaryimage\"},\"thumbnailUrl\":\"https:\\\/\\\/www.musikzeitung.ch\\\/wp-content\\\/uploads\\\/2023\\\/01\\\/1024px-Palazzo_Barberini_fountain_and_loggia.jpg\",\"articleSection\":[\"B\u00fccher\",\"Rezensionen\"],\"inLanguage\":\"en-US\"},{\"@type\":\"WebPage\",\"@id\":\"https:\\\/\\\/www.musikzeitung.ch\\\/rezensionen\\\/buecher-rezensionen\\\/2014\\\/09\\\/mehr-als-zwoelf-toene\",\"url\":\"https:\\\/\\\/www.musikzeitung.ch\\\/rezensionen\\\/buecher-rezensionen\\\/2014\\\/09\\\/mehr-als-zwoelf-toene\",\"name\":\"Mehr als zw\u00f6lf T\u00f6ne - Schweizer Musikzeitung\",\"isPartOf\":{\"@id\":\"https:\\\/\\\/www.musikzeitung.ch\\\/#website\"},\"primaryImageOfPage\":{\"@id\":\"https:\\\/\\\/www.musikzeitung.ch\\\/rezensionen\\\/buecher-rezensionen\\\/2014\\\/09\\\/mehr-als-zwoelf-toene#primaryimage\"},\"image\":{\"@id\":\"https:\\\/\\\/www.musikzeitung.ch\\\/rezensionen\\\/buecher-rezensionen\\\/2014\\\/09\\\/mehr-als-zwoelf-toene#primaryimage\"},\"thumbnailUrl\":\"https:\\\/\\\/www.musikzeitung.ch\\\/wp-content\\\/uploads\\\/2023\\\/01\\\/1024px-Palazzo_Barberini_fountain_and_loggia.jpg\",\"datePublished\":\"2014-09-02T23:00:00+00:00\",\"dateModified\":\"2024-08-13T13:12:12+00:00\",\"breadcrumb\":{\"@id\":\"https:\\\/\\\/www.musikzeitung.ch\\\/rezensionen\\\/buecher-rezensionen\\\/2014\\\/09\\\/mehr-als-zwoelf-toene#breadcrumb\"},\"inLanguage\":\"en-US\",\"potentialAction\":[{\"@type\":\"ReadAction\",\"target\":[\"https:\\\/\\\/www.musikzeitung.ch\\\/rezensionen\\\/buecher-rezensionen\\\/2014\\\/09\\\/mehr-als-zwoelf-toene\"]}]},{\"@type\":\"ImageObject\",\"inLanguage\":\"en-US\",\"@id\":\"https:\\\/\\\/www.musikzeitung.ch\\\/rezensionen\\\/buecher-rezensionen\\\/2014\\\/09\\\/mehr-als-zwoelf-toene#primaryimage\",\"url\":\"https:\\\/\\\/www.musikzeitung.ch\\\/wp-content\\\/uploads\\\/2023\\\/01\\\/1024px-Palazzo_Barberini_fountain_and_loggia.jpg\",\"contentUrl\":\"https:\\\/\\\/www.musikzeitung.ch\\\/wp-content\\\/uploads\\\/2023\\\/01\\\/1024px-Palazzo_Barberini_fountain_and_loggia.jpg\",\"width\":554,\"height\":415},{\"@type\":\"BreadcrumbList\",\"@id\":\"https:\\\/\\\/www.musikzeitung.ch\\\/rezensionen\\\/buecher-rezensionen\\\/2014\\\/09\\\/mehr-als-zwoelf-toene#breadcrumb\",\"itemListElement\":[{\"@type\":\"ListItem\",\"position\":1,\"name\":\"Home\",\"item\":\"https:\\\/\\\/www.musikzeitung.ch\\\/\"},{\"@type\":\"ListItem\",\"position\":2,\"name\":\"Mehr als zw\u00f6lf T\u00f6ne\"}]},{\"@type\":\"WebSite\",\"@id\":\"https:\\\/\\\/www.musikzeitung.ch\\\/#website\",\"url\":\"https:\\\/\\\/www.musikzeitung.ch\\\/\",\"name\":\"Schweizer Musikzeitung\",\"description\":\"Die f\u00fchrende sparten\u00fcbergreifende Monatszeitung in der Schweiz f\u00fcr musikalische Fragen.\",\"publisher\":{\"@id\":\"https:\\\/\\\/www.musikzeitung.ch\\\/#organization\"},\"potentialAction\":[{\"@type\":\"SearchAction\",\"target\":{\"@type\":\"EntryPoint\",\"urlTemplate\":\"https:\\\/\\\/www.musikzeitung.ch\\\/?s={search_term_string}\"},\"query-input\":{\"@type\":\"PropertyValueSpecification\",\"valueRequired\":true,\"valueName\":\"search_term_string\"}}],\"inLanguage\":\"en-US\"},{\"@type\":\"Organization\",\"@id\":\"https:\\\/\\\/www.musikzeitung.ch\\\/#organization\",\"name\":\"Schweizer Musikzeitung\",\"url\":\"https:\\\/\\\/www.musikzeitung.ch\\\/\",\"logo\":{\"@type\":\"ImageObject\",\"inLanguage\":\"en-US\",\"@id\":\"https:\\\/\\\/www.musikzeitung.ch\\\/#\\\/schema\\\/logo\\\/image\\\/\",\"url\":\"https:\\\/\\\/www.musikzeitung.ch\\\/wp-content\\\/uploads\\\/2023\\\/01\\\/SMZ_Schriftzug_Sprache.png\",\"contentUrl\":\"https:\\\/\\\/www.musikzeitung.ch\\\/wp-content\\\/uploads\\\/2023\\\/01\\\/SMZ_Schriftzug_Sprache.png\",\"width\":1400,\"height\":279,\"caption\":\"Schweizer Musikzeitung\"},\"image\":{\"@id\":\"https:\\\/\\\/www.musikzeitung.ch\\\/#\\\/schema\\\/logo\\\/image\\\/\"},\"sameAs\":[\"https:\\\/\\\/www.facebook.com\\\/SchweizerMusikzeitung\\\/\",\"https:\\\/\\\/x.com\\\/smusikzeitung\",\"https:\\\/\\\/www.instagram.com\\\/musikzeitung.ch\\\/\"]},{\"@type\":\"Person\",\"@id\":\"https:\\\/\\\/www.musikzeitung.ch\\\/#\\\/schema\\\/person\\\/b2fd892c800856270b9dcc6001265712\",\"name\":\"Musikzeitung-Redaktion\",\"image\":{\"@type\":\"ImageObject\",\"inLanguage\":\"en-US\",\"@id\":\"https:\\\/\\\/www.musikzeitung.ch\\\/wp-content\\\/uploads\\\/2022\\\/05\\\/usericon_musikzeitung-96x96.jpg\",\"url\":\"https:\\\/\\\/www.musikzeitung.ch\\\/wp-content\\\/uploads\\\/2022\\\/05\\\/usericon_musikzeitung-96x96.jpg\",\"contentUrl\":\"https:\\\/\\\/www.musikzeitung.ch\\\/wp-content\\\/uploads\\\/2022\\\/05\\\/usericon_musikzeitung-96x96.jpg\",\"caption\":\"Musikzeitung-Redaktion\"},\"url\":\"https:\\\/\\\/www.musikzeitung.ch\\\/en\\\/author\\\/admin\"}]}<\/script>\n<!-- \/ Yoast SEO plugin. -->","yoast_head_json":{"title":"More than twelve notes - Schweizer Musikzeitung","robots":{"index":"index","follow":"follow","max-snippet":"max-snippet:-1","max-image-preview":"max-image-preview:large","max-video-preview":"max-video-preview:-1"},"canonical":"https:\/\/www.musikzeitung.ch\/en\/rezensionen\/buecher-rezensionen\/2014\/09\/mehr-als-zwoelf-toene\/","og_locale":"en_US","og_type":"article","og_title":"Mehr als zw\u00f6lf T\u00f6ne - Schweizer Musikzeitung","og_description":"Vielt\u00f6nige Kompositionen sind mehr als Fussnoten der Musikgeschichten. Dieses Buch erbringt den Beweis und argumentiert anhand von Beispielen aus dem r\u00f6mischen Barock.","og_url":"https:\/\/www.musikzeitung.ch\/en\/rezensionen\/buecher-rezensionen\/2014\/09\/mehr-als-zwoelf-toene\/","og_site_name":"Schweizer Musikzeitung","article_publisher":"https:\/\/www.facebook.com\/SchweizerMusikzeitung\/","article_published_time":"2014-09-02T23:00:00+00:00","article_modified_time":"2024-08-13T13:12:12+00:00","og_image":[{"width":554,"height":415,"url":"https:\/\/www.musikzeitung.ch\/wp-content\/uploads\/2023\/01\/1024px-Palazzo_Barberini_fountain_and_loggia.jpg","type":"image\/jpeg"}],"author":"Musikzeitung-Redaktion","twitter_card":"summary_large_image","twitter_creator":"@smusikzeitung","twitter_site":"@smusikzeitung","twitter_misc":{"Written by":"Musikzeitung-Redaktion","Est. reading time":"4 minutes"},"schema":{"@context":"https:\/\/schema.org","@graph":[{"@type":"Article","@id":"https:\/\/www.musikzeitung.ch\/rezensionen\/buecher-rezensionen\/2014\/09\/mehr-als-zwoelf-toene#article","isPartOf":{"@id":"https:\/\/www.musikzeitung.ch\/rezensionen\/buecher-rezensionen\/2014\/09\/mehr-als-zwoelf-toene"},"author":{"name":"Musikzeitung-Redaktion","@id":"https:\/\/www.musikzeitung.ch\/#\/schema\/person\/b2fd892c800856270b9dcc6001265712"},"headline":"Mehr als zw\u00f6lf T\u00f6ne","datePublished":"2014-09-02T23:00:00+00:00","dateModified":"2024-08-13T13:12:12+00:00","mainEntityOfPage":{"@id":"https:\/\/www.musikzeitung.ch\/rezensionen\/buecher-rezensionen\/2014\/09\/mehr-als-zwoelf-toene"},"wordCount":596,"publisher":{"@id":"https:\/\/www.musikzeitung.ch\/#organization"},"image":{"@id":"https:\/\/www.musikzeitung.ch\/rezensionen\/buecher-rezensionen\/2014\/09\/mehr-als-zwoelf-toene#primaryimage"},"thumbnailUrl":"https:\/\/www.musikzeitung.ch\/wp-content\/uploads\/2023\/01\/1024px-Palazzo_Barberini_fountain_and_loggia.jpg","articleSection":["B\u00fccher","Rezensionen"],"inLanguage":"en-US"},{"@type":"WebPage","@id":"https:\/\/www.musikzeitung.ch\/rezensionen\/buecher-rezensionen\/2014\/09\/mehr-als-zwoelf-toene","url":"https:\/\/www.musikzeitung.ch\/rezensionen\/buecher-rezensionen\/2014\/09\/mehr-als-zwoelf-toene","name":"More than twelve notes - Schweizer Musikzeitung","isPartOf":{"@id":"https:\/\/www.musikzeitung.ch\/#website"},"primaryImageOfPage":{"@id":"https:\/\/www.musikzeitung.ch\/rezensionen\/buecher-rezensionen\/2014\/09\/mehr-als-zwoelf-toene#primaryimage"},"image":{"@id":"https:\/\/www.musikzeitung.ch\/rezensionen\/buecher-rezensionen\/2014\/09\/mehr-als-zwoelf-toene#primaryimage"},"thumbnailUrl":"https:\/\/www.musikzeitung.ch\/wp-content\/uploads\/2023\/01\/1024px-Palazzo_Barberini_fountain_and_loggia.jpg","datePublished":"2014-09-02T23:00:00+00:00","dateModified":"2024-08-13T13:12:12+00:00","breadcrumb":{"@id":"https:\/\/www.musikzeitung.ch\/rezensionen\/buecher-rezensionen\/2014\/09\/mehr-als-zwoelf-toene#breadcrumb"},"inLanguage":"en-US","potentialAction":[{"@type":"ReadAction","target":["https:\/\/www.musikzeitung.ch\/rezensionen\/buecher-rezensionen\/2014\/09\/mehr-als-zwoelf-toene"]}]},{"@type":"ImageObject","inLanguage":"en-US","@id":"https:\/\/www.musikzeitung.ch\/rezensionen\/buecher-rezensionen\/2014\/09\/mehr-als-zwoelf-toene#primaryimage","url":"https:\/\/www.musikzeitung.ch\/wp-content\/uploads\/2023\/01\/1024px-Palazzo_Barberini_fountain_and_loggia.jpg","contentUrl":"https:\/\/www.musikzeitung.ch\/wp-content\/uploads\/2023\/01\/1024px-Palazzo_Barberini_fountain_and_loggia.jpg","width":554,"height":415},{"@type":"BreadcrumbList","@id":"https:\/\/www.musikzeitung.ch\/rezensionen\/buecher-rezensionen\/2014\/09\/mehr-als-zwoelf-toene#breadcrumb","itemListElement":[{"@type":"ListItem","position":1,"name":"Home","item":"https:\/\/www.musikzeitung.ch\/"},{"@type":"ListItem","position":2,"name":"Mehr als zw\u00f6lf T\u00f6ne"}]},{"@type":"WebSite","@id":"https:\/\/www.musikzeitung.ch\/#website","url":"https:\/\/www.musikzeitung.ch\/","name":"Swiss Music Newspaper","description":"The leading interdisciplinary monthly newspaper in Switzerland for musical issues.","publisher":{"@id":"https:\/\/www.musikzeitung.ch\/#organization"},"potentialAction":[{"@type":"SearchAction","target":{"@type":"EntryPoint","urlTemplate":"https:\/\/www.musikzeitung.ch\/?s={search_term_string}"},"query-input":{"@type":"PropertyValueSpecification","valueRequired":true,"valueName":"search_term_string"}}],"inLanguage":"en-US"},{"@type":"Organization","@id":"https:\/\/www.musikzeitung.ch\/#organization","name":"Swiss Music Newspaper","url":"https:\/\/www.musikzeitung.ch\/","logo":{"@type":"ImageObject","inLanguage":"en-US","@id":"https:\/\/www.musikzeitung.ch\/#\/schema\/logo\/image\/","url":"https:\/\/www.musikzeitung.ch\/wp-content\/uploads\/2023\/01\/SMZ_Schriftzug_Sprache.png","contentUrl":"https:\/\/www.musikzeitung.ch\/wp-content\/uploads\/2023\/01\/SMZ_Schriftzug_Sprache.png","width":1400,"height":279,"caption":"Schweizer Musikzeitung"},"image":{"@id":"https:\/\/www.musikzeitung.ch\/#\/schema\/logo\/image\/"},"sameAs":["https:\/\/www.facebook.com\/SchweizerMusikzeitung\/","https:\/\/x.com\/smusikzeitung","https:\/\/www.instagram.com\/musikzeitung.ch\/"]},{"@type":"Person","@id":"https:\/\/www.musikzeitung.ch\/#\/schema\/person\/b2fd892c800856270b9dcc6001265712","name":"Music newspaper editorial office","image":{"@type":"ImageObject","inLanguage":"en-US","@id":"https:\/\/www.musikzeitung.ch\/wp-content\/uploads\/2022\/05\/usericon_musikzeitung-96x96.jpg","url":"https:\/\/www.musikzeitung.ch\/wp-content\/uploads\/2022\/05\/usericon_musikzeitung-96x96.jpg","contentUrl":"https:\/\/www.musikzeitung.ch\/wp-content\/uploads\/2022\/05\/usericon_musikzeitung-96x96.jpg","caption":"Musikzeitung-Redaktion"},"url":"https:\/\/www.musikzeitung.ch\/en\/author\/admin"}]}},"publishpress_future_workflow_manual_trigger":{"enabledWorkflows":[]},"_links":{"self":[{"href":"https:\/\/www.musikzeitung.ch\/en\/wp-json\/wp\/v2\/posts\/6392","targetHints":{"allow":["GET"]}}],"collection":[{"href":"https:\/\/www.musikzeitung.ch\/en\/wp-json\/wp\/v2\/posts"}],"about":[{"href":"https:\/\/www.musikzeitung.ch\/en\/wp-json\/wp\/v2\/types\/post"}],"author":[{"embeddable":true,"href":"https:\/\/www.musikzeitung.ch\/en\/wp-json\/wp\/v2\/users\/1"}],"replies":[{"embeddable":true,"href":"https:\/\/www.musikzeitung.ch\/en\/wp-json\/wp\/v2\/comments?post=6392"}],"version-history":[{"count":2,"href":"https:\/\/www.musikzeitung.ch\/en\/wp-json\/wp\/v2\/posts\/6392\/revisions"}],"predecessor-version":[{"id":56695,"href":"https:\/\/www.musikzeitung.ch\/en\/wp-json\/wp\/v2\/posts\/6392\/revisions\/56695"}],"wp:featuredmedia":[{"embeddable":true,"href":"https:\/\/www.musikzeitung.ch\/en\/wp-json\/wp\/v2\/media\/6393"}],"wp:attachment":[{"href":"https:\/\/www.musikzeitung.ch\/en\/wp-json\/wp\/v2\/media?parent=6392"}],"wp:term":[{"taxonomy":"category","embeddable":true,"href":"https:\/\/www.musikzeitung.ch\/en\/wp-json\/wp\/v2\/categories?post=6392"},{"taxonomy":"post_tag","embeddable":true,"href":"https:\/\/www.musikzeitung.ch\/en\/wp-json\/wp\/v2\/tags?post=6392"}],"curies":[{"name":"wp","href":"https:\/\/api.w.org\/{rel}","templated":true}]}}