{"id":64283,"date":"2025-04-08T06:08:58","date_gmt":"2025-04-08T04:08:58","guid":{"rendered":"https:\/\/www.musikzeitung.ch\/?p=64283"},"modified":"2025-04-08T08:19:56","modified_gmt":"2025-04-08T06:19:56","slug":"dawid-runtz-wird-in-liechtenstein-chefdirigent","status":"publish","type":"post","link":"https:\/\/www.musikzeitung.ch\/en\/news\/2025\/04\/dawid-runtz-wird-in-liechtenstein-chefdirigent","title":{"rendered":"Dawid Runtz becomes chief conductor in Liechtenstein"},"content":{"rendered":"<figure id=\"attachment_64284\" aria-describedby=\"caption-attachment-64284\" style=\"width: 997px\" class=\"wp-caption alignnone\"><img loading=\"lazy\" decoding=\"async\" class=\"size-full wp-image-64284\" src=\"https:\/\/www.musikzeitung.ch\/wp-content\/uploads\/2025\/04\/250408runtz.jpg\" alt=\"\" width=\"997\" height=\"638\" srcset=\"https:\/\/www.musikzeitung.ch\/wp-content\/uploads\/2025\/04\/250408runtz.jpg 997w, https:\/\/www.musikzeitung.ch\/wp-content\/uploads\/2025\/04\/250408runtz-300x192.jpg 300w, https:\/\/www.musikzeitung.ch\/wp-content\/uploads\/2025\/04\/250408runtz-768x491.jpg 768w, https:\/\/www.musikzeitung.ch\/wp-content\/uploads\/2025\/04\/250408runtz-18x12.jpg 18w, https:\/\/www.musikzeitung.ch\/wp-content\/uploads\/2025\/04\/250408runtz-273x175.jpg 273w, https:\/\/www.musikzeitung.ch\/wp-content\/uploads\/2025\/04\/250408runtz-547x350.jpg 547w, https:\/\/www.musikzeitung.ch\/wp-content\/uploads\/2025\/04\/250408runtz-920x589.jpg 920w\" sizes=\"auto, (max-width: 997px) 100vw, 997px\" \/><figcaption id=\"caption-attachment-64284\" class=\"wp-caption-text\">Dawid Runtz (Image: <a href=\"https:\/\/www.dawid-runtz.com\/\" target=\"_blank\" rel=\"noopener\">www.dawid-runtz.com<\/a>)<\/figcaption><\/figure>\n<p>Founded in 1988, the <a href=\"https:\/\/www.sinfonieorchester.li\/\" target=\"_blank\" rel=\"noopener\">Liechtenstein Symphony Orchestra<\/a> represents the Principality of Liechtenstein as a cultural location through guest performances and concert tours - in 2025 at the Vienna Konzerthaus and in 2026 at the Ludwig van Beethoven Easter Festival. It has worked with conductors such as Riccardo Chailly, Lawrence Foster, Kevin John Edusei and John Axelrod. In collaboration with the Liechtenstein Academy of Music, it regularly promotes young talent.<\/p>\n<p>Born in Poland, 33-year-old Dawid Runtz was Principal Conductor at the Royal Opera in Poland from 2017 to 2025 and has been Chief Conductor of the Zagreb Philharmonic Orchestra since 2021.<\/p>","protected":false},"excerpt":{"rendered":"<p>The Liechtenstein Symphony Orchestra will be led by Dawid Runtz as Chief Conductor in the 2026 season.<\/p>","protected":false},"author":30,"featured_media":64284,"comment_status":"closed","ping_status":"closed","sticky":false,"template":"","format":"standard","meta":{"_acf_changed":false,"_relevanssi_hide_post":"","_relevanssi_hide_content":"","_relevanssi_pin_for_all":"","_relevanssi_pin_keywords":"","_relevanssi_unpin_keywords":"","_relevanssi_related_keywords":"","_relevanssi_related_include_ids":"","_relevanssi_related_exclude_ids":"","_relevanssi_related_no_append":"","_relevanssi_related_not_related":"","_relevanssi_related_posts":"","_relevanssi_noindex_reason":"","pgc_sgb_lightbox_settings":"","footnotes":""},"categories":[27],"tags":[4865,4864],"class_list":["post-64283","post","type-post","status-publish","format-standard","has-post-thumbnail","hentry","category-news","tag-dawid-runtz","tag-sinfonieorchester-liechtenstein"],"acf":[],"yoast_head":"<!-- This site is optimized with the Yoast SEO plugin v27.4 - https:\/\/yoast.com\/product\/yoast-seo-wordpress\/ -->\n<title>Dawid Runtz wird in Liechtenstein Chefdirigent - Schweizer Musikzeitung<\/title>\n<meta name=\"description\" content=\"Das Sinfonieorchester Liechtenstein wird in der Saison 2026 von Dawid Runtz als Chefdirigent geleitet.\" \/>\n<meta name=\"robots\" content=\"index, follow, max-snippet:-1, max-image-preview:large, max-video-preview:-1\" \/>\n<link rel=\"canonical\" href=\"https:\/\/www.musikzeitung.ch\/en\/news\/2025\/04\/dawid-runtz-wird-in-liechtenstein-chefdirigent\/\" \/>\n<meta property=\"og:locale\" content=\"en_US\" \/>\n<meta property=\"og:type\" content=\"article\" \/>\n<meta property=\"og:title\" content=\"Dawid Runtz wird in Liechtenstein Chefdirigent - Schweizer Musikzeitung\" \/>\n<meta property=\"og:description\" content=\"Das Sinfonieorchester Liechtenstein wird in der Saison 2026 von Dawid Runtz als Chefdirigent geleitet.\" \/>\n<meta property=\"og:url\" content=\"https:\/\/www.musikzeitung.ch\/en\/news\/2025\/04\/dawid-runtz-wird-in-liechtenstein-chefdirigent\/\" \/>\n<meta property=\"og:site_name\" content=\"Schweizer Musikzeitung\" \/>\n<meta property=\"article:publisher\" content=\"https:\/\/www.facebook.com\/SchweizerMusikzeitung\/\" \/>\n<meta property=\"article:author\" content=\"https:\/\/www.facebook.com\/wolfgang.bohler.75\" \/>\n<meta property=\"article:published_time\" content=\"2025-04-08T04:08:58+00:00\" \/>\n<meta property=\"article:modified_time\" content=\"2025-04-08T06:19:56+00:00\" \/>\n<meta property=\"og:image\" content=\"https:\/\/www.musikzeitung.ch\/wp-content\/uploads\/2025\/04\/250408runtz.jpg\" \/>\n\t<meta property=\"og:image:width\" content=\"997\" \/>\n\t<meta property=\"og:image:height\" content=\"638\" \/>\n\t<meta property=\"og:image:type\" content=\"image\/jpeg\" \/>\n<meta name=\"author\" content=\"Wolfgang B\u00f6hler\" \/>\n<meta name=\"twitter:card\" content=\"summary_large_image\" \/>\n<meta name=\"twitter:creator\" content=\"@smusikzeitung\" \/>\n<meta name=\"twitter:site\" content=\"@smusikzeitung\" \/>\n<meta name=\"twitter:label1\" content=\"Written by\" \/>\n\t<meta name=\"twitter:data1\" content=\"Wolfgang B\u00f6hler\" \/>\n\t<meta name=\"twitter:label2\" content=\"Est. reading time\" \/>\n\t<meta name=\"twitter:data2\" content=\"1 minute\" \/>\n<script type=\"application\/ld+json\" class=\"yoast-schema-graph\">{\"@context\":\"https:\\\/\\\/schema.org\",\"@graph\":[{\"@type\":\"Article\",\"@id\":\"https:\\\/\\\/www.musikzeitung.ch\\\/news\\\/2025\\\/04\\\/dawid-runtz-wird-in-liechtenstein-chefdirigent#article\",\"isPartOf\":{\"@id\":\"https:\\\/\\\/www.musikzeitung.ch\\\/news\\\/2025\\\/04\\\/dawid-runtz-wird-in-liechtenstein-chefdirigent\"},\"author\":{\"name\":\"Wolfgang B\u00f6hler\",\"@id\":\"https:\\\/\\\/www.musikzeitung.ch\\\/#\\\/schema\\\/person\\\/0da4fb82d243f1252850a35d0e87cf0c\"},\"headline\":\"Dawid Runtz wird in Liechtenstein Chefdirigent\",\"datePublished\":\"2025-04-08T04:08:58+00:00\",\"dateModified\":\"2025-04-08T06:19:56+00:00\",\"mainEntityOfPage\":{\"@id\":\"https:\\\/\\\/www.musikzeitung.ch\\\/news\\\/2025\\\/04\\\/dawid-runtz-wird-in-liechtenstein-chefdirigent\"},\"wordCount\":101,\"publisher\":{\"@id\":\"https:\\\/\\\/www.musikzeitung.ch\\\/#organization\"},\"image\":{\"@id\":\"https:\\\/\\\/www.musikzeitung.ch\\\/news\\\/2025\\\/04\\\/dawid-runtz-wird-in-liechtenstein-chefdirigent#primaryimage\"},\"thumbnailUrl\":\"https:\\\/\\\/www.musikzeitung.ch\\\/wp-content\\\/uploads\\\/2025\\\/04\\\/250408runtz.jpg\",\"keywords\":[\"Dawid Runtz\",\"Sinfonieorchester Liechtenstein\"],\"articleSection\":[\"News\"],\"inLanguage\":\"en-US\"},{\"@type\":\"WebPage\",\"@id\":\"https:\\\/\\\/www.musikzeitung.ch\\\/news\\\/2025\\\/04\\\/dawid-runtz-wird-in-liechtenstein-chefdirigent\",\"url\":\"https:\\\/\\\/www.musikzeitung.ch\\\/news\\\/2025\\\/04\\\/dawid-runtz-wird-in-liechtenstein-chefdirigent\",\"name\":\"Dawid Runtz wird in Liechtenstein Chefdirigent - Schweizer Musikzeitung\",\"isPartOf\":{\"@id\":\"https:\\\/\\\/www.musikzeitung.ch\\\/#website\"},\"primaryImageOfPage\":{\"@id\":\"https:\\\/\\\/www.musikzeitung.ch\\\/news\\\/2025\\\/04\\\/dawid-runtz-wird-in-liechtenstein-chefdirigent#primaryimage\"},\"image\":{\"@id\":\"https:\\\/\\\/www.musikzeitung.ch\\\/news\\\/2025\\\/04\\\/dawid-runtz-wird-in-liechtenstein-chefdirigent#primaryimage\"},\"thumbnailUrl\":\"https:\\\/\\\/www.musikzeitung.ch\\\/wp-content\\\/uploads\\\/2025\\\/04\\\/250408runtz.jpg\",\"datePublished\":\"2025-04-08T04:08:58+00:00\",\"dateModified\":\"2025-04-08T06:19:56+00:00\",\"description\":\"Das Sinfonieorchester Liechtenstein wird in der Saison 2026 von Dawid Runtz als Chefdirigent geleitet.\",\"breadcrumb\":{\"@id\":\"https:\\\/\\\/www.musikzeitung.ch\\\/news\\\/2025\\\/04\\\/dawid-runtz-wird-in-liechtenstein-chefdirigent#breadcrumb\"},\"inLanguage\":\"en-US\",\"potentialAction\":[{\"@type\":\"ReadAction\",\"target\":[\"https:\\\/\\\/www.musikzeitung.ch\\\/news\\\/2025\\\/04\\\/dawid-runtz-wird-in-liechtenstein-chefdirigent\"]}]},{\"@type\":\"ImageObject\",\"inLanguage\":\"en-US\",\"@id\":\"https:\\\/\\\/www.musikzeitung.ch\\\/news\\\/2025\\\/04\\\/dawid-runtz-wird-in-liechtenstein-chefdirigent#primaryimage\",\"url\":\"https:\\\/\\\/www.musikzeitung.ch\\\/wp-content\\\/uploads\\\/2025\\\/04\\\/250408runtz.jpg\",\"contentUrl\":\"https:\\\/\\\/www.musikzeitung.ch\\\/wp-content\\\/uploads\\\/2025\\\/04\\\/250408runtz.jpg\",\"width\":997,\"height\":638,\"caption\":\"Dawid Rutz (Bild: www.dawid-runtz.com)\"},{\"@type\":\"BreadcrumbList\",\"@id\":\"https:\\\/\\\/www.musikzeitung.ch\\\/news\\\/2025\\\/04\\\/dawid-runtz-wird-in-liechtenstein-chefdirigent#breadcrumb\",\"itemListElement\":[{\"@type\":\"ListItem\",\"position\":1,\"name\":\"Home\",\"item\":\"https:\\\/\\\/www.musikzeitung.ch\\\/\"},{\"@type\":\"ListItem\",\"position\":2,\"name\":\"Dawid Runtz wird in Liechtenstein Chefdirigent\"}]},{\"@type\":\"WebSite\",\"@id\":\"https:\\\/\\\/www.musikzeitung.ch\\\/#website\",\"url\":\"https:\\\/\\\/www.musikzeitung.ch\\\/\",\"name\":\"Schweizer Musikzeitung\",\"description\":\"Die f\u00fchrende sparten\u00fcbergreifende Monatszeitung in der Schweiz f\u00fcr musikalische Fragen.\",\"publisher\":{\"@id\":\"https:\\\/\\\/www.musikzeitung.ch\\\/#organization\"},\"potentialAction\":[{\"@type\":\"SearchAction\",\"target\":{\"@type\":\"EntryPoint\",\"urlTemplate\":\"https:\\\/\\\/www.musikzeitung.ch\\\/?s={search_term_string}\"},\"query-input\":{\"@type\":\"PropertyValueSpecification\",\"valueRequired\":true,\"valueName\":\"search_term_string\"}}],\"inLanguage\":\"en-US\"},{\"@type\":\"Organization\",\"@id\":\"https:\\\/\\\/www.musikzeitung.ch\\\/#organization\",\"name\":\"Schweizer Musikzeitung\",\"url\":\"https:\\\/\\\/www.musikzeitung.ch\\\/\",\"logo\":{\"@type\":\"ImageObject\",\"inLanguage\":\"en-US\",\"@id\":\"https:\\\/\\\/www.musikzeitung.ch\\\/#\\\/schema\\\/logo\\\/image\\\/\",\"url\":\"https:\\\/\\\/www.musikzeitung.ch\\\/wp-content\\\/uploads\\\/2023\\\/01\\\/SMZ_Schriftzug_Sprache.png\",\"contentUrl\":\"https:\\\/\\\/www.musikzeitung.ch\\\/wp-content\\\/uploads\\\/2023\\\/01\\\/SMZ_Schriftzug_Sprache.png\",\"width\":1400,\"height\":279,\"caption\":\"Schweizer Musikzeitung\"},\"image\":{\"@id\":\"https:\\\/\\\/www.musikzeitung.ch\\\/#\\\/schema\\\/logo\\\/image\\\/\"},\"sameAs\":[\"https:\\\/\\\/www.facebook.com\\\/SchweizerMusikzeitung\\\/\",\"https:\\\/\\\/x.com\\\/smusikzeitung\",\"https:\\\/\\\/www.instagram.com\\\/musikzeitung.ch\\\/\"]},{\"@type\":\"Person\",\"@id\":\"https:\\\/\\\/www.musikzeitung.ch\\\/#\\\/schema\\\/person\\\/0da4fb82d243f1252850a35d0e87cf0c\",\"name\":\"Wolfgang B\u00f6hler\",\"image\":{\"@type\":\"ImageObject\",\"inLanguage\":\"en-US\",\"@id\":\"https:\\\/\\\/www.musikzeitung.ch\\\/wp-content\\\/uploads\\\/2023\\\/01\\\/boehler_portraet_web-e1674139782246-96x96.jpg\",\"url\":\"https:\\\/\\\/www.musikzeitung.ch\\\/wp-content\\\/uploads\\\/2023\\\/01\\\/boehler_portraet_web-e1674139782246-96x96.jpg\",\"contentUrl\":\"https:\\\/\\\/www.musikzeitung.ch\\\/wp-content\\\/uploads\\\/2023\\\/01\\\/boehler_portraet_web-e1674139782246-96x96.jpg\",\"caption\":\"Wolfgang B\u00f6hler\"},\"sameAs\":[\"http:\\\/\\\/www.manacanto.ch\",\"https:\\\/\\\/www.facebook.com\\\/wolfgang.bohler.75\"],\"url\":\"https:\\\/\\\/www.musikzeitung.ch\\\/en\\\/author\\\/wolfgang-boehler\"}]}<\/script>\n<!-- \/ Yoast SEO plugin. -->","yoast_head_json":{"title":"Dawid Runtz becomes chief conductor in Liechtenstein - Schweizer Musikzeitung","description":"The Liechtenstein Symphony Orchestra will be led by Dawid Runtz as Chief Conductor in the 2026 season.","robots":{"index":"index","follow":"follow","max-snippet":"max-snippet:-1","max-image-preview":"max-image-preview:large","max-video-preview":"max-video-preview:-1"},"canonical":"https:\/\/www.musikzeitung.ch\/en\/news\/2025\/04\/dawid-runtz-wird-in-liechtenstein-chefdirigent\/","og_locale":"en_US","og_type":"article","og_title":"Dawid Runtz wird in Liechtenstein Chefdirigent - Schweizer Musikzeitung","og_description":"Das Sinfonieorchester Liechtenstein wird in der Saison 2026 von Dawid Runtz als Chefdirigent geleitet.","og_url":"https:\/\/www.musikzeitung.ch\/en\/news\/2025\/04\/dawid-runtz-wird-in-liechtenstein-chefdirigent\/","og_site_name":"Schweizer Musikzeitung","article_publisher":"https:\/\/www.facebook.com\/SchweizerMusikzeitung\/","article_author":"https:\/\/www.facebook.com\/wolfgang.bohler.75","article_published_time":"2025-04-08T04:08:58+00:00","article_modified_time":"2025-04-08T06:19:56+00:00","og_image":[{"width":997,"height":638,"url":"https:\/\/www.musikzeitung.ch\/wp-content\/uploads\/2025\/04\/250408runtz.jpg","type":"image\/jpeg"}],"author":"Wolfgang B\u00f6hler","twitter_card":"summary_large_image","twitter_creator":"@smusikzeitung","twitter_site":"@smusikzeitung","twitter_misc":{"Written by":"Wolfgang B\u00f6hler","Est. reading time":"1 minute"},"schema":{"@context":"https:\/\/schema.org","@graph":[{"@type":"Article","@id":"https:\/\/www.musikzeitung.ch\/news\/2025\/04\/dawid-runtz-wird-in-liechtenstein-chefdirigent#article","isPartOf":{"@id":"https:\/\/www.musikzeitung.ch\/news\/2025\/04\/dawid-runtz-wird-in-liechtenstein-chefdirigent"},"author":{"name":"Wolfgang B\u00f6hler","@id":"https:\/\/www.musikzeitung.ch\/#\/schema\/person\/0da4fb82d243f1252850a35d0e87cf0c"},"headline":"Dawid Runtz wird in Liechtenstein Chefdirigent","datePublished":"2025-04-08T04:08:58+00:00","dateModified":"2025-04-08T06:19:56+00:00","mainEntityOfPage":{"@id":"https:\/\/www.musikzeitung.ch\/news\/2025\/04\/dawid-runtz-wird-in-liechtenstein-chefdirigent"},"wordCount":101,"publisher":{"@id":"https:\/\/www.musikzeitung.ch\/#organization"},"image":{"@id":"https:\/\/www.musikzeitung.ch\/news\/2025\/04\/dawid-runtz-wird-in-liechtenstein-chefdirigent#primaryimage"},"thumbnailUrl":"https:\/\/www.musikzeitung.ch\/wp-content\/uploads\/2025\/04\/250408runtz.jpg","keywords":["Dawid Runtz","Sinfonieorchester Liechtenstein"],"articleSection":["News"],"inLanguage":"en-US"},{"@type":"WebPage","@id":"https:\/\/www.musikzeitung.ch\/news\/2025\/04\/dawid-runtz-wird-in-liechtenstein-chefdirigent","url":"https:\/\/www.musikzeitung.ch\/news\/2025\/04\/dawid-runtz-wird-in-liechtenstein-chefdirigent","name":"Dawid Runtz becomes chief conductor in Liechtenstein - Schweizer Musikzeitung","isPartOf":{"@id":"https:\/\/www.musikzeitung.ch\/#website"},"primaryImageOfPage":{"@id":"https:\/\/www.musikzeitung.ch\/news\/2025\/04\/dawid-runtz-wird-in-liechtenstein-chefdirigent#primaryimage"},"image":{"@id":"https:\/\/www.musikzeitung.ch\/news\/2025\/04\/dawid-runtz-wird-in-liechtenstein-chefdirigent#primaryimage"},"thumbnailUrl":"https:\/\/www.musikzeitung.ch\/wp-content\/uploads\/2025\/04\/250408runtz.jpg","datePublished":"2025-04-08T04:08:58+00:00","dateModified":"2025-04-08T06:19:56+00:00","description":"The Liechtenstein Symphony Orchestra will be led by Dawid Runtz as Chief Conductor in the 2026 season.","breadcrumb":{"@id":"https:\/\/www.musikzeitung.ch\/news\/2025\/04\/dawid-runtz-wird-in-liechtenstein-chefdirigent#breadcrumb"},"inLanguage":"en-US","potentialAction":[{"@type":"ReadAction","target":["https:\/\/www.musikzeitung.ch\/news\/2025\/04\/dawid-runtz-wird-in-liechtenstein-chefdirigent"]}]},{"@type":"ImageObject","inLanguage":"en-US","@id":"https:\/\/www.musikzeitung.ch\/news\/2025\/04\/dawid-runtz-wird-in-liechtenstein-chefdirigent#primaryimage","url":"https:\/\/www.musikzeitung.ch\/wp-content\/uploads\/2025\/04\/250408runtz.jpg","contentUrl":"https:\/\/www.musikzeitung.ch\/wp-content\/uploads\/2025\/04\/250408runtz.jpg","width":997,"height":638,"caption":"Dawid Rutz (Bild: www.dawid-runtz.com)"},{"@type":"BreadcrumbList","@id":"https:\/\/www.musikzeitung.ch\/news\/2025\/04\/dawid-runtz-wird-in-liechtenstein-chefdirigent#breadcrumb","itemListElement":[{"@type":"ListItem","position":1,"name":"Home","item":"https:\/\/www.musikzeitung.ch\/"},{"@type":"ListItem","position":2,"name":"Dawid Runtz wird in Liechtenstein Chefdirigent"}]},{"@type":"WebSite","@id":"https:\/\/www.musikzeitung.ch\/#website","url":"https:\/\/www.musikzeitung.ch\/","name":"Swiss Music Newspaper","description":"The leading interdisciplinary monthly newspaper in Switzerland for musical issues.","publisher":{"@id":"https:\/\/www.musikzeitung.ch\/#organization"},"potentialAction":[{"@type":"SearchAction","target":{"@type":"EntryPoint","urlTemplate":"https:\/\/www.musikzeitung.ch\/?s={search_term_string}"},"query-input":{"@type":"PropertyValueSpecification","valueRequired":true,"valueName":"search_term_string"}}],"inLanguage":"en-US"},{"@type":"Organization","@id":"https:\/\/www.musikzeitung.ch\/#organization","name":"Swiss Music Newspaper","url":"https:\/\/www.musikzeitung.ch\/","logo":{"@type":"ImageObject","inLanguage":"en-US","@id":"https:\/\/www.musikzeitung.ch\/#\/schema\/logo\/image\/","url":"https:\/\/www.musikzeitung.ch\/wp-content\/uploads\/2023\/01\/SMZ_Schriftzug_Sprache.png","contentUrl":"https:\/\/www.musikzeitung.ch\/wp-content\/uploads\/2023\/01\/SMZ_Schriftzug_Sprache.png","width":1400,"height":279,"caption":"Schweizer Musikzeitung"},"image":{"@id":"https:\/\/www.musikzeitung.ch\/#\/schema\/logo\/image\/"},"sameAs":["https:\/\/www.facebook.com\/SchweizerMusikzeitung\/","https:\/\/x.com\/smusikzeitung","https:\/\/www.instagram.com\/musikzeitung.ch\/"]},{"@type":"Person","@id":"https:\/\/www.musikzeitung.ch\/#\/schema\/person\/0da4fb82d243f1252850a35d0e87cf0c","name":"Wolfgang B\u00f6hler","image":{"@type":"ImageObject","inLanguage":"en-US","@id":"https:\/\/www.musikzeitung.ch\/wp-content\/uploads\/2023\/01\/boehler_portraet_web-e1674139782246-96x96.jpg","url":"https:\/\/www.musikzeitung.ch\/wp-content\/uploads\/2023\/01\/boehler_portraet_web-e1674139782246-96x96.jpg","contentUrl":"https:\/\/www.musikzeitung.ch\/wp-content\/uploads\/2023\/01\/boehler_portraet_web-e1674139782246-96x96.jpg","caption":"Wolfgang B\u00f6hler"},"sameAs":["http:\/\/www.manacanto.ch","https:\/\/www.facebook.com\/wolfgang.bohler.75"],"url":"https:\/\/www.musikzeitung.ch\/en\/author\/wolfgang-boehler"}]}},"publishpress_future_workflow_manual_trigger":{"enabledWorkflows":[]},"_links":{"self":[{"href":"https:\/\/www.musikzeitung.ch\/en\/wp-json\/wp\/v2\/posts\/64283","targetHints":{"allow":["GET"]}}],"collection":[{"href":"https:\/\/www.musikzeitung.ch\/en\/wp-json\/wp\/v2\/posts"}],"about":[{"href":"https:\/\/www.musikzeitung.ch\/en\/wp-json\/wp\/v2\/types\/post"}],"author":[{"embeddable":true,"href":"https:\/\/www.musikzeitung.ch\/en\/wp-json\/wp\/v2\/users\/30"}],"replies":[{"embeddable":true,"href":"https:\/\/www.musikzeitung.ch\/en\/wp-json\/wp\/v2\/comments?post=64283"}],"version-history":[{"count":6,"href":"https:\/\/www.musikzeitung.ch\/en\/wp-json\/wp\/v2\/posts\/64283\/revisions"}],"predecessor-version":[{"id":64290,"href":"https:\/\/www.musikzeitung.ch\/en\/wp-json\/wp\/v2\/posts\/64283\/revisions\/64290"}],"wp:featuredmedia":[{"embeddable":true,"href":"https:\/\/www.musikzeitung.ch\/en\/wp-json\/wp\/v2\/media\/64284"}],"wp:attachment":[{"href":"https:\/\/www.musikzeitung.ch\/en\/wp-json\/wp\/v2\/media?parent=64283"}],"wp:term":[{"taxonomy":"category","embeddable":true,"href":"https:\/\/www.musikzeitung.ch\/en\/wp-json\/wp\/v2\/categories?post=64283"},{"taxonomy":"post_tag","embeddable":true,"href":"https:\/\/www.musikzeitung.ch\/en\/wp-json\/wp\/v2\/tags?post=64283"}],"curies":[{"name":"wp","href":"https:\/\/api.w.org\/{rel}","templated":true}]}}