{"id":64569,"date":"2025-04-23T06:56:11","date_gmt":"2025-04-23T04:56:11","guid":{"rendered":"https:\/\/www.musikzeitung.ch\/?p=64569"},"modified":"2025-04-23T16:18:44","modified_gmt":"2025-04-23T14:18:44","slug":"die-pariser-cortot-schule-verpflichtet-coin","status":"publish","type":"post","link":"https:\/\/www.musikzeitung.ch\/en\/news\/2025\/04\/die-pariser-cortot-schule-verpflichtet-coin","title":{"rendered":"The Cortot School in Paris enlists Coin"},"content":{"rendered":"<figure id=\"attachment_64570\" aria-describedby=\"caption-attachment-64570\" style=\"width: 989px\" class=\"wp-caption alignnone\"><img loading=\"lazy\" decoding=\"async\" class=\"size-full wp-image-64570\" src=\"https:\/\/www.musikzeitung.ch\/wp-content\/uploads\/2025\/04\/250423cortot.jpg\" alt=\"\" width=\"989\" height=\"688\" srcset=\"https:\/\/www.musikzeitung.ch\/wp-content\/uploads\/2025\/04\/250423cortot.jpg 989w, https:\/\/www.musikzeitung.ch\/wp-content\/uploads\/2025\/04\/250423cortot-300x209.jpg 300w, https:\/\/www.musikzeitung.ch\/wp-content\/uploads\/2025\/04\/250423cortot-768x534.jpg 768w, https:\/\/www.musikzeitung.ch\/wp-content\/uploads\/2025\/04\/250423cortot-18x12.jpg 18w, https:\/\/www.musikzeitung.ch\/wp-content\/uploads\/2025\/04\/250423cortot-252x175.jpg 252w, https:\/\/www.musikzeitung.ch\/wp-content\/uploads\/2025\/04\/250423cortot-503x350.jpg 503w, https:\/\/www.musikzeitung.ch\/wp-content\/uploads\/2025\/04\/250423cortot-920x640.jpg 920w\" sizes=\"auto, (max-width: 989px) 100vw, 989px\" \/><figcaption id=\"caption-attachment-64570\" class=\"wp-caption-text\">Ecole Normale de Musique de Paris. (Image: Wikimedia commons\/30rKs56MaE)<\/figcaption><\/figure>\n<p>Coin was born in Caen and studied viola da gamba with Jordi Savall at the Schola Cantorum Basiliensis from 1978. Coin has been a teacher of baroque cello and viola da gamba at the Conservatoire National Sup\u00e9rieur de Musique in Paris and at the Schola Cantorum Basiliensis since 1988.<\/p>\n<p>The \u00c9cole Normale de Musique de Paris \"Alfred Cortot\" (ENMP) is a music academy in the 17th arrondissement of Paris. It was founded in 1919 by Auguste Mangeot and Alfred Cortot. It is recognized by the Ministry of Culture and is under the patronage of the Ministry of Foreign Affairs.<\/p>","protected":false},"excerpt":{"rendered":"<p>The \u00c9cole normale de musique de Paris Alfred Cortot has announced the appointment of Christophe Coin as its new professor of cello, according to the specialist magazine \"The Strad\". <\/p>","protected":false},"author":30,"featured_media":64570,"comment_status":"closed","ping_status":"closed","sticky":false,"template":"","format":"standard","meta":{"_acf_changed":false,"_relevanssi_hide_post":"","_relevanssi_hide_content":"","_relevanssi_pin_for_all":"","_relevanssi_pin_keywords":"","_relevanssi_unpin_keywords":"","_relevanssi_related_keywords":"","_relevanssi_related_include_ids":"","_relevanssi_related_exclude_ids":"","_relevanssi_related_no_append":"","_relevanssi_related_not_related":"","_relevanssi_related_posts":"","_relevanssi_noindex_reason":"","pgc_sgb_lightbox_settings":"","footnotes":""},"categories":[27],"tags":[4878,4879],"class_list":["post-64569","post","type-post","status-publish","format-standard","has-post-thumbnail","hentry","category-news","tag-christophe-coin","tag-ecole-normale-de-musique-de-paris"],"acf":[],"yoast_head":"<!-- This site is optimized with the Yoast SEO plugin v27.4 - https:\/\/yoast.com\/product\/yoast-seo-wordpress\/ -->\n<title>Die Pariser Cortot-Schule verpflichtet Coin - Schweizer Musikzeitung<\/title>\n<meta name=\"description\" content=\"Die \u00c9cole normale de musique de Paris Alfred Cortot hat die Ernennung von Christophe Coin zum neuen Professor f\u00fcr Violoncello bekannt gegeben.\" \/>\n<meta name=\"robots\" content=\"index, follow, max-snippet:-1, max-image-preview:large, max-video-preview:-1\" \/>\n<link rel=\"canonical\" href=\"https:\/\/www.musikzeitung.ch\/en\/news\/2025\/04\/die-pariser-cortot-schule-verpflichtet-coin\/\" \/>\n<meta property=\"og:locale\" content=\"en_US\" \/>\n<meta property=\"og:type\" content=\"article\" \/>\n<meta property=\"og:title\" content=\"Die Pariser Cortot-Schule verpflichtet Coin - Schweizer Musikzeitung\" \/>\n<meta property=\"og:description\" content=\"Die \u00c9cole normale de musique de Paris Alfred Cortot hat die Ernennung von Christophe Coin zum neuen Professor f\u00fcr Violoncello bekannt gegeben.\" \/>\n<meta property=\"og:url\" content=\"https:\/\/www.musikzeitung.ch\/en\/news\/2025\/04\/die-pariser-cortot-schule-verpflichtet-coin\/\" \/>\n<meta property=\"og:site_name\" content=\"Schweizer Musikzeitung\" \/>\n<meta property=\"article:publisher\" content=\"https:\/\/www.facebook.com\/SchweizerMusikzeitung\/\" \/>\n<meta property=\"article:author\" content=\"https:\/\/www.facebook.com\/wolfgang.bohler.75\" \/>\n<meta property=\"article:published_time\" content=\"2025-04-23T04:56:11+00:00\" \/>\n<meta property=\"article:modified_time\" content=\"2025-04-23T14:18:44+00:00\" \/>\n<meta property=\"og:image\" content=\"https:\/\/www.musikzeitung.ch\/wp-content\/uploads\/2025\/04\/250423cortot.jpg\" \/>\n\t<meta property=\"og:image:width\" content=\"989\" \/>\n\t<meta property=\"og:image:height\" content=\"688\" \/>\n\t<meta property=\"og:image:type\" content=\"image\/jpeg\" \/>\n<meta name=\"author\" content=\"Wolfgang B\u00f6hler\" \/>\n<meta name=\"twitter:card\" content=\"summary_large_image\" \/>\n<meta name=\"twitter:creator\" content=\"@smusikzeitung\" \/>\n<meta name=\"twitter:site\" content=\"@smusikzeitung\" \/>\n<meta name=\"twitter:label1\" content=\"Written by\" \/>\n\t<meta name=\"twitter:data1\" content=\"Wolfgang B\u00f6hler\" \/>\n\t<meta name=\"twitter:label2\" content=\"Est. reading time\" \/>\n\t<meta name=\"twitter:data2\" content=\"1 minute\" \/>\n<script type=\"application\/ld+json\" class=\"yoast-schema-graph\">{\"@context\":\"https:\\\/\\\/schema.org\",\"@graph\":[{\"@type\":\"Article\",\"@id\":\"https:\\\/\\\/www.musikzeitung.ch\\\/news\\\/2025\\\/04\\\/die-pariser-cortot-schule-verpflichtet-coin#article\",\"isPartOf\":{\"@id\":\"https:\\\/\\\/www.musikzeitung.ch\\\/news\\\/2025\\\/04\\\/die-pariser-cortot-schule-verpflichtet-coin\"},\"author\":{\"name\":\"Wolfgang B\u00f6hler\",\"@id\":\"https:\\\/\\\/www.musikzeitung.ch\\\/#\\\/schema\\\/person\\\/0da4fb82d243f1252850a35d0e87cf0c\"},\"headline\":\"Die Pariser Cortot-Schule verpflichtet Coin\",\"datePublished\":\"2025-04-23T04:56:11+00:00\",\"dateModified\":\"2025-04-23T14:18:44+00:00\",\"mainEntityOfPage\":{\"@id\":\"https:\\\/\\\/www.musikzeitung.ch\\\/news\\\/2025\\\/04\\\/die-pariser-cortot-schule-verpflichtet-coin\"},\"wordCount\":108,\"publisher\":{\"@id\":\"https:\\\/\\\/www.musikzeitung.ch\\\/#organization\"},\"image\":{\"@id\":\"https:\\\/\\\/www.musikzeitung.ch\\\/news\\\/2025\\\/04\\\/die-pariser-cortot-schule-verpflichtet-coin#primaryimage\"},\"thumbnailUrl\":\"https:\\\/\\\/www.musikzeitung.ch\\\/wp-content\\\/uploads\\\/2025\\\/04\\\/250423cortot.jpg\",\"keywords\":[\"Christophe Coin\",\"Ecole Normale de Musique de Paris.\"],\"articleSection\":[\"News\"],\"inLanguage\":\"en-US\"},{\"@type\":\"WebPage\",\"@id\":\"https:\\\/\\\/www.musikzeitung.ch\\\/news\\\/2025\\\/04\\\/die-pariser-cortot-schule-verpflichtet-coin\",\"url\":\"https:\\\/\\\/www.musikzeitung.ch\\\/news\\\/2025\\\/04\\\/die-pariser-cortot-schule-verpflichtet-coin\",\"name\":\"Die Pariser Cortot-Schule verpflichtet Coin - Schweizer Musikzeitung\",\"isPartOf\":{\"@id\":\"https:\\\/\\\/www.musikzeitung.ch\\\/#website\"},\"primaryImageOfPage\":{\"@id\":\"https:\\\/\\\/www.musikzeitung.ch\\\/news\\\/2025\\\/04\\\/die-pariser-cortot-schule-verpflichtet-coin#primaryimage\"},\"image\":{\"@id\":\"https:\\\/\\\/www.musikzeitung.ch\\\/news\\\/2025\\\/04\\\/die-pariser-cortot-schule-verpflichtet-coin#primaryimage\"},\"thumbnailUrl\":\"https:\\\/\\\/www.musikzeitung.ch\\\/wp-content\\\/uploads\\\/2025\\\/04\\\/250423cortot.jpg\",\"datePublished\":\"2025-04-23T04:56:11+00:00\",\"dateModified\":\"2025-04-23T14:18:44+00:00\",\"description\":\"Die \u00c9cole normale de musique de Paris Alfred Cortot hat die Ernennung von Christophe Coin zum neuen Professor f\u00fcr Violoncello bekannt gegeben.\",\"breadcrumb\":{\"@id\":\"https:\\\/\\\/www.musikzeitung.ch\\\/news\\\/2025\\\/04\\\/die-pariser-cortot-schule-verpflichtet-coin#breadcrumb\"},\"inLanguage\":\"en-US\",\"potentialAction\":[{\"@type\":\"ReadAction\",\"target\":[\"https:\\\/\\\/www.musikzeitung.ch\\\/news\\\/2025\\\/04\\\/die-pariser-cortot-schule-verpflichtet-coin\"]}]},{\"@type\":\"ImageObject\",\"inLanguage\":\"en-US\",\"@id\":\"https:\\\/\\\/www.musikzeitung.ch\\\/news\\\/2025\\\/04\\\/die-pariser-cortot-schule-verpflichtet-coin#primaryimage\",\"url\":\"https:\\\/\\\/www.musikzeitung.ch\\\/wp-content\\\/uploads\\\/2025\\\/04\\\/250423cortot.jpg\",\"contentUrl\":\"https:\\\/\\\/www.musikzeitung.ch\\\/wp-content\\\/uploads\\\/2025\\\/04\\\/250423cortot.jpg\",\"width\":989,\"height\":688,\"caption\":\"Ecole Normale de Musique de Paris. (Bild: Wikimedia commons\\\/30rKs56MaE\"},{\"@type\":\"BreadcrumbList\",\"@id\":\"https:\\\/\\\/www.musikzeitung.ch\\\/news\\\/2025\\\/04\\\/die-pariser-cortot-schule-verpflichtet-coin#breadcrumb\",\"itemListElement\":[{\"@type\":\"ListItem\",\"position\":1,\"name\":\"Home\",\"item\":\"https:\\\/\\\/www.musikzeitung.ch\\\/\"},{\"@type\":\"ListItem\",\"position\":2,\"name\":\"Die Pariser Cortot-Schule verpflichtet Coin\"}]},{\"@type\":\"WebSite\",\"@id\":\"https:\\\/\\\/www.musikzeitung.ch\\\/#website\",\"url\":\"https:\\\/\\\/www.musikzeitung.ch\\\/\",\"name\":\"Schweizer Musikzeitung\",\"description\":\"Die f\u00fchrende sparten\u00fcbergreifende Monatszeitung in der Schweiz f\u00fcr musikalische Fragen.\",\"publisher\":{\"@id\":\"https:\\\/\\\/www.musikzeitung.ch\\\/#organization\"},\"potentialAction\":[{\"@type\":\"SearchAction\",\"target\":{\"@type\":\"EntryPoint\",\"urlTemplate\":\"https:\\\/\\\/www.musikzeitung.ch\\\/?s={search_term_string}\"},\"query-input\":{\"@type\":\"PropertyValueSpecification\",\"valueRequired\":true,\"valueName\":\"search_term_string\"}}],\"inLanguage\":\"en-US\"},{\"@type\":\"Organization\",\"@id\":\"https:\\\/\\\/www.musikzeitung.ch\\\/#organization\",\"name\":\"Schweizer Musikzeitung\",\"url\":\"https:\\\/\\\/www.musikzeitung.ch\\\/\",\"logo\":{\"@type\":\"ImageObject\",\"inLanguage\":\"en-US\",\"@id\":\"https:\\\/\\\/www.musikzeitung.ch\\\/#\\\/schema\\\/logo\\\/image\\\/\",\"url\":\"https:\\\/\\\/www.musikzeitung.ch\\\/wp-content\\\/uploads\\\/2023\\\/01\\\/SMZ_Schriftzug_Sprache.png\",\"contentUrl\":\"https:\\\/\\\/www.musikzeitung.ch\\\/wp-content\\\/uploads\\\/2023\\\/01\\\/SMZ_Schriftzug_Sprache.png\",\"width\":1400,\"height\":279,\"caption\":\"Schweizer Musikzeitung\"},\"image\":{\"@id\":\"https:\\\/\\\/www.musikzeitung.ch\\\/#\\\/schema\\\/logo\\\/image\\\/\"},\"sameAs\":[\"https:\\\/\\\/www.facebook.com\\\/SchweizerMusikzeitung\\\/\",\"https:\\\/\\\/x.com\\\/smusikzeitung\",\"https:\\\/\\\/www.instagram.com\\\/musikzeitung.ch\\\/\"]},{\"@type\":\"Person\",\"@id\":\"https:\\\/\\\/www.musikzeitung.ch\\\/#\\\/schema\\\/person\\\/0da4fb82d243f1252850a35d0e87cf0c\",\"name\":\"Wolfgang B\u00f6hler\",\"image\":{\"@type\":\"ImageObject\",\"inLanguage\":\"en-US\",\"@id\":\"https:\\\/\\\/www.musikzeitung.ch\\\/wp-content\\\/uploads\\\/2023\\\/01\\\/boehler_portraet_web-e1674139782246-96x96.jpg\",\"url\":\"https:\\\/\\\/www.musikzeitung.ch\\\/wp-content\\\/uploads\\\/2023\\\/01\\\/boehler_portraet_web-e1674139782246-96x96.jpg\",\"contentUrl\":\"https:\\\/\\\/www.musikzeitung.ch\\\/wp-content\\\/uploads\\\/2023\\\/01\\\/boehler_portraet_web-e1674139782246-96x96.jpg\",\"caption\":\"Wolfgang B\u00f6hler\"},\"sameAs\":[\"http:\\\/\\\/www.manacanto.ch\",\"https:\\\/\\\/www.facebook.com\\\/wolfgang.bohler.75\"],\"url\":\"https:\\\/\\\/www.musikzeitung.ch\\\/en\\\/author\\\/wolfgang-boehler\"}]}<\/script>\n<!-- \/ Yoast SEO plugin. -->","yoast_head_json":{"title":"The Paris Cortot School enlists Coin - Schweizer Musikzeitung","description":"The \u00c9cole normale de musique de Paris Alfred Cortot has announced the appointment of Christophe Coin as the new Professor of Violoncello.","robots":{"index":"index","follow":"follow","max-snippet":"max-snippet:-1","max-image-preview":"max-image-preview:large","max-video-preview":"max-video-preview:-1"},"canonical":"https:\/\/www.musikzeitung.ch\/en\/news\/2025\/04\/die-pariser-cortot-schule-verpflichtet-coin\/","og_locale":"en_US","og_type":"article","og_title":"Die Pariser Cortot-Schule verpflichtet Coin - Schweizer Musikzeitung","og_description":"Die \u00c9cole normale de musique de Paris Alfred Cortot hat die Ernennung von Christophe Coin zum neuen Professor f\u00fcr Violoncello bekannt gegeben.","og_url":"https:\/\/www.musikzeitung.ch\/en\/news\/2025\/04\/die-pariser-cortot-schule-verpflichtet-coin\/","og_site_name":"Schweizer Musikzeitung","article_publisher":"https:\/\/www.facebook.com\/SchweizerMusikzeitung\/","article_author":"https:\/\/www.facebook.com\/wolfgang.bohler.75","article_published_time":"2025-04-23T04:56:11+00:00","article_modified_time":"2025-04-23T14:18:44+00:00","og_image":[{"width":989,"height":688,"url":"https:\/\/www.musikzeitung.ch\/wp-content\/uploads\/2025\/04\/250423cortot.jpg","type":"image\/jpeg"}],"author":"Wolfgang B\u00f6hler","twitter_card":"summary_large_image","twitter_creator":"@smusikzeitung","twitter_site":"@smusikzeitung","twitter_misc":{"Written by":"Wolfgang B\u00f6hler","Est. reading time":"1 minute"},"schema":{"@context":"https:\/\/schema.org","@graph":[{"@type":"Article","@id":"https:\/\/www.musikzeitung.ch\/news\/2025\/04\/die-pariser-cortot-schule-verpflichtet-coin#article","isPartOf":{"@id":"https:\/\/www.musikzeitung.ch\/news\/2025\/04\/die-pariser-cortot-schule-verpflichtet-coin"},"author":{"name":"Wolfgang B\u00f6hler","@id":"https:\/\/www.musikzeitung.ch\/#\/schema\/person\/0da4fb82d243f1252850a35d0e87cf0c"},"headline":"Die Pariser Cortot-Schule verpflichtet Coin","datePublished":"2025-04-23T04:56:11+00:00","dateModified":"2025-04-23T14:18:44+00:00","mainEntityOfPage":{"@id":"https:\/\/www.musikzeitung.ch\/news\/2025\/04\/die-pariser-cortot-schule-verpflichtet-coin"},"wordCount":108,"publisher":{"@id":"https:\/\/www.musikzeitung.ch\/#organization"},"image":{"@id":"https:\/\/www.musikzeitung.ch\/news\/2025\/04\/die-pariser-cortot-schule-verpflichtet-coin#primaryimage"},"thumbnailUrl":"https:\/\/www.musikzeitung.ch\/wp-content\/uploads\/2025\/04\/250423cortot.jpg","keywords":["Christophe Coin","Ecole Normale de Musique de Paris."],"articleSection":["News"],"inLanguage":"en-US"},{"@type":"WebPage","@id":"https:\/\/www.musikzeitung.ch\/news\/2025\/04\/die-pariser-cortot-schule-verpflichtet-coin","url":"https:\/\/www.musikzeitung.ch\/news\/2025\/04\/die-pariser-cortot-schule-verpflichtet-coin","name":"The Paris Cortot School enlists Coin - Schweizer Musikzeitung","isPartOf":{"@id":"https:\/\/www.musikzeitung.ch\/#website"},"primaryImageOfPage":{"@id":"https:\/\/www.musikzeitung.ch\/news\/2025\/04\/die-pariser-cortot-schule-verpflichtet-coin#primaryimage"},"image":{"@id":"https:\/\/www.musikzeitung.ch\/news\/2025\/04\/die-pariser-cortot-schule-verpflichtet-coin#primaryimage"},"thumbnailUrl":"https:\/\/www.musikzeitung.ch\/wp-content\/uploads\/2025\/04\/250423cortot.jpg","datePublished":"2025-04-23T04:56:11+00:00","dateModified":"2025-04-23T14:18:44+00:00","description":"The \u00c9cole normale de musique de Paris Alfred Cortot has announced the appointment of Christophe Coin as the new Professor of Violoncello.","breadcrumb":{"@id":"https:\/\/www.musikzeitung.ch\/news\/2025\/04\/die-pariser-cortot-schule-verpflichtet-coin#breadcrumb"},"inLanguage":"en-US","potentialAction":[{"@type":"ReadAction","target":["https:\/\/www.musikzeitung.ch\/news\/2025\/04\/die-pariser-cortot-schule-verpflichtet-coin"]}]},{"@type":"ImageObject","inLanguage":"en-US","@id":"https:\/\/www.musikzeitung.ch\/news\/2025\/04\/die-pariser-cortot-schule-verpflichtet-coin#primaryimage","url":"https:\/\/www.musikzeitung.ch\/wp-content\/uploads\/2025\/04\/250423cortot.jpg","contentUrl":"https:\/\/www.musikzeitung.ch\/wp-content\/uploads\/2025\/04\/250423cortot.jpg","width":989,"height":688,"caption":"Ecole Normale de Musique de Paris. (Bild: Wikimedia commons\/30rKs56MaE"},{"@type":"BreadcrumbList","@id":"https:\/\/www.musikzeitung.ch\/news\/2025\/04\/die-pariser-cortot-schule-verpflichtet-coin#breadcrumb","itemListElement":[{"@type":"ListItem","position":1,"name":"Home","item":"https:\/\/www.musikzeitung.ch\/"},{"@type":"ListItem","position":2,"name":"Die Pariser Cortot-Schule verpflichtet Coin"}]},{"@type":"WebSite","@id":"https:\/\/www.musikzeitung.ch\/#website","url":"https:\/\/www.musikzeitung.ch\/","name":"Swiss Music Newspaper","description":"The leading interdisciplinary monthly newspaper in Switzerland for musical issues.","publisher":{"@id":"https:\/\/www.musikzeitung.ch\/#organization"},"potentialAction":[{"@type":"SearchAction","target":{"@type":"EntryPoint","urlTemplate":"https:\/\/www.musikzeitung.ch\/?s={search_term_string}"},"query-input":{"@type":"PropertyValueSpecification","valueRequired":true,"valueName":"search_term_string"}}],"inLanguage":"en-US"},{"@type":"Organization","@id":"https:\/\/www.musikzeitung.ch\/#organization","name":"Swiss Music Newspaper","url":"https:\/\/www.musikzeitung.ch\/","logo":{"@type":"ImageObject","inLanguage":"en-US","@id":"https:\/\/www.musikzeitung.ch\/#\/schema\/logo\/image\/","url":"https:\/\/www.musikzeitung.ch\/wp-content\/uploads\/2023\/01\/SMZ_Schriftzug_Sprache.png","contentUrl":"https:\/\/www.musikzeitung.ch\/wp-content\/uploads\/2023\/01\/SMZ_Schriftzug_Sprache.png","width":1400,"height":279,"caption":"Schweizer Musikzeitung"},"image":{"@id":"https:\/\/www.musikzeitung.ch\/#\/schema\/logo\/image\/"},"sameAs":["https:\/\/www.facebook.com\/SchweizerMusikzeitung\/","https:\/\/x.com\/smusikzeitung","https:\/\/www.instagram.com\/musikzeitung.ch\/"]},{"@type":"Person","@id":"https:\/\/www.musikzeitung.ch\/#\/schema\/person\/0da4fb82d243f1252850a35d0e87cf0c","name":"Wolfgang B\u00f6hler","image":{"@type":"ImageObject","inLanguage":"en-US","@id":"https:\/\/www.musikzeitung.ch\/wp-content\/uploads\/2023\/01\/boehler_portraet_web-e1674139782246-96x96.jpg","url":"https:\/\/www.musikzeitung.ch\/wp-content\/uploads\/2023\/01\/boehler_portraet_web-e1674139782246-96x96.jpg","contentUrl":"https:\/\/www.musikzeitung.ch\/wp-content\/uploads\/2023\/01\/boehler_portraet_web-e1674139782246-96x96.jpg","caption":"Wolfgang B\u00f6hler"},"sameAs":["http:\/\/www.manacanto.ch","https:\/\/www.facebook.com\/wolfgang.bohler.75"],"url":"https:\/\/www.musikzeitung.ch\/en\/author\/wolfgang-boehler"}]}},"publishpress_future_workflow_manual_trigger":{"enabledWorkflows":[]},"_links":{"self":[{"href":"https:\/\/www.musikzeitung.ch\/en\/wp-json\/wp\/v2\/posts\/64569","targetHints":{"allow":["GET"]}}],"collection":[{"href":"https:\/\/www.musikzeitung.ch\/en\/wp-json\/wp\/v2\/posts"}],"about":[{"href":"https:\/\/www.musikzeitung.ch\/en\/wp-json\/wp\/v2\/types\/post"}],"author":[{"embeddable":true,"href":"https:\/\/www.musikzeitung.ch\/en\/wp-json\/wp\/v2\/users\/30"}],"replies":[{"embeddable":true,"href":"https:\/\/www.musikzeitung.ch\/en\/wp-json\/wp\/v2\/comments?post=64569"}],"version-history":[{"count":6,"href":"https:\/\/www.musikzeitung.ch\/en\/wp-json\/wp\/v2\/posts\/64569\/revisions"}],"predecessor-version":[{"id":64579,"href":"https:\/\/www.musikzeitung.ch\/en\/wp-json\/wp\/v2\/posts\/64569\/revisions\/64579"}],"wp:featuredmedia":[{"embeddable":true,"href":"https:\/\/www.musikzeitung.ch\/en\/wp-json\/wp\/v2\/media\/64570"}],"wp:attachment":[{"href":"https:\/\/www.musikzeitung.ch\/en\/wp-json\/wp\/v2\/media?parent=64569"}],"wp:term":[{"taxonomy":"category","embeddable":true,"href":"https:\/\/www.musikzeitung.ch\/en\/wp-json\/wp\/v2\/categories?post=64569"},{"taxonomy":"post_tag","embeddable":true,"href":"https:\/\/www.musikzeitung.ch\/en\/wp-json\/wp\/v2\/tags?post=64569"}],"curies":[{"name":"wp","href":"https:\/\/api.w.org\/{rel}","templated":true}]}}