{"id":64679,"date":"2025-04-29T10:52:40","date_gmt":"2025-04-29T08:52:40","guid":{"rendered":"https:\/\/www.musikzeitung.ch\/?p=64679"},"modified":"2025-04-29T11:31:05","modified_gmt":"2025-04-29T09:31:05","slug":"swiss-jazz-award-2025-geht-an-elina-duni","status":"publish","type":"post","link":"https:\/\/www.musikzeitung.ch\/en\/news\/2025\/04\/swiss-jazz-award-2025-geht-an-elina-duni","title":{"rendered":"Swiss Jazz Award 2025 goes to Elina Duni"},"content":{"rendered":"<figure id=\"attachment_64680\" aria-describedby=\"caption-attachment-64680\" style=\"width: 995px\" class=\"wp-caption alignnone\"><img loading=\"lazy\" decoding=\"async\" class=\"wp-image-64680 size-full\" src=\"https:\/\/www.musikzeitung.ch\/wp-content\/uploads\/2025\/04\/250429duni.jpg\" alt=\"\" width=\"995\" height=\"660\" srcset=\"https:\/\/www.musikzeitung.ch\/wp-content\/uploads\/2025\/04\/250429duni.jpg 995w, https:\/\/www.musikzeitung.ch\/wp-content\/uploads\/2025\/04\/250429duni-300x199.jpg 300w, https:\/\/www.musikzeitung.ch\/wp-content\/uploads\/2025\/04\/250429duni-768x509.jpg 768w, https:\/\/www.musikzeitung.ch\/wp-content\/uploads\/2025\/04\/250429duni-18x12.jpg 18w, https:\/\/www.musikzeitung.ch\/wp-content\/uploads\/2025\/04\/250429duni-264x175.jpg 264w, https:\/\/www.musikzeitung.ch\/wp-content\/uploads\/2025\/04\/250429duni-528x350.jpg 528w, https:\/\/www.musikzeitung.ch\/wp-content\/uploads\/2025\/04\/250429duni-920x610.jpg 920w\" sizes=\"auto, (max-width: 995px) 100vw, 995px\" \/><figcaption id=\"caption-attachment-64680\" class=\"wp-caption-text\">Elina Duni (Image: Pedro Velasco)<\/figcaption><\/figure>\n<p>Elina Duni was born into a family of artists in Tirana in 1981 and began performing for Albanian radio and TV at the age of five. After the fall of the communist regime, she moved to Geneva with her mother, where she studied classical piano before turning to jazz. She perfected her training at the Bern University of the Arts, concentrating on composition and improvisation.<\/p>\n<p>During these years, together with Colin Vallon (piano), Patrice Moret (double bass) and Norbert Pfammatter (drums), she founded the Elina Duni Quartet, a project that fuses jazz with the sounds of Balkan folklore. In 2012, Elina Duni recorded a collaboration with ECM Records.<\/p>\n<p>Established in 2007, the Swiss Jazz Award is presented annually at JazzAscona (June 25 - July 5, 2025). Recent winners include Bruno Spoerri (2017), Franco Ambrosetti (2018), Othella Dallas (2019), Nolan Quinn (2022), Christoph Grab (2023) and the Swiss Jazz Orchestra (2024).<\/p>","protected":false},"excerpt":{"rendered":"<p>This year's Swiss Jazz Award, presented as part of JazzAscona, goes to the singer and composer Elina Duni. <\/p>","protected":false},"author":30,"featured_media":64680,"comment_status":"closed","ping_status":"closed","sticky":false,"template":"","format":"standard","meta":{"_acf_changed":false,"_relevanssi_hide_post":"","_relevanssi_hide_content":"","_relevanssi_pin_for_all":"","_relevanssi_pin_keywords":"","_relevanssi_unpin_keywords":"","_relevanssi_related_keywords":"","_relevanssi_related_include_ids":"","_relevanssi_related_exclude_ids":"","_relevanssi_related_no_append":"","_relevanssi_related_not_related":"","_relevanssi_related_posts":"","_relevanssi_noindex_reason":"","pgc_sgb_lightbox_settings":"","footnotes":""},"categories":[27],"tags":[4893,4894,4895],"class_list":["post-64679","post","type-post","status-publish","format-standard","has-post-thumbnail","hentry","category-news","tag-elina-duni","tag-jazzascona","tag-swiss-jazz-award"],"acf":[],"yoast_head":"<!-- This site is optimized with the Yoast SEO plugin v27.4 - https:\/\/yoast.com\/product\/yoast-seo-wordpress\/ -->\n<title>Swiss Jazz Award 2025 geht an Elina Duni - Schweizer Musikzeitung<\/title>\n<meta name=\"description\" content=\"Der im Rahmen von JazzAscona verliehene Swiss Jazz Award, geht dieses Jahr an die S\u00e4ngerin und Komponistin Elina Duni.\" \/>\n<meta name=\"robots\" content=\"index, follow, max-snippet:-1, max-image-preview:large, max-video-preview:-1\" \/>\n<link rel=\"canonical\" href=\"https:\/\/www.musikzeitung.ch\/en\/news\/2025\/04\/swiss-jazz-award-2025-geht-an-elina-duni\/\" \/>\n<meta property=\"og:locale\" content=\"en_US\" \/>\n<meta property=\"og:type\" content=\"article\" \/>\n<meta property=\"og:title\" content=\"Swiss Jazz Award 2025 geht an Elina Duni - Schweizer Musikzeitung\" \/>\n<meta property=\"og:description\" content=\"Der im Rahmen von JazzAscona verliehene Swiss Jazz Award, geht dieses Jahr an die S\u00e4ngerin und Komponistin Elina Duni.\" \/>\n<meta property=\"og:url\" content=\"https:\/\/www.musikzeitung.ch\/en\/news\/2025\/04\/swiss-jazz-award-2025-geht-an-elina-duni\/\" \/>\n<meta property=\"og:site_name\" content=\"Schweizer Musikzeitung\" \/>\n<meta property=\"article:publisher\" content=\"https:\/\/www.facebook.com\/SchweizerMusikzeitung\/\" \/>\n<meta property=\"article:author\" content=\"https:\/\/www.facebook.com\/wolfgang.bohler.75\" \/>\n<meta property=\"article:published_time\" content=\"2025-04-29T08:52:40+00:00\" \/>\n<meta property=\"article:modified_time\" content=\"2025-04-29T09:31:05+00:00\" \/>\n<meta property=\"og:image\" content=\"https:\/\/www.musikzeitung.ch\/wp-content\/uploads\/2025\/04\/250429duni.jpg\" \/>\n\t<meta property=\"og:image:width\" content=\"995\" \/>\n\t<meta property=\"og:image:height\" content=\"660\" \/>\n\t<meta property=\"og:image:type\" content=\"image\/jpeg\" \/>\n<meta name=\"author\" content=\"Wolfgang B\u00f6hler\" \/>\n<meta name=\"twitter:card\" content=\"summary_large_image\" \/>\n<meta name=\"twitter:creator\" content=\"@smusikzeitung\" \/>\n<meta name=\"twitter:site\" content=\"@smusikzeitung\" \/>\n<meta name=\"twitter:label1\" content=\"Written by\" \/>\n\t<meta name=\"twitter:data1\" content=\"Wolfgang B\u00f6hler\" \/>\n\t<meta name=\"twitter:label2\" content=\"Est. reading time\" \/>\n\t<meta name=\"twitter:data2\" content=\"2 minutes\" \/>\n<script type=\"application\/ld+json\" class=\"yoast-schema-graph\">{\"@context\":\"https:\\\/\\\/schema.org\",\"@graph\":[{\"@type\":\"Article\",\"@id\":\"https:\\\/\\\/www.musikzeitung.ch\\\/news\\\/2025\\\/04\\\/swiss-jazz-award-2025-geht-an-elina-duni#article\",\"isPartOf\":{\"@id\":\"https:\\\/\\\/www.musikzeitung.ch\\\/news\\\/2025\\\/04\\\/swiss-jazz-award-2025-geht-an-elina-duni\"},\"author\":{\"name\":\"Wolfgang B\u00f6hler\",\"@id\":\"https:\\\/\\\/www.musikzeitung.ch\\\/#\\\/schema\\\/person\\\/0da4fb82d243f1252850a35d0e87cf0c\"},\"headline\":\"Swiss Jazz Award 2025 geht an Elina Duni\",\"datePublished\":\"2025-04-29T08:52:40+00:00\",\"dateModified\":\"2025-04-29T09:31:05+00:00\",\"mainEntityOfPage\":{\"@id\":\"https:\\\/\\\/www.musikzeitung.ch\\\/news\\\/2025\\\/04\\\/swiss-jazz-award-2025-geht-an-elina-duni\"},\"wordCount\":174,\"publisher\":{\"@id\":\"https:\\\/\\\/www.musikzeitung.ch\\\/#organization\"},\"image\":{\"@id\":\"https:\\\/\\\/www.musikzeitung.ch\\\/news\\\/2025\\\/04\\\/swiss-jazz-award-2025-geht-an-elina-duni#primaryimage\"},\"thumbnailUrl\":\"https:\\\/\\\/www.musikzeitung.ch\\\/wp-content\\\/uploads\\\/2025\\\/04\\\/250429duni.jpg\",\"keywords\":[\"Elina Duni\",\"Jazzascona\",\"Swiss Jazz Award\"],\"articleSection\":[\"News\"],\"inLanguage\":\"en-US\"},{\"@type\":\"WebPage\",\"@id\":\"https:\\\/\\\/www.musikzeitung.ch\\\/news\\\/2025\\\/04\\\/swiss-jazz-award-2025-geht-an-elina-duni\",\"url\":\"https:\\\/\\\/www.musikzeitung.ch\\\/news\\\/2025\\\/04\\\/swiss-jazz-award-2025-geht-an-elina-duni\",\"name\":\"Swiss Jazz Award 2025 geht an Elina Duni - Schweizer Musikzeitung\",\"isPartOf\":{\"@id\":\"https:\\\/\\\/www.musikzeitung.ch\\\/#website\"},\"primaryImageOfPage\":{\"@id\":\"https:\\\/\\\/www.musikzeitung.ch\\\/news\\\/2025\\\/04\\\/swiss-jazz-award-2025-geht-an-elina-duni#primaryimage\"},\"image\":{\"@id\":\"https:\\\/\\\/www.musikzeitung.ch\\\/news\\\/2025\\\/04\\\/swiss-jazz-award-2025-geht-an-elina-duni#primaryimage\"},\"thumbnailUrl\":\"https:\\\/\\\/www.musikzeitung.ch\\\/wp-content\\\/uploads\\\/2025\\\/04\\\/250429duni.jpg\",\"datePublished\":\"2025-04-29T08:52:40+00:00\",\"dateModified\":\"2025-04-29T09:31:05+00:00\",\"description\":\"Der im Rahmen von JazzAscona verliehene Swiss Jazz Award, geht dieses Jahr an die S\u00e4ngerin und Komponistin Elina Duni.\",\"breadcrumb\":{\"@id\":\"https:\\\/\\\/www.musikzeitung.ch\\\/news\\\/2025\\\/04\\\/swiss-jazz-award-2025-geht-an-elina-duni#breadcrumb\"},\"inLanguage\":\"en-US\",\"potentialAction\":[{\"@type\":\"ReadAction\",\"target\":[\"https:\\\/\\\/www.musikzeitung.ch\\\/news\\\/2025\\\/04\\\/swiss-jazz-award-2025-geht-an-elina-duni\"]}]},{\"@type\":\"ImageObject\",\"inLanguage\":\"en-US\",\"@id\":\"https:\\\/\\\/www.musikzeitung.ch\\\/news\\\/2025\\\/04\\\/swiss-jazz-award-2025-geht-an-elina-duni#primaryimage\",\"url\":\"https:\\\/\\\/www.musikzeitung.ch\\\/wp-content\\\/uploads\\\/2025\\\/04\\\/250429duni.jpg\",\"contentUrl\":\"https:\\\/\\\/www.musikzeitung.ch\\\/wp-content\\\/uploads\\\/2025\\\/04\\\/250429duni.jpg\",\"width\":995,\"height\":660,\"caption\":\"Elina Duni (Bild: ZVG, JazzAscona)\"},{\"@type\":\"BreadcrumbList\",\"@id\":\"https:\\\/\\\/www.musikzeitung.ch\\\/news\\\/2025\\\/04\\\/swiss-jazz-award-2025-geht-an-elina-duni#breadcrumb\",\"itemListElement\":[{\"@type\":\"ListItem\",\"position\":1,\"name\":\"Home\",\"item\":\"https:\\\/\\\/www.musikzeitung.ch\\\/\"},{\"@type\":\"ListItem\",\"position\":2,\"name\":\"Swiss Jazz Award 2025 geht an Elina Duni\"}]},{\"@type\":\"WebSite\",\"@id\":\"https:\\\/\\\/www.musikzeitung.ch\\\/#website\",\"url\":\"https:\\\/\\\/www.musikzeitung.ch\\\/\",\"name\":\"Schweizer Musikzeitung\",\"description\":\"Die f\u00fchrende sparten\u00fcbergreifende Monatszeitung in der Schweiz f\u00fcr musikalische Fragen.\",\"publisher\":{\"@id\":\"https:\\\/\\\/www.musikzeitung.ch\\\/#organization\"},\"potentialAction\":[{\"@type\":\"SearchAction\",\"target\":{\"@type\":\"EntryPoint\",\"urlTemplate\":\"https:\\\/\\\/www.musikzeitung.ch\\\/?s={search_term_string}\"},\"query-input\":{\"@type\":\"PropertyValueSpecification\",\"valueRequired\":true,\"valueName\":\"search_term_string\"}}],\"inLanguage\":\"en-US\"},{\"@type\":\"Organization\",\"@id\":\"https:\\\/\\\/www.musikzeitung.ch\\\/#organization\",\"name\":\"Schweizer Musikzeitung\",\"url\":\"https:\\\/\\\/www.musikzeitung.ch\\\/\",\"logo\":{\"@type\":\"ImageObject\",\"inLanguage\":\"en-US\",\"@id\":\"https:\\\/\\\/www.musikzeitung.ch\\\/#\\\/schema\\\/logo\\\/image\\\/\",\"url\":\"https:\\\/\\\/www.musikzeitung.ch\\\/wp-content\\\/uploads\\\/2023\\\/01\\\/SMZ_Schriftzug_Sprache.png\",\"contentUrl\":\"https:\\\/\\\/www.musikzeitung.ch\\\/wp-content\\\/uploads\\\/2023\\\/01\\\/SMZ_Schriftzug_Sprache.png\",\"width\":1400,\"height\":279,\"caption\":\"Schweizer Musikzeitung\"},\"image\":{\"@id\":\"https:\\\/\\\/www.musikzeitung.ch\\\/#\\\/schema\\\/logo\\\/image\\\/\"},\"sameAs\":[\"https:\\\/\\\/www.facebook.com\\\/SchweizerMusikzeitung\\\/\",\"https:\\\/\\\/x.com\\\/smusikzeitung\",\"https:\\\/\\\/www.instagram.com\\\/musikzeitung.ch\\\/\"]},{\"@type\":\"Person\",\"@id\":\"https:\\\/\\\/www.musikzeitung.ch\\\/#\\\/schema\\\/person\\\/0da4fb82d243f1252850a35d0e87cf0c\",\"name\":\"Wolfgang B\u00f6hler\",\"image\":{\"@type\":\"ImageObject\",\"inLanguage\":\"en-US\",\"@id\":\"https:\\\/\\\/www.musikzeitung.ch\\\/wp-content\\\/uploads\\\/2023\\\/01\\\/boehler_portraet_web-e1674139782246-96x96.jpg\",\"url\":\"https:\\\/\\\/www.musikzeitung.ch\\\/wp-content\\\/uploads\\\/2023\\\/01\\\/boehler_portraet_web-e1674139782246-96x96.jpg\",\"contentUrl\":\"https:\\\/\\\/www.musikzeitung.ch\\\/wp-content\\\/uploads\\\/2023\\\/01\\\/boehler_portraet_web-e1674139782246-96x96.jpg\",\"caption\":\"Wolfgang B\u00f6hler\"},\"sameAs\":[\"http:\\\/\\\/www.manacanto.ch\",\"https:\\\/\\\/www.facebook.com\\\/wolfgang.bohler.75\"],\"url\":\"https:\\\/\\\/www.musikzeitung.ch\\\/en\\\/author\\\/wolfgang-boehler\"}]}<\/script>\n<!-- \/ Yoast SEO plugin. -->","yoast_head_json":{"title":"Swiss Jazz Award 2025 goes to Elina Duni - Schweizer Musikzeitung","description":"This year's Swiss Jazz Award, presented as part of JazzAscona, goes to the singer and composer Elina Duni.","robots":{"index":"index","follow":"follow","max-snippet":"max-snippet:-1","max-image-preview":"max-image-preview:large","max-video-preview":"max-video-preview:-1"},"canonical":"https:\/\/www.musikzeitung.ch\/en\/news\/2025\/04\/swiss-jazz-award-2025-geht-an-elina-duni\/","og_locale":"en_US","og_type":"article","og_title":"Swiss Jazz Award 2025 geht an Elina Duni - Schweizer Musikzeitung","og_description":"Der im Rahmen von JazzAscona verliehene Swiss Jazz Award, geht dieses Jahr an die S\u00e4ngerin und Komponistin Elina Duni.","og_url":"https:\/\/www.musikzeitung.ch\/en\/news\/2025\/04\/swiss-jazz-award-2025-geht-an-elina-duni\/","og_site_name":"Schweizer Musikzeitung","article_publisher":"https:\/\/www.facebook.com\/SchweizerMusikzeitung\/","article_author":"https:\/\/www.facebook.com\/wolfgang.bohler.75","article_published_time":"2025-04-29T08:52:40+00:00","article_modified_time":"2025-04-29T09:31:05+00:00","og_image":[{"width":995,"height":660,"url":"https:\/\/www.musikzeitung.ch\/wp-content\/uploads\/2025\/04\/250429duni.jpg","type":"image\/jpeg"}],"author":"Wolfgang B\u00f6hler","twitter_card":"summary_large_image","twitter_creator":"@smusikzeitung","twitter_site":"@smusikzeitung","twitter_misc":{"Written by":"Wolfgang B\u00f6hler","Est. reading time":"2 minutes"},"schema":{"@context":"https:\/\/schema.org","@graph":[{"@type":"Article","@id":"https:\/\/www.musikzeitung.ch\/news\/2025\/04\/swiss-jazz-award-2025-geht-an-elina-duni#article","isPartOf":{"@id":"https:\/\/www.musikzeitung.ch\/news\/2025\/04\/swiss-jazz-award-2025-geht-an-elina-duni"},"author":{"name":"Wolfgang B\u00f6hler","@id":"https:\/\/www.musikzeitung.ch\/#\/schema\/person\/0da4fb82d243f1252850a35d0e87cf0c"},"headline":"Swiss Jazz Award 2025 geht an Elina Duni","datePublished":"2025-04-29T08:52:40+00:00","dateModified":"2025-04-29T09:31:05+00:00","mainEntityOfPage":{"@id":"https:\/\/www.musikzeitung.ch\/news\/2025\/04\/swiss-jazz-award-2025-geht-an-elina-duni"},"wordCount":174,"publisher":{"@id":"https:\/\/www.musikzeitung.ch\/#organization"},"image":{"@id":"https:\/\/www.musikzeitung.ch\/news\/2025\/04\/swiss-jazz-award-2025-geht-an-elina-duni#primaryimage"},"thumbnailUrl":"https:\/\/www.musikzeitung.ch\/wp-content\/uploads\/2025\/04\/250429duni.jpg","keywords":["Elina Duni","Jazzascona","Swiss Jazz Award"],"articleSection":["News"],"inLanguage":"en-US"},{"@type":"WebPage","@id":"https:\/\/www.musikzeitung.ch\/news\/2025\/04\/swiss-jazz-award-2025-geht-an-elina-duni","url":"https:\/\/www.musikzeitung.ch\/news\/2025\/04\/swiss-jazz-award-2025-geht-an-elina-duni","name":"Swiss Jazz Award 2025 goes to Elina Duni - Schweizer Musikzeitung","isPartOf":{"@id":"https:\/\/www.musikzeitung.ch\/#website"},"primaryImageOfPage":{"@id":"https:\/\/www.musikzeitung.ch\/news\/2025\/04\/swiss-jazz-award-2025-geht-an-elina-duni#primaryimage"},"image":{"@id":"https:\/\/www.musikzeitung.ch\/news\/2025\/04\/swiss-jazz-award-2025-geht-an-elina-duni#primaryimage"},"thumbnailUrl":"https:\/\/www.musikzeitung.ch\/wp-content\/uploads\/2025\/04\/250429duni.jpg","datePublished":"2025-04-29T08:52:40+00:00","dateModified":"2025-04-29T09:31:05+00:00","description":"This year's Swiss Jazz Award, presented as part of JazzAscona, goes to the singer and composer Elina Duni.","breadcrumb":{"@id":"https:\/\/www.musikzeitung.ch\/news\/2025\/04\/swiss-jazz-award-2025-geht-an-elina-duni#breadcrumb"},"inLanguage":"en-US","potentialAction":[{"@type":"ReadAction","target":["https:\/\/www.musikzeitung.ch\/news\/2025\/04\/swiss-jazz-award-2025-geht-an-elina-duni"]}]},{"@type":"ImageObject","inLanguage":"en-US","@id":"https:\/\/www.musikzeitung.ch\/news\/2025\/04\/swiss-jazz-award-2025-geht-an-elina-duni#primaryimage","url":"https:\/\/www.musikzeitung.ch\/wp-content\/uploads\/2025\/04\/250429duni.jpg","contentUrl":"https:\/\/www.musikzeitung.ch\/wp-content\/uploads\/2025\/04\/250429duni.jpg","width":995,"height":660,"caption":"Elina Duni (Bild: ZVG, JazzAscona)"},{"@type":"BreadcrumbList","@id":"https:\/\/www.musikzeitung.ch\/news\/2025\/04\/swiss-jazz-award-2025-geht-an-elina-duni#breadcrumb","itemListElement":[{"@type":"ListItem","position":1,"name":"Home","item":"https:\/\/www.musikzeitung.ch\/"},{"@type":"ListItem","position":2,"name":"Swiss Jazz Award 2025 geht an Elina Duni"}]},{"@type":"WebSite","@id":"https:\/\/www.musikzeitung.ch\/#website","url":"https:\/\/www.musikzeitung.ch\/","name":"Swiss Music Newspaper","description":"The leading interdisciplinary monthly newspaper in Switzerland for musical issues.","publisher":{"@id":"https:\/\/www.musikzeitung.ch\/#organization"},"potentialAction":[{"@type":"SearchAction","target":{"@type":"EntryPoint","urlTemplate":"https:\/\/www.musikzeitung.ch\/?s={search_term_string}"},"query-input":{"@type":"PropertyValueSpecification","valueRequired":true,"valueName":"search_term_string"}}],"inLanguage":"en-US"},{"@type":"Organization","@id":"https:\/\/www.musikzeitung.ch\/#organization","name":"Swiss Music Newspaper","url":"https:\/\/www.musikzeitung.ch\/","logo":{"@type":"ImageObject","inLanguage":"en-US","@id":"https:\/\/www.musikzeitung.ch\/#\/schema\/logo\/image\/","url":"https:\/\/www.musikzeitung.ch\/wp-content\/uploads\/2023\/01\/SMZ_Schriftzug_Sprache.png","contentUrl":"https:\/\/www.musikzeitung.ch\/wp-content\/uploads\/2023\/01\/SMZ_Schriftzug_Sprache.png","width":1400,"height":279,"caption":"Schweizer Musikzeitung"},"image":{"@id":"https:\/\/www.musikzeitung.ch\/#\/schema\/logo\/image\/"},"sameAs":["https:\/\/www.facebook.com\/SchweizerMusikzeitung\/","https:\/\/x.com\/smusikzeitung","https:\/\/www.instagram.com\/musikzeitung.ch\/"]},{"@type":"Person","@id":"https:\/\/www.musikzeitung.ch\/#\/schema\/person\/0da4fb82d243f1252850a35d0e87cf0c","name":"Wolfgang B\u00f6hler","image":{"@type":"ImageObject","inLanguage":"en-US","@id":"https:\/\/www.musikzeitung.ch\/wp-content\/uploads\/2023\/01\/boehler_portraet_web-e1674139782246-96x96.jpg","url":"https:\/\/www.musikzeitung.ch\/wp-content\/uploads\/2023\/01\/boehler_portraet_web-e1674139782246-96x96.jpg","contentUrl":"https:\/\/www.musikzeitung.ch\/wp-content\/uploads\/2023\/01\/boehler_portraet_web-e1674139782246-96x96.jpg","caption":"Wolfgang B\u00f6hler"},"sameAs":["http:\/\/www.manacanto.ch","https:\/\/www.facebook.com\/wolfgang.bohler.75"],"url":"https:\/\/www.musikzeitung.ch\/en\/author\/wolfgang-boehler"}]}},"publishpress_future_workflow_manual_trigger":{"enabledWorkflows":[]},"_links":{"self":[{"href":"https:\/\/www.musikzeitung.ch\/en\/wp-json\/wp\/v2\/posts\/64679","targetHints":{"allow":["GET"]}}],"collection":[{"href":"https:\/\/www.musikzeitung.ch\/en\/wp-json\/wp\/v2\/posts"}],"about":[{"href":"https:\/\/www.musikzeitung.ch\/en\/wp-json\/wp\/v2\/types\/post"}],"author":[{"embeddable":true,"href":"https:\/\/www.musikzeitung.ch\/en\/wp-json\/wp\/v2\/users\/30"}],"replies":[{"embeddable":true,"href":"https:\/\/www.musikzeitung.ch\/en\/wp-json\/wp\/v2\/comments?post=64679"}],"version-history":[{"count":4,"href":"https:\/\/www.musikzeitung.ch\/en\/wp-json\/wp\/v2\/posts\/64679\/revisions"}],"predecessor-version":[{"id":64686,"href":"https:\/\/www.musikzeitung.ch\/en\/wp-json\/wp\/v2\/posts\/64679\/revisions\/64686"}],"wp:featuredmedia":[{"embeddable":true,"href":"https:\/\/www.musikzeitung.ch\/en\/wp-json\/wp\/v2\/media\/64680"}],"wp:attachment":[{"href":"https:\/\/www.musikzeitung.ch\/en\/wp-json\/wp\/v2\/media?parent=64679"}],"wp:term":[{"taxonomy":"category","embeddable":true,"href":"https:\/\/www.musikzeitung.ch\/en\/wp-json\/wp\/v2\/categories?post=64679"},{"taxonomy":"post_tag","embeddable":true,"href":"https:\/\/www.musikzeitung.ch\/en\/wp-json\/wp\/v2\/tags?post=64679"}],"curies":[{"name":"wp","href":"https:\/\/api.w.org\/{rel}","templated":true}]}}