{"id":64872,"date":"2025-05-05T09:41:13","date_gmt":"2025-05-05T07:41:13","guid":{"rendered":"https:\/\/www.musikzeitung.ch\/?p=64872"},"modified":"2025-05-06T15:54:35","modified_gmt":"2025-05-06T13:54:35","slug":"tod-des-oboisten-victor-aviat","status":"publish","type":"post","link":"https:\/\/www.musikzeitung.ch\/en\/news\/2025\/05\/tod-des-oboisten-victor-aviat","title":{"rendered":"Death of the oboist Victor Aviat"},"content":{"rendered":"<figure id=\"attachment_64873\" aria-describedby=\"caption-attachment-64873\" style=\"width: 930px\" class=\"wp-caption alignnone\"><img loading=\"lazy\" decoding=\"async\" class=\"size-full wp-image-64873\" src=\"https:\/\/www.musikzeitung.ch\/wp-content\/uploads\/2025\/05\/250505abiat.jpg\" alt=\"\" width=\"930\" height=\"684\" srcset=\"https:\/\/www.musikzeitung.ch\/wp-content\/uploads\/2025\/05\/250505abiat.jpg 930w, https:\/\/www.musikzeitung.ch\/wp-content\/uploads\/2025\/05\/250505abiat-300x221.jpg 300w, https:\/\/www.musikzeitung.ch\/wp-content\/uploads\/2025\/05\/250505abiat-768x565.jpg 768w, https:\/\/www.musikzeitung.ch\/wp-content\/uploads\/2025\/05\/250505abiat-16x12.jpg 16w, https:\/\/www.musikzeitung.ch\/wp-content\/uploads\/2025\/05\/250505abiat-238x175.jpg 238w, https:\/\/www.musikzeitung.ch\/wp-content\/uploads\/2025\/05\/250505abiat-476x350.jpg 476w, https:\/\/www.musikzeitung.ch\/wp-content\/uploads\/2025\/05\/250505abiat-920x677.jpg 920w\" sizes=\"auto, (max-width: 930px) 100vw, 930px\" \/><figcaption id=\"caption-attachment-64873\" class=\"wp-caption-text\">Victor Aviat (Image: www.victoraviat.com)<\/figcaption><\/figure>\n<p>Victor Aviat studied oboe and piano in Zurich with Louise Pellerin and in Geneva with Maurice Bourgue. As an oboist, he was a member of the Karajan Academy of the Berlin Philharmonic Orchestra and later became Claudio Abbado's principal oboist in his performances with the Lucerne Festival Orchestra and the Orchestra Mozart.<\/p>\n<p>Victor Aviat lived in Berlin and was principal oboist of the Budapest Festival Orchestra under Iv\u00e1n Fischer. He also played regularly in the same position with ensembles such as the Chamber Orchestra of Europe and the Lucerne Festival Orchestra under Riccardo Chailly.<\/p>","protected":false},"excerpt":{"rendered":"<p>The Gustav Mahler Jugendorchester has announced the death of oboist Victor Aviat at the age of 43. Aviat studied in Zurich and Geneva and was principal oboist of the Lucerne Festival Orchestra, <\/p>","protected":false},"author":30,"featured_media":64873,"comment_status":"closed","ping_status":"closed","sticky":false,"template":"","format":"standard","meta":{"_acf_changed":false,"_relevanssi_hide_post":"","_relevanssi_hide_content":"","_relevanssi_pin_for_all":"","_relevanssi_pin_keywords":"","_relevanssi_unpin_keywords":"","_relevanssi_related_keywords":"","_relevanssi_related_include_ids":"","_relevanssi_related_exclude_ids":"","_relevanssi_related_no_append":"","_relevanssi_related_not_related":"","_relevanssi_related_posts":"","_relevanssi_noindex_reason":"","pgc_sgb_lightbox_settings":"","footnotes":""},"categories":[27],"tags":[4911],"class_list":["post-64872","post","type-post","status-publish","format-standard","has-post-thumbnail","hentry","category-news","tag-victor-aviat"],"acf":[],"yoast_head":"<!-- This site is optimized with the Yoast SEO plugin v27.4 - https:\/\/yoast.com\/product\/yoast-seo-wordpress\/ -->\n<title>Tod des Oboisten Victor Aviat - Schweizer Musikzeitung<\/title>\n<meta name=\"description\" content=\"Das GMJ meldet, dass der Oboist Victor Aviat im Alter von 43 Jahren verstorben ist. Aviat studierte in Z\u00fcrich und Genf und amtete als Solo-Oboist des LFO.\" \/>\n<meta name=\"robots\" content=\"index, follow, max-snippet:-1, max-image-preview:large, max-video-preview:-1\" \/>\n<link rel=\"canonical\" href=\"https:\/\/www.musikzeitung.ch\/en\/news\/2025\/05\/tod-des-oboisten-victor-aviat\/\" \/>\n<meta property=\"og:locale\" content=\"en_US\" \/>\n<meta property=\"og:type\" content=\"article\" \/>\n<meta property=\"og:title\" content=\"Tod des Oboisten Victor Aviat - Schweizer Musikzeitung\" \/>\n<meta property=\"og:description\" content=\"Das GMJ meldet, dass der Oboist Victor Aviat im Alter von 43 Jahren verstorben ist. Aviat studierte in Z\u00fcrich und Genf und amtete als Solo-Oboist des LFO.\" \/>\n<meta property=\"og:url\" content=\"https:\/\/www.musikzeitung.ch\/en\/news\/2025\/05\/tod-des-oboisten-victor-aviat\/\" \/>\n<meta property=\"og:site_name\" content=\"Schweizer Musikzeitung\" \/>\n<meta property=\"article:publisher\" content=\"https:\/\/www.facebook.com\/SchweizerMusikzeitung\/\" \/>\n<meta property=\"article:author\" content=\"https:\/\/www.facebook.com\/wolfgang.bohler.75\" \/>\n<meta property=\"article:published_time\" content=\"2025-05-05T07:41:13+00:00\" \/>\n<meta property=\"article:modified_time\" content=\"2025-05-06T13:54:35+00:00\" \/>\n<meta property=\"og:image\" content=\"https:\/\/www.musikzeitung.ch\/wp-content\/uploads\/2025\/05\/250505abiat.jpg\" \/>\n\t<meta property=\"og:image:width\" content=\"930\" \/>\n\t<meta property=\"og:image:height\" content=\"684\" \/>\n\t<meta property=\"og:image:type\" content=\"image\/jpeg\" \/>\n<meta name=\"author\" content=\"Wolfgang B\u00f6hler\" \/>\n<meta name=\"twitter:card\" content=\"summary_large_image\" \/>\n<meta name=\"twitter:creator\" content=\"@smusikzeitung\" \/>\n<meta name=\"twitter:site\" content=\"@smusikzeitung\" \/>\n<meta name=\"twitter:label1\" content=\"Written by\" \/>\n\t<meta name=\"twitter:data1\" content=\"Wolfgang B\u00f6hler\" \/>\n\t<meta name=\"twitter:label2\" content=\"Est. reading time\" \/>\n\t<meta name=\"twitter:data2\" content=\"1 minute\" \/>\n<script type=\"application\/ld+json\" class=\"yoast-schema-graph\">{\"@context\":\"https:\\\/\\\/schema.org\",\"@graph\":[{\"@type\":\"Article\",\"@id\":\"https:\\\/\\\/www.musikzeitung.ch\\\/news\\\/2025\\\/05\\\/tod-des-oboisten-victor-aviat#article\",\"isPartOf\":{\"@id\":\"https:\\\/\\\/www.musikzeitung.ch\\\/news\\\/2025\\\/05\\\/tod-des-oboisten-victor-aviat\"},\"author\":{\"name\":\"Wolfgang B\u00f6hler\",\"@id\":\"https:\\\/\\\/www.musikzeitung.ch\\\/#\\\/schema\\\/person\\\/0da4fb82d243f1252850a35d0e87cf0c\"},\"headline\":\"Tod des Oboisten Victor Aviat\",\"datePublished\":\"2025-05-05T07:41:13+00:00\",\"dateModified\":\"2025-05-06T13:54:35+00:00\",\"mainEntityOfPage\":{\"@id\":\"https:\\\/\\\/www.musikzeitung.ch\\\/news\\\/2025\\\/05\\\/tod-des-oboisten-victor-aviat\"},\"wordCount\":105,\"publisher\":{\"@id\":\"https:\\\/\\\/www.musikzeitung.ch\\\/#organization\"},\"image\":{\"@id\":\"https:\\\/\\\/www.musikzeitung.ch\\\/news\\\/2025\\\/05\\\/tod-des-oboisten-victor-aviat#primaryimage\"},\"thumbnailUrl\":\"https:\\\/\\\/www.musikzeitung.ch\\\/wp-content\\\/uploads\\\/2025\\\/05\\\/250505abiat.jpg\",\"keywords\":[\"Victor Aviat\"],\"articleSection\":[\"News\"],\"inLanguage\":\"en-US\"},{\"@type\":\"WebPage\",\"@id\":\"https:\\\/\\\/www.musikzeitung.ch\\\/news\\\/2025\\\/05\\\/tod-des-oboisten-victor-aviat\",\"url\":\"https:\\\/\\\/www.musikzeitung.ch\\\/news\\\/2025\\\/05\\\/tod-des-oboisten-victor-aviat\",\"name\":\"Tod des Oboisten Victor Aviat - Schweizer Musikzeitung\",\"isPartOf\":{\"@id\":\"https:\\\/\\\/www.musikzeitung.ch\\\/#website\"},\"primaryImageOfPage\":{\"@id\":\"https:\\\/\\\/www.musikzeitung.ch\\\/news\\\/2025\\\/05\\\/tod-des-oboisten-victor-aviat#primaryimage\"},\"image\":{\"@id\":\"https:\\\/\\\/www.musikzeitung.ch\\\/news\\\/2025\\\/05\\\/tod-des-oboisten-victor-aviat#primaryimage\"},\"thumbnailUrl\":\"https:\\\/\\\/www.musikzeitung.ch\\\/wp-content\\\/uploads\\\/2025\\\/05\\\/250505abiat.jpg\",\"datePublished\":\"2025-05-05T07:41:13+00:00\",\"dateModified\":\"2025-05-06T13:54:35+00:00\",\"description\":\"Das GMJ meldet, dass der Oboist Victor Aviat im Alter von 43 Jahren verstorben ist. Aviat studierte in Z\u00fcrich und Genf und amtete als Solo-Oboist des LFO.\",\"breadcrumb\":{\"@id\":\"https:\\\/\\\/www.musikzeitung.ch\\\/news\\\/2025\\\/05\\\/tod-des-oboisten-victor-aviat#breadcrumb\"},\"inLanguage\":\"en-US\",\"potentialAction\":[{\"@type\":\"ReadAction\",\"target\":[\"https:\\\/\\\/www.musikzeitung.ch\\\/news\\\/2025\\\/05\\\/tod-des-oboisten-victor-aviat\"]}]},{\"@type\":\"ImageObject\",\"inLanguage\":\"en-US\",\"@id\":\"https:\\\/\\\/www.musikzeitung.ch\\\/news\\\/2025\\\/05\\\/tod-des-oboisten-victor-aviat#primaryimage\",\"url\":\"https:\\\/\\\/www.musikzeitung.ch\\\/wp-content\\\/uploads\\\/2025\\\/05\\\/250505abiat.jpg\",\"contentUrl\":\"https:\\\/\\\/www.musikzeitung.ch\\\/wp-content\\\/uploads\\\/2025\\\/05\\\/250505abiat.jpg\",\"width\":930,\"height\":684,\"caption\":\"Victor Aviat (Bild: www.victoraviat.com)\"},{\"@type\":\"BreadcrumbList\",\"@id\":\"https:\\\/\\\/www.musikzeitung.ch\\\/news\\\/2025\\\/05\\\/tod-des-oboisten-victor-aviat#breadcrumb\",\"itemListElement\":[{\"@type\":\"ListItem\",\"position\":1,\"name\":\"Home\",\"item\":\"https:\\\/\\\/www.musikzeitung.ch\\\/\"},{\"@type\":\"ListItem\",\"position\":2,\"name\":\"Tod des Oboisten Victor Aviat\"}]},{\"@type\":\"WebSite\",\"@id\":\"https:\\\/\\\/www.musikzeitung.ch\\\/#website\",\"url\":\"https:\\\/\\\/www.musikzeitung.ch\\\/\",\"name\":\"Schweizer Musikzeitung\",\"description\":\"Die f\u00fchrende sparten\u00fcbergreifende Monatszeitung in der Schweiz f\u00fcr musikalische Fragen.\",\"publisher\":{\"@id\":\"https:\\\/\\\/www.musikzeitung.ch\\\/#organization\"},\"potentialAction\":[{\"@type\":\"SearchAction\",\"target\":{\"@type\":\"EntryPoint\",\"urlTemplate\":\"https:\\\/\\\/www.musikzeitung.ch\\\/?s={search_term_string}\"},\"query-input\":{\"@type\":\"PropertyValueSpecification\",\"valueRequired\":true,\"valueName\":\"search_term_string\"}}],\"inLanguage\":\"en-US\"},{\"@type\":\"Organization\",\"@id\":\"https:\\\/\\\/www.musikzeitung.ch\\\/#organization\",\"name\":\"Schweizer Musikzeitung\",\"url\":\"https:\\\/\\\/www.musikzeitung.ch\\\/\",\"logo\":{\"@type\":\"ImageObject\",\"inLanguage\":\"en-US\",\"@id\":\"https:\\\/\\\/www.musikzeitung.ch\\\/#\\\/schema\\\/logo\\\/image\\\/\",\"url\":\"https:\\\/\\\/www.musikzeitung.ch\\\/wp-content\\\/uploads\\\/2023\\\/01\\\/SMZ_Schriftzug_Sprache.png\",\"contentUrl\":\"https:\\\/\\\/www.musikzeitung.ch\\\/wp-content\\\/uploads\\\/2023\\\/01\\\/SMZ_Schriftzug_Sprache.png\",\"width\":1400,\"height\":279,\"caption\":\"Schweizer Musikzeitung\"},\"image\":{\"@id\":\"https:\\\/\\\/www.musikzeitung.ch\\\/#\\\/schema\\\/logo\\\/image\\\/\"},\"sameAs\":[\"https:\\\/\\\/www.facebook.com\\\/SchweizerMusikzeitung\\\/\",\"https:\\\/\\\/x.com\\\/smusikzeitung\",\"https:\\\/\\\/www.instagram.com\\\/musikzeitung.ch\\\/\"]},{\"@type\":\"Person\",\"@id\":\"https:\\\/\\\/www.musikzeitung.ch\\\/#\\\/schema\\\/person\\\/0da4fb82d243f1252850a35d0e87cf0c\",\"name\":\"Wolfgang B\u00f6hler\",\"image\":{\"@type\":\"ImageObject\",\"inLanguage\":\"en-US\",\"@id\":\"https:\\\/\\\/www.musikzeitung.ch\\\/wp-content\\\/uploads\\\/2023\\\/01\\\/boehler_portraet_web-e1674139782246-96x96.jpg\",\"url\":\"https:\\\/\\\/www.musikzeitung.ch\\\/wp-content\\\/uploads\\\/2023\\\/01\\\/boehler_portraet_web-e1674139782246-96x96.jpg\",\"contentUrl\":\"https:\\\/\\\/www.musikzeitung.ch\\\/wp-content\\\/uploads\\\/2023\\\/01\\\/boehler_portraet_web-e1674139782246-96x96.jpg\",\"caption\":\"Wolfgang B\u00f6hler\"},\"sameAs\":[\"http:\\\/\\\/www.manacanto.ch\",\"https:\\\/\\\/www.facebook.com\\\/wolfgang.bohler.75\"],\"url\":\"https:\\\/\\\/www.musikzeitung.ch\\\/en\\\/author\\\/wolfgang-boehler\"}]}<\/script>\n<!-- \/ Yoast SEO plugin. -->","yoast_head_json":{"title":"Death of the oboist Victor Aviat - Schweizer Musikzeitung","description":"The GMJ reports that oboist Victor Aviat has died at the age of 43. Aviat studied in Zurich and Geneva and was principal oboist of the LFO.","robots":{"index":"index","follow":"follow","max-snippet":"max-snippet:-1","max-image-preview":"max-image-preview:large","max-video-preview":"max-video-preview:-1"},"canonical":"https:\/\/www.musikzeitung.ch\/en\/news\/2025\/05\/tod-des-oboisten-victor-aviat\/","og_locale":"en_US","og_type":"article","og_title":"Tod des Oboisten Victor Aviat - Schweizer Musikzeitung","og_description":"Das GMJ meldet, dass der Oboist Victor Aviat im Alter von 43 Jahren verstorben ist. Aviat studierte in Z\u00fcrich und Genf und amtete als Solo-Oboist des LFO.","og_url":"https:\/\/www.musikzeitung.ch\/en\/news\/2025\/05\/tod-des-oboisten-victor-aviat\/","og_site_name":"Schweizer Musikzeitung","article_publisher":"https:\/\/www.facebook.com\/SchweizerMusikzeitung\/","article_author":"https:\/\/www.facebook.com\/wolfgang.bohler.75","article_published_time":"2025-05-05T07:41:13+00:00","article_modified_time":"2025-05-06T13:54:35+00:00","og_image":[{"width":930,"height":684,"url":"https:\/\/www.musikzeitung.ch\/wp-content\/uploads\/2025\/05\/250505abiat.jpg","type":"image\/jpeg"}],"author":"Wolfgang B\u00f6hler","twitter_card":"summary_large_image","twitter_creator":"@smusikzeitung","twitter_site":"@smusikzeitung","twitter_misc":{"Written by":"Wolfgang B\u00f6hler","Est. reading time":"1 minute"},"schema":{"@context":"https:\/\/schema.org","@graph":[{"@type":"Article","@id":"https:\/\/www.musikzeitung.ch\/news\/2025\/05\/tod-des-oboisten-victor-aviat#article","isPartOf":{"@id":"https:\/\/www.musikzeitung.ch\/news\/2025\/05\/tod-des-oboisten-victor-aviat"},"author":{"name":"Wolfgang B\u00f6hler","@id":"https:\/\/www.musikzeitung.ch\/#\/schema\/person\/0da4fb82d243f1252850a35d0e87cf0c"},"headline":"Tod des Oboisten Victor Aviat","datePublished":"2025-05-05T07:41:13+00:00","dateModified":"2025-05-06T13:54:35+00:00","mainEntityOfPage":{"@id":"https:\/\/www.musikzeitung.ch\/news\/2025\/05\/tod-des-oboisten-victor-aviat"},"wordCount":105,"publisher":{"@id":"https:\/\/www.musikzeitung.ch\/#organization"},"image":{"@id":"https:\/\/www.musikzeitung.ch\/news\/2025\/05\/tod-des-oboisten-victor-aviat#primaryimage"},"thumbnailUrl":"https:\/\/www.musikzeitung.ch\/wp-content\/uploads\/2025\/05\/250505abiat.jpg","keywords":["Victor Aviat"],"articleSection":["News"],"inLanguage":"en-US"},{"@type":"WebPage","@id":"https:\/\/www.musikzeitung.ch\/news\/2025\/05\/tod-des-oboisten-victor-aviat","url":"https:\/\/www.musikzeitung.ch\/news\/2025\/05\/tod-des-oboisten-victor-aviat","name":"Death of the oboist Victor Aviat - Schweizer Musikzeitung","isPartOf":{"@id":"https:\/\/www.musikzeitung.ch\/#website"},"primaryImageOfPage":{"@id":"https:\/\/www.musikzeitung.ch\/news\/2025\/05\/tod-des-oboisten-victor-aviat#primaryimage"},"image":{"@id":"https:\/\/www.musikzeitung.ch\/news\/2025\/05\/tod-des-oboisten-victor-aviat#primaryimage"},"thumbnailUrl":"https:\/\/www.musikzeitung.ch\/wp-content\/uploads\/2025\/05\/250505abiat.jpg","datePublished":"2025-05-05T07:41:13+00:00","dateModified":"2025-05-06T13:54:35+00:00","description":"The GMJ reports that oboist Victor Aviat has died at the age of 43. Aviat studied in Zurich and Geneva and was principal oboist of the LFO.","breadcrumb":{"@id":"https:\/\/www.musikzeitung.ch\/news\/2025\/05\/tod-des-oboisten-victor-aviat#breadcrumb"},"inLanguage":"en-US","potentialAction":[{"@type":"ReadAction","target":["https:\/\/www.musikzeitung.ch\/news\/2025\/05\/tod-des-oboisten-victor-aviat"]}]},{"@type":"ImageObject","inLanguage":"en-US","@id":"https:\/\/www.musikzeitung.ch\/news\/2025\/05\/tod-des-oboisten-victor-aviat#primaryimage","url":"https:\/\/www.musikzeitung.ch\/wp-content\/uploads\/2025\/05\/250505abiat.jpg","contentUrl":"https:\/\/www.musikzeitung.ch\/wp-content\/uploads\/2025\/05\/250505abiat.jpg","width":930,"height":684,"caption":"Victor Aviat (Bild: www.victoraviat.com)"},{"@type":"BreadcrumbList","@id":"https:\/\/www.musikzeitung.ch\/news\/2025\/05\/tod-des-oboisten-victor-aviat#breadcrumb","itemListElement":[{"@type":"ListItem","position":1,"name":"Home","item":"https:\/\/www.musikzeitung.ch\/"},{"@type":"ListItem","position":2,"name":"Tod des Oboisten Victor Aviat"}]},{"@type":"WebSite","@id":"https:\/\/www.musikzeitung.ch\/#website","url":"https:\/\/www.musikzeitung.ch\/","name":"Swiss Music Newspaper","description":"The leading interdisciplinary monthly newspaper in Switzerland for musical issues.","publisher":{"@id":"https:\/\/www.musikzeitung.ch\/#organization"},"potentialAction":[{"@type":"SearchAction","target":{"@type":"EntryPoint","urlTemplate":"https:\/\/www.musikzeitung.ch\/?s={search_term_string}"},"query-input":{"@type":"PropertyValueSpecification","valueRequired":true,"valueName":"search_term_string"}}],"inLanguage":"en-US"},{"@type":"Organization","@id":"https:\/\/www.musikzeitung.ch\/#organization","name":"Swiss Music Newspaper","url":"https:\/\/www.musikzeitung.ch\/","logo":{"@type":"ImageObject","inLanguage":"en-US","@id":"https:\/\/www.musikzeitung.ch\/#\/schema\/logo\/image\/","url":"https:\/\/www.musikzeitung.ch\/wp-content\/uploads\/2023\/01\/SMZ_Schriftzug_Sprache.png","contentUrl":"https:\/\/www.musikzeitung.ch\/wp-content\/uploads\/2023\/01\/SMZ_Schriftzug_Sprache.png","width":1400,"height":279,"caption":"Schweizer Musikzeitung"},"image":{"@id":"https:\/\/www.musikzeitung.ch\/#\/schema\/logo\/image\/"},"sameAs":["https:\/\/www.facebook.com\/SchweizerMusikzeitung\/","https:\/\/x.com\/smusikzeitung","https:\/\/www.instagram.com\/musikzeitung.ch\/"]},{"@type":"Person","@id":"https:\/\/www.musikzeitung.ch\/#\/schema\/person\/0da4fb82d243f1252850a35d0e87cf0c","name":"Wolfgang B\u00f6hler","image":{"@type":"ImageObject","inLanguage":"en-US","@id":"https:\/\/www.musikzeitung.ch\/wp-content\/uploads\/2023\/01\/boehler_portraet_web-e1674139782246-96x96.jpg","url":"https:\/\/www.musikzeitung.ch\/wp-content\/uploads\/2023\/01\/boehler_portraet_web-e1674139782246-96x96.jpg","contentUrl":"https:\/\/www.musikzeitung.ch\/wp-content\/uploads\/2023\/01\/boehler_portraet_web-e1674139782246-96x96.jpg","caption":"Wolfgang B\u00f6hler"},"sameAs":["http:\/\/www.manacanto.ch","https:\/\/www.facebook.com\/wolfgang.bohler.75"],"url":"https:\/\/www.musikzeitung.ch\/en\/author\/wolfgang-boehler"}]}},"publishpress_future_workflow_manual_trigger":{"enabledWorkflows":[]},"_links":{"self":[{"href":"https:\/\/www.musikzeitung.ch\/en\/wp-json\/wp\/v2\/posts\/64872","targetHints":{"allow":["GET"]}}],"collection":[{"href":"https:\/\/www.musikzeitung.ch\/en\/wp-json\/wp\/v2\/posts"}],"about":[{"href":"https:\/\/www.musikzeitung.ch\/en\/wp-json\/wp\/v2\/types\/post"}],"author":[{"embeddable":true,"href":"https:\/\/www.musikzeitung.ch\/en\/wp-json\/wp\/v2\/users\/30"}],"replies":[{"embeddable":true,"href":"https:\/\/www.musikzeitung.ch\/en\/wp-json\/wp\/v2\/comments?post=64872"}],"version-history":[{"count":5,"href":"https:\/\/www.musikzeitung.ch\/en\/wp-json\/wp\/v2\/posts\/64872\/revisions"}],"predecessor-version":[{"id":64878,"href":"https:\/\/www.musikzeitung.ch\/en\/wp-json\/wp\/v2\/posts\/64872\/revisions\/64878"}],"wp:featuredmedia":[{"embeddable":true,"href":"https:\/\/www.musikzeitung.ch\/en\/wp-json\/wp\/v2\/media\/64873"}],"wp:attachment":[{"href":"https:\/\/www.musikzeitung.ch\/en\/wp-json\/wp\/v2\/media?parent=64872"}],"wp:term":[{"taxonomy":"category","embeddable":true,"href":"https:\/\/www.musikzeitung.ch\/en\/wp-json\/wp\/v2\/categories?post=64872"},{"taxonomy":"post_tag","embeddable":true,"href":"https:\/\/www.musikzeitung.ch\/en\/wp-json\/wp\/v2\/tags?post=64872"}],"curies":[{"name":"wp","href":"https:\/\/api.w.org\/{rel}","templated":true}]}}