{"id":65127,"date":"2025-05-14T11:02:36","date_gmt":"2025-05-14T09:02:36","guid":{"rendered":"https:\/\/www.musikzeitung.ch\/?p=65127"},"modified":"2025-06-06T15:28:36","modified_gmt":"2025-06-06T13:28:36","slug":"fritz-gerber-award-fuer-airault-gaggiano-und-yang","status":"publish","type":"post","link":"https:\/\/www.musikzeitung.ch\/en\/news\/2025\/05\/fritz-gerber-award-fuer-airault-gaggiano-und-yang","title":{"rendered":"Fritz Gerber Award 2025 for Airault, Gaggiano and Yang"},"content":{"rendered":"<figure id=\"attachment_65128\" aria-describedby=\"caption-attachment-65128\" style=\"width: 768px\" class=\"wp-caption alignnone\"><img loading=\"lazy\" decoding=\"async\" class=\"size-large wp-image-65128\" src=\"https:\/\/www.musikzeitung.ch\/wp-content\/uploads\/2025\/05\/250514fga-1024x576.jpg\" alt=\"\" width=\"768\" height=\"432\" srcset=\"https:\/\/www.musikzeitung.ch\/wp-content\/uploads\/2025\/05\/250514fga-1024x576.jpg 1024w, https:\/\/www.musikzeitung.ch\/wp-content\/uploads\/2025\/05\/250514fga-300x169.jpg 300w, https:\/\/www.musikzeitung.ch\/wp-content\/uploads\/2025\/05\/250514fga-768x432.jpg 768w, https:\/\/www.musikzeitung.ch\/wp-content\/uploads\/2025\/05\/250514fga-1536x864.jpg 1536w, https:\/\/www.musikzeitung.ch\/wp-content\/uploads\/2025\/05\/250514fga-2048x1152.jpg 2048w, https:\/\/www.musikzeitung.ch\/wp-content\/uploads\/2025\/05\/250514fga-18x10.jpg 18w, https:\/\/www.musikzeitung.ch\/wp-content\/uploads\/2025\/05\/250514fga-311x175.jpg 311w, https:\/\/www.musikzeitung.ch\/wp-content\/uploads\/2025\/05\/250514fga-622x350.jpg 622w, https:\/\/www.musikzeitung.ch\/wp-content\/uploads\/2025\/05\/250514fga-1422x800.jpg 1422w, https:\/\/www.musikzeitung.ch\/wp-content\/uploads\/2025\/05\/250514fga-920x518.jpg 920w, https:\/\/www.musikzeitung.ch\/wp-content\/uploads\/2025\/05\/250514fga.jpg 1400w\" sizes=\"auto, (max-width: 768px) 100vw, 768px\" \/><figcaption id=\"caption-attachment-65128\" class=\"wp-caption-text\">Hortense Airault, Hedi Yang and Antonio Gaggiano (Pictures: Edith Sharpin, Andreas Zihler and Benina Hu)<\/figcaption><\/figure>\n<p>The French cellist and composer Hortense Airault, the Italian percussionist Antonio Gaggiano and the Chinese percussionist Hedi Yang will each receive prize money of CHF 10,000. In addition, the Foundation will enable the three to take part in the Lucerne Festival Academy 2025, also worth CHF 10,000 each.<\/p>\n<p>Hortense Airault, born in Paris in 1999, completed her musical training in Paris and Geneva and is currently studying for a Master's degree in Music Composition at the Bern University of the Arts under Job Ter Haar, among others. Antonio Gaggiano, born in Italy in 1999, studied percussion and composition in Foggia, Ghent and at the Hochschule f\u00fcr Musik Basel, where he completed a master's degree in music performance with Christian Dierstein. He is currently deepening his education in the Master's program in Music Pedagogy. Hedi Yang was born in China in 2003. At the age of 16, she became the youngest ever admitted bachelor's student to major in percussion at the Zurich University of the Arts, where she studied with Klaus Schw\u00e4rzler, Raphael Christen and Benjamin Forster.  She is currently completing her master's degree in Zurich.<\/p>\n<p>The Fritz Gerber Award is aimed at talents up to the age of 28 who either have Swiss citizenship or have lived in Switzerland for at least three years. A jury consisting of Michael Haefliger, Director of the Lucerne Festival, Mark Sattler, dramaturge of the Lucerne Festival, and the composer and conductor Heinz Holliger decided on the award.<\/p>\n<p>The Fritz Gerber Foundation for Gifted Young People has been supporting talented young people in the fields of culture, crafts and sport since 1999. Over the past 26 years, around 2830 young people have been supported with more than 35 million francs. The award has been presented in collaboration with Lucerne Festival since 2015.<\/p>","protected":false},"excerpt":{"rendered":"<p>The Fritz Gerber Foundation and Lucerne Festival are once again honoring three young talents with the Fritz Gerber Award.<\/p>","protected":false},"author":30,"featured_media":65128,"comment_status":"closed","ping_status":"closed","sticky":false,"template":"","format":"standard","meta":{"_acf_changed":false,"_relevanssi_hide_post":"","_relevanssi_hide_content":"","_relevanssi_pin_for_all":"","_relevanssi_pin_keywords":"","_relevanssi_unpin_keywords":"","_relevanssi_related_keywords":"","_relevanssi_related_include_ids":"","_relevanssi_related_exclude_ids":"","_relevanssi_related_no_append":"","_relevanssi_related_not_related":"","_relevanssi_related_posts":"","_relevanssi_noindex_reason":"","pgc_sgb_lightbox_settings":"","footnotes":""},"categories":[27],"tags":[4978,2317,4979,4977],"class_list":["post-65127","post","type-post","status-publish","format-standard","has-post-thumbnail","hentry","category-news","tag-antonio-gaggiano","tag-fritz-gerber-award","tag-hedi-yang","tag-hortense-airault"],"acf":[],"yoast_head":"<!-- This site is optimized with the Yoast SEO plugin v27.4 - https:\/\/yoast.com\/product\/yoast-seo-wordpress\/ -->\n<title>Fritz-Gerber-Award 2025 f\u00fcr Airault, Gaggiano und Yang - Schweizer Musikzeitung<\/title>\n<meta name=\"description\" content=\"Die Fritz-Gerber-Stiftung und Lucerne Festival zeichnen auch in diesem drei junge Talente mit dem Fritz-Gerber-Award aus.\" \/>\n<meta name=\"robots\" content=\"index, follow, max-snippet:-1, max-image-preview:large, max-video-preview:-1\" \/>\n<link rel=\"canonical\" href=\"https:\/\/www.musikzeitung.ch\/en\/news\/2025\/05\/fritz-gerber-award-fuer-airault-gaggiano-und-yang\/\" \/>\n<meta property=\"og:locale\" content=\"en_US\" \/>\n<meta property=\"og:type\" content=\"article\" \/>\n<meta property=\"og:title\" content=\"Fritz-Gerber-Award 2025 f\u00fcr Airault, Gaggiano und Yang - Schweizer Musikzeitung\" \/>\n<meta property=\"og:description\" content=\"Die Fritz-Gerber-Stiftung und Lucerne Festival zeichnen auch in diesem drei junge Talente mit dem Fritz-Gerber-Award aus.\" \/>\n<meta property=\"og:url\" content=\"https:\/\/www.musikzeitung.ch\/en\/news\/2025\/05\/fritz-gerber-award-fuer-airault-gaggiano-und-yang\/\" \/>\n<meta property=\"og:site_name\" content=\"Schweizer Musikzeitung\" \/>\n<meta property=\"article:publisher\" content=\"https:\/\/www.facebook.com\/SchweizerMusikzeitung\/\" \/>\n<meta property=\"article:author\" content=\"https:\/\/www.facebook.com\/wolfgang.bohler.75\" \/>\n<meta property=\"article:published_time\" content=\"2025-05-14T09:02:36+00:00\" \/>\n<meta property=\"article:modified_time\" content=\"2025-06-06T13:28:36+00:00\" \/>\n<meta property=\"og:image\" content=\"https:\/\/www.musikzeitung.ch\/wp-content\/uploads\/2025\/05\/250514fga.jpg\" \/>\n\t<meta property=\"og:image:width\" content=\"1400\" \/>\n\t<meta property=\"og:image:height\" content=\"788\" \/>\n\t<meta property=\"og:image:type\" content=\"image\/jpeg\" \/>\n<meta name=\"author\" content=\"Wolfgang B\u00f6hler\" \/>\n<meta name=\"twitter:card\" content=\"summary_large_image\" \/>\n<meta name=\"twitter:creator\" content=\"@smusikzeitung\" \/>\n<meta name=\"twitter:site\" content=\"@smusikzeitung\" \/>\n<meta name=\"twitter:label1\" content=\"Written by\" \/>\n\t<meta name=\"twitter:data1\" content=\"Wolfgang B\u00f6hler\" \/>\n\t<meta name=\"twitter:label2\" content=\"Est. reading time\" \/>\n\t<meta name=\"twitter:data2\" content=\"2 minutes\" \/>\n<script type=\"application\/ld+json\" class=\"yoast-schema-graph\">{\"@context\":\"https:\\\/\\\/schema.org\",\"@graph\":[{\"@type\":\"Article\",\"@id\":\"https:\\\/\\\/www.musikzeitung.ch\\\/news\\\/2025\\\/05\\\/fritz-gerber-award-fuer-airault-gaggiano-und-yang#article\",\"isPartOf\":{\"@id\":\"https:\\\/\\\/www.musikzeitung.ch\\\/news\\\/2025\\\/05\\\/fritz-gerber-award-fuer-airault-gaggiano-und-yang\"},\"author\":{\"name\":\"Wolfgang B\u00f6hler\",\"@id\":\"https:\\\/\\\/www.musikzeitung.ch\\\/#\\\/schema\\\/person\\\/0da4fb82d243f1252850a35d0e87cf0c\"},\"headline\":\"Fritz-Gerber-Award 2025 f\u00fcr Airault, Gaggiano und Yang\",\"datePublished\":\"2025-05-14T09:02:36+00:00\",\"dateModified\":\"2025-06-06T13:28:36+00:00\",\"mainEntityOfPage\":{\"@id\":\"https:\\\/\\\/www.musikzeitung.ch\\\/news\\\/2025\\\/05\\\/fritz-gerber-award-fuer-airault-gaggiano-und-yang\"},\"wordCount\":296,\"publisher\":{\"@id\":\"https:\\\/\\\/www.musikzeitung.ch\\\/#organization\"},\"image\":{\"@id\":\"https:\\\/\\\/www.musikzeitung.ch\\\/news\\\/2025\\\/05\\\/fritz-gerber-award-fuer-airault-gaggiano-und-yang#primaryimage\"},\"thumbnailUrl\":\"https:\\\/\\\/www.musikzeitung.ch\\\/wp-content\\\/uploads\\\/2025\\\/05\\\/250514fga.jpg\",\"keywords\":[\"Antonio Gaggiano\",\"Fritz-Gerber-Award\",\"Hedi Yang\",\"Hortense Airault\"],\"articleSection\":[\"News\"],\"inLanguage\":\"en-US\"},{\"@type\":\"WebPage\",\"@id\":\"https:\\\/\\\/www.musikzeitung.ch\\\/news\\\/2025\\\/05\\\/fritz-gerber-award-fuer-airault-gaggiano-und-yang\",\"url\":\"https:\\\/\\\/www.musikzeitung.ch\\\/news\\\/2025\\\/05\\\/fritz-gerber-award-fuer-airault-gaggiano-und-yang\",\"name\":\"Fritz-Gerber-Award 2025 f\u00fcr Airault, Gaggiano und Yang - Schweizer Musikzeitung\",\"isPartOf\":{\"@id\":\"https:\\\/\\\/www.musikzeitung.ch\\\/#website\"},\"primaryImageOfPage\":{\"@id\":\"https:\\\/\\\/www.musikzeitung.ch\\\/news\\\/2025\\\/05\\\/fritz-gerber-award-fuer-airault-gaggiano-und-yang#primaryimage\"},\"image\":{\"@id\":\"https:\\\/\\\/www.musikzeitung.ch\\\/news\\\/2025\\\/05\\\/fritz-gerber-award-fuer-airault-gaggiano-und-yang#primaryimage\"},\"thumbnailUrl\":\"https:\\\/\\\/www.musikzeitung.ch\\\/wp-content\\\/uploads\\\/2025\\\/05\\\/250514fga.jpg\",\"datePublished\":\"2025-05-14T09:02:36+00:00\",\"dateModified\":\"2025-06-06T13:28:36+00:00\",\"description\":\"Die Fritz-Gerber-Stiftung und Lucerne Festival zeichnen auch in diesem drei junge Talente mit dem Fritz-Gerber-Award aus.\",\"breadcrumb\":{\"@id\":\"https:\\\/\\\/www.musikzeitung.ch\\\/news\\\/2025\\\/05\\\/fritz-gerber-award-fuer-airault-gaggiano-und-yang#breadcrumb\"},\"inLanguage\":\"en-US\",\"potentialAction\":[{\"@type\":\"ReadAction\",\"target\":[\"https:\\\/\\\/www.musikzeitung.ch\\\/news\\\/2025\\\/05\\\/fritz-gerber-award-fuer-airault-gaggiano-und-yang\"]}]},{\"@type\":\"ImageObject\",\"inLanguage\":\"en-US\",\"@id\":\"https:\\\/\\\/www.musikzeitung.ch\\\/news\\\/2025\\\/05\\\/fritz-gerber-award-fuer-airault-gaggiano-und-yang#primaryimage\",\"url\":\"https:\\\/\\\/www.musikzeitung.ch\\\/wp-content\\\/uploads\\\/2025\\\/05\\\/250514fga.jpg\",\"contentUrl\":\"https:\\\/\\\/www.musikzeitung.ch\\\/wp-content\\\/uploads\\\/2025\\\/05\\\/250514fga.jpg\",\"width\":1400,\"height\":788,\"caption\":\"Hortense Airault, Hedi Yang und Antonio Gaggiano (Bilder: Edith Sharpin, Andreas Zihler und Benina Hu)\"},{\"@type\":\"BreadcrumbList\",\"@id\":\"https:\\\/\\\/www.musikzeitung.ch\\\/news\\\/2025\\\/05\\\/fritz-gerber-award-fuer-airault-gaggiano-und-yang#breadcrumb\",\"itemListElement\":[{\"@type\":\"ListItem\",\"position\":1,\"name\":\"Home\",\"item\":\"https:\\\/\\\/www.musikzeitung.ch\\\/\"},{\"@type\":\"ListItem\",\"position\":2,\"name\":\"Fritz-Gerber-Award 2025 f\u00fcr Airault, Gaggiano und Yang\"}]},{\"@type\":\"WebSite\",\"@id\":\"https:\\\/\\\/www.musikzeitung.ch\\\/#website\",\"url\":\"https:\\\/\\\/www.musikzeitung.ch\\\/\",\"name\":\"Schweizer Musikzeitung\",\"description\":\"Die f\u00fchrende sparten\u00fcbergreifende Monatszeitung in der Schweiz f\u00fcr musikalische Fragen.\",\"publisher\":{\"@id\":\"https:\\\/\\\/www.musikzeitung.ch\\\/#organization\"},\"potentialAction\":[{\"@type\":\"SearchAction\",\"target\":{\"@type\":\"EntryPoint\",\"urlTemplate\":\"https:\\\/\\\/www.musikzeitung.ch\\\/?s={search_term_string}\"},\"query-input\":{\"@type\":\"PropertyValueSpecification\",\"valueRequired\":true,\"valueName\":\"search_term_string\"}}],\"inLanguage\":\"en-US\"},{\"@type\":\"Organization\",\"@id\":\"https:\\\/\\\/www.musikzeitung.ch\\\/#organization\",\"name\":\"Schweizer Musikzeitung\",\"url\":\"https:\\\/\\\/www.musikzeitung.ch\\\/\",\"logo\":{\"@type\":\"ImageObject\",\"inLanguage\":\"en-US\",\"@id\":\"https:\\\/\\\/www.musikzeitung.ch\\\/#\\\/schema\\\/logo\\\/image\\\/\",\"url\":\"https:\\\/\\\/www.musikzeitung.ch\\\/wp-content\\\/uploads\\\/2023\\\/01\\\/SMZ_Schriftzug_Sprache.png\",\"contentUrl\":\"https:\\\/\\\/www.musikzeitung.ch\\\/wp-content\\\/uploads\\\/2023\\\/01\\\/SMZ_Schriftzug_Sprache.png\",\"width\":1400,\"height\":279,\"caption\":\"Schweizer Musikzeitung\"},\"image\":{\"@id\":\"https:\\\/\\\/www.musikzeitung.ch\\\/#\\\/schema\\\/logo\\\/image\\\/\"},\"sameAs\":[\"https:\\\/\\\/www.facebook.com\\\/SchweizerMusikzeitung\\\/\",\"https:\\\/\\\/x.com\\\/smusikzeitung\",\"https:\\\/\\\/www.instagram.com\\\/musikzeitung.ch\\\/\"]},{\"@type\":\"Person\",\"@id\":\"https:\\\/\\\/www.musikzeitung.ch\\\/#\\\/schema\\\/person\\\/0da4fb82d243f1252850a35d0e87cf0c\",\"name\":\"Wolfgang B\u00f6hler\",\"image\":{\"@type\":\"ImageObject\",\"inLanguage\":\"en-US\",\"@id\":\"https:\\\/\\\/www.musikzeitung.ch\\\/wp-content\\\/uploads\\\/2023\\\/01\\\/boehler_portraet_web-e1674139782246-96x96.jpg\",\"url\":\"https:\\\/\\\/www.musikzeitung.ch\\\/wp-content\\\/uploads\\\/2023\\\/01\\\/boehler_portraet_web-e1674139782246-96x96.jpg\",\"contentUrl\":\"https:\\\/\\\/www.musikzeitung.ch\\\/wp-content\\\/uploads\\\/2023\\\/01\\\/boehler_portraet_web-e1674139782246-96x96.jpg\",\"caption\":\"Wolfgang B\u00f6hler\"},\"sameAs\":[\"http:\\\/\\\/www.manacanto.ch\",\"https:\\\/\\\/www.facebook.com\\\/wolfgang.bohler.75\"],\"url\":\"https:\\\/\\\/www.musikzeitung.ch\\\/en\\\/author\\\/wolfgang-boehler\"}]}<\/script>\n<!-- \/ Yoast SEO plugin. -->","yoast_head_json":{"title":"Fritz Gerber Award 2025 for Airault, Gaggiano and Yang - Schweizer Musikzeitung","description":"The Fritz Gerber Foundation and Lucerne Festival are once again honoring three young talents with the Fritz Gerber Award.","robots":{"index":"index","follow":"follow","max-snippet":"max-snippet:-1","max-image-preview":"max-image-preview:large","max-video-preview":"max-video-preview:-1"},"canonical":"https:\/\/www.musikzeitung.ch\/en\/news\/2025\/05\/fritz-gerber-award-fuer-airault-gaggiano-und-yang\/","og_locale":"en_US","og_type":"article","og_title":"Fritz-Gerber-Award 2025 f\u00fcr Airault, Gaggiano und Yang - Schweizer Musikzeitung","og_description":"Die Fritz-Gerber-Stiftung und Lucerne Festival zeichnen auch in diesem drei junge Talente mit dem Fritz-Gerber-Award aus.","og_url":"https:\/\/www.musikzeitung.ch\/en\/news\/2025\/05\/fritz-gerber-award-fuer-airault-gaggiano-und-yang\/","og_site_name":"Schweizer Musikzeitung","article_publisher":"https:\/\/www.facebook.com\/SchweizerMusikzeitung\/","article_author":"https:\/\/www.facebook.com\/wolfgang.bohler.75","article_published_time":"2025-05-14T09:02:36+00:00","article_modified_time":"2025-06-06T13:28:36+00:00","og_image":[{"width":1400,"height":788,"url":"https:\/\/www.musikzeitung.ch\/wp-content\/uploads\/2025\/05\/250514fga.jpg","type":"image\/jpeg"}],"author":"Wolfgang B\u00f6hler","twitter_card":"summary_large_image","twitter_creator":"@smusikzeitung","twitter_site":"@smusikzeitung","twitter_misc":{"Written by":"Wolfgang B\u00f6hler","Est. reading time":"2 minutes"},"schema":{"@context":"https:\/\/schema.org","@graph":[{"@type":"Article","@id":"https:\/\/www.musikzeitung.ch\/news\/2025\/05\/fritz-gerber-award-fuer-airault-gaggiano-und-yang#article","isPartOf":{"@id":"https:\/\/www.musikzeitung.ch\/news\/2025\/05\/fritz-gerber-award-fuer-airault-gaggiano-und-yang"},"author":{"name":"Wolfgang B\u00f6hler","@id":"https:\/\/www.musikzeitung.ch\/#\/schema\/person\/0da4fb82d243f1252850a35d0e87cf0c"},"headline":"Fritz-Gerber-Award 2025 f\u00fcr Airault, Gaggiano und Yang","datePublished":"2025-05-14T09:02:36+00:00","dateModified":"2025-06-06T13:28:36+00:00","mainEntityOfPage":{"@id":"https:\/\/www.musikzeitung.ch\/news\/2025\/05\/fritz-gerber-award-fuer-airault-gaggiano-und-yang"},"wordCount":296,"publisher":{"@id":"https:\/\/www.musikzeitung.ch\/#organization"},"image":{"@id":"https:\/\/www.musikzeitung.ch\/news\/2025\/05\/fritz-gerber-award-fuer-airault-gaggiano-und-yang#primaryimage"},"thumbnailUrl":"https:\/\/www.musikzeitung.ch\/wp-content\/uploads\/2025\/05\/250514fga.jpg","keywords":["Antonio Gaggiano","Fritz-Gerber-Award","Hedi Yang","Hortense Airault"],"articleSection":["News"],"inLanguage":"en-US"},{"@type":"WebPage","@id":"https:\/\/www.musikzeitung.ch\/news\/2025\/05\/fritz-gerber-award-fuer-airault-gaggiano-und-yang","url":"https:\/\/www.musikzeitung.ch\/news\/2025\/05\/fritz-gerber-award-fuer-airault-gaggiano-und-yang","name":"Fritz Gerber Award 2025 for Airault, Gaggiano and Yang - Schweizer Musikzeitung","isPartOf":{"@id":"https:\/\/www.musikzeitung.ch\/#website"},"primaryImageOfPage":{"@id":"https:\/\/www.musikzeitung.ch\/news\/2025\/05\/fritz-gerber-award-fuer-airault-gaggiano-und-yang#primaryimage"},"image":{"@id":"https:\/\/www.musikzeitung.ch\/news\/2025\/05\/fritz-gerber-award-fuer-airault-gaggiano-und-yang#primaryimage"},"thumbnailUrl":"https:\/\/www.musikzeitung.ch\/wp-content\/uploads\/2025\/05\/250514fga.jpg","datePublished":"2025-05-14T09:02:36+00:00","dateModified":"2025-06-06T13:28:36+00:00","description":"The Fritz Gerber Foundation and Lucerne Festival are once again honoring three young talents with the Fritz Gerber Award.","breadcrumb":{"@id":"https:\/\/www.musikzeitung.ch\/news\/2025\/05\/fritz-gerber-award-fuer-airault-gaggiano-und-yang#breadcrumb"},"inLanguage":"en-US","potentialAction":[{"@type":"ReadAction","target":["https:\/\/www.musikzeitung.ch\/news\/2025\/05\/fritz-gerber-award-fuer-airault-gaggiano-und-yang"]}]},{"@type":"ImageObject","inLanguage":"en-US","@id":"https:\/\/www.musikzeitung.ch\/news\/2025\/05\/fritz-gerber-award-fuer-airault-gaggiano-und-yang#primaryimage","url":"https:\/\/www.musikzeitung.ch\/wp-content\/uploads\/2025\/05\/250514fga.jpg","contentUrl":"https:\/\/www.musikzeitung.ch\/wp-content\/uploads\/2025\/05\/250514fga.jpg","width":1400,"height":788,"caption":"Hortense Airault, Hedi Yang und Antonio Gaggiano (Bilder: Edith Sharpin, Andreas Zihler und Benina Hu)"},{"@type":"BreadcrumbList","@id":"https:\/\/www.musikzeitung.ch\/news\/2025\/05\/fritz-gerber-award-fuer-airault-gaggiano-und-yang#breadcrumb","itemListElement":[{"@type":"ListItem","position":1,"name":"Home","item":"https:\/\/www.musikzeitung.ch\/"},{"@type":"ListItem","position":2,"name":"Fritz-Gerber-Award 2025 f\u00fcr Airault, Gaggiano und Yang"}]},{"@type":"WebSite","@id":"https:\/\/www.musikzeitung.ch\/#website","url":"https:\/\/www.musikzeitung.ch\/","name":"Swiss Music Newspaper","description":"The leading interdisciplinary monthly newspaper in Switzerland for musical issues.","publisher":{"@id":"https:\/\/www.musikzeitung.ch\/#organization"},"potentialAction":[{"@type":"SearchAction","target":{"@type":"EntryPoint","urlTemplate":"https:\/\/www.musikzeitung.ch\/?s={search_term_string}"},"query-input":{"@type":"PropertyValueSpecification","valueRequired":true,"valueName":"search_term_string"}}],"inLanguage":"en-US"},{"@type":"Organization","@id":"https:\/\/www.musikzeitung.ch\/#organization","name":"Swiss Music Newspaper","url":"https:\/\/www.musikzeitung.ch\/","logo":{"@type":"ImageObject","inLanguage":"en-US","@id":"https:\/\/www.musikzeitung.ch\/#\/schema\/logo\/image\/","url":"https:\/\/www.musikzeitung.ch\/wp-content\/uploads\/2023\/01\/SMZ_Schriftzug_Sprache.png","contentUrl":"https:\/\/www.musikzeitung.ch\/wp-content\/uploads\/2023\/01\/SMZ_Schriftzug_Sprache.png","width":1400,"height":279,"caption":"Schweizer Musikzeitung"},"image":{"@id":"https:\/\/www.musikzeitung.ch\/#\/schema\/logo\/image\/"},"sameAs":["https:\/\/www.facebook.com\/SchweizerMusikzeitung\/","https:\/\/x.com\/smusikzeitung","https:\/\/www.instagram.com\/musikzeitung.ch\/"]},{"@type":"Person","@id":"https:\/\/www.musikzeitung.ch\/#\/schema\/person\/0da4fb82d243f1252850a35d0e87cf0c","name":"Wolfgang B\u00f6hler","image":{"@type":"ImageObject","inLanguage":"en-US","@id":"https:\/\/www.musikzeitung.ch\/wp-content\/uploads\/2023\/01\/boehler_portraet_web-e1674139782246-96x96.jpg","url":"https:\/\/www.musikzeitung.ch\/wp-content\/uploads\/2023\/01\/boehler_portraet_web-e1674139782246-96x96.jpg","contentUrl":"https:\/\/www.musikzeitung.ch\/wp-content\/uploads\/2023\/01\/boehler_portraet_web-e1674139782246-96x96.jpg","caption":"Wolfgang B\u00f6hler"},"sameAs":["http:\/\/www.manacanto.ch","https:\/\/www.facebook.com\/wolfgang.bohler.75"],"url":"https:\/\/www.musikzeitung.ch\/en\/author\/wolfgang-boehler"}]}},"publishpress_future_workflow_manual_trigger":{"enabledWorkflows":[]},"_links":{"self":[{"href":"https:\/\/www.musikzeitung.ch\/en\/wp-json\/wp\/v2\/posts\/65127","targetHints":{"allow":["GET"]}}],"collection":[{"href":"https:\/\/www.musikzeitung.ch\/en\/wp-json\/wp\/v2\/posts"}],"about":[{"href":"https:\/\/www.musikzeitung.ch\/en\/wp-json\/wp\/v2\/types\/post"}],"author":[{"embeddable":true,"href":"https:\/\/www.musikzeitung.ch\/en\/wp-json\/wp\/v2\/users\/30"}],"replies":[{"embeddable":true,"href":"https:\/\/www.musikzeitung.ch\/en\/wp-json\/wp\/v2\/comments?post=65127"}],"version-history":[{"count":7,"href":"https:\/\/www.musikzeitung.ch\/en\/wp-json\/wp\/v2\/posts\/65127\/revisions"}],"predecessor-version":[{"id":65723,"href":"https:\/\/www.musikzeitung.ch\/en\/wp-json\/wp\/v2\/posts\/65127\/revisions\/65723"}],"wp:featuredmedia":[{"embeddable":true,"href":"https:\/\/www.musikzeitung.ch\/en\/wp-json\/wp\/v2\/media\/65128"}],"wp:attachment":[{"href":"https:\/\/www.musikzeitung.ch\/en\/wp-json\/wp\/v2\/media?parent=65127"}],"wp:term":[{"taxonomy":"category","embeddable":true,"href":"https:\/\/www.musikzeitung.ch\/en\/wp-json\/wp\/v2\/categories?post=65127"},{"taxonomy":"post_tag","embeddable":true,"href":"https:\/\/www.musikzeitung.ch\/en\/wp-json\/wp\/v2\/tags?post=65127"}],"curies":[{"name":"wp","href":"https:\/\/api.w.org\/{rel}","templated":true}]}}