{"id":65182,"date":"2025-05-16T06:57:08","date_gmt":"2025-05-16T04:57:08","guid":{"rendered":"https:\/\/www.musikzeitung.ch\/?p=65182"},"modified":"2025-05-16T14:35:09","modified_gmt":"2025-05-16T12:35:09","slug":"kunstpreis-2025-der-stadt-zuerich-geht-an-simone-keller","status":"publish","type":"post","link":"https:\/\/www.musikzeitung.ch\/en\/news\/2025\/05\/kunstpreis-2025-der-stadt-zuerich-geht-an-simone-keller","title":{"rendered":"Art Prize 2025 of the City of Zurich goes to Simone Keller"},"content":{"rendered":"<figure id=\"attachment_65183\" aria-describedby=\"caption-attachment-65183\" style=\"width: 768px\" class=\"wp-caption alignnone\"><img loading=\"lazy\" decoding=\"async\" class=\"size-large wp-image-65183\" src=\"https:\/\/www.musikzeitung.ch\/wp-content\/uploads\/2025\/05\/250516keller-1024x683.jpeg\" alt=\"\" width=\"768\" height=\"512\" srcset=\"https:\/\/www.musikzeitung.ch\/wp-content\/uploads\/2025\/05\/250516keller-1024x683.jpeg 1024w, https:\/\/www.musikzeitung.ch\/wp-content\/uploads\/2025\/05\/250516keller-300x200.jpeg 300w, https:\/\/www.musikzeitung.ch\/wp-content\/uploads\/2025\/05\/250516keller-600x400.jpeg 600w, https:\/\/www.musikzeitung.ch\/wp-content\/uploads\/2025\/05\/250516keller-768x512.jpeg 768w, https:\/\/www.musikzeitung.ch\/wp-content\/uploads\/2025\/05\/250516keller-18x12.jpeg 18w, https:\/\/www.musikzeitung.ch\/wp-content\/uploads\/2025\/05\/250516keller-262x175.jpeg 262w, https:\/\/www.musikzeitung.ch\/wp-content\/uploads\/2025\/05\/250516keller-525x350.jpeg 525w, https:\/\/www.musikzeitung.ch\/wp-content\/uploads\/2025\/05\/250516keller-1199x800.jpeg 1199w, https:\/\/www.musikzeitung.ch\/wp-content\/uploads\/2025\/05\/250516keller-920x614.jpeg 920w, https:\/\/www.musikzeitung.ch\/wp-content\/uploads\/2025\/05\/250516keller.jpeg 1280w\" sizes=\"auto, (max-width: 768px) 100vw, 768px\" \/><figcaption id=\"caption-attachment-65183\" class=\"wp-caption-text\">Simone Keller (Image: Palma Fiacco)<\/figcaption><\/figure>\n<p>The prize is endowed with 50,000 francs. Simone Keller is a multidimensional pianist and mediator who is mainly at home in contemporary and classical music. However, she also transcends the boundaries to other musical styles and seeks to unite them, writes the City of Zurich. Through \"her intensive national and international concert activities and the tireless initiation of musical and cultural mediation projects\", she manages to bring music to the most remote and unusual places.<\/p>\n<p>The Swiss pianist Simone Keller completed her training in Hans-J\u00fcrg Strub's concert class at the Zurich University of the Arts and was awarded 1st prize at the Landolt Competition, 2nd prize at the Hans Ninck Competition and the EMCY Chamber Music Prize at the European Classical Music Festival Ruhr, among others. As a soloist and chamber musician, she cultivates a very broad repertoire ranging from classical and modern music to experimental and interdisciplinary formats, her own concepts and educational projects, and performs extensively in Switzerland and many other countries in Europe, the USA and Asia.<\/p>\n<p>&nbsp;<\/p>","protected":false},"excerpt":{"rendered":"<p>The pianist Simone Keller receives the Art Prize of the City of Zurich. The award for special cultural merit goes to the Institute for Incoherent Cinematography. <\/p>","protected":false},"author":30,"featured_media":0,"comment_status":"closed","ping_status":"closed","sticky":false,"template":"","format":"standard","meta":{"_acf_changed":false,"_relevanssi_hide_post":"","_relevanssi_hide_content":"","_relevanssi_pin_for_all":"","_relevanssi_pin_keywords":"","_relevanssi_unpin_keywords":"","_relevanssi_related_keywords":"","_relevanssi_related_include_ids":"","_relevanssi_related_exclude_ids":"","_relevanssi_related_no_append":"","_relevanssi_related_not_related":"","_relevanssi_related_posts":"","_relevanssi_noindex_reason":"","pgc_sgb_lightbox_settings":"","footnotes":""},"categories":[27],"tags":[4985,3994],"class_list":["post-65182","post","type-post","status-publish","format-standard","hentry","category-news","tag-kunstpreis-der-stadt-zuerich","tag-simone-keller"],"acf":[],"yoast_head":"<!-- This site is optimized with the Yoast SEO plugin v27.4 - https:\/\/yoast.com\/product\/yoast-seo-wordpress\/ -->\n<title>Kunstpreis 2025 der Stadt Z\u00fcrich geht an Simone Keller - Schweizer Musikzeitung<\/title>\n<meta name=\"description\" content=\"Die Pianistin Simone Keller erh\u00e4lt den Kunstpreis der Stadt Z\u00fcrich. Ein weitere Auszeichnung geht an das Institut f\u00fcr Incoh\u00e4rente Cinematographie.\" \/>\n<meta name=\"robots\" content=\"index, follow, max-snippet:-1, max-image-preview:large, max-video-preview:-1\" \/>\n<link rel=\"canonical\" href=\"https:\/\/www.musikzeitung.ch\/en\/news\/2025\/05\/kunstpreis-2025-der-stadt-zuerich-geht-an-simone-keller\/\" \/>\n<meta property=\"og:locale\" content=\"en_US\" \/>\n<meta property=\"og:type\" content=\"article\" \/>\n<meta property=\"og:title\" content=\"Kunstpreis 2025 der Stadt Z\u00fcrich geht an Simone Keller - Schweizer Musikzeitung\" \/>\n<meta property=\"og:description\" content=\"Die Pianistin Simone Keller erh\u00e4lt den Kunstpreis der Stadt Z\u00fcrich. Ein weitere Auszeichnung geht an das Institut f\u00fcr Incoh\u00e4rente Cinematographie.\" \/>\n<meta property=\"og:url\" content=\"https:\/\/www.musikzeitung.ch\/en\/news\/2025\/05\/kunstpreis-2025-der-stadt-zuerich-geht-an-simone-keller\/\" \/>\n<meta property=\"og:site_name\" content=\"Schweizer Musikzeitung\" \/>\n<meta property=\"article:publisher\" content=\"https:\/\/www.facebook.com\/SchweizerMusikzeitung\/\" \/>\n<meta property=\"article:author\" content=\"https:\/\/www.facebook.com\/wolfgang.bohler.75\" \/>\n<meta property=\"article:published_time\" content=\"2025-05-16T04:57:08+00:00\" \/>\n<meta property=\"article:modified_time\" content=\"2025-05-16T12:35:09+00:00\" \/>\n<meta property=\"og:image\" content=\"https:\/\/www.musikzeitung.ch\/wp-content\/uploads\/2025\/05\/250516keller.jpeg\" \/>\n\t<meta property=\"og:image:width\" content=\"1280\" \/>\n\t<meta property=\"og:image:height\" content=\"854\" \/>\n\t<meta property=\"og:image:type\" content=\"image\/jpeg\" \/>\n<meta name=\"author\" content=\"Wolfgang B\u00f6hler\" \/>\n<meta name=\"twitter:card\" content=\"summary_large_image\" \/>\n<meta name=\"twitter:creator\" content=\"@smusikzeitung\" \/>\n<meta name=\"twitter:site\" content=\"@smusikzeitung\" \/>\n<meta name=\"twitter:label1\" content=\"Written by\" \/>\n\t<meta name=\"twitter:data1\" content=\"Wolfgang B\u00f6hler\" \/>\n\t<meta name=\"twitter:label2\" content=\"Est. reading time\" \/>\n\t<meta name=\"twitter:data2\" content=\"2 minutes\" \/>\n<script type=\"application\/ld+json\" class=\"yoast-schema-graph\">{\"@context\":\"https:\\\/\\\/schema.org\",\"@graph\":[{\"@type\":\"Article\",\"@id\":\"https:\\\/\\\/www.musikzeitung.ch\\\/news\\\/2025\\\/05\\\/kunstpreis-2025-der-stadt-zuerich-geht-an-simone-keller#article\",\"isPartOf\":{\"@id\":\"https:\\\/\\\/www.musikzeitung.ch\\\/news\\\/2025\\\/05\\\/kunstpreis-2025-der-stadt-zuerich-geht-an-simone-keller\"},\"author\":{\"name\":\"Wolfgang B\u00f6hler\",\"@id\":\"https:\\\/\\\/www.musikzeitung.ch\\\/#\\\/schema\\\/person\\\/0da4fb82d243f1252850a35d0e87cf0c\"},\"headline\":\"Kunstpreis 2025 der Stadt Z\u00fcrich geht an Simone Keller\",\"datePublished\":\"2025-05-16T04:57:08+00:00\",\"dateModified\":\"2025-05-16T12:35:09+00:00\",\"mainEntityOfPage\":{\"@id\":\"https:\\\/\\\/www.musikzeitung.ch\\\/news\\\/2025\\\/05\\\/kunstpreis-2025-der-stadt-zuerich-geht-an-simone-keller\"},\"wordCount\":196,\"publisher\":{\"@id\":\"https:\\\/\\\/www.musikzeitung.ch\\\/#organization\"},\"image\":{\"@id\":\"https:\\\/\\\/www.musikzeitung.ch\\\/news\\\/2025\\\/05\\\/kunstpreis-2025-der-stadt-zuerich-geht-an-simone-keller#primaryimage\"},\"thumbnailUrl\":\"https:\\\/\\\/www.musikzeitung.ch\\\/wp-content\\\/uploads\\\/2025\\\/05\\\/250516keller-1024x683.jpeg\",\"keywords\":[\"Kunstpreis der Stadt Z\u00fcrich\",\"Simone Keller\"],\"articleSection\":[\"News\"],\"inLanguage\":\"en-US\"},{\"@type\":\"WebPage\",\"@id\":\"https:\\\/\\\/www.musikzeitung.ch\\\/news\\\/2025\\\/05\\\/kunstpreis-2025-der-stadt-zuerich-geht-an-simone-keller\",\"url\":\"https:\\\/\\\/www.musikzeitung.ch\\\/news\\\/2025\\\/05\\\/kunstpreis-2025-der-stadt-zuerich-geht-an-simone-keller\",\"name\":\"Kunstpreis 2025 der Stadt Z\u00fcrich geht an Simone Keller - Schweizer Musikzeitung\",\"isPartOf\":{\"@id\":\"https:\\\/\\\/www.musikzeitung.ch\\\/#website\"},\"primaryImageOfPage\":{\"@id\":\"https:\\\/\\\/www.musikzeitung.ch\\\/news\\\/2025\\\/05\\\/kunstpreis-2025-der-stadt-zuerich-geht-an-simone-keller#primaryimage\"},\"image\":{\"@id\":\"https:\\\/\\\/www.musikzeitung.ch\\\/news\\\/2025\\\/05\\\/kunstpreis-2025-der-stadt-zuerich-geht-an-simone-keller#primaryimage\"},\"thumbnailUrl\":\"https:\\\/\\\/www.musikzeitung.ch\\\/wp-content\\\/uploads\\\/2025\\\/05\\\/250516keller-1024x683.jpeg\",\"datePublished\":\"2025-05-16T04:57:08+00:00\",\"dateModified\":\"2025-05-16T12:35:09+00:00\",\"description\":\"Die Pianistin Simone Keller erh\u00e4lt den Kunstpreis der Stadt Z\u00fcrich. Ein weitere Auszeichnung geht an das Institut f\u00fcr Incoh\u00e4rente Cinematographie.\",\"breadcrumb\":{\"@id\":\"https:\\\/\\\/www.musikzeitung.ch\\\/news\\\/2025\\\/05\\\/kunstpreis-2025-der-stadt-zuerich-geht-an-simone-keller#breadcrumb\"},\"inLanguage\":\"en-US\",\"potentialAction\":[{\"@type\":\"ReadAction\",\"target\":[\"https:\\\/\\\/www.musikzeitung.ch\\\/news\\\/2025\\\/05\\\/kunstpreis-2025-der-stadt-zuerich-geht-an-simone-keller\"]}]},{\"@type\":\"ImageObject\",\"inLanguage\":\"en-US\",\"@id\":\"https:\\\/\\\/www.musikzeitung.ch\\\/news\\\/2025\\\/05\\\/kunstpreis-2025-der-stadt-zuerich-geht-an-simone-keller#primaryimage\",\"url\":\"https:\\\/\\\/www.musikzeitung.ch\\\/wp-content\\\/uploads\\\/2025\\\/05\\\/250516keller-1024x683.jpeg\",\"contentUrl\":\"https:\\\/\\\/www.musikzeitung.ch\\\/wp-content\\\/uploads\\\/2025\\\/05\\\/250516keller-1024x683.jpeg\"},{\"@type\":\"BreadcrumbList\",\"@id\":\"https:\\\/\\\/www.musikzeitung.ch\\\/news\\\/2025\\\/05\\\/kunstpreis-2025-der-stadt-zuerich-geht-an-simone-keller#breadcrumb\",\"itemListElement\":[{\"@type\":\"ListItem\",\"position\":1,\"name\":\"Home\",\"item\":\"https:\\\/\\\/www.musikzeitung.ch\\\/\"},{\"@type\":\"ListItem\",\"position\":2,\"name\":\"Kunstpreis 2025 der Stadt Z\u00fcrich geht an Simone Keller\"}]},{\"@type\":\"WebSite\",\"@id\":\"https:\\\/\\\/www.musikzeitung.ch\\\/#website\",\"url\":\"https:\\\/\\\/www.musikzeitung.ch\\\/\",\"name\":\"Schweizer Musikzeitung\",\"description\":\"Die f\u00fchrende sparten\u00fcbergreifende Monatszeitung in der Schweiz f\u00fcr musikalische Fragen.\",\"publisher\":{\"@id\":\"https:\\\/\\\/www.musikzeitung.ch\\\/#organization\"},\"potentialAction\":[{\"@type\":\"SearchAction\",\"target\":{\"@type\":\"EntryPoint\",\"urlTemplate\":\"https:\\\/\\\/www.musikzeitung.ch\\\/?s={search_term_string}\"},\"query-input\":{\"@type\":\"PropertyValueSpecification\",\"valueRequired\":true,\"valueName\":\"search_term_string\"}}],\"inLanguage\":\"en-US\"},{\"@type\":\"Organization\",\"@id\":\"https:\\\/\\\/www.musikzeitung.ch\\\/#organization\",\"name\":\"Schweizer Musikzeitung\",\"url\":\"https:\\\/\\\/www.musikzeitung.ch\\\/\",\"logo\":{\"@type\":\"ImageObject\",\"inLanguage\":\"en-US\",\"@id\":\"https:\\\/\\\/www.musikzeitung.ch\\\/#\\\/schema\\\/logo\\\/image\\\/\",\"url\":\"https:\\\/\\\/www.musikzeitung.ch\\\/wp-content\\\/uploads\\\/2023\\\/01\\\/SMZ_Schriftzug_Sprache.png\",\"contentUrl\":\"https:\\\/\\\/www.musikzeitung.ch\\\/wp-content\\\/uploads\\\/2023\\\/01\\\/SMZ_Schriftzug_Sprache.png\",\"width\":1400,\"height\":279,\"caption\":\"Schweizer Musikzeitung\"},\"image\":{\"@id\":\"https:\\\/\\\/www.musikzeitung.ch\\\/#\\\/schema\\\/logo\\\/image\\\/\"},\"sameAs\":[\"https:\\\/\\\/www.facebook.com\\\/SchweizerMusikzeitung\\\/\",\"https:\\\/\\\/x.com\\\/smusikzeitung\",\"https:\\\/\\\/www.instagram.com\\\/musikzeitung.ch\\\/\"]},{\"@type\":\"Person\",\"@id\":\"https:\\\/\\\/www.musikzeitung.ch\\\/#\\\/schema\\\/person\\\/0da4fb82d243f1252850a35d0e87cf0c\",\"name\":\"Wolfgang B\u00f6hler\",\"image\":{\"@type\":\"ImageObject\",\"inLanguage\":\"en-US\",\"@id\":\"https:\\\/\\\/www.musikzeitung.ch\\\/wp-content\\\/uploads\\\/2023\\\/01\\\/boehler_portraet_web-e1674139782246-96x96.jpg\",\"url\":\"https:\\\/\\\/www.musikzeitung.ch\\\/wp-content\\\/uploads\\\/2023\\\/01\\\/boehler_portraet_web-e1674139782246-96x96.jpg\",\"contentUrl\":\"https:\\\/\\\/www.musikzeitung.ch\\\/wp-content\\\/uploads\\\/2023\\\/01\\\/boehler_portraet_web-e1674139782246-96x96.jpg\",\"caption\":\"Wolfgang B\u00f6hler\"},\"sameAs\":[\"http:\\\/\\\/www.manacanto.ch\",\"https:\\\/\\\/www.facebook.com\\\/wolfgang.bohler.75\"],\"url\":\"https:\\\/\\\/www.musikzeitung.ch\\\/en\\\/author\\\/wolfgang-boehler\"}]}<\/script>\n<!-- \/ Yoast SEO plugin. -->","yoast_head_json":{"title":"City of Zurich Art Prize 2025 goes to Simone Keller - Schweizer Musikzeitung","description":"The pianist Simone Keller receives the Art Prize of the City of Zurich. Another award goes to the Institute for Incoherent Cinematography.","robots":{"index":"index","follow":"follow","max-snippet":"max-snippet:-1","max-image-preview":"max-image-preview:large","max-video-preview":"max-video-preview:-1"},"canonical":"https:\/\/www.musikzeitung.ch\/en\/news\/2025\/05\/kunstpreis-2025-der-stadt-zuerich-geht-an-simone-keller\/","og_locale":"en_US","og_type":"article","og_title":"Kunstpreis 2025 der Stadt Z\u00fcrich geht an Simone Keller - Schweizer Musikzeitung","og_description":"Die Pianistin Simone Keller erh\u00e4lt den Kunstpreis der Stadt Z\u00fcrich. Ein weitere Auszeichnung geht an das Institut f\u00fcr Incoh\u00e4rente Cinematographie.","og_url":"https:\/\/www.musikzeitung.ch\/en\/news\/2025\/05\/kunstpreis-2025-der-stadt-zuerich-geht-an-simone-keller\/","og_site_name":"Schweizer Musikzeitung","article_publisher":"https:\/\/www.facebook.com\/SchweizerMusikzeitung\/","article_author":"https:\/\/www.facebook.com\/wolfgang.bohler.75","article_published_time":"2025-05-16T04:57:08+00:00","article_modified_time":"2025-05-16T12:35:09+00:00","og_image":[{"width":1280,"height":854,"url":"https:\/\/www.musikzeitung.ch\/wp-content\/uploads\/2025\/05\/250516keller.jpeg","type":"image\/jpeg"}],"author":"Wolfgang B\u00f6hler","twitter_card":"summary_large_image","twitter_creator":"@smusikzeitung","twitter_site":"@smusikzeitung","twitter_misc":{"Written by":"Wolfgang B\u00f6hler","Est. reading time":"2 minutes"},"schema":{"@context":"https:\/\/schema.org","@graph":[{"@type":"Article","@id":"https:\/\/www.musikzeitung.ch\/news\/2025\/05\/kunstpreis-2025-der-stadt-zuerich-geht-an-simone-keller#article","isPartOf":{"@id":"https:\/\/www.musikzeitung.ch\/news\/2025\/05\/kunstpreis-2025-der-stadt-zuerich-geht-an-simone-keller"},"author":{"name":"Wolfgang B\u00f6hler","@id":"https:\/\/www.musikzeitung.ch\/#\/schema\/person\/0da4fb82d243f1252850a35d0e87cf0c"},"headline":"Kunstpreis 2025 der Stadt Z\u00fcrich geht an Simone Keller","datePublished":"2025-05-16T04:57:08+00:00","dateModified":"2025-05-16T12:35:09+00:00","mainEntityOfPage":{"@id":"https:\/\/www.musikzeitung.ch\/news\/2025\/05\/kunstpreis-2025-der-stadt-zuerich-geht-an-simone-keller"},"wordCount":196,"publisher":{"@id":"https:\/\/www.musikzeitung.ch\/#organization"},"image":{"@id":"https:\/\/www.musikzeitung.ch\/news\/2025\/05\/kunstpreis-2025-der-stadt-zuerich-geht-an-simone-keller#primaryimage"},"thumbnailUrl":"https:\/\/www.musikzeitung.ch\/wp-content\/uploads\/2025\/05\/250516keller-1024x683.jpeg","keywords":["Kunstpreis der Stadt Z\u00fcrich","Simone Keller"],"articleSection":["News"],"inLanguage":"en-US"},{"@type":"WebPage","@id":"https:\/\/www.musikzeitung.ch\/news\/2025\/05\/kunstpreis-2025-der-stadt-zuerich-geht-an-simone-keller","url":"https:\/\/www.musikzeitung.ch\/news\/2025\/05\/kunstpreis-2025-der-stadt-zuerich-geht-an-simone-keller","name":"City of Zurich Art Prize 2025 goes to Simone Keller - Schweizer Musikzeitung","isPartOf":{"@id":"https:\/\/www.musikzeitung.ch\/#website"},"primaryImageOfPage":{"@id":"https:\/\/www.musikzeitung.ch\/news\/2025\/05\/kunstpreis-2025-der-stadt-zuerich-geht-an-simone-keller#primaryimage"},"image":{"@id":"https:\/\/www.musikzeitung.ch\/news\/2025\/05\/kunstpreis-2025-der-stadt-zuerich-geht-an-simone-keller#primaryimage"},"thumbnailUrl":"https:\/\/www.musikzeitung.ch\/wp-content\/uploads\/2025\/05\/250516keller-1024x683.jpeg","datePublished":"2025-05-16T04:57:08+00:00","dateModified":"2025-05-16T12:35:09+00:00","description":"The pianist Simone Keller receives the Art Prize of the City of Zurich. Another award goes to the Institute for Incoherent Cinematography.","breadcrumb":{"@id":"https:\/\/www.musikzeitung.ch\/news\/2025\/05\/kunstpreis-2025-der-stadt-zuerich-geht-an-simone-keller#breadcrumb"},"inLanguage":"en-US","potentialAction":[{"@type":"ReadAction","target":["https:\/\/www.musikzeitung.ch\/news\/2025\/05\/kunstpreis-2025-der-stadt-zuerich-geht-an-simone-keller"]}]},{"@type":"ImageObject","inLanguage":"en-US","@id":"https:\/\/www.musikzeitung.ch\/news\/2025\/05\/kunstpreis-2025-der-stadt-zuerich-geht-an-simone-keller#primaryimage","url":"https:\/\/www.musikzeitung.ch\/wp-content\/uploads\/2025\/05\/250516keller-1024x683.jpeg","contentUrl":"https:\/\/www.musikzeitung.ch\/wp-content\/uploads\/2025\/05\/250516keller-1024x683.jpeg"},{"@type":"BreadcrumbList","@id":"https:\/\/www.musikzeitung.ch\/news\/2025\/05\/kunstpreis-2025-der-stadt-zuerich-geht-an-simone-keller#breadcrumb","itemListElement":[{"@type":"ListItem","position":1,"name":"Home","item":"https:\/\/www.musikzeitung.ch\/"},{"@type":"ListItem","position":2,"name":"Kunstpreis 2025 der Stadt Z\u00fcrich geht an Simone Keller"}]},{"@type":"WebSite","@id":"https:\/\/www.musikzeitung.ch\/#website","url":"https:\/\/www.musikzeitung.ch\/","name":"Swiss Music Newspaper","description":"The leading interdisciplinary monthly newspaper in Switzerland for musical issues.","publisher":{"@id":"https:\/\/www.musikzeitung.ch\/#organization"},"potentialAction":[{"@type":"SearchAction","target":{"@type":"EntryPoint","urlTemplate":"https:\/\/www.musikzeitung.ch\/?s={search_term_string}"},"query-input":{"@type":"PropertyValueSpecification","valueRequired":true,"valueName":"search_term_string"}}],"inLanguage":"en-US"},{"@type":"Organization","@id":"https:\/\/www.musikzeitung.ch\/#organization","name":"Swiss Music Newspaper","url":"https:\/\/www.musikzeitung.ch\/","logo":{"@type":"ImageObject","inLanguage":"en-US","@id":"https:\/\/www.musikzeitung.ch\/#\/schema\/logo\/image\/","url":"https:\/\/www.musikzeitung.ch\/wp-content\/uploads\/2023\/01\/SMZ_Schriftzug_Sprache.png","contentUrl":"https:\/\/www.musikzeitung.ch\/wp-content\/uploads\/2023\/01\/SMZ_Schriftzug_Sprache.png","width":1400,"height":279,"caption":"Schweizer Musikzeitung"},"image":{"@id":"https:\/\/www.musikzeitung.ch\/#\/schema\/logo\/image\/"},"sameAs":["https:\/\/www.facebook.com\/SchweizerMusikzeitung\/","https:\/\/x.com\/smusikzeitung","https:\/\/www.instagram.com\/musikzeitung.ch\/"]},{"@type":"Person","@id":"https:\/\/www.musikzeitung.ch\/#\/schema\/person\/0da4fb82d243f1252850a35d0e87cf0c","name":"Wolfgang B\u00f6hler","image":{"@type":"ImageObject","inLanguage":"en-US","@id":"https:\/\/www.musikzeitung.ch\/wp-content\/uploads\/2023\/01\/boehler_portraet_web-e1674139782246-96x96.jpg","url":"https:\/\/www.musikzeitung.ch\/wp-content\/uploads\/2023\/01\/boehler_portraet_web-e1674139782246-96x96.jpg","contentUrl":"https:\/\/www.musikzeitung.ch\/wp-content\/uploads\/2023\/01\/boehler_portraet_web-e1674139782246-96x96.jpg","caption":"Wolfgang B\u00f6hler"},"sameAs":["http:\/\/www.manacanto.ch","https:\/\/www.facebook.com\/wolfgang.bohler.75"],"url":"https:\/\/www.musikzeitung.ch\/en\/author\/wolfgang-boehler"}]}},"publishpress_future_workflow_manual_trigger":{"enabledWorkflows":[]},"_links":{"self":[{"href":"https:\/\/www.musikzeitung.ch\/en\/wp-json\/wp\/v2\/posts\/65182","targetHints":{"allow":["GET"]}}],"collection":[{"href":"https:\/\/www.musikzeitung.ch\/en\/wp-json\/wp\/v2\/posts"}],"about":[{"href":"https:\/\/www.musikzeitung.ch\/en\/wp-json\/wp\/v2\/types\/post"}],"author":[{"embeddable":true,"href":"https:\/\/www.musikzeitung.ch\/en\/wp-json\/wp\/v2\/users\/30"}],"replies":[{"embeddable":true,"href":"https:\/\/www.musikzeitung.ch\/en\/wp-json\/wp\/v2\/comments?post=65182"}],"version-history":[{"count":3,"href":"https:\/\/www.musikzeitung.ch\/en\/wp-json\/wp\/v2\/posts\/65182\/revisions"}],"predecessor-version":[{"id":65195,"href":"https:\/\/www.musikzeitung.ch\/en\/wp-json\/wp\/v2\/posts\/65182\/revisions\/65195"}],"wp:attachment":[{"href":"https:\/\/www.musikzeitung.ch\/en\/wp-json\/wp\/v2\/media?parent=65182"}],"wp:term":[{"taxonomy":"category","embeddable":true,"href":"https:\/\/www.musikzeitung.ch\/en\/wp-json\/wp\/v2\/categories?post=65182"},{"taxonomy":"post_tag","embeddable":true,"href":"https:\/\/www.musikzeitung.ch\/en\/wp-json\/wp\/v2\/tags?post=65182"}],"curies":[{"name":"wp","href":"https:\/\/api.w.org\/{rel}","templated":true}]}}