{"id":65209,"date":"2025-05-19T11:57:54","date_gmt":"2025-05-19T09:57:54","guid":{"rendered":"https:\/\/www.musikzeitung.ch\/?p=65209"},"modified":"2025-05-20T09:29:12","modified_gmt":"2025-05-20T07:29:12","slug":"duo-gloss-arte-gewinnt-den-h-i-f-biber-preis-2025","status":"publish","type":"post","link":"https:\/\/www.musikzeitung.ch\/en\/news\/2025\/05\/duo-gloss-arte-gewinnt-den-h-i-f-biber-preis-2025","title":{"rendered":"Duo Gloss Arte wins the H.I.F. Beaver Prize 2025"},"content":{"rendered":"<figure id=\"attachment_65215\" aria-describedby=\"caption-attachment-65215\" style=\"width: 768px\" class=\"wp-caption alignnone\"><img loading=\"lazy\" decoding=\"async\" class=\"size-large wp-image-65215\" src=\"https:\/\/www.musikzeitung.ch\/wp-content\/uploads\/2025\/05\/250519suter-1-1024x754.jpg\" alt=\"\" width=\"768\" height=\"566\" srcset=\"https:\/\/www.musikzeitung.ch\/wp-content\/uploads\/2025\/05\/250519suter-1-1024x754.jpg 1024w, https:\/\/www.musikzeitung.ch\/wp-content\/uploads\/2025\/05\/250519suter-1-300x221.jpg 300w, https:\/\/www.musikzeitung.ch\/wp-content\/uploads\/2025\/05\/250519suter-1-768x565.jpg 768w, https:\/\/www.musikzeitung.ch\/wp-content\/uploads\/2025\/05\/250519suter-1-16x12.jpg 16w, https:\/\/www.musikzeitung.ch\/wp-content\/uploads\/2025\/05\/250519suter-1-238x175.jpg 238w, https:\/\/www.musikzeitung.ch\/wp-content\/uploads\/2025\/05\/250519suter-1-475x350.jpg 475w, https:\/\/www.musikzeitung.ch\/wp-content\/uploads\/2025\/05\/250519suter-1-1087x800.jpg 1087w, https:\/\/www.musikzeitung.ch\/wp-content\/uploads\/2025\/05\/250519suter-1-920x677.jpg 920w, https:\/\/www.musikzeitung.ch\/wp-content\/uploads\/2025\/05\/250519suter-1.jpg 1179w\" sizes=\"auto, (max-width: 768px) 100vw, 768px\" \/><figcaption id=\"caption-attachment-65215\" class=\"wp-caption-text\">Duo GlossArte (Image: Jannis Dirksen)<\/figcaption><\/figure>\n<p>The award for outstanding interpretation of early music is endowed with 1500 euros and was presented at St. Florian Abbey (near Linz, Austria) as part of the 9th International H.I.F. Beaver Competition. The prize is awarded every two years to outstanding young musicians who are particularly committed to historically informed performance practice.<\/p>\n<p>Lea Suter studied historical keyboard instruments in Germany and the Netherlands and is active internationally as a soloist and in various ensembles. Juan Mart\u00ednez Gonz\u00e1lez studied in Spain, Bremen and The Hague. He is one of the most versatile young trombonists of historical performance practice in Europe and plays with renowned early music ensembles.<\/p>","protected":false},"excerpt":{"rendered":"<p>The Duo Gloss Arte, consisting of the Swiss harpsichordist and organist Lea Suter and the Spanish trombonist Juan Mart\u00ednez Gonz\u00e1lez, has won the H.I.F. Beaver Prize 2025. <\/p>","protected":false},"author":30,"featured_media":65224,"comment_status":"closed","ping_status":"closed","sticky":false,"template":"","format":"standard","meta":{"_acf_changed":false,"_relevanssi_hide_post":"","_relevanssi_hide_content":"","_relevanssi_pin_for_all":"","_relevanssi_pin_keywords":"","_relevanssi_unpin_keywords":"","_relevanssi_related_keywords":"","_relevanssi_related_include_ids":"","_relevanssi_related_exclude_ids":"","_relevanssi_related_no_append":"","_relevanssi_related_not_related":"","_relevanssi_related_posts":"","_relevanssi_noindex_reason":"","pgc_sgb_lightbox_settings":"","footnotes":""},"categories":[27],"tags":[4987,4989,4988,4986],"class_list":["post-65209","post","type-post","status-publish","format-standard","has-post-thumbnail","hentry","category-news","tag-glossarte","tag-h-i-f-biber-preis","tag-juan-martinez-gonzalez","tag-lea-suter"],"acf":[],"yoast_head":"<!-- This site is optimized with the Yoast SEO plugin v27.5 - https:\/\/yoast.com\/product\/yoast-seo-wordpress\/ -->\n<title>Duo Gloss Arte gewinnt den H.I.F.-Biber-Preis 2025 - Schweizer Musikzeitung<\/title>\n<meta name=\"description\" content=\"Das Duo Gloss Arte, bestehend aus Lea Suter und Juan Mart\u00ednez Gonz\u00e1lez, hat den H.I.F.-Biber-Preis 2025 gewonnen.\" \/>\n<meta name=\"robots\" content=\"index, follow, max-snippet:-1, max-image-preview:large, max-video-preview:-1\" \/>\n<link rel=\"canonical\" href=\"https:\/\/www.musikzeitung.ch\/en\/news\/2025\/05\/duo-gloss-arte-gewinnt-den-h-i-f-biber-preis-2025\/\" \/>\n<meta property=\"og:locale\" content=\"en_US\" \/>\n<meta property=\"og:type\" content=\"article\" \/>\n<meta property=\"og:title\" content=\"Duo Gloss Arte gewinnt den H.I.F.-Biber-Preis 2025 - Schweizer Musikzeitung\" \/>\n<meta property=\"og:description\" content=\"Das Duo Gloss Arte, bestehend aus Lea Suter und Juan Mart\u00ednez Gonz\u00e1lez, hat den H.I.F.-Biber-Preis 2025 gewonnen.\" \/>\n<meta property=\"og:url\" content=\"https:\/\/www.musikzeitung.ch\/en\/news\/2025\/05\/duo-gloss-arte-gewinnt-den-h-i-f-biber-preis-2025\/\" \/>\n<meta property=\"og:site_name\" content=\"Schweizer Musikzeitung\" \/>\n<meta property=\"article:publisher\" content=\"https:\/\/www.facebook.com\/SchweizerMusikzeitung\/\" \/>\n<meta property=\"article:author\" content=\"https:\/\/www.facebook.com\/wolfgang.bohler.75\" \/>\n<meta property=\"article:published_time\" content=\"2025-05-19T09:57:54+00:00\" \/>\n<meta property=\"article:modified_time\" content=\"2025-05-20T07:29:12+00:00\" \/>\n<meta property=\"og:image\" content=\"https:\/\/www.musikzeitung.ch\/wp-content\/uploads\/2025\/05\/GlossArte_Beitragsbild_NEU.jpg\" \/>\n\t<meta property=\"og:image:width\" content=\"1181\" \/>\n\t<meta property=\"og:image:height\" content=\"851\" \/>\n\t<meta property=\"og:image:type\" content=\"image\/jpeg\" \/>\n<meta name=\"author\" content=\"Wolfgang B\u00f6hler\" \/>\n<meta name=\"twitter:card\" content=\"summary_large_image\" \/>\n<meta name=\"twitter:creator\" content=\"@smusikzeitung\" \/>\n<meta name=\"twitter:site\" content=\"@smusikzeitung\" \/>\n<meta name=\"twitter:label1\" content=\"Written by\" \/>\n\t<meta name=\"twitter:data1\" content=\"Wolfgang B\u00f6hler\" \/>\n\t<meta name=\"twitter:label2\" content=\"Est. reading time\" \/>\n\t<meta name=\"twitter:data2\" content=\"1 minute\" \/>\n<script type=\"application\/ld+json\" class=\"yoast-schema-graph\">{\"@context\":\"https:\\\/\\\/schema.org\",\"@graph\":[{\"@type\":\"Article\",\"@id\":\"https:\\\/\\\/www.musikzeitung.ch\\\/news\\\/2025\\\/05\\\/duo-gloss-arte-gewinnt-den-h-i-f-biber-preis-2025#article\",\"isPartOf\":{\"@id\":\"https:\\\/\\\/www.musikzeitung.ch\\\/news\\\/2025\\\/05\\\/duo-gloss-arte-gewinnt-den-h-i-f-biber-preis-2025\"},\"author\":{\"name\":\"Wolfgang B\u00f6hler\",\"@id\":\"https:\\\/\\\/www.musikzeitung.ch\\\/#\\\/schema\\\/person\\\/0da4fb82d243f1252850a35d0e87cf0c\"},\"headline\":\"Duo Gloss Arte gewinnt den H.I.F.-Biber-Preis 2025\",\"datePublished\":\"2025-05-19T09:57:54+00:00\",\"dateModified\":\"2025-05-20T07:29:12+00:00\",\"mainEntityOfPage\":{\"@id\":\"https:\\\/\\\/www.musikzeitung.ch\\\/news\\\/2025\\\/05\\\/duo-gloss-arte-gewinnt-den-h-i-f-biber-preis-2025\"},\"wordCount\":124,\"publisher\":{\"@id\":\"https:\\\/\\\/www.musikzeitung.ch\\\/#organization\"},\"image\":{\"@id\":\"https:\\\/\\\/www.musikzeitung.ch\\\/news\\\/2025\\\/05\\\/duo-gloss-arte-gewinnt-den-h-i-f-biber-preis-2025#primaryimage\"},\"thumbnailUrl\":\"https:\\\/\\\/www.musikzeitung.ch\\\/wp-content\\\/uploads\\\/2025\\\/05\\\/GlossArte_Beitragsbild_NEU.jpg\",\"keywords\":[\"GlossArte\",\"H.I.F.-Biber-Preis\",\"Juan Mart\u00ednez Gonz\u00e1lez\",\"Lea Suter\"],\"articleSection\":[\"News\"],\"inLanguage\":\"en-US\"},{\"@type\":\"WebPage\",\"@id\":\"https:\\\/\\\/www.musikzeitung.ch\\\/news\\\/2025\\\/05\\\/duo-gloss-arte-gewinnt-den-h-i-f-biber-preis-2025\",\"url\":\"https:\\\/\\\/www.musikzeitung.ch\\\/news\\\/2025\\\/05\\\/duo-gloss-arte-gewinnt-den-h-i-f-biber-preis-2025\",\"name\":\"Duo Gloss Arte gewinnt den H.I.F.-Biber-Preis 2025 - Schweizer Musikzeitung\",\"isPartOf\":{\"@id\":\"https:\\\/\\\/www.musikzeitung.ch\\\/#website\"},\"primaryImageOfPage\":{\"@id\":\"https:\\\/\\\/www.musikzeitung.ch\\\/news\\\/2025\\\/05\\\/duo-gloss-arte-gewinnt-den-h-i-f-biber-preis-2025#primaryimage\"},\"image\":{\"@id\":\"https:\\\/\\\/www.musikzeitung.ch\\\/news\\\/2025\\\/05\\\/duo-gloss-arte-gewinnt-den-h-i-f-biber-preis-2025#primaryimage\"},\"thumbnailUrl\":\"https:\\\/\\\/www.musikzeitung.ch\\\/wp-content\\\/uploads\\\/2025\\\/05\\\/GlossArte_Beitragsbild_NEU.jpg\",\"datePublished\":\"2025-05-19T09:57:54+00:00\",\"dateModified\":\"2025-05-20T07:29:12+00:00\",\"description\":\"Das Duo Gloss Arte, bestehend aus Lea Suter und Juan Mart\u00ednez Gonz\u00e1lez, hat den H.I.F.-Biber-Preis 2025 gewonnen.\",\"breadcrumb\":{\"@id\":\"https:\\\/\\\/www.musikzeitung.ch\\\/news\\\/2025\\\/05\\\/duo-gloss-arte-gewinnt-den-h-i-f-biber-preis-2025#breadcrumb\"},\"inLanguage\":\"en-US\",\"potentialAction\":[{\"@type\":\"ReadAction\",\"target\":[\"https:\\\/\\\/www.musikzeitung.ch\\\/news\\\/2025\\\/05\\\/duo-gloss-arte-gewinnt-den-h-i-f-biber-preis-2025\"]}]},{\"@type\":\"ImageObject\",\"inLanguage\":\"en-US\",\"@id\":\"https:\\\/\\\/www.musikzeitung.ch\\\/news\\\/2025\\\/05\\\/duo-gloss-arte-gewinnt-den-h-i-f-biber-preis-2025#primaryimage\",\"url\":\"https:\\\/\\\/www.musikzeitung.ch\\\/wp-content\\\/uploads\\\/2025\\\/05\\\/GlossArte_Beitragsbild_NEU.jpg\",\"contentUrl\":\"https:\\\/\\\/www.musikzeitung.ch\\\/wp-content\\\/uploads\\\/2025\\\/05\\\/GlossArte_Beitragsbild_NEU.jpg\",\"width\":1181,\"height\":851},{\"@type\":\"BreadcrumbList\",\"@id\":\"https:\\\/\\\/www.musikzeitung.ch\\\/news\\\/2025\\\/05\\\/duo-gloss-arte-gewinnt-den-h-i-f-biber-preis-2025#breadcrumb\",\"itemListElement\":[{\"@type\":\"ListItem\",\"position\":1,\"name\":\"Home\",\"item\":\"https:\\\/\\\/www.musikzeitung.ch\\\/\"},{\"@type\":\"ListItem\",\"position\":2,\"name\":\"Duo Gloss Arte gewinnt den H.I.F.-Biber-Preis 2025\"}]},{\"@type\":\"WebSite\",\"@id\":\"https:\\\/\\\/www.musikzeitung.ch\\\/#website\",\"url\":\"https:\\\/\\\/www.musikzeitung.ch\\\/\",\"name\":\"Schweizer Musikzeitung\",\"description\":\"Die f\u00fchrende sparten\u00fcbergreifende Monatszeitung in der Schweiz f\u00fcr musikalische Fragen.\",\"publisher\":{\"@id\":\"https:\\\/\\\/www.musikzeitung.ch\\\/#organization\"},\"potentialAction\":[{\"@type\":\"SearchAction\",\"target\":{\"@type\":\"EntryPoint\",\"urlTemplate\":\"https:\\\/\\\/www.musikzeitung.ch\\\/?s={search_term_string}\"},\"query-input\":{\"@type\":\"PropertyValueSpecification\",\"valueRequired\":true,\"valueName\":\"search_term_string\"}}],\"inLanguage\":\"en-US\"},{\"@type\":\"Organization\",\"@id\":\"https:\\\/\\\/www.musikzeitung.ch\\\/#organization\",\"name\":\"Schweizer Musikzeitung\",\"url\":\"https:\\\/\\\/www.musikzeitung.ch\\\/\",\"logo\":{\"@type\":\"ImageObject\",\"inLanguage\":\"en-US\",\"@id\":\"https:\\\/\\\/www.musikzeitung.ch\\\/#\\\/schema\\\/logo\\\/image\\\/\",\"url\":\"https:\\\/\\\/www.musikzeitung.ch\\\/wp-content\\\/uploads\\\/2023\\\/01\\\/SMZ_Schriftzug_Sprache.png\",\"contentUrl\":\"https:\\\/\\\/www.musikzeitung.ch\\\/wp-content\\\/uploads\\\/2023\\\/01\\\/SMZ_Schriftzug_Sprache.png\",\"width\":1400,\"height\":279,\"caption\":\"Schweizer Musikzeitung\"},\"image\":{\"@id\":\"https:\\\/\\\/www.musikzeitung.ch\\\/#\\\/schema\\\/logo\\\/image\\\/\"},\"sameAs\":[\"https:\\\/\\\/www.facebook.com\\\/SchweizerMusikzeitung\\\/\",\"https:\\\/\\\/x.com\\\/smusikzeitung\",\"https:\\\/\\\/www.instagram.com\\\/musikzeitung.ch\\\/\"]},{\"@type\":\"Person\",\"@id\":\"https:\\\/\\\/www.musikzeitung.ch\\\/#\\\/schema\\\/person\\\/0da4fb82d243f1252850a35d0e87cf0c\",\"name\":\"Wolfgang B\u00f6hler\",\"image\":{\"@type\":\"ImageObject\",\"inLanguage\":\"en-US\",\"@id\":\"https:\\\/\\\/www.musikzeitung.ch\\\/wp-content\\\/uploads\\\/2023\\\/01\\\/boehler_portraet_web-e1674139782246-96x96.jpg\",\"url\":\"https:\\\/\\\/www.musikzeitung.ch\\\/wp-content\\\/uploads\\\/2023\\\/01\\\/boehler_portraet_web-e1674139782246-96x96.jpg\",\"contentUrl\":\"https:\\\/\\\/www.musikzeitung.ch\\\/wp-content\\\/uploads\\\/2023\\\/01\\\/boehler_portraet_web-e1674139782246-96x96.jpg\",\"caption\":\"Wolfgang B\u00f6hler\"},\"sameAs\":[\"http:\\\/\\\/www.manacanto.ch\",\"https:\\\/\\\/www.facebook.com\\\/wolfgang.bohler.75\"],\"url\":\"https:\\\/\\\/www.musikzeitung.ch\\\/en\\\/author\\\/wolfgang-boehler\"}]}<\/script>\n<!-- \/ Yoast SEO plugin. -->","yoast_head_json":{"title":"Duo Gloss Arte wins the H.I.F. Beaver Prize 2025 - Schweizer Musikzeitung","description":"The duo Gloss Arte, consisting of Lea Suter and Juan Mart\u00ednez Gonz\u00e1lez, has won the H.I.F. Beaver Prize 2025.","robots":{"index":"index","follow":"follow","max-snippet":"max-snippet:-1","max-image-preview":"max-image-preview:large","max-video-preview":"max-video-preview:-1"},"canonical":"https:\/\/www.musikzeitung.ch\/en\/news\/2025\/05\/duo-gloss-arte-gewinnt-den-h-i-f-biber-preis-2025\/","og_locale":"en_US","og_type":"article","og_title":"Duo Gloss Arte gewinnt den H.I.F.-Biber-Preis 2025 - Schweizer Musikzeitung","og_description":"Das Duo Gloss Arte, bestehend aus Lea Suter und Juan Mart\u00ednez Gonz\u00e1lez, hat den H.I.F.-Biber-Preis 2025 gewonnen.","og_url":"https:\/\/www.musikzeitung.ch\/en\/news\/2025\/05\/duo-gloss-arte-gewinnt-den-h-i-f-biber-preis-2025\/","og_site_name":"Schweizer Musikzeitung","article_publisher":"https:\/\/www.facebook.com\/SchweizerMusikzeitung\/","article_author":"https:\/\/www.facebook.com\/wolfgang.bohler.75","article_published_time":"2025-05-19T09:57:54+00:00","article_modified_time":"2025-05-20T07:29:12+00:00","og_image":[{"width":1181,"height":851,"url":"https:\/\/www.musikzeitung.ch\/wp-content\/uploads\/2025\/05\/GlossArte_Beitragsbild_NEU.jpg","type":"image\/jpeg"}],"author":"Wolfgang B\u00f6hler","twitter_card":"summary_large_image","twitter_creator":"@smusikzeitung","twitter_site":"@smusikzeitung","twitter_misc":{"Written by":"Wolfgang B\u00f6hler","Est. reading time":"1 minute"},"schema":{"@context":"https:\/\/schema.org","@graph":[{"@type":"Article","@id":"https:\/\/www.musikzeitung.ch\/news\/2025\/05\/duo-gloss-arte-gewinnt-den-h-i-f-biber-preis-2025#article","isPartOf":{"@id":"https:\/\/www.musikzeitung.ch\/news\/2025\/05\/duo-gloss-arte-gewinnt-den-h-i-f-biber-preis-2025"},"author":{"name":"Wolfgang B\u00f6hler","@id":"https:\/\/www.musikzeitung.ch\/#\/schema\/person\/0da4fb82d243f1252850a35d0e87cf0c"},"headline":"Duo Gloss Arte gewinnt den H.I.F.-Biber-Preis 2025","datePublished":"2025-05-19T09:57:54+00:00","dateModified":"2025-05-20T07:29:12+00:00","mainEntityOfPage":{"@id":"https:\/\/www.musikzeitung.ch\/news\/2025\/05\/duo-gloss-arte-gewinnt-den-h-i-f-biber-preis-2025"},"wordCount":124,"publisher":{"@id":"https:\/\/www.musikzeitung.ch\/#organization"},"image":{"@id":"https:\/\/www.musikzeitung.ch\/news\/2025\/05\/duo-gloss-arte-gewinnt-den-h-i-f-biber-preis-2025#primaryimage"},"thumbnailUrl":"https:\/\/www.musikzeitung.ch\/wp-content\/uploads\/2025\/05\/GlossArte_Beitragsbild_NEU.jpg","keywords":["GlossArte","H.I.F.-Biber-Preis","Juan Mart\u00ednez Gonz\u00e1lez","Lea Suter"],"articleSection":["News"],"inLanguage":"en-US"},{"@type":"WebPage","@id":"https:\/\/www.musikzeitung.ch\/news\/2025\/05\/duo-gloss-arte-gewinnt-den-h-i-f-biber-preis-2025","url":"https:\/\/www.musikzeitung.ch\/news\/2025\/05\/duo-gloss-arte-gewinnt-den-h-i-f-biber-preis-2025","name":"Duo Gloss Arte wins the H.I.F. Beaver Prize 2025 - Schweizer Musikzeitung","isPartOf":{"@id":"https:\/\/www.musikzeitung.ch\/#website"},"primaryImageOfPage":{"@id":"https:\/\/www.musikzeitung.ch\/news\/2025\/05\/duo-gloss-arte-gewinnt-den-h-i-f-biber-preis-2025#primaryimage"},"image":{"@id":"https:\/\/www.musikzeitung.ch\/news\/2025\/05\/duo-gloss-arte-gewinnt-den-h-i-f-biber-preis-2025#primaryimage"},"thumbnailUrl":"https:\/\/www.musikzeitung.ch\/wp-content\/uploads\/2025\/05\/GlossArte_Beitragsbild_NEU.jpg","datePublished":"2025-05-19T09:57:54+00:00","dateModified":"2025-05-20T07:29:12+00:00","description":"The duo Gloss Arte, consisting of Lea Suter and Juan Mart\u00ednez Gonz\u00e1lez, has won the H.I.F. Beaver Prize 2025.","breadcrumb":{"@id":"https:\/\/www.musikzeitung.ch\/news\/2025\/05\/duo-gloss-arte-gewinnt-den-h-i-f-biber-preis-2025#breadcrumb"},"inLanguage":"en-US","potentialAction":[{"@type":"ReadAction","target":["https:\/\/www.musikzeitung.ch\/news\/2025\/05\/duo-gloss-arte-gewinnt-den-h-i-f-biber-preis-2025"]}]},{"@type":"ImageObject","inLanguage":"en-US","@id":"https:\/\/www.musikzeitung.ch\/news\/2025\/05\/duo-gloss-arte-gewinnt-den-h-i-f-biber-preis-2025#primaryimage","url":"https:\/\/www.musikzeitung.ch\/wp-content\/uploads\/2025\/05\/GlossArte_Beitragsbild_NEU.jpg","contentUrl":"https:\/\/www.musikzeitung.ch\/wp-content\/uploads\/2025\/05\/GlossArte_Beitragsbild_NEU.jpg","width":1181,"height":851},{"@type":"BreadcrumbList","@id":"https:\/\/www.musikzeitung.ch\/news\/2025\/05\/duo-gloss-arte-gewinnt-den-h-i-f-biber-preis-2025#breadcrumb","itemListElement":[{"@type":"ListItem","position":1,"name":"Home","item":"https:\/\/www.musikzeitung.ch\/"},{"@type":"ListItem","position":2,"name":"Duo Gloss Arte gewinnt den H.I.F.-Biber-Preis 2025"}]},{"@type":"WebSite","@id":"https:\/\/www.musikzeitung.ch\/#website","url":"https:\/\/www.musikzeitung.ch\/","name":"Swiss Music Newspaper","description":"The leading interdisciplinary monthly newspaper in Switzerland for musical issues.","publisher":{"@id":"https:\/\/www.musikzeitung.ch\/#organization"},"potentialAction":[{"@type":"SearchAction","target":{"@type":"EntryPoint","urlTemplate":"https:\/\/www.musikzeitung.ch\/?s={search_term_string}"},"query-input":{"@type":"PropertyValueSpecification","valueRequired":true,"valueName":"search_term_string"}}],"inLanguage":"en-US"},{"@type":"Organization","@id":"https:\/\/www.musikzeitung.ch\/#organization","name":"Swiss Music Newspaper","url":"https:\/\/www.musikzeitung.ch\/","logo":{"@type":"ImageObject","inLanguage":"en-US","@id":"https:\/\/www.musikzeitung.ch\/#\/schema\/logo\/image\/","url":"https:\/\/www.musikzeitung.ch\/wp-content\/uploads\/2023\/01\/SMZ_Schriftzug_Sprache.png","contentUrl":"https:\/\/www.musikzeitung.ch\/wp-content\/uploads\/2023\/01\/SMZ_Schriftzug_Sprache.png","width":1400,"height":279,"caption":"Schweizer Musikzeitung"},"image":{"@id":"https:\/\/www.musikzeitung.ch\/#\/schema\/logo\/image\/"},"sameAs":["https:\/\/www.facebook.com\/SchweizerMusikzeitung\/","https:\/\/x.com\/smusikzeitung","https:\/\/www.instagram.com\/musikzeitung.ch\/"]},{"@type":"Person","@id":"https:\/\/www.musikzeitung.ch\/#\/schema\/person\/0da4fb82d243f1252850a35d0e87cf0c","name":"Wolfgang B\u00f6hler","image":{"@type":"ImageObject","inLanguage":"en-US","@id":"https:\/\/www.musikzeitung.ch\/wp-content\/uploads\/2023\/01\/boehler_portraet_web-e1674139782246-96x96.jpg","url":"https:\/\/www.musikzeitung.ch\/wp-content\/uploads\/2023\/01\/boehler_portraet_web-e1674139782246-96x96.jpg","contentUrl":"https:\/\/www.musikzeitung.ch\/wp-content\/uploads\/2023\/01\/boehler_portraet_web-e1674139782246-96x96.jpg","caption":"Wolfgang B\u00f6hler"},"sameAs":["http:\/\/www.manacanto.ch","https:\/\/www.facebook.com\/wolfgang.bohler.75"],"url":"https:\/\/www.musikzeitung.ch\/en\/author\/wolfgang-boehler"}]}},"publishpress_future_workflow_manual_trigger":{"enabledWorkflows":[]},"_links":{"self":[{"href":"https:\/\/www.musikzeitung.ch\/en\/wp-json\/wp\/v2\/posts\/65209","targetHints":{"allow":["GET"]}}],"collection":[{"href":"https:\/\/www.musikzeitung.ch\/en\/wp-json\/wp\/v2\/posts"}],"about":[{"href":"https:\/\/www.musikzeitung.ch\/en\/wp-json\/wp\/v2\/types\/post"}],"author":[{"embeddable":true,"href":"https:\/\/www.musikzeitung.ch\/en\/wp-json\/wp\/v2\/users\/30"}],"replies":[{"embeddable":true,"href":"https:\/\/www.musikzeitung.ch\/en\/wp-json\/wp\/v2\/comments?post=65209"}],"version-history":[{"count":5,"href":"https:\/\/www.musikzeitung.ch\/en\/wp-json\/wp\/v2\/posts\/65209\/revisions"}],"predecessor-version":[{"id":65220,"href":"https:\/\/www.musikzeitung.ch\/en\/wp-json\/wp\/v2\/posts\/65209\/revisions\/65220"}],"wp:featuredmedia":[{"embeddable":true,"href":"https:\/\/www.musikzeitung.ch\/en\/wp-json\/wp\/v2\/media\/65224"}],"wp:attachment":[{"href":"https:\/\/www.musikzeitung.ch\/en\/wp-json\/wp\/v2\/media?parent=65209"}],"wp:term":[{"taxonomy":"category","embeddable":true,"href":"https:\/\/www.musikzeitung.ch\/en\/wp-json\/wp\/v2\/categories?post=65209"},{"taxonomy":"post_tag","embeddable":true,"href":"https:\/\/www.musikzeitung.ch\/en\/wp-json\/wp\/v2\/tags?post=65209"}],"curies":[{"name":"wp","href":"https:\/\/api.w.org\/{rel}","templated":true}]}}