{"id":65262,"date":"2025-05-21T11:27:25","date_gmt":"2025-05-21T09:27:25","guid":{"rendered":"https:\/\/www.musikzeitung.ch\/?p=65262"},"modified":"2025-05-22T15:01:20","modified_gmt":"2025-05-22T13:01:20","slug":"olivier-gremaud-uebernimmt-swissperform-geschaeftsfuehrung","status":"publish","type":"post","link":"https:\/\/www.musikzeitung.ch\/en\/news\/2025\/05\/olivier-gremaud-uebernimmt-swissperform-geschaeftsfuehrung","title":{"rendered":"Olivier Gremaud takes over the management of Swissperform"},"content":{"rendered":"<figure id=\"attachment_65267\" aria-describedby=\"caption-attachment-65267\" style=\"width: 650px\" class=\"wp-caption alignnone\"><img loading=\"lazy\" decoding=\"async\" class=\"size-full wp-image-65267\" src=\"https:\/\/www.musikzeitung.ch\/wp-content\/uploads\/2025\/05\/250521gremaud.jpg\" alt=\"\" width=\"650\" height=\"433\" srcset=\"https:\/\/www.musikzeitung.ch\/wp-content\/uploads\/2025\/05\/250521gremaud.jpg 650w, https:\/\/www.musikzeitung.ch\/wp-content\/uploads\/2025\/05\/250521gremaud-300x200.jpg 300w, https:\/\/www.musikzeitung.ch\/wp-content\/uploads\/2025\/05\/250521gremaud-600x400.jpg 600w, https:\/\/www.musikzeitung.ch\/wp-content\/uploads\/2025\/05\/250521gremaud-18x12.jpg 18w, https:\/\/www.musikzeitung.ch\/wp-content\/uploads\/2025\/05\/250521gremaud-263x175.jpg 263w, https:\/\/www.musikzeitung.ch\/wp-content\/uploads\/2025\/05\/250521gremaud-525x350.jpg 525w\" sizes=\"auto, (max-width: 650px) 100vw, 650px\" \/><figcaption id=\"caption-attachment-65267\" class=\"wp-caption-text\">Olivier Gremaud (Image. LinkedIn)<\/figcaption><\/figure>\n<p>Swissperform writes that this decision was made against the backdrop of ongoing strategic development and digitalization. Olivier Gremaud is a managing director, entrepreneur, motivator and former top athlete with an Olympic diploma. As a business economist and certified expert in accounting and controlling, he is also ideally equipped to lead the organization into a successful future, Swissperform continues. Michael Egli will continue to serve as Deputy CEO and Head of Legal Services.<\/p>\n<p>Swissperform is the collecting society for ancillary copyrights (related rights) in Switzerland and the Principality of Liechtenstein and is subject to state supervision. It represents the holders of neighbouring rights (rightholders) vis-\u00e0-vis users (e.g. music use by broadcasting companies), negotiates tariffs with users and their associations and ensures that the corresponding monies are collected and distributed to the rightholders.<\/p>","protected":false},"excerpt":{"rendered":"<p>The Swissperform Board of Directors has appointed Olivier Gremaud as the new Managing Director as of September 1, 2025. He replaces Michael Egli in this position. <\/p>","protected":false},"author":30,"featured_media":65267,"comment_status":"closed","ping_status":"closed","sticky":false,"template":"","format":"standard","meta":{"_acf_changed":false,"_relevanssi_hide_post":"","_relevanssi_hide_content":"","_relevanssi_pin_for_all":"","_relevanssi_pin_keywords":"","_relevanssi_unpin_keywords":"","_relevanssi_related_keywords":"","_relevanssi_related_include_ids":"","_relevanssi_related_exclude_ids":"","_relevanssi_related_no_append":"","_relevanssi_related_not_related":"","_relevanssi_related_posts":"","_relevanssi_noindex_reason":"","pgc_sgb_lightbox_settings":"","footnotes":""},"categories":[27],"tags":[4996,4316],"class_list":["post-65262","post","type-post","status-publish","format-standard","has-post-thumbnail","hentry","category-news","tag-olivier-gremaud","tag-swissperform"],"acf":[],"yoast_head":"<!-- This site is optimized with the Yoast SEO plugin v27.4 - https:\/\/yoast.com\/product\/yoast-seo-wordpress\/ -->\n<title>Olivier Gremaud \u00fcbernimmt Swissperform-Gesch\u00e4ftsf\u00fchrung - Schweizer Musikzeitung<\/title>\n<meta name=\"description\" content=\"Der Vorstand von Swissperform hat Olivier Gremaud per 1. September 2025 zum neuen Gesch\u00e4ftsf\u00fchrer ernannt. Er l\u00f6st in dem Amt Michael Egli ab.\" \/>\n<meta name=\"robots\" content=\"index, follow, max-snippet:-1, max-image-preview:large, max-video-preview:-1\" \/>\n<link rel=\"canonical\" href=\"https:\/\/www.musikzeitung.ch\/en\/news\/2025\/05\/olivier-gremaud-uebernimmt-swissperform-geschaeftsfuehrung\/\" \/>\n<meta property=\"og:locale\" content=\"en_US\" \/>\n<meta property=\"og:type\" content=\"article\" \/>\n<meta property=\"og:title\" content=\"Olivier Gremaud \u00fcbernimmt Swissperform-Gesch\u00e4ftsf\u00fchrung - Schweizer Musikzeitung\" \/>\n<meta property=\"og:description\" content=\"Der Vorstand von Swissperform hat Olivier Gremaud per 1. September 2025 zum neuen Gesch\u00e4ftsf\u00fchrer ernannt. Er l\u00f6st in dem Amt Michael Egli ab.\" \/>\n<meta property=\"og:url\" content=\"https:\/\/www.musikzeitung.ch\/en\/news\/2025\/05\/olivier-gremaud-uebernimmt-swissperform-geschaeftsfuehrung\/\" \/>\n<meta property=\"og:site_name\" content=\"Schweizer Musikzeitung\" \/>\n<meta property=\"article:publisher\" content=\"https:\/\/www.facebook.com\/SchweizerMusikzeitung\/\" \/>\n<meta property=\"article:author\" content=\"https:\/\/www.facebook.com\/wolfgang.bohler.75\" \/>\n<meta property=\"article:published_time\" content=\"2025-05-21T09:27:25+00:00\" \/>\n<meta property=\"article:modified_time\" content=\"2025-05-22T13:01:20+00:00\" \/>\n<meta property=\"og:image\" content=\"https:\/\/www.musikzeitung.ch\/wp-content\/uploads\/2025\/05\/250521gremaud.jpg\" \/>\n\t<meta property=\"og:image:width\" content=\"650\" \/>\n\t<meta property=\"og:image:height\" content=\"433\" \/>\n\t<meta property=\"og:image:type\" content=\"image\/jpeg\" \/>\n<meta name=\"author\" content=\"Wolfgang B\u00f6hler\" \/>\n<meta name=\"twitter:card\" content=\"summary_large_image\" \/>\n<meta name=\"twitter:creator\" content=\"@smusikzeitung\" \/>\n<meta name=\"twitter:site\" content=\"@smusikzeitung\" \/>\n<meta name=\"twitter:label1\" content=\"Written by\" \/>\n\t<meta name=\"twitter:data1\" content=\"Wolfgang B\u00f6hler\" \/>\n\t<meta name=\"twitter:label2\" content=\"Est. reading time\" \/>\n\t<meta name=\"twitter:data2\" content=\"2 minutes\" \/>\n<script type=\"application\/ld+json\" class=\"yoast-schema-graph\">{\"@context\":\"https:\\\/\\\/schema.org\",\"@graph\":[{\"@type\":\"Article\",\"@id\":\"https:\\\/\\\/www.musikzeitung.ch\\\/news\\\/2025\\\/05\\\/olivier-gremaud-uebernimmt-swissperform-geschaeftsfuehrung#article\",\"isPartOf\":{\"@id\":\"https:\\\/\\\/www.musikzeitung.ch\\\/news\\\/2025\\\/05\\\/olivier-gremaud-uebernimmt-swissperform-geschaeftsfuehrung\"},\"author\":{\"name\":\"Wolfgang B\u00f6hler\",\"@id\":\"https:\\\/\\\/www.musikzeitung.ch\\\/#\\\/schema\\\/person\\\/0da4fb82d243f1252850a35d0e87cf0c\"},\"headline\":\"Olivier Gremaud \u00fcbernimmt Swissperform-Gesch\u00e4ftsf\u00fchrung\",\"datePublished\":\"2025-05-21T09:27:25+00:00\",\"dateModified\":\"2025-05-22T13:01:20+00:00\",\"mainEntityOfPage\":{\"@id\":\"https:\\\/\\\/www.musikzeitung.ch\\\/news\\\/2025\\\/05\\\/olivier-gremaud-uebernimmt-swissperform-geschaeftsfuehrung\"},\"wordCount\":147,\"publisher\":{\"@id\":\"https:\\\/\\\/www.musikzeitung.ch\\\/#organization\"},\"image\":{\"@id\":\"https:\\\/\\\/www.musikzeitung.ch\\\/news\\\/2025\\\/05\\\/olivier-gremaud-uebernimmt-swissperform-geschaeftsfuehrung#primaryimage\"},\"thumbnailUrl\":\"https:\\\/\\\/www.musikzeitung.ch\\\/wp-content\\\/uploads\\\/2025\\\/05\\\/250521gremaud.jpg\",\"keywords\":[\"Olivier Gremaud\",\"Swissperform\"],\"articleSection\":[\"News\"],\"inLanguage\":\"en-US\"},{\"@type\":\"WebPage\",\"@id\":\"https:\\\/\\\/www.musikzeitung.ch\\\/news\\\/2025\\\/05\\\/olivier-gremaud-uebernimmt-swissperform-geschaeftsfuehrung\",\"url\":\"https:\\\/\\\/www.musikzeitung.ch\\\/news\\\/2025\\\/05\\\/olivier-gremaud-uebernimmt-swissperform-geschaeftsfuehrung\",\"name\":\"Olivier Gremaud \u00fcbernimmt Swissperform-Gesch\u00e4ftsf\u00fchrung - Schweizer Musikzeitung\",\"isPartOf\":{\"@id\":\"https:\\\/\\\/www.musikzeitung.ch\\\/#website\"},\"primaryImageOfPage\":{\"@id\":\"https:\\\/\\\/www.musikzeitung.ch\\\/news\\\/2025\\\/05\\\/olivier-gremaud-uebernimmt-swissperform-geschaeftsfuehrung#primaryimage\"},\"image\":{\"@id\":\"https:\\\/\\\/www.musikzeitung.ch\\\/news\\\/2025\\\/05\\\/olivier-gremaud-uebernimmt-swissperform-geschaeftsfuehrung#primaryimage\"},\"thumbnailUrl\":\"https:\\\/\\\/www.musikzeitung.ch\\\/wp-content\\\/uploads\\\/2025\\\/05\\\/250521gremaud.jpg\",\"datePublished\":\"2025-05-21T09:27:25+00:00\",\"dateModified\":\"2025-05-22T13:01:20+00:00\",\"description\":\"Der Vorstand von Swissperform hat Olivier Gremaud per 1. September 2025 zum neuen Gesch\u00e4ftsf\u00fchrer ernannt. Er l\u00f6st in dem Amt Michael Egli ab.\",\"breadcrumb\":{\"@id\":\"https:\\\/\\\/www.musikzeitung.ch\\\/news\\\/2025\\\/05\\\/olivier-gremaud-uebernimmt-swissperform-geschaeftsfuehrung#breadcrumb\"},\"inLanguage\":\"en-US\",\"potentialAction\":[{\"@type\":\"ReadAction\",\"target\":[\"https:\\\/\\\/www.musikzeitung.ch\\\/news\\\/2025\\\/05\\\/olivier-gremaud-uebernimmt-swissperform-geschaeftsfuehrung\"]}]},{\"@type\":\"ImageObject\",\"inLanguage\":\"en-US\",\"@id\":\"https:\\\/\\\/www.musikzeitung.ch\\\/news\\\/2025\\\/05\\\/olivier-gremaud-uebernimmt-swissperform-geschaeftsfuehrung#primaryimage\",\"url\":\"https:\\\/\\\/www.musikzeitung.ch\\\/wp-content\\\/uploads\\\/2025\\\/05\\\/250521gremaud.jpg\",\"contentUrl\":\"https:\\\/\\\/www.musikzeitung.ch\\\/wp-content\\\/uploads\\\/2025\\\/05\\\/250521gremaud.jpg\",\"width\":650,\"height\":433,\"caption\":\"Olivier Gremaud (Bild. Linkedin)\"},{\"@type\":\"BreadcrumbList\",\"@id\":\"https:\\\/\\\/www.musikzeitung.ch\\\/news\\\/2025\\\/05\\\/olivier-gremaud-uebernimmt-swissperform-geschaeftsfuehrung#breadcrumb\",\"itemListElement\":[{\"@type\":\"ListItem\",\"position\":1,\"name\":\"Home\",\"item\":\"https:\\\/\\\/www.musikzeitung.ch\\\/\"},{\"@type\":\"ListItem\",\"position\":2,\"name\":\"Olivier Gremaud \u00fcbernimmt Swissperform-Gesch\u00e4ftsf\u00fchrung\"}]},{\"@type\":\"WebSite\",\"@id\":\"https:\\\/\\\/www.musikzeitung.ch\\\/#website\",\"url\":\"https:\\\/\\\/www.musikzeitung.ch\\\/\",\"name\":\"Schweizer Musikzeitung\",\"description\":\"Die f\u00fchrende sparten\u00fcbergreifende Monatszeitung in der Schweiz f\u00fcr musikalische Fragen.\",\"publisher\":{\"@id\":\"https:\\\/\\\/www.musikzeitung.ch\\\/#organization\"},\"potentialAction\":[{\"@type\":\"SearchAction\",\"target\":{\"@type\":\"EntryPoint\",\"urlTemplate\":\"https:\\\/\\\/www.musikzeitung.ch\\\/?s={search_term_string}\"},\"query-input\":{\"@type\":\"PropertyValueSpecification\",\"valueRequired\":true,\"valueName\":\"search_term_string\"}}],\"inLanguage\":\"en-US\"},{\"@type\":\"Organization\",\"@id\":\"https:\\\/\\\/www.musikzeitung.ch\\\/#organization\",\"name\":\"Schweizer Musikzeitung\",\"url\":\"https:\\\/\\\/www.musikzeitung.ch\\\/\",\"logo\":{\"@type\":\"ImageObject\",\"inLanguage\":\"en-US\",\"@id\":\"https:\\\/\\\/www.musikzeitung.ch\\\/#\\\/schema\\\/logo\\\/image\\\/\",\"url\":\"https:\\\/\\\/www.musikzeitung.ch\\\/wp-content\\\/uploads\\\/2023\\\/01\\\/SMZ_Schriftzug_Sprache.png\",\"contentUrl\":\"https:\\\/\\\/www.musikzeitung.ch\\\/wp-content\\\/uploads\\\/2023\\\/01\\\/SMZ_Schriftzug_Sprache.png\",\"width\":1400,\"height\":279,\"caption\":\"Schweizer Musikzeitung\"},\"image\":{\"@id\":\"https:\\\/\\\/www.musikzeitung.ch\\\/#\\\/schema\\\/logo\\\/image\\\/\"},\"sameAs\":[\"https:\\\/\\\/www.facebook.com\\\/SchweizerMusikzeitung\\\/\",\"https:\\\/\\\/x.com\\\/smusikzeitung\",\"https:\\\/\\\/www.instagram.com\\\/musikzeitung.ch\\\/\"]},{\"@type\":\"Person\",\"@id\":\"https:\\\/\\\/www.musikzeitung.ch\\\/#\\\/schema\\\/person\\\/0da4fb82d243f1252850a35d0e87cf0c\",\"name\":\"Wolfgang B\u00f6hler\",\"image\":{\"@type\":\"ImageObject\",\"inLanguage\":\"en-US\",\"@id\":\"https:\\\/\\\/www.musikzeitung.ch\\\/wp-content\\\/uploads\\\/2023\\\/01\\\/boehler_portraet_web-e1674139782246-96x96.jpg\",\"url\":\"https:\\\/\\\/www.musikzeitung.ch\\\/wp-content\\\/uploads\\\/2023\\\/01\\\/boehler_portraet_web-e1674139782246-96x96.jpg\",\"contentUrl\":\"https:\\\/\\\/www.musikzeitung.ch\\\/wp-content\\\/uploads\\\/2023\\\/01\\\/boehler_portraet_web-e1674139782246-96x96.jpg\",\"caption\":\"Wolfgang B\u00f6hler\"},\"sameAs\":[\"http:\\\/\\\/www.manacanto.ch\",\"https:\\\/\\\/www.facebook.com\\\/wolfgang.bohler.75\"],\"url\":\"https:\\\/\\\/www.musikzeitung.ch\\\/en\\\/author\\\/wolfgang-boehler\"}]}<\/script>\n<!-- \/ Yoast SEO plugin. -->","yoast_head_json":{"title":"Olivier Gremaud takes over the management of Swissperform - Schweizer Musikzeitung","description":"The Swissperform Board of Directors has appointed Olivier Gremaud as the new Managing Director as of September 1, 2025. He replaces Michael Egli in this position.","robots":{"index":"index","follow":"follow","max-snippet":"max-snippet:-1","max-image-preview":"max-image-preview:large","max-video-preview":"max-video-preview:-1"},"canonical":"https:\/\/www.musikzeitung.ch\/en\/news\/2025\/05\/olivier-gremaud-uebernimmt-swissperform-geschaeftsfuehrung\/","og_locale":"en_US","og_type":"article","og_title":"Olivier Gremaud \u00fcbernimmt Swissperform-Gesch\u00e4ftsf\u00fchrung - Schweizer Musikzeitung","og_description":"Der Vorstand von Swissperform hat Olivier Gremaud per 1. September 2025 zum neuen Gesch\u00e4ftsf\u00fchrer ernannt. Er l\u00f6st in dem Amt Michael Egli ab.","og_url":"https:\/\/www.musikzeitung.ch\/en\/news\/2025\/05\/olivier-gremaud-uebernimmt-swissperform-geschaeftsfuehrung\/","og_site_name":"Schweizer Musikzeitung","article_publisher":"https:\/\/www.facebook.com\/SchweizerMusikzeitung\/","article_author":"https:\/\/www.facebook.com\/wolfgang.bohler.75","article_published_time":"2025-05-21T09:27:25+00:00","article_modified_time":"2025-05-22T13:01:20+00:00","og_image":[{"width":650,"height":433,"url":"https:\/\/www.musikzeitung.ch\/wp-content\/uploads\/2025\/05\/250521gremaud.jpg","type":"image\/jpeg"}],"author":"Wolfgang B\u00f6hler","twitter_card":"summary_large_image","twitter_creator":"@smusikzeitung","twitter_site":"@smusikzeitung","twitter_misc":{"Written by":"Wolfgang B\u00f6hler","Est. reading time":"2 minutes"},"schema":{"@context":"https:\/\/schema.org","@graph":[{"@type":"Article","@id":"https:\/\/www.musikzeitung.ch\/news\/2025\/05\/olivier-gremaud-uebernimmt-swissperform-geschaeftsfuehrung#article","isPartOf":{"@id":"https:\/\/www.musikzeitung.ch\/news\/2025\/05\/olivier-gremaud-uebernimmt-swissperform-geschaeftsfuehrung"},"author":{"name":"Wolfgang B\u00f6hler","@id":"https:\/\/www.musikzeitung.ch\/#\/schema\/person\/0da4fb82d243f1252850a35d0e87cf0c"},"headline":"Olivier Gremaud \u00fcbernimmt Swissperform-Gesch\u00e4ftsf\u00fchrung","datePublished":"2025-05-21T09:27:25+00:00","dateModified":"2025-05-22T13:01:20+00:00","mainEntityOfPage":{"@id":"https:\/\/www.musikzeitung.ch\/news\/2025\/05\/olivier-gremaud-uebernimmt-swissperform-geschaeftsfuehrung"},"wordCount":147,"publisher":{"@id":"https:\/\/www.musikzeitung.ch\/#organization"},"image":{"@id":"https:\/\/www.musikzeitung.ch\/news\/2025\/05\/olivier-gremaud-uebernimmt-swissperform-geschaeftsfuehrung#primaryimage"},"thumbnailUrl":"https:\/\/www.musikzeitung.ch\/wp-content\/uploads\/2025\/05\/250521gremaud.jpg","keywords":["Olivier Gremaud","Swissperform"],"articleSection":["News"],"inLanguage":"en-US"},{"@type":"WebPage","@id":"https:\/\/www.musikzeitung.ch\/news\/2025\/05\/olivier-gremaud-uebernimmt-swissperform-geschaeftsfuehrung","url":"https:\/\/www.musikzeitung.ch\/news\/2025\/05\/olivier-gremaud-uebernimmt-swissperform-geschaeftsfuehrung","name":"Olivier Gremaud takes over the management of Swissperform - Schweizer Musikzeitung","isPartOf":{"@id":"https:\/\/www.musikzeitung.ch\/#website"},"primaryImageOfPage":{"@id":"https:\/\/www.musikzeitung.ch\/news\/2025\/05\/olivier-gremaud-uebernimmt-swissperform-geschaeftsfuehrung#primaryimage"},"image":{"@id":"https:\/\/www.musikzeitung.ch\/news\/2025\/05\/olivier-gremaud-uebernimmt-swissperform-geschaeftsfuehrung#primaryimage"},"thumbnailUrl":"https:\/\/www.musikzeitung.ch\/wp-content\/uploads\/2025\/05\/250521gremaud.jpg","datePublished":"2025-05-21T09:27:25+00:00","dateModified":"2025-05-22T13:01:20+00:00","description":"The Swissperform Board of Directors has appointed Olivier Gremaud as the new Managing Director as of September 1, 2025. He replaces Michael Egli in this position.","breadcrumb":{"@id":"https:\/\/www.musikzeitung.ch\/news\/2025\/05\/olivier-gremaud-uebernimmt-swissperform-geschaeftsfuehrung#breadcrumb"},"inLanguage":"en-US","potentialAction":[{"@type":"ReadAction","target":["https:\/\/www.musikzeitung.ch\/news\/2025\/05\/olivier-gremaud-uebernimmt-swissperform-geschaeftsfuehrung"]}]},{"@type":"ImageObject","inLanguage":"en-US","@id":"https:\/\/www.musikzeitung.ch\/news\/2025\/05\/olivier-gremaud-uebernimmt-swissperform-geschaeftsfuehrung#primaryimage","url":"https:\/\/www.musikzeitung.ch\/wp-content\/uploads\/2025\/05\/250521gremaud.jpg","contentUrl":"https:\/\/www.musikzeitung.ch\/wp-content\/uploads\/2025\/05\/250521gremaud.jpg","width":650,"height":433,"caption":"Olivier Gremaud (Bild. Linkedin)"},{"@type":"BreadcrumbList","@id":"https:\/\/www.musikzeitung.ch\/news\/2025\/05\/olivier-gremaud-uebernimmt-swissperform-geschaeftsfuehrung#breadcrumb","itemListElement":[{"@type":"ListItem","position":1,"name":"Home","item":"https:\/\/www.musikzeitung.ch\/"},{"@type":"ListItem","position":2,"name":"Olivier Gremaud \u00fcbernimmt Swissperform-Gesch\u00e4ftsf\u00fchrung"}]},{"@type":"WebSite","@id":"https:\/\/www.musikzeitung.ch\/#website","url":"https:\/\/www.musikzeitung.ch\/","name":"Swiss Music Newspaper","description":"The leading interdisciplinary monthly newspaper in Switzerland for musical issues.","publisher":{"@id":"https:\/\/www.musikzeitung.ch\/#organization"},"potentialAction":[{"@type":"SearchAction","target":{"@type":"EntryPoint","urlTemplate":"https:\/\/www.musikzeitung.ch\/?s={search_term_string}"},"query-input":{"@type":"PropertyValueSpecification","valueRequired":true,"valueName":"search_term_string"}}],"inLanguage":"en-US"},{"@type":"Organization","@id":"https:\/\/www.musikzeitung.ch\/#organization","name":"Swiss Music Newspaper","url":"https:\/\/www.musikzeitung.ch\/","logo":{"@type":"ImageObject","inLanguage":"en-US","@id":"https:\/\/www.musikzeitung.ch\/#\/schema\/logo\/image\/","url":"https:\/\/www.musikzeitung.ch\/wp-content\/uploads\/2023\/01\/SMZ_Schriftzug_Sprache.png","contentUrl":"https:\/\/www.musikzeitung.ch\/wp-content\/uploads\/2023\/01\/SMZ_Schriftzug_Sprache.png","width":1400,"height":279,"caption":"Schweizer Musikzeitung"},"image":{"@id":"https:\/\/www.musikzeitung.ch\/#\/schema\/logo\/image\/"},"sameAs":["https:\/\/www.facebook.com\/SchweizerMusikzeitung\/","https:\/\/x.com\/smusikzeitung","https:\/\/www.instagram.com\/musikzeitung.ch\/"]},{"@type":"Person","@id":"https:\/\/www.musikzeitung.ch\/#\/schema\/person\/0da4fb82d243f1252850a35d0e87cf0c","name":"Wolfgang B\u00f6hler","image":{"@type":"ImageObject","inLanguage":"en-US","@id":"https:\/\/www.musikzeitung.ch\/wp-content\/uploads\/2023\/01\/boehler_portraet_web-e1674139782246-96x96.jpg","url":"https:\/\/www.musikzeitung.ch\/wp-content\/uploads\/2023\/01\/boehler_portraet_web-e1674139782246-96x96.jpg","contentUrl":"https:\/\/www.musikzeitung.ch\/wp-content\/uploads\/2023\/01\/boehler_portraet_web-e1674139782246-96x96.jpg","caption":"Wolfgang B\u00f6hler"},"sameAs":["http:\/\/www.manacanto.ch","https:\/\/www.facebook.com\/wolfgang.bohler.75"],"url":"https:\/\/www.musikzeitung.ch\/en\/author\/wolfgang-boehler"}]}},"publishpress_future_workflow_manual_trigger":{"enabledWorkflows":[]},"_links":{"self":[{"href":"https:\/\/www.musikzeitung.ch\/en\/wp-json\/wp\/v2\/posts\/65262","targetHints":{"allow":["GET"]}}],"collection":[{"href":"https:\/\/www.musikzeitung.ch\/en\/wp-json\/wp\/v2\/posts"}],"about":[{"href":"https:\/\/www.musikzeitung.ch\/en\/wp-json\/wp\/v2\/types\/post"}],"author":[{"embeddable":true,"href":"https:\/\/www.musikzeitung.ch\/en\/wp-json\/wp\/v2\/users\/30"}],"replies":[{"embeddable":true,"href":"https:\/\/www.musikzeitung.ch\/en\/wp-json\/wp\/v2\/comments?post=65262"}],"version-history":[{"count":5,"href":"https:\/\/www.musikzeitung.ch\/en\/wp-json\/wp\/v2\/posts\/65262\/revisions"}],"predecessor-version":[{"id":65307,"href":"https:\/\/www.musikzeitung.ch\/en\/wp-json\/wp\/v2\/posts\/65262\/revisions\/65307"}],"wp:featuredmedia":[{"embeddable":true,"href":"https:\/\/www.musikzeitung.ch\/en\/wp-json\/wp\/v2\/media\/65267"}],"wp:attachment":[{"href":"https:\/\/www.musikzeitung.ch\/en\/wp-json\/wp\/v2\/media?parent=65262"}],"wp:term":[{"taxonomy":"category","embeddable":true,"href":"https:\/\/www.musikzeitung.ch\/en\/wp-json\/wp\/v2\/categories?post=65262"},{"taxonomy":"post_tag","embeddable":true,"href":"https:\/\/www.musikzeitung.ch\/en\/wp-json\/wp\/v2\/tags?post=65262"}],"curies":[{"name":"wp","href":"https:\/\/api.w.org\/{rel}","templated":true}]}}