{"id":65471,"date":"2025-06-06T14:58:36","date_gmt":"2025-06-06T12:58:36","guid":{"rendered":"https:\/\/www.musikzeitung.ch\/?p=65471"},"modified":"2025-06-10T08:59:49","modified_gmt":"2025-06-10T06:59:49","slug":"campiche-jenensis","status":"publish","type":"post","link":"https:\/\/www.musikzeitung.ch\/en\/rezensionen\/tontraeger-rezensionen\/2025\/06\/campiche-jenensis","title":{"rendered":"Jazz meets chamber music"},"content":{"rendered":"<figure id=\"attachment_65481\" aria-describedby=\"caption-attachment-65481\" style=\"width: 1150px\" class=\"wp-caption alignnone\"><img loading=\"lazy\" decoding=\"async\" class=\"wp-image-65481 size-full\" src=\"https:\/\/www.musikzeitung.ch\/wp-content\/uploads\/2025\/06\/Julie-Campiche-Quartet-Capella-Jenensis-c-Gerd_Boettcher.jpg\" alt=\"\" width=\"1150\" height=\"766\" srcset=\"https:\/\/www.musikzeitung.ch\/wp-content\/uploads\/2025\/06\/Julie-Campiche-Quartet-Capella-Jenensis-c-Gerd_Boettcher.jpg 1150w, https:\/\/www.musikzeitung.ch\/wp-content\/uploads\/2025\/06\/Julie-Campiche-Quartet-Capella-Jenensis-c-Gerd_Boettcher-300x200.jpg 300w, https:\/\/www.musikzeitung.ch\/wp-content\/uploads\/2025\/06\/Julie-Campiche-Quartet-Capella-Jenensis-c-Gerd_Boettcher-1024x682.jpg 1024w, https:\/\/www.musikzeitung.ch\/wp-content\/uploads\/2025\/06\/Julie-Campiche-Quartet-Capella-Jenensis-c-Gerd_Boettcher-600x400.jpg 600w, https:\/\/www.musikzeitung.ch\/wp-content\/uploads\/2025\/06\/Julie-Campiche-Quartet-Capella-Jenensis-c-Gerd_Boettcher-768x512.jpg 768w, https:\/\/www.musikzeitung.ch\/wp-content\/uploads\/2025\/06\/Julie-Campiche-Quartet-Capella-Jenensis-c-Gerd_Boettcher-18x12.jpg 18w, https:\/\/www.musikzeitung.ch\/wp-content\/uploads\/2025\/06\/Julie-Campiche-Quartet-Capella-Jenensis-c-Gerd_Boettcher-263x175.jpg 263w, https:\/\/www.musikzeitung.ch\/wp-content\/uploads\/2025\/06\/Julie-Campiche-Quartet-Capella-Jenensis-c-Gerd_Boettcher-525x350.jpg 525w, https:\/\/www.musikzeitung.ch\/wp-content\/uploads\/2025\/06\/Julie-Campiche-Quartet-Capella-Jenensis-c-Gerd_Boettcher-920x613.jpg 920w\" sizes=\"auto, (max-width: 1150px) 100vw, 1150px\" \/><figcaption id=\"caption-attachment-65481\" class=\"wp-caption-text\">Julie Campiche Quartet &amp; Capella Jenensis. Photo: Gerd B\u00f6ttcher<\/figcaption><\/figure>\n<p>At the request of the baroque ensemble Capella Jenensis, Julie Campiche, the harpist and composer from western Switzerland, wrote music for a meeting between her quartet and the formation from the German city of Jena a good five years ago. With the release of the CD <em>Transitions<\/em> this collaboration now finds a well-deserved continuation. The aim of the eight musicians is to confront chamber music with electronic music, but also to bring together familiar elements from jazz and classical music. To this end, Campiche presents three pieces from its own pen as well as works by the Franco-Flemish Renaissance composer Jacques Arcadelt (1507-1568) and the French viola da gamba virtuoso Marin Marais (1656-1728).<\/p>\n<p>The set, which deliberately blurs the boundaries between baroque music and jazz, is captivating not least because of its clever use of the available sound resources: although the musicians use instruments as diverse as the recorder, soprano saxophone, harpsichord and percussion, the result is fluid and skillful. While pieces such as the graceful <em>Perche Al Viso - Part I<\/em> or the one that relies on finely chiseled rhythms <em>parenthesis<\/em> know how to beguile primarily through a subtle togetherness, show themselves <em>Aquarius<\/em> or <em>H-Cab<\/em> curious, keen to experiment and in constant exchange between past and present. It is exciting, playful, full of nuances and always wonderfully free-spirited. As a result, the album likes to take a few turns - the sparkling is followed by quiet dissonances and the elegant by the intricate. In the process, a sonic opulence develops that is never sought after and always knows how to captivate. This is undoubtedly also thanks to the clever direction of band leader Julie Campiche.<\/p>\n<p>The fact is that <em>Transitions<\/em> is tantamount to a quiet yet spectacular sound experience that only gradually reveals its many facets. <img loading=\"lazy\" decoding=\"async\" class=\"aligncenter wp-image-65475 size-medium\" src=\"https:\/\/www.musikzeitung.ch\/wp-content\/uploads\/2025\/06\/Cover-Campiche-300x271.jpg\" alt=\"\" width=\"300\" height=\"271\" srcset=\"https:\/\/www.musikzeitung.ch\/wp-content\/uploads\/2025\/06\/Cover-Campiche-300x271.jpg 300w, https:\/\/www.musikzeitung.ch\/wp-content\/uploads\/2025\/06\/Cover-Campiche-1024x924.jpg 1024w, https:\/\/www.musikzeitung.ch\/wp-content\/uploads\/2025\/06\/Cover-Campiche-768x693.jpg 768w, https:\/\/www.musikzeitung.ch\/wp-content\/uploads\/2025\/06\/Cover-Campiche-1536x1387.jpg 1536w, https:\/\/www.musikzeitung.ch\/wp-content\/uploads\/2025\/06\/Cover-Campiche-13x12.jpg 13w, https:\/\/www.musikzeitung.ch\/wp-content\/uploads\/2025\/06\/Cover-Campiche-194x175.jpg 194w, https:\/\/www.musikzeitung.ch\/wp-content\/uploads\/2025\/06\/Cover-Campiche-388x350.jpg 388w, https:\/\/www.musikzeitung.ch\/wp-content\/uploads\/2025\/06\/Cover-Campiche-886x800.jpg 886w, https:\/\/www.musikzeitung.ch\/wp-content\/uploads\/2025\/06\/Cover-Campiche-920x831.jpg 920w, https:\/\/www.musikzeitung.ch\/wp-content\/uploads\/2025\/06\/Cover-Campiche-1400x1264.jpg 1400w, https:\/\/www.musikzeitung.ch\/wp-content\/uploads\/2025\/06\/Cover-Campiche.jpg 1108w\" sizes=\"auto, (max-width: 300px) 100vw, 300px\" \/><\/p>\n<p><em>Julie Campiche Quartet &amp; Capella Jenensis: Transitions. nWog Records nwog063<\/em><\/p>\n<p><em>\u00a0<\/em><\/p>","protected":false},"excerpt":{"rendered":"<p>The first joint album by the Julie Campiche Quartet and Capella Jenensis presents a subtle musical synthesis of past and present. <\/p>","protected":false},"author":29,"featured_media":65481,"comment_status":"closed","ping_status":"closed","sticky":false,"template":"","format":"standard","meta":{"_acf_changed":false,"_relevanssi_hide_post":"","_relevanssi_hide_content":"","_relevanssi_pin_for_all":"","_relevanssi_pin_keywords":"","_relevanssi_unpin_keywords":"","_relevanssi_related_keywords":"","_relevanssi_related_include_ids":"","_relevanssi_related_exclude_ids":"","_relevanssi_related_no_append":"","_relevanssi_related_not_related":"","_relevanssi_related_posts":"","_relevanssi_noindex_reason":"","pgc_sgb_lightbox_settings":"","footnotes":""},"categories":[29,1420],"tags":[5005,2342,5006],"class_list":["post-65471","post","type-post","status-publish","format-standard","has-post-thumbnail","hentry","category-rezensionen","category-tontraeger-rezensionen","tag-capella-jenensis","tag-julie-campiche","tag-julie-campiche-quartet"],"acf":[],"yoast_head":"<!-- This site is optimized with the Yoast SEO plugin v27.4 - https:\/\/yoast.com\/product\/yoast-seo-wordpress\/ -->\n<title>Jazz meets Kammermusik - Schweizer Musikzeitung<\/title>\n<meta name=\"description\" content=\"Das erste gemeinsame Album des Julie-Campiche-Quartetts und der Capella Jenensis beschert eine subtile Musiksynthese aus Vergangenheit und Gegenwart.\" \/>\n<meta name=\"robots\" content=\"index, follow, max-snippet:-1, max-image-preview:large, max-video-preview:-1\" \/>\n<link rel=\"canonical\" href=\"https:\/\/www.musikzeitung.ch\/en\/rezensionen\/tontraeger-rezensionen\/2025\/06\/campiche-jenensis\/\" \/>\n<meta property=\"og:locale\" content=\"en_US\" \/>\n<meta property=\"og:type\" content=\"article\" \/>\n<meta property=\"og:title\" content=\"Jazz meets Kammermusik - Schweizer Musikzeitung\" \/>\n<meta property=\"og:description\" content=\"Das erste gemeinsame Album des Julie-Campiche-Quartetts und der Capella Jenensis beschert eine subtile Musiksynthese aus Vergangenheit und Gegenwart.\" \/>\n<meta property=\"og:url\" content=\"https:\/\/www.musikzeitung.ch\/en\/rezensionen\/tontraeger-rezensionen\/2025\/06\/campiche-jenensis\/\" \/>\n<meta property=\"og:site_name\" content=\"Schweizer Musikzeitung\" \/>\n<meta property=\"article:publisher\" content=\"https:\/\/www.facebook.com\/SchweizerMusikzeitung\/\" \/>\n<meta property=\"article:published_time\" content=\"2025-06-06T12:58:36+00:00\" \/>\n<meta property=\"article:modified_time\" content=\"2025-06-10T06:59:49+00:00\" \/>\n<meta property=\"og:image\" content=\"https:\/\/www.musikzeitung.ch\/wp-content\/uploads\/2025\/06\/Julie-Campiche-Quartet-Capella-Jenensis-c-Gerd_Boettcher.jpg\" \/>\n\t<meta property=\"og:image:width\" content=\"1150\" \/>\n\t<meta property=\"og:image:height\" content=\"766\" \/>\n\t<meta property=\"og:image:type\" content=\"image\/jpeg\" \/>\n<meta name=\"author\" content=\"pia.schwab\" \/>\n<meta name=\"twitter:card\" content=\"summary_large_image\" \/>\n<meta name=\"twitter:creator\" content=\"@smusikzeitung\" \/>\n<meta name=\"twitter:site\" content=\"@smusikzeitung\" \/>\n<meta name=\"twitter:label1\" content=\"Written by\" \/>\n\t<meta name=\"twitter:data1\" content=\"pia.schwab\" \/>\n\t<meta name=\"twitter:label2\" content=\"Est. reading time\" \/>\n\t<meta name=\"twitter:data2\" content=\"3 minutes\" \/>\n<script type=\"application\/ld+json\" class=\"yoast-schema-graph\">{\"@context\":\"https:\\\/\\\/schema.org\",\"@graph\":[{\"@type\":\"Article\",\"@id\":\"https:\\\/\\\/www.musikzeitung.ch\\\/rezensionen\\\/tontraeger-rezensionen\\\/2025\\\/06\\\/campiche-jenensis#article\",\"isPartOf\":{\"@id\":\"https:\\\/\\\/www.musikzeitung.ch\\\/rezensionen\\\/tontraeger-rezensionen\\\/2025\\\/06\\\/campiche-jenensis\"},\"author\":{\"name\":\"pia.schwab\",\"@id\":\"https:\\\/\\\/www.musikzeitung.ch\\\/#\\\/schema\\\/person\\\/ea3d7b86bd7157c78c7ddd37f2f82b5b\"},\"headline\":\"Jazz meets Kammermusik\",\"datePublished\":\"2025-06-06T12:58:36+00:00\",\"dateModified\":\"2025-06-10T06:59:49+00:00\",\"mainEntityOfPage\":{\"@id\":\"https:\\\/\\\/www.musikzeitung.ch\\\/rezensionen\\\/tontraeger-rezensionen\\\/2025\\\/06\\\/campiche-jenensis\"},\"wordCount\":300,\"publisher\":{\"@id\":\"https:\\\/\\\/www.musikzeitung.ch\\\/#organization\"},\"image\":{\"@id\":\"https:\\\/\\\/www.musikzeitung.ch\\\/rezensionen\\\/tontraeger-rezensionen\\\/2025\\\/06\\\/campiche-jenensis#primaryimage\"},\"thumbnailUrl\":\"https:\\\/\\\/www.musikzeitung.ch\\\/wp-content\\\/uploads\\\/2025\\\/06\\\/Julie-Campiche-Quartet-Capella-Jenensis-c-Gerd_Boettcher.jpg\",\"keywords\":[\"Capella Jenensis\",\"Julie Campiche\",\"Julie Campiche Quartet\"],\"articleSection\":[\"Rezensionen\",\"Tontr\u00e4ger\"],\"inLanguage\":\"en-US\"},{\"@type\":\"WebPage\",\"@id\":\"https:\\\/\\\/www.musikzeitung.ch\\\/rezensionen\\\/tontraeger-rezensionen\\\/2025\\\/06\\\/campiche-jenensis\",\"url\":\"https:\\\/\\\/www.musikzeitung.ch\\\/rezensionen\\\/tontraeger-rezensionen\\\/2025\\\/06\\\/campiche-jenensis\",\"name\":\"Jazz meets Kammermusik - Schweizer Musikzeitung\",\"isPartOf\":{\"@id\":\"https:\\\/\\\/www.musikzeitung.ch\\\/#website\"},\"primaryImageOfPage\":{\"@id\":\"https:\\\/\\\/www.musikzeitung.ch\\\/rezensionen\\\/tontraeger-rezensionen\\\/2025\\\/06\\\/campiche-jenensis#primaryimage\"},\"image\":{\"@id\":\"https:\\\/\\\/www.musikzeitung.ch\\\/rezensionen\\\/tontraeger-rezensionen\\\/2025\\\/06\\\/campiche-jenensis#primaryimage\"},\"thumbnailUrl\":\"https:\\\/\\\/www.musikzeitung.ch\\\/wp-content\\\/uploads\\\/2025\\\/06\\\/Julie-Campiche-Quartet-Capella-Jenensis-c-Gerd_Boettcher.jpg\",\"datePublished\":\"2025-06-06T12:58:36+00:00\",\"dateModified\":\"2025-06-10T06:59:49+00:00\",\"description\":\"Das erste gemeinsame Album des Julie-Campiche-Quartetts und der Capella Jenensis beschert eine subtile Musiksynthese aus Vergangenheit und Gegenwart.\",\"breadcrumb\":{\"@id\":\"https:\\\/\\\/www.musikzeitung.ch\\\/rezensionen\\\/tontraeger-rezensionen\\\/2025\\\/06\\\/campiche-jenensis#breadcrumb\"},\"inLanguage\":\"en-US\",\"potentialAction\":[{\"@type\":\"ReadAction\",\"target\":[\"https:\\\/\\\/www.musikzeitung.ch\\\/rezensionen\\\/tontraeger-rezensionen\\\/2025\\\/06\\\/campiche-jenensis\"]}]},{\"@type\":\"ImageObject\",\"inLanguage\":\"en-US\",\"@id\":\"https:\\\/\\\/www.musikzeitung.ch\\\/rezensionen\\\/tontraeger-rezensionen\\\/2025\\\/06\\\/campiche-jenensis#primaryimage\",\"url\":\"https:\\\/\\\/www.musikzeitung.ch\\\/wp-content\\\/uploads\\\/2025\\\/06\\\/Julie-Campiche-Quartet-Capella-Jenensis-c-Gerd_Boettcher.jpg\",\"contentUrl\":\"https:\\\/\\\/www.musikzeitung.ch\\\/wp-content\\\/uploads\\\/2025\\\/06\\\/Julie-Campiche-Quartet-Capella-Jenensis-c-Gerd_Boettcher.jpg\",\"width\":1150,\"height\":766},{\"@type\":\"BreadcrumbList\",\"@id\":\"https:\\\/\\\/www.musikzeitung.ch\\\/rezensionen\\\/tontraeger-rezensionen\\\/2025\\\/06\\\/campiche-jenensis#breadcrumb\",\"itemListElement\":[{\"@type\":\"ListItem\",\"position\":1,\"name\":\"Home\",\"item\":\"https:\\\/\\\/www.musikzeitung.ch\\\/\"},{\"@type\":\"ListItem\",\"position\":2,\"name\":\"Jazz meets Kammermusik\"}]},{\"@type\":\"WebSite\",\"@id\":\"https:\\\/\\\/www.musikzeitung.ch\\\/#website\",\"url\":\"https:\\\/\\\/www.musikzeitung.ch\\\/\",\"name\":\"Schweizer Musikzeitung\",\"description\":\"Die f\u00fchrende sparten\u00fcbergreifende Monatszeitung in der Schweiz f\u00fcr musikalische Fragen.\",\"publisher\":{\"@id\":\"https:\\\/\\\/www.musikzeitung.ch\\\/#organization\"},\"potentialAction\":[{\"@type\":\"SearchAction\",\"target\":{\"@type\":\"EntryPoint\",\"urlTemplate\":\"https:\\\/\\\/www.musikzeitung.ch\\\/?s={search_term_string}\"},\"query-input\":{\"@type\":\"PropertyValueSpecification\",\"valueRequired\":true,\"valueName\":\"search_term_string\"}}],\"inLanguage\":\"en-US\"},{\"@type\":\"Organization\",\"@id\":\"https:\\\/\\\/www.musikzeitung.ch\\\/#organization\",\"name\":\"Schweizer Musikzeitung\",\"url\":\"https:\\\/\\\/www.musikzeitung.ch\\\/\",\"logo\":{\"@type\":\"ImageObject\",\"inLanguage\":\"en-US\",\"@id\":\"https:\\\/\\\/www.musikzeitung.ch\\\/#\\\/schema\\\/logo\\\/image\\\/\",\"url\":\"https:\\\/\\\/www.musikzeitung.ch\\\/wp-content\\\/uploads\\\/2023\\\/01\\\/SMZ_Schriftzug_Sprache.png\",\"contentUrl\":\"https:\\\/\\\/www.musikzeitung.ch\\\/wp-content\\\/uploads\\\/2023\\\/01\\\/SMZ_Schriftzug_Sprache.png\",\"width\":1400,\"height\":279,\"caption\":\"Schweizer Musikzeitung\"},\"image\":{\"@id\":\"https:\\\/\\\/www.musikzeitung.ch\\\/#\\\/schema\\\/logo\\\/image\\\/\"},\"sameAs\":[\"https:\\\/\\\/www.facebook.com\\\/SchweizerMusikzeitung\\\/\",\"https:\\\/\\\/x.com\\\/smusikzeitung\",\"https:\\\/\\\/www.instagram.com\\\/musikzeitung.ch\\\/\"]},{\"@type\":\"Person\",\"@id\":\"https:\\\/\\\/www.musikzeitung.ch\\\/#\\\/schema\\\/person\\\/ea3d7b86bd7157c78c7ddd37f2f82b5b\",\"name\":\"pia.schwab\",\"image\":{\"@type\":\"ImageObject\",\"inLanguage\":\"en-US\",\"@id\":\"https:\\\/\\\/secure.gravatar.com\\\/avatar\\\/d39d170de4c2d07e897fbc26cf9d890fc046285c742207b86d8ebabe5fcde2c4?s=96&d=mm&r=g\",\"url\":\"https:\\\/\\\/secure.gravatar.com\\\/avatar\\\/d39d170de4c2d07e897fbc26cf9d890fc046285c742207b86d8ebabe5fcde2c4?s=96&d=mm&r=g\",\"contentUrl\":\"https:\\\/\\\/secure.gravatar.com\\\/avatar\\\/d39d170de4c2d07e897fbc26cf9d890fc046285c742207b86d8ebabe5fcde2c4?s=96&d=mm&r=g\",\"caption\":\"pia.schwab\"},\"url\":\"https:\\\/\\\/www.musikzeitung.ch\\\/en\\\/author\\\/pia-schwab\"}]}<\/script>\n<!-- \/ Yoast SEO plugin. -->","yoast_head_json":{"title":"Jazz meets chamber music - Schweizer Musikzeitung","description":"The first joint album by the Julie Campiche Quartet and Capella Jenensis presents a subtle musical synthesis of past and present.","robots":{"index":"index","follow":"follow","max-snippet":"max-snippet:-1","max-image-preview":"max-image-preview:large","max-video-preview":"max-video-preview:-1"},"canonical":"https:\/\/www.musikzeitung.ch\/en\/rezensionen\/tontraeger-rezensionen\/2025\/06\/campiche-jenensis\/","og_locale":"en_US","og_type":"article","og_title":"Jazz meets Kammermusik - Schweizer Musikzeitung","og_description":"Das erste gemeinsame Album des Julie-Campiche-Quartetts und der Capella Jenensis beschert eine subtile Musiksynthese aus Vergangenheit und Gegenwart.","og_url":"https:\/\/www.musikzeitung.ch\/en\/rezensionen\/tontraeger-rezensionen\/2025\/06\/campiche-jenensis\/","og_site_name":"Schweizer Musikzeitung","article_publisher":"https:\/\/www.facebook.com\/SchweizerMusikzeitung\/","article_published_time":"2025-06-06T12:58:36+00:00","article_modified_time":"2025-06-10T06:59:49+00:00","og_image":[{"width":1150,"height":766,"url":"https:\/\/www.musikzeitung.ch\/wp-content\/uploads\/2025\/06\/Julie-Campiche-Quartet-Capella-Jenensis-c-Gerd_Boettcher.jpg","type":"image\/jpeg"}],"author":"pia.schwab","twitter_card":"summary_large_image","twitter_creator":"@smusikzeitung","twitter_site":"@smusikzeitung","twitter_misc":{"Written by":"pia.schwab","Est. reading time":"3 minutes"},"schema":{"@context":"https:\/\/schema.org","@graph":[{"@type":"Article","@id":"https:\/\/www.musikzeitung.ch\/rezensionen\/tontraeger-rezensionen\/2025\/06\/campiche-jenensis#article","isPartOf":{"@id":"https:\/\/www.musikzeitung.ch\/rezensionen\/tontraeger-rezensionen\/2025\/06\/campiche-jenensis"},"author":{"name":"pia.schwab","@id":"https:\/\/www.musikzeitung.ch\/#\/schema\/person\/ea3d7b86bd7157c78c7ddd37f2f82b5b"},"headline":"Jazz meets Kammermusik","datePublished":"2025-06-06T12:58:36+00:00","dateModified":"2025-06-10T06:59:49+00:00","mainEntityOfPage":{"@id":"https:\/\/www.musikzeitung.ch\/rezensionen\/tontraeger-rezensionen\/2025\/06\/campiche-jenensis"},"wordCount":300,"publisher":{"@id":"https:\/\/www.musikzeitung.ch\/#organization"},"image":{"@id":"https:\/\/www.musikzeitung.ch\/rezensionen\/tontraeger-rezensionen\/2025\/06\/campiche-jenensis#primaryimage"},"thumbnailUrl":"https:\/\/www.musikzeitung.ch\/wp-content\/uploads\/2025\/06\/Julie-Campiche-Quartet-Capella-Jenensis-c-Gerd_Boettcher.jpg","keywords":["Capella Jenensis","Julie Campiche","Julie Campiche Quartet"],"articleSection":["Rezensionen","Tontr\u00e4ger"],"inLanguage":"en-US"},{"@type":"WebPage","@id":"https:\/\/www.musikzeitung.ch\/rezensionen\/tontraeger-rezensionen\/2025\/06\/campiche-jenensis","url":"https:\/\/www.musikzeitung.ch\/rezensionen\/tontraeger-rezensionen\/2025\/06\/campiche-jenensis","name":"Jazz meets chamber music - Schweizer Musikzeitung","isPartOf":{"@id":"https:\/\/www.musikzeitung.ch\/#website"},"primaryImageOfPage":{"@id":"https:\/\/www.musikzeitung.ch\/rezensionen\/tontraeger-rezensionen\/2025\/06\/campiche-jenensis#primaryimage"},"image":{"@id":"https:\/\/www.musikzeitung.ch\/rezensionen\/tontraeger-rezensionen\/2025\/06\/campiche-jenensis#primaryimage"},"thumbnailUrl":"https:\/\/www.musikzeitung.ch\/wp-content\/uploads\/2025\/06\/Julie-Campiche-Quartet-Capella-Jenensis-c-Gerd_Boettcher.jpg","datePublished":"2025-06-06T12:58:36+00:00","dateModified":"2025-06-10T06:59:49+00:00","description":"The first joint album by the Julie Campiche Quartet and Capella Jenensis presents a subtle musical synthesis of past and present.","breadcrumb":{"@id":"https:\/\/www.musikzeitung.ch\/rezensionen\/tontraeger-rezensionen\/2025\/06\/campiche-jenensis#breadcrumb"},"inLanguage":"en-US","potentialAction":[{"@type":"ReadAction","target":["https:\/\/www.musikzeitung.ch\/rezensionen\/tontraeger-rezensionen\/2025\/06\/campiche-jenensis"]}]},{"@type":"ImageObject","inLanguage":"en-US","@id":"https:\/\/www.musikzeitung.ch\/rezensionen\/tontraeger-rezensionen\/2025\/06\/campiche-jenensis#primaryimage","url":"https:\/\/www.musikzeitung.ch\/wp-content\/uploads\/2025\/06\/Julie-Campiche-Quartet-Capella-Jenensis-c-Gerd_Boettcher.jpg","contentUrl":"https:\/\/www.musikzeitung.ch\/wp-content\/uploads\/2025\/06\/Julie-Campiche-Quartet-Capella-Jenensis-c-Gerd_Boettcher.jpg","width":1150,"height":766},{"@type":"BreadcrumbList","@id":"https:\/\/www.musikzeitung.ch\/rezensionen\/tontraeger-rezensionen\/2025\/06\/campiche-jenensis#breadcrumb","itemListElement":[{"@type":"ListItem","position":1,"name":"Home","item":"https:\/\/www.musikzeitung.ch\/"},{"@type":"ListItem","position":2,"name":"Jazz meets Kammermusik"}]},{"@type":"WebSite","@id":"https:\/\/www.musikzeitung.ch\/#website","url":"https:\/\/www.musikzeitung.ch\/","name":"Swiss Music Newspaper","description":"The leading interdisciplinary monthly newspaper in Switzerland for musical issues.","publisher":{"@id":"https:\/\/www.musikzeitung.ch\/#organization"},"potentialAction":[{"@type":"SearchAction","target":{"@type":"EntryPoint","urlTemplate":"https:\/\/www.musikzeitung.ch\/?s={search_term_string}"},"query-input":{"@type":"PropertyValueSpecification","valueRequired":true,"valueName":"search_term_string"}}],"inLanguage":"en-US"},{"@type":"Organization","@id":"https:\/\/www.musikzeitung.ch\/#organization","name":"Swiss Music Newspaper","url":"https:\/\/www.musikzeitung.ch\/","logo":{"@type":"ImageObject","inLanguage":"en-US","@id":"https:\/\/www.musikzeitung.ch\/#\/schema\/logo\/image\/","url":"https:\/\/www.musikzeitung.ch\/wp-content\/uploads\/2023\/01\/SMZ_Schriftzug_Sprache.png","contentUrl":"https:\/\/www.musikzeitung.ch\/wp-content\/uploads\/2023\/01\/SMZ_Schriftzug_Sprache.png","width":1400,"height":279,"caption":"Schweizer Musikzeitung"},"image":{"@id":"https:\/\/www.musikzeitung.ch\/#\/schema\/logo\/image\/"},"sameAs":["https:\/\/www.facebook.com\/SchweizerMusikzeitung\/","https:\/\/x.com\/smusikzeitung","https:\/\/www.instagram.com\/musikzeitung.ch\/"]},{"@type":"Person","@id":"https:\/\/www.musikzeitung.ch\/#\/schema\/person\/ea3d7b86bd7157c78c7ddd37f2f82b5b","name":"pia.schwab","image":{"@type":"ImageObject","inLanguage":"en-US","@id":"https:\/\/secure.gravatar.com\/avatar\/d39d170de4c2d07e897fbc26cf9d890fc046285c742207b86d8ebabe5fcde2c4?s=96&d=mm&r=g","url":"https:\/\/secure.gravatar.com\/avatar\/d39d170de4c2d07e897fbc26cf9d890fc046285c742207b86d8ebabe5fcde2c4?s=96&d=mm&r=g","contentUrl":"https:\/\/secure.gravatar.com\/avatar\/d39d170de4c2d07e897fbc26cf9d890fc046285c742207b86d8ebabe5fcde2c4?s=96&d=mm&r=g","caption":"pia.schwab"},"url":"https:\/\/www.musikzeitung.ch\/en\/author\/pia-schwab"}]}},"publishpress_future_workflow_manual_trigger":{"enabledWorkflows":[]},"_links":{"self":[{"href":"https:\/\/www.musikzeitung.ch\/en\/wp-json\/wp\/v2\/posts\/65471","targetHints":{"allow":["GET"]}}],"collection":[{"href":"https:\/\/www.musikzeitung.ch\/en\/wp-json\/wp\/v2\/posts"}],"about":[{"href":"https:\/\/www.musikzeitung.ch\/en\/wp-json\/wp\/v2\/types\/post"}],"author":[{"embeddable":true,"href":"https:\/\/www.musikzeitung.ch\/en\/wp-json\/wp\/v2\/users\/29"}],"replies":[{"embeddable":true,"href":"https:\/\/www.musikzeitung.ch\/en\/wp-json\/wp\/v2\/comments?post=65471"}],"version-history":[{"count":3,"href":"https:\/\/www.musikzeitung.ch\/en\/wp-json\/wp\/v2\/posts\/65471\/revisions"}],"predecessor-version":[{"id":65482,"href":"https:\/\/www.musikzeitung.ch\/en\/wp-json\/wp\/v2\/posts\/65471\/revisions\/65482"}],"wp:featuredmedia":[{"embeddable":true,"href":"https:\/\/www.musikzeitung.ch\/en\/wp-json\/wp\/v2\/media\/65481"}],"wp:attachment":[{"href":"https:\/\/www.musikzeitung.ch\/en\/wp-json\/wp\/v2\/media?parent=65471"}],"wp:term":[{"taxonomy":"category","embeddable":true,"href":"https:\/\/www.musikzeitung.ch\/en\/wp-json\/wp\/v2\/categories?post=65471"},{"taxonomy":"post_tag","embeddable":true,"href":"https:\/\/www.musikzeitung.ch\/en\/wp-json\/wp\/v2\/tags?post=65471"}],"curies":[{"name":"wp","href":"https:\/\/api.w.org\/{rel}","templated":true}]}}