{"id":65527,"date":"2025-06-05T06:32:02","date_gmt":"2025-06-05T04:32:02","guid":{"rendered":"https:\/\/www.musikzeitung.ch\/?p=65527"},"modified":"2025-06-05T08:25:25","modified_gmt":"2025-06-05T06:25:25","slug":"widmann-uebernimmt-leitung-der-lucerne-festival-academy","status":"publish","type":"post","link":"https:\/\/www.musikzeitung.ch\/en\/news\/2025\/06\/widmann-uebernimmt-leitung-der-lucerne-festival-academy","title":{"rendered":"Widmann takes over the management of the Lucerne Festival Academy"},"content":{"rendered":"<figure id=\"attachment_65528\" aria-describedby=\"caption-attachment-65528\" style=\"width: 768px\" class=\"wp-caption alignnone\"><img loading=\"lazy\" decoding=\"async\" class=\"size-large wp-image-65528\" src=\"https:\/\/www.musikzeitung.ch\/wp-content\/uploads\/2025\/06\/250605widmann-1024x680.jpg\" alt=\"\" width=\"768\" height=\"510\" srcset=\"https:\/\/www.musikzeitung.ch\/wp-content\/uploads\/2025\/06\/250605widmann-1024x680.jpg 1024w, https:\/\/www.musikzeitung.ch\/wp-content\/uploads\/2025\/06\/250605widmann-300x199.jpg 300w, https:\/\/www.musikzeitung.ch\/wp-content\/uploads\/2025\/06\/250605widmann-768x510.jpg 768w, https:\/\/www.musikzeitung.ch\/wp-content\/uploads\/2025\/06\/250605widmann-18x12.jpg 18w, https:\/\/www.musikzeitung.ch\/wp-content\/uploads\/2025\/06\/250605widmann-264x175.jpg 264w, https:\/\/www.musikzeitung.ch\/wp-content\/uploads\/2025\/06\/250605widmann-527x350.jpg 527w, https:\/\/www.musikzeitung.ch\/wp-content\/uploads\/2025\/06\/250605widmann-1205x800.jpg 1205w, https:\/\/www.musikzeitung.ch\/wp-content\/uploads\/2025\/06\/250605widmann-920x611.jpg 920w, https:\/\/www.musikzeitung.ch\/wp-content\/uploads\/2025\/06\/250605widmann.jpg 1324w\" sizes=\"auto, (max-width: 768px) 100vw, 768px\" \/><figcaption id=\"caption-attachment-65528\" class=\"wp-caption-text\">J\u00f6rg Widmann (Picture: Florian Ganslmeier)<\/figcaption><\/figure>\n<p>Born in 1973, J\u00f6rg Widmann studied clarinet and composition in Munich and at the Juilliard School in New York. He taught clarinet and composition in Freiburg from 2001 to 2015 and has taught composition at the Barenboim-Said Academy in Berlin since 2017. In the 2023\/24 season, he was composer-in-residence with the Berliner Philharmoniker. Several contemporary works have been dedicated to him, including clarinet concertos by Wolfgang Rihm, Aribert Reimann and Mark Andre. In 2009, Widmann was composer-in-residence at the Lucerne Festival in the summer. Most recently, a work commissioned by the festival for viola and chamber orchestra was premiered in summer 2023.<\/p>\n<p>The Lucerne Festival Academy was founded in 2004 by Pierre Boulez and Festival Director Michael Haefliger for the field of contemporary music. Composer Wolfgang Rihm has been the artistic director since 2016. Every summer, over 100 young musicians from around 30 countries devote three weeks to the repertoire of the 20th and 21st centuries.<\/p>","protected":false},"excerpt":{"rendered":"<p>J\u00f6rg Widmann will take over as Artistic Director of the Lucerne Festival Academy from January 2026. He succeeds Wolfgang Rihm, who died in 2024, in this role. <\/p>","protected":false},"author":30,"featured_media":65528,"comment_status":"closed","ping_status":"closed","sticky":false,"template":"","format":"standard","meta":{"_acf_changed":false,"_relevanssi_hide_post":"","_relevanssi_hide_content":"","_relevanssi_pin_for_all":"","_relevanssi_pin_keywords":"","_relevanssi_unpin_keywords":"","_relevanssi_related_keywords":"","_relevanssi_related_include_ids":"","_relevanssi_related_exclude_ids":"","_relevanssi_related_no_append":"","_relevanssi_related_not_related":"","_relevanssi_related_posts":"","_relevanssi_noindex_reason":"","pgc_sgb_lightbox_settings":"","footnotes":""},"categories":[27],"tags":[5019,4227],"class_list":["post-65527","post","type-post","status-publish","format-standard","has-post-thumbnail","hentry","category-news","tag-joerg-widmann","tag-lucerne-festival-academy"],"acf":[],"yoast_head":"<!-- This site is optimized with the Yoast SEO plugin v27.4 - https:\/\/yoast.com\/product\/yoast-seo-wordpress\/ -->\n<title>Widmann \u00fcbernimmt Leitung der Lucerne Festival Academy - Schweizer Musikzeitung<\/title>\n<meta name=\"description\" content=\"J\u00f6rg Widmann \u00fcbernimmt ab Januar 2026 die k\u00fcnstlerische Leitung der Lucerne Festival Academy und damit die Nachfolge des 2024 verstorbenen Wolfgang Rihm.\" \/>\n<meta name=\"robots\" content=\"index, follow, max-snippet:-1, max-image-preview:large, max-video-preview:-1\" \/>\n<link rel=\"canonical\" href=\"https:\/\/www.musikzeitung.ch\/en\/news\/2025\/06\/widmann-uebernimmt-leitung-der-lucerne-festival-academy\/\" \/>\n<meta property=\"og:locale\" content=\"en_US\" \/>\n<meta property=\"og:type\" content=\"article\" \/>\n<meta property=\"og:title\" content=\"Widmann \u00fcbernimmt Leitung der Lucerne Festival Academy - Schweizer Musikzeitung\" \/>\n<meta property=\"og:description\" content=\"J\u00f6rg Widmann \u00fcbernimmt ab Januar 2026 die k\u00fcnstlerische Leitung der Lucerne Festival Academy und damit die Nachfolge des 2024 verstorbenen Wolfgang Rihm.\" \/>\n<meta property=\"og:url\" content=\"https:\/\/www.musikzeitung.ch\/en\/news\/2025\/06\/widmann-uebernimmt-leitung-der-lucerne-festival-academy\/\" \/>\n<meta property=\"og:site_name\" content=\"Schweizer Musikzeitung\" \/>\n<meta property=\"article:publisher\" content=\"https:\/\/www.facebook.com\/SchweizerMusikzeitung\/\" \/>\n<meta property=\"article:author\" content=\"https:\/\/www.facebook.com\/wolfgang.bohler.75\" \/>\n<meta property=\"article:published_time\" content=\"2025-06-05T04:32:02+00:00\" \/>\n<meta property=\"article:modified_time\" content=\"2025-06-05T06:25:25+00:00\" \/>\n<meta property=\"og:image\" content=\"https:\/\/www.musikzeitung.ch\/wp-content\/uploads\/2025\/06\/250605widmann.jpg\" \/>\n\t<meta property=\"og:image:width\" content=\"1324\" \/>\n\t<meta property=\"og:image:height\" content=\"879\" \/>\n\t<meta property=\"og:image:type\" content=\"image\/jpeg\" \/>\n<meta name=\"author\" content=\"Wolfgang B\u00f6hler\" \/>\n<meta name=\"twitter:card\" content=\"summary_large_image\" \/>\n<meta name=\"twitter:creator\" content=\"@smusikzeitung\" \/>\n<meta name=\"twitter:site\" content=\"@smusikzeitung\" \/>\n<meta name=\"twitter:label1\" content=\"Written by\" \/>\n\t<meta name=\"twitter:data1\" content=\"Wolfgang B\u00f6hler\" \/>\n\t<meta name=\"twitter:label2\" content=\"Est. reading time\" \/>\n\t<meta name=\"twitter:data2\" content=\"2 minutes\" \/>\n<script type=\"application\/ld+json\" class=\"yoast-schema-graph\">{\"@context\":\"https:\\\/\\\/schema.org\",\"@graph\":[{\"@type\":\"Article\",\"@id\":\"https:\\\/\\\/www.musikzeitung.ch\\\/news\\\/2025\\\/06\\\/widmann-uebernimmt-leitung-der-lucerne-festival-academy#article\",\"isPartOf\":{\"@id\":\"https:\\\/\\\/www.musikzeitung.ch\\\/news\\\/2025\\\/06\\\/widmann-uebernimmt-leitung-der-lucerne-festival-academy\"},\"author\":{\"name\":\"Wolfgang B\u00f6hler\",\"@id\":\"https:\\\/\\\/www.musikzeitung.ch\\\/#\\\/schema\\\/person\\\/0da4fb82d243f1252850a35d0e87cf0c\"},\"headline\":\"Widmann \u00fcbernimmt Leitung der Lucerne Festival Academy\",\"datePublished\":\"2025-06-05T04:32:02+00:00\",\"dateModified\":\"2025-06-05T06:25:25+00:00\",\"mainEntityOfPage\":{\"@id\":\"https:\\\/\\\/www.musikzeitung.ch\\\/news\\\/2025\\\/06\\\/widmann-uebernimmt-leitung-der-lucerne-festival-academy\"},\"wordCount\":164,\"publisher\":{\"@id\":\"https:\\\/\\\/www.musikzeitung.ch\\\/#organization\"},\"image\":{\"@id\":\"https:\\\/\\\/www.musikzeitung.ch\\\/news\\\/2025\\\/06\\\/widmann-uebernimmt-leitung-der-lucerne-festival-academy#primaryimage\"},\"thumbnailUrl\":\"https:\\\/\\\/www.musikzeitung.ch\\\/wp-content\\\/uploads\\\/2025\\\/06\\\/250605widmann.jpg\",\"keywords\":[\"J\u00f6rg Widmann\",\"Lucerne Festival Academy\"],\"articleSection\":[\"News\"],\"inLanguage\":\"en-US\"},{\"@type\":\"WebPage\",\"@id\":\"https:\\\/\\\/www.musikzeitung.ch\\\/news\\\/2025\\\/06\\\/widmann-uebernimmt-leitung-der-lucerne-festival-academy\",\"url\":\"https:\\\/\\\/www.musikzeitung.ch\\\/news\\\/2025\\\/06\\\/widmann-uebernimmt-leitung-der-lucerne-festival-academy\",\"name\":\"Widmann \u00fcbernimmt Leitung der Lucerne Festival Academy - Schweizer Musikzeitung\",\"isPartOf\":{\"@id\":\"https:\\\/\\\/www.musikzeitung.ch\\\/#website\"},\"primaryImageOfPage\":{\"@id\":\"https:\\\/\\\/www.musikzeitung.ch\\\/news\\\/2025\\\/06\\\/widmann-uebernimmt-leitung-der-lucerne-festival-academy#primaryimage\"},\"image\":{\"@id\":\"https:\\\/\\\/www.musikzeitung.ch\\\/news\\\/2025\\\/06\\\/widmann-uebernimmt-leitung-der-lucerne-festival-academy#primaryimage\"},\"thumbnailUrl\":\"https:\\\/\\\/www.musikzeitung.ch\\\/wp-content\\\/uploads\\\/2025\\\/06\\\/250605widmann.jpg\",\"datePublished\":\"2025-06-05T04:32:02+00:00\",\"dateModified\":\"2025-06-05T06:25:25+00:00\",\"description\":\"J\u00f6rg Widmann \u00fcbernimmt ab Januar 2026 die k\u00fcnstlerische Leitung der Lucerne Festival Academy und damit die Nachfolge des 2024 verstorbenen Wolfgang Rihm.\",\"breadcrumb\":{\"@id\":\"https:\\\/\\\/www.musikzeitung.ch\\\/news\\\/2025\\\/06\\\/widmann-uebernimmt-leitung-der-lucerne-festival-academy#breadcrumb\"},\"inLanguage\":\"en-US\",\"potentialAction\":[{\"@type\":\"ReadAction\",\"target\":[\"https:\\\/\\\/www.musikzeitung.ch\\\/news\\\/2025\\\/06\\\/widmann-uebernimmt-leitung-der-lucerne-festival-academy\"]}]},{\"@type\":\"ImageObject\",\"inLanguage\":\"en-US\",\"@id\":\"https:\\\/\\\/www.musikzeitung.ch\\\/news\\\/2025\\\/06\\\/widmann-uebernimmt-leitung-der-lucerne-festival-academy#primaryimage\",\"url\":\"https:\\\/\\\/www.musikzeitung.ch\\\/wp-content\\\/uploads\\\/2025\\\/06\\\/250605widmann.jpg\",\"contentUrl\":\"https:\\\/\\\/www.musikzeitung.ch\\\/wp-content\\\/uploads\\\/2025\\\/06\\\/250605widmann.jpg\",\"width\":1324,\"height\":879,\"caption\":\"J\u00f6rg Widmann (Bild: Florian Ganslmeier)\"},{\"@type\":\"BreadcrumbList\",\"@id\":\"https:\\\/\\\/www.musikzeitung.ch\\\/news\\\/2025\\\/06\\\/widmann-uebernimmt-leitung-der-lucerne-festival-academy#breadcrumb\",\"itemListElement\":[{\"@type\":\"ListItem\",\"position\":1,\"name\":\"Home\",\"item\":\"https:\\\/\\\/www.musikzeitung.ch\\\/\"},{\"@type\":\"ListItem\",\"position\":2,\"name\":\"Widmann \u00fcbernimmt Leitung der Lucerne Festival Academy\"}]},{\"@type\":\"WebSite\",\"@id\":\"https:\\\/\\\/www.musikzeitung.ch\\\/#website\",\"url\":\"https:\\\/\\\/www.musikzeitung.ch\\\/\",\"name\":\"Schweizer Musikzeitung\",\"description\":\"Die f\u00fchrende sparten\u00fcbergreifende Monatszeitung in der Schweiz f\u00fcr musikalische Fragen.\",\"publisher\":{\"@id\":\"https:\\\/\\\/www.musikzeitung.ch\\\/#organization\"},\"potentialAction\":[{\"@type\":\"SearchAction\",\"target\":{\"@type\":\"EntryPoint\",\"urlTemplate\":\"https:\\\/\\\/www.musikzeitung.ch\\\/?s={search_term_string}\"},\"query-input\":{\"@type\":\"PropertyValueSpecification\",\"valueRequired\":true,\"valueName\":\"search_term_string\"}}],\"inLanguage\":\"en-US\"},{\"@type\":\"Organization\",\"@id\":\"https:\\\/\\\/www.musikzeitung.ch\\\/#organization\",\"name\":\"Schweizer Musikzeitung\",\"url\":\"https:\\\/\\\/www.musikzeitung.ch\\\/\",\"logo\":{\"@type\":\"ImageObject\",\"inLanguage\":\"en-US\",\"@id\":\"https:\\\/\\\/www.musikzeitung.ch\\\/#\\\/schema\\\/logo\\\/image\\\/\",\"url\":\"https:\\\/\\\/www.musikzeitung.ch\\\/wp-content\\\/uploads\\\/2023\\\/01\\\/SMZ_Schriftzug_Sprache.png\",\"contentUrl\":\"https:\\\/\\\/www.musikzeitung.ch\\\/wp-content\\\/uploads\\\/2023\\\/01\\\/SMZ_Schriftzug_Sprache.png\",\"width\":1400,\"height\":279,\"caption\":\"Schweizer Musikzeitung\"},\"image\":{\"@id\":\"https:\\\/\\\/www.musikzeitung.ch\\\/#\\\/schema\\\/logo\\\/image\\\/\"},\"sameAs\":[\"https:\\\/\\\/www.facebook.com\\\/SchweizerMusikzeitung\\\/\",\"https:\\\/\\\/x.com\\\/smusikzeitung\",\"https:\\\/\\\/www.instagram.com\\\/musikzeitung.ch\\\/\"]},{\"@type\":\"Person\",\"@id\":\"https:\\\/\\\/www.musikzeitung.ch\\\/#\\\/schema\\\/person\\\/0da4fb82d243f1252850a35d0e87cf0c\",\"name\":\"Wolfgang B\u00f6hler\",\"image\":{\"@type\":\"ImageObject\",\"inLanguage\":\"en-US\",\"@id\":\"https:\\\/\\\/www.musikzeitung.ch\\\/wp-content\\\/uploads\\\/2023\\\/01\\\/boehler_portraet_web-e1674139782246-96x96.jpg\",\"url\":\"https:\\\/\\\/www.musikzeitung.ch\\\/wp-content\\\/uploads\\\/2023\\\/01\\\/boehler_portraet_web-e1674139782246-96x96.jpg\",\"contentUrl\":\"https:\\\/\\\/www.musikzeitung.ch\\\/wp-content\\\/uploads\\\/2023\\\/01\\\/boehler_portraet_web-e1674139782246-96x96.jpg\",\"caption\":\"Wolfgang B\u00f6hler\"},\"sameAs\":[\"http:\\\/\\\/www.manacanto.ch\",\"https:\\\/\\\/www.facebook.com\\\/wolfgang.bohler.75\"],\"url\":\"https:\\\/\\\/www.musikzeitung.ch\\\/en\\\/author\\\/wolfgang-boehler\"}]}<\/script>\n<!-- \/ Yoast SEO plugin. -->","yoast_head_json":{"title":"Widmann \u00fcbernimmt Leitung der Lucerne Festival Academy - Schweizer Musikzeitung","description":"J\u00f6rg Widmann \u00fcbernimmt ab Januar 2026 die k\u00fcnstlerische Leitung der Lucerne Festival Academy und damit die Nachfolge des 2024 verstorbenen Wolfgang Rihm.","robots":{"index":"index","follow":"follow","max-snippet":"max-snippet:-1","max-image-preview":"max-image-preview:large","max-video-preview":"max-video-preview:-1"},"canonical":"https:\/\/www.musikzeitung.ch\/en\/news\/2025\/06\/widmann-uebernimmt-leitung-der-lucerne-festival-academy\/","og_locale":"en_US","og_type":"article","og_title":"Widmann \u00fcbernimmt Leitung der Lucerne Festival Academy - Schweizer Musikzeitung","og_description":"J\u00f6rg Widmann \u00fcbernimmt ab Januar 2026 die k\u00fcnstlerische Leitung der Lucerne Festival Academy und damit die Nachfolge des 2024 verstorbenen Wolfgang Rihm.","og_url":"https:\/\/www.musikzeitung.ch\/en\/news\/2025\/06\/widmann-uebernimmt-leitung-der-lucerne-festival-academy\/","og_site_name":"Schweizer Musikzeitung","article_publisher":"https:\/\/www.facebook.com\/SchweizerMusikzeitung\/","article_author":"https:\/\/www.facebook.com\/wolfgang.bohler.75","article_published_time":"2025-06-05T04:32:02+00:00","article_modified_time":"2025-06-05T06:25:25+00:00","og_image":[{"width":1324,"height":879,"url":"https:\/\/www.musikzeitung.ch\/wp-content\/uploads\/2025\/06\/250605widmann.jpg","type":"image\/jpeg"}],"author":"Wolfgang B\u00f6hler","twitter_card":"summary_large_image","twitter_creator":"@smusikzeitung","twitter_site":"@smusikzeitung","twitter_misc":{"Written by":"Wolfgang B\u00f6hler","Est. reading time":"2 minutes"},"schema":{"@context":"https:\/\/schema.org","@graph":[{"@type":"Article","@id":"https:\/\/www.musikzeitung.ch\/news\/2025\/06\/widmann-uebernimmt-leitung-der-lucerne-festival-academy#article","isPartOf":{"@id":"https:\/\/www.musikzeitung.ch\/news\/2025\/06\/widmann-uebernimmt-leitung-der-lucerne-festival-academy"},"author":{"name":"Wolfgang B\u00f6hler","@id":"https:\/\/www.musikzeitung.ch\/#\/schema\/person\/0da4fb82d243f1252850a35d0e87cf0c"},"headline":"Widmann \u00fcbernimmt Leitung der Lucerne Festival Academy","datePublished":"2025-06-05T04:32:02+00:00","dateModified":"2025-06-05T06:25:25+00:00","mainEntityOfPage":{"@id":"https:\/\/www.musikzeitung.ch\/news\/2025\/06\/widmann-uebernimmt-leitung-der-lucerne-festival-academy"},"wordCount":164,"publisher":{"@id":"https:\/\/www.musikzeitung.ch\/#organization"},"image":{"@id":"https:\/\/www.musikzeitung.ch\/news\/2025\/06\/widmann-uebernimmt-leitung-der-lucerne-festival-academy#primaryimage"},"thumbnailUrl":"https:\/\/www.musikzeitung.ch\/wp-content\/uploads\/2025\/06\/250605widmann.jpg","keywords":["J\u00f6rg Widmann","Lucerne Festival Academy"],"articleSection":["News"],"inLanguage":"en-US"},{"@type":"WebPage","@id":"https:\/\/www.musikzeitung.ch\/news\/2025\/06\/widmann-uebernimmt-leitung-der-lucerne-festival-academy","url":"https:\/\/www.musikzeitung.ch\/news\/2025\/06\/widmann-uebernimmt-leitung-der-lucerne-festival-academy","name":"Widmann \u00fcbernimmt Leitung der Lucerne Festival Academy - Schweizer Musikzeitung","isPartOf":{"@id":"https:\/\/www.musikzeitung.ch\/#website"},"primaryImageOfPage":{"@id":"https:\/\/www.musikzeitung.ch\/news\/2025\/06\/widmann-uebernimmt-leitung-der-lucerne-festival-academy#primaryimage"},"image":{"@id":"https:\/\/www.musikzeitung.ch\/news\/2025\/06\/widmann-uebernimmt-leitung-der-lucerne-festival-academy#primaryimage"},"thumbnailUrl":"https:\/\/www.musikzeitung.ch\/wp-content\/uploads\/2025\/06\/250605widmann.jpg","datePublished":"2025-06-05T04:32:02+00:00","dateModified":"2025-06-05T06:25:25+00:00","description":"J\u00f6rg Widmann \u00fcbernimmt ab Januar 2026 die k\u00fcnstlerische Leitung der Lucerne Festival Academy und damit die Nachfolge des 2024 verstorbenen Wolfgang Rihm.","breadcrumb":{"@id":"https:\/\/www.musikzeitung.ch\/news\/2025\/06\/widmann-uebernimmt-leitung-der-lucerne-festival-academy#breadcrumb"},"inLanguage":"en-US","potentialAction":[{"@type":"ReadAction","target":["https:\/\/www.musikzeitung.ch\/news\/2025\/06\/widmann-uebernimmt-leitung-der-lucerne-festival-academy"]}]},{"@type":"ImageObject","inLanguage":"en-US","@id":"https:\/\/www.musikzeitung.ch\/news\/2025\/06\/widmann-uebernimmt-leitung-der-lucerne-festival-academy#primaryimage","url":"https:\/\/www.musikzeitung.ch\/wp-content\/uploads\/2025\/06\/250605widmann.jpg","contentUrl":"https:\/\/www.musikzeitung.ch\/wp-content\/uploads\/2025\/06\/250605widmann.jpg","width":1324,"height":879,"caption":"J\u00f6rg Widmann (Bild: Florian Ganslmeier)"},{"@type":"BreadcrumbList","@id":"https:\/\/www.musikzeitung.ch\/news\/2025\/06\/widmann-uebernimmt-leitung-der-lucerne-festival-academy#breadcrumb","itemListElement":[{"@type":"ListItem","position":1,"name":"Home","item":"https:\/\/www.musikzeitung.ch\/"},{"@type":"ListItem","position":2,"name":"Widmann \u00fcbernimmt Leitung der Lucerne Festival Academy"}]},{"@type":"WebSite","@id":"https:\/\/www.musikzeitung.ch\/#website","url":"https:\/\/www.musikzeitung.ch\/","name":"Swiss Music Newspaper","description":"The leading interdisciplinary monthly newspaper in Switzerland for musical issues.","publisher":{"@id":"https:\/\/www.musikzeitung.ch\/#organization"},"potentialAction":[{"@type":"SearchAction","target":{"@type":"EntryPoint","urlTemplate":"https:\/\/www.musikzeitung.ch\/?s={search_term_string}"},"query-input":{"@type":"PropertyValueSpecification","valueRequired":true,"valueName":"search_term_string"}}],"inLanguage":"en-US"},{"@type":"Organization","@id":"https:\/\/www.musikzeitung.ch\/#organization","name":"Swiss Music Newspaper","url":"https:\/\/www.musikzeitung.ch\/","logo":{"@type":"ImageObject","inLanguage":"en-US","@id":"https:\/\/www.musikzeitung.ch\/#\/schema\/logo\/image\/","url":"https:\/\/www.musikzeitung.ch\/wp-content\/uploads\/2023\/01\/SMZ_Schriftzug_Sprache.png","contentUrl":"https:\/\/www.musikzeitung.ch\/wp-content\/uploads\/2023\/01\/SMZ_Schriftzug_Sprache.png","width":1400,"height":279,"caption":"Schweizer Musikzeitung"},"image":{"@id":"https:\/\/www.musikzeitung.ch\/#\/schema\/logo\/image\/"},"sameAs":["https:\/\/www.facebook.com\/SchweizerMusikzeitung\/","https:\/\/x.com\/smusikzeitung","https:\/\/www.instagram.com\/musikzeitung.ch\/"]},{"@type":"Person","@id":"https:\/\/www.musikzeitung.ch\/#\/schema\/person\/0da4fb82d243f1252850a35d0e87cf0c","name":"Wolfgang B\u00f6hler","image":{"@type":"ImageObject","inLanguage":"en-US","@id":"https:\/\/www.musikzeitung.ch\/wp-content\/uploads\/2023\/01\/boehler_portraet_web-e1674139782246-96x96.jpg","url":"https:\/\/www.musikzeitung.ch\/wp-content\/uploads\/2023\/01\/boehler_portraet_web-e1674139782246-96x96.jpg","contentUrl":"https:\/\/www.musikzeitung.ch\/wp-content\/uploads\/2023\/01\/boehler_portraet_web-e1674139782246-96x96.jpg","caption":"Wolfgang B\u00f6hler"},"sameAs":["http:\/\/www.manacanto.ch","https:\/\/www.facebook.com\/wolfgang.bohler.75"],"url":"https:\/\/www.musikzeitung.ch\/en\/author\/wolfgang-boehler"}]}},"publishpress_future_workflow_manual_trigger":{"enabledWorkflows":[]},"_links":{"self":[{"href":"https:\/\/www.musikzeitung.ch\/en\/wp-json\/wp\/v2\/posts\/65527","targetHints":{"allow":["GET"]}}],"collection":[{"href":"https:\/\/www.musikzeitung.ch\/en\/wp-json\/wp\/v2\/posts"}],"about":[{"href":"https:\/\/www.musikzeitung.ch\/en\/wp-json\/wp\/v2\/types\/post"}],"author":[{"embeddable":true,"href":"https:\/\/www.musikzeitung.ch\/en\/wp-json\/wp\/v2\/users\/30"}],"replies":[{"embeddable":true,"href":"https:\/\/www.musikzeitung.ch\/en\/wp-json\/wp\/v2\/comments?post=65527"}],"version-history":[{"count":1,"href":"https:\/\/www.musikzeitung.ch\/en\/wp-json\/wp\/v2\/posts\/65527\/revisions"}],"predecessor-version":[{"id":65529,"href":"https:\/\/www.musikzeitung.ch\/en\/wp-json\/wp\/v2\/posts\/65527\/revisions\/65529"}],"wp:featuredmedia":[{"embeddable":true,"href":"https:\/\/www.musikzeitung.ch\/en\/wp-json\/wp\/v2\/media\/65528"}],"wp:attachment":[{"href":"https:\/\/www.musikzeitung.ch\/en\/wp-json\/wp\/v2\/media?parent=65527"}],"wp:term":[{"taxonomy":"category","embeddable":true,"href":"https:\/\/www.musikzeitung.ch\/en\/wp-json\/wp\/v2\/categories?post=65527"},{"taxonomy":"post_tag","embeddable":true,"href":"https:\/\/www.musikzeitung.ch\/en\/wp-json\/wp\/v2\/tags?post=65527"}],"curies":[{"name":"wp","href":"https:\/\/api.w.org\/{rel}","templated":true}]}}