{"id":65577,"date":"2025-06-05T14:25:36","date_gmt":"2025-06-05T12:25:36","guid":{"rendered":"https:\/\/www.musikzeitung.ch\/?p=65577"},"modified":"2025-06-05T15:17:36","modified_gmt":"2025-06-05T13:17:36","slug":"schweizer-grand-prix-musik-2025-geht-an-sylvie-courvoisier","status":"publish","type":"post","link":"https:\/\/www.musikzeitung.ch\/en\/news\/2025\/06\/schweizer-grand-prix-musik-2025-geht-an-sylvie-courvoisier","title":{"rendered":"Swiss Grand Prix Music 2025 goes to Sylvie Courvoisier"},"content":{"rendered":"<figure id=\"attachment_65579\" aria-describedby=\"caption-attachment-65579\" style=\"width: 768px\" class=\"wp-caption alignnone\"><img loading=\"lazy\" decoding=\"async\" class=\"wp-image-65579 size-large\" src=\"https:\/\/www.musikzeitung.ch\/wp-content\/uploads\/2025\/06\/250605courvoisier-1024x769.jpg\" alt=\"\" width=\"768\" height=\"577\" srcset=\"https:\/\/www.musikzeitung.ch\/wp-content\/uploads\/2025\/06\/250605courvoisier-1024x769.jpg 1024w, https:\/\/www.musikzeitung.ch\/wp-content\/uploads\/2025\/06\/250605courvoisier-300x225.jpg 300w, https:\/\/www.musikzeitung.ch\/wp-content\/uploads\/2025\/06\/250605courvoisier-768x577.jpg 768w, https:\/\/www.musikzeitung.ch\/wp-content\/uploads\/2025\/06\/250605courvoisier-16x12.jpg 16w, https:\/\/www.musikzeitung.ch\/wp-content\/uploads\/2025\/06\/250605courvoisier-233x175.jpg 233w, https:\/\/www.musikzeitung.ch\/wp-content\/uploads\/2025\/06\/250605courvoisier-466x350.jpg 466w, https:\/\/www.musikzeitung.ch\/wp-content\/uploads\/2025\/06\/250605courvoisier-1065x800.jpg 1065w, https:\/\/www.musikzeitung.ch\/wp-content\/uploads\/2025\/06\/250605courvoisier-920x691.jpg 920w, https:\/\/www.musikzeitung.ch\/wp-content\/uploads\/2025\/06\/250605courvoisier.jpg 1279w\" sizes=\"auto, (max-width: 768px) 100vw, 768px\" \/><figcaption id=\"caption-attachment-65579\" class=\"wp-caption-text\">Sylvie Courvisier (Image: Harald Krichel)<\/figcaption><\/figure>\n<p>Sylvie Courvoisier, born in Lausanne in 1968, is \"one of the most important pianists and composers on the contemporary jazz scene\", writes the Federal Office of Culture (FOC). She has lived in New York since 1998. Courvoisier has created a hybrid world of jazz, contemporary music and improvisation and regularly collaborates with greats such as John Zorn, Mark Feldman, Yusef Lateef, Ikue Mori, Joey Baron and Evan Parker. Her playing style is inspired by Cecil Taylor and Thelonious Monk as well as the composers Gy\u00f6rgy Ligeti and Olivier Messiaen. Following the release of her second solo album <em>To Be Other-Wise<\/em> (Intakt Records, 2024) and the atmospheric album <em>Chimaera<\/em> (Intakt Records, 2023) will release the album <em>Angel Falls<\/em> with Wadada Leo Smith (Intakt Records, 2025).<\/p>\n<p>Swiss Music Prizes, each worth CHF 40,000, go to harpist Julie Campiche, cellist Thomas Demenga, conductor Titus Engel, composer Jannik Giger, experimental musician Charlotte Hug Rasch\u00e8r, music poet Silvio Brunner and the two music groups Vox Blenii and Vent Negru. Special prizes (CHF 25,000 each) were awarded to the Facciamo la Corte! festival in the Ticino village of Muzzano, the Insub Meta Orchestra and the global network Norient.<\/p>\n<p>The Swiss Music Awards have been in existence since 2014, recognizing outstanding works or individual achievements and reflecting musical creation in Switzerland. On behalf of the Federal Office of Culture, around ten experts from all parts of the country and from various musical disciplines recommend around sixty nominees for the Swiss Music Awards each year. At the beginning of the following year, the seven members of the Federal Jury for Music select eleven prizewinners from the recommendations.<\/p>\n<p>&nbsp;<\/p>","protected":false},"excerpt":{"rendered":"<p>The pianist and composer Sylvie Courvoisier has been awarded the Swiss Grand Prix Music 2025, endowed with 100,000 francs by the Federal Office of Culture.<\/p>","protected":false},"author":30,"featured_media":65579,"comment_status":"closed","ping_status":"closed","sticky":false,"template":"","format":"standard","meta":{"_acf_changed":false,"_relevanssi_hide_post":"","_relevanssi_hide_content":"","_relevanssi_pin_for_all":"","_relevanssi_pin_keywords":"","_relevanssi_unpin_keywords":"","_relevanssi_related_keywords":"","_relevanssi_related_include_ids":"","_relevanssi_related_exclude_ids":"","_relevanssi_related_no_append":"","_relevanssi_related_not_related":"","_relevanssi_related_posts":"","_relevanssi_noindex_reason":"","pgc_sgb_lightbox_settings":"","footnotes":""},"categories":[27],"tags":[2437,5020],"class_list":["post-65577","post","type-post","status-publish","format-standard","has-post-thumbnail","hentry","category-news","tag-schweizer-grand-prix-musik","tag-sylvie-courvosier"],"acf":[],"yoast_head":"<!-- This site is optimized with the Yoast SEO plugin v27.4 - https:\/\/yoast.com\/product\/yoast-seo-wordpress\/ -->\n<title>Schweizer Grand Prix Musik 2025 geht an Sylvie Courvoisier - Schweizer Musikzeitung<\/title>\n<meta name=\"description\" content=\"Die Pianistin und Komponistin Sylvie Courvoisier erh\u00e4lt den vom BAK verliehenen und mit 100&#039;000 Franken dotierten Schweizer Grand Prix Musik 2025.\" \/>\n<meta name=\"robots\" content=\"index, follow, max-snippet:-1, max-image-preview:large, max-video-preview:-1\" \/>\n<link rel=\"canonical\" href=\"https:\/\/www.musikzeitung.ch\/en\/news\/2025\/06\/schweizer-grand-prix-musik-2025-geht-an-sylvie-courvoisier\/\" \/>\n<meta property=\"og:locale\" content=\"en_US\" \/>\n<meta property=\"og:type\" content=\"article\" \/>\n<meta property=\"og:title\" content=\"Schweizer Grand Prix Musik 2025 geht an Sylvie Courvoisier - Schweizer Musikzeitung\" \/>\n<meta property=\"og:description\" content=\"Die Pianistin und Komponistin Sylvie Courvoisier erh\u00e4lt den vom BAK verliehenen und mit 100&#039;000 Franken dotierten Schweizer Grand Prix Musik 2025.\" \/>\n<meta property=\"og:url\" content=\"https:\/\/www.musikzeitung.ch\/en\/news\/2025\/06\/schweizer-grand-prix-musik-2025-geht-an-sylvie-courvoisier\/\" \/>\n<meta property=\"og:site_name\" content=\"Schweizer Musikzeitung\" \/>\n<meta property=\"article:publisher\" content=\"https:\/\/www.facebook.com\/SchweizerMusikzeitung\/\" \/>\n<meta property=\"article:author\" content=\"https:\/\/www.facebook.com\/wolfgang.bohler.75\" \/>\n<meta property=\"article:published_time\" content=\"2025-06-05T12:25:36+00:00\" \/>\n<meta property=\"article:modified_time\" content=\"2025-06-05T13:17:36+00:00\" \/>\n<meta property=\"og:image\" content=\"https:\/\/www.musikzeitung.ch\/wp-content\/uploads\/2025\/06\/250605courvoisier.jpg\" \/>\n\t<meta property=\"og:image:width\" content=\"1279\" \/>\n\t<meta property=\"og:image:height\" content=\"961\" \/>\n\t<meta property=\"og:image:type\" content=\"image\/jpeg\" \/>\n<meta name=\"author\" content=\"Wolfgang B\u00f6hler\" \/>\n<meta name=\"twitter:card\" content=\"summary_large_image\" \/>\n<meta name=\"twitter:creator\" content=\"@smusikzeitung\" \/>\n<meta name=\"twitter:site\" content=\"@smusikzeitung\" \/>\n<meta name=\"twitter:label1\" content=\"Written by\" \/>\n\t<meta name=\"twitter:data1\" content=\"Wolfgang B\u00f6hler\" \/>\n\t<meta name=\"twitter:label2\" content=\"Est. reading time\" \/>\n\t<meta name=\"twitter:data2\" content=\"2 minutes\" \/>\n<script type=\"application\/ld+json\" class=\"yoast-schema-graph\">{\"@context\":\"https:\\\/\\\/schema.org\",\"@graph\":[{\"@type\":\"Article\",\"@id\":\"https:\\\/\\\/www.musikzeitung.ch\\\/news\\\/2025\\\/06\\\/schweizer-grand-prix-musik-2025-geht-an-sylvie-courvoisier#article\",\"isPartOf\":{\"@id\":\"https:\\\/\\\/www.musikzeitung.ch\\\/news\\\/2025\\\/06\\\/schweizer-grand-prix-musik-2025-geht-an-sylvie-courvoisier\"},\"author\":{\"name\":\"Wolfgang B\u00f6hler\",\"@id\":\"https:\\\/\\\/www.musikzeitung.ch\\\/#\\\/schema\\\/person\\\/0da4fb82d243f1252850a35d0e87cf0c\"},\"headline\":\"Schweizer Grand Prix Musik 2025 geht an Sylvie Courvoisier\",\"datePublished\":\"2025-06-05T12:25:36+00:00\",\"dateModified\":\"2025-06-05T13:17:36+00:00\",\"mainEntityOfPage\":{\"@id\":\"https:\\\/\\\/www.musikzeitung.ch\\\/news\\\/2025\\\/06\\\/schweizer-grand-prix-musik-2025-geht-an-sylvie-courvoisier\"},\"wordCount\":281,\"publisher\":{\"@id\":\"https:\\\/\\\/www.musikzeitung.ch\\\/#organization\"},\"image\":{\"@id\":\"https:\\\/\\\/www.musikzeitung.ch\\\/news\\\/2025\\\/06\\\/schweizer-grand-prix-musik-2025-geht-an-sylvie-courvoisier#primaryimage\"},\"thumbnailUrl\":\"https:\\\/\\\/www.musikzeitung.ch\\\/wp-content\\\/uploads\\\/2025\\\/06\\\/250605courvoisier.jpg\",\"keywords\":[\"Schweizer Grand Prix Musik\",\"Sylvie Courvosier\"],\"articleSection\":[\"News\"],\"inLanguage\":\"en-US\"},{\"@type\":\"WebPage\",\"@id\":\"https:\\\/\\\/www.musikzeitung.ch\\\/news\\\/2025\\\/06\\\/schweizer-grand-prix-musik-2025-geht-an-sylvie-courvoisier\",\"url\":\"https:\\\/\\\/www.musikzeitung.ch\\\/news\\\/2025\\\/06\\\/schweizer-grand-prix-musik-2025-geht-an-sylvie-courvoisier\",\"name\":\"Schweizer Grand Prix Musik 2025 geht an Sylvie Courvoisier - Schweizer Musikzeitung\",\"isPartOf\":{\"@id\":\"https:\\\/\\\/www.musikzeitung.ch\\\/#website\"},\"primaryImageOfPage\":{\"@id\":\"https:\\\/\\\/www.musikzeitung.ch\\\/news\\\/2025\\\/06\\\/schweizer-grand-prix-musik-2025-geht-an-sylvie-courvoisier#primaryimage\"},\"image\":{\"@id\":\"https:\\\/\\\/www.musikzeitung.ch\\\/news\\\/2025\\\/06\\\/schweizer-grand-prix-musik-2025-geht-an-sylvie-courvoisier#primaryimage\"},\"thumbnailUrl\":\"https:\\\/\\\/www.musikzeitung.ch\\\/wp-content\\\/uploads\\\/2025\\\/06\\\/250605courvoisier.jpg\",\"datePublished\":\"2025-06-05T12:25:36+00:00\",\"dateModified\":\"2025-06-05T13:17:36+00:00\",\"description\":\"Die Pianistin und Komponistin Sylvie Courvoisier erh\u00e4lt den vom BAK verliehenen und mit 100'000 Franken dotierten Schweizer Grand Prix Musik 2025.\",\"breadcrumb\":{\"@id\":\"https:\\\/\\\/www.musikzeitung.ch\\\/news\\\/2025\\\/06\\\/schweizer-grand-prix-musik-2025-geht-an-sylvie-courvoisier#breadcrumb\"},\"inLanguage\":\"en-US\",\"potentialAction\":[{\"@type\":\"ReadAction\",\"target\":[\"https:\\\/\\\/www.musikzeitung.ch\\\/news\\\/2025\\\/06\\\/schweizer-grand-prix-musik-2025-geht-an-sylvie-courvoisier\"]}]},{\"@type\":\"ImageObject\",\"inLanguage\":\"en-US\",\"@id\":\"https:\\\/\\\/www.musikzeitung.ch\\\/news\\\/2025\\\/06\\\/schweizer-grand-prix-musik-2025-geht-an-sylvie-courvoisier#primaryimage\",\"url\":\"https:\\\/\\\/www.musikzeitung.ch\\\/wp-content\\\/uploads\\\/2025\\\/06\\\/250605courvoisier.jpg\",\"contentUrl\":\"https:\\\/\\\/www.musikzeitung.ch\\\/wp-content\\\/uploads\\\/2025\\\/06\\\/250605courvoisier.jpg\",\"width\":1279,\"height\":961,\"caption\":\"Sylvie Courvisier (bild: Harald Krichel)\"},{\"@type\":\"BreadcrumbList\",\"@id\":\"https:\\\/\\\/www.musikzeitung.ch\\\/news\\\/2025\\\/06\\\/schweizer-grand-prix-musik-2025-geht-an-sylvie-courvoisier#breadcrumb\",\"itemListElement\":[{\"@type\":\"ListItem\",\"position\":1,\"name\":\"Home\",\"item\":\"https:\\\/\\\/www.musikzeitung.ch\\\/\"},{\"@type\":\"ListItem\",\"position\":2,\"name\":\"Schweizer Grand Prix Musik 2025 geht an Sylvie Courvoisier\"}]},{\"@type\":\"WebSite\",\"@id\":\"https:\\\/\\\/www.musikzeitung.ch\\\/#website\",\"url\":\"https:\\\/\\\/www.musikzeitung.ch\\\/\",\"name\":\"Schweizer Musikzeitung\",\"description\":\"Die f\u00fchrende sparten\u00fcbergreifende Monatszeitung in der Schweiz f\u00fcr musikalische Fragen.\",\"publisher\":{\"@id\":\"https:\\\/\\\/www.musikzeitung.ch\\\/#organization\"},\"potentialAction\":[{\"@type\":\"SearchAction\",\"target\":{\"@type\":\"EntryPoint\",\"urlTemplate\":\"https:\\\/\\\/www.musikzeitung.ch\\\/?s={search_term_string}\"},\"query-input\":{\"@type\":\"PropertyValueSpecification\",\"valueRequired\":true,\"valueName\":\"search_term_string\"}}],\"inLanguage\":\"en-US\"},{\"@type\":\"Organization\",\"@id\":\"https:\\\/\\\/www.musikzeitung.ch\\\/#organization\",\"name\":\"Schweizer Musikzeitung\",\"url\":\"https:\\\/\\\/www.musikzeitung.ch\\\/\",\"logo\":{\"@type\":\"ImageObject\",\"inLanguage\":\"en-US\",\"@id\":\"https:\\\/\\\/www.musikzeitung.ch\\\/#\\\/schema\\\/logo\\\/image\\\/\",\"url\":\"https:\\\/\\\/www.musikzeitung.ch\\\/wp-content\\\/uploads\\\/2023\\\/01\\\/SMZ_Schriftzug_Sprache.png\",\"contentUrl\":\"https:\\\/\\\/www.musikzeitung.ch\\\/wp-content\\\/uploads\\\/2023\\\/01\\\/SMZ_Schriftzug_Sprache.png\",\"width\":1400,\"height\":279,\"caption\":\"Schweizer Musikzeitung\"},\"image\":{\"@id\":\"https:\\\/\\\/www.musikzeitung.ch\\\/#\\\/schema\\\/logo\\\/image\\\/\"},\"sameAs\":[\"https:\\\/\\\/www.facebook.com\\\/SchweizerMusikzeitung\\\/\",\"https:\\\/\\\/x.com\\\/smusikzeitung\",\"https:\\\/\\\/www.instagram.com\\\/musikzeitung.ch\\\/\"]},{\"@type\":\"Person\",\"@id\":\"https:\\\/\\\/www.musikzeitung.ch\\\/#\\\/schema\\\/person\\\/0da4fb82d243f1252850a35d0e87cf0c\",\"name\":\"Wolfgang B\u00f6hler\",\"image\":{\"@type\":\"ImageObject\",\"inLanguage\":\"en-US\",\"@id\":\"https:\\\/\\\/www.musikzeitung.ch\\\/wp-content\\\/uploads\\\/2023\\\/01\\\/boehler_portraet_web-e1674139782246-96x96.jpg\",\"url\":\"https:\\\/\\\/www.musikzeitung.ch\\\/wp-content\\\/uploads\\\/2023\\\/01\\\/boehler_portraet_web-e1674139782246-96x96.jpg\",\"contentUrl\":\"https:\\\/\\\/www.musikzeitung.ch\\\/wp-content\\\/uploads\\\/2023\\\/01\\\/boehler_portraet_web-e1674139782246-96x96.jpg\",\"caption\":\"Wolfgang B\u00f6hler\"},\"sameAs\":[\"http:\\\/\\\/www.manacanto.ch\",\"https:\\\/\\\/www.facebook.com\\\/wolfgang.bohler.75\"],\"url\":\"https:\\\/\\\/www.musikzeitung.ch\\\/en\\\/author\\\/wolfgang-boehler\"}]}<\/script>\n<!-- \/ Yoast SEO plugin. -->","yoast_head_json":{"title":"Swiss Grand Prix Music 2025 goes to Sylvie Courvoisier - Schweizer Musikzeitung","description":"The pianist and composer Sylvie Courvoisier has been awarded the Swiss Grand Prix Music 2025, endowed with CHF 100,000, by the BAK.","robots":{"index":"index","follow":"follow","max-snippet":"max-snippet:-1","max-image-preview":"max-image-preview:large","max-video-preview":"max-video-preview:-1"},"canonical":"https:\/\/www.musikzeitung.ch\/en\/news\/2025\/06\/schweizer-grand-prix-musik-2025-geht-an-sylvie-courvoisier\/","og_locale":"en_US","og_type":"article","og_title":"Schweizer Grand Prix Musik 2025 geht an Sylvie Courvoisier - Schweizer Musikzeitung","og_description":"Die Pianistin und Komponistin Sylvie Courvoisier erh\u00e4lt den vom BAK verliehenen und mit 100'000 Franken dotierten Schweizer Grand Prix Musik 2025.","og_url":"https:\/\/www.musikzeitung.ch\/en\/news\/2025\/06\/schweizer-grand-prix-musik-2025-geht-an-sylvie-courvoisier\/","og_site_name":"Schweizer Musikzeitung","article_publisher":"https:\/\/www.facebook.com\/SchweizerMusikzeitung\/","article_author":"https:\/\/www.facebook.com\/wolfgang.bohler.75","article_published_time":"2025-06-05T12:25:36+00:00","article_modified_time":"2025-06-05T13:17:36+00:00","og_image":[{"width":1279,"height":961,"url":"https:\/\/www.musikzeitung.ch\/wp-content\/uploads\/2025\/06\/250605courvoisier.jpg","type":"image\/jpeg"}],"author":"Wolfgang B\u00f6hler","twitter_card":"summary_large_image","twitter_creator":"@smusikzeitung","twitter_site":"@smusikzeitung","twitter_misc":{"Written by":"Wolfgang B\u00f6hler","Est. reading time":"2 minutes"},"schema":{"@context":"https:\/\/schema.org","@graph":[{"@type":"Article","@id":"https:\/\/www.musikzeitung.ch\/news\/2025\/06\/schweizer-grand-prix-musik-2025-geht-an-sylvie-courvoisier#article","isPartOf":{"@id":"https:\/\/www.musikzeitung.ch\/news\/2025\/06\/schweizer-grand-prix-musik-2025-geht-an-sylvie-courvoisier"},"author":{"name":"Wolfgang B\u00f6hler","@id":"https:\/\/www.musikzeitung.ch\/#\/schema\/person\/0da4fb82d243f1252850a35d0e87cf0c"},"headline":"Schweizer Grand Prix Musik 2025 geht an Sylvie Courvoisier","datePublished":"2025-06-05T12:25:36+00:00","dateModified":"2025-06-05T13:17:36+00:00","mainEntityOfPage":{"@id":"https:\/\/www.musikzeitung.ch\/news\/2025\/06\/schweizer-grand-prix-musik-2025-geht-an-sylvie-courvoisier"},"wordCount":281,"publisher":{"@id":"https:\/\/www.musikzeitung.ch\/#organization"},"image":{"@id":"https:\/\/www.musikzeitung.ch\/news\/2025\/06\/schweizer-grand-prix-musik-2025-geht-an-sylvie-courvoisier#primaryimage"},"thumbnailUrl":"https:\/\/www.musikzeitung.ch\/wp-content\/uploads\/2025\/06\/250605courvoisier.jpg","keywords":["Schweizer Grand Prix Musik","Sylvie Courvosier"],"articleSection":["News"],"inLanguage":"en-US"},{"@type":"WebPage","@id":"https:\/\/www.musikzeitung.ch\/news\/2025\/06\/schweizer-grand-prix-musik-2025-geht-an-sylvie-courvoisier","url":"https:\/\/www.musikzeitung.ch\/news\/2025\/06\/schweizer-grand-prix-musik-2025-geht-an-sylvie-courvoisier","name":"Swiss Grand Prix Music 2025 goes to Sylvie Courvoisier - Schweizer Musikzeitung","isPartOf":{"@id":"https:\/\/www.musikzeitung.ch\/#website"},"primaryImageOfPage":{"@id":"https:\/\/www.musikzeitung.ch\/news\/2025\/06\/schweizer-grand-prix-musik-2025-geht-an-sylvie-courvoisier#primaryimage"},"image":{"@id":"https:\/\/www.musikzeitung.ch\/news\/2025\/06\/schweizer-grand-prix-musik-2025-geht-an-sylvie-courvoisier#primaryimage"},"thumbnailUrl":"https:\/\/www.musikzeitung.ch\/wp-content\/uploads\/2025\/06\/250605courvoisier.jpg","datePublished":"2025-06-05T12:25:36+00:00","dateModified":"2025-06-05T13:17:36+00:00","description":"The pianist and composer Sylvie Courvoisier has been awarded the Swiss Grand Prix Music 2025, endowed with CHF 100,000, by the BAK.","breadcrumb":{"@id":"https:\/\/www.musikzeitung.ch\/news\/2025\/06\/schweizer-grand-prix-musik-2025-geht-an-sylvie-courvoisier#breadcrumb"},"inLanguage":"en-US","potentialAction":[{"@type":"ReadAction","target":["https:\/\/www.musikzeitung.ch\/news\/2025\/06\/schweizer-grand-prix-musik-2025-geht-an-sylvie-courvoisier"]}]},{"@type":"ImageObject","inLanguage":"en-US","@id":"https:\/\/www.musikzeitung.ch\/news\/2025\/06\/schweizer-grand-prix-musik-2025-geht-an-sylvie-courvoisier#primaryimage","url":"https:\/\/www.musikzeitung.ch\/wp-content\/uploads\/2025\/06\/250605courvoisier.jpg","contentUrl":"https:\/\/www.musikzeitung.ch\/wp-content\/uploads\/2025\/06\/250605courvoisier.jpg","width":1279,"height":961,"caption":"Sylvie Courvisier (bild: Harald Krichel)"},{"@type":"BreadcrumbList","@id":"https:\/\/www.musikzeitung.ch\/news\/2025\/06\/schweizer-grand-prix-musik-2025-geht-an-sylvie-courvoisier#breadcrumb","itemListElement":[{"@type":"ListItem","position":1,"name":"Home","item":"https:\/\/www.musikzeitung.ch\/"},{"@type":"ListItem","position":2,"name":"Schweizer Grand Prix Musik 2025 geht an Sylvie Courvoisier"}]},{"@type":"WebSite","@id":"https:\/\/www.musikzeitung.ch\/#website","url":"https:\/\/www.musikzeitung.ch\/","name":"Swiss Music Newspaper","description":"The leading interdisciplinary monthly newspaper in Switzerland for musical issues.","publisher":{"@id":"https:\/\/www.musikzeitung.ch\/#organization"},"potentialAction":[{"@type":"SearchAction","target":{"@type":"EntryPoint","urlTemplate":"https:\/\/www.musikzeitung.ch\/?s={search_term_string}"},"query-input":{"@type":"PropertyValueSpecification","valueRequired":true,"valueName":"search_term_string"}}],"inLanguage":"en-US"},{"@type":"Organization","@id":"https:\/\/www.musikzeitung.ch\/#organization","name":"Swiss Music Newspaper","url":"https:\/\/www.musikzeitung.ch\/","logo":{"@type":"ImageObject","inLanguage":"en-US","@id":"https:\/\/www.musikzeitung.ch\/#\/schema\/logo\/image\/","url":"https:\/\/www.musikzeitung.ch\/wp-content\/uploads\/2023\/01\/SMZ_Schriftzug_Sprache.png","contentUrl":"https:\/\/www.musikzeitung.ch\/wp-content\/uploads\/2023\/01\/SMZ_Schriftzug_Sprache.png","width":1400,"height":279,"caption":"Schweizer Musikzeitung"},"image":{"@id":"https:\/\/www.musikzeitung.ch\/#\/schema\/logo\/image\/"},"sameAs":["https:\/\/www.facebook.com\/SchweizerMusikzeitung\/","https:\/\/x.com\/smusikzeitung","https:\/\/www.instagram.com\/musikzeitung.ch\/"]},{"@type":"Person","@id":"https:\/\/www.musikzeitung.ch\/#\/schema\/person\/0da4fb82d243f1252850a35d0e87cf0c","name":"Wolfgang B\u00f6hler","image":{"@type":"ImageObject","inLanguage":"en-US","@id":"https:\/\/www.musikzeitung.ch\/wp-content\/uploads\/2023\/01\/boehler_portraet_web-e1674139782246-96x96.jpg","url":"https:\/\/www.musikzeitung.ch\/wp-content\/uploads\/2023\/01\/boehler_portraet_web-e1674139782246-96x96.jpg","contentUrl":"https:\/\/www.musikzeitung.ch\/wp-content\/uploads\/2023\/01\/boehler_portraet_web-e1674139782246-96x96.jpg","caption":"Wolfgang B\u00f6hler"},"sameAs":["http:\/\/www.manacanto.ch","https:\/\/www.facebook.com\/wolfgang.bohler.75"],"url":"https:\/\/www.musikzeitung.ch\/en\/author\/wolfgang-boehler"}]}},"publishpress_future_workflow_manual_trigger":{"enabledWorkflows":[]},"_links":{"self":[{"href":"https:\/\/www.musikzeitung.ch\/en\/wp-json\/wp\/v2\/posts\/65577","targetHints":{"allow":["GET"]}}],"collection":[{"href":"https:\/\/www.musikzeitung.ch\/en\/wp-json\/wp\/v2\/posts"}],"about":[{"href":"https:\/\/www.musikzeitung.ch\/en\/wp-json\/wp\/v2\/types\/post"}],"author":[{"embeddable":true,"href":"https:\/\/www.musikzeitung.ch\/en\/wp-json\/wp\/v2\/users\/30"}],"replies":[{"embeddable":true,"href":"https:\/\/www.musikzeitung.ch\/en\/wp-json\/wp\/v2\/comments?post=65577"}],"version-history":[{"count":3,"href":"https:\/\/www.musikzeitung.ch\/en\/wp-json\/wp\/v2\/posts\/65577\/revisions"}],"predecessor-version":[{"id":65582,"href":"https:\/\/www.musikzeitung.ch\/en\/wp-json\/wp\/v2\/posts\/65577\/revisions\/65582"}],"wp:featuredmedia":[{"embeddable":true,"href":"https:\/\/www.musikzeitung.ch\/en\/wp-json\/wp\/v2\/media\/65579"}],"wp:attachment":[{"href":"https:\/\/www.musikzeitung.ch\/en\/wp-json\/wp\/v2\/media?parent=65577"}],"wp:term":[{"taxonomy":"category","embeddable":true,"href":"https:\/\/www.musikzeitung.ch\/en\/wp-json\/wp\/v2\/categories?post=65577"},{"taxonomy":"post_tag","embeddable":true,"href":"https:\/\/www.musikzeitung.ch\/en\/wp-json\/wp\/v2\/tags?post=65577"}],"curies":[{"name":"wp","href":"https:\/\/api.w.org\/{rel}","templated":true}]}}