{"id":656,"date":"2019-10-04T00:00:00","date_gmt":"2019-10-03T23:00:00","guid":{"rendered":"https:\/\/www.musikzeitung.ch\/allgemein\/genfer-produktion-von-saint-saens-ascanio-geehrt\/"},"modified":"2019-10-04T00:00:00","modified_gmt":"2019-10-03T23:00:00","slug":"genfer-produktion-von-saint-saens-ascanio-geehrt","status":"publish","type":"post","link":"https:\/\/www.musikzeitung.ch\/en\/anlaesse\/2019\/10\/genfer-produktion-von-saint-saens-ascanio-geehrt","title":{"rendered":"Geneva production of Saint-Sa\u00ebns' \"Ascanio\" honored"},"content":{"rendered":"<figure style=\"width: 1200px\" class=\"wp-caption alignnone\"><img decoding=\"async\" class=\"size-full\" src=\"https:\/\/www.musikzeitung.ch\/wp-content\/uploads\/2023\/01\/pdk-1.jpg\" alt=\"\" \/><figcaption class=\"wp-caption-text\">Conductor Guillaume Tourniaire. Photo: Sarah Matray<\/figcaption><\/figure>\n<div class='text-section'>\n<p>On October 4, the <a href='https:\/\/www.schallplattenkritik.de\/jahrespreise ' target='_blank'>The German Record Critics' Award 2019 annual prizes <\/a>has been announced. He writes in his press release: \"134 titles were proposed by the overall jury, 129 of which made it onto the longlist, 11 of which were selected for an award by the annual committee. The spectrum of styles and genres ranges from symphonic music, pop, soul, jazz, opera and contemporary electronic music to choral and world music.\"<\/p>\n<\/div>\n<div>\n<h3 class=''><span>Rediscovery of a masterpiece<\/span><\/h3>\n<\/div>\n<div class='text-section'>\n<p>One of the awards goes to the Geneva <em>Ascanio<\/em>-production. Michael Stegemann, jury member, explains the selection as follows: \"Camille Saint-Sa\u00ebns composed thirteen operas, but for a long time only <em>Samson et Dalila<\/em>. There are now six more on CD. The conductor Guillaume Tourniaire had already presented himself in 2008 with the one-act opera <em>H\u00e9l\u00e8ne<\/em> has distinguished himself as a committed and competent Saint-Sa\u00ebns interpreter. With this recording of the five-act opera premiered in Paris in 1890 <em>Ascanio<\/em> he has now succeeded in rediscovering a masterpiece in a rousing, source-accurate manner. The ensemble's young soloists are excellent, and the choir and orchestra of the Geneva Conservatoire are superb. The entire range of Saint-Sa\u00ebns' operatic composition can be experienced: tableaux in the style of the Grand Op\u00e9ra are juxtaposed with arias and scenes, some lyrical, some dramatic, which are just as vocally diverse as the refined colorfulness of the orchestra. In the ballet music, which lasts for almost half an hour, Saint-Sa\u00ebns repeatedly echoes original music from the 16th century: <em>Ascanio<\/em> - based on a novel by Alexandre Dumas - is more or less the sequel to the <em>Benvenuto Cellini<\/em> by Berlioz.<\/p>\n<\/div>\n<div>\n<h3 class=''><span>Further annual prizes 2019 <\/span><\/h3>\n<\/div>\n<div class='text-section'>\n<p>The awards (the qualitative assessments come from the annual prize jury) were given to<\/p>\n<ul>\n<li>the conductor Mirga Gra\u017einyt\u0117-Tyla, her City of Birmingham Symphony Orchestra and the Kremerata Baltica for the highly expressive interpretation of the symphonies op. 30 and 152 by Mieczys\u0142aw Weinberg (Deutsche Grammophon)<\/li>\n<li>the composer and pianist Reinbert de Leeuw and the Collegium Vocale Gent for the beguilingly radical second recording of the <em>Via Crucis<\/em> by Franz Liszt (Alpha Classics)<\/li>\n<li>the GrauSchumacher Piano Duo and the Experimentalstudio of the SWR for the realization of the composition <em>Le temps, mode d'emploi<\/em> by Philippe Manoury, commissioned by the Wittener Tage f\u00fcr neue Kammermusik (Neos)<\/li>\n<li>Martin Elste and Carsten Schmidt for the Edition <em>2000 years of music on record. Early music anno 1930. A discological documentation of the history of interpretation<\/em> (Vienna Society for Historical Recordings)<\/li>\n<li>\u00c9mile Parisien and his \u00c9mile Parisien Quartet for the captivating album <em>Double screening<\/em> (Act)<\/li>\n<li>percussionist Marilyn Mazur and her band Shamania for the extraordinarily cosmopolitan and boundary-pushing joint production <em>Shamania<\/em> (RareNoise)<\/li>\n<li>Adrian Quesada and Eric Burton aka the soul band Black Pumas for their addictive debut album <em>Black Pumas<\/em> (Ato Records)<\/li>\n<li>the Austrian band Bilderbuch for the best gift of the year: <em>Vernissage My Heart<\/em> (Maschin Records)<\/li>\n<li>Bruce Springsteen for the lilting thirteen songs of <em>Western Stars<\/em> (Sony)<\/li>\n<li>BaoBao Chen and Tim Cole and the fifty or so musicians from the Pacific islands threatened by rising sea levels, who together created the unique album <em>Small Island Big Song<\/em> have produced (CDBaby)<\/li>\n<\/ul>\n<\/div>\n<div>\n<blockquote class='text-section'>\n<p>The jury statements can be found at <br \/> <a href='https:\/\/www.schallplattenkritik.de\/jahrespreise' target='_blank'><strong>https:\/\/www.schallplattenkritik.de\/jahrespreise<\/strong><\/a><br \/> \u00a0<br \/> \u00a0<\/p>\n<p><strong>Camille Saint-Sa\u00ebns: Ascanio<\/strong> <br \/> Jean-Fran\u00e7ois Lapointe, Bernard Richter, \u00c8ve-Maud Hubeaux, Jean Teitgen, Karina Gauvin, Cl\u00e9mence Tilquin, Ch\u0153ur du Grand Th\u00e9\u00e2tre de Gen\u00e8ve, Ch\u0153ur et Orchestre de la Haute \u00e9cole de musique de Gen\u00e8ve, Guillaume Tourniaire<br \/> <a href='https:\/\/www.b-records.fr\/'>3 CDs, B-Records LBM 013<\/a> (Grade 1)<\/p>\n<\/blockquote>\n<\/div>","protected":false},"excerpt":{"rendered":"<p><strong>The jury of the German Record Critics' Awards honored 11 recordings. Among them is the recording of Saint-Sa\u00ebns' opera \"Ascanio\" under the direction of Guillaume Tourniaire. The young soloist ensemble was joined by the choir and orchestra of the Geneva University of Music and the choir of the Geneva Opera.<\/strong><\/p>","protected":false},"author":1,"featured_media":657,"comment_status":"open","ping_status":"open","sticky":false,"template":"","format":"standard","meta":{"_acf_changed":false,"_relevanssi_hide_post":"","_relevanssi_hide_content":"","_relevanssi_pin_for_all":"","_relevanssi_pin_keywords":"","_relevanssi_unpin_keywords":"","_relevanssi_related_keywords":"","_relevanssi_related_include_ids":"","_relevanssi_related_exclude_ids":"","_relevanssi_related_no_append":"","_relevanssi_related_not_related":"","_relevanssi_related_posts":"","_relevanssi_noindex_reason":"","pgc_sgb_lightbox_settings":"","footnotes":""},"categories":[2,57],"tags":[],"class_list":["post-656","post","type-post","status-publish","format-standard","has-post-thumbnail","hentry","category-anlaesse","category-klassik"],"acf":[],"yoast_head":"<!-- This site is optimized with the Yoast SEO plugin v27.4 - https:\/\/yoast.com\/product\/yoast-seo-wordpress\/ -->\n<title>Genfer Produktion von Saint-Sa\u00ebns\u2019 \u00abAscanio\u00bb geehrt - Schweizer Musikzeitung<\/title>\n<meta name=\"robots\" content=\"index, follow, max-snippet:-1, max-image-preview:large, max-video-preview:-1\" \/>\n<link rel=\"canonical\" href=\"https:\/\/www.musikzeitung.ch\/en\/anlaesse\/2019\/10\/genfer-produktion-von-saint-saens-ascanio-geehrt\/\" \/>\n<meta property=\"og:locale\" content=\"en_US\" \/>\n<meta property=\"og:type\" content=\"article\" \/>\n<meta property=\"og:title\" content=\"Genfer Produktion von Saint-Sa\u00ebns\u2019 \u00abAscanio\u00bb geehrt - Schweizer Musikzeitung\" \/>\n<meta property=\"og:description\" content=\"Die Jury der Jahrespreise der deutschen Schallplattenkritik zeichnete 11 Aufnahmen aus. Darunter befindet sich die Aufnahme von Saint-Sa\u00ebns\u2019 Oper \u00abAscanio\u00bb unter der Leitung von Guillaume Tourniaire. Mit von der Partie waren neben dem jungen Solistenensemble Chor und Orchester der Musikhochschule Genf sowie der Chor der Genfer Oper.\" \/>\n<meta property=\"og:url\" content=\"https:\/\/www.musikzeitung.ch\/en\/anlaesse\/2019\/10\/genfer-produktion-von-saint-saens-ascanio-geehrt\/\" \/>\n<meta property=\"og:site_name\" content=\"Schweizer Musikzeitung\" \/>\n<meta property=\"article:publisher\" content=\"https:\/\/www.facebook.com\/SchweizerMusikzeitung\/\" \/>\n<meta property=\"article:published_time\" content=\"2019-10-03T23:00:00+00:00\" \/>\n<meta property=\"og:image\" content=\"https:\/\/www.musikzeitung.ch\/wp-content\/uploads\/2023\/01\/pdk-1.jpg\" \/>\n\t<meta property=\"og:image:width\" content=\"554\" \/>\n\t<meta property=\"og:image:height\" content=\"368\" \/>\n\t<meta property=\"og:image:type\" content=\"image\/jpeg\" \/>\n<meta name=\"author\" content=\"Musikzeitung-Redaktion\" \/>\n<meta name=\"twitter:card\" content=\"summary_large_image\" \/>\n<meta name=\"twitter:creator\" content=\"@smusikzeitung\" \/>\n<meta name=\"twitter:site\" content=\"@smusikzeitung\" \/>\n<meta name=\"twitter:label1\" content=\"Written by\" \/>\n\t<meta name=\"twitter:data1\" content=\"Musikzeitung-Redaktion\" \/>\n\t<meta name=\"twitter:label2\" content=\"Est. reading time\" \/>\n\t<meta name=\"twitter:data2\" content=\"3 minutes\" \/>\n<script type=\"application\/ld+json\" class=\"yoast-schema-graph\">{\"@context\":\"https:\\\/\\\/schema.org\",\"@graph\":[{\"@type\":\"Article\",\"@id\":\"https:\\\/\\\/www.musikzeitung.ch\\\/anlaesse\\\/2019\\\/10\\\/genfer-produktion-von-saint-saens-ascanio-geehrt#article\",\"isPartOf\":{\"@id\":\"https:\\\/\\\/www.musikzeitung.ch\\\/anlaesse\\\/2019\\\/10\\\/genfer-produktion-von-saint-saens-ascanio-geehrt\"},\"author\":{\"name\":\"Musikzeitung-Redaktion\",\"@id\":\"https:\\\/\\\/www.musikzeitung.ch\\\/#\\\/schema\\\/person\\\/b2fd892c800856270b9dcc6001265712\"},\"headline\":\"Genfer Produktion von Saint-Sa\u00ebns\u2019 \u00abAscanio\u00bb geehrt\",\"datePublished\":\"2019-10-03T23:00:00+00:00\",\"mainEntityOfPage\":{\"@id\":\"https:\\\/\\\/www.musikzeitung.ch\\\/anlaesse\\\/2019\\\/10\\\/genfer-produktion-von-saint-saens-ascanio-geehrt\"},\"wordCount\":556,\"commentCount\":0,\"publisher\":{\"@id\":\"https:\\\/\\\/www.musikzeitung.ch\\\/#organization\"},\"image\":{\"@id\":\"https:\\\/\\\/www.musikzeitung.ch\\\/anlaesse\\\/2019\\\/10\\\/genfer-produktion-von-saint-saens-ascanio-geehrt#primaryimage\"},\"thumbnailUrl\":\"https:\\\/\\\/www.musikzeitung.ch\\\/wp-content\\\/uploads\\\/2023\\\/01\\\/pdk-1.jpg\",\"articleSection\":[\"Anl\u00e4sse\",\"Klassik\"],\"inLanguage\":\"en-US\"},{\"@type\":\"WebPage\",\"@id\":\"https:\\\/\\\/www.musikzeitung.ch\\\/anlaesse\\\/2019\\\/10\\\/genfer-produktion-von-saint-saens-ascanio-geehrt\",\"url\":\"https:\\\/\\\/www.musikzeitung.ch\\\/anlaesse\\\/2019\\\/10\\\/genfer-produktion-von-saint-saens-ascanio-geehrt\",\"name\":\"Genfer Produktion von Saint-Sa\u00ebns\u2019 \u00abAscanio\u00bb geehrt - Schweizer Musikzeitung\",\"isPartOf\":{\"@id\":\"https:\\\/\\\/www.musikzeitung.ch\\\/#website\"},\"primaryImageOfPage\":{\"@id\":\"https:\\\/\\\/www.musikzeitung.ch\\\/anlaesse\\\/2019\\\/10\\\/genfer-produktion-von-saint-saens-ascanio-geehrt#primaryimage\"},\"image\":{\"@id\":\"https:\\\/\\\/www.musikzeitung.ch\\\/anlaesse\\\/2019\\\/10\\\/genfer-produktion-von-saint-saens-ascanio-geehrt#primaryimage\"},\"thumbnailUrl\":\"https:\\\/\\\/www.musikzeitung.ch\\\/wp-content\\\/uploads\\\/2023\\\/01\\\/pdk-1.jpg\",\"datePublished\":\"2019-10-03T23:00:00+00:00\",\"breadcrumb\":{\"@id\":\"https:\\\/\\\/www.musikzeitung.ch\\\/anlaesse\\\/2019\\\/10\\\/genfer-produktion-von-saint-saens-ascanio-geehrt#breadcrumb\"},\"inLanguage\":\"en-US\",\"potentialAction\":[{\"@type\":\"ReadAction\",\"target\":[\"https:\\\/\\\/www.musikzeitung.ch\\\/anlaesse\\\/2019\\\/10\\\/genfer-produktion-von-saint-saens-ascanio-geehrt\"]}]},{\"@type\":\"ImageObject\",\"inLanguage\":\"en-US\",\"@id\":\"https:\\\/\\\/www.musikzeitung.ch\\\/anlaesse\\\/2019\\\/10\\\/genfer-produktion-von-saint-saens-ascanio-geehrt#primaryimage\",\"url\":\"https:\\\/\\\/www.musikzeitung.ch\\\/wp-content\\\/uploads\\\/2023\\\/01\\\/pdk-1.jpg\",\"contentUrl\":\"https:\\\/\\\/www.musikzeitung.ch\\\/wp-content\\\/uploads\\\/2023\\\/01\\\/pdk-1.jpg\",\"width\":554,\"height\":368},{\"@type\":\"BreadcrumbList\",\"@id\":\"https:\\\/\\\/www.musikzeitung.ch\\\/anlaesse\\\/2019\\\/10\\\/genfer-produktion-von-saint-saens-ascanio-geehrt#breadcrumb\",\"itemListElement\":[{\"@type\":\"ListItem\",\"position\":1,\"name\":\"Home\",\"item\":\"https:\\\/\\\/www.musikzeitung.ch\\\/\"},{\"@type\":\"ListItem\",\"position\":2,\"name\":\"Genfer Produktion von Saint-Sa\u00ebns\u2019 \u00abAscanio\u00bb geehrt\"}]},{\"@type\":\"WebSite\",\"@id\":\"https:\\\/\\\/www.musikzeitung.ch\\\/#website\",\"url\":\"https:\\\/\\\/www.musikzeitung.ch\\\/\",\"name\":\"Schweizer Musikzeitung\",\"description\":\"Die f\u00fchrende sparten\u00fcbergreifende Monatszeitung in der Schweiz f\u00fcr musikalische Fragen.\",\"publisher\":{\"@id\":\"https:\\\/\\\/www.musikzeitung.ch\\\/#organization\"},\"potentialAction\":[{\"@type\":\"SearchAction\",\"target\":{\"@type\":\"EntryPoint\",\"urlTemplate\":\"https:\\\/\\\/www.musikzeitung.ch\\\/?s={search_term_string}\"},\"query-input\":{\"@type\":\"PropertyValueSpecification\",\"valueRequired\":true,\"valueName\":\"search_term_string\"}}],\"inLanguage\":\"en-US\"},{\"@type\":\"Organization\",\"@id\":\"https:\\\/\\\/www.musikzeitung.ch\\\/#organization\",\"name\":\"Schweizer Musikzeitung\",\"url\":\"https:\\\/\\\/www.musikzeitung.ch\\\/\",\"logo\":{\"@type\":\"ImageObject\",\"inLanguage\":\"en-US\",\"@id\":\"https:\\\/\\\/www.musikzeitung.ch\\\/#\\\/schema\\\/logo\\\/image\\\/\",\"url\":\"https:\\\/\\\/www.musikzeitung.ch\\\/wp-content\\\/uploads\\\/2023\\\/01\\\/SMZ_Schriftzug_Sprache.png\",\"contentUrl\":\"https:\\\/\\\/www.musikzeitung.ch\\\/wp-content\\\/uploads\\\/2023\\\/01\\\/SMZ_Schriftzug_Sprache.png\",\"width\":1400,\"height\":279,\"caption\":\"Schweizer Musikzeitung\"},\"image\":{\"@id\":\"https:\\\/\\\/www.musikzeitung.ch\\\/#\\\/schema\\\/logo\\\/image\\\/\"},\"sameAs\":[\"https:\\\/\\\/www.facebook.com\\\/SchweizerMusikzeitung\\\/\",\"https:\\\/\\\/x.com\\\/smusikzeitung\",\"https:\\\/\\\/www.instagram.com\\\/musikzeitung.ch\\\/\"]},{\"@type\":\"Person\",\"@id\":\"https:\\\/\\\/www.musikzeitung.ch\\\/#\\\/schema\\\/person\\\/b2fd892c800856270b9dcc6001265712\",\"name\":\"Musikzeitung-Redaktion\",\"image\":{\"@type\":\"ImageObject\",\"inLanguage\":\"en-US\",\"@id\":\"https:\\\/\\\/www.musikzeitung.ch\\\/wp-content\\\/uploads\\\/2022\\\/05\\\/usericon_musikzeitung-96x96.jpg\",\"url\":\"https:\\\/\\\/www.musikzeitung.ch\\\/wp-content\\\/uploads\\\/2022\\\/05\\\/usericon_musikzeitung-96x96.jpg\",\"contentUrl\":\"https:\\\/\\\/www.musikzeitung.ch\\\/wp-content\\\/uploads\\\/2022\\\/05\\\/usericon_musikzeitung-96x96.jpg\",\"caption\":\"Musikzeitung-Redaktion\"},\"url\":\"https:\\\/\\\/www.musikzeitung.ch\\\/en\\\/author\\\/admin\"}]}<\/script>\n<!-- \/ Yoast SEO plugin. -->","yoast_head_json":{"title":"Genfer Produktion von Saint-Sa\u00ebns\u2019 \u00abAscanio\u00bb geehrt - Schweizer Musikzeitung","robots":{"index":"index","follow":"follow","max-snippet":"max-snippet:-1","max-image-preview":"max-image-preview:large","max-video-preview":"max-video-preview:-1"},"canonical":"https:\/\/www.musikzeitung.ch\/en\/anlaesse\/2019\/10\/genfer-produktion-von-saint-saens-ascanio-geehrt\/","og_locale":"en_US","og_type":"article","og_title":"Genfer Produktion von Saint-Sa\u00ebns\u2019 \u00abAscanio\u00bb geehrt - Schweizer Musikzeitung","og_description":"Die Jury der Jahrespreise der deutschen Schallplattenkritik zeichnete 11 Aufnahmen aus. Darunter befindet sich die Aufnahme von Saint-Sa\u00ebns\u2019 Oper \u00abAscanio\u00bb unter der Leitung von Guillaume Tourniaire. Mit von der Partie waren neben dem jungen Solistenensemble Chor und Orchester der Musikhochschule Genf sowie der Chor der Genfer Oper.","og_url":"https:\/\/www.musikzeitung.ch\/en\/anlaesse\/2019\/10\/genfer-produktion-von-saint-saens-ascanio-geehrt\/","og_site_name":"Schweizer Musikzeitung","article_publisher":"https:\/\/www.facebook.com\/SchweizerMusikzeitung\/","article_published_time":"2019-10-03T23:00:00+00:00","og_image":[{"width":554,"height":368,"url":"https:\/\/www.musikzeitung.ch\/wp-content\/uploads\/2023\/01\/pdk-1.jpg","type":"image\/jpeg"}],"author":"Musikzeitung-Redaktion","twitter_card":"summary_large_image","twitter_creator":"@smusikzeitung","twitter_site":"@smusikzeitung","twitter_misc":{"Written by":"Musikzeitung-Redaktion","Est. reading time":"3 minutes"},"schema":{"@context":"https:\/\/schema.org","@graph":[{"@type":"Article","@id":"https:\/\/www.musikzeitung.ch\/anlaesse\/2019\/10\/genfer-produktion-von-saint-saens-ascanio-geehrt#article","isPartOf":{"@id":"https:\/\/www.musikzeitung.ch\/anlaesse\/2019\/10\/genfer-produktion-von-saint-saens-ascanio-geehrt"},"author":{"name":"Musikzeitung-Redaktion","@id":"https:\/\/www.musikzeitung.ch\/#\/schema\/person\/b2fd892c800856270b9dcc6001265712"},"headline":"Genfer Produktion von Saint-Sa\u00ebns\u2019 \u00abAscanio\u00bb geehrt","datePublished":"2019-10-03T23:00:00+00:00","mainEntityOfPage":{"@id":"https:\/\/www.musikzeitung.ch\/anlaesse\/2019\/10\/genfer-produktion-von-saint-saens-ascanio-geehrt"},"wordCount":556,"commentCount":0,"publisher":{"@id":"https:\/\/www.musikzeitung.ch\/#organization"},"image":{"@id":"https:\/\/www.musikzeitung.ch\/anlaesse\/2019\/10\/genfer-produktion-von-saint-saens-ascanio-geehrt#primaryimage"},"thumbnailUrl":"https:\/\/www.musikzeitung.ch\/wp-content\/uploads\/2023\/01\/pdk-1.jpg","articleSection":["Anl\u00e4sse","Klassik"],"inLanguage":"en-US"},{"@type":"WebPage","@id":"https:\/\/www.musikzeitung.ch\/anlaesse\/2019\/10\/genfer-produktion-von-saint-saens-ascanio-geehrt","url":"https:\/\/www.musikzeitung.ch\/anlaesse\/2019\/10\/genfer-produktion-von-saint-saens-ascanio-geehrt","name":"Genfer Produktion von Saint-Sa\u00ebns\u2019 \u00abAscanio\u00bb geehrt - Schweizer Musikzeitung","isPartOf":{"@id":"https:\/\/www.musikzeitung.ch\/#website"},"primaryImageOfPage":{"@id":"https:\/\/www.musikzeitung.ch\/anlaesse\/2019\/10\/genfer-produktion-von-saint-saens-ascanio-geehrt#primaryimage"},"image":{"@id":"https:\/\/www.musikzeitung.ch\/anlaesse\/2019\/10\/genfer-produktion-von-saint-saens-ascanio-geehrt#primaryimage"},"thumbnailUrl":"https:\/\/www.musikzeitung.ch\/wp-content\/uploads\/2023\/01\/pdk-1.jpg","datePublished":"2019-10-03T23:00:00+00:00","breadcrumb":{"@id":"https:\/\/www.musikzeitung.ch\/anlaesse\/2019\/10\/genfer-produktion-von-saint-saens-ascanio-geehrt#breadcrumb"},"inLanguage":"en-US","potentialAction":[{"@type":"ReadAction","target":["https:\/\/www.musikzeitung.ch\/anlaesse\/2019\/10\/genfer-produktion-von-saint-saens-ascanio-geehrt"]}]},{"@type":"ImageObject","inLanguage":"en-US","@id":"https:\/\/www.musikzeitung.ch\/anlaesse\/2019\/10\/genfer-produktion-von-saint-saens-ascanio-geehrt#primaryimage","url":"https:\/\/www.musikzeitung.ch\/wp-content\/uploads\/2023\/01\/pdk-1.jpg","contentUrl":"https:\/\/www.musikzeitung.ch\/wp-content\/uploads\/2023\/01\/pdk-1.jpg","width":554,"height":368},{"@type":"BreadcrumbList","@id":"https:\/\/www.musikzeitung.ch\/anlaesse\/2019\/10\/genfer-produktion-von-saint-saens-ascanio-geehrt#breadcrumb","itemListElement":[{"@type":"ListItem","position":1,"name":"Home","item":"https:\/\/www.musikzeitung.ch\/"},{"@type":"ListItem","position":2,"name":"Genfer Produktion von Saint-Sa\u00ebns\u2019 \u00abAscanio\u00bb geehrt"}]},{"@type":"WebSite","@id":"https:\/\/www.musikzeitung.ch\/#website","url":"https:\/\/www.musikzeitung.ch\/","name":"Swiss Music Newspaper","description":"The leading interdisciplinary monthly newspaper in Switzerland for musical issues.","publisher":{"@id":"https:\/\/www.musikzeitung.ch\/#organization"},"potentialAction":[{"@type":"SearchAction","target":{"@type":"EntryPoint","urlTemplate":"https:\/\/www.musikzeitung.ch\/?s={search_term_string}"},"query-input":{"@type":"PropertyValueSpecification","valueRequired":true,"valueName":"search_term_string"}}],"inLanguage":"en-US"},{"@type":"Organization","@id":"https:\/\/www.musikzeitung.ch\/#organization","name":"Swiss Music Newspaper","url":"https:\/\/www.musikzeitung.ch\/","logo":{"@type":"ImageObject","inLanguage":"en-US","@id":"https:\/\/www.musikzeitung.ch\/#\/schema\/logo\/image\/","url":"https:\/\/www.musikzeitung.ch\/wp-content\/uploads\/2023\/01\/SMZ_Schriftzug_Sprache.png","contentUrl":"https:\/\/www.musikzeitung.ch\/wp-content\/uploads\/2023\/01\/SMZ_Schriftzug_Sprache.png","width":1400,"height":279,"caption":"Schweizer Musikzeitung"},"image":{"@id":"https:\/\/www.musikzeitung.ch\/#\/schema\/logo\/image\/"},"sameAs":["https:\/\/www.facebook.com\/SchweizerMusikzeitung\/","https:\/\/x.com\/smusikzeitung","https:\/\/www.instagram.com\/musikzeitung.ch\/"]},{"@type":"Person","@id":"https:\/\/www.musikzeitung.ch\/#\/schema\/person\/b2fd892c800856270b9dcc6001265712","name":"Music newspaper editorial office","image":{"@type":"ImageObject","inLanguage":"en-US","@id":"https:\/\/www.musikzeitung.ch\/wp-content\/uploads\/2022\/05\/usericon_musikzeitung-96x96.jpg","url":"https:\/\/www.musikzeitung.ch\/wp-content\/uploads\/2022\/05\/usericon_musikzeitung-96x96.jpg","contentUrl":"https:\/\/www.musikzeitung.ch\/wp-content\/uploads\/2022\/05\/usericon_musikzeitung-96x96.jpg","caption":"Musikzeitung-Redaktion"},"url":"https:\/\/www.musikzeitung.ch\/en\/author\/admin"}]}},"publishpress_future_workflow_manual_trigger":{"enabledWorkflows":[]},"_links":{"self":[{"href":"https:\/\/www.musikzeitung.ch\/en\/wp-json\/wp\/v2\/posts\/656","targetHints":{"allow":["GET"]}}],"collection":[{"href":"https:\/\/www.musikzeitung.ch\/en\/wp-json\/wp\/v2\/posts"}],"about":[{"href":"https:\/\/www.musikzeitung.ch\/en\/wp-json\/wp\/v2\/types\/post"}],"author":[{"embeddable":true,"href":"https:\/\/www.musikzeitung.ch\/en\/wp-json\/wp\/v2\/users\/1"}],"replies":[{"embeddable":true,"href":"https:\/\/www.musikzeitung.ch\/en\/wp-json\/wp\/v2\/comments?post=656"}],"version-history":[{"count":0,"href":"https:\/\/www.musikzeitung.ch\/en\/wp-json\/wp\/v2\/posts\/656\/revisions"}],"wp:featuredmedia":[{"embeddable":true,"href":"https:\/\/www.musikzeitung.ch\/en\/wp-json\/wp\/v2\/media\/657"}],"wp:attachment":[{"href":"https:\/\/www.musikzeitung.ch\/en\/wp-json\/wp\/v2\/media?parent=656"}],"wp:term":[{"taxonomy":"category","embeddable":true,"href":"https:\/\/www.musikzeitung.ch\/en\/wp-json\/wp\/v2\/categories?post=656"},{"taxonomy":"post_tag","embeddable":true,"href":"https:\/\/www.musikzeitung.ch\/en\/wp-json\/wp\/v2\/tags?post=656"}],"curies":[{"name":"wp","href":"https:\/\/api.w.org\/{rel}","templated":true}]}}