{"id":65701,"date":"2025-06-06T06:49:16","date_gmt":"2025-06-06T04:49:16","guid":{"rendered":"https:\/\/www.musikzeitung.ch\/?p=65701"},"modified":"2025-06-06T08:17:24","modified_gmt":"2025-06-06T06:17:24","slug":"solothurn-foerdert-guldimann-schoch-und-wyss","status":"publish","type":"post","link":"https:\/\/www.musikzeitung.ch\/en\/news\/2025\/06\/solothurn-foerdert-guldimann-schoch-und-wyss","title":{"rendered":"Solothurn promotes Guldimann, Schoch and Wyss"},"content":{"rendered":"<figure id=\"attachment_65702\" aria-describedby=\"caption-attachment-65702\" style=\"width: 768px\" class=\"wp-caption alignnone\"><img loading=\"lazy\" decoding=\"async\" class=\"size-large wp-image-65702\" src=\"https:\/\/www.musikzeitung.ch\/wp-content\/uploads\/2025\/06\/250606so-1024x445.jpg\" alt=\"\" width=\"768\" height=\"334\" srcset=\"https:\/\/www.musikzeitung.ch\/wp-content\/uploads\/2025\/06\/250606so-1024x445.jpg 1024w, https:\/\/www.musikzeitung.ch\/wp-content\/uploads\/2025\/06\/250606so-300x130.jpg 300w, https:\/\/www.musikzeitung.ch\/wp-content\/uploads\/2025\/06\/250606so-768x333.jpg 768w, https:\/\/www.musikzeitung.ch\/wp-content\/uploads\/2025\/06\/250606so-18x8.jpg 18w, https:\/\/www.musikzeitung.ch\/wp-content\/uploads\/2025\/06\/250606so-375x163.jpg 375w, https:\/\/www.musikzeitung.ch\/wp-content\/uploads\/2025\/06\/250606so-760x330.jpg 760w, https:\/\/www.musikzeitung.ch\/wp-content\/uploads\/2025\/06\/250606so-920x399.jpg 920w, https:\/\/www.musikzeitung.ch\/wp-content\/uploads\/2025\/06\/250606so.jpg 1140w\" sizes=\"auto, (max-width: 768px) 100vw, 768px\" \/><figcaption id=\"caption-attachment-65702\" class=\"wp-caption-text\">From left to right: Wyss, Guldimann, Schoch (Pictures: Canton Solothurn)<\/figcaption><\/figure>\n<p><a href=\"https:\/\/www.joelschoch.com\/about-me.html\" target=\"_blank\" rel=\"noopener\">Schoch<\/a> studied Film and Media Music at the Hogeschool van de Kunsten in Arnhem after a preliminary course in film music in Bonn, before completing a Bachelor's and Master's degree in Composition for Film, Theater and Media (FTM) at the Zurich University of the Arts (ZHdK). During his studies, he wrote music for ensembles of various sizes, scored several games, wrote a children's musical and composed a 3D radio play.<\/p>\n<p>Andreas Wyss is a music producer, composer and multi-instrumentalist from Olten. He was the bass player in the band Stiller Has and teaches music at a school in Olten.<\/p>\n<p><a href=\"https:\/\/www.zoeymusic.com\/about\" target=\"_blank\" rel=\"noopener\">Zo\u00eb Lena Guldimann<\/a> released her first EP under the artist name Zoey 2024 and is currently studying pop guitar in the Bachelor of Music program at the Zurich University of Music, where she leads her own band.<\/p>","protected":false},"excerpt":{"rendered":"<p>Three cantonal music sponsorship prizes, each worth 15,000 francs, will be awarded in Solothurn to guitarist Zo\u00eb Lena Guldimann, composer Joel Schoch and bassist Andreas Wyss.<\/p>","protected":false},"author":30,"featured_media":65702,"comment_status":"closed","ping_status":"closed","sticky":false,"template":"","format":"standard","meta":{"_acf_changed":false,"_relevanssi_hide_post":"","_relevanssi_hide_content":"","_relevanssi_pin_for_all":"","_relevanssi_pin_keywords":"","_relevanssi_unpin_keywords":"","_relevanssi_related_keywords":"","_relevanssi_related_include_ids":"","_relevanssi_related_exclude_ids":"","_relevanssi_related_no_append":"","_relevanssi_related_not_related":"","_relevanssi_related_posts":"","_relevanssi_noindex_reason":"","pgc_sgb_lightbox_settings":"","footnotes":""},"categories":[27],"tags":[5027,5026,5028,5025],"class_list":["post-65701","post","type-post","status-publish","format-standard","has-post-thumbnail","hentry","category-news","tag-andreas-wyss","tag-joel-schoch","tag-kanton-solothurn","tag-lena-guldimann"],"acf":[],"yoast_head":"<!-- This site is optimized with the Yoast SEO plugin v27.4 - https:\/\/yoast.com\/product\/yoast-seo-wordpress\/ -->\n<title>Solothurn f\u00f6rdert Guldimann, Schoch und Wyss - Schweizer Musikzeitung<\/title>\n<meta name=\"description\" content=\"Drei kantonale Musik-F\u00f6rderpreise gehen in Solothurn an die Gitarristin Zo\u00eb Lena Guldimann, den Komponisten Joel Schoch und den Bassisten Andreas Wyss.\" \/>\n<meta name=\"robots\" content=\"index, follow, max-snippet:-1, max-image-preview:large, max-video-preview:-1\" \/>\n<link rel=\"canonical\" href=\"https:\/\/www.musikzeitung.ch\/en\/news\/2025\/06\/solothurn-foerdert-guldimann-schoch-und-wyss\/\" \/>\n<meta property=\"og:locale\" content=\"en_US\" \/>\n<meta property=\"og:type\" content=\"article\" \/>\n<meta property=\"og:title\" content=\"Solothurn f\u00f6rdert Guldimann, Schoch und Wyss - Schweizer Musikzeitung\" \/>\n<meta property=\"og:description\" content=\"Drei kantonale Musik-F\u00f6rderpreise gehen in Solothurn an die Gitarristin Zo\u00eb Lena Guldimann, den Komponisten Joel Schoch und den Bassisten Andreas Wyss.\" \/>\n<meta property=\"og:url\" content=\"https:\/\/www.musikzeitung.ch\/en\/news\/2025\/06\/solothurn-foerdert-guldimann-schoch-und-wyss\/\" \/>\n<meta property=\"og:site_name\" content=\"Schweizer Musikzeitung\" \/>\n<meta property=\"article:publisher\" content=\"https:\/\/www.facebook.com\/SchweizerMusikzeitung\/\" \/>\n<meta property=\"article:author\" content=\"https:\/\/www.facebook.com\/wolfgang.bohler.75\" \/>\n<meta property=\"article:published_time\" content=\"2025-06-06T04:49:16+00:00\" \/>\n<meta property=\"article:modified_time\" content=\"2025-06-06T06:17:24+00:00\" \/>\n<meta property=\"og:image\" content=\"https:\/\/www.musikzeitung.ch\/wp-content\/uploads\/2025\/06\/250606so.jpg\" \/>\n\t<meta property=\"og:image:width\" content=\"1140\" \/>\n\t<meta property=\"og:image:height\" content=\"495\" \/>\n\t<meta property=\"og:image:type\" content=\"image\/jpeg\" \/>\n<meta name=\"author\" content=\"Wolfgang B\u00f6hler\" \/>\n<meta name=\"twitter:card\" content=\"summary_large_image\" \/>\n<meta name=\"twitter:creator\" content=\"@smusikzeitung\" \/>\n<meta name=\"twitter:site\" content=\"@smusikzeitung\" \/>\n<meta name=\"twitter:label1\" content=\"Written by\" \/>\n\t<meta name=\"twitter:data1\" content=\"Wolfgang B\u00f6hler\" \/>\n\t<meta name=\"twitter:label2\" content=\"Est. reading time\" \/>\n\t<meta name=\"twitter:data2\" content=\"2 minutes\" \/>\n<script type=\"application\/ld+json\" class=\"yoast-schema-graph\">{\"@context\":\"https:\\\/\\\/schema.org\",\"@graph\":[{\"@type\":\"Article\",\"@id\":\"https:\\\/\\\/www.musikzeitung.ch\\\/news\\\/2025\\\/06\\\/solothurn-foerdert-guldimann-schoch-und-wyss#article\",\"isPartOf\":{\"@id\":\"https:\\\/\\\/www.musikzeitung.ch\\\/news\\\/2025\\\/06\\\/solothurn-foerdert-guldimann-schoch-und-wyss\"},\"author\":{\"name\":\"Wolfgang B\u00f6hler\",\"@id\":\"https:\\\/\\\/www.musikzeitung.ch\\\/#\\\/schema\\\/person\\\/0da4fb82d243f1252850a35d0e87cf0c\"},\"headline\":\"Solothurn f\u00f6rdert Guldimann, Schoch und Wyss\",\"datePublished\":\"2025-06-06T04:49:16+00:00\",\"dateModified\":\"2025-06-06T06:17:24+00:00\",\"mainEntityOfPage\":{\"@id\":\"https:\\\/\\\/www.musikzeitung.ch\\\/news\\\/2025\\\/06\\\/solothurn-foerdert-guldimann-schoch-und-wyss\"},\"wordCount\":151,\"publisher\":{\"@id\":\"https:\\\/\\\/www.musikzeitung.ch\\\/#organization\"},\"image\":{\"@id\":\"https:\\\/\\\/www.musikzeitung.ch\\\/news\\\/2025\\\/06\\\/solothurn-foerdert-guldimann-schoch-und-wyss#primaryimage\"},\"thumbnailUrl\":\"https:\\\/\\\/www.musikzeitung.ch\\\/wp-content\\\/uploads\\\/2025\\\/06\\\/250606so.jpg\",\"keywords\":[\"Andreas Wyss\",\"Joel Schoch\",\"Kanton Solothurn\",\"Zo\u00eb Lena Guldimann\"],\"articleSection\":[\"News\"],\"inLanguage\":\"en-US\"},{\"@type\":\"WebPage\",\"@id\":\"https:\\\/\\\/www.musikzeitung.ch\\\/news\\\/2025\\\/06\\\/solothurn-foerdert-guldimann-schoch-und-wyss\",\"url\":\"https:\\\/\\\/www.musikzeitung.ch\\\/news\\\/2025\\\/06\\\/solothurn-foerdert-guldimann-schoch-und-wyss\",\"name\":\"Solothurn f\u00f6rdert Guldimann, Schoch und Wyss - Schweizer Musikzeitung\",\"isPartOf\":{\"@id\":\"https:\\\/\\\/www.musikzeitung.ch\\\/#website\"},\"primaryImageOfPage\":{\"@id\":\"https:\\\/\\\/www.musikzeitung.ch\\\/news\\\/2025\\\/06\\\/solothurn-foerdert-guldimann-schoch-und-wyss#primaryimage\"},\"image\":{\"@id\":\"https:\\\/\\\/www.musikzeitung.ch\\\/news\\\/2025\\\/06\\\/solothurn-foerdert-guldimann-schoch-und-wyss#primaryimage\"},\"thumbnailUrl\":\"https:\\\/\\\/www.musikzeitung.ch\\\/wp-content\\\/uploads\\\/2025\\\/06\\\/250606so.jpg\",\"datePublished\":\"2025-06-06T04:49:16+00:00\",\"dateModified\":\"2025-06-06T06:17:24+00:00\",\"description\":\"Drei kantonale Musik-F\u00f6rderpreise gehen in Solothurn an die Gitarristin Zo\u00eb Lena Guldimann, den Komponisten Joel Schoch und den Bassisten Andreas Wyss.\",\"breadcrumb\":{\"@id\":\"https:\\\/\\\/www.musikzeitung.ch\\\/news\\\/2025\\\/06\\\/solothurn-foerdert-guldimann-schoch-und-wyss#breadcrumb\"},\"inLanguage\":\"en-US\",\"potentialAction\":[{\"@type\":\"ReadAction\",\"target\":[\"https:\\\/\\\/www.musikzeitung.ch\\\/news\\\/2025\\\/06\\\/solothurn-foerdert-guldimann-schoch-und-wyss\"]}]},{\"@type\":\"ImageObject\",\"inLanguage\":\"en-US\",\"@id\":\"https:\\\/\\\/www.musikzeitung.ch\\\/news\\\/2025\\\/06\\\/solothurn-foerdert-guldimann-schoch-und-wyss#primaryimage\",\"url\":\"https:\\\/\\\/www.musikzeitung.ch\\\/wp-content\\\/uploads\\\/2025\\\/06\\\/250606so.jpg\",\"contentUrl\":\"https:\\\/\\\/www.musikzeitung.ch\\\/wp-content\\\/uploads\\\/2025\\\/06\\\/250606so.jpg\",\"width\":1140,\"height\":495,\"caption\":\"v.l.n.r.: Wyss, Guldimann, Schoch (Bilder: Kanton Solothurn)\"},{\"@type\":\"BreadcrumbList\",\"@id\":\"https:\\\/\\\/www.musikzeitung.ch\\\/news\\\/2025\\\/06\\\/solothurn-foerdert-guldimann-schoch-und-wyss#breadcrumb\",\"itemListElement\":[{\"@type\":\"ListItem\",\"position\":1,\"name\":\"Home\",\"item\":\"https:\\\/\\\/www.musikzeitung.ch\\\/\"},{\"@type\":\"ListItem\",\"position\":2,\"name\":\"Solothurn f\u00f6rdert Guldimann, Schoch und Wyss\"}]},{\"@type\":\"WebSite\",\"@id\":\"https:\\\/\\\/www.musikzeitung.ch\\\/#website\",\"url\":\"https:\\\/\\\/www.musikzeitung.ch\\\/\",\"name\":\"Schweizer Musikzeitung\",\"description\":\"Die f\u00fchrende sparten\u00fcbergreifende Monatszeitung in der Schweiz f\u00fcr musikalische Fragen.\",\"publisher\":{\"@id\":\"https:\\\/\\\/www.musikzeitung.ch\\\/#organization\"},\"potentialAction\":[{\"@type\":\"SearchAction\",\"target\":{\"@type\":\"EntryPoint\",\"urlTemplate\":\"https:\\\/\\\/www.musikzeitung.ch\\\/?s={search_term_string}\"},\"query-input\":{\"@type\":\"PropertyValueSpecification\",\"valueRequired\":true,\"valueName\":\"search_term_string\"}}],\"inLanguage\":\"en-US\"},{\"@type\":\"Organization\",\"@id\":\"https:\\\/\\\/www.musikzeitung.ch\\\/#organization\",\"name\":\"Schweizer Musikzeitung\",\"url\":\"https:\\\/\\\/www.musikzeitung.ch\\\/\",\"logo\":{\"@type\":\"ImageObject\",\"inLanguage\":\"en-US\",\"@id\":\"https:\\\/\\\/www.musikzeitung.ch\\\/#\\\/schema\\\/logo\\\/image\\\/\",\"url\":\"https:\\\/\\\/www.musikzeitung.ch\\\/wp-content\\\/uploads\\\/2023\\\/01\\\/SMZ_Schriftzug_Sprache.png\",\"contentUrl\":\"https:\\\/\\\/www.musikzeitung.ch\\\/wp-content\\\/uploads\\\/2023\\\/01\\\/SMZ_Schriftzug_Sprache.png\",\"width\":1400,\"height\":279,\"caption\":\"Schweizer Musikzeitung\"},\"image\":{\"@id\":\"https:\\\/\\\/www.musikzeitung.ch\\\/#\\\/schema\\\/logo\\\/image\\\/\"},\"sameAs\":[\"https:\\\/\\\/www.facebook.com\\\/SchweizerMusikzeitung\\\/\",\"https:\\\/\\\/x.com\\\/smusikzeitung\",\"https:\\\/\\\/www.instagram.com\\\/musikzeitung.ch\\\/\"]},{\"@type\":\"Person\",\"@id\":\"https:\\\/\\\/www.musikzeitung.ch\\\/#\\\/schema\\\/person\\\/0da4fb82d243f1252850a35d0e87cf0c\",\"name\":\"Wolfgang B\u00f6hler\",\"image\":{\"@type\":\"ImageObject\",\"inLanguage\":\"en-US\",\"@id\":\"https:\\\/\\\/www.musikzeitung.ch\\\/wp-content\\\/uploads\\\/2023\\\/01\\\/boehler_portraet_web-e1674139782246-96x96.jpg\",\"url\":\"https:\\\/\\\/www.musikzeitung.ch\\\/wp-content\\\/uploads\\\/2023\\\/01\\\/boehler_portraet_web-e1674139782246-96x96.jpg\",\"contentUrl\":\"https:\\\/\\\/www.musikzeitung.ch\\\/wp-content\\\/uploads\\\/2023\\\/01\\\/boehler_portraet_web-e1674139782246-96x96.jpg\",\"caption\":\"Wolfgang B\u00f6hler\"},\"sameAs\":[\"http:\\\/\\\/www.manacanto.ch\",\"https:\\\/\\\/www.facebook.com\\\/wolfgang.bohler.75\"],\"url\":\"https:\\\/\\\/www.musikzeitung.ch\\\/en\\\/author\\\/wolfgang-boehler\"}]}<\/script>\n<!-- \/ Yoast SEO plugin. -->","yoast_head_json":{"title":"Solothurn promotes Guldimann, Schoch, and Wyss - Swiss Music Journal","description":"Three cantonal music promotion prizes go to guitarist Zo\u00eb Lena Guldimann, composer Joel Schoch, and bassist Andreas Wyss in Solothurn.","robots":{"index":"index","follow":"follow","max-snippet":"max-snippet:-1","max-image-preview":"max-image-preview:large","max-video-preview":"max-video-preview:-1"},"canonical":"https:\/\/www.musikzeitung.ch\/en\/news\/2025\/06\/solothurn-foerdert-guldimann-schoch-und-wyss\/","og_locale":"en_US","og_type":"article","og_title":"Solothurn f\u00f6rdert Guldimann, Schoch und Wyss - Schweizer Musikzeitung","og_description":"Drei kantonale Musik-F\u00f6rderpreise gehen in Solothurn an die Gitarristin Zo\u00eb Lena Guldimann, den Komponisten Joel Schoch und den Bassisten Andreas Wyss.","og_url":"https:\/\/www.musikzeitung.ch\/en\/news\/2025\/06\/solothurn-foerdert-guldimann-schoch-und-wyss\/","og_site_name":"Schweizer Musikzeitung","article_publisher":"https:\/\/www.facebook.com\/SchweizerMusikzeitung\/","article_author":"https:\/\/www.facebook.com\/wolfgang.bohler.75","article_published_time":"2025-06-06T04:49:16+00:00","article_modified_time":"2025-06-06T06:17:24+00:00","og_image":[{"width":1140,"height":495,"url":"https:\/\/www.musikzeitung.ch\/wp-content\/uploads\/2025\/06\/250606so.jpg","type":"image\/jpeg"}],"author":"Wolfgang B\u00f6hler","twitter_card":"summary_large_image","twitter_creator":"@smusikzeitung","twitter_site":"@smusikzeitung","twitter_misc":{"Written by":"Wolfgang B\u00f6hler","Est. reading time":"2 minutes"},"schema":{"@context":"https:\/\/schema.org","@graph":[{"@type":"Article","@id":"https:\/\/www.musikzeitung.ch\/news\/2025\/06\/solothurn-foerdert-guldimann-schoch-und-wyss#article","isPartOf":{"@id":"https:\/\/www.musikzeitung.ch\/news\/2025\/06\/solothurn-foerdert-guldimann-schoch-und-wyss"},"author":{"name":"Wolfgang B\u00f6hler","@id":"https:\/\/www.musikzeitung.ch\/#\/schema\/person\/0da4fb82d243f1252850a35d0e87cf0c"},"headline":"Solothurn f\u00f6rdert Guldimann, Schoch und Wyss","datePublished":"2025-06-06T04:49:16+00:00","dateModified":"2025-06-06T06:17:24+00:00","mainEntityOfPage":{"@id":"https:\/\/www.musikzeitung.ch\/news\/2025\/06\/solothurn-foerdert-guldimann-schoch-und-wyss"},"wordCount":151,"publisher":{"@id":"https:\/\/www.musikzeitung.ch\/#organization"},"image":{"@id":"https:\/\/www.musikzeitung.ch\/news\/2025\/06\/solothurn-foerdert-guldimann-schoch-und-wyss#primaryimage"},"thumbnailUrl":"https:\/\/www.musikzeitung.ch\/wp-content\/uploads\/2025\/06\/250606so.jpg","keywords":["Andreas Wyss","Joel Schoch","Kanton Solothurn","Zo\u00eb Lena Guldimann"],"articleSection":["News"],"inLanguage":"en-US"},{"@type":"WebPage","@id":"https:\/\/www.musikzeitung.ch\/news\/2025\/06\/solothurn-foerdert-guldimann-schoch-und-wyss","url":"https:\/\/www.musikzeitung.ch\/news\/2025\/06\/solothurn-foerdert-guldimann-schoch-und-wyss","name":"Solothurn promotes Guldimann, Schoch, and Wyss - Swiss Music Journal","isPartOf":{"@id":"https:\/\/www.musikzeitung.ch\/#website"},"primaryImageOfPage":{"@id":"https:\/\/www.musikzeitung.ch\/news\/2025\/06\/solothurn-foerdert-guldimann-schoch-und-wyss#primaryimage"},"image":{"@id":"https:\/\/www.musikzeitung.ch\/news\/2025\/06\/solothurn-foerdert-guldimann-schoch-und-wyss#primaryimage"},"thumbnailUrl":"https:\/\/www.musikzeitung.ch\/wp-content\/uploads\/2025\/06\/250606so.jpg","datePublished":"2025-06-06T04:49:16+00:00","dateModified":"2025-06-06T06:17:24+00:00","description":"Three cantonal music promotion prizes go to guitarist Zo\u00eb Lena Guldimann, composer Joel Schoch, and bassist Andreas Wyss in Solothurn.","breadcrumb":{"@id":"https:\/\/www.musikzeitung.ch\/news\/2025\/06\/solothurn-foerdert-guldimann-schoch-und-wyss#breadcrumb"},"inLanguage":"en-US","potentialAction":[{"@type":"ReadAction","target":["https:\/\/www.musikzeitung.ch\/news\/2025\/06\/solothurn-foerdert-guldimann-schoch-und-wyss"]}]},{"@type":"ImageObject","inLanguage":"en-US","@id":"https:\/\/www.musikzeitung.ch\/news\/2025\/06\/solothurn-foerdert-guldimann-schoch-und-wyss#primaryimage","url":"https:\/\/www.musikzeitung.ch\/wp-content\/uploads\/2025\/06\/250606so.jpg","contentUrl":"https:\/\/www.musikzeitung.ch\/wp-content\/uploads\/2025\/06\/250606so.jpg","width":1140,"height":495,"caption":"v.l.n.r.: Wyss, Guldimann, Schoch (Bilder: Kanton Solothurn)"},{"@type":"BreadcrumbList","@id":"https:\/\/www.musikzeitung.ch\/news\/2025\/06\/solothurn-foerdert-guldimann-schoch-und-wyss#breadcrumb","itemListElement":[{"@type":"ListItem","position":1,"name":"Home","item":"https:\/\/www.musikzeitung.ch\/"},{"@type":"ListItem","position":2,"name":"Solothurn f\u00f6rdert Guldimann, Schoch und Wyss"}]},{"@type":"WebSite","@id":"https:\/\/www.musikzeitung.ch\/#website","url":"https:\/\/www.musikzeitung.ch\/","name":"Swiss Music Newspaper","description":"The leading interdisciplinary monthly newspaper in Switzerland for musical issues.","publisher":{"@id":"https:\/\/www.musikzeitung.ch\/#organization"},"potentialAction":[{"@type":"SearchAction","target":{"@type":"EntryPoint","urlTemplate":"https:\/\/www.musikzeitung.ch\/?s={search_term_string}"},"query-input":{"@type":"PropertyValueSpecification","valueRequired":true,"valueName":"search_term_string"}}],"inLanguage":"en-US"},{"@type":"Organization","@id":"https:\/\/www.musikzeitung.ch\/#organization","name":"Swiss Music Newspaper","url":"https:\/\/www.musikzeitung.ch\/","logo":{"@type":"ImageObject","inLanguage":"en-US","@id":"https:\/\/www.musikzeitung.ch\/#\/schema\/logo\/image\/","url":"https:\/\/www.musikzeitung.ch\/wp-content\/uploads\/2023\/01\/SMZ_Schriftzug_Sprache.png","contentUrl":"https:\/\/www.musikzeitung.ch\/wp-content\/uploads\/2023\/01\/SMZ_Schriftzug_Sprache.png","width":1400,"height":279,"caption":"Schweizer Musikzeitung"},"image":{"@id":"https:\/\/www.musikzeitung.ch\/#\/schema\/logo\/image\/"},"sameAs":["https:\/\/www.facebook.com\/SchweizerMusikzeitung\/","https:\/\/x.com\/smusikzeitung","https:\/\/www.instagram.com\/musikzeitung.ch\/"]},{"@type":"Person","@id":"https:\/\/www.musikzeitung.ch\/#\/schema\/person\/0da4fb82d243f1252850a35d0e87cf0c","name":"Wolfgang B\u00f6hler","image":{"@type":"ImageObject","inLanguage":"en-US","@id":"https:\/\/www.musikzeitung.ch\/wp-content\/uploads\/2023\/01\/boehler_portraet_web-e1674139782246-96x96.jpg","url":"https:\/\/www.musikzeitung.ch\/wp-content\/uploads\/2023\/01\/boehler_portraet_web-e1674139782246-96x96.jpg","contentUrl":"https:\/\/www.musikzeitung.ch\/wp-content\/uploads\/2023\/01\/boehler_portraet_web-e1674139782246-96x96.jpg","caption":"Wolfgang B\u00f6hler"},"sameAs":["http:\/\/www.manacanto.ch","https:\/\/www.facebook.com\/wolfgang.bohler.75"],"url":"https:\/\/www.musikzeitung.ch\/en\/author\/wolfgang-boehler"}]}},"publishpress_future_workflow_manual_trigger":{"enabledWorkflows":[]},"_links":{"self":[{"href":"https:\/\/www.musikzeitung.ch\/en\/wp-json\/wp\/v2\/posts\/65701","targetHints":{"allow":["GET"]}}],"collection":[{"href":"https:\/\/www.musikzeitung.ch\/en\/wp-json\/wp\/v2\/posts"}],"about":[{"href":"https:\/\/www.musikzeitung.ch\/en\/wp-json\/wp\/v2\/types\/post"}],"author":[{"embeddable":true,"href":"https:\/\/www.musikzeitung.ch\/en\/wp-json\/wp\/v2\/users\/30"}],"replies":[{"embeddable":true,"href":"https:\/\/www.musikzeitung.ch\/en\/wp-json\/wp\/v2\/comments?post=65701"}],"version-history":[{"count":3,"href":"https:\/\/www.musikzeitung.ch\/en\/wp-json\/wp\/v2\/posts\/65701\/revisions"}],"predecessor-version":[{"id":65705,"href":"https:\/\/www.musikzeitung.ch\/en\/wp-json\/wp\/v2\/posts\/65701\/revisions\/65705"}],"wp:featuredmedia":[{"embeddable":true,"href":"https:\/\/www.musikzeitung.ch\/en\/wp-json\/wp\/v2\/media\/65702"}],"wp:attachment":[{"href":"https:\/\/www.musikzeitung.ch\/en\/wp-json\/wp\/v2\/media?parent=65701"}],"wp:term":[{"taxonomy":"category","embeddable":true,"href":"https:\/\/www.musikzeitung.ch\/en\/wp-json\/wp\/v2\/categories?post=65701"},{"taxonomy":"post_tag","embeddable":true,"href":"https:\/\/www.musikzeitung.ch\/en\/wp-json\/wp\/v2\/tags?post=65701"}],"curies":[{"name":"wp","href":"https:\/\/api.w.org\/{rel}","templated":true}]}}