{"id":65890,"date":"2025-06-18T09:34:42","date_gmt":"2025-06-18T07:34:42","guid":{"rendered":"https:\/\/www.musikzeitung.ch\/?p=65890"},"modified":"2025-06-20T09:03:34","modified_gmt":"2025-06-20T07:03:34","slug":"roman-wyss-mit-oltner-kulturpreis-2025-ausgezeichnet","status":"publish","type":"post","link":"https:\/\/www.musikzeitung.ch\/en\/news\/2025\/06\/roman-wyss-mit-oltner-kulturpreis-2025-ausgezeichnet","title":{"rendered":"Roman Wyss awarded the Olten Culture Prize 2025"},"content":{"rendered":"<figure id=\"attachment_65891\" aria-describedby=\"caption-attachment-65891\" style=\"width: 745px\" class=\"wp-caption alignnone\"><img loading=\"lazy\" decoding=\"async\" class=\"wp-image-65891 size-full\" src=\"https:\/\/www.musikzeitung.ch\/wp-content\/uploads\/2025\/06\/250618wyss.jpg\" alt=\"\" width=\"745\" height=\"620\" srcset=\"https:\/\/www.musikzeitung.ch\/wp-content\/uploads\/2025\/06\/250618wyss.jpg 745w, https:\/\/www.musikzeitung.ch\/wp-content\/uploads\/2025\/06\/250618wyss-300x250.jpg 300w, https:\/\/www.musikzeitung.ch\/wp-content\/uploads\/2025\/06\/250618wyss-14x12.jpg 14w, https:\/\/www.musikzeitung.ch\/wp-content\/uploads\/2025\/06\/250618wyss-210x175.jpg 210w, https:\/\/www.musikzeitung.ch\/wp-content\/uploads\/2025\/06\/250618wyss-421x350.jpg 421w\" sizes=\"auto, (max-width: 745px) 100vw, 745px\" \/><figcaption id=\"caption-attachment-65891\" class=\"wp-caption-text\">Roman Wyss (Image: Annetta Wyss)<\/figcaption><\/figure>\n<p>In addition to working with Swiss music greats such as Endo Anaconda, Roman Wyss has produced audio books by Alex Capus and Pedro Lenz, among others, and has written musicals and pop songs. After receiving the City of Olten's sponsorship award in 1995, he has been able to develop his artistic career very successfully, writes the city.<\/p>\n<p>The city of Olten also awarded a sponsorship prize to saxophonist and composer Sara El Hachimi. And event manager and musician Christian Che Dietiker, who has been organizing parties and events for venues such as the Sch\u00fctzi and Galicia for years, received an honorary award.<\/p>\n<p>&nbsp;<\/p>","protected":false},"excerpt":{"rendered":"<p>The musician, composer and producer Roman Wyss has been awarded the Olten Culture Prize 2025. <\/p>","protected":false},"author":30,"featured_media":65891,"comment_status":"closed","ping_status":"closed","sticky":false,"template":"","format":"standard","meta":{"_acf_changed":false,"_relevanssi_hide_post":"","_relevanssi_hide_content":"","_relevanssi_pin_for_all":"","_relevanssi_pin_keywords":"","_relevanssi_unpin_keywords":"","_relevanssi_related_keywords":"","_relevanssi_related_include_ids":"","_relevanssi_related_exclude_ids":"","_relevanssi_related_no_append":"","_relevanssi_related_not_related":"","_relevanssi_related_posts":"","_relevanssi_noindex_reason":"","pgc_sgb_lightbox_settings":"","footnotes":""},"categories":[27],"tags":[5051],"class_list":["post-65890","post","type-post","status-publish","format-standard","has-post-thumbnail","hentry","category-news","tag-roman-wyss"],"acf":[],"yoast_head":"<!-- This site is optimized with the Yoast SEO plugin v27.4 - https:\/\/yoast.com\/product\/yoast-seo-wordpress\/ -->\n<title>Roman Wyss mit Oltner Kulturpreis 2025 ausgezeichnet - Schweizer Musikzeitung<\/title>\n<meta name=\"description\" content=\"Der Musiker, Komponist und Produzent Roman Wyss ist mit dem Oltner Kulturpreis 2025 ausgezeichnet worden.\" \/>\n<meta name=\"robots\" content=\"index, follow, max-snippet:-1, max-image-preview:large, max-video-preview:-1\" \/>\n<link rel=\"canonical\" href=\"https:\/\/www.musikzeitung.ch\/en\/news\/2025\/06\/roman-wyss-mit-oltner-kulturpreis-2025-ausgezeichnet\/\" \/>\n<meta property=\"og:locale\" content=\"en_US\" \/>\n<meta property=\"og:type\" content=\"article\" \/>\n<meta property=\"og:title\" content=\"Roman Wyss mit Oltner Kulturpreis 2025 ausgezeichnet - Schweizer Musikzeitung\" \/>\n<meta property=\"og:description\" content=\"Der Musiker, Komponist und Produzent Roman Wyss ist mit dem Oltner Kulturpreis 2025 ausgezeichnet worden.\" \/>\n<meta property=\"og:url\" content=\"https:\/\/www.musikzeitung.ch\/en\/news\/2025\/06\/roman-wyss-mit-oltner-kulturpreis-2025-ausgezeichnet\/\" \/>\n<meta property=\"og:site_name\" content=\"Schweizer Musikzeitung\" \/>\n<meta property=\"article:publisher\" content=\"https:\/\/www.facebook.com\/SchweizerMusikzeitung\/\" \/>\n<meta property=\"article:author\" content=\"https:\/\/www.facebook.com\/wolfgang.bohler.75\" \/>\n<meta property=\"article:published_time\" content=\"2025-06-18T07:34:42+00:00\" \/>\n<meta property=\"article:modified_time\" content=\"2025-06-20T07:03:34+00:00\" \/>\n<meta property=\"og:image\" content=\"https:\/\/www.musikzeitung.ch\/wp-content\/uploads\/2025\/06\/250618wyss.jpg\" \/>\n\t<meta property=\"og:image:width\" content=\"745\" \/>\n\t<meta property=\"og:image:height\" content=\"620\" \/>\n\t<meta property=\"og:image:type\" content=\"image\/jpeg\" \/>\n<meta name=\"author\" content=\"Wolfgang B\u00f6hler\" \/>\n<meta name=\"twitter:card\" content=\"summary_large_image\" \/>\n<meta name=\"twitter:creator\" content=\"@smusikzeitung\" \/>\n<meta name=\"twitter:site\" content=\"@smusikzeitung\" \/>\n<meta name=\"twitter:label1\" content=\"Written by\" \/>\n\t<meta name=\"twitter:data1\" content=\"Wolfgang B\u00f6hler\" \/>\n\t<meta name=\"twitter:label2\" content=\"Est. reading time\" \/>\n\t<meta name=\"twitter:data2\" content=\"1 minute\" \/>\n<script type=\"application\/ld+json\" class=\"yoast-schema-graph\">{\"@context\":\"https:\\\/\\\/schema.org\",\"@graph\":[{\"@type\":\"Article\",\"@id\":\"https:\\\/\\\/www.musikzeitung.ch\\\/news\\\/2025\\\/06\\\/roman-wyss-mit-oltner-kulturpreis-2025-ausgezeichnet#article\",\"isPartOf\":{\"@id\":\"https:\\\/\\\/www.musikzeitung.ch\\\/news\\\/2025\\\/06\\\/roman-wyss-mit-oltner-kulturpreis-2025-ausgezeichnet\"},\"author\":{\"name\":\"Wolfgang B\u00f6hler\",\"@id\":\"https:\\\/\\\/www.musikzeitung.ch\\\/#\\\/schema\\\/person\\\/0da4fb82d243f1252850a35d0e87cf0c\"},\"headline\":\"Roman Wyss mit Oltner Kulturpreis 2025 ausgezeichnet\",\"datePublished\":\"2025-06-18T07:34:42+00:00\",\"dateModified\":\"2025-06-20T07:03:34+00:00\",\"mainEntityOfPage\":{\"@id\":\"https:\\\/\\\/www.musikzeitung.ch\\\/news\\\/2025\\\/06\\\/roman-wyss-mit-oltner-kulturpreis-2025-ausgezeichnet\"},\"wordCount\":117,\"publisher\":{\"@id\":\"https:\\\/\\\/www.musikzeitung.ch\\\/#organization\"},\"image\":{\"@id\":\"https:\\\/\\\/www.musikzeitung.ch\\\/news\\\/2025\\\/06\\\/roman-wyss-mit-oltner-kulturpreis-2025-ausgezeichnet#primaryimage\"},\"thumbnailUrl\":\"https:\\\/\\\/www.musikzeitung.ch\\\/wp-content\\\/uploads\\\/2025\\\/06\\\/250618wyss.jpg\",\"keywords\":[\"Roman Wyss\"],\"articleSection\":[\"News\"],\"inLanguage\":\"en-US\"},{\"@type\":\"WebPage\",\"@id\":\"https:\\\/\\\/www.musikzeitung.ch\\\/news\\\/2025\\\/06\\\/roman-wyss-mit-oltner-kulturpreis-2025-ausgezeichnet\",\"url\":\"https:\\\/\\\/www.musikzeitung.ch\\\/news\\\/2025\\\/06\\\/roman-wyss-mit-oltner-kulturpreis-2025-ausgezeichnet\",\"name\":\"Roman Wyss mit Oltner Kulturpreis 2025 ausgezeichnet - Schweizer Musikzeitung\",\"isPartOf\":{\"@id\":\"https:\\\/\\\/www.musikzeitung.ch\\\/#website\"},\"primaryImageOfPage\":{\"@id\":\"https:\\\/\\\/www.musikzeitung.ch\\\/news\\\/2025\\\/06\\\/roman-wyss-mit-oltner-kulturpreis-2025-ausgezeichnet#primaryimage\"},\"image\":{\"@id\":\"https:\\\/\\\/www.musikzeitung.ch\\\/news\\\/2025\\\/06\\\/roman-wyss-mit-oltner-kulturpreis-2025-ausgezeichnet#primaryimage\"},\"thumbnailUrl\":\"https:\\\/\\\/www.musikzeitung.ch\\\/wp-content\\\/uploads\\\/2025\\\/06\\\/250618wyss.jpg\",\"datePublished\":\"2025-06-18T07:34:42+00:00\",\"dateModified\":\"2025-06-20T07:03:34+00:00\",\"description\":\"Der Musiker, Komponist und Produzent Roman Wyss ist mit dem Oltner Kulturpreis 2025 ausgezeichnet worden.\",\"breadcrumb\":{\"@id\":\"https:\\\/\\\/www.musikzeitung.ch\\\/news\\\/2025\\\/06\\\/roman-wyss-mit-oltner-kulturpreis-2025-ausgezeichnet#breadcrumb\"},\"inLanguage\":\"en-US\",\"potentialAction\":[{\"@type\":\"ReadAction\",\"target\":[\"https:\\\/\\\/www.musikzeitung.ch\\\/news\\\/2025\\\/06\\\/roman-wyss-mit-oltner-kulturpreis-2025-ausgezeichnet\"]}]},{\"@type\":\"ImageObject\",\"inLanguage\":\"en-US\",\"@id\":\"https:\\\/\\\/www.musikzeitung.ch\\\/news\\\/2025\\\/06\\\/roman-wyss-mit-oltner-kulturpreis-2025-ausgezeichnet#primaryimage\",\"url\":\"https:\\\/\\\/www.musikzeitung.ch\\\/wp-content\\\/uploads\\\/2025\\\/06\\\/250618wyss.jpg\",\"contentUrl\":\"https:\\\/\\\/www.musikzeitung.ch\\\/wp-content\\\/uploads\\\/2025\\\/06\\\/250618wyss.jpg\",\"width\":745,\"height\":620,\"caption\":\"Roman Wyss (Bild: anetta Wyss)\"},{\"@type\":\"BreadcrumbList\",\"@id\":\"https:\\\/\\\/www.musikzeitung.ch\\\/news\\\/2025\\\/06\\\/roman-wyss-mit-oltner-kulturpreis-2025-ausgezeichnet#breadcrumb\",\"itemListElement\":[{\"@type\":\"ListItem\",\"position\":1,\"name\":\"Home\",\"item\":\"https:\\\/\\\/www.musikzeitung.ch\\\/\"},{\"@type\":\"ListItem\",\"position\":2,\"name\":\"Roman Wyss mit Oltner Kulturpreis 2025 ausgezeichnet\"}]},{\"@type\":\"WebSite\",\"@id\":\"https:\\\/\\\/www.musikzeitung.ch\\\/#website\",\"url\":\"https:\\\/\\\/www.musikzeitung.ch\\\/\",\"name\":\"Schweizer Musikzeitung\",\"description\":\"Die f\u00fchrende sparten\u00fcbergreifende Monatszeitung in der Schweiz f\u00fcr musikalische Fragen.\",\"publisher\":{\"@id\":\"https:\\\/\\\/www.musikzeitung.ch\\\/#organization\"},\"potentialAction\":[{\"@type\":\"SearchAction\",\"target\":{\"@type\":\"EntryPoint\",\"urlTemplate\":\"https:\\\/\\\/www.musikzeitung.ch\\\/?s={search_term_string}\"},\"query-input\":{\"@type\":\"PropertyValueSpecification\",\"valueRequired\":true,\"valueName\":\"search_term_string\"}}],\"inLanguage\":\"en-US\"},{\"@type\":\"Organization\",\"@id\":\"https:\\\/\\\/www.musikzeitung.ch\\\/#organization\",\"name\":\"Schweizer Musikzeitung\",\"url\":\"https:\\\/\\\/www.musikzeitung.ch\\\/\",\"logo\":{\"@type\":\"ImageObject\",\"inLanguage\":\"en-US\",\"@id\":\"https:\\\/\\\/www.musikzeitung.ch\\\/#\\\/schema\\\/logo\\\/image\\\/\",\"url\":\"https:\\\/\\\/www.musikzeitung.ch\\\/wp-content\\\/uploads\\\/2023\\\/01\\\/SMZ_Schriftzug_Sprache.png\",\"contentUrl\":\"https:\\\/\\\/www.musikzeitung.ch\\\/wp-content\\\/uploads\\\/2023\\\/01\\\/SMZ_Schriftzug_Sprache.png\",\"width\":1400,\"height\":279,\"caption\":\"Schweizer Musikzeitung\"},\"image\":{\"@id\":\"https:\\\/\\\/www.musikzeitung.ch\\\/#\\\/schema\\\/logo\\\/image\\\/\"},\"sameAs\":[\"https:\\\/\\\/www.facebook.com\\\/SchweizerMusikzeitung\\\/\",\"https:\\\/\\\/x.com\\\/smusikzeitung\",\"https:\\\/\\\/www.instagram.com\\\/musikzeitung.ch\\\/\"]},{\"@type\":\"Person\",\"@id\":\"https:\\\/\\\/www.musikzeitung.ch\\\/#\\\/schema\\\/person\\\/0da4fb82d243f1252850a35d0e87cf0c\",\"name\":\"Wolfgang B\u00f6hler\",\"image\":{\"@type\":\"ImageObject\",\"inLanguage\":\"en-US\",\"@id\":\"https:\\\/\\\/www.musikzeitung.ch\\\/wp-content\\\/uploads\\\/2023\\\/01\\\/boehler_portraet_web-e1674139782246-96x96.jpg\",\"url\":\"https:\\\/\\\/www.musikzeitung.ch\\\/wp-content\\\/uploads\\\/2023\\\/01\\\/boehler_portraet_web-e1674139782246-96x96.jpg\",\"contentUrl\":\"https:\\\/\\\/www.musikzeitung.ch\\\/wp-content\\\/uploads\\\/2023\\\/01\\\/boehler_portraet_web-e1674139782246-96x96.jpg\",\"caption\":\"Wolfgang B\u00f6hler\"},\"sameAs\":[\"http:\\\/\\\/www.manacanto.ch\",\"https:\\\/\\\/www.facebook.com\\\/wolfgang.bohler.75\"],\"url\":\"https:\\\/\\\/www.musikzeitung.ch\\\/en\\\/author\\\/wolfgang-boehler\"}]}<\/script>\n<!-- \/ Yoast SEO plugin. -->","yoast_head_json":{"title":"Roman Wyss awarded Olten Culture Prize 2025 - Schweizer Musikzeitung","description":"The musician, composer and producer Roman Wyss has been awarded the Olten Culture Prize 2025.","robots":{"index":"index","follow":"follow","max-snippet":"max-snippet:-1","max-image-preview":"max-image-preview:large","max-video-preview":"max-video-preview:-1"},"canonical":"https:\/\/www.musikzeitung.ch\/en\/news\/2025\/06\/roman-wyss-mit-oltner-kulturpreis-2025-ausgezeichnet\/","og_locale":"en_US","og_type":"article","og_title":"Roman Wyss mit Oltner Kulturpreis 2025 ausgezeichnet - Schweizer Musikzeitung","og_description":"Der Musiker, Komponist und Produzent Roman Wyss ist mit dem Oltner Kulturpreis 2025 ausgezeichnet worden.","og_url":"https:\/\/www.musikzeitung.ch\/en\/news\/2025\/06\/roman-wyss-mit-oltner-kulturpreis-2025-ausgezeichnet\/","og_site_name":"Schweizer Musikzeitung","article_publisher":"https:\/\/www.facebook.com\/SchweizerMusikzeitung\/","article_author":"https:\/\/www.facebook.com\/wolfgang.bohler.75","article_published_time":"2025-06-18T07:34:42+00:00","article_modified_time":"2025-06-20T07:03:34+00:00","og_image":[{"width":745,"height":620,"url":"https:\/\/www.musikzeitung.ch\/wp-content\/uploads\/2025\/06\/250618wyss.jpg","type":"image\/jpeg"}],"author":"Wolfgang B\u00f6hler","twitter_card":"summary_large_image","twitter_creator":"@smusikzeitung","twitter_site":"@smusikzeitung","twitter_misc":{"Written by":"Wolfgang B\u00f6hler","Est. reading time":"1 minute"},"schema":{"@context":"https:\/\/schema.org","@graph":[{"@type":"Article","@id":"https:\/\/www.musikzeitung.ch\/news\/2025\/06\/roman-wyss-mit-oltner-kulturpreis-2025-ausgezeichnet#article","isPartOf":{"@id":"https:\/\/www.musikzeitung.ch\/news\/2025\/06\/roman-wyss-mit-oltner-kulturpreis-2025-ausgezeichnet"},"author":{"name":"Wolfgang B\u00f6hler","@id":"https:\/\/www.musikzeitung.ch\/#\/schema\/person\/0da4fb82d243f1252850a35d0e87cf0c"},"headline":"Roman Wyss mit Oltner Kulturpreis 2025 ausgezeichnet","datePublished":"2025-06-18T07:34:42+00:00","dateModified":"2025-06-20T07:03:34+00:00","mainEntityOfPage":{"@id":"https:\/\/www.musikzeitung.ch\/news\/2025\/06\/roman-wyss-mit-oltner-kulturpreis-2025-ausgezeichnet"},"wordCount":117,"publisher":{"@id":"https:\/\/www.musikzeitung.ch\/#organization"},"image":{"@id":"https:\/\/www.musikzeitung.ch\/news\/2025\/06\/roman-wyss-mit-oltner-kulturpreis-2025-ausgezeichnet#primaryimage"},"thumbnailUrl":"https:\/\/www.musikzeitung.ch\/wp-content\/uploads\/2025\/06\/250618wyss.jpg","keywords":["Roman Wyss"],"articleSection":["News"],"inLanguage":"en-US"},{"@type":"WebPage","@id":"https:\/\/www.musikzeitung.ch\/news\/2025\/06\/roman-wyss-mit-oltner-kulturpreis-2025-ausgezeichnet","url":"https:\/\/www.musikzeitung.ch\/news\/2025\/06\/roman-wyss-mit-oltner-kulturpreis-2025-ausgezeichnet","name":"Roman Wyss awarded Olten Culture Prize 2025 - Schweizer Musikzeitung","isPartOf":{"@id":"https:\/\/www.musikzeitung.ch\/#website"},"primaryImageOfPage":{"@id":"https:\/\/www.musikzeitung.ch\/news\/2025\/06\/roman-wyss-mit-oltner-kulturpreis-2025-ausgezeichnet#primaryimage"},"image":{"@id":"https:\/\/www.musikzeitung.ch\/news\/2025\/06\/roman-wyss-mit-oltner-kulturpreis-2025-ausgezeichnet#primaryimage"},"thumbnailUrl":"https:\/\/www.musikzeitung.ch\/wp-content\/uploads\/2025\/06\/250618wyss.jpg","datePublished":"2025-06-18T07:34:42+00:00","dateModified":"2025-06-20T07:03:34+00:00","description":"The musician, composer and producer Roman Wyss has been awarded the Olten Culture Prize 2025.","breadcrumb":{"@id":"https:\/\/www.musikzeitung.ch\/news\/2025\/06\/roman-wyss-mit-oltner-kulturpreis-2025-ausgezeichnet#breadcrumb"},"inLanguage":"en-US","potentialAction":[{"@type":"ReadAction","target":["https:\/\/www.musikzeitung.ch\/news\/2025\/06\/roman-wyss-mit-oltner-kulturpreis-2025-ausgezeichnet"]}]},{"@type":"ImageObject","inLanguage":"en-US","@id":"https:\/\/www.musikzeitung.ch\/news\/2025\/06\/roman-wyss-mit-oltner-kulturpreis-2025-ausgezeichnet#primaryimage","url":"https:\/\/www.musikzeitung.ch\/wp-content\/uploads\/2025\/06\/250618wyss.jpg","contentUrl":"https:\/\/www.musikzeitung.ch\/wp-content\/uploads\/2025\/06\/250618wyss.jpg","width":745,"height":620,"caption":"Roman Wyss (Bild: anetta Wyss)"},{"@type":"BreadcrumbList","@id":"https:\/\/www.musikzeitung.ch\/news\/2025\/06\/roman-wyss-mit-oltner-kulturpreis-2025-ausgezeichnet#breadcrumb","itemListElement":[{"@type":"ListItem","position":1,"name":"Home","item":"https:\/\/www.musikzeitung.ch\/"},{"@type":"ListItem","position":2,"name":"Roman Wyss mit Oltner Kulturpreis 2025 ausgezeichnet"}]},{"@type":"WebSite","@id":"https:\/\/www.musikzeitung.ch\/#website","url":"https:\/\/www.musikzeitung.ch\/","name":"Swiss Music Newspaper","description":"The leading interdisciplinary monthly newspaper in Switzerland for musical issues.","publisher":{"@id":"https:\/\/www.musikzeitung.ch\/#organization"},"potentialAction":[{"@type":"SearchAction","target":{"@type":"EntryPoint","urlTemplate":"https:\/\/www.musikzeitung.ch\/?s={search_term_string}"},"query-input":{"@type":"PropertyValueSpecification","valueRequired":true,"valueName":"search_term_string"}}],"inLanguage":"en-US"},{"@type":"Organization","@id":"https:\/\/www.musikzeitung.ch\/#organization","name":"Swiss Music Newspaper","url":"https:\/\/www.musikzeitung.ch\/","logo":{"@type":"ImageObject","inLanguage":"en-US","@id":"https:\/\/www.musikzeitung.ch\/#\/schema\/logo\/image\/","url":"https:\/\/www.musikzeitung.ch\/wp-content\/uploads\/2023\/01\/SMZ_Schriftzug_Sprache.png","contentUrl":"https:\/\/www.musikzeitung.ch\/wp-content\/uploads\/2023\/01\/SMZ_Schriftzug_Sprache.png","width":1400,"height":279,"caption":"Schweizer Musikzeitung"},"image":{"@id":"https:\/\/www.musikzeitung.ch\/#\/schema\/logo\/image\/"},"sameAs":["https:\/\/www.facebook.com\/SchweizerMusikzeitung\/","https:\/\/x.com\/smusikzeitung","https:\/\/www.instagram.com\/musikzeitung.ch\/"]},{"@type":"Person","@id":"https:\/\/www.musikzeitung.ch\/#\/schema\/person\/0da4fb82d243f1252850a35d0e87cf0c","name":"Wolfgang B\u00f6hler","image":{"@type":"ImageObject","inLanguage":"en-US","@id":"https:\/\/www.musikzeitung.ch\/wp-content\/uploads\/2023\/01\/boehler_portraet_web-e1674139782246-96x96.jpg","url":"https:\/\/www.musikzeitung.ch\/wp-content\/uploads\/2023\/01\/boehler_portraet_web-e1674139782246-96x96.jpg","contentUrl":"https:\/\/www.musikzeitung.ch\/wp-content\/uploads\/2023\/01\/boehler_portraet_web-e1674139782246-96x96.jpg","caption":"Wolfgang B\u00f6hler"},"sameAs":["http:\/\/www.manacanto.ch","https:\/\/www.facebook.com\/wolfgang.bohler.75"],"url":"https:\/\/www.musikzeitung.ch\/en\/author\/wolfgang-boehler"}]}},"publishpress_future_workflow_manual_trigger":{"enabledWorkflows":[]},"_links":{"self":[{"href":"https:\/\/www.musikzeitung.ch\/en\/wp-json\/wp\/v2\/posts\/65890","targetHints":{"allow":["GET"]}}],"collection":[{"href":"https:\/\/www.musikzeitung.ch\/en\/wp-json\/wp\/v2\/posts"}],"about":[{"href":"https:\/\/www.musikzeitung.ch\/en\/wp-json\/wp\/v2\/types\/post"}],"author":[{"embeddable":true,"href":"https:\/\/www.musikzeitung.ch\/en\/wp-json\/wp\/v2\/users\/30"}],"replies":[{"embeddable":true,"href":"https:\/\/www.musikzeitung.ch\/en\/wp-json\/wp\/v2\/comments?post=65890"}],"version-history":[{"count":4,"href":"https:\/\/www.musikzeitung.ch\/en\/wp-json\/wp\/v2\/posts\/65890\/revisions"}],"predecessor-version":[{"id":65895,"href":"https:\/\/www.musikzeitung.ch\/en\/wp-json\/wp\/v2\/posts\/65890\/revisions\/65895"}],"wp:featuredmedia":[{"embeddable":true,"href":"https:\/\/www.musikzeitung.ch\/en\/wp-json\/wp\/v2\/media\/65891"}],"wp:attachment":[{"href":"https:\/\/www.musikzeitung.ch\/en\/wp-json\/wp\/v2\/media?parent=65890"}],"wp:term":[{"taxonomy":"category","embeddable":true,"href":"https:\/\/www.musikzeitung.ch\/en\/wp-json\/wp\/v2\/categories?post=65890"},{"taxonomy":"post_tag","embeddable":true,"href":"https:\/\/www.musikzeitung.ch\/en\/wp-json\/wp\/v2\/tags?post=65890"}],"curies":[{"name":"wp","href":"https:\/\/api.w.org\/{rel}","templated":true}]}}