{"id":65983,"date":"2025-06-25T16:30:28","date_gmt":"2025-06-25T14:30:28","guid":{"rendered":"https:\/\/www.musikzeitung.ch\/?p=65983"},"modified":"2025-06-25T16:54:29","modified_gmt":"2025-06-25T14:54:29","slug":"lonca-wird-in-bern-erster-kapellmeister","status":"publish","type":"post","link":"https:\/\/www.musikzeitung.ch\/en\/news\/2025\/06\/lonca-wird-in-bern-erster-kapellmeister","title":{"rendered":"Lonca becomes first conductor in Bern"},"content":{"rendered":"<figure id=\"attachment_65987\" aria-describedby=\"caption-attachment-65987\" style=\"width: 1134px\" class=\"wp-caption aligncenter\"><img loading=\"lazy\" decoding=\"async\" class=\"wp-image-65987 size-full\" src=\"https:\/\/www.musikzeitung.ch\/wp-content\/uploads\/2025\/06\/portrait_2_credits_karol_miczka.800x0_Web.jpg\" alt=\"\" width=\"1134\" height=\"653\" srcset=\"https:\/\/www.musikzeitung.ch\/wp-content\/uploads\/2025\/06\/portrait_2_credits_karol_miczka.800x0_Web.jpg 1134w, https:\/\/www.musikzeitung.ch\/wp-content\/uploads\/2025\/06\/portrait_2_credits_karol_miczka.800x0_Web-300x173.jpg 300w, https:\/\/www.musikzeitung.ch\/wp-content\/uploads\/2025\/06\/portrait_2_credits_karol_miczka.800x0_Web-1024x590.jpg 1024w, https:\/\/www.musikzeitung.ch\/wp-content\/uploads\/2025\/06\/portrait_2_credits_karol_miczka.800x0_Web-768x442.jpg 768w, https:\/\/www.musikzeitung.ch\/wp-content\/uploads\/2025\/06\/portrait_2_credits_karol_miczka.800x0_Web-18x10.jpg 18w, https:\/\/www.musikzeitung.ch\/wp-content\/uploads\/2025\/06\/portrait_2_credits_karol_miczka.800x0_Web-304x175.jpg 304w, https:\/\/www.musikzeitung.ch\/wp-content\/uploads\/2025\/06\/portrait_2_credits_karol_miczka.800x0_Web-608x350.jpg 608w, https:\/\/www.musikzeitung.ch\/wp-content\/uploads\/2025\/06\/portrait_2_credits_karol_miczka.800x0_Web-920x530.jpg 920w\" sizes=\"auto, (max-width: 1134px) 100vw, 1134px\" \/><figcaption id=\"caption-attachment-65987\" class=\"wp-caption-text\">Cl\u00e9ment Lonca. Photo: Karol Miczka<\/figcaption><\/figure>\n<p>Lonca succeeds Artem Lonhinov, who is moving to the Fribourg Theater next season. He completed his studies with a master's degree in orchestral conducting at the Haute \u00e9cole de musique de Gen\u00e8ve, where he also worked as an assistant professor and conducted the Swiss premiere of \u00c1rmin Cserven\u00e1k's <em>Spring <\/em>at the 76e Concours de Gen\u00e8ve.<\/p>\n<p>Cl\u00e9ment Lonca was a regular guest at the Op\u00e9ra national de Lyon and with the Ensemble Hector Berlioz. He has also worked as a musical assistant at festivals and major venues, such as the Salzburg Festival, the Vienna State Opera, the Theater an der Wien and the Th\u00e9\u00e2tre des Champs-Elys\u00e9es. In the 2025\/26 season, he will take over the musical direction of <em>Le nozze di Figaro,<\/em> of the ballet production\u00a0<em>Carmen<\/em>\u00a0and the world premiere of Salvatore Sciarrino's opera\u00a0<em>L'Agamennone<\/em>.<\/p>","protected":false},"excerpt":{"rendered":"<p>At the beginning of the 2025\/26 season, the French conductor Cl\u00e9ment Lonca will take up his position as Principal Conductor and Assistant to the Chief Conductor of Bern Opera. <\/p>","protected":false},"author":30,"featured_media":65987,"comment_status":"closed","ping_status":"closed","sticky":false,"template":"","format":"standard","meta":{"_acf_changed":false,"_relevanssi_hide_post":"","_relevanssi_hide_content":"","_relevanssi_pin_for_all":"","_relevanssi_pin_keywords":"","_relevanssi_unpin_keywords":"","_relevanssi_related_keywords":"","_relevanssi_related_include_ids":"","_relevanssi_related_exclude_ids":"","_relevanssi_related_no_append":"","_relevanssi_related_not_related":"","_relevanssi_related_posts":"","_relevanssi_noindex_reason":"","pgc_sgb_lightbox_settings":"","footnotes":""},"categories":[27],"tags":[3295,5060],"class_list":["post-65983","post","type-post","status-publish","format-standard","has-post-thumbnail","hentry","category-news","tag-buehnen-bern","tag-clement-lonca"],"acf":[],"yoast_head":"<!-- This site is optimized with the Yoast SEO plugin v27.4 - https:\/\/yoast.com\/product\/yoast-seo-wordpress\/ -->\n<title>Lonca wird in Bern Erster Kapellmeister - Schweizer Musikzeitung<\/title>\n<meta name=\"description\" content=\"Zu Beginn der Spielzeit 2025\/26 tritt Cl\u00e9ment Lonca seine Position als Erster Kapellmeister und Assistent der Chefdirigentin der Oper Bern an.\" \/>\n<meta name=\"robots\" content=\"index, follow, max-snippet:-1, max-image-preview:large, max-video-preview:-1\" \/>\n<link rel=\"canonical\" href=\"https:\/\/www.musikzeitung.ch\/en\/news\/2025\/06\/lonca-wird-in-bern-erster-kapellmeister\/\" \/>\n<meta property=\"og:locale\" content=\"en_US\" \/>\n<meta property=\"og:type\" content=\"article\" \/>\n<meta property=\"og:title\" content=\"Lonca wird in Bern Erster Kapellmeister - Schweizer Musikzeitung\" \/>\n<meta property=\"og:description\" content=\"Zu Beginn der Spielzeit 2025\/26 tritt Cl\u00e9ment Lonca seine Position als Erster Kapellmeister und Assistent der Chefdirigentin der Oper Bern an.\" \/>\n<meta property=\"og:url\" content=\"https:\/\/www.musikzeitung.ch\/en\/news\/2025\/06\/lonca-wird-in-bern-erster-kapellmeister\/\" \/>\n<meta property=\"og:site_name\" content=\"Schweizer Musikzeitung\" \/>\n<meta property=\"article:publisher\" content=\"https:\/\/www.facebook.com\/SchweizerMusikzeitung\/\" \/>\n<meta property=\"article:author\" content=\"https:\/\/www.facebook.com\/wolfgang.bohler.75\" \/>\n<meta property=\"article:published_time\" content=\"2025-06-25T14:30:28+00:00\" \/>\n<meta property=\"article:modified_time\" content=\"2025-06-25T14:54:29+00:00\" \/>\n<meta property=\"og:image\" content=\"https:\/\/www.musikzeitung.ch\/wp-content\/uploads\/2025\/06\/portrait_2_credits_karol_miczka.800x0_Web.jpg\" \/>\n\t<meta property=\"og:image:width\" content=\"1134\" \/>\n\t<meta property=\"og:image:height\" content=\"653\" \/>\n\t<meta property=\"og:image:type\" content=\"image\/jpeg\" \/>\n<meta name=\"author\" content=\"Wolfgang B\u00f6hler\" \/>\n<meta name=\"twitter:card\" content=\"summary_large_image\" \/>\n<meta name=\"twitter:creator\" content=\"@smusikzeitung\" \/>\n<meta name=\"twitter:site\" content=\"@smusikzeitung\" \/>\n<meta name=\"twitter:label1\" content=\"Written by\" \/>\n\t<meta name=\"twitter:data1\" content=\"Wolfgang B\u00f6hler\" \/>\n\t<meta name=\"twitter:label2\" content=\"Est. reading time\" \/>\n\t<meta name=\"twitter:data2\" content=\"2 minutes\" \/>\n<script type=\"application\/ld+json\" class=\"yoast-schema-graph\">{\"@context\":\"https:\\\/\\\/schema.org\",\"@graph\":[{\"@type\":\"Article\",\"@id\":\"https:\\\/\\\/www.musikzeitung.ch\\\/news\\\/2025\\\/06\\\/lonca-wird-in-bern-erster-kapellmeister#article\",\"isPartOf\":{\"@id\":\"https:\\\/\\\/www.musikzeitung.ch\\\/news\\\/2025\\\/06\\\/lonca-wird-in-bern-erster-kapellmeister\"},\"author\":{\"name\":\"Wolfgang B\u00f6hler\",\"@id\":\"https:\\\/\\\/www.musikzeitung.ch\\\/#\\\/schema\\\/person\\\/0da4fb82d243f1252850a35d0e87cf0c\"},\"headline\":\"Lonca wird in Bern Erster Kapellmeister\",\"datePublished\":\"2025-06-25T14:30:28+00:00\",\"dateModified\":\"2025-06-25T14:54:29+00:00\",\"mainEntityOfPage\":{\"@id\":\"https:\\\/\\\/www.musikzeitung.ch\\\/news\\\/2025\\\/06\\\/lonca-wird-in-bern-erster-kapellmeister\"},\"wordCount\":164,\"publisher\":{\"@id\":\"https:\\\/\\\/www.musikzeitung.ch\\\/#organization\"},\"image\":{\"@id\":\"https:\\\/\\\/www.musikzeitung.ch\\\/news\\\/2025\\\/06\\\/lonca-wird-in-bern-erster-kapellmeister#primaryimage\"},\"thumbnailUrl\":\"https:\\\/\\\/www.musikzeitung.ch\\\/wp-content\\\/uploads\\\/2025\\\/06\\\/portrait_2_credits_karol_miczka.800x0_Web.jpg\",\"keywords\":[\"B\u00fchnen Bern\",\"Cl\u00e9ment Lonca\"],\"articleSection\":[\"News\"],\"inLanguage\":\"en-US\"},{\"@type\":\"WebPage\",\"@id\":\"https:\\\/\\\/www.musikzeitung.ch\\\/news\\\/2025\\\/06\\\/lonca-wird-in-bern-erster-kapellmeister\",\"url\":\"https:\\\/\\\/www.musikzeitung.ch\\\/news\\\/2025\\\/06\\\/lonca-wird-in-bern-erster-kapellmeister\",\"name\":\"Lonca wird in Bern Erster Kapellmeister - Schweizer Musikzeitung\",\"isPartOf\":{\"@id\":\"https:\\\/\\\/www.musikzeitung.ch\\\/#website\"},\"primaryImageOfPage\":{\"@id\":\"https:\\\/\\\/www.musikzeitung.ch\\\/news\\\/2025\\\/06\\\/lonca-wird-in-bern-erster-kapellmeister#primaryimage\"},\"image\":{\"@id\":\"https:\\\/\\\/www.musikzeitung.ch\\\/news\\\/2025\\\/06\\\/lonca-wird-in-bern-erster-kapellmeister#primaryimage\"},\"thumbnailUrl\":\"https:\\\/\\\/www.musikzeitung.ch\\\/wp-content\\\/uploads\\\/2025\\\/06\\\/portrait_2_credits_karol_miczka.800x0_Web.jpg\",\"datePublished\":\"2025-06-25T14:30:28+00:00\",\"dateModified\":\"2025-06-25T14:54:29+00:00\",\"description\":\"Zu Beginn der Spielzeit 2025\\\/26 tritt Cl\u00e9ment Lonca seine Position als Erster Kapellmeister und Assistent der Chefdirigentin der Oper Bern an.\",\"breadcrumb\":{\"@id\":\"https:\\\/\\\/www.musikzeitung.ch\\\/news\\\/2025\\\/06\\\/lonca-wird-in-bern-erster-kapellmeister#breadcrumb\"},\"inLanguage\":\"en-US\",\"potentialAction\":[{\"@type\":\"ReadAction\",\"target\":[\"https:\\\/\\\/www.musikzeitung.ch\\\/news\\\/2025\\\/06\\\/lonca-wird-in-bern-erster-kapellmeister\"]}]},{\"@type\":\"ImageObject\",\"inLanguage\":\"en-US\",\"@id\":\"https:\\\/\\\/www.musikzeitung.ch\\\/news\\\/2025\\\/06\\\/lonca-wird-in-bern-erster-kapellmeister#primaryimage\",\"url\":\"https:\\\/\\\/www.musikzeitung.ch\\\/wp-content\\\/uploads\\\/2025\\\/06\\\/portrait_2_credits_karol_miczka.800x0_Web.jpg\",\"contentUrl\":\"https:\\\/\\\/www.musikzeitung.ch\\\/wp-content\\\/uploads\\\/2025\\\/06\\\/portrait_2_credits_karol_miczka.800x0_Web.jpg\",\"width\":1134,\"height\":653},{\"@type\":\"BreadcrumbList\",\"@id\":\"https:\\\/\\\/www.musikzeitung.ch\\\/news\\\/2025\\\/06\\\/lonca-wird-in-bern-erster-kapellmeister#breadcrumb\",\"itemListElement\":[{\"@type\":\"ListItem\",\"position\":1,\"name\":\"Home\",\"item\":\"https:\\\/\\\/www.musikzeitung.ch\\\/\"},{\"@type\":\"ListItem\",\"position\":2,\"name\":\"Lonca wird in Bern Erster Kapellmeister\"}]},{\"@type\":\"WebSite\",\"@id\":\"https:\\\/\\\/www.musikzeitung.ch\\\/#website\",\"url\":\"https:\\\/\\\/www.musikzeitung.ch\\\/\",\"name\":\"Schweizer Musikzeitung\",\"description\":\"Die f\u00fchrende sparten\u00fcbergreifende Monatszeitung in der Schweiz f\u00fcr musikalische Fragen.\",\"publisher\":{\"@id\":\"https:\\\/\\\/www.musikzeitung.ch\\\/#organization\"},\"potentialAction\":[{\"@type\":\"SearchAction\",\"target\":{\"@type\":\"EntryPoint\",\"urlTemplate\":\"https:\\\/\\\/www.musikzeitung.ch\\\/?s={search_term_string}\"},\"query-input\":{\"@type\":\"PropertyValueSpecification\",\"valueRequired\":true,\"valueName\":\"search_term_string\"}}],\"inLanguage\":\"en-US\"},{\"@type\":\"Organization\",\"@id\":\"https:\\\/\\\/www.musikzeitung.ch\\\/#organization\",\"name\":\"Schweizer Musikzeitung\",\"url\":\"https:\\\/\\\/www.musikzeitung.ch\\\/\",\"logo\":{\"@type\":\"ImageObject\",\"inLanguage\":\"en-US\",\"@id\":\"https:\\\/\\\/www.musikzeitung.ch\\\/#\\\/schema\\\/logo\\\/image\\\/\",\"url\":\"https:\\\/\\\/www.musikzeitung.ch\\\/wp-content\\\/uploads\\\/2023\\\/01\\\/SMZ_Schriftzug_Sprache.png\",\"contentUrl\":\"https:\\\/\\\/www.musikzeitung.ch\\\/wp-content\\\/uploads\\\/2023\\\/01\\\/SMZ_Schriftzug_Sprache.png\",\"width\":1400,\"height\":279,\"caption\":\"Schweizer Musikzeitung\"},\"image\":{\"@id\":\"https:\\\/\\\/www.musikzeitung.ch\\\/#\\\/schema\\\/logo\\\/image\\\/\"},\"sameAs\":[\"https:\\\/\\\/www.facebook.com\\\/SchweizerMusikzeitung\\\/\",\"https:\\\/\\\/x.com\\\/smusikzeitung\",\"https:\\\/\\\/www.instagram.com\\\/musikzeitung.ch\\\/\"]},{\"@type\":\"Person\",\"@id\":\"https:\\\/\\\/www.musikzeitung.ch\\\/#\\\/schema\\\/person\\\/0da4fb82d243f1252850a35d0e87cf0c\",\"name\":\"Wolfgang B\u00f6hler\",\"image\":{\"@type\":\"ImageObject\",\"inLanguage\":\"en-US\",\"@id\":\"https:\\\/\\\/www.musikzeitung.ch\\\/wp-content\\\/uploads\\\/2023\\\/01\\\/boehler_portraet_web-e1674139782246-96x96.jpg\",\"url\":\"https:\\\/\\\/www.musikzeitung.ch\\\/wp-content\\\/uploads\\\/2023\\\/01\\\/boehler_portraet_web-e1674139782246-96x96.jpg\",\"contentUrl\":\"https:\\\/\\\/www.musikzeitung.ch\\\/wp-content\\\/uploads\\\/2023\\\/01\\\/boehler_portraet_web-e1674139782246-96x96.jpg\",\"caption\":\"Wolfgang B\u00f6hler\"},\"sameAs\":[\"http:\\\/\\\/www.manacanto.ch\",\"https:\\\/\\\/www.facebook.com\\\/wolfgang.bohler.75\"],\"url\":\"https:\\\/\\\/www.musikzeitung.ch\\\/en\\\/author\\\/wolfgang-boehler\"}]}<\/script>\n<!-- \/ Yoast SEO plugin. -->","yoast_head_json":{"title":"Lonca becomes first conductor in Bern - Schweizer Musikzeitung","description":"At the beginning of the 2025\/26 season, Cl\u00e9ment Lonca will take up his position as Principal Conductor and Assistant to the Chief Conductor of Bern Opera.","robots":{"index":"index","follow":"follow","max-snippet":"max-snippet:-1","max-image-preview":"max-image-preview:large","max-video-preview":"max-video-preview:-1"},"canonical":"https:\/\/www.musikzeitung.ch\/en\/news\/2025\/06\/lonca-wird-in-bern-erster-kapellmeister\/","og_locale":"en_US","og_type":"article","og_title":"Lonca wird in Bern Erster Kapellmeister - Schweizer Musikzeitung","og_description":"Zu Beginn der Spielzeit 2025\/26 tritt Cl\u00e9ment Lonca seine Position als Erster Kapellmeister und Assistent der Chefdirigentin der Oper Bern an.","og_url":"https:\/\/www.musikzeitung.ch\/en\/news\/2025\/06\/lonca-wird-in-bern-erster-kapellmeister\/","og_site_name":"Schweizer Musikzeitung","article_publisher":"https:\/\/www.facebook.com\/SchweizerMusikzeitung\/","article_author":"https:\/\/www.facebook.com\/wolfgang.bohler.75","article_published_time":"2025-06-25T14:30:28+00:00","article_modified_time":"2025-06-25T14:54:29+00:00","og_image":[{"width":1134,"height":653,"url":"https:\/\/www.musikzeitung.ch\/wp-content\/uploads\/2025\/06\/portrait_2_credits_karol_miczka.800x0_Web.jpg","type":"image\/jpeg"}],"author":"Wolfgang B\u00f6hler","twitter_card":"summary_large_image","twitter_creator":"@smusikzeitung","twitter_site":"@smusikzeitung","twitter_misc":{"Written by":"Wolfgang B\u00f6hler","Est. reading time":"2 minutes"},"schema":{"@context":"https:\/\/schema.org","@graph":[{"@type":"Article","@id":"https:\/\/www.musikzeitung.ch\/news\/2025\/06\/lonca-wird-in-bern-erster-kapellmeister#article","isPartOf":{"@id":"https:\/\/www.musikzeitung.ch\/news\/2025\/06\/lonca-wird-in-bern-erster-kapellmeister"},"author":{"name":"Wolfgang B\u00f6hler","@id":"https:\/\/www.musikzeitung.ch\/#\/schema\/person\/0da4fb82d243f1252850a35d0e87cf0c"},"headline":"Lonca wird in Bern Erster Kapellmeister","datePublished":"2025-06-25T14:30:28+00:00","dateModified":"2025-06-25T14:54:29+00:00","mainEntityOfPage":{"@id":"https:\/\/www.musikzeitung.ch\/news\/2025\/06\/lonca-wird-in-bern-erster-kapellmeister"},"wordCount":164,"publisher":{"@id":"https:\/\/www.musikzeitung.ch\/#organization"},"image":{"@id":"https:\/\/www.musikzeitung.ch\/news\/2025\/06\/lonca-wird-in-bern-erster-kapellmeister#primaryimage"},"thumbnailUrl":"https:\/\/www.musikzeitung.ch\/wp-content\/uploads\/2025\/06\/portrait_2_credits_karol_miczka.800x0_Web.jpg","keywords":["B\u00fchnen Bern","Cl\u00e9ment Lonca"],"articleSection":["News"],"inLanguage":"en-US"},{"@type":"WebPage","@id":"https:\/\/www.musikzeitung.ch\/news\/2025\/06\/lonca-wird-in-bern-erster-kapellmeister","url":"https:\/\/www.musikzeitung.ch\/news\/2025\/06\/lonca-wird-in-bern-erster-kapellmeister","name":"Lonca becomes first conductor in Bern - Schweizer Musikzeitung","isPartOf":{"@id":"https:\/\/www.musikzeitung.ch\/#website"},"primaryImageOfPage":{"@id":"https:\/\/www.musikzeitung.ch\/news\/2025\/06\/lonca-wird-in-bern-erster-kapellmeister#primaryimage"},"image":{"@id":"https:\/\/www.musikzeitung.ch\/news\/2025\/06\/lonca-wird-in-bern-erster-kapellmeister#primaryimage"},"thumbnailUrl":"https:\/\/www.musikzeitung.ch\/wp-content\/uploads\/2025\/06\/portrait_2_credits_karol_miczka.800x0_Web.jpg","datePublished":"2025-06-25T14:30:28+00:00","dateModified":"2025-06-25T14:54:29+00:00","description":"At the beginning of the 2025\/26 season, Cl\u00e9ment Lonca will take up his position as Principal Conductor and Assistant to the Chief Conductor of Bern Opera.","breadcrumb":{"@id":"https:\/\/www.musikzeitung.ch\/news\/2025\/06\/lonca-wird-in-bern-erster-kapellmeister#breadcrumb"},"inLanguage":"en-US","potentialAction":[{"@type":"ReadAction","target":["https:\/\/www.musikzeitung.ch\/news\/2025\/06\/lonca-wird-in-bern-erster-kapellmeister"]}]},{"@type":"ImageObject","inLanguage":"en-US","@id":"https:\/\/www.musikzeitung.ch\/news\/2025\/06\/lonca-wird-in-bern-erster-kapellmeister#primaryimage","url":"https:\/\/www.musikzeitung.ch\/wp-content\/uploads\/2025\/06\/portrait_2_credits_karol_miczka.800x0_Web.jpg","contentUrl":"https:\/\/www.musikzeitung.ch\/wp-content\/uploads\/2025\/06\/portrait_2_credits_karol_miczka.800x0_Web.jpg","width":1134,"height":653},{"@type":"BreadcrumbList","@id":"https:\/\/www.musikzeitung.ch\/news\/2025\/06\/lonca-wird-in-bern-erster-kapellmeister#breadcrumb","itemListElement":[{"@type":"ListItem","position":1,"name":"Home","item":"https:\/\/www.musikzeitung.ch\/"},{"@type":"ListItem","position":2,"name":"Lonca wird in Bern Erster Kapellmeister"}]},{"@type":"WebSite","@id":"https:\/\/www.musikzeitung.ch\/#website","url":"https:\/\/www.musikzeitung.ch\/","name":"Swiss Music Newspaper","description":"The leading interdisciplinary monthly newspaper in Switzerland for musical issues.","publisher":{"@id":"https:\/\/www.musikzeitung.ch\/#organization"},"potentialAction":[{"@type":"SearchAction","target":{"@type":"EntryPoint","urlTemplate":"https:\/\/www.musikzeitung.ch\/?s={search_term_string}"},"query-input":{"@type":"PropertyValueSpecification","valueRequired":true,"valueName":"search_term_string"}}],"inLanguage":"en-US"},{"@type":"Organization","@id":"https:\/\/www.musikzeitung.ch\/#organization","name":"Swiss Music Newspaper","url":"https:\/\/www.musikzeitung.ch\/","logo":{"@type":"ImageObject","inLanguage":"en-US","@id":"https:\/\/www.musikzeitung.ch\/#\/schema\/logo\/image\/","url":"https:\/\/www.musikzeitung.ch\/wp-content\/uploads\/2023\/01\/SMZ_Schriftzug_Sprache.png","contentUrl":"https:\/\/www.musikzeitung.ch\/wp-content\/uploads\/2023\/01\/SMZ_Schriftzug_Sprache.png","width":1400,"height":279,"caption":"Schweizer Musikzeitung"},"image":{"@id":"https:\/\/www.musikzeitung.ch\/#\/schema\/logo\/image\/"},"sameAs":["https:\/\/www.facebook.com\/SchweizerMusikzeitung\/","https:\/\/x.com\/smusikzeitung","https:\/\/www.instagram.com\/musikzeitung.ch\/"]},{"@type":"Person","@id":"https:\/\/www.musikzeitung.ch\/#\/schema\/person\/0da4fb82d243f1252850a35d0e87cf0c","name":"Wolfgang B\u00f6hler","image":{"@type":"ImageObject","inLanguage":"en-US","@id":"https:\/\/www.musikzeitung.ch\/wp-content\/uploads\/2023\/01\/boehler_portraet_web-e1674139782246-96x96.jpg","url":"https:\/\/www.musikzeitung.ch\/wp-content\/uploads\/2023\/01\/boehler_portraet_web-e1674139782246-96x96.jpg","contentUrl":"https:\/\/www.musikzeitung.ch\/wp-content\/uploads\/2023\/01\/boehler_portraet_web-e1674139782246-96x96.jpg","caption":"Wolfgang B\u00f6hler"},"sameAs":["http:\/\/www.manacanto.ch","https:\/\/www.facebook.com\/wolfgang.bohler.75"],"url":"https:\/\/www.musikzeitung.ch\/en\/author\/wolfgang-boehler"}]}},"publishpress_future_workflow_manual_trigger":{"enabledWorkflows":[]},"_links":{"self":[{"href":"https:\/\/www.musikzeitung.ch\/en\/wp-json\/wp\/v2\/posts\/65983","targetHints":{"allow":["GET"]}}],"collection":[{"href":"https:\/\/www.musikzeitung.ch\/en\/wp-json\/wp\/v2\/posts"}],"about":[{"href":"https:\/\/www.musikzeitung.ch\/en\/wp-json\/wp\/v2\/types\/post"}],"author":[{"embeddable":true,"href":"https:\/\/www.musikzeitung.ch\/en\/wp-json\/wp\/v2\/users\/30"}],"replies":[{"embeddable":true,"href":"https:\/\/www.musikzeitung.ch\/en\/wp-json\/wp\/v2\/comments?post=65983"}],"version-history":[{"count":3,"href":"https:\/\/www.musikzeitung.ch\/en\/wp-json\/wp\/v2\/posts\/65983\/revisions"}],"predecessor-version":[{"id":65988,"href":"https:\/\/www.musikzeitung.ch\/en\/wp-json\/wp\/v2\/posts\/65983\/revisions\/65988"}],"wp:featuredmedia":[{"embeddable":true,"href":"https:\/\/www.musikzeitung.ch\/en\/wp-json\/wp\/v2\/media\/65987"}],"wp:attachment":[{"href":"https:\/\/www.musikzeitung.ch\/en\/wp-json\/wp\/v2\/media?parent=65983"}],"wp:term":[{"taxonomy":"category","embeddable":true,"href":"https:\/\/www.musikzeitung.ch\/en\/wp-json\/wp\/v2\/categories?post=65983"},{"taxonomy":"post_tag","embeddable":true,"href":"https:\/\/www.musikzeitung.ch\/en\/wp-json\/wp\/v2\/tags?post=65983"}],"curies":[{"name":"wp","href":"https:\/\/api.w.org\/{rel}","templated":true}]}}