{"id":66067,"date":"2025-06-30T09:16:16","date_gmt":"2025-06-30T07:16:16","guid":{"rendered":"https:\/\/www.musikzeitung.ch\/?p=66067"},"modified":"2025-06-30T10:32:44","modified_gmt":"2025-06-30T08:32:44","slug":"colin-puetz-mit-prix-serdang-ausgezeichnet","status":"publish","type":"post","link":"https:\/\/www.musikzeitung.ch\/en\/news\/2025\/06\/colin-puetz-mit-prix-serdang-ausgezeichnet","title":{"rendered":"Colin P\u00fctz awarded the Prix Serdang"},"content":{"rendered":"<figure id=\"attachment_66068\" aria-describedby=\"caption-attachment-66068\" style=\"width: 900px\" class=\"wp-caption alignnone\"><img loading=\"lazy\" decoding=\"async\" class=\"size-full wp-image-66068\" src=\"https:\/\/www.musikzeitung.ch\/wp-content\/uploads\/2025\/06\/250630serdang.jpg\" alt=\"\" width=\"900\" height=\"617\" srcset=\"https:\/\/www.musikzeitung.ch\/wp-content\/uploads\/2025\/06\/250630serdang.jpg 900w, https:\/\/www.musikzeitung.ch\/wp-content\/uploads\/2025\/06\/250630serdang-300x206.jpg 300w, https:\/\/www.musikzeitung.ch\/wp-content\/uploads\/2025\/06\/250630serdang-768x527.jpg 768w, https:\/\/www.musikzeitung.ch\/wp-content\/uploads\/2025\/06\/250630serdang-18x12.jpg 18w, https:\/\/www.musikzeitung.ch\/wp-content\/uploads\/2025\/06\/250630serdang-255x175.jpg 255w, https:\/\/www.musikzeitung.ch\/wp-content\/uploads\/2025\/06\/250630serdang-511x350.jpg 511w\" sizes=\"auto, (max-width: 900px) 100vw, 900px\" \/><figcaption id=\"caption-attachment-66068\" class=\"wp-caption-text\">From left to right: Flury, P\u00fctz, Buchbinder (Photo: Thomas Entzeroth)<\/figcaption><\/figure>\n<p>Born in 2007 <a href=\"http:\/\/www.dornmusic.com\/de\/portfolio\/colin-puetz\/\" target=\"_blank\" rel=\"noopener\">Colin P\u00fctz<\/a>\u00a0studies with Florence Millet at the Cologne University of Music and Dance and holds a scholarship from the International Academy of Music Liechtenstein. He made his debut early on at festivals such as the Beethovenfest Bonn and the Ruhr Piano Festival. In 2024, he gave solo recitals at the Beethoven-Haus in Bonn and at the Monte Carlo Opera. He caused a sensation at the Rolandseck Music Festival when he stood in for Daniel Barenboim at short notice.<\/p>\n<p>The <a href=\"http:\/\/www.prix-serdang.ch\/home\" target=\"_blank\" rel=\"noopener\">Prix Serdang<\/a> was launched in 2022 and awarded to Martin James Bartlett. Ariel Lanyi received the Prix Serdang in 2023 and pianist Alexandra Dovgan in 2024. The candidates are selected by the pianist <a href=\"http:\/\/www.buchbinder.net\" target=\"_blank\" rel=\"noopener\">Rudolf Buchbinder<\/a> as curator. The choice will be made jointly by Rudolf Buchbinder, Adrian Flury (initiator) and Thomas Pfiffner (project developer). The award ceremony is expected to lead to further promotional measures: For example, all award winners have so far performed at the Grafenegg Festival. There is also a cooperation with the Swiss Orpheum Foundation and the Warner Classics label.<\/p>","protected":false},"excerpt":{"rendered":"<p>The pianist Colin P\u00fctz has been awarded the Prix Serdang in Solothurn, which is endowed with 50,000 francs.<\/p>","protected":false},"author":30,"featured_media":66071,"comment_status":"closed","ping_status":"closed","sticky":false,"template":"","format":"standard","meta":{"_acf_changed":false,"_relevanssi_hide_post":"","_relevanssi_hide_content":"","_relevanssi_pin_for_all":"","_relevanssi_pin_keywords":"","_relevanssi_unpin_keywords":"","_relevanssi_related_keywords":"","_relevanssi_related_include_ids":"","_relevanssi_related_exclude_ids":"","_relevanssi_related_no_append":"","_relevanssi_related_not_related":"","_relevanssi_related_posts":"","_relevanssi_noindex_reason":"","pgc_sgb_lightbox_settings":"","footnotes":""},"categories":[27],"tags":[5072,2168],"class_list":["post-66067","post","type-post","status-publish","format-standard","has-post-thumbnail","hentry","category-news","tag-colin-puetz","tag-prix-serdang"],"acf":[],"yoast_head":"<!-- This site is optimized with the Yoast SEO plugin v27.4 - https:\/\/yoast.com\/product\/yoast-seo-wordpress\/ -->\n<title>Colin P\u00fctz mit Prix Serdang ausgezeichnet - Schweizer Musikzeitung<\/title>\n<meta name=\"description\" content=\"Der Pianist Colin P\u00fctz ist in Solothurn mit dem mit 50 000 Franken dotierten Prix Serdang ausgezeichnet worden.\" \/>\n<meta name=\"robots\" content=\"index, follow, max-snippet:-1, max-image-preview:large, max-video-preview:-1\" \/>\n<link rel=\"canonical\" href=\"https:\/\/www.musikzeitung.ch\/en\/news\/2025\/06\/colin-puetz-mit-prix-serdang-ausgezeichnet\/\" \/>\n<meta property=\"og:locale\" content=\"en_US\" \/>\n<meta property=\"og:type\" content=\"article\" \/>\n<meta property=\"og:title\" content=\"Colin P\u00fctz mit Prix Serdang ausgezeichnet - Schweizer Musikzeitung\" \/>\n<meta property=\"og:description\" content=\"Der Pianist Colin P\u00fctz ist in Solothurn mit dem mit 50 000 Franken dotierten Prix Serdang ausgezeichnet worden.\" \/>\n<meta property=\"og:url\" content=\"https:\/\/www.musikzeitung.ch\/en\/news\/2025\/06\/colin-puetz-mit-prix-serdang-ausgezeichnet\/\" \/>\n<meta property=\"og:site_name\" content=\"Schweizer Musikzeitung\" \/>\n<meta property=\"article:publisher\" content=\"https:\/\/www.facebook.com\/SchweizerMusikzeitung\/\" \/>\n<meta property=\"article:author\" content=\"https:\/\/www.facebook.com\/wolfgang.bohler.75\" \/>\n<meta property=\"article:published_time\" content=\"2025-06-30T07:16:16+00:00\" \/>\n<meta property=\"article:modified_time\" content=\"2025-06-30T08:32:44+00:00\" \/>\n<meta property=\"og:image\" content=\"https:\/\/www.musikzeitung.ch\/wp-content\/uploads\/2025\/06\/vlnr_Adrian-Flury-Initiator_Colin-Puetz-Preistraeger-2025_Rudolf-Buchbinder-Kurator-c_Thomas_Entzeroth-1024x683.jpg\" \/>\n\t<meta property=\"og:image:width\" content=\"1024\" \/>\n\t<meta property=\"og:image:height\" content=\"683\" \/>\n\t<meta property=\"og:image:type\" content=\"image\/jpeg\" \/>\n<meta name=\"author\" content=\"Wolfgang B\u00f6hler\" \/>\n<meta name=\"twitter:card\" content=\"summary_large_image\" \/>\n<meta name=\"twitter:creator\" content=\"@smusikzeitung\" \/>\n<meta name=\"twitter:site\" content=\"@smusikzeitung\" \/>\n<meta name=\"twitter:label1\" content=\"Written by\" \/>\n\t<meta name=\"twitter:data1\" content=\"Wolfgang B\u00f6hler\" \/>\n\t<meta name=\"twitter:label2\" content=\"Est. reading time\" \/>\n\t<meta name=\"twitter:data2\" content=\"2 minutes\" \/>\n<script type=\"application\/ld+json\" class=\"yoast-schema-graph\">{\"@context\":\"https:\\\/\\\/schema.org\",\"@graph\":[{\"@type\":\"Article\",\"@id\":\"https:\\\/\\\/www.musikzeitung.ch\\\/news\\\/2025\\\/06\\\/colin-puetz-mit-prix-serdang-ausgezeichnet#article\",\"isPartOf\":{\"@id\":\"https:\\\/\\\/www.musikzeitung.ch\\\/news\\\/2025\\\/06\\\/colin-puetz-mit-prix-serdang-ausgezeichnet\"},\"author\":{\"name\":\"Wolfgang B\u00f6hler\",\"@id\":\"https:\\\/\\\/www.musikzeitung.ch\\\/#\\\/schema\\\/person\\\/0da4fb82d243f1252850a35d0e87cf0c\"},\"headline\":\"Colin P\u00fctz mit Prix Serdang ausgezeichnet\",\"datePublished\":\"2025-06-30T07:16:16+00:00\",\"dateModified\":\"2025-06-30T08:32:44+00:00\",\"mainEntityOfPage\":{\"@id\":\"https:\\\/\\\/www.musikzeitung.ch\\\/news\\\/2025\\\/06\\\/colin-puetz-mit-prix-serdang-ausgezeichnet\"},\"wordCount\":177,\"publisher\":{\"@id\":\"https:\\\/\\\/www.musikzeitung.ch\\\/#organization\"},\"image\":{\"@id\":\"https:\\\/\\\/www.musikzeitung.ch\\\/news\\\/2025\\\/06\\\/colin-puetz-mit-prix-serdang-ausgezeichnet#primaryimage\"},\"thumbnailUrl\":\"https:\\\/\\\/www.musikzeitung.ch\\\/wp-content\\\/uploads\\\/2025\\\/06\\\/vlnr_Adrian-Flury-Initiator_Colin-Puetz-Preistraeger-2025_Rudolf-Buchbinder-Kurator-c_Thomas_Entzeroth.jpg\",\"keywords\":[\"Colin P\u00fctz\",\"Prix Serdang\"],\"articleSection\":[\"News\"],\"inLanguage\":\"en-US\"},{\"@type\":\"WebPage\",\"@id\":\"https:\\\/\\\/www.musikzeitung.ch\\\/news\\\/2025\\\/06\\\/colin-puetz-mit-prix-serdang-ausgezeichnet\",\"url\":\"https:\\\/\\\/www.musikzeitung.ch\\\/news\\\/2025\\\/06\\\/colin-puetz-mit-prix-serdang-ausgezeichnet\",\"name\":\"Colin P\u00fctz mit Prix Serdang ausgezeichnet - Schweizer Musikzeitung\",\"isPartOf\":{\"@id\":\"https:\\\/\\\/www.musikzeitung.ch\\\/#website\"},\"primaryImageOfPage\":{\"@id\":\"https:\\\/\\\/www.musikzeitung.ch\\\/news\\\/2025\\\/06\\\/colin-puetz-mit-prix-serdang-ausgezeichnet#primaryimage\"},\"image\":{\"@id\":\"https:\\\/\\\/www.musikzeitung.ch\\\/news\\\/2025\\\/06\\\/colin-puetz-mit-prix-serdang-ausgezeichnet#primaryimage\"},\"thumbnailUrl\":\"https:\\\/\\\/www.musikzeitung.ch\\\/wp-content\\\/uploads\\\/2025\\\/06\\\/vlnr_Adrian-Flury-Initiator_Colin-Puetz-Preistraeger-2025_Rudolf-Buchbinder-Kurator-c_Thomas_Entzeroth.jpg\",\"datePublished\":\"2025-06-30T07:16:16+00:00\",\"dateModified\":\"2025-06-30T08:32:44+00:00\",\"description\":\"Der Pianist Colin P\u00fctz ist in Solothurn mit dem mit 50 000 Franken dotierten Prix Serdang ausgezeichnet worden.\",\"breadcrumb\":{\"@id\":\"https:\\\/\\\/www.musikzeitung.ch\\\/news\\\/2025\\\/06\\\/colin-puetz-mit-prix-serdang-ausgezeichnet#breadcrumb\"},\"inLanguage\":\"en-US\",\"potentialAction\":[{\"@type\":\"ReadAction\",\"target\":[\"https:\\\/\\\/www.musikzeitung.ch\\\/news\\\/2025\\\/06\\\/colin-puetz-mit-prix-serdang-ausgezeichnet\"]}]},{\"@type\":\"ImageObject\",\"inLanguage\":\"en-US\",\"@id\":\"https:\\\/\\\/www.musikzeitung.ch\\\/news\\\/2025\\\/06\\\/colin-puetz-mit-prix-serdang-ausgezeichnet#primaryimage\",\"url\":\"https:\\\/\\\/www.musikzeitung.ch\\\/wp-content\\\/uploads\\\/2025\\\/06\\\/vlnr_Adrian-Flury-Initiator_Colin-Puetz-Preistraeger-2025_Rudolf-Buchbinder-Kurator-c_Thomas_Entzeroth.jpg\",\"contentUrl\":\"https:\\\/\\\/www.musikzeitung.ch\\\/wp-content\\\/uploads\\\/2025\\\/06\\\/vlnr_Adrian-Flury-Initiator_Colin-Puetz-Preistraeger-2025_Rudolf-Buchbinder-Kurator-c_Thomas_Entzeroth.jpg\",\"width\":1400,\"height\":933},{\"@type\":\"BreadcrumbList\",\"@id\":\"https:\\\/\\\/www.musikzeitung.ch\\\/news\\\/2025\\\/06\\\/colin-puetz-mit-prix-serdang-ausgezeichnet#breadcrumb\",\"itemListElement\":[{\"@type\":\"ListItem\",\"position\":1,\"name\":\"Home\",\"item\":\"https:\\\/\\\/www.musikzeitung.ch\\\/\"},{\"@type\":\"ListItem\",\"position\":2,\"name\":\"Colin P\u00fctz mit Prix Serdang ausgezeichnet\"}]},{\"@type\":\"WebSite\",\"@id\":\"https:\\\/\\\/www.musikzeitung.ch\\\/#website\",\"url\":\"https:\\\/\\\/www.musikzeitung.ch\\\/\",\"name\":\"Schweizer Musikzeitung\",\"description\":\"Die f\u00fchrende sparten\u00fcbergreifende Monatszeitung in der Schweiz f\u00fcr musikalische Fragen.\",\"publisher\":{\"@id\":\"https:\\\/\\\/www.musikzeitung.ch\\\/#organization\"},\"potentialAction\":[{\"@type\":\"SearchAction\",\"target\":{\"@type\":\"EntryPoint\",\"urlTemplate\":\"https:\\\/\\\/www.musikzeitung.ch\\\/?s={search_term_string}\"},\"query-input\":{\"@type\":\"PropertyValueSpecification\",\"valueRequired\":true,\"valueName\":\"search_term_string\"}}],\"inLanguage\":\"en-US\"},{\"@type\":\"Organization\",\"@id\":\"https:\\\/\\\/www.musikzeitung.ch\\\/#organization\",\"name\":\"Schweizer Musikzeitung\",\"url\":\"https:\\\/\\\/www.musikzeitung.ch\\\/\",\"logo\":{\"@type\":\"ImageObject\",\"inLanguage\":\"en-US\",\"@id\":\"https:\\\/\\\/www.musikzeitung.ch\\\/#\\\/schema\\\/logo\\\/image\\\/\",\"url\":\"https:\\\/\\\/www.musikzeitung.ch\\\/wp-content\\\/uploads\\\/2023\\\/01\\\/SMZ_Schriftzug_Sprache.png\",\"contentUrl\":\"https:\\\/\\\/www.musikzeitung.ch\\\/wp-content\\\/uploads\\\/2023\\\/01\\\/SMZ_Schriftzug_Sprache.png\",\"width\":1400,\"height\":279,\"caption\":\"Schweizer Musikzeitung\"},\"image\":{\"@id\":\"https:\\\/\\\/www.musikzeitung.ch\\\/#\\\/schema\\\/logo\\\/image\\\/\"},\"sameAs\":[\"https:\\\/\\\/www.facebook.com\\\/SchweizerMusikzeitung\\\/\",\"https:\\\/\\\/x.com\\\/smusikzeitung\",\"https:\\\/\\\/www.instagram.com\\\/musikzeitung.ch\\\/\"]},{\"@type\":\"Person\",\"@id\":\"https:\\\/\\\/www.musikzeitung.ch\\\/#\\\/schema\\\/person\\\/0da4fb82d243f1252850a35d0e87cf0c\",\"name\":\"Wolfgang B\u00f6hler\",\"image\":{\"@type\":\"ImageObject\",\"inLanguage\":\"en-US\",\"@id\":\"https:\\\/\\\/www.musikzeitung.ch\\\/wp-content\\\/uploads\\\/2023\\\/01\\\/boehler_portraet_web-e1674139782246-96x96.jpg\",\"url\":\"https:\\\/\\\/www.musikzeitung.ch\\\/wp-content\\\/uploads\\\/2023\\\/01\\\/boehler_portraet_web-e1674139782246-96x96.jpg\",\"contentUrl\":\"https:\\\/\\\/www.musikzeitung.ch\\\/wp-content\\\/uploads\\\/2023\\\/01\\\/boehler_portraet_web-e1674139782246-96x96.jpg\",\"caption\":\"Wolfgang B\u00f6hler\"},\"sameAs\":[\"http:\\\/\\\/www.manacanto.ch\",\"https:\\\/\\\/www.facebook.com\\\/wolfgang.bohler.75\"],\"url\":\"https:\\\/\\\/www.musikzeitung.ch\\\/en\\\/author\\\/wolfgang-boehler\"}]}<\/script>\n<!-- \/ Yoast SEO plugin. -->","yoast_head_json":{"title":"Colin P\u00fctz awarded Prix Serdang - Schweizer Musikzeitung","description":"The pianist Colin P\u00fctz has been awarded the Prix Serdang in Solothurn, which is endowed with 50,000 francs.","robots":{"index":"index","follow":"follow","max-snippet":"max-snippet:-1","max-image-preview":"max-image-preview:large","max-video-preview":"max-video-preview:-1"},"canonical":"https:\/\/www.musikzeitung.ch\/en\/news\/2025\/06\/colin-puetz-mit-prix-serdang-ausgezeichnet\/","og_locale":"en_US","og_type":"article","og_title":"Colin P\u00fctz mit Prix Serdang ausgezeichnet - Schweizer Musikzeitung","og_description":"Der Pianist Colin P\u00fctz ist in Solothurn mit dem mit 50 000 Franken dotierten Prix Serdang ausgezeichnet worden.","og_url":"https:\/\/www.musikzeitung.ch\/en\/news\/2025\/06\/colin-puetz-mit-prix-serdang-ausgezeichnet\/","og_site_name":"Schweizer Musikzeitung","article_publisher":"https:\/\/www.facebook.com\/SchweizerMusikzeitung\/","article_author":"https:\/\/www.facebook.com\/wolfgang.bohler.75","article_published_time":"2025-06-30T07:16:16+00:00","article_modified_time":"2025-06-30T08:32:44+00:00","og_image":[{"width":1024,"height":683,"url":"https:\/\/www.musikzeitung.ch\/wp-content\/uploads\/2025\/06\/vlnr_Adrian-Flury-Initiator_Colin-Puetz-Preistraeger-2025_Rudolf-Buchbinder-Kurator-c_Thomas_Entzeroth-1024x683.jpg","type":"image\/jpeg"}],"author":"Wolfgang B\u00f6hler","twitter_card":"summary_large_image","twitter_creator":"@smusikzeitung","twitter_site":"@smusikzeitung","twitter_misc":{"Written by":"Wolfgang B\u00f6hler","Est. reading time":"2 minutes"},"schema":{"@context":"https:\/\/schema.org","@graph":[{"@type":"Article","@id":"https:\/\/www.musikzeitung.ch\/news\/2025\/06\/colin-puetz-mit-prix-serdang-ausgezeichnet#article","isPartOf":{"@id":"https:\/\/www.musikzeitung.ch\/news\/2025\/06\/colin-puetz-mit-prix-serdang-ausgezeichnet"},"author":{"name":"Wolfgang B\u00f6hler","@id":"https:\/\/www.musikzeitung.ch\/#\/schema\/person\/0da4fb82d243f1252850a35d0e87cf0c"},"headline":"Colin P\u00fctz mit Prix Serdang ausgezeichnet","datePublished":"2025-06-30T07:16:16+00:00","dateModified":"2025-06-30T08:32:44+00:00","mainEntityOfPage":{"@id":"https:\/\/www.musikzeitung.ch\/news\/2025\/06\/colin-puetz-mit-prix-serdang-ausgezeichnet"},"wordCount":177,"publisher":{"@id":"https:\/\/www.musikzeitung.ch\/#organization"},"image":{"@id":"https:\/\/www.musikzeitung.ch\/news\/2025\/06\/colin-puetz-mit-prix-serdang-ausgezeichnet#primaryimage"},"thumbnailUrl":"https:\/\/www.musikzeitung.ch\/wp-content\/uploads\/2025\/06\/vlnr_Adrian-Flury-Initiator_Colin-Puetz-Preistraeger-2025_Rudolf-Buchbinder-Kurator-c_Thomas_Entzeroth.jpg","keywords":["Colin P\u00fctz","Prix Serdang"],"articleSection":["News"],"inLanguage":"en-US"},{"@type":"WebPage","@id":"https:\/\/www.musikzeitung.ch\/news\/2025\/06\/colin-puetz-mit-prix-serdang-ausgezeichnet","url":"https:\/\/www.musikzeitung.ch\/news\/2025\/06\/colin-puetz-mit-prix-serdang-ausgezeichnet","name":"Colin P\u00fctz awarded Prix Serdang - Schweizer Musikzeitung","isPartOf":{"@id":"https:\/\/www.musikzeitung.ch\/#website"},"primaryImageOfPage":{"@id":"https:\/\/www.musikzeitung.ch\/news\/2025\/06\/colin-puetz-mit-prix-serdang-ausgezeichnet#primaryimage"},"image":{"@id":"https:\/\/www.musikzeitung.ch\/news\/2025\/06\/colin-puetz-mit-prix-serdang-ausgezeichnet#primaryimage"},"thumbnailUrl":"https:\/\/www.musikzeitung.ch\/wp-content\/uploads\/2025\/06\/vlnr_Adrian-Flury-Initiator_Colin-Puetz-Preistraeger-2025_Rudolf-Buchbinder-Kurator-c_Thomas_Entzeroth.jpg","datePublished":"2025-06-30T07:16:16+00:00","dateModified":"2025-06-30T08:32:44+00:00","description":"The pianist Colin P\u00fctz has been awarded the Prix Serdang in Solothurn, which is endowed with 50,000 francs.","breadcrumb":{"@id":"https:\/\/www.musikzeitung.ch\/news\/2025\/06\/colin-puetz-mit-prix-serdang-ausgezeichnet#breadcrumb"},"inLanguage":"en-US","potentialAction":[{"@type":"ReadAction","target":["https:\/\/www.musikzeitung.ch\/news\/2025\/06\/colin-puetz-mit-prix-serdang-ausgezeichnet"]}]},{"@type":"ImageObject","inLanguage":"en-US","@id":"https:\/\/www.musikzeitung.ch\/news\/2025\/06\/colin-puetz-mit-prix-serdang-ausgezeichnet#primaryimage","url":"https:\/\/www.musikzeitung.ch\/wp-content\/uploads\/2025\/06\/vlnr_Adrian-Flury-Initiator_Colin-Puetz-Preistraeger-2025_Rudolf-Buchbinder-Kurator-c_Thomas_Entzeroth.jpg","contentUrl":"https:\/\/www.musikzeitung.ch\/wp-content\/uploads\/2025\/06\/vlnr_Adrian-Flury-Initiator_Colin-Puetz-Preistraeger-2025_Rudolf-Buchbinder-Kurator-c_Thomas_Entzeroth.jpg","width":1400,"height":933},{"@type":"BreadcrumbList","@id":"https:\/\/www.musikzeitung.ch\/news\/2025\/06\/colin-puetz-mit-prix-serdang-ausgezeichnet#breadcrumb","itemListElement":[{"@type":"ListItem","position":1,"name":"Home","item":"https:\/\/www.musikzeitung.ch\/"},{"@type":"ListItem","position":2,"name":"Colin P\u00fctz mit Prix Serdang ausgezeichnet"}]},{"@type":"WebSite","@id":"https:\/\/www.musikzeitung.ch\/#website","url":"https:\/\/www.musikzeitung.ch\/","name":"Swiss Music Newspaper","description":"The leading interdisciplinary monthly newspaper in Switzerland for musical issues.","publisher":{"@id":"https:\/\/www.musikzeitung.ch\/#organization"},"potentialAction":[{"@type":"SearchAction","target":{"@type":"EntryPoint","urlTemplate":"https:\/\/www.musikzeitung.ch\/?s={search_term_string}"},"query-input":{"@type":"PropertyValueSpecification","valueRequired":true,"valueName":"search_term_string"}}],"inLanguage":"en-US"},{"@type":"Organization","@id":"https:\/\/www.musikzeitung.ch\/#organization","name":"Swiss Music Newspaper","url":"https:\/\/www.musikzeitung.ch\/","logo":{"@type":"ImageObject","inLanguage":"en-US","@id":"https:\/\/www.musikzeitung.ch\/#\/schema\/logo\/image\/","url":"https:\/\/www.musikzeitung.ch\/wp-content\/uploads\/2023\/01\/SMZ_Schriftzug_Sprache.png","contentUrl":"https:\/\/www.musikzeitung.ch\/wp-content\/uploads\/2023\/01\/SMZ_Schriftzug_Sprache.png","width":1400,"height":279,"caption":"Schweizer Musikzeitung"},"image":{"@id":"https:\/\/www.musikzeitung.ch\/#\/schema\/logo\/image\/"},"sameAs":["https:\/\/www.facebook.com\/SchweizerMusikzeitung\/","https:\/\/x.com\/smusikzeitung","https:\/\/www.instagram.com\/musikzeitung.ch\/"]},{"@type":"Person","@id":"https:\/\/www.musikzeitung.ch\/#\/schema\/person\/0da4fb82d243f1252850a35d0e87cf0c","name":"Wolfgang B\u00f6hler","image":{"@type":"ImageObject","inLanguage":"en-US","@id":"https:\/\/www.musikzeitung.ch\/wp-content\/uploads\/2023\/01\/boehler_portraet_web-e1674139782246-96x96.jpg","url":"https:\/\/www.musikzeitung.ch\/wp-content\/uploads\/2023\/01\/boehler_portraet_web-e1674139782246-96x96.jpg","contentUrl":"https:\/\/www.musikzeitung.ch\/wp-content\/uploads\/2023\/01\/boehler_portraet_web-e1674139782246-96x96.jpg","caption":"Wolfgang B\u00f6hler"},"sameAs":["http:\/\/www.manacanto.ch","https:\/\/www.facebook.com\/wolfgang.bohler.75"],"url":"https:\/\/www.musikzeitung.ch\/en\/author\/wolfgang-boehler"}]}},"publishpress_future_workflow_manual_trigger":{"enabledWorkflows":[]},"_links":{"self":[{"href":"https:\/\/www.musikzeitung.ch\/en\/wp-json\/wp\/v2\/posts\/66067","targetHints":{"allow":["GET"]}}],"collection":[{"href":"https:\/\/www.musikzeitung.ch\/en\/wp-json\/wp\/v2\/posts"}],"about":[{"href":"https:\/\/www.musikzeitung.ch\/en\/wp-json\/wp\/v2\/types\/post"}],"author":[{"embeddable":true,"href":"https:\/\/www.musikzeitung.ch\/en\/wp-json\/wp\/v2\/users\/30"}],"replies":[{"embeddable":true,"href":"https:\/\/www.musikzeitung.ch\/en\/wp-json\/wp\/v2\/comments?post=66067"}],"version-history":[{"count":3,"href":"https:\/\/www.musikzeitung.ch\/en\/wp-json\/wp\/v2\/posts\/66067\/revisions"}],"predecessor-version":[{"id":66072,"href":"https:\/\/www.musikzeitung.ch\/en\/wp-json\/wp\/v2\/posts\/66067\/revisions\/66072"}],"wp:featuredmedia":[{"embeddable":true,"href":"https:\/\/www.musikzeitung.ch\/en\/wp-json\/wp\/v2\/media\/66071"}],"wp:attachment":[{"href":"https:\/\/www.musikzeitung.ch\/en\/wp-json\/wp\/v2\/media?parent=66067"}],"wp:term":[{"taxonomy":"category","embeddable":true,"href":"https:\/\/www.musikzeitung.ch\/en\/wp-json\/wp\/v2\/categories?post=66067"},{"taxonomy":"post_tag","embeddable":true,"href":"https:\/\/www.musikzeitung.ch\/en\/wp-json\/wp\/v2\/tags?post=66067"}],"curies":[{"name":"wp","href":"https:\/\/api.w.org\/{rel}","templated":true}]}}