{"id":66121,"date":"2025-07-03T16:28:11","date_gmt":"2025-07-03T14:28:11","guid":{"rendered":"https:\/\/www.musikzeitung.ch\/?p=66121"},"modified":"2025-07-04T15:56:38","modified_gmt":"2025-07-04T13:56:38","slug":"amarante-wird-generaldirektor-von-lugano-arte-e-cultura","status":"publish","type":"post","link":"https:\/\/www.musikzeitung.ch\/en\/news\/2025\/07\/amarante-wird-generaldirektor-von-lugano-arte-e-cultura","title":{"rendered":"Amarante becomes General Director of Lugano Arte e Cultura"},"content":{"rendered":"<figure id=\"attachment_66123\" aria-describedby=\"caption-attachment-66123\" style=\"width: 768px\" class=\"wp-caption alignnone\"><img loading=\"lazy\" decoding=\"async\" class=\"size-large wp-image-66123\" src=\"https:\/\/www.musikzeitung.ch\/wp-content\/uploads\/2025\/07\/250703lac-1024x682.jpg\" alt=\"\" width=\"768\" height=\"512\" srcset=\"https:\/\/www.musikzeitung.ch\/wp-content\/uploads\/2025\/07\/250703lac-1024x682.jpg 1024w, https:\/\/www.musikzeitung.ch\/wp-content\/uploads\/2025\/07\/250703lac-300x200.jpg 300w, https:\/\/www.musikzeitung.ch\/wp-content\/uploads\/2025\/07\/250703lac-600x400.jpg 600w, https:\/\/www.musikzeitung.ch\/wp-content\/uploads\/2025\/07\/250703lac-768x512.jpg 768w, https:\/\/www.musikzeitung.ch\/wp-content\/uploads\/2025\/07\/250703lac-18x12.jpg 18w, https:\/\/www.musikzeitung.ch\/wp-content\/uploads\/2025\/07\/250703lac-263x175.jpg 263w, https:\/\/www.musikzeitung.ch\/wp-content\/uploads\/2025\/07\/250703lac-525x350.jpg 525w, https:\/\/www.musikzeitung.ch\/wp-content\/uploads\/2025\/07\/250703lac-1200x800.jpg 1200w, https:\/\/www.musikzeitung.ch\/wp-content\/uploads\/2025\/07\/250703lac-920x613.jpg 920w, https:\/\/www.musikzeitung.ch\/wp-content\/uploads\/2025\/07\/250703lac.jpg 1238w\" sizes=\"auto, (max-width: 768px) 100vw, 768px\" \/><figcaption id=\"caption-attachment-66123\" class=\"wp-caption-text\">LAC (Photo Studio Pagi)<\/figcaption><\/figure>\n<p>Andrea Amarante, born in Trieste in 1974, joined the LAC after eight years in Lucerne, where he held a leading role with the Lucerne Symphony Orchestra. There he was responsible for artistic planning and international tours and contributed to the strategic development of the orchestra. Prior to this, he gained experience at the Teatro alla Scala in Milan and the Teatro di San Carlo in Naples. Since his arrival in Lugano in 2024 as Head of Music at the LAC, Amarante has led the integration of the LuganoMusica Foundation into the orchestra's structure.<\/p>\n<p><a href=\"https:\/\/www.luganolac.ch\/lac\/home.html\" target=\"_blank\" rel=\"noopener\">LAC Lugano Arte e Cultura<\/a>the multidisciplinary cultural center of the city of Lugano, was founded in 2015 as a place for encounters and encounters between different artistic disciplines. Since 2024, it has also been responsible for the city's classical music program. The artistic offer is guaranteed by the residencies of the Orchestra della Svizzera italiana and the Compagnia Finzi Pasca.<\/p>","protected":false},"excerpt":{"rendered":"<p>Andrea Amarante, currently Artistic Director of Music, has been appointed General Director of Lugano Arte e Cultura (LAC). He will take up the post in September 2025 for a period of four years. <\/p>","protected":false},"author":30,"featured_media":66123,"comment_status":"closed","ping_status":"closed","sticky":false,"template":"","format":"standard","meta":{"_acf_changed":false,"_relevanssi_hide_post":"","_relevanssi_hide_content":"","_relevanssi_pin_for_all":"","_relevanssi_pin_keywords":"","_relevanssi_unpin_keywords":"","_relevanssi_related_keywords":"","_relevanssi_related_include_ids":"","_relevanssi_related_exclude_ids":"","_relevanssi_related_no_append":"","_relevanssi_related_not_related":"","_relevanssi_related_posts":"","_relevanssi_noindex_reason":"","pgc_sgb_lightbox_settings":"","footnotes":""},"categories":[27],"tags":[3808,2453],"class_list":["post-66121","post","type-post","status-publish","format-standard","has-post-thumbnail","hentry","category-news","tag-andrea-amarante","tag-lac-lugano"],"acf":[],"yoast_head":"<!-- This site is optimized with the Yoast SEO plugin v27.4 - https:\/\/yoast.com\/product\/yoast-seo-wordpress\/ -->\n<title>Amarante wird Generaldirektor von Lugano Arte e Cultura - Schweizer Musikzeitung<\/title>\n<meta name=\"description\" content=\"Andrea Amarante, derzeit k\u00fcnstlerischer Leiter des Musikbereichs, ist zum Generaldirektor von Lugano Arte e Cultura (LAC) ernannt worden.\" \/>\n<meta name=\"robots\" content=\"index, follow, max-snippet:-1, max-image-preview:large, max-video-preview:-1\" \/>\n<link rel=\"canonical\" href=\"https:\/\/www.musikzeitung.ch\/en\/news\/2025\/07\/amarante-wird-generaldirektor-von-lugano-arte-e-cultura\/\" \/>\n<meta property=\"og:locale\" content=\"en_US\" \/>\n<meta property=\"og:type\" content=\"article\" \/>\n<meta property=\"og:title\" content=\"Amarante wird Generaldirektor von Lugano Arte e Cultura - Schweizer Musikzeitung\" \/>\n<meta property=\"og:description\" content=\"Andrea Amarante, derzeit k\u00fcnstlerischer Leiter des Musikbereichs, ist zum Generaldirektor von Lugano Arte e Cultura (LAC) ernannt worden.\" \/>\n<meta property=\"og:url\" content=\"https:\/\/www.musikzeitung.ch\/en\/news\/2025\/07\/amarante-wird-generaldirektor-von-lugano-arte-e-cultura\/\" \/>\n<meta property=\"og:site_name\" content=\"Schweizer Musikzeitung\" \/>\n<meta property=\"article:publisher\" content=\"https:\/\/www.facebook.com\/SchweizerMusikzeitung\/\" \/>\n<meta property=\"article:author\" content=\"https:\/\/www.facebook.com\/wolfgang.bohler.75\" \/>\n<meta property=\"article:published_time\" content=\"2025-07-03T14:28:11+00:00\" \/>\n<meta property=\"article:modified_time\" content=\"2025-07-04T13:56:38+00:00\" \/>\n<meta property=\"og:image\" content=\"https:\/\/www.musikzeitung.ch\/wp-content\/uploads\/2025\/07\/250703lac.jpg\" \/>\n\t<meta property=\"og:image:width\" content=\"1238\" \/>\n\t<meta property=\"og:image:height\" content=\"825\" \/>\n\t<meta property=\"og:image:type\" content=\"image\/jpeg\" \/>\n<meta name=\"author\" content=\"Wolfgang B\u00f6hler\" \/>\n<meta name=\"twitter:card\" content=\"summary_large_image\" \/>\n<meta name=\"twitter:creator\" content=\"@smusikzeitung\" \/>\n<meta name=\"twitter:site\" content=\"@smusikzeitung\" \/>\n<meta name=\"twitter:label1\" content=\"Written by\" \/>\n\t<meta name=\"twitter:data1\" content=\"Wolfgang B\u00f6hler\" \/>\n\t<meta name=\"twitter:label2\" content=\"Est. reading time\" \/>\n\t<meta name=\"twitter:data2\" content=\"2 minutes\" \/>\n<script type=\"application\/ld+json\" class=\"yoast-schema-graph\">{\"@context\":\"https:\\\/\\\/schema.org\",\"@graph\":[{\"@type\":\"Article\",\"@id\":\"https:\\\/\\\/www.musikzeitung.ch\\\/news\\\/2025\\\/07\\\/amarante-wird-generaldirektor-von-lugano-arte-e-cultura#article\",\"isPartOf\":{\"@id\":\"https:\\\/\\\/www.musikzeitung.ch\\\/news\\\/2025\\\/07\\\/amarante-wird-generaldirektor-von-lugano-arte-e-cultura\"},\"author\":{\"name\":\"Wolfgang B\u00f6hler\",\"@id\":\"https:\\\/\\\/www.musikzeitung.ch\\\/#\\\/schema\\\/person\\\/0da4fb82d243f1252850a35d0e87cf0c\"},\"headline\":\"Amarante wird Generaldirektor von Lugano Arte e Cultura\",\"datePublished\":\"2025-07-03T14:28:11+00:00\",\"dateModified\":\"2025-07-04T13:56:38+00:00\",\"mainEntityOfPage\":{\"@id\":\"https:\\\/\\\/www.musikzeitung.ch\\\/news\\\/2025\\\/07\\\/amarante-wird-generaldirektor-von-lugano-arte-e-cultura\"},\"wordCount\":169,\"publisher\":{\"@id\":\"https:\\\/\\\/www.musikzeitung.ch\\\/#organization\"},\"image\":{\"@id\":\"https:\\\/\\\/www.musikzeitung.ch\\\/news\\\/2025\\\/07\\\/amarante-wird-generaldirektor-von-lugano-arte-e-cultura#primaryimage\"},\"thumbnailUrl\":\"https:\\\/\\\/www.musikzeitung.ch\\\/wp-content\\\/uploads\\\/2025\\\/07\\\/250703lac.jpg\",\"keywords\":[\"Andrea Amarante\",\"LAC Lugano\"],\"articleSection\":[\"News\"],\"inLanguage\":\"en-US\"},{\"@type\":\"WebPage\",\"@id\":\"https:\\\/\\\/www.musikzeitung.ch\\\/news\\\/2025\\\/07\\\/amarante-wird-generaldirektor-von-lugano-arte-e-cultura\",\"url\":\"https:\\\/\\\/www.musikzeitung.ch\\\/news\\\/2025\\\/07\\\/amarante-wird-generaldirektor-von-lugano-arte-e-cultura\",\"name\":\"Amarante wird Generaldirektor von Lugano Arte e Cultura - Schweizer Musikzeitung\",\"isPartOf\":{\"@id\":\"https:\\\/\\\/www.musikzeitung.ch\\\/#website\"},\"primaryImageOfPage\":{\"@id\":\"https:\\\/\\\/www.musikzeitung.ch\\\/news\\\/2025\\\/07\\\/amarante-wird-generaldirektor-von-lugano-arte-e-cultura#primaryimage\"},\"image\":{\"@id\":\"https:\\\/\\\/www.musikzeitung.ch\\\/news\\\/2025\\\/07\\\/amarante-wird-generaldirektor-von-lugano-arte-e-cultura#primaryimage\"},\"thumbnailUrl\":\"https:\\\/\\\/www.musikzeitung.ch\\\/wp-content\\\/uploads\\\/2025\\\/07\\\/250703lac.jpg\",\"datePublished\":\"2025-07-03T14:28:11+00:00\",\"dateModified\":\"2025-07-04T13:56:38+00:00\",\"description\":\"Andrea Amarante, derzeit k\u00fcnstlerischer Leiter des Musikbereichs, ist zum Generaldirektor von Lugano Arte e Cultura (LAC) ernannt worden.\",\"breadcrumb\":{\"@id\":\"https:\\\/\\\/www.musikzeitung.ch\\\/news\\\/2025\\\/07\\\/amarante-wird-generaldirektor-von-lugano-arte-e-cultura#breadcrumb\"},\"inLanguage\":\"en-US\",\"potentialAction\":[{\"@type\":\"ReadAction\",\"target\":[\"https:\\\/\\\/www.musikzeitung.ch\\\/news\\\/2025\\\/07\\\/amarante-wird-generaldirektor-von-lugano-arte-e-cultura\"]}]},{\"@type\":\"ImageObject\",\"inLanguage\":\"en-US\",\"@id\":\"https:\\\/\\\/www.musikzeitung.ch\\\/news\\\/2025\\\/07\\\/amarante-wird-generaldirektor-von-lugano-arte-e-cultura#primaryimage\",\"url\":\"https:\\\/\\\/www.musikzeitung.ch\\\/wp-content\\\/uploads\\\/2025\\\/07\\\/250703lac.jpg\",\"contentUrl\":\"https:\\\/\\\/www.musikzeitung.ch\\\/wp-content\\\/uploads\\\/2025\\\/07\\\/250703lac.jpg\",\"width\":1238,\"height\":825,\"caption\":\"LAC (Foto Studio Pagi)\"},{\"@type\":\"BreadcrumbList\",\"@id\":\"https:\\\/\\\/www.musikzeitung.ch\\\/news\\\/2025\\\/07\\\/amarante-wird-generaldirektor-von-lugano-arte-e-cultura#breadcrumb\",\"itemListElement\":[{\"@type\":\"ListItem\",\"position\":1,\"name\":\"Home\",\"item\":\"https:\\\/\\\/www.musikzeitung.ch\\\/\"},{\"@type\":\"ListItem\",\"position\":2,\"name\":\"Amarante wird Generaldirektor von Lugano Arte e Cultura\"}]},{\"@type\":\"WebSite\",\"@id\":\"https:\\\/\\\/www.musikzeitung.ch\\\/#website\",\"url\":\"https:\\\/\\\/www.musikzeitung.ch\\\/\",\"name\":\"Schweizer Musikzeitung\",\"description\":\"Die f\u00fchrende sparten\u00fcbergreifende Monatszeitung in der Schweiz f\u00fcr musikalische Fragen.\",\"publisher\":{\"@id\":\"https:\\\/\\\/www.musikzeitung.ch\\\/#organization\"},\"potentialAction\":[{\"@type\":\"SearchAction\",\"target\":{\"@type\":\"EntryPoint\",\"urlTemplate\":\"https:\\\/\\\/www.musikzeitung.ch\\\/?s={search_term_string}\"},\"query-input\":{\"@type\":\"PropertyValueSpecification\",\"valueRequired\":true,\"valueName\":\"search_term_string\"}}],\"inLanguage\":\"en-US\"},{\"@type\":\"Organization\",\"@id\":\"https:\\\/\\\/www.musikzeitung.ch\\\/#organization\",\"name\":\"Schweizer Musikzeitung\",\"url\":\"https:\\\/\\\/www.musikzeitung.ch\\\/\",\"logo\":{\"@type\":\"ImageObject\",\"inLanguage\":\"en-US\",\"@id\":\"https:\\\/\\\/www.musikzeitung.ch\\\/#\\\/schema\\\/logo\\\/image\\\/\",\"url\":\"https:\\\/\\\/www.musikzeitung.ch\\\/wp-content\\\/uploads\\\/2023\\\/01\\\/SMZ_Schriftzug_Sprache.png\",\"contentUrl\":\"https:\\\/\\\/www.musikzeitung.ch\\\/wp-content\\\/uploads\\\/2023\\\/01\\\/SMZ_Schriftzug_Sprache.png\",\"width\":1400,\"height\":279,\"caption\":\"Schweizer Musikzeitung\"},\"image\":{\"@id\":\"https:\\\/\\\/www.musikzeitung.ch\\\/#\\\/schema\\\/logo\\\/image\\\/\"},\"sameAs\":[\"https:\\\/\\\/www.facebook.com\\\/SchweizerMusikzeitung\\\/\",\"https:\\\/\\\/x.com\\\/smusikzeitung\",\"https:\\\/\\\/www.instagram.com\\\/musikzeitung.ch\\\/\"]},{\"@type\":\"Person\",\"@id\":\"https:\\\/\\\/www.musikzeitung.ch\\\/#\\\/schema\\\/person\\\/0da4fb82d243f1252850a35d0e87cf0c\",\"name\":\"Wolfgang B\u00f6hler\",\"image\":{\"@type\":\"ImageObject\",\"inLanguage\":\"en-US\",\"@id\":\"https:\\\/\\\/www.musikzeitung.ch\\\/wp-content\\\/uploads\\\/2023\\\/01\\\/boehler_portraet_web-e1674139782246-96x96.jpg\",\"url\":\"https:\\\/\\\/www.musikzeitung.ch\\\/wp-content\\\/uploads\\\/2023\\\/01\\\/boehler_portraet_web-e1674139782246-96x96.jpg\",\"contentUrl\":\"https:\\\/\\\/www.musikzeitung.ch\\\/wp-content\\\/uploads\\\/2023\\\/01\\\/boehler_portraet_web-e1674139782246-96x96.jpg\",\"caption\":\"Wolfgang B\u00f6hler\"},\"sameAs\":[\"http:\\\/\\\/www.manacanto.ch\",\"https:\\\/\\\/www.facebook.com\\\/wolfgang.bohler.75\"],\"url\":\"https:\\\/\\\/www.musikzeitung.ch\\\/en\\\/author\\\/wolfgang-boehler\"}]}<\/script>\n<!-- \/ Yoast SEO plugin. -->","yoast_head_json":{"title":"Amarante becomes General Director of Lugano Arte e Cultura - Schweizer Musikzeitung","description":"Andrea Amarante, currently Artistic Director of Music, has been appointed General Director of Lugano Arte e Cultura (LAC).","robots":{"index":"index","follow":"follow","max-snippet":"max-snippet:-1","max-image-preview":"max-image-preview:large","max-video-preview":"max-video-preview:-1"},"canonical":"https:\/\/www.musikzeitung.ch\/en\/news\/2025\/07\/amarante-wird-generaldirektor-von-lugano-arte-e-cultura\/","og_locale":"en_US","og_type":"article","og_title":"Amarante wird Generaldirektor von Lugano Arte e Cultura - Schweizer Musikzeitung","og_description":"Andrea Amarante, derzeit k\u00fcnstlerischer Leiter des Musikbereichs, ist zum Generaldirektor von Lugano Arte e Cultura (LAC) ernannt worden.","og_url":"https:\/\/www.musikzeitung.ch\/en\/news\/2025\/07\/amarante-wird-generaldirektor-von-lugano-arte-e-cultura\/","og_site_name":"Schweizer Musikzeitung","article_publisher":"https:\/\/www.facebook.com\/SchweizerMusikzeitung\/","article_author":"https:\/\/www.facebook.com\/wolfgang.bohler.75","article_published_time":"2025-07-03T14:28:11+00:00","article_modified_time":"2025-07-04T13:56:38+00:00","og_image":[{"width":1238,"height":825,"url":"https:\/\/www.musikzeitung.ch\/wp-content\/uploads\/2025\/07\/250703lac.jpg","type":"image\/jpeg"}],"author":"Wolfgang B\u00f6hler","twitter_card":"summary_large_image","twitter_creator":"@smusikzeitung","twitter_site":"@smusikzeitung","twitter_misc":{"Written by":"Wolfgang B\u00f6hler","Est. reading time":"2 minutes"},"schema":{"@context":"https:\/\/schema.org","@graph":[{"@type":"Article","@id":"https:\/\/www.musikzeitung.ch\/news\/2025\/07\/amarante-wird-generaldirektor-von-lugano-arte-e-cultura#article","isPartOf":{"@id":"https:\/\/www.musikzeitung.ch\/news\/2025\/07\/amarante-wird-generaldirektor-von-lugano-arte-e-cultura"},"author":{"name":"Wolfgang B\u00f6hler","@id":"https:\/\/www.musikzeitung.ch\/#\/schema\/person\/0da4fb82d243f1252850a35d0e87cf0c"},"headline":"Amarante wird Generaldirektor von Lugano Arte e Cultura","datePublished":"2025-07-03T14:28:11+00:00","dateModified":"2025-07-04T13:56:38+00:00","mainEntityOfPage":{"@id":"https:\/\/www.musikzeitung.ch\/news\/2025\/07\/amarante-wird-generaldirektor-von-lugano-arte-e-cultura"},"wordCount":169,"publisher":{"@id":"https:\/\/www.musikzeitung.ch\/#organization"},"image":{"@id":"https:\/\/www.musikzeitung.ch\/news\/2025\/07\/amarante-wird-generaldirektor-von-lugano-arte-e-cultura#primaryimage"},"thumbnailUrl":"https:\/\/www.musikzeitung.ch\/wp-content\/uploads\/2025\/07\/250703lac.jpg","keywords":["Andrea Amarante","LAC Lugano"],"articleSection":["News"],"inLanguage":"en-US"},{"@type":"WebPage","@id":"https:\/\/www.musikzeitung.ch\/news\/2025\/07\/amarante-wird-generaldirektor-von-lugano-arte-e-cultura","url":"https:\/\/www.musikzeitung.ch\/news\/2025\/07\/amarante-wird-generaldirektor-von-lugano-arte-e-cultura","name":"Amarante becomes General Director of Lugano Arte e Cultura - Schweizer Musikzeitung","isPartOf":{"@id":"https:\/\/www.musikzeitung.ch\/#website"},"primaryImageOfPage":{"@id":"https:\/\/www.musikzeitung.ch\/news\/2025\/07\/amarante-wird-generaldirektor-von-lugano-arte-e-cultura#primaryimage"},"image":{"@id":"https:\/\/www.musikzeitung.ch\/news\/2025\/07\/amarante-wird-generaldirektor-von-lugano-arte-e-cultura#primaryimage"},"thumbnailUrl":"https:\/\/www.musikzeitung.ch\/wp-content\/uploads\/2025\/07\/250703lac.jpg","datePublished":"2025-07-03T14:28:11+00:00","dateModified":"2025-07-04T13:56:38+00:00","description":"Andrea Amarante, currently Artistic Director of Music, has been appointed General Director of Lugano Arte e Cultura (LAC).","breadcrumb":{"@id":"https:\/\/www.musikzeitung.ch\/news\/2025\/07\/amarante-wird-generaldirektor-von-lugano-arte-e-cultura#breadcrumb"},"inLanguage":"en-US","potentialAction":[{"@type":"ReadAction","target":["https:\/\/www.musikzeitung.ch\/news\/2025\/07\/amarante-wird-generaldirektor-von-lugano-arte-e-cultura"]}]},{"@type":"ImageObject","inLanguage":"en-US","@id":"https:\/\/www.musikzeitung.ch\/news\/2025\/07\/amarante-wird-generaldirektor-von-lugano-arte-e-cultura#primaryimage","url":"https:\/\/www.musikzeitung.ch\/wp-content\/uploads\/2025\/07\/250703lac.jpg","contentUrl":"https:\/\/www.musikzeitung.ch\/wp-content\/uploads\/2025\/07\/250703lac.jpg","width":1238,"height":825,"caption":"LAC (Foto Studio Pagi)"},{"@type":"BreadcrumbList","@id":"https:\/\/www.musikzeitung.ch\/news\/2025\/07\/amarante-wird-generaldirektor-von-lugano-arte-e-cultura#breadcrumb","itemListElement":[{"@type":"ListItem","position":1,"name":"Home","item":"https:\/\/www.musikzeitung.ch\/"},{"@type":"ListItem","position":2,"name":"Amarante wird Generaldirektor von Lugano Arte e Cultura"}]},{"@type":"WebSite","@id":"https:\/\/www.musikzeitung.ch\/#website","url":"https:\/\/www.musikzeitung.ch\/","name":"Swiss Music Newspaper","description":"The leading interdisciplinary monthly newspaper in Switzerland for musical issues.","publisher":{"@id":"https:\/\/www.musikzeitung.ch\/#organization"},"potentialAction":[{"@type":"SearchAction","target":{"@type":"EntryPoint","urlTemplate":"https:\/\/www.musikzeitung.ch\/?s={search_term_string}"},"query-input":{"@type":"PropertyValueSpecification","valueRequired":true,"valueName":"search_term_string"}}],"inLanguage":"en-US"},{"@type":"Organization","@id":"https:\/\/www.musikzeitung.ch\/#organization","name":"Swiss Music Newspaper","url":"https:\/\/www.musikzeitung.ch\/","logo":{"@type":"ImageObject","inLanguage":"en-US","@id":"https:\/\/www.musikzeitung.ch\/#\/schema\/logo\/image\/","url":"https:\/\/www.musikzeitung.ch\/wp-content\/uploads\/2023\/01\/SMZ_Schriftzug_Sprache.png","contentUrl":"https:\/\/www.musikzeitung.ch\/wp-content\/uploads\/2023\/01\/SMZ_Schriftzug_Sprache.png","width":1400,"height":279,"caption":"Schweizer Musikzeitung"},"image":{"@id":"https:\/\/www.musikzeitung.ch\/#\/schema\/logo\/image\/"},"sameAs":["https:\/\/www.facebook.com\/SchweizerMusikzeitung\/","https:\/\/x.com\/smusikzeitung","https:\/\/www.instagram.com\/musikzeitung.ch\/"]},{"@type":"Person","@id":"https:\/\/www.musikzeitung.ch\/#\/schema\/person\/0da4fb82d243f1252850a35d0e87cf0c","name":"Wolfgang B\u00f6hler","image":{"@type":"ImageObject","inLanguage":"en-US","@id":"https:\/\/www.musikzeitung.ch\/wp-content\/uploads\/2023\/01\/boehler_portraet_web-e1674139782246-96x96.jpg","url":"https:\/\/www.musikzeitung.ch\/wp-content\/uploads\/2023\/01\/boehler_portraet_web-e1674139782246-96x96.jpg","contentUrl":"https:\/\/www.musikzeitung.ch\/wp-content\/uploads\/2023\/01\/boehler_portraet_web-e1674139782246-96x96.jpg","caption":"Wolfgang B\u00f6hler"},"sameAs":["http:\/\/www.manacanto.ch","https:\/\/www.facebook.com\/wolfgang.bohler.75"],"url":"https:\/\/www.musikzeitung.ch\/en\/author\/wolfgang-boehler"}]}},"publishpress_future_workflow_manual_trigger":{"enabledWorkflows":[]},"_links":{"self":[{"href":"https:\/\/www.musikzeitung.ch\/en\/wp-json\/wp\/v2\/posts\/66121","targetHints":{"allow":["GET"]}}],"collection":[{"href":"https:\/\/www.musikzeitung.ch\/en\/wp-json\/wp\/v2\/posts"}],"about":[{"href":"https:\/\/www.musikzeitung.ch\/en\/wp-json\/wp\/v2\/types\/post"}],"author":[{"embeddable":true,"href":"https:\/\/www.musikzeitung.ch\/en\/wp-json\/wp\/v2\/users\/30"}],"replies":[{"embeddable":true,"href":"https:\/\/www.musikzeitung.ch\/en\/wp-json\/wp\/v2\/comments?post=66121"}],"version-history":[{"count":5,"href":"https:\/\/www.musikzeitung.ch\/en\/wp-json\/wp\/v2\/posts\/66121\/revisions"}],"predecessor-version":[{"id":66131,"href":"https:\/\/www.musikzeitung.ch\/en\/wp-json\/wp\/v2\/posts\/66121\/revisions\/66131"}],"wp:featuredmedia":[{"embeddable":true,"href":"https:\/\/www.musikzeitung.ch\/en\/wp-json\/wp\/v2\/media\/66123"}],"wp:attachment":[{"href":"https:\/\/www.musikzeitung.ch\/en\/wp-json\/wp\/v2\/media?parent=66121"}],"wp:term":[{"taxonomy":"category","embeddable":true,"href":"https:\/\/www.musikzeitung.ch\/en\/wp-json\/wp\/v2\/categories?post=66121"},{"taxonomy":"post_tag","embeddable":true,"href":"https:\/\/www.musikzeitung.ch\/en\/wp-json\/wp\/v2\/tags?post=66121"}],"curies":[{"name":"wp","href":"https:\/\/api.w.org\/{rel}","templated":true}]}}