{"id":66376,"date":"2025-07-15T13:59:28","date_gmt":"2025-07-15T11:59:28","guid":{"rendered":"https:\/\/www.musikzeitung.ch\/?p=66376"},"modified":"2025-07-16T10:40:44","modified_gmt":"2025-07-16T08:40:44","slug":"st-gallische-kulturstiftung-zeichnet-roman-riklin-aus","status":"publish","type":"post","link":"https:\/\/www.musikzeitung.ch\/en\/news\/2025\/07\/st-gallische-kulturstiftung-zeichnet-roman-riklin-aus","title":{"rendered":"St. Gallen Cultural Foundation honors Roman Riklin"},"content":{"rendered":"<figure id=\"attachment_66377\" aria-describedby=\"caption-attachment-66377\" style=\"width: 768px\" class=\"wp-caption alignnone\"><img loading=\"lazy\" decoding=\"async\" class=\"wp-image-66377 size-large\" src=\"https:\/\/www.musikzeitung.ch\/wp-content\/uploads\/2025\/07\/250715riklin-1024x675.jpg\" alt=\"\" width=\"768\" height=\"506\" srcset=\"https:\/\/www.musikzeitung.ch\/wp-content\/uploads\/2025\/07\/250715riklin-1024x675.jpg 1024w, https:\/\/www.musikzeitung.ch\/wp-content\/uploads\/2025\/07\/250715riklin-300x198.jpg 300w, https:\/\/www.musikzeitung.ch\/wp-content\/uploads\/2025\/07\/250715riklin-768x506.jpg 768w, https:\/\/www.musikzeitung.ch\/wp-content\/uploads\/2025\/07\/250715riklin-18x12.jpg 18w, https:\/\/www.musikzeitung.ch\/wp-content\/uploads\/2025\/07\/250715riklin-265x175.jpg 265w, https:\/\/www.musikzeitung.ch\/wp-content\/uploads\/2025\/07\/250715riklin-531x350.jpg 531w, https:\/\/www.musikzeitung.ch\/wp-content\/uploads\/2025\/07\/250715riklin-920x607.jpg 920w, https:\/\/www.musikzeitung.ch\/wp-content\/uploads\/2025\/07\/250715riklin.jpg 1092w\" sizes=\"auto, (max-width: 768px) 100vw, 768px\" \/><figcaption id=\"caption-attachment-66377\" class=\"wp-caption-text\">Roman Riklin. Photo: <a href=\"https:\/\/commons.wikimedia.org\/w\/index.php?curid=137850832\" target=\"_blank\" rel=\"noopener\">Per Kasch \/ wikimedia commons<\/a><\/figcaption><\/figure>\n<p>Born in St.Gallen in 1971, Riklin is a composer, musician and author. Together with his creative partner Dominik Flaschka, he realized the musicals <em>Eternal love<\/em>, <em>East Side Story<\/em> and <em>My name is Eugen<\/em>. Another of his formats is Riklin &amp; Schaub, which emerged from the multi-instrumental cabaret trio Heinz de Specht. Roman Riklin was also a member of the Eastern Swiss dialect rock band Mumpitz and the children's song band Marius &amp; die Jagdkapelle. He also founded the Eastern Swiss culture magazine <em>Strings<\/em> with.<\/p>\n<p>In 2022, Roman Riklin received the Swiss Comedy Award for <em>Freddie - The dialect show<\/em> (Secondhand Orchestra) and in 2008 the Prix Walo for the best theater production (<em>Ewigi Liebi - the musical<\/em>). With more than 700,000 visitors, the <em>Eternal love<\/em> the most successful Swiss musical to date.<\/p>\n<p>The St. Gallen Cultural Foundation honors \"significant, sustainable achievements that have an impact beyond the canton's borders\" with the art prize, which is endowed with 25,000 francs. The public award ceremony will take place on October 30 in St.Gallen.<\/p>","protected":false},"excerpt":{"rendered":"<p>The St. Gallen Cultural Foundation has awarded the 2025 Art Prize to musician and songwriter Roman Riklin. At the same time, the Kulturkosmonauten association from St.Gallen receives a recognition award for its mediation and integration work. <\/p>","protected":false},"author":30,"featured_media":66377,"comment_status":"closed","ping_status":"closed","sticky":false,"template":"","format":"standard","meta":{"_acf_changed":false,"_relevanssi_hide_post":"","_relevanssi_hide_content":"","_relevanssi_pin_for_all":"","_relevanssi_pin_keywords":"","_relevanssi_unpin_keywords":"","_relevanssi_related_keywords":"","_relevanssi_related_include_ids":"","_relevanssi_related_exclude_ids":"","_relevanssi_related_no_append":"","_relevanssi_related_not_related":"","_relevanssi_related_posts":"","_relevanssi_noindex_reason":"","pgc_sgb_lightbox_settings":"","footnotes":""},"categories":[27],"tags":[4629,5122,2632],"class_list":["post-66376","post","type-post","status-publish","format-standard","has-post-thumbnail","hentry","category-news","tag-kanton-st-gallen","tag-roman-riklin","tag-st-galler-kunstpreis"],"acf":[],"yoast_head":"<!-- This site is optimized with the Yoast SEO plugin v27.4 - https:\/\/yoast.com\/product\/yoast-seo-wordpress\/ -->\n<title>St. Gallische Kulturstiftung zeichnet Roman Riklin aus - Schweizer Musikzeitung<\/title>\n<meta name=\"description\" content=\"Die St. Gallische Kulturstiftung zeichnet den Musiker und Songwriter Roman Riklin mit dem Kunstpreis 2025 aus. Die St. Gallische Kulturstiftung zeichnet den Musiker und Songwriter Roman Riklin mit dem Kunstpreis 2025 aus. Gleichzeitig erh\u00e4lt der Verein Kulturkosmonauten aus St.Gallen einen Anerkennungspreis f\u00fcr seine Vermittlungs- und Integrationsarbeit.\" \/>\n<meta name=\"robots\" content=\"index, follow, max-snippet:-1, max-image-preview:large, max-video-preview:-1\" \/>\n<link rel=\"canonical\" href=\"https:\/\/www.musikzeitung.ch\/en\/news\/2025\/07\/st-gallische-kulturstiftung-zeichnet-roman-riklin-aus\/\" \/>\n<meta property=\"og:locale\" content=\"en_US\" \/>\n<meta property=\"og:type\" content=\"article\" \/>\n<meta property=\"og:title\" content=\"St. Gallische Kulturstiftung zeichnet Roman Riklin aus - Schweizer Musikzeitung\" \/>\n<meta property=\"og:description\" content=\"Die St. Gallische Kulturstiftung zeichnet den Musiker und Songwriter Roman Riklin mit dem Kunstpreis 2025 aus. Die St. Gallische Kulturstiftung zeichnet den Musiker und Songwriter Roman Riklin mit dem Kunstpreis 2025 aus. Gleichzeitig erh\u00e4lt der Verein Kulturkosmonauten aus St.Gallen einen Anerkennungspreis f\u00fcr seine Vermittlungs- und Integrationsarbeit.\" \/>\n<meta property=\"og:url\" content=\"https:\/\/www.musikzeitung.ch\/en\/news\/2025\/07\/st-gallische-kulturstiftung-zeichnet-roman-riklin-aus\/\" \/>\n<meta property=\"og:site_name\" content=\"Schweizer Musikzeitung\" \/>\n<meta property=\"article:publisher\" content=\"https:\/\/www.facebook.com\/SchweizerMusikzeitung\/\" \/>\n<meta property=\"article:author\" content=\"https:\/\/www.facebook.com\/wolfgang.bohler.75\" \/>\n<meta property=\"article:published_time\" content=\"2025-07-15T11:59:28+00:00\" \/>\n<meta property=\"article:modified_time\" content=\"2025-07-16T08:40:44+00:00\" \/>\n<meta property=\"og:image\" content=\"https:\/\/www.musikzeitung.ch\/wp-content\/uploads\/2025\/07\/250715riklin.jpg\" \/>\n\t<meta property=\"og:image:width\" content=\"1092\" \/>\n\t<meta property=\"og:image:height\" content=\"720\" \/>\n\t<meta property=\"og:image:type\" content=\"image\/jpeg\" \/>\n<meta name=\"author\" content=\"Wolfgang B\u00f6hler\" \/>\n<meta name=\"twitter:card\" content=\"summary_large_image\" \/>\n<meta name=\"twitter:creator\" content=\"@smusikzeitung\" \/>\n<meta name=\"twitter:site\" content=\"@smusikzeitung\" \/>\n<meta name=\"twitter:label1\" content=\"Written by\" \/>\n\t<meta name=\"twitter:data1\" content=\"Wolfgang B\u00f6hler\" \/>\n\t<meta name=\"twitter:label2\" content=\"Est. reading time\" \/>\n\t<meta name=\"twitter:data2\" content=\"2 minutes\" \/>\n<script type=\"application\/ld+json\" class=\"yoast-schema-graph\">{\"@context\":\"https:\\\/\\\/schema.org\",\"@graph\":[{\"@type\":\"Article\",\"@id\":\"https:\\\/\\\/www.musikzeitung.ch\\\/news\\\/2025\\\/07\\\/st-gallische-kulturstiftung-zeichnet-roman-riklin-aus#article\",\"isPartOf\":{\"@id\":\"https:\\\/\\\/www.musikzeitung.ch\\\/news\\\/2025\\\/07\\\/st-gallische-kulturstiftung-zeichnet-roman-riklin-aus\"},\"author\":{\"name\":\"Wolfgang B\u00f6hler\",\"@id\":\"https:\\\/\\\/www.musikzeitung.ch\\\/#\\\/schema\\\/person\\\/0da4fb82d243f1252850a35d0e87cf0c\"},\"headline\":\"St. Gallische Kulturstiftung zeichnet Roman Riklin aus\",\"datePublished\":\"2025-07-15T11:59:28+00:00\",\"dateModified\":\"2025-07-16T08:40:44+00:00\",\"mainEntityOfPage\":{\"@id\":\"https:\\\/\\\/www.musikzeitung.ch\\\/news\\\/2025\\\/07\\\/st-gallische-kulturstiftung-zeichnet-roman-riklin-aus\"},\"wordCount\":166,\"publisher\":{\"@id\":\"https:\\\/\\\/www.musikzeitung.ch\\\/#organization\"},\"image\":{\"@id\":\"https:\\\/\\\/www.musikzeitung.ch\\\/news\\\/2025\\\/07\\\/st-gallische-kulturstiftung-zeichnet-roman-riklin-aus#primaryimage\"},\"thumbnailUrl\":\"https:\\\/\\\/www.musikzeitung.ch\\\/wp-content\\\/uploads\\\/2025\\\/07\\\/250715riklin.jpg\",\"keywords\":[\"Kanton St. Gallen\",\"Roman Riklin\",\"St. Galler Kunstpreis\"],\"articleSection\":[\"News\"],\"inLanguage\":\"en-US\"},{\"@type\":\"WebPage\",\"@id\":\"https:\\\/\\\/www.musikzeitung.ch\\\/news\\\/2025\\\/07\\\/st-gallische-kulturstiftung-zeichnet-roman-riklin-aus\",\"url\":\"https:\\\/\\\/www.musikzeitung.ch\\\/news\\\/2025\\\/07\\\/st-gallische-kulturstiftung-zeichnet-roman-riklin-aus\",\"name\":\"St. Gallische Kulturstiftung zeichnet Roman Riklin aus - Schweizer Musikzeitung\",\"isPartOf\":{\"@id\":\"https:\\\/\\\/www.musikzeitung.ch\\\/#website\"},\"primaryImageOfPage\":{\"@id\":\"https:\\\/\\\/www.musikzeitung.ch\\\/news\\\/2025\\\/07\\\/st-gallische-kulturstiftung-zeichnet-roman-riklin-aus#primaryimage\"},\"image\":{\"@id\":\"https:\\\/\\\/www.musikzeitung.ch\\\/news\\\/2025\\\/07\\\/st-gallische-kulturstiftung-zeichnet-roman-riklin-aus#primaryimage\"},\"thumbnailUrl\":\"https:\\\/\\\/www.musikzeitung.ch\\\/wp-content\\\/uploads\\\/2025\\\/07\\\/250715riklin.jpg\",\"datePublished\":\"2025-07-15T11:59:28+00:00\",\"dateModified\":\"2025-07-16T08:40:44+00:00\",\"description\":\"Die St. Gallische Kulturstiftung zeichnet den Musiker und Songwriter Roman Riklin mit dem Kunstpreis 2025 aus. Die St. Gallische Kulturstiftung zeichnet den Musiker und Songwriter Roman Riklin mit dem Kunstpreis 2025 aus. Gleichzeitig erh\u00e4lt der Verein Kulturkosmonauten aus St.Gallen einen Anerkennungspreis f\u00fcr seine Vermittlungs- und Integrationsarbeit.\",\"breadcrumb\":{\"@id\":\"https:\\\/\\\/www.musikzeitung.ch\\\/news\\\/2025\\\/07\\\/st-gallische-kulturstiftung-zeichnet-roman-riklin-aus#breadcrumb\"},\"inLanguage\":\"en-US\",\"potentialAction\":[{\"@type\":\"ReadAction\",\"target\":[\"https:\\\/\\\/www.musikzeitung.ch\\\/news\\\/2025\\\/07\\\/st-gallische-kulturstiftung-zeichnet-roman-riklin-aus\"]}]},{\"@type\":\"ImageObject\",\"inLanguage\":\"en-US\",\"@id\":\"https:\\\/\\\/www.musikzeitung.ch\\\/news\\\/2025\\\/07\\\/st-gallische-kulturstiftung-zeichnet-roman-riklin-aus#primaryimage\",\"url\":\"https:\\\/\\\/www.musikzeitung.ch\\\/wp-content\\\/uploads\\\/2025\\\/07\\\/250715riklin.jpg\",\"contentUrl\":\"https:\\\/\\\/www.musikzeitung.ch\\\/wp-content\\\/uploads\\\/2025\\\/07\\\/250715riklin.jpg\",\"width\":1092,\"height\":720,\"caption\":\"Roman Riklin, (Bild: Per Kasch, CC BY-SA 4.0, https:\\\/\\\/commons.wikimedia.org\\\/w\\\/index.php?curid=137850832)\"},{\"@type\":\"BreadcrumbList\",\"@id\":\"https:\\\/\\\/www.musikzeitung.ch\\\/news\\\/2025\\\/07\\\/st-gallische-kulturstiftung-zeichnet-roman-riklin-aus#breadcrumb\",\"itemListElement\":[{\"@type\":\"ListItem\",\"position\":1,\"name\":\"Home\",\"item\":\"https:\\\/\\\/www.musikzeitung.ch\\\/\"},{\"@type\":\"ListItem\",\"position\":2,\"name\":\"St. Gallische Kulturstiftung zeichnet Roman Riklin aus\"}]},{\"@type\":\"WebSite\",\"@id\":\"https:\\\/\\\/www.musikzeitung.ch\\\/#website\",\"url\":\"https:\\\/\\\/www.musikzeitung.ch\\\/\",\"name\":\"Schweizer Musikzeitung\",\"description\":\"Die f\u00fchrende sparten\u00fcbergreifende Monatszeitung in der Schweiz f\u00fcr musikalische Fragen.\",\"publisher\":{\"@id\":\"https:\\\/\\\/www.musikzeitung.ch\\\/#organization\"},\"potentialAction\":[{\"@type\":\"SearchAction\",\"target\":{\"@type\":\"EntryPoint\",\"urlTemplate\":\"https:\\\/\\\/www.musikzeitung.ch\\\/?s={search_term_string}\"},\"query-input\":{\"@type\":\"PropertyValueSpecification\",\"valueRequired\":true,\"valueName\":\"search_term_string\"}}],\"inLanguage\":\"en-US\"},{\"@type\":\"Organization\",\"@id\":\"https:\\\/\\\/www.musikzeitung.ch\\\/#organization\",\"name\":\"Schweizer Musikzeitung\",\"url\":\"https:\\\/\\\/www.musikzeitung.ch\\\/\",\"logo\":{\"@type\":\"ImageObject\",\"inLanguage\":\"en-US\",\"@id\":\"https:\\\/\\\/www.musikzeitung.ch\\\/#\\\/schema\\\/logo\\\/image\\\/\",\"url\":\"https:\\\/\\\/www.musikzeitung.ch\\\/wp-content\\\/uploads\\\/2023\\\/01\\\/SMZ_Schriftzug_Sprache.png\",\"contentUrl\":\"https:\\\/\\\/www.musikzeitung.ch\\\/wp-content\\\/uploads\\\/2023\\\/01\\\/SMZ_Schriftzug_Sprache.png\",\"width\":1400,\"height\":279,\"caption\":\"Schweizer Musikzeitung\"},\"image\":{\"@id\":\"https:\\\/\\\/www.musikzeitung.ch\\\/#\\\/schema\\\/logo\\\/image\\\/\"},\"sameAs\":[\"https:\\\/\\\/www.facebook.com\\\/SchweizerMusikzeitung\\\/\",\"https:\\\/\\\/x.com\\\/smusikzeitung\",\"https:\\\/\\\/www.instagram.com\\\/musikzeitung.ch\\\/\"]},{\"@type\":\"Person\",\"@id\":\"https:\\\/\\\/www.musikzeitung.ch\\\/#\\\/schema\\\/person\\\/0da4fb82d243f1252850a35d0e87cf0c\",\"name\":\"Wolfgang B\u00f6hler\",\"image\":{\"@type\":\"ImageObject\",\"inLanguage\":\"en-US\",\"@id\":\"https:\\\/\\\/www.musikzeitung.ch\\\/wp-content\\\/uploads\\\/2023\\\/01\\\/boehler_portraet_web-e1674139782246-96x96.jpg\",\"url\":\"https:\\\/\\\/www.musikzeitung.ch\\\/wp-content\\\/uploads\\\/2023\\\/01\\\/boehler_portraet_web-e1674139782246-96x96.jpg\",\"contentUrl\":\"https:\\\/\\\/www.musikzeitung.ch\\\/wp-content\\\/uploads\\\/2023\\\/01\\\/boehler_portraet_web-e1674139782246-96x96.jpg\",\"caption\":\"Wolfgang B\u00f6hler\"},\"sameAs\":[\"http:\\\/\\\/www.manacanto.ch\",\"https:\\\/\\\/www.facebook.com\\\/wolfgang.bohler.75\"],\"url\":\"https:\\\/\\\/www.musikzeitung.ch\\\/en\\\/author\\\/wolfgang-boehler\"}]}<\/script>\n<!-- \/ Yoast SEO plugin. -->","yoast_head_json":{"title":"St. Gallen Cultural Foundation honors Roman Riklin - Schweizer Musikzeitung","description":"The St. Gallen Cultural Foundation awards the 2025 Art Prize to musician and songwriter Roman Riklin. The St. Gallen Cultural Foundation has awarded the 2025 Art Prize to musician and songwriter Roman Riklin. At the same time, the Kulturkosmonauten association from St.Gallen receives a recognition award for its mediation and integration work.","robots":{"index":"index","follow":"follow","max-snippet":"max-snippet:-1","max-image-preview":"max-image-preview:large","max-video-preview":"max-video-preview:-1"},"canonical":"https:\/\/www.musikzeitung.ch\/en\/news\/2025\/07\/st-gallische-kulturstiftung-zeichnet-roman-riklin-aus\/","og_locale":"en_US","og_type":"article","og_title":"St. Gallische Kulturstiftung zeichnet Roman Riklin aus - Schweizer Musikzeitung","og_description":"Die St. Gallische Kulturstiftung zeichnet den Musiker und Songwriter Roman Riklin mit dem Kunstpreis 2025 aus. Die St. Gallische Kulturstiftung zeichnet den Musiker und Songwriter Roman Riklin mit dem Kunstpreis 2025 aus. Gleichzeitig erh\u00e4lt der Verein Kulturkosmonauten aus St.Gallen einen Anerkennungspreis f\u00fcr seine Vermittlungs- und Integrationsarbeit.","og_url":"https:\/\/www.musikzeitung.ch\/en\/news\/2025\/07\/st-gallische-kulturstiftung-zeichnet-roman-riklin-aus\/","og_site_name":"Schweizer Musikzeitung","article_publisher":"https:\/\/www.facebook.com\/SchweizerMusikzeitung\/","article_author":"https:\/\/www.facebook.com\/wolfgang.bohler.75","article_published_time":"2025-07-15T11:59:28+00:00","article_modified_time":"2025-07-16T08:40:44+00:00","og_image":[{"width":1092,"height":720,"url":"https:\/\/www.musikzeitung.ch\/wp-content\/uploads\/2025\/07\/250715riklin.jpg","type":"image\/jpeg"}],"author":"Wolfgang B\u00f6hler","twitter_card":"summary_large_image","twitter_creator":"@smusikzeitung","twitter_site":"@smusikzeitung","twitter_misc":{"Written by":"Wolfgang B\u00f6hler","Est. reading time":"2 minutes"},"schema":{"@context":"https:\/\/schema.org","@graph":[{"@type":"Article","@id":"https:\/\/www.musikzeitung.ch\/news\/2025\/07\/st-gallische-kulturstiftung-zeichnet-roman-riklin-aus#article","isPartOf":{"@id":"https:\/\/www.musikzeitung.ch\/news\/2025\/07\/st-gallische-kulturstiftung-zeichnet-roman-riklin-aus"},"author":{"name":"Wolfgang B\u00f6hler","@id":"https:\/\/www.musikzeitung.ch\/#\/schema\/person\/0da4fb82d243f1252850a35d0e87cf0c"},"headline":"St. Gallische Kulturstiftung zeichnet Roman Riklin aus","datePublished":"2025-07-15T11:59:28+00:00","dateModified":"2025-07-16T08:40:44+00:00","mainEntityOfPage":{"@id":"https:\/\/www.musikzeitung.ch\/news\/2025\/07\/st-gallische-kulturstiftung-zeichnet-roman-riklin-aus"},"wordCount":166,"publisher":{"@id":"https:\/\/www.musikzeitung.ch\/#organization"},"image":{"@id":"https:\/\/www.musikzeitung.ch\/news\/2025\/07\/st-gallische-kulturstiftung-zeichnet-roman-riklin-aus#primaryimage"},"thumbnailUrl":"https:\/\/www.musikzeitung.ch\/wp-content\/uploads\/2025\/07\/250715riklin.jpg","keywords":["Kanton St. Gallen","Roman Riklin","St. Galler Kunstpreis"],"articleSection":["News"],"inLanguage":"en-US"},{"@type":"WebPage","@id":"https:\/\/www.musikzeitung.ch\/news\/2025\/07\/st-gallische-kulturstiftung-zeichnet-roman-riklin-aus","url":"https:\/\/www.musikzeitung.ch\/news\/2025\/07\/st-gallische-kulturstiftung-zeichnet-roman-riklin-aus","name":"St. Gallen Cultural Foundation honors Roman Riklin - Schweizer Musikzeitung","isPartOf":{"@id":"https:\/\/www.musikzeitung.ch\/#website"},"primaryImageOfPage":{"@id":"https:\/\/www.musikzeitung.ch\/news\/2025\/07\/st-gallische-kulturstiftung-zeichnet-roman-riklin-aus#primaryimage"},"image":{"@id":"https:\/\/www.musikzeitung.ch\/news\/2025\/07\/st-gallische-kulturstiftung-zeichnet-roman-riklin-aus#primaryimage"},"thumbnailUrl":"https:\/\/www.musikzeitung.ch\/wp-content\/uploads\/2025\/07\/250715riklin.jpg","datePublished":"2025-07-15T11:59:28+00:00","dateModified":"2025-07-16T08:40:44+00:00","description":"The St. Gallen Cultural Foundation awards the 2025 Art Prize to musician and songwriter Roman Riklin. The St. Gallen Cultural Foundation has awarded the 2025 Art Prize to musician and songwriter Roman Riklin. At the same time, the Kulturkosmonauten association from St.Gallen receives a recognition award for its mediation and integration work.","breadcrumb":{"@id":"https:\/\/www.musikzeitung.ch\/news\/2025\/07\/st-gallische-kulturstiftung-zeichnet-roman-riklin-aus#breadcrumb"},"inLanguage":"en-US","potentialAction":[{"@type":"ReadAction","target":["https:\/\/www.musikzeitung.ch\/news\/2025\/07\/st-gallische-kulturstiftung-zeichnet-roman-riklin-aus"]}]},{"@type":"ImageObject","inLanguage":"en-US","@id":"https:\/\/www.musikzeitung.ch\/news\/2025\/07\/st-gallische-kulturstiftung-zeichnet-roman-riklin-aus#primaryimage","url":"https:\/\/www.musikzeitung.ch\/wp-content\/uploads\/2025\/07\/250715riklin.jpg","contentUrl":"https:\/\/www.musikzeitung.ch\/wp-content\/uploads\/2025\/07\/250715riklin.jpg","width":1092,"height":720,"caption":"Roman Riklin, (Bild: Per Kasch, CC BY-SA 4.0, https:\/\/commons.wikimedia.org\/w\/index.php?curid=137850832)"},{"@type":"BreadcrumbList","@id":"https:\/\/www.musikzeitung.ch\/news\/2025\/07\/st-gallische-kulturstiftung-zeichnet-roman-riklin-aus#breadcrumb","itemListElement":[{"@type":"ListItem","position":1,"name":"Home","item":"https:\/\/www.musikzeitung.ch\/"},{"@type":"ListItem","position":2,"name":"St. Gallische Kulturstiftung zeichnet Roman Riklin aus"}]},{"@type":"WebSite","@id":"https:\/\/www.musikzeitung.ch\/#website","url":"https:\/\/www.musikzeitung.ch\/","name":"Swiss Music Newspaper","description":"The leading interdisciplinary monthly newspaper in Switzerland for musical issues.","publisher":{"@id":"https:\/\/www.musikzeitung.ch\/#organization"},"potentialAction":[{"@type":"SearchAction","target":{"@type":"EntryPoint","urlTemplate":"https:\/\/www.musikzeitung.ch\/?s={search_term_string}"},"query-input":{"@type":"PropertyValueSpecification","valueRequired":true,"valueName":"search_term_string"}}],"inLanguage":"en-US"},{"@type":"Organization","@id":"https:\/\/www.musikzeitung.ch\/#organization","name":"Swiss Music Newspaper","url":"https:\/\/www.musikzeitung.ch\/","logo":{"@type":"ImageObject","inLanguage":"en-US","@id":"https:\/\/www.musikzeitung.ch\/#\/schema\/logo\/image\/","url":"https:\/\/www.musikzeitung.ch\/wp-content\/uploads\/2023\/01\/SMZ_Schriftzug_Sprache.png","contentUrl":"https:\/\/www.musikzeitung.ch\/wp-content\/uploads\/2023\/01\/SMZ_Schriftzug_Sprache.png","width":1400,"height":279,"caption":"Schweizer Musikzeitung"},"image":{"@id":"https:\/\/www.musikzeitung.ch\/#\/schema\/logo\/image\/"},"sameAs":["https:\/\/www.facebook.com\/SchweizerMusikzeitung\/","https:\/\/x.com\/smusikzeitung","https:\/\/www.instagram.com\/musikzeitung.ch\/"]},{"@type":"Person","@id":"https:\/\/www.musikzeitung.ch\/#\/schema\/person\/0da4fb82d243f1252850a35d0e87cf0c","name":"Wolfgang B\u00f6hler","image":{"@type":"ImageObject","inLanguage":"en-US","@id":"https:\/\/www.musikzeitung.ch\/wp-content\/uploads\/2023\/01\/boehler_portraet_web-e1674139782246-96x96.jpg","url":"https:\/\/www.musikzeitung.ch\/wp-content\/uploads\/2023\/01\/boehler_portraet_web-e1674139782246-96x96.jpg","contentUrl":"https:\/\/www.musikzeitung.ch\/wp-content\/uploads\/2023\/01\/boehler_portraet_web-e1674139782246-96x96.jpg","caption":"Wolfgang B\u00f6hler"},"sameAs":["http:\/\/www.manacanto.ch","https:\/\/www.facebook.com\/wolfgang.bohler.75"],"url":"https:\/\/www.musikzeitung.ch\/en\/author\/wolfgang-boehler"}]}},"publishpress_future_workflow_manual_trigger":{"enabledWorkflows":[]},"_links":{"self":[{"href":"https:\/\/www.musikzeitung.ch\/en\/wp-json\/wp\/v2\/posts\/66376","targetHints":{"allow":["GET"]}}],"collection":[{"href":"https:\/\/www.musikzeitung.ch\/en\/wp-json\/wp\/v2\/posts"}],"about":[{"href":"https:\/\/www.musikzeitung.ch\/en\/wp-json\/wp\/v2\/types\/post"}],"author":[{"embeddable":true,"href":"https:\/\/www.musikzeitung.ch\/en\/wp-json\/wp\/v2\/users\/30"}],"replies":[{"embeddable":true,"href":"https:\/\/www.musikzeitung.ch\/en\/wp-json\/wp\/v2\/comments?post=66376"}],"version-history":[{"count":4,"href":"https:\/\/www.musikzeitung.ch\/en\/wp-json\/wp\/v2\/posts\/66376\/revisions"}],"predecessor-version":[{"id":66384,"href":"https:\/\/www.musikzeitung.ch\/en\/wp-json\/wp\/v2\/posts\/66376\/revisions\/66384"}],"wp:featuredmedia":[{"embeddable":true,"href":"https:\/\/www.musikzeitung.ch\/en\/wp-json\/wp\/v2\/media\/66377"}],"wp:attachment":[{"href":"https:\/\/www.musikzeitung.ch\/en\/wp-json\/wp\/v2\/media?parent=66376"}],"wp:term":[{"taxonomy":"category","embeddable":true,"href":"https:\/\/www.musikzeitung.ch\/en\/wp-json\/wp\/v2\/categories?post=66376"},{"taxonomy":"post_tag","embeddable":true,"href":"https:\/\/www.musikzeitung.ch\/en\/wp-json\/wp\/v2\/tags?post=66376"}],"curies":[{"name":"wp","href":"https:\/\/api.w.org\/{rel}","templated":true}]}}