{"id":66392,"date":"2025-07-16T13:05:31","date_gmt":"2025-07-16T11:05:31","guid":{"rendered":"https:\/\/www.musikzeitung.ch\/?p=66392"},"modified":"2025-07-21T16:58:38","modified_gmt":"2025-07-21T14:58:38","slug":"tod-der-lettischen-cellistin-marta-sudraba","status":"publish","type":"post","link":"https:\/\/www.musikzeitung.ch\/en\/news\/2025\/07\/tod-der-lettischen-cellistin-marta-sudraba","title":{"rendered":"Death of Latvian cellist Marta Sudraba"},"content":{"rendered":"<figure id=\"attachment_66393\" aria-describedby=\"caption-attachment-66393\" style=\"width: 768px\" class=\"wp-caption alignnone\"><img loading=\"lazy\" decoding=\"async\" class=\"size-large wp-image-66393\" src=\"https:\/\/www.musikzeitung.ch\/wp-content\/uploads\/2025\/07\/250716marta-1024x747.jpg\" alt=\"\" width=\"768\" height=\"560\" srcset=\"https:\/\/www.musikzeitung.ch\/wp-content\/uploads\/2025\/07\/250716marta-1024x747.jpg 1024w, https:\/\/www.musikzeitung.ch\/wp-content\/uploads\/2025\/07\/250716marta-300x219.jpg 300w, https:\/\/www.musikzeitung.ch\/wp-content\/uploads\/2025\/07\/250716marta-768x561.jpg 768w, https:\/\/www.musikzeitung.ch\/wp-content\/uploads\/2025\/07\/250716marta-16x12.jpg 16w, https:\/\/www.musikzeitung.ch\/wp-content\/uploads\/2025\/07\/250716marta-240x175.jpg 240w, https:\/\/www.musikzeitung.ch\/wp-content\/uploads\/2025\/07\/250716marta-479x350.jpg 479w, https:\/\/www.musikzeitung.ch\/wp-content\/uploads\/2025\/07\/250716marta-920x672.jpg 920w, https:\/\/www.musikzeitung.ch\/wp-content\/uploads\/2025\/07\/250716marta.jpg 1048w\" sizes=\"auto, (max-width: 768px) 100vw, 768px\" \/><figcaption id=\"caption-attachment-66393\" class=\"wp-caption-text\">Marta Sudraba (Image: facebook.com\/GidonKremerMusic)<\/figcaption><\/figure>\n<p>According to the online magazine Slipped Disc, Sudraba was born in Riga, Latvia, in 1975. She studied music in Riga, at the Guildhall School of Music and Drama in London and at the Basel Academy of Music with Thomas Demenga, as well as with Heinrich Schiff at the Vienna Academy of Music.<\/p>\n<p>In 1997 she joined Gidon Kremer's Kremerata Baltica, where she led the cello section and took part in the ensemble's tours and recordings. The following year she became a member of Kremer's trio. Sudraba has also played with the Royal Concertgebouw Orchestra and the Orchestra de La Scala in Milan, among others.<\/p>\n<p>As a chamber musician, she has worked with Kremer as well as with Jean-Yves Thibaudet, Thomas Quasthoff, Nikolaj Szeps-Znaider, Ilya Gringolts, Per Arne Glorvigen, Joshua Bell and Vadim Sakharov. She was also a guest at the Verbier Festival.<\/p>","protected":false},"excerpt":{"rendered":"<p>Latvian cellist Marta Sudraba, who completed her master's degree in 2000 in Basel with Thomas Demenga, has died in Vienna at the age of 50. <\/p>","protected":false},"author":30,"featured_media":66393,"comment_status":"closed","ping_status":"closed","sticky":false,"template":"","format":"standard","meta":{"_acf_changed":false,"_relevanssi_hide_post":"","_relevanssi_hide_content":"","_relevanssi_pin_for_all":"","_relevanssi_pin_keywords":"","_relevanssi_unpin_keywords":"","_relevanssi_related_keywords":"","_relevanssi_related_include_ids":"","_relevanssi_related_exclude_ids":"","_relevanssi_related_no_append":"","_relevanssi_related_not_related":"","_relevanssi_related_posts":"","_relevanssi_noindex_reason":"","pgc_sgb_lightbox_settings":"","footnotes":""},"categories":[27],"tags":[5123,5124],"class_list":["post-66392","post","type-post","status-publish","format-standard","has-post-thumbnail","hentry","category-news","tag-marta-sudraba","tag-musikhochschule-basel"],"acf":[],"yoast_head":"<!-- This site is optimized with the Yoast SEO plugin v27.4 - https:\/\/yoast.com\/product\/yoast-seo-wordpress\/ -->\n<title>Tod der lettischen Cellistin Marta Sudraba - Schweizer Musikzeitung<\/title>\n<meta name=\"description\" content=\"Die lettische Cellistin Marta Sudraba ist im Alter von 50 Jahren in Wien verstorben.\" \/>\n<meta name=\"robots\" content=\"index, follow, max-snippet:-1, max-image-preview:large, max-video-preview:-1\" \/>\n<link rel=\"canonical\" href=\"https:\/\/www.musikzeitung.ch\/en\/news\/2025\/07\/tod-der-lettischen-cellistin-marta-sudraba\/\" \/>\n<meta property=\"og:locale\" content=\"en_US\" \/>\n<meta property=\"og:type\" content=\"article\" \/>\n<meta property=\"og:title\" content=\"Tod der lettischen Cellistin Marta Sudraba - Schweizer Musikzeitung\" \/>\n<meta property=\"og:description\" content=\"Die lettische Cellistin Marta Sudraba ist im Alter von 50 Jahren in Wien verstorben.\" \/>\n<meta property=\"og:url\" content=\"https:\/\/www.musikzeitung.ch\/en\/news\/2025\/07\/tod-der-lettischen-cellistin-marta-sudraba\/\" \/>\n<meta property=\"og:site_name\" content=\"Schweizer Musikzeitung\" \/>\n<meta property=\"article:publisher\" content=\"https:\/\/www.facebook.com\/SchweizerMusikzeitung\/\" \/>\n<meta property=\"article:author\" content=\"https:\/\/www.facebook.com\/wolfgang.bohler.75\" \/>\n<meta property=\"article:published_time\" content=\"2025-07-16T11:05:31+00:00\" \/>\n<meta property=\"article:modified_time\" content=\"2025-07-21T14:58:38+00:00\" \/>\n<meta property=\"og:image\" content=\"https:\/\/www.musikzeitung.ch\/wp-content\/uploads\/2025\/07\/250716marta.jpg\" \/>\n\t<meta property=\"og:image:width\" content=\"1048\" \/>\n\t<meta property=\"og:image:height\" content=\"765\" \/>\n\t<meta property=\"og:image:type\" content=\"image\/jpeg\" \/>\n<meta name=\"author\" content=\"Wolfgang B\u00f6hler\" \/>\n<meta name=\"twitter:card\" content=\"summary_large_image\" \/>\n<meta name=\"twitter:creator\" content=\"@smusikzeitung\" \/>\n<meta name=\"twitter:site\" content=\"@smusikzeitung\" \/>\n<meta name=\"twitter:label1\" content=\"Written by\" \/>\n\t<meta name=\"twitter:data1\" content=\"Wolfgang B\u00f6hler\" \/>\n\t<meta name=\"twitter:label2\" content=\"Est. reading time\" \/>\n\t<meta name=\"twitter:data2\" content=\"2 minutes\" \/>\n<script type=\"application\/ld+json\" class=\"yoast-schema-graph\">{\"@context\":\"https:\\\/\\\/schema.org\",\"@graph\":[{\"@type\":\"Article\",\"@id\":\"https:\\\/\\\/www.musikzeitung.ch\\\/news\\\/2025\\\/07\\\/tod-der-lettischen-cellistin-marta-sudraba#article\",\"isPartOf\":{\"@id\":\"https:\\\/\\\/www.musikzeitung.ch\\\/news\\\/2025\\\/07\\\/tod-der-lettischen-cellistin-marta-sudraba\"},\"author\":{\"name\":\"Wolfgang B\u00f6hler\",\"@id\":\"https:\\\/\\\/www.musikzeitung.ch\\\/#\\\/schema\\\/person\\\/0da4fb82d243f1252850a35d0e87cf0c\"},\"headline\":\"Tod der lettischen Cellistin Marta Sudraba\",\"datePublished\":\"2025-07-16T11:05:31+00:00\",\"dateModified\":\"2025-07-21T14:58:38+00:00\",\"mainEntityOfPage\":{\"@id\":\"https:\\\/\\\/www.musikzeitung.ch\\\/news\\\/2025\\\/07\\\/tod-der-lettischen-cellistin-marta-sudraba\"},\"wordCount\":144,\"publisher\":{\"@id\":\"https:\\\/\\\/www.musikzeitung.ch\\\/#organization\"},\"image\":{\"@id\":\"https:\\\/\\\/www.musikzeitung.ch\\\/news\\\/2025\\\/07\\\/tod-der-lettischen-cellistin-marta-sudraba#primaryimage\"},\"thumbnailUrl\":\"https:\\\/\\\/www.musikzeitung.ch\\\/wp-content\\\/uploads\\\/2025\\\/07\\\/250716marta.jpg\",\"keywords\":[\"Marta Sudraba\",\"Musikhochschule Basel\"],\"articleSection\":[\"News\"],\"inLanguage\":\"en-US\"},{\"@type\":\"WebPage\",\"@id\":\"https:\\\/\\\/www.musikzeitung.ch\\\/news\\\/2025\\\/07\\\/tod-der-lettischen-cellistin-marta-sudraba\",\"url\":\"https:\\\/\\\/www.musikzeitung.ch\\\/news\\\/2025\\\/07\\\/tod-der-lettischen-cellistin-marta-sudraba\",\"name\":\"Tod der lettischen Cellistin Marta Sudraba - Schweizer Musikzeitung\",\"isPartOf\":{\"@id\":\"https:\\\/\\\/www.musikzeitung.ch\\\/#website\"},\"primaryImageOfPage\":{\"@id\":\"https:\\\/\\\/www.musikzeitung.ch\\\/news\\\/2025\\\/07\\\/tod-der-lettischen-cellistin-marta-sudraba#primaryimage\"},\"image\":{\"@id\":\"https:\\\/\\\/www.musikzeitung.ch\\\/news\\\/2025\\\/07\\\/tod-der-lettischen-cellistin-marta-sudraba#primaryimage\"},\"thumbnailUrl\":\"https:\\\/\\\/www.musikzeitung.ch\\\/wp-content\\\/uploads\\\/2025\\\/07\\\/250716marta.jpg\",\"datePublished\":\"2025-07-16T11:05:31+00:00\",\"dateModified\":\"2025-07-21T14:58:38+00:00\",\"description\":\"Die lettische Cellistin Marta Sudraba ist im Alter von 50 Jahren in Wien verstorben.\",\"breadcrumb\":{\"@id\":\"https:\\\/\\\/www.musikzeitung.ch\\\/news\\\/2025\\\/07\\\/tod-der-lettischen-cellistin-marta-sudraba#breadcrumb\"},\"inLanguage\":\"en-US\",\"potentialAction\":[{\"@type\":\"ReadAction\",\"target\":[\"https:\\\/\\\/www.musikzeitung.ch\\\/news\\\/2025\\\/07\\\/tod-der-lettischen-cellistin-marta-sudraba\"]}]},{\"@type\":\"ImageObject\",\"inLanguage\":\"en-US\",\"@id\":\"https:\\\/\\\/www.musikzeitung.ch\\\/news\\\/2025\\\/07\\\/tod-der-lettischen-cellistin-marta-sudraba#primaryimage\",\"url\":\"https:\\\/\\\/www.musikzeitung.ch\\\/wp-content\\\/uploads\\\/2025\\\/07\\\/250716marta.jpg\",\"contentUrl\":\"https:\\\/\\\/www.musikzeitung.ch\\\/wp-content\\\/uploads\\\/2025\\\/07\\\/250716marta.jpg\",\"width\":1048,\"height\":765,\"caption\":\"Marta Sudraba (Bild: facebook.com\\\/GidonKremerMusic)\"},{\"@type\":\"BreadcrumbList\",\"@id\":\"https:\\\/\\\/www.musikzeitung.ch\\\/news\\\/2025\\\/07\\\/tod-der-lettischen-cellistin-marta-sudraba#breadcrumb\",\"itemListElement\":[{\"@type\":\"ListItem\",\"position\":1,\"name\":\"Home\",\"item\":\"https:\\\/\\\/www.musikzeitung.ch\\\/\"},{\"@type\":\"ListItem\",\"position\":2,\"name\":\"Tod der lettischen Cellistin Marta Sudraba\"}]},{\"@type\":\"WebSite\",\"@id\":\"https:\\\/\\\/www.musikzeitung.ch\\\/#website\",\"url\":\"https:\\\/\\\/www.musikzeitung.ch\\\/\",\"name\":\"Schweizer Musikzeitung\",\"description\":\"Die f\u00fchrende sparten\u00fcbergreifende Monatszeitung in der Schweiz f\u00fcr musikalische Fragen.\",\"publisher\":{\"@id\":\"https:\\\/\\\/www.musikzeitung.ch\\\/#organization\"},\"potentialAction\":[{\"@type\":\"SearchAction\",\"target\":{\"@type\":\"EntryPoint\",\"urlTemplate\":\"https:\\\/\\\/www.musikzeitung.ch\\\/?s={search_term_string}\"},\"query-input\":{\"@type\":\"PropertyValueSpecification\",\"valueRequired\":true,\"valueName\":\"search_term_string\"}}],\"inLanguage\":\"en-US\"},{\"@type\":\"Organization\",\"@id\":\"https:\\\/\\\/www.musikzeitung.ch\\\/#organization\",\"name\":\"Schweizer Musikzeitung\",\"url\":\"https:\\\/\\\/www.musikzeitung.ch\\\/\",\"logo\":{\"@type\":\"ImageObject\",\"inLanguage\":\"en-US\",\"@id\":\"https:\\\/\\\/www.musikzeitung.ch\\\/#\\\/schema\\\/logo\\\/image\\\/\",\"url\":\"https:\\\/\\\/www.musikzeitung.ch\\\/wp-content\\\/uploads\\\/2023\\\/01\\\/SMZ_Schriftzug_Sprache.png\",\"contentUrl\":\"https:\\\/\\\/www.musikzeitung.ch\\\/wp-content\\\/uploads\\\/2023\\\/01\\\/SMZ_Schriftzug_Sprache.png\",\"width\":1400,\"height\":279,\"caption\":\"Schweizer Musikzeitung\"},\"image\":{\"@id\":\"https:\\\/\\\/www.musikzeitung.ch\\\/#\\\/schema\\\/logo\\\/image\\\/\"},\"sameAs\":[\"https:\\\/\\\/www.facebook.com\\\/SchweizerMusikzeitung\\\/\",\"https:\\\/\\\/x.com\\\/smusikzeitung\",\"https:\\\/\\\/www.instagram.com\\\/musikzeitung.ch\\\/\"]},{\"@type\":\"Person\",\"@id\":\"https:\\\/\\\/www.musikzeitung.ch\\\/#\\\/schema\\\/person\\\/0da4fb82d243f1252850a35d0e87cf0c\",\"name\":\"Wolfgang B\u00f6hler\",\"image\":{\"@type\":\"ImageObject\",\"inLanguage\":\"en-US\",\"@id\":\"https:\\\/\\\/www.musikzeitung.ch\\\/wp-content\\\/uploads\\\/2023\\\/01\\\/boehler_portraet_web-e1674139782246-96x96.jpg\",\"url\":\"https:\\\/\\\/www.musikzeitung.ch\\\/wp-content\\\/uploads\\\/2023\\\/01\\\/boehler_portraet_web-e1674139782246-96x96.jpg\",\"contentUrl\":\"https:\\\/\\\/www.musikzeitung.ch\\\/wp-content\\\/uploads\\\/2023\\\/01\\\/boehler_portraet_web-e1674139782246-96x96.jpg\",\"caption\":\"Wolfgang B\u00f6hler\"},\"sameAs\":[\"http:\\\/\\\/www.manacanto.ch\",\"https:\\\/\\\/www.facebook.com\\\/wolfgang.bohler.75\"],\"url\":\"https:\\\/\\\/www.musikzeitung.ch\\\/en\\\/author\\\/wolfgang-boehler\"}]}<\/script>\n<!-- \/ Yoast SEO plugin. -->","yoast_head_json":{"title":"Death of the Latvian cellist Marta Sudraba - Schweizer Musikzeitung","description":"Latvian cellist Marta Sudraba has died in Vienna at the age of 50.","robots":{"index":"index","follow":"follow","max-snippet":"max-snippet:-1","max-image-preview":"max-image-preview:large","max-video-preview":"max-video-preview:-1"},"canonical":"https:\/\/www.musikzeitung.ch\/en\/news\/2025\/07\/tod-der-lettischen-cellistin-marta-sudraba\/","og_locale":"en_US","og_type":"article","og_title":"Tod der lettischen Cellistin Marta Sudraba - Schweizer Musikzeitung","og_description":"Die lettische Cellistin Marta Sudraba ist im Alter von 50 Jahren in Wien verstorben.","og_url":"https:\/\/www.musikzeitung.ch\/en\/news\/2025\/07\/tod-der-lettischen-cellistin-marta-sudraba\/","og_site_name":"Schweizer Musikzeitung","article_publisher":"https:\/\/www.facebook.com\/SchweizerMusikzeitung\/","article_author":"https:\/\/www.facebook.com\/wolfgang.bohler.75","article_published_time":"2025-07-16T11:05:31+00:00","article_modified_time":"2025-07-21T14:58:38+00:00","og_image":[{"width":1048,"height":765,"url":"https:\/\/www.musikzeitung.ch\/wp-content\/uploads\/2025\/07\/250716marta.jpg","type":"image\/jpeg"}],"author":"Wolfgang B\u00f6hler","twitter_card":"summary_large_image","twitter_creator":"@smusikzeitung","twitter_site":"@smusikzeitung","twitter_misc":{"Written by":"Wolfgang B\u00f6hler","Est. reading time":"2 minutes"},"schema":{"@context":"https:\/\/schema.org","@graph":[{"@type":"Article","@id":"https:\/\/www.musikzeitung.ch\/news\/2025\/07\/tod-der-lettischen-cellistin-marta-sudraba#article","isPartOf":{"@id":"https:\/\/www.musikzeitung.ch\/news\/2025\/07\/tod-der-lettischen-cellistin-marta-sudraba"},"author":{"name":"Wolfgang B\u00f6hler","@id":"https:\/\/www.musikzeitung.ch\/#\/schema\/person\/0da4fb82d243f1252850a35d0e87cf0c"},"headline":"Tod der lettischen Cellistin Marta Sudraba","datePublished":"2025-07-16T11:05:31+00:00","dateModified":"2025-07-21T14:58:38+00:00","mainEntityOfPage":{"@id":"https:\/\/www.musikzeitung.ch\/news\/2025\/07\/tod-der-lettischen-cellistin-marta-sudraba"},"wordCount":144,"publisher":{"@id":"https:\/\/www.musikzeitung.ch\/#organization"},"image":{"@id":"https:\/\/www.musikzeitung.ch\/news\/2025\/07\/tod-der-lettischen-cellistin-marta-sudraba#primaryimage"},"thumbnailUrl":"https:\/\/www.musikzeitung.ch\/wp-content\/uploads\/2025\/07\/250716marta.jpg","keywords":["Marta Sudraba","Musikhochschule Basel"],"articleSection":["News"],"inLanguage":"en-US"},{"@type":"WebPage","@id":"https:\/\/www.musikzeitung.ch\/news\/2025\/07\/tod-der-lettischen-cellistin-marta-sudraba","url":"https:\/\/www.musikzeitung.ch\/news\/2025\/07\/tod-der-lettischen-cellistin-marta-sudraba","name":"Death of the Latvian cellist Marta Sudraba - Schweizer Musikzeitung","isPartOf":{"@id":"https:\/\/www.musikzeitung.ch\/#website"},"primaryImageOfPage":{"@id":"https:\/\/www.musikzeitung.ch\/news\/2025\/07\/tod-der-lettischen-cellistin-marta-sudraba#primaryimage"},"image":{"@id":"https:\/\/www.musikzeitung.ch\/news\/2025\/07\/tod-der-lettischen-cellistin-marta-sudraba#primaryimage"},"thumbnailUrl":"https:\/\/www.musikzeitung.ch\/wp-content\/uploads\/2025\/07\/250716marta.jpg","datePublished":"2025-07-16T11:05:31+00:00","dateModified":"2025-07-21T14:58:38+00:00","description":"Latvian cellist Marta Sudraba has died in Vienna at the age of 50.","breadcrumb":{"@id":"https:\/\/www.musikzeitung.ch\/news\/2025\/07\/tod-der-lettischen-cellistin-marta-sudraba#breadcrumb"},"inLanguage":"en-US","potentialAction":[{"@type":"ReadAction","target":["https:\/\/www.musikzeitung.ch\/news\/2025\/07\/tod-der-lettischen-cellistin-marta-sudraba"]}]},{"@type":"ImageObject","inLanguage":"en-US","@id":"https:\/\/www.musikzeitung.ch\/news\/2025\/07\/tod-der-lettischen-cellistin-marta-sudraba#primaryimage","url":"https:\/\/www.musikzeitung.ch\/wp-content\/uploads\/2025\/07\/250716marta.jpg","contentUrl":"https:\/\/www.musikzeitung.ch\/wp-content\/uploads\/2025\/07\/250716marta.jpg","width":1048,"height":765,"caption":"Marta Sudraba (Bild: facebook.com\/GidonKremerMusic)"},{"@type":"BreadcrumbList","@id":"https:\/\/www.musikzeitung.ch\/news\/2025\/07\/tod-der-lettischen-cellistin-marta-sudraba#breadcrumb","itemListElement":[{"@type":"ListItem","position":1,"name":"Home","item":"https:\/\/www.musikzeitung.ch\/"},{"@type":"ListItem","position":2,"name":"Tod der lettischen Cellistin Marta Sudraba"}]},{"@type":"WebSite","@id":"https:\/\/www.musikzeitung.ch\/#website","url":"https:\/\/www.musikzeitung.ch\/","name":"Swiss Music Newspaper","description":"The leading interdisciplinary monthly newspaper in Switzerland for musical issues.","publisher":{"@id":"https:\/\/www.musikzeitung.ch\/#organization"},"potentialAction":[{"@type":"SearchAction","target":{"@type":"EntryPoint","urlTemplate":"https:\/\/www.musikzeitung.ch\/?s={search_term_string}"},"query-input":{"@type":"PropertyValueSpecification","valueRequired":true,"valueName":"search_term_string"}}],"inLanguage":"en-US"},{"@type":"Organization","@id":"https:\/\/www.musikzeitung.ch\/#organization","name":"Swiss Music Newspaper","url":"https:\/\/www.musikzeitung.ch\/","logo":{"@type":"ImageObject","inLanguage":"en-US","@id":"https:\/\/www.musikzeitung.ch\/#\/schema\/logo\/image\/","url":"https:\/\/www.musikzeitung.ch\/wp-content\/uploads\/2023\/01\/SMZ_Schriftzug_Sprache.png","contentUrl":"https:\/\/www.musikzeitung.ch\/wp-content\/uploads\/2023\/01\/SMZ_Schriftzug_Sprache.png","width":1400,"height":279,"caption":"Schweizer Musikzeitung"},"image":{"@id":"https:\/\/www.musikzeitung.ch\/#\/schema\/logo\/image\/"},"sameAs":["https:\/\/www.facebook.com\/SchweizerMusikzeitung\/","https:\/\/x.com\/smusikzeitung","https:\/\/www.instagram.com\/musikzeitung.ch\/"]},{"@type":"Person","@id":"https:\/\/www.musikzeitung.ch\/#\/schema\/person\/0da4fb82d243f1252850a35d0e87cf0c","name":"Wolfgang B\u00f6hler","image":{"@type":"ImageObject","inLanguage":"en-US","@id":"https:\/\/www.musikzeitung.ch\/wp-content\/uploads\/2023\/01\/boehler_portraet_web-e1674139782246-96x96.jpg","url":"https:\/\/www.musikzeitung.ch\/wp-content\/uploads\/2023\/01\/boehler_portraet_web-e1674139782246-96x96.jpg","contentUrl":"https:\/\/www.musikzeitung.ch\/wp-content\/uploads\/2023\/01\/boehler_portraet_web-e1674139782246-96x96.jpg","caption":"Wolfgang B\u00f6hler"},"sameAs":["http:\/\/www.manacanto.ch","https:\/\/www.facebook.com\/wolfgang.bohler.75"],"url":"https:\/\/www.musikzeitung.ch\/en\/author\/wolfgang-boehler"}]}},"publishpress_future_workflow_manual_trigger":{"enabledWorkflows":[]},"_links":{"self":[{"href":"https:\/\/www.musikzeitung.ch\/en\/wp-json\/wp\/v2\/posts\/66392","targetHints":{"allow":["GET"]}}],"collection":[{"href":"https:\/\/www.musikzeitung.ch\/en\/wp-json\/wp\/v2\/posts"}],"about":[{"href":"https:\/\/www.musikzeitung.ch\/en\/wp-json\/wp\/v2\/types\/post"}],"author":[{"embeddable":true,"href":"https:\/\/www.musikzeitung.ch\/en\/wp-json\/wp\/v2\/users\/30"}],"replies":[{"embeddable":true,"href":"https:\/\/www.musikzeitung.ch\/en\/wp-json\/wp\/v2\/comments?post=66392"}],"version-history":[{"count":3,"href":"https:\/\/www.musikzeitung.ch\/en\/wp-json\/wp\/v2\/posts\/66392\/revisions"}],"predecessor-version":[{"id":66396,"href":"https:\/\/www.musikzeitung.ch\/en\/wp-json\/wp\/v2\/posts\/66392\/revisions\/66396"}],"wp:featuredmedia":[{"embeddable":true,"href":"https:\/\/www.musikzeitung.ch\/en\/wp-json\/wp\/v2\/media\/66393"}],"wp:attachment":[{"href":"https:\/\/www.musikzeitung.ch\/en\/wp-json\/wp\/v2\/media?parent=66392"}],"wp:term":[{"taxonomy":"category","embeddable":true,"href":"https:\/\/www.musikzeitung.ch\/en\/wp-json\/wp\/v2\/categories?post=66392"},{"taxonomy":"post_tag","embeddable":true,"href":"https:\/\/www.musikzeitung.ch\/en\/wp-json\/wp\/v2\/tags?post=66392"}],"curies":[{"name":"wp","href":"https:\/\/api.w.org\/{rel}","templated":true}]}}