{"id":67008,"date":"2025-08-20T10:24:10","date_gmt":"2025-08-20T08:24:10","guid":{"rendered":"https:\/\/www.musikzeitung.ch\/?p=67008"},"modified":"2025-08-21T10:24:48","modified_gmt":"2025-08-21T08:24:48","slug":"thun-foerdert-lisa-mark","status":"publish","type":"post","link":"https:\/\/www.musikzeitung.ch\/en\/news\/2025\/08\/thun-foerdert-lisa-mark","title":{"rendered":"Thun promotes Lisa Mark"},"content":{"rendered":"<figure id=\"attachment_67009\" aria-describedby=\"caption-attachment-67009\" style=\"width: 768px\" class=\"wp-caption alignnone\"><img loading=\"lazy\" decoding=\"async\" class=\"size-large wp-image-67009\" src=\"https:\/\/www.musikzeitung.ch\/wp-content\/uploads\/2025\/08\/250820mark-1024x786.jpg\" alt=\"\" width=\"768\" height=\"590\" srcset=\"https:\/\/www.musikzeitung.ch\/wp-content\/uploads\/2025\/08\/250820mark-1024x786.jpg 1024w, https:\/\/www.musikzeitung.ch\/wp-content\/uploads\/2025\/08\/250820mark-300x230.jpg 300w, https:\/\/www.musikzeitung.ch\/wp-content\/uploads\/2025\/08\/250820mark-768x589.jpg 768w, https:\/\/www.musikzeitung.ch\/wp-content\/uploads\/2025\/08\/250820mark-16x12.jpg 16w, https:\/\/www.musikzeitung.ch\/wp-content\/uploads\/2025\/08\/250820mark-228x175.jpg 228w, https:\/\/www.musikzeitung.ch\/wp-content\/uploads\/2025\/08\/250820mark-456x350.jpg 456w, https:\/\/www.musikzeitung.ch\/wp-content\/uploads\/2025\/08\/250820mark-920x706.jpg 920w, https:\/\/www.musikzeitung.ch\/wp-content\/uploads\/2025\/08\/250820mark.jpg 1036w\" sizes=\"auto, (max-width: 768px) 100vw, 768px\" \/><figcaption id=\"caption-attachment-67009\" class=\"wp-caption-text\">Lisa Mark (Image: Tim Rod)<\/figcaption><\/figure>\n<p>The city is honoring sound artist Lisa Mark (*1996) with a cultural promotion prize of CHF 5000. Mark completed a degree in Sound Arts and Contemporary Arts Practice at Bern University of the Arts. She impressed the jury \"with her versatility\". In her art practice, she moves between sound arts, visual arts and music, writes the city of Thun. In her interdisciplinary practice, she \"explores sound and conscious listening with sensitivity\", summarizes the jury.<\/p>\n<p>The cultural prizes of the City of Thun are awarded on the recommendation of the Cultural Commission, while the cultural promotion prizes are awarded by the Cultural Promotion Prize Jury. Both committees are chaired by Councillor Katharina Ali-Oesch. The prize money comes from the Heinrich and Martha Streuli Fund, while the cultural promotion prizes have been sponsored by the Amtsanzeiger Verwaltungskreis Thun municipal association since 2004.<\/p>","protected":false},"excerpt":{"rendered":"<p>The city of Thun awards the art prize to visual artist Michael Streun. The cultural promotion prize is shared by sound artist Lisa Mark and filmmaker Yannick Mosimann. <\/p>","protected":false},"author":30,"featured_media":67009,"comment_status":"closed","ping_status":"closed","sticky":false,"template":"","format":"standard","meta":{"_acf_changed":false,"_relevanssi_hide_post":"","_relevanssi_hide_content":"","_relevanssi_pin_for_all":"","_relevanssi_pin_keywords":"","_relevanssi_unpin_keywords":"","_relevanssi_related_keywords":"","_relevanssi_related_include_ids":"","_relevanssi_related_exclude_ids":"","_relevanssi_related_no_append":"","_relevanssi_related_not_related":"","_relevanssi_related_posts":"","_relevanssi_noindex_reason":"","pgc_sgb_lightbox_settings":"","footnotes":""},"categories":[27],"tags":[2859,5253,2858],"class_list":["post-67008","post","type-post","status-publish","format-standard","has-post-thumbnail","hentry","category-news","tag-kulturfoerderpreis","tag-lisa-mark","tag-stadt-thun"],"acf":[],"yoast_head":"<!-- This site is optimized with the Yoast SEO plugin v27.5 - https:\/\/yoast.com\/product\/yoast-seo-wordpress\/ -->\n<title>Thun f\u00f6rdert Lisa Mark - Schweizer Musikzeitung<\/title>\n<meta name=\"description\" content=\"Die Stadt Thun verleiht dem bildenden K\u00fcnstler Michael Streun den Kunstpreis. Den Kulturf\u00f6rderpreis teilen sich Lisa Mark und Yannick Mosimann.\" \/>\n<meta name=\"robots\" content=\"index, follow, max-snippet:-1, max-image-preview:large, max-video-preview:-1\" \/>\n<link rel=\"canonical\" href=\"https:\/\/www.musikzeitung.ch\/en\/news\/2025\/08\/thun-foerdert-lisa-mark\/\" \/>\n<meta property=\"og:locale\" content=\"en_US\" \/>\n<meta property=\"og:type\" content=\"article\" \/>\n<meta property=\"og:title\" content=\"Thun f\u00f6rdert Lisa Mark - Schweizer Musikzeitung\" \/>\n<meta property=\"og:description\" content=\"Die Stadt Thun verleiht dem bildenden K\u00fcnstler Michael Streun den Kunstpreis. Den Kulturf\u00f6rderpreis teilen sich Lisa Mark und Yannick Mosimann.\" \/>\n<meta property=\"og:url\" content=\"https:\/\/www.musikzeitung.ch\/en\/news\/2025\/08\/thun-foerdert-lisa-mark\/\" \/>\n<meta property=\"og:site_name\" content=\"Schweizer Musikzeitung\" \/>\n<meta property=\"article:publisher\" content=\"https:\/\/www.facebook.com\/SchweizerMusikzeitung\/\" \/>\n<meta property=\"article:author\" content=\"https:\/\/www.facebook.com\/wolfgang.bohler.75\" \/>\n<meta property=\"article:published_time\" content=\"2025-08-20T08:24:10+00:00\" \/>\n<meta property=\"article:modified_time\" content=\"2025-08-21T08:24:48+00:00\" \/>\n<meta property=\"og:image\" content=\"https:\/\/www.musikzeitung.ch\/wp-content\/uploads\/2025\/08\/250820mark.jpg\" \/>\n\t<meta property=\"og:image:width\" content=\"1036\" \/>\n\t<meta property=\"og:image:height\" content=\"795\" \/>\n\t<meta property=\"og:image:type\" content=\"image\/jpeg\" \/>\n<meta name=\"author\" content=\"Wolfgang B\u00f6hler\" \/>\n<meta name=\"twitter:card\" content=\"summary_large_image\" \/>\n<meta name=\"twitter:creator\" content=\"@smusikzeitung\" \/>\n<meta name=\"twitter:site\" content=\"@smusikzeitung\" \/>\n<meta name=\"twitter:label1\" content=\"Written by\" \/>\n\t<meta name=\"twitter:data1\" content=\"Wolfgang B\u00f6hler\" \/>\n\t<meta name=\"twitter:label2\" content=\"Est. reading time\" \/>\n\t<meta name=\"twitter:data2\" content=\"2 minutes\" \/>\n<script type=\"application\/ld+json\" class=\"yoast-schema-graph\">{\"@context\":\"https:\\\/\\\/schema.org\",\"@graph\":[{\"@type\":\"Article\",\"@id\":\"https:\\\/\\\/www.musikzeitung.ch\\\/news\\\/2025\\\/08\\\/thun-foerdert-lisa-mark#article\",\"isPartOf\":{\"@id\":\"https:\\\/\\\/www.musikzeitung.ch\\\/news\\\/2025\\\/08\\\/thun-foerdert-lisa-mark\"},\"author\":{\"name\":\"Wolfgang B\u00f6hler\",\"@id\":\"https:\\\/\\\/www.musikzeitung.ch\\\/#\\\/schema\\\/person\\\/0da4fb82d243f1252850a35d0e87cf0c\"},\"headline\":\"Thun f\u00f6rdert Lisa Mark\",\"datePublished\":\"2025-08-20T08:24:10+00:00\",\"dateModified\":\"2025-08-21T08:24:48+00:00\",\"mainEntityOfPage\":{\"@id\":\"https:\\\/\\\/www.musikzeitung.ch\\\/news\\\/2025\\\/08\\\/thun-foerdert-lisa-mark\"},\"wordCount\":143,\"publisher\":{\"@id\":\"https:\\\/\\\/www.musikzeitung.ch\\\/#organization\"},\"image\":{\"@id\":\"https:\\\/\\\/www.musikzeitung.ch\\\/news\\\/2025\\\/08\\\/thun-foerdert-lisa-mark#primaryimage\"},\"thumbnailUrl\":\"https:\\\/\\\/www.musikzeitung.ch\\\/wp-content\\\/uploads\\\/2025\\\/08\\\/250820mark.jpg\",\"keywords\":[\"Kulturf\u00f6rderpreis\",\"Lisa Mark\",\"Stadt Thun\"],\"articleSection\":[\"News\"],\"inLanguage\":\"en-US\"},{\"@type\":\"WebPage\",\"@id\":\"https:\\\/\\\/www.musikzeitung.ch\\\/news\\\/2025\\\/08\\\/thun-foerdert-lisa-mark\",\"url\":\"https:\\\/\\\/www.musikzeitung.ch\\\/news\\\/2025\\\/08\\\/thun-foerdert-lisa-mark\",\"name\":\"Thun f\u00f6rdert Lisa Mark - Schweizer Musikzeitung\",\"isPartOf\":{\"@id\":\"https:\\\/\\\/www.musikzeitung.ch\\\/#website\"},\"primaryImageOfPage\":{\"@id\":\"https:\\\/\\\/www.musikzeitung.ch\\\/news\\\/2025\\\/08\\\/thun-foerdert-lisa-mark#primaryimage\"},\"image\":{\"@id\":\"https:\\\/\\\/www.musikzeitung.ch\\\/news\\\/2025\\\/08\\\/thun-foerdert-lisa-mark#primaryimage\"},\"thumbnailUrl\":\"https:\\\/\\\/www.musikzeitung.ch\\\/wp-content\\\/uploads\\\/2025\\\/08\\\/250820mark.jpg\",\"datePublished\":\"2025-08-20T08:24:10+00:00\",\"dateModified\":\"2025-08-21T08:24:48+00:00\",\"description\":\"Die Stadt Thun verleiht dem bildenden K\u00fcnstler Michael Streun den Kunstpreis. Den Kulturf\u00f6rderpreis teilen sich Lisa Mark und Yannick Mosimann.\",\"breadcrumb\":{\"@id\":\"https:\\\/\\\/www.musikzeitung.ch\\\/news\\\/2025\\\/08\\\/thun-foerdert-lisa-mark#breadcrumb\"},\"inLanguage\":\"en-US\",\"potentialAction\":[{\"@type\":\"ReadAction\",\"target\":[\"https:\\\/\\\/www.musikzeitung.ch\\\/news\\\/2025\\\/08\\\/thun-foerdert-lisa-mark\"]}]},{\"@type\":\"ImageObject\",\"inLanguage\":\"en-US\",\"@id\":\"https:\\\/\\\/www.musikzeitung.ch\\\/news\\\/2025\\\/08\\\/thun-foerdert-lisa-mark#primaryimage\",\"url\":\"https:\\\/\\\/www.musikzeitung.ch\\\/wp-content\\\/uploads\\\/2025\\\/08\\\/250820mark.jpg\",\"contentUrl\":\"https:\\\/\\\/www.musikzeitung.ch\\\/wp-content\\\/uploads\\\/2025\\\/08\\\/250820mark.jpg\",\"width\":1036,\"height\":795,\"caption\":\"Lisa Mark (Bild: Tim Rod)\"},{\"@type\":\"BreadcrumbList\",\"@id\":\"https:\\\/\\\/www.musikzeitung.ch\\\/news\\\/2025\\\/08\\\/thun-foerdert-lisa-mark#breadcrumb\",\"itemListElement\":[{\"@type\":\"ListItem\",\"position\":1,\"name\":\"Home\",\"item\":\"https:\\\/\\\/www.musikzeitung.ch\\\/\"},{\"@type\":\"ListItem\",\"position\":2,\"name\":\"Thun f\u00f6rdert Lisa Mark\"}]},{\"@type\":\"WebSite\",\"@id\":\"https:\\\/\\\/www.musikzeitung.ch\\\/#website\",\"url\":\"https:\\\/\\\/www.musikzeitung.ch\\\/\",\"name\":\"Schweizer Musikzeitung\",\"description\":\"Die f\u00fchrende sparten\u00fcbergreifende Monatszeitung in der Schweiz f\u00fcr musikalische Fragen.\",\"publisher\":{\"@id\":\"https:\\\/\\\/www.musikzeitung.ch\\\/#organization\"},\"potentialAction\":[{\"@type\":\"SearchAction\",\"target\":{\"@type\":\"EntryPoint\",\"urlTemplate\":\"https:\\\/\\\/www.musikzeitung.ch\\\/?s={search_term_string}\"},\"query-input\":{\"@type\":\"PropertyValueSpecification\",\"valueRequired\":true,\"valueName\":\"search_term_string\"}}],\"inLanguage\":\"en-US\"},{\"@type\":\"Organization\",\"@id\":\"https:\\\/\\\/www.musikzeitung.ch\\\/#organization\",\"name\":\"Schweizer Musikzeitung\",\"url\":\"https:\\\/\\\/www.musikzeitung.ch\\\/\",\"logo\":{\"@type\":\"ImageObject\",\"inLanguage\":\"en-US\",\"@id\":\"https:\\\/\\\/www.musikzeitung.ch\\\/#\\\/schema\\\/logo\\\/image\\\/\",\"url\":\"https:\\\/\\\/www.musikzeitung.ch\\\/wp-content\\\/uploads\\\/2023\\\/01\\\/SMZ_Schriftzug_Sprache.png\",\"contentUrl\":\"https:\\\/\\\/www.musikzeitung.ch\\\/wp-content\\\/uploads\\\/2023\\\/01\\\/SMZ_Schriftzug_Sprache.png\",\"width\":1400,\"height\":279,\"caption\":\"Schweizer Musikzeitung\"},\"image\":{\"@id\":\"https:\\\/\\\/www.musikzeitung.ch\\\/#\\\/schema\\\/logo\\\/image\\\/\"},\"sameAs\":[\"https:\\\/\\\/www.facebook.com\\\/SchweizerMusikzeitung\\\/\",\"https:\\\/\\\/x.com\\\/smusikzeitung\",\"https:\\\/\\\/www.instagram.com\\\/musikzeitung.ch\\\/\"]},{\"@type\":\"Person\",\"@id\":\"https:\\\/\\\/www.musikzeitung.ch\\\/#\\\/schema\\\/person\\\/0da4fb82d243f1252850a35d0e87cf0c\",\"name\":\"Wolfgang B\u00f6hler\",\"image\":{\"@type\":\"ImageObject\",\"inLanguage\":\"en-US\",\"@id\":\"https:\\\/\\\/www.musikzeitung.ch\\\/wp-content\\\/uploads\\\/2023\\\/01\\\/boehler_portraet_web-e1674139782246-96x96.jpg\",\"url\":\"https:\\\/\\\/www.musikzeitung.ch\\\/wp-content\\\/uploads\\\/2023\\\/01\\\/boehler_portraet_web-e1674139782246-96x96.jpg\",\"contentUrl\":\"https:\\\/\\\/www.musikzeitung.ch\\\/wp-content\\\/uploads\\\/2023\\\/01\\\/boehler_portraet_web-e1674139782246-96x96.jpg\",\"caption\":\"Wolfgang B\u00f6hler\"},\"sameAs\":[\"http:\\\/\\\/www.manacanto.ch\",\"https:\\\/\\\/www.facebook.com\\\/wolfgang.bohler.75\"],\"url\":\"https:\\\/\\\/www.musikzeitung.ch\\\/en\\\/author\\\/wolfgang-boehler\"}]}<\/script>\n<!-- \/ Yoast SEO plugin. -->","yoast_head_json":{"title":"Thun promotes Lisa Mark - Swiss Music Journal","description":"The city of Thun awards the art prize to visual artist Michael Streun. Lisa Mark and Yannick Mosimann share the culture promotion prize.","robots":{"index":"index","follow":"follow","max-snippet":"max-snippet:-1","max-image-preview":"max-image-preview:large","max-video-preview":"max-video-preview:-1"},"canonical":"https:\/\/www.musikzeitung.ch\/en\/news\/2025\/08\/thun-foerdert-lisa-mark\/","og_locale":"en_US","og_type":"article","og_title":"Thun f\u00f6rdert Lisa Mark - Schweizer Musikzeitung","og_description":"Die Stadt Thun verleiht dem bildenden K\u00fcnstler Michael Streun den Kunstpreis. Den Kulturf\u00f6rderpreis teilen sich Lisa Mark und Yannick Mosimann.","og_url":"https:\/\/www.musikzeitung.ch\/en\/news\/2025\/08\/thun-foerdert-lisa-mark\/","og_site_name":"Schweizer Musikzeitung","article_publisher":"https:\/\/www.facebook.com\/SchweizerMusikzeitung\/","article_author":"https:\/\/www.facebook.com\/wolfgang.bohler.75","article_published_time":"2025-08-20T08:24:10+00:00","article_modified_time":"2025-08-21T08:24:48+00:00","og_image":[{"width":1036,"height":795,"url":"https:\/\/www.musikzeitung.ch\/wp-content\/uploads\/2025\/08\/250820mark.jpg","type":"image\/jpeg"}],"author":"Wolfgang B\u00f6hler","twitter_card":"summary_large_image","twitter_creator":"@smusikzeitung","twitter_site":"@smusikzeitung","twitter_misc":{"Written by":"Wolfgang B\u00f6hler","Est. reading time":"2 minutes"},"schema":{"@context":"https:\/\/schema.org","@graph":[{"@type":"Article","@id":"https:\/\/www.musikzeitung.ch\/news\/2025\/08\/thun-foerdert-lisa-mark#article","isPartOf":{"@id":"https:\/\/www.musikzeitung.ch\/news\/2025\/08\/thun-foerdert-lisa-mark"},"author":{"name":"Wolfgang B\u00f6hler","@id":"https:\/\/www.musikzeitung.ch\/#\/schema\/person\/0da4fb82d243f1252850a35d0e87cf0c"},"headline":"Thun f\u00f6rdert Lisa Mark","datePublished":"2025-08-20T08:24:10+00:00","dateModified":"2025-08-21T08:24:48+00:00","mainEntityOfPage":{"@id":"https:\/\/www.musikzeitung.ch\/news\/2025\/08\/thun-foerdert-lisa-mark"},"wordCount":143,"publisher":{"@id":"https:\/\/www.musikzeitung.ch\/#organization"},"image":{"@id":"https:\/\/www.musikzeitung.ch\/news\/2025\/08\/thun-foerdert-lisa-mark#primaryimage"},"thumbnailUrl":"https:\/\/www.musikzeitung.ch\/wp-content\/uploads\/2025\/08\/250820mark.jpg","keywords":["Kulturf\u00f6rderpreis","Lisa Mark","Stadt Thun"],"articleSection":["News"],"inLanguage":"en-US"},{"@type":"WebPage","@id":"https:\/\/www.musikzeitung.ch\/news\/2025\/08\/thun-foerdert-lisa-mark","url":"https:\/\/www.musikzeitung.ch\/news\/2025\/08\/thun-foerdert-lisa-mark","name":"Thun promotes Lisa Mark - Swiss Music Journal","isPartOf":{"@id":"https:\/\/www.musikzeitung.ch\/#website"},"primaryImageOfPage":{"@id":"https:\/\/www.musikzeitung.ch\/news\/2025\/08\/thun-foerdert-lisa-mark#primaryimage"},"image":{"@id":"https:\/\/www.musikzeitung.ch\/news\/2025\/08\/thun-foerdert-lisa-mark#primaryimage"},"thumbnailUrl":"https:\/\/www.musikzeitung.ch\/wp-content\/uploads\/2025\/08\/250820mark.jpg","datePublished":"2025-08-20T08:24:10+00:00","dateModified":"2025-08-21T08:24:48+00:00","description":"The city of Thun awards the art prize to visual artist Michael Streun. Lisa Mark and Yannick Mosimann share the culture promotion prize.","breadcrumb":{"@id":"https:\/\/www.musikzeitung.ch\/news\/2025\/08\/thun-foerdert-lisa-mark#breadcrumb"},"inLanguage":"en-US","potentialAction":[{"@type":"ReadAction","target":["https:\/\/www.musikzeitung.ch\/news\/2025\/08\/thun-foerdert-lisa-mark"]}]},{"@type":"ImageObject","inLanguage":"en-US","@id":"https:\/\/www.musikzeitung.ch\/news\/2025\/08\/thun-foerdert-lisa-mark#primaryimage","url":"https:\/\/www.musikzeitung.ch\/wp-content\/uploads\/2025\/08\/250820mark.jpg","contentUrl":"https:\/\/www.musikzeitung.ch\/wp-content\/uploads\/2025\/08\/250820mark.jpg","width":1036,"height":795,"caption":"Lisa Mark (Bild: Tim Rod)"},{"@type":"BreadcrumbList","@id":"https:\/\/www.musikzeitung.ch\/news\/2025\/08\/thun-foerdert-lisa-mark#breadcrumb","itemListElement":[{"@type":"ListItem","position":1,"name":"Home","item":"https:\/\/www.musikzeitung.ch\/"},{"@type":"ListItem","position":2,"name":"Thun f\u00f6rdert Lisa Mark"}]},{"@type":"WebSite","@id":"https:\/\/www.musikzeitung.ch\/#website","url":"https:\/\/www.musikzeitung.ch\/","name":"Swiss Music Newspaper","description":"The leading interdisciplinary monthly newspaper in Switzerland for musical issues.","publisher":{"@id":"https:\/\/www.musikzeitung.ch\/#organization"},"potentialAction":[{"@type":"SearchAction","target":{"@type":"EntryPoint","urlTemplate":"https:\/\/www.musikzeitung.ch\/?s={search_term_string}"},"query-input":{"@type":"PropertyValueSpecification","valueRequired":true,"valueName":"search_term_string"}}],"inLanguage":"en-US"},{"@type":"Organization","@id":"https:\/\/www.musikzeitung.ch\/#organization","name":"Swiss Music Newspaper","url":"https:\/\/www.musikzeitung.ch\/","logo":{"@type":"ImageObject","inLanguage":"en-US","@id":"https:\/\/www.musikzeitung.ch\/#\/schema\/logo\/image\/","url":"https:\/\/www.musikzeitung.ch\/wp-content\/uploads\/2023\/01\/SMZ_Schriftzug_Sprache.png","contentUrl":"https:\/\/www.musikzeitung.ch\/wp-content\/uploads\/2023\/01\/SMZ_Schriftzug_Sprache.png","width":1400,"height":279,"caption":"Schweizer Musikzeitung"},"image":{"@id":"https:\/\/www.musikzeitung.ch\/#\/schema\/logo\/image\/"},"sameAs":["https:\/\/www.facebook.com\/SchweizerMusikzeitung\/","https:\/\/x.com\/smusikzeitung","https:\/\/www.instagram.com\/musikzeitung.ch\/"]},{"@type":"Person","@id":"https:\/\/www.musikzeitung.ch\/#\/schema\/person\/0da4fb82d243f1252850a35d0e87cf0c","name":"Wolfgang B\u00f6hler","image":{"@type":"ImageObject","inLanguage":"en-US","@id":"https:\/\/www.musikzeitung.ch\/wp-content\/uploads\/2023\/01\/boehler_portraet_web-e1674139782246-96x96.jpg","url":"https:\/\/www.musikzeitung.ch\/wp-content\/uploads\/2023\/01\/boehler_portraet_web-e1674139782246-96x96.jpg","contentUrl":"https:\/\/www.musikzeitung.ch\/wp-content\/uploads\/2023\/01\/boehler_portraet_web-e1674139782246-96x96.jpg","caption":"Wolfgang B\u00f6hler"},"sameAs":["http:\/\/www.manacanto.ch","https:\/\/www.facebook.com\/wolfgang.bohler.75"],"url":"https:\/\/www.musikzeitung.ch\/en\/author\/wolfgang-boehler"}]}},"publishpress_future_workflow_manual_trigger":{"enabledWorkflows":[]},"_links":{"self":[{"href":"https:\/\/www.musikzeitung.ch\/en\/wp-json\/wp\/v2\/posts\/67008","targetHints":{"allow":["GET"]}}],"collection":[{"href":"https:\/\/www.musikzeitung.ch\/en\/wp-json\/wp\/v2\/posts"}],"about":[{"href":"https:\/\/www.musikzeitung.ch\/en\/wp-json\/wp\/v2\/types\/post"}],"author":[{"embeddable":true,"href":"https:\/\/www.musikzeitung.ch\/en\/wp-json\/wp\/v2\/users\/30"}],"replies":[{"embeddable":true,"href":"https:\/\/www.musikzeitung.ch\/en\/wp-json\/wp\/v2\/comments?post=67008"}],"version-history":[{"count":3,"href":"https:\/\/www.musikzeitung.ch\/en\/wp-json\/wp\/v2\/posts\/67008\/revisions"}],"predecessor-version":[{"id":67030,"href":"https:\/\/www.musikzeitung.ch\/en\/wp-json\/wp\/v2\/posts\/67008\/revisions\/67030"}],"wp:featuredmedia":[{"embeddable":true,"href":"https:\/\/www.musikzeitung.ch\/en\/wp-json\/wp\/v2\/media\/67009"}],"wp:attachment":[{"href":"https:\/\/www.musikzeitung.ch\/en\/wp-json\/wp\/v2\/media?parent=67008"}],"wp:term":[{"taxonomy":"category","embeddable":true,"href":"https:\/\/www.musikzeitung.ch\/en\/wp-json\/wp\/v2\/categories?post=67008"},{"taxonomy":"post_tag","embeddable":true,"href":"https:\/\/www.musikzeitung.ch\/en\/wp-json\/wp\/v2\/tags?post=67008"}],"curies":[{"name":"wp","href":"https:\/\/api.w.org\/{rel}","templated":true}]}}