{"id":67237,"date":"2025-09-02T08:10:57","date_gmt":"2025-09-02T06:10:57","guid":{"rendered":"https:\/\/www.musikzeitung.ch\/?p=67237"},"modified":"2025-09-02T08:38:02","modified_gmt":"2025-09-02T06:38:02","slug":"nicolas-bucher-wird-leiter-des-genfer-kammerorchesters","status":"publish","type":"post","link":"https:\/\/www.musikzeitung.ch\/en\/news\/2025\/09\/nicolas-bucher-wird-leiter-des-genfer-kammerorchesters","title":{"rendered":"Nicolas Bucher becomes director of the Geneva Chamber Orchestra"},"content":{"rendered":"<figure id=\"attachment_67238\" aria-describedby=\"caption-attachment-67238\" style=\"width: 873px\" class=\"wp-caption alignnone\"><img loading=\"lazy\" decoding=\"async\" class=\"size-full wp-image-67238\" src=\"https:\/\/www.musikzeitung.ch\/wp-content\/uploads\/2025\/09\/250902bucher.jpg\" alt=\"\" width=\"873\" height=\"637\" srcset=\"https:\/\/www.musikzeitung.ch\/wp-content\/uploads\/2025\/09\/250902bucher.jpg 873w, https:\/\/www.musikzeitung.ch\/wp-content\/uploads\/2025\/09\/250902bucher-300x219.jpg 300w, https:\/\/www.musikzeitung.ch\/wp-content\/uploads\/2025\/09\/250902bucher-768x560.jpg 768w, https:\/\/www.musikzeitung.ch\/wp-content\/uploads\/2025\/09\/250902bucher-16x12.jpg 16w, https:\/\/www.musikzeitung.ch\/wp-content\/uploads\/2025\/09\/250902bucher-240x175.jpg 240w, https:\/\/www.musikzeitung.ch\/wp-content\/uploads\/2025\/09\/250902bucher-480x350.jpg 480w\" sizes=\"auto, (max-width: 873px) 100vw, 873px\" \/><figcaption id=\"caption-attachment-67238\" class=\"wp-caption-text\">Nicolas Bucher (Image: OCG)<\/figcaption><\/figure>\n<p>In parallel to his cultural management duties, Bucher is pursuing an artistic career as an organist, which, according to the Geneva Chamber Orchestra's press release, has taken him regularly to western Switzerland, France and Europe. Under his leadership, the Orchestre de Chambre de Gen\u00e8ve (OCG) will \"continue its mission as an orchestra resolutely focused on the 21st century\". With a program that combines classical repertoire, contemporary music and interdisciplinary projects, it aims to make classical music accessible and approachable for everyone.<\/p>\n<p>The OCG is currently expanding its activities thanks to increased support from the City and Canton of Geneva, the upcoming move to the Concorde cultural space and thus new artistic ambitions under the direction of Maestro Rapha\u00ebl Merlin, who has been reappointed for the next three years.<\/p>","protected":false},"excerpt":{"rendered":"<p>The organist Nicolas Bucher from Obwalden, who previously directed the Centre de musique baroque de Versailles, is to become General Director of the Geneva Chamber Orchestra. He succeeds Fr\u00e9d\u00e9ric Steinbr\u00fcchel in this position. <\/p>","protected":false},"author":30,"featured_media":67238,"comment_status":"closed","ping_status":"closed","sticky":false,"template":"","format":"standard","meta":{"_acf_changed":false,"_relevanssi_hide_post":"","_relevanssi_hide_content":"","_relevanssi_pin_for_all":"","_relevanssi_pin_keywords":"","_relevanssi_unpin_keywords":"","_relevanssi_related_keywords":"","_relevanssi_related_include_ids":"","_relevanssi_related_exclude_ids":"","_relevanssi_related_no_append":"","_relevanssi_related_not_related":"","_relevanssi_related_posts":"","_relevanssi_noindex_reason":"","pgc_sgb_lightbox_settings":"","footnotes":""},"categories":[27],"tags":[5270,5269],"class_list":["post-67237","post","type-post","status-publish","format-standard","has-post-thumbnail","hentry","category-news","tag-nicolas-bucher","tag-orchestre-de-chambre-de-geneve"],"acf":[],"yoast_head":"<!-- This site is optimized with the Yoast SEO plugin v27.4 - https:\/\/yoast.com\/product\/yoast-seo-wordpress\/ -->\n<title>Nicolas Bucher wird Leiter des Genfer Kammerorchesters - Schweizer Musikzeitung<\/title>\n<meta name=\"description\" content=\"Der Obwaldner Organist, der bislang das Centre de musique baroque de Versailles geleitet hat, wird Generaldirektor des Genfer Kammerorchesters.\" \/>\n<meta name=\"robots\" content=\"index, follow, max-snippet:-1, max-image-preview:large, max-video-preview:-1\" \/>\n<link rel=\"canonical\" href=\"https:\/\/www.musikzeitung.ch\/en\/news\/2025\/09\/nicolas-bucher-wird-leiter-des-genfer-kammerorchesters\/\" \/>\n<meta property=\"og:locale\" content=\"en_US\" \/>\n<meta property=\"og:type\" content=\"article\" \/>\n<meta property=\"og:title\" content=\"Nicolas Bucher wird Leiter des Genfer Kammerorchesters - Schweizer Musikzeitung\" \/>\n<meta property=\"og:description\" content=\"Der Obwaldner Organist, der bislang das Centre de musique baroque de Versailles geleitet hat, wird Generaldirektor des Genfer Kammerorchesters.\" \/>\n<meta property=\"og:url\" content=\"https:\/\/www.musikzeitung.ch\/en\/news\/2025\/09\/nicolas-bucher-wird-leiter-des-genfer-kammerorchesters\/\" \/>\n<meta property=\"og:site_name\" content=\"Schweizer Musikzeitung\" \/>\n<meta property=\"article:publisher\" content=\"https:\/\/www.facebook.com\/SchweizerMusikzeitung\/\" \/>\n<meta property=\"article:author\" content=\"https:\/\/www.facebook.com\/wolfgang.bohler.75\" \/>\n<meta property=\"article:published_time\" content=\"2025-09-02T06:10:57+00:00\" \/>\n<meta property=\"article:modified_time\" content=\"2025-09-02T06:38:02+00:00\" \/>\n<meta property=\"og:image\" content=\"https:\/\/www.musikzeitung.ch\/wp-content\/uploads\/2025\/09\/250902bucher.jpg\" \/>\n\t<meta property=\"og:image:width\" content=\"873\" \/>\n\t<meta property=\"og:image:height\" content=\"637\" \/>\n\t<meta property=\"og:image:type\" content=\"image\/jpeg\" \/>\n<meta name=\"author\" content=\"Wolfgang B\u00f6hler\" \/>\n<meta name=\"twitter:card\" content=\"summary_large_image\" \/>\n<meta name=\"twitter:creator\" content=\"@smusikzeitung\" \/>\n<meta name=\"twitter:site\" content=\"@smusikzeitung\" \/>\n<meta name=\"twitter:label1\" content=\"Written by\" \/>\n\t<meta name=\"twitter:data1\" content=\"Wolfgang B\u00f6hler\" \/>\n\t<meta name=\"twitter:label2\" content=\"Est. reading time\" \/>\n\t<meta name=\"twitter:data2\" content=\"2 minutes\" \/>\n<script type=\"application\/ld+json\" class=\"yoast-schema-graph\">{\"@context\":\"https:\\\/\\\/schema.org\",\"@graph\":[{\"@type\":\"Article\",\"@id\":\"https:\\\/\\\/www.musikzeitung.ch\\\/news\\\/2025\\\/09\\\/nicolas-bucher-wird-leiter-des-genfer-kammerorchesters#article\",\"isPartOf\":{\"@id\":\"https:\\\/\\\/www.musikzeitung.ch\\\/news\\\/2025\\\/09\\\/nicolas-bucher-wird-leiter-des-genfer-kammerorchesters\"},\"author\":{\"name\":\"Wolfgang B\u00f6hler\",\"@id\":\"https:\\\/\\\/www.musikzeitung.ch\\\/#\\\/schema\\\/person\\\/0da4fb82d243f1252850a35d0e87cf0c\"},\"headline\":\"Nicolas Bucher wird Leiter des Genfer Kammerorchesters\",\"datePublished\":\"2025-09-02T06:10:57+00:00\",\"dateModified\":\"2025-09-02T06:38:02+00:00\",\"mainEntityOfPage\":{\"@id\":\"https:\\\/\\\/www.musikzeitung.ch\\\/news\\\/2025\\\/09\\\/nicolas-bucher-wird-leiter-des-genfer-kammerorchesters\"},\"wordCount\":154,\"publisher\":{\"@id\":\"https:\\\/\\\/www.musikzeitung.ch\\\/#organization\"},\"image\":{\"@id\":\"https:\\\/\\\/www.musikzeitung.ch\\\/news\\\/2025\\\/09\\\/nicolas-bucher-wird-leiter-des-genfer-kammerorchesters#primaryimage\"},\"thumbnailUrl\":\"https:\\\/\\\/www.musikzeitung.ch\\\/wp-content\\\/uploads\\\/2025\\\/09\\\/250902bucher.jpg\",\"keywords\":[\"Nicolas Bucher\",\"Orchestre de Chambre de Gen\u00e8ve\"],\"articleSection\":[\"News\"],\"inLanguage\":\"en-US\"},{\"@type\":\"WebPage\",\"@id\":\"https:\\\/\\\/www.musikzeitung.ch\\\/news\\\/2025\\\/09\\\/nicolas-bucher-wird-leiter-des-genfer-kammerorchesters\",\"url\":\"https:\\\/\\\/www.musikzeitung.ch\\\/news\\\/2025\\\/09\\\/nicolas-bucher-wird-leiter-des-genfer-kammerorchesters\",\"name\":\"Nicolas Bucher wird Leiter des Genfer Kammerorchesters - Schweizer Musikzeitung\",\"isPartOf\":{\"@id\":\"https:\\\/\\\/www.musikzeitung.ch\\\/#website\"},\"primaryImageOfPage\":{\"@id\":\"https:\\\/\\\/www.musikzeitung.ch\\\/news\\\/2025\\\/09\\\/nicolas-bucher-wird-leiter-des-genfer-kammerorchesters#primaryimage\"},\"image\":{\"@id\":\"https:\\\/\\\/www.musikzeitung.ch\\\/news\\\/2025\\\/09\\\/nicolas-bucher-wird-leiter-des-genfer-kammerorchesters#primaryimage\"},\"thumbnailUrl\":\"https:\\\/\\\/www.musikzeitung.ch\\\/wp-content\\\/uploads\\\/2025\\\/09\\\/250902bucher.jpg\",\"datePublished\":\"2025-09-02T06:10:57+00:00\",\"dateModified\":\"2025-09-02T06:38:02+00:00\",\"description\":\"Der Obwaldner Organist, der bislang das Centre de musique baroque de Versailles geleitet hat, wird Generaldirektor des Genfer Kammerorchesters.\",\"breadcrumb\":{\"@id\":\"https:\\\/\\\/www.musikzeitung.ch\\\/news\\\/2025\\\/09\\\/nicolas-bucher-wird-leiter-des-genfer-kammerorchesters#breadcrumb\"},\"inLanguage\":\"en-US\",\"potentialAction\":[{\"@type\":\"ReadAction\",\"target\":[\"https:\\\/\\\/www.musikzeitung.ch\\\/news\\\/2025\\\/09\\\/nicolas-bucher-wird-leiter-des-genfer-kammerorchesters\"]}]},{\"@type\":\"ImageObject\",\"inLanguage\":\"en-US\",\"@id\":\"https:\\\/\\\/www.musikzeitung.ch\\\/news\\\/2025\\\/09\\\/nicolas-bucher-wird-leiter-des-genfer-kammerorchesters#primaryimage\",\"url\":\"https:\\\/\\\/www.musikzeitung.ch\\\/wp-content\\\/uploads\\\/2025\\\/09\\\/250902bucher.jpg\",\"contentUrl\":\"https:\\\/\\\/www.musikzeitung.ch\\\/wp-content\\\/uploads\\\/2025\\\/09\\\/250902bucher.jpg\",\"width\":873,\"height\":637,\"caption\":\"Nicoals Bucher (Bild: OCG)\"},{\"@type\":\"BreadcrumbList\",\"@id\":\"https:\\\/\\\/www.musikzeitung.ch\\\/news\\\/2025\\\/09\\\/nicolas-bucher-wird-leiter-des-genfer-kammerorchesters#breadcrumb\",\"itemListElement\":[{\"@type\":\"ListItem\",\"position\":1,\"name\":\"Home\",\"item\":\"https:\\\/\\\/www.musikzeitung.ch\\\/\"},{\"@type\":\"ListItem\",\"position\":2,\"name\":\"Nicolas Bucher wird Leiter des Genfer Kammerorchesters\"}]},{\"@type\":\"WebSite\",\"@id\":\"https:\\\/\\\/www.musikzeitung.ch\\\/#website\",\"url\":\"https:\\\/\\\/www.musikzeitung.ch\\\/\",\"name\":\"Schweizer Musikzeitung\",\"description\":\"Die f\u00fchrende sparten\u00fcbergreifende Monatszeitung in der Schweiz f\u00fcr musikalische Fragen.\",\"publisher\":{\"@id\":\"https:\\\/\\\/www.musikzeitung.ch\\\/#organization\"},\"potentialAction\":[{\"@type\":\"SearchAction\",\"target\":{\"@type\":\"EntryPoint\",\"urlTemplate\":\"https:\\\/\\\/www.musikzeitung.ch\\\/?s={search_term_string}\"},\"query-input\":{\"@type\":\"PropertyValueSpecification\",\"valueRequired\":true,\"valueName\":\"search_term_string\"}}],\"inLanguage\":\"en-US\"},{\"@type\":\"Organization\",\"@id\":\"https:\\\/\\\/www.musikzeitung.ch\\\/#organization\",\"name\":\"Schweizer Musikzeitung\",\"url\":\"https:\\\/\\\/www.musikzeitung.ch\\\/\",\"logo\":{\"@type\":\"ImageObject\",\"inLanguage\":\"en-US\",\"@id\":\"https:\\\/\\\/www.musikzeitung.ch\\\/#\\\/schema\\\/logo\\\/image\\\/\",\"url\":\"https:\\\/\\\/www.musikzeitung.ch\\\/wp-content\\\/uploads\\\/2023\\\/01\\\/SMZ_Schriftzug_Sprache.png\",\"contentUrl\":\"https:\\\/\\\/www.musikzeitung.ch\\\/wp-content\\\/uploads\\\/2023\\\/01\\\/SMZ_Schriftzug_Sprache.png\",\"width\":1400,\"height\":279,\"caption\":\"Schweizer Musikzeitung\"},\"image\":{\"@id\":\"https:\\\/\\\/www.musikzeitung.ch\\\/#\\\/schema\\\/logo\\\/image\\\/\"},\"sameAs\":[\"https:\\\/\\\/www.facebook.com\\\/SchweizerMusikzeitung\\\/\",\"https:\\\/\\\/x.com\\\/smusikzeitung\",\"https:\\\/\\\/www.instagram.com\\\/musikzeitung.ch\\\/\"]},{\"@type\":\"Person\",\"@id\":\"https:\\\/\\\/www.musikzeitung.ch\\\/#\\\/schema\\\/person\\\/0da4fb82d243f1252850a35d0e87cf0c\",\"name\":\"Wolfgang B\u00f6hler\",\"image\":{\"@type\":\"ImageObject\",\"inLanguage\":\"en-US\",\"@id\":\"https:\\\/\\\/www.musikzeitung.ch\\\/wp-content\\\/uploads\\\/2023\\\/01\\\/boehler_portraet_web-e1674139782246-96x96.jpg\",\"url\":\"https:\\\/\\\/www.musikzeitung.ch\\\/wp-content\\\/uploads\\\/2023\\\/01\\\/boehler_portraet_web-e1674139782246-96x96.jpg\",\"contentUrl\":\"https:\\\/\\\/www.musikzeitung.ch\\\/wp-content\\\/uploads\\\/2023\\\/01\\\/boehler_portraet_web-e1674139782246-96x96.jpg\",\"caption\":\"Wolfgang B\u00f6hler\"},\"sameAs\":[\"http:\\\/\\\/www.manacanto.ch\",\"https:\\\/\\\/www.facebook.com\\\/wolfgang.bohler.75\"],\"url\":\"https:\\\/\\\/www.musikzeitung.ch\\\/en\\\/author\\\/wolfgang-boehler\"}]}<\/script>\n<!-- \/ Yoast SEO plugin. -->","yoast_head_json":{"title":"Nicolas Bucher becomes director of the Geneva Chamber Orchestra - Schweizer Musikzeitung","description":"The organist from Obwalden, who previously directed the Centre de musique baroque de Versailles, becomes General Director of the Geneva Chamber Orchestra.","robots":{"index":"index","follow":"follow","max-snippet":"max-snippet:-1","max-image-preview":"max-image-preview:large","max-video-preview":"max-video-preview:-1"},"canonical":"https:\/\/www.musikzeitung.ch\/en\/news\/2025\/09\/nicolas-bucher-wird-leiter-des-genfer-kammerorchesters\/","og_locale":"en_US","og_type":"article","og_title":"Nicolas Bucher wird Leiter des Genfer Kammerorchesters - Schweizer Musikzeitung","og_description":"Der Obwaldner Organist, der bislang das Centre de musique baroque de Versailles geleitet hat, wird Generaldirektor des Genfer Kammerorchesters.","og_url":"https:\/\/www.musikzeitung.ch\/en\/news\/2025\/09\/nicolas-bucher-wird-leiter-des-genfer-kammerorchesters\/","og_site_name":"Schweizer Musikzeitung","article_publisher":"https:\/\/www.facebook.com\/SchweizerMusikzeitung\/","article_author":"https:\/\/www.facebook.com\/wolfgang.bohler.75","article_published_time":"2025-09-02T06:10:57+00:00","article_modified_time":"2025-09-02T06:38:02+00:00","og_image":[{"width":873,"height":637,"url":"https:\/\/www.musikzeitung.ch\/wp-content\/uploads\/2025\/09\/250902bucher.jpg","type":"image\/jpeg"}],"author":"Wolfgang B\u00f6hler","twitter_card":"summary_large_image","twitter_creator":"@smusikzeitung","twitter_site":"@smusikzeitung","twitter_misc":{"Written by":"Wolfgang B\u00f6hler","Est. reading time":"2 minutes"},"schema":{"@context":"https:\/\/schema.org","@graph":[{"@type":"Article","@id":"https:\/\/www.musikzeitung.ch\/news\/2025\/09\/nicolas-bucher-wird-leiter-des-genfer-kammerorchesters#article","isPartOf":{"@id":"https:\/\/www.musikzeitung.ch\/news\/2025\/09\/nicolas-bucher-wird-leiter-des-genfer-kammerorchesters"},"author":{"name":"Wolfgang B\u00f6hler","@id":"https:\/\/www.musikzeitung.ch\/#\/schema\/person\/0da4fb82d243f1252850a35d0e87cf0c"},"headline":"Nicolas Bucher wird Leiter des Genfer Kammerorchesters","datePublished":"2025-09-02T06:10:57+00:00","dateModified":"2025-09-02T06:38:02+00:00","mainEntityOfPage":{"@id":"https:\/\/www.musikzeitung.ch\/news\/2025\/09\/nicolas-bucher-wird-leiter-des-genfer-kammerorchesters"},"wordCount":154,"publisher":{"@id":"https:\/\/www.musikzeitung.ch\/#organization"},"image":{"@id":"https:\/\/www.musikzeitung.ch\/news\/2025\/09\/nicolas-bucher-wird-leiter-des-genfer-kammerorchesters#primaryimage"},"thumbnailUrl":"https:\/\/www.musikzeitung.ch\/wp-content\/uploads\/2025\/09\/250902bucher.jpg","keywords":["Nicolas Bucher","Orchestre de Chambre de Gen\u00e8ve"],"articleSection":["News"],"inLanguage":"en-US"},{"@type":"WebPage","@id":"https:\/\/www.musikzeitung.ch\/news\/2025\/09\/nicolas-bucher-wird-leiter-des-genfer-kammerorchesters","url":"https:\/\/www.musikzeitung.ch\/news\/2025\/09\/nicolas-bucher-wird-leiter-des-genfer-kammerorchesters","name":"Nicolas Bucher becomes director of the Geneva Chamber Orchestra - Schweizer Musikzeitung","isPartOf":{"@id":"https:\/\/www.musikzeitung.ch\/#website"},"primaryImageOfPage":{"@id":"https:\/\/www.musikzeitung.ch\/news\/2025\/09\/nicolas-bucher-wird-leiter-des-genfer-kammerorchesters#primaryimage"},"image":{"@id":"https:\/\/www.musikzeitung.ch\/news\/2025\/09\/nicolas-bucher-wird-leiter-des-genfer-kammerorchesters#primaryimage"},"thumbnailUrl":"https:\/\/www.musikzeitung.ch\/wp-content\/uploads\/2025\/09\/250902bucher.jpg","datePublished":"2025-09-02T06:10:57+00:00","dateModified":"2025-09-02T06:38:02+00:00","description":"The organist from Obwalden, who previously directed the Centre de musique baroque de Versailles, becomes General Director of the Geneva Chamber Orchestra.","breadcrumb":{"@id":"https:\/\/www.musikzeitung.ch\/news\/2025\/09\/nicolas-bucher-wird-leiter-des-genfer-kammerorchesters#breadcrumb"},"inLanguage":"en-US","potentialAction":[{"@type":"ReadAction","target":["https:\/\/www.musikzeitung.ch\/news\/2025\/09\/nicolas-bucher-wird-leiter-des-genfer-kammerorchesters"]}]},{"@type":"ImageObject","inLanguage":"en-US","@id":"https:\/\/www.musikzeitung.ch\/news\/2025\/09\/nicolas-bucher-wird-leiter-des-genfer-kammerorchesters#primaryimage","url":"https:\/\/www.musikzeitung.ch\/wp-content\/uploads\/2025\/09\/250902bucher.jpg","contentUrl":"https:\/\/www.musikzeitung.ch\/wp-content\/uploads\/2025\/09\/250902bucher.jpg","width":873,"height":637,"caption":"Nicoals Bucher (Bild: OCG)"},{"@type":"BreadcrumbList","@id":"https:\/\/www.musikzeitung.ch\/news\/2025\/09\/nicolas-bucher-wird-leiter-des-genfer-kammerorchesters#breadcrumb","itemListElement":[{"@type":"ListItem","position":1,"name":"Home","item":"https:\/\/www.musikzeitung.ch\/"},{"@type":"ListItem","position":2,"name":"Nicolas Bucher wird Leiter des Genfer Kammerorchesters"}]},{"@type":"WebSite","@id":"https:\/\/www.musikzeitung.ch\/#website","url":"https:\/\/www.musikzeitung.ch\/","name":"Swiss Music Newspaper","description":"The leading interdisciplinary monthly newspaper in Switzerland for musical issues.","publisher":{"@id":"https:\/\/www.musikzeitung.ch\/#organization"},"potentialAction":[{"@type":"SearchAction","target":{"@type":"EntryPoint","urlTemplate":"https:\/\/www.musikzeitung.ch\/?s={search_term_string}"},"query-input":{"@type":"PropertyValueSpecification","valueRequired":true,"valueName":"search_term_string"}}],"inLanguage":"en-US"},{"@type":"Organization","@id":"https:\/\/www.musikzeitung.ch\/#organization","name":"Swiss Music Newspaper","url":"https:\/\/www.musikzeitung.ch\/","logo":{"@type":"ImageObject","inLanguage":"en-US","@id":"https:\/\/www.musikzeitung.ch\/#\/schema\/logo\/image\/","url":"https:\/\/www.musikzeitung.ch\/wp-content\/uploads\/2023\/01\/SMZ_Schriftzug_Sprache.png","contentUrl":"https:\/\/www.musikzeitung.ch\/wp-content\/uploads\/2023\/01\/SMZ_Schriftzug_Sprache.png","width":1400,"height":279,"caption":"Schweizer Musikzeitung"},"image":{"@id":"https:\/\/www.musikzeitung.ch\/#\/schema\/logo\/image\/"},"sameAs":["https:\/\/www.facebook.com\/SchweizerMusikzeitung\/","https:\/\/x.com\/smusikzeitung","https:\/\/www.instagram.com\/musikzeitung.ch\/"]},{"@type":"Person","@id":"https:\/\/www.musikzeitung.ch\/#\/schema\/person\/0da4fb82d243f1252850a35d0e87cf0c","name":"Wolfgang B\u00f6hler","image":{"@type":"ImageObject","inLanguage":"en-US","@id":"https:\/\/www.musikzeitung.ch\/wp-content\/uploads\/2023\/01\/boehler_portraet_web-e1674139782246-96x96.jpg","url":"https:\/\/www.musikzeitung.ch\/wp-content\/uploads\/2023\/01\/boehler_portraet_web-e1674139782246-96x96.jpg","contentUrl":"https:\/\/www.musikzeitung.ch\/wp-content\/uploads\/2023\/01\/boehler_portraet_web-e1674139782246-96x96.jpg","caption":"Wolfgang B\u00f6hler"},"sameAs":["http:\/\/www.manacanto.ch","https:\/\/www.facebook.com\/wolfgang.bohler.75"],"url":"https:\/\/www.musikzeitung.ch\/en\/author\/wolfgang-boehler"}]}},"publishpress_future_workflow_manual_trigger":{"enabledWorkflows":[]},"_links":{"self":[{"href":"https:\/\/www.musikzeitung.ch\/en\/wp-json\/wp\/v2\/posts\/67237","targetHints":{"allow":["GET"]}}],"collection":[{"href":"https:\/\/www.musikzeitung.ch\/en\/wp-json\/wp\/v2\/posts"}],"about":[{"href":"https:\/\/www.musikzeitung.ch\/en\/wp-json\/wp\/v2\/types\/post"}],"author":[{"embeddable":true,"href":"https:\/\/www.musikzeitung.ch\/en\/wp-json\/wp\/v2\/users\/30"}],"replies":[{"embeddable":true,"href":"https:\/\/www.musikzeitung.ch\/en\/wp-json\/wp\/v2\/comments?post=67237"}],"version-history":[{"count":4,"href":"https:\/\/www.musikzeitung.ch\/en\/wp-json\/wp\/v2\/posts\/67237\/revisions"}],"predecessor-version":[{"id":67242,"href":"https:\/\/www.musikzeitung.ch\/en\/wp-json\/wp\/v2\/posts\/67237\/revisions\/67242"}],"wp:featuredmedia":[{"embeddable":true,"href":"https:\/\/www.musikzeitung.ch\/en\/wp-json\/wp\/v2\/media\/67238"}],"wp:attachment":[{"href":"https:\/\/www.musikzeitung.ch\/en\/wp-json\/wp\/v2\/media?parent=67237"}],"wp:term":[{"taxonomy":"category","embeddable":true,"href":"https:\/\/www.musikzeitung.ch\/en\/wp-json\/wp\/v2\/categories?post=67237"},{"taxonomy":"post_tag","embeddable":true,"href":"https:\/\/www.musikzeitung.ch\/en\/wp-json\/wp\/v2\/tags?post=67237"}],"curies":[{"name":"wp","href":"https:\/\/api.w.org\/{rel}","templated":true}]}}