{"id":67516,"date":"2025-09-09T19:08:43","date_gmt":"2025-09-09T17:08:43","guid":{"rendered":"https:\/\/www.musikzeitung.ch\/?p=67516"},"modified":"2025-09-08T17:24:43","modified_gmt":"2025-09-08T15:24:43","slug":"radiogeschichten","status":"publish","type":"post","link":"https:\/\/www.musikzeitung.ch\/en\/rezensionen\/buecher-rezensionen\/2025\/09\/radiogeschichten","title":{"rendered":"Radio story(ies)"},"content":{"rendered":"<figure id=\"attachment_67517\" aria-describedby=\"caption-attachment-67517\" style=\"width: 1353px\" class=\"wp-caption alignnone\"><img loading=\"lazy\" decoding=\"async\" class=\"wp-image-67517 size-full\" src=\"https:\/\/www.musikzeitung.ch\/wp-content\/uploads\/2025\/09\/miguel-alcantara-0w-7su4kinI-unsplash.jpg\" alt=\"\" width=\"1353\" height=\"902\" srcset=\"https:\/\/www.musikzeitung.ch\/wp-content\/uploads\/2025\/09\/miguel-alcantara-0w-7su4kinI-unsplash.jpg 1353w, https:\/\/www.musikzeitung.ch\/wp-content\/uploads\/2025\/09\/miguel-alcantara-0w-7su4kinI-unsplash-300x200.jpg 300w, https:\/\/www.musikzeitung.ch\/wp-content\/uploads\/2025\/09\/miguel-alcantara-0w-7su4kinI-unsplash-1024x683.jpg 1024w, https:\/\/www.musikzeitung.ch\/wp-content\/uploads\/2025\/09\/miguel-alcantara-0w-7su4kinI-unsplash-600x400.jpg 600w, https:\/\/www.musikzeitung.ch\/wp-content\/uploads\/2025\/09\/miguel-alcantara-0w-7su4kinI-unsplash-768x512.jpg 768w, https:\/\/www.musikzeitung.ch\/wp-content\/uploads\/2025\/09\/miguel-alcantara-0w-7su4kinI-unsplash-18x12.jpg 18w, https:\/\/www.musikzeitung.ch\/wp-content\/uploads\/2025\/09\/miguel-alcantara-0w-7su4kinI-unsplash-263x175.jpg 263w, https:\/\/www.musikzeitung.ch\/wp-content\/uploads\/2025\/09\/miguel-alcantara-0w-7su4kinI-unsplash-525x350.jpg 525w, https:\/\/www.musikzeitung.ch\/wp-content\/uploads\/2025\/09\/miguel-alcantara-0w-7su4kinI-unsplash-1200x800.jpg 1200w, https:\/\/www.musikzeitung.ch\/wp-content\/uploads\/2025\/09\/miguel-alcantara-0w-7su4kinI-unsplash-920x613.jpg 920w\" sizes=\"auto, (max-width: 1353px) 100vw, 1353px\" \/><figcaption id=\"caption-attachment-67517\" class=\"wp-caption-text\">Photo: Miguel Alc\u00e2ntara \/ unsplash.com<\/figcaption><\/figure>\n<p>Is it nostalgia that so many publications are currently appearing that deal with the (heroic) past of radio, with electronic studios, radio plays or, in this case, with the fundamentals of the medium? Perhaps it is also a form of self-assurance in times of crisis and downsizing, because radio has changed a lot, in technical and artistic terms, but also in our listening habits.<\/p>\n<p>This becomes clear in this collection of 42 source texts, which ranges from the early beginnings to the present day. It is the second volume of <em>Radiophonic<\/em>edited by Basel-based media scholars Ute Holl and Jan Philip M\u00fcller and Tobias Gerber; the first volume presented the current state of the debate on the medium in 2019. This is now followed by historical material: The result is an important compendium.<\/p>\n<h3>Through the ages<\/h3>\n<p>At the beginning, it goes into media archaeology, as it were, to the experiments of Nikola Tesla, for example, who described telegraphy without wires in 1893. This is immediately followed by the pointed reflection of Robert Walser, who as early as 1926 said that it would be \"impolite not to flatly admit the triumph of technical inventiveness\", even though he objected that \"the art of making society\" was being somewhat neglected as a result. In its sometimes contradictory diversity, radio is also a symbol of modernity.<\/p>\n<p>This is followed by artistic manifestos from the early days (from Brecht and Marinetti to Adorno): Radio is also understood as an art form, as listening art. Pierre Schaeffer, John Cage and Karlheinz Stockhausen, for example, report on experiments with tape and microphone. And Hans Werner Henze refers to almost forgotten forms with his radio operas. What has remained of it and how it has been used creatively in recent decades is the subject of the latest texts: However, the discourse appears less utopian and more tattered, driven by defiance in troubled times. Nevertheless, the medium has remained relevant and still has potential. How will it be used in the 21st century?<img loading=\"lazy\" decoding=\"async\" class=\"aligncenter wp-image-67519 size-medium\" src=\"https:\/\/www.musikzeitung.ch\/wp-content\/uploads\/2025\/09\/08_09_crit_buch_Radiophonic-215x300.jpg\" alt=\"\" width=\"215\" height=\"300\" srcset=\"https:\/\/www.musikzeitung.ch\/wp-content\/uploads\/2025\/09\/08_09_crit_buch_Radiophonic-215x300.jpg 215w, https:\/\/www.musikzeitung.ch\/wp-content\/uploads\/2025\/09\/08_09_crit_buch_Radiophonic-9x12.jpg 9w, https:\/\/www.musikzeitung.ch\/wp-content\/uploads\/2025\/09\/08_09_crit_buch_Radiophonic-126x175.jpg 126w, https:\/\/www.musikzeitung.ch\/wp-content\/uploads\/2025\/09\/08_09_crit_buch_Radiophonic-251x350.jpg 251w, https:\/\/www.musikzeitung.ch\/wp-content\/uploads\/2025\/09\/08_09_crit_buch_Radiophonic-300x418.jpg 300w, https:\/\/www.musikzeitung.ch\/wp-content\/uploads\/2025\/09\/08_09_crit_buch_Radiophonic.jpg 488w\" sizes=\"auto, (max-width: 215px) 100vw, 215px\" \/><\/p>\n<p><em>Radiophonic, Materials, vol. 2, edited by Ute Holl, Jan Philip M\u00fcller and Tobias Gerber, 448 p., \u20ac 29.80, Kehrer-Verlag, Heidelberg 2024, ISBN 978-3-86828-863-6<\/em><\/p>","protected":false},"excerpt":{"rendered":"<p>A collection of 42 source texts from the early days to today's forms of radio.  <\/p>","protected":false},"author":29,"featured_media":67517,"comment_status":"closed","ping_status":"closed","sticky":false,"template":"","format":"standard","meta":{"_acf_changed":false,"_relevanssi_hide_post":"","_relevanssi_hide_content":"","_relevanssi_pin_for_all":"","_relevanssi_pin_keywords":"","_relevanssi_unpin_keywords":"","_relevanssi_related_keywords":"","_relevanssi_related_include_ids":"","_relevanssi_related_exclude_ids":"","_relevanssi_related_no_append":"","_relevanssi_related_not_related":"","_relevanssi_related_posts":"","_relevanssi_noindex_reason":"","pgc_sgb_lightbox_settings":"","footnotes":""},"categories":[1214,29],"tags":[5291,5289,5292,5290],"class_list":["post-67516","post","type-post","status-publish","format-standard","has-post-thumbnail","hentry","category-buecher-rezensionen","category-rezensionen","tag-jan-philip-mueller","tag-radio","tag-tobias-gerber","tag-ute-holl"],"acf":[],"yoast_head":"<!-- This site is optimized with the Yoast SEO plugin v27.4 - https:\/\/yoast.com\/product\/yoast-seo-wordpress\/ -->\n<title>Radiogeschichte(n) - Schweizer Musikzeitung<\/title>\n<meta name=\"description\" content=\"\u00abRadiophonic, Materials\u00bb ist eine Sammlung von 42 Quellentexten von der Fr\u00fchzeit bis zu heutigen Auspr\u00e4gungen des Radios.\" \/>\n<meta name=\"robots\" content=\"index, follow, max-snippet:-1, max-image-preview:large, max-video-preview:-1\" \/>\n<link rel=\"canonical\" href=\"https:\/\/www.musikzeitung.ch\/en\/rezensionen\/buecher-rezensionen\/2025\/09\/radiogeschichten\/\" \/>\n<meta property=\"og:locale\" content=\"en_US\" \/>\n<meta property=\"og:type\" content=\"article\" \/>\n<meta property=\"og:title\" content=\"Radiogeschichte(n) - Schweizer Musikzeitung\" \/>\n<meta property=\"og:description\" content=\"\u00abRadiophonic, Materials\u00bb ist eine Sammlung von 42 Quellentexten von der Fr\u00fchzeit bis zu heutigen Auspr\u00e4gungen des Radios.\" \/>\n<meta property=\"og:url\" content=\"https:\/\/www.musikzeitung.ch\/en\/rezensionen\/buecher-rezensionen\/2025\/09\/radiogeschichten\/\" \/>\n<meta property=\"og:site_name\" content=\"Schweizer Musikzeitung\" \/>\n<meta property=\"article:publisher\" content=\"https:\/\/www.facebook.com\/SchweizerMusikzeitung\/\" \/>\n<meta property=\"article:published_time\" content=\"2025-09-09T17:08:43+00:00\" \/>\n<meta property=\"og:image\" content=\"https:\/\/www.musikzeitung.ch\/wp-content\/uploads\/2025\/09\/miguel-alcantara-0w-7su4kinI-unsplash.jpg\" \/>\n\t<meta property=\"og:image:width\" content=\"1353\" \/>\n\t<meta property=\"og:image:height\" content=\"902\" \/>\n\t<meta property=\"og:image:type\" content=\"image\/jpeg\" \/>\n<meta name=\"author\" content=\"pia.schwab\" \/>\n<meta name=\"twitter:card\" content=\"summary_large_image\" \/>\n<meta name=\"twitter:creator\" content=\"@smusikzeitung\" \/>\n<meta name=\"twitter:site\" content=\"@smusikzeitung\" \/>\n<meta name=\"twitter:label1\" content=\"Written by\" \/>\n\t<meta name=\"twitter:data1\" content=\"pia.schwab\" \/>\n\t<meta name=\"twitter:label2\" content=\"Est. reading time\" \/>\n\t<meta name=\"twitter:data2\" content=\"3 minutes\" \/>\n<script type=\"application\/ld+json\" class=\"yoast-schema-graph\">{\"@context\":\"https:\\\/\\\/schema.org\",\"@graph\":[{\"@type\":\"Article\",\"@id\":\"https:\\\/\\\/www.musikzeitung.ch\\\/rezensionen\\\/buecher-rezensionen\\\/2025\\\/09\\\/radiogeschichten#article\",\"isPartOf\":{\"@id\":\"https:\\\/\\\/www.musikzeitung.ch\\\/rezensionen\\\/buecher-rezensionen\\\/2025\\\/09\\\/radiogeschichten\"},\"author\":{\"name\":\"pia.schwab\",\"@id\":\"https:\\\/\\\/www.musikzeitung.ch\\\/#\\\/schema\\\/person\\\/ea3d7b86bd7157c78c7ddd37f2f82b5b\"},\"headline\":\"Radiogeschichte(n)\",\"datePublished\":\"2025-09-09T17:08:43+00:00\",\"mainEntityOfPage\":{\"@id\":\"https:\\\/\\\/www.musikzeitung.ch\\\/rezensionen\\\/buecher-rezensionen\\\/2025\\\/09\\\/radiogeschichten\"},\"wordCount\":365,\"publisher\":{\"@id\":\"https:\\\/\\\/www.musikzeitung.ch\\\/#organization\"},\"image\":{\"@id\":\"https:\\\/\\\/www.musikzeitung.ch\\\/rezensionen\\\/buecher-rezensionen\\\/2025\\\/09\\\/radiogeschichten#primaryimage\"},\"thumbnailUrl\":\"https:\\\/\\\/www.musikzeitung.ch\\\/wp-content\\\/uploads\\\/2025\\\/09\\\/miguel-alcantara-0w-7su4kinI-unsplash.jpg\",\"keywords\":[\"Jan Philip M\u00fcller\",\"Radio\",\"Tobias Gerber\",\"Ute Holl\"],\"articleSection\":[\"B\u00fccher\",\"Rezensionen\"],\"inLanguage\":\"en-US\"},{\"@type\":\"WebPage\",\"@id\":\"https:\\\/\\\/www.musikzeitung.ch\\\/rezensionen\\\/buecher-rezensionen\\\/2025\\\/09\\\/radiogeschichten\",\"url\":\"https:\\\/\\\/www.musikzeitung.ch\\\/rezensionen\\\/buecher-rezensionen\\\/2025\\\/09\\\/radiogeschichten\",\"name\":\"Radiogeschichte(n) - Schweizer Musikzeitung\",\"isPartOf\":{\"@id\":\"https:\\\/\\\/www.musikzeitung.ch\\\/#website\"},\"primaryImageOfPage\":{\"@id\":\"https:\\\/\\\/www.musikzeitung.ch\\\/rezensionen\\\/buecher-rezensionen\\\/2025\\\/09\\\/radiogeschichten#primaryimage\"},\"image\":{\"@id\":\"https:\\\/\\\/www.musikzeitung.ch\\\/rezensionen\\\/buecher-rezensionen\\\/2025\\\/09\\\/radiogeschichten#primaryimage\"},\"thumbnailUrl\":\"https:\\\/\\\/www.musikzeitung.ch\\\/wp-content\\\/uploads\\\/2025\\\/09\\\/miguel-alcantara-0w-7su4kinI-unsplash.jpg\",\"datePublished\":\"2025-09-09T17:08:43+00:00\",\"description\":\"\u00abRadiophonic, Materials\u00bb ist eine Sammlung von 42 Quellentexten von der Fr\u00fchzeit bis zu heutigen Auspr\u00e4gungen des Radios.\",\"breadcrumb\":{\"@id\":\"https:\\\/\\\/www.musikzeitung.ch\\\/rezensionen\\\/buecher-rezensionen\\\/2025\\\/09\\\/radiogeschichten#breadcrumb\"},\"inLanguage\":\"en-US\",\"potentialAction\":[{\"@type\":\"ReadAction\",\"target\":[\"https:\\\/\\\/www.musikzeitung.ch\\\/rezensionen\\\/buecher-rezensionen\\\/2025\\\/09\\\/radiogeschichten\"]}]},{\"@type\":\"ImageObject\",\"inLanguage\":\"en-US\",\"@id\":\"https:\\\/\\\/www.musikzeitung.ch\\\/rezensionen\\\/buecher-rezensionen\\\/2025\\\/09\\\/radiogeschichten#primaryimage\",\"url\":\"https:\\\/\\\/www.musikzeitung.ch\\\/wp-content\\\/uploads\\\/2025\\\/09\\\/miguel-alcantara-0w-7su4kinI-unsplash.jpg\",\"contentUrl\":\"https:\\\/\\\/www.musikzeitung.ch\\\/wp-content\\\/uploads\\\/2025\\\/09\\\/miguel-alcantara-0w-7su4kinI-unsplash.jpg\",\"width\":1353,\"height\":902},{\"@type\":\"BreadcrumbList\",\"@id\":\"https:\\\/\\\/www.musikzeitung.ch\\\/rezensionen\\\/buecher-rezensionen\\\/2025\\\/09\\\/radiogeschichten#breadcrumb\",\"itemListElement\":[{\"@type\":\"ListItem\",\"position\":1,\"name\":\"Home\",\"item\":\"https:\\\/\\\/www.musikzeitung.ch\\\/\"},{\"@type\":\"ListItem\",\"position\":2,\"name\":\"Radiogeschichte(n)\"}]},{\"@type\":\"WebSite\",\"@id\":\"https:\\\/\\\/www.musikzeitung.ch\\\/#website\",\"url\":\"https:\\\/\\\/www.musikzeitung.ch\\\/\",\"name\":\"Schweizer Musikzeitung\",\"description\":\"Die f\u00fchrende sparten\u00fcbergreifende Monatszeitung in der Schweiz f\u00fcr musikalische Fragen.\",\"publisher\":{\"@id\":\"https:\\\/\\\/www.musikzeitung.ch\\\/#organization\"},\"potentialAction\":[{\"@type\":\"SearchAction\",\"target\":{\"@type\":\"EntryPoint\",\"urlTemplate\":\"https:\\\/\\\/www.musikzeitung.ch\\\/?s={search_term_string}\"},\"query-input\":{\"@type\":\"PropertyValueSpecification\",\"valueRequired\":true,\"valueName\":\"search_term_string\"}}],\"inLanguage\":\"en-US\"},{\"@type\":\"Organization\",\"@id\":\"https:\\\/\\\/www.musikzeitung.ch\\\/#organization\",\"name\":\"Schweizer Musikzeitung\",\"url\":\"https:\\\/\\\/www.musikzeitung.ch\\\/\",\"logo\":{\"@type\":\"ImageObject\",\"inLanguage\":\"en-US\",\"@id\":\"https:\\\/\\\/www.musikzeitung.ch\\\/#\\\/schema\\\/logo\\\/image\\\/\",\"url\":\"https:\\\/\\\/www.musikzeitung.ch\\\/wp-content\\\/uploads\\\/2023\\\/01\\\/SMZ_Schriftzug_Sprache.png\",\"contentUrl\":\"https:\\\/\\\/www.musikzeitung.ch\\\/wp-content\\\/uploads\\\/2023\\\/01\\\/SMZ_Schriftzug_Sprache.png\",\"width\":1400,\"height\":279,\"caption\":\"Schweizer Musikzeitung\"},\"image\":{\"@id\":\"https:\\\/\\\/www.musikzeitung.ch\\\/#\\\/schema\\\/logo\\\/image\\\/\"},\"sameAs\":[\"https:\\\/\\\/www.facebook.com\\\/SchweizerMusikzeitung\\\/\",\"https:\\\/\\\/x.com\\\/smusikzeitung\",\"https:\\\/\\\/www.instagram.com\\\/musikzeitung.ch\\\/\"]},{\"@type\":\"Person\",\"@id\":\"https:\\\/\\\/www.musikzeitung.ch\\\/#\\\/schema\\\/person\\\/ea3d7b86bd7157c78c7ddd37f2f82b5b\",\"name\":\"pia.schwab\",\"image\":{\"@type\":\"ImageObject\",\"inLanguage\":\"en-US\",\"@id\":\"https:\\\/\\\/secure.gravatar.com\\\/avatar\\\/d39d170de4c2d07e897fbc26cf9d890fc046285c742207b86d8ebabe5fcde2c4?s=96&d=mm&r=g\",\"url\":\"https:\\\/\\\/secure.gravatar.com\\\/avatar\\\/d39d170de4c2d07e897fbc26cf9d890fc046285c742207b86d8ebabe5fcde2c4?s=96&d=mm&r=g\",\"contentUrl\":\"https:\\\/\\\/secure.gravatar.com\\\/avatar\\\/d39d170de4c2d07e897fbc26cf9d890fc046285c742207b86d8ebabe5fcde2c4?s=96&d=mm&r=g\",\"caption\":\"pia.schwab\"},\"url\":\"https:\\\/\\\/www.musikzeitung.ch\\\/en\\\/author\\\/pia-schwab\"}]}<\/script>\n<!-- \/ Yoast SEO plugin. -->","yoast_head_json":{"title":"Radio story(s) - Swiss Music Newspaper","description":"\u00abRadiophonic, Materials\u00bb is a collection of 42 source texts from the early days to today's forms of radio.","robots":{"index":"index","follow":"follow","max-snippet":"max-snippet:-1","max-image-preview":"max-image-preview:large","max-video-preview":"max-video-preview:-1"},"canonical":"https:\/\/www.musikzeitung.ch\/en\/rezensionen\/buecher-rezensionen\/2025\/09\/radiogeschichten\/","og_locale":"en_US","og_type":"article","og_title":"Radiogeschichte(n) - Schweizer Musikzeitung","og_description":"\u00abRadiophonic, Materials\u00bb ist eine Sammlung von 42 Quellentexten von der Fr\u00fchzeit bis zu heutigen Auspr\u00e4gungen des Radios.","og_url":"https:\/\/www.musikzeitung.ch\/en\/rezensionen\/buecher-rezensionen\/2025\/09\/radiogeschichten\/","og_site_name":"Schweizer Musikzeitung","article_publisher":"https:\/\/www.facebook.com\/SchweizerMusikzeitung\/","article_published_time":"2025-09-09T17:08:43+00:00","og_image":[{"width":1353,"height":902,"url":"https:\/\/www.musikzeitung.ch\/wp-content\/uploads\/2025\/09\/miguel-alcantara-0w-7su4kinI-unsplash.jpg","type":"image\/jpeg"}],"author":"pia.schwab","twitter_card":"summary_large_image","twitter_creator":"@smusikzeitung","twitter_site":"@smusikzeitung","twitter_misc":{"Written by":"pia.schwab","Est. reading time":"3 minutes"},"schema":{"@context":"https:\/\/schema.org","@graph":[{"@type":"Article","@id":"https:\/\/www.musikzeitung.ch\/rezensionen\/buecher-rezensionen\/2025\/09\/radiogeschichten#article","isPartOf":{"@id":"https:\/\/www.musikzeitung.ch\/rezensionen\/buecher-rezensionen\/2025\/09\/radiogeschichten"},"author":{"name":"pia.schwab","@id":"https:\/\/www.musikzeitung.ch\/#\/schema\/person\/ea3d7b86bd7157c78c7ddd37f2f82b5b"},"headline":"Radiogeschichte(n)","datePublished":"2025-09-09T17:08:43+00:00","mainEntityOfPage":{"@id":"https:\/\/www.musikzeitung.ch\/rezensionen\/buecher-rezensionen\/2025\/09\/radiogeschichten"},"wordCount":365,"publisher":{"@id":"https:\/\/www.musikzeitung.ch\/#organization"},"image":{"@id":"https:\/\/www.musikzeitung.ch\/rezensionen\/buecher-rezensionen\/2025\/09\/radiogeschichten#primaryimage"},"thumbnailUrl":"https:\/\/www.musikzeitung.ch\/wp-content\/uploads\/2025\/09\/miguel-alcantara-0w-7su4kinI-unsplash.jpg","keywords":["Jan Philip M\u00fcller","Radio","Tobias Gerber","Ute Holl"],"articleSection":["B\u00fccher","Rezensionen"],"inLanguage":"en-US"},{"@type":"WebPage","@id":"https:\/\/www.musikzeitung.ch\/rezensionen\/buecher-rezensionen\/2025\/09\/radiogeschichten","url":"https:\/\/www.musikzeitung.ch\/rezensionen\/buecher-rezensionen\/2025\/09\/radiogeschichten","name":"Radio story(s) - Swiss Music Newspaper","isPartOf":{"@id":"https:\/\/www.musikzeitung.ch\/#website"},"primaryImageOfPage":{"@id":"https:\/\/www.musikzeitung.ch\/rezensionen\/buecher-rezensionen\/2025\/09\/radiogeschichten#primaryimage"},"image":{"@id":"https:\/\/www.musikzeitung.ch\/rezensionen\/buecher-rezensionen\/2025\/09\/radiogeschichten#primaryimage"},"thumbnailUrl":"https:\/\/www.musikzeitung.ch\/wp-content\/uploads\/2025\/09\/miguel-alcantara-0w-7su4kinI-unsplash.jpg","datePublished":"2025-09-09T17:08:43+00:00","description":"\u00abRadiophonic, Materials\u00bb is a collection of 42 source texts from the early days to today's forms of radio.","breadcrumb":{"@id":"https:\/\/www.musikzeitung.ch\/rezensionen\/buecher-rezensionen\/2025\/09\/radiogeschichten#breadcrumb"},"inLanguage":"en-US","potentialAction":[{"@type":"ReadAction","target":["https:\/\/www.musikzeitung.ch\/rezensionen\/buecher-rezensionen\/2025\/09\/radiogeschichten"]}]},{"@type":"ImageObject","inLanguage":"en-US","@id":"https:\/\/www.musikzeitung.ch\/rezensionen\/buecher-rezensionen\/2025\/09\/radiogeschichten#primaryimage","url":"https:\/\/www.musikzeitung.ch\/wp-content\/uploads\/2025\/09\/miguel-alcantara-0w-7su4kinI-unsplash.jpg","contentUrl":"https:\/\/www.musikzeitung.ch\/wp-content\/uploads\/2025\/09\/miguel-alcantara-0w-7su4kinI-unsplash.jpg","width":1353,"height":902},{"@type":"BreadcrumbList","@id":"https:\/\/www.musikzeitung.ch\/rezensionen\/buecher-rezensionen\/2025\/09\/radiogeschichten#breadcrumb","itemListElement":[{"@type":"ListItem","position":1,"name":"Home","item":"https:\/\/www.musikzeitung.ch\/"},{"@type":"ListItem","position":2,"name":"Radiogeschichte(n)"}]},{"@type":"WebSite","@id":"https:\/\/www.musikzeitung.ch\/#website","url":"https:\/\/www.musikzeitung.ch\/","name":"Swiss Music Newspaper","description":"The leading interdisciplinary monthly newspaper in Switzerland for musical issues.","publisher":{"@id":"https:\/\/www.musikzeitung.ch\/#organization"},"potentialAction":[{"@type":"SearchAction","target":{"@type":"EntryPoint","urlTemplate":"https:\/\/www.musikzeitung.ch\/?s={search_term_string}"},"query-input":{"@type":"PropertyValueSpecification","valueRequired":true,"valueName":"search_term_string"}}],"inLanguage":"en-US"},{"@type":"Organization","@id":"https:\/\/www.musikzeitung.ch\/#organization","name":"Swiss Music Newspaper","url":"https:\/\/www.musikzeitung.ch\/","logo":{"@type":"ImageObject","inLanguage":"en-US","@id":"https:\/\/www.musikzeitung.ch\/#\/schema\/logo\/image\/","url":"https:\/\/www.musikzeitung.ch\/wp-content\/uploads\/2023\/01\/SMZ_Schriftzug_Sprache.png","contentUrl":"https:\/\/www.musikzeitung.ch\/wp-content\/uploads\/2023\/01\/SMZ_Schriftzug_Sprache.png","width":1400,"height":279,"caption":"Schweizer Musikzeitung"},"image":{"@id":"https:\/\/www.musikzeitung.ch\/#\/schema\/logo\/image\/"},"sameAs":["https:\/\/www.facebook.com\/SchweizerMusikzeitung\/","https:\/\/x.com\/smusikzeitung","https:\/\/www.instagram.com\/musikzeitung.ch\/"]},{"@type":"Person","@id":"https:\/\/www.musikzeitung.ch\/#\/schema\/person\/ea3d7b86bd7157c78c7ddd37f2f82b5b","name":"pia.schwab","image":{"@type":"ImageObject","inLanguage":"en-US","@id":"https:\/\/secure.gravatar.com\/avatar\/d39d170de4c2d07e897fbc26cf9d890fc046285c742207b86d8ebabe5fcde2c4?s=96&d=mm&r=g","url":"https:\/\/secure.gravatar.com\/avatar\/d39d170de4c2d07e897fbc26cf9d890fc046285c742207b86d8ebabe5fcde2c4?s=96&d=mm&r=g","contentUrl":"https:\/\/secure.gravatar.com\/avatar\/d39d170de4c2d07e897fbc26cf9d890fc046285c742207b86d8ebabe5fcde2c4?s=96&d=mm&r=g","caption":"pia.schwab"},"url":"https:\/\/www.musikzeitung.ch\/en\/author\/pia-schwab"}]}},"publishpress_future_workflow_manual_trigger":{"enabledWorkflows":[]},"_links":{"self":[{"href":"https:\/\/www.musikzeitung.ch\/en\/wp-json\/wp\/v2\/posts\/67516","targetHints":{"allow":["GET"]}}],"collection":[{"href":"https:\/\/www.musikzeitung.ch\/en\/wp-json\/wp\/v2\/posts"}],"about":[{"href":"https:\/\/www.musikzeitung.ch\/en\/wp-json\/wp\/v2\/types\/post"}],"author":[{"embeddable":true,"href":"https:\/\/www.musikzeitung.ch\/en\/wp-json\/wp\/v2\/users\/29"}],"replies":[{"embeddable":true,"href":"https:\/\/www.musikzeitung.ch\/en\/wp-json\/wp\/v2\/comments?post=67516"}],"version-history":[{"count":1,"href":"https:\/\/www.musikzeitung.ch\/en\/wp-json\/wp\/v2\/posts\/67516\/revisions"}],"predecessor-version":[{"id":67520,"href":"https:\/\/www.musikzeitung.ch\/en\/wp-json\/wp\/v2\/posts\/67516\/revisions\/67520"}],"wp:featuredmedia":[{"embeddable":true,"href":"https:\/\/www.musikzeitung.ch\/en\/wp-json\/wp\/v2\/media\/67517"}],"wp:attachment":[{"href":"https:\/\/www.musikzeitung.ch\/en\/wp-json\/wp\/v2\/media?parent=67516"}],"wp:term":[{"taxonomy":"category","embeddable":true,"href":"https:\/\/www.musikzeitung.ch\/en\/wp-json\/wp\/v2\/categories?post=67516"},{"taxonomy":"post_tag","embeddable":true,"href":"https:\/\/www.musikzeitung.ch\/en\/wp-json\/wp\/v2\/tags?post=67516"}],"curies":[{"name":"wp","href":"https:\/\/api.w.org\/{rel}","templated":true}]}}