{"id":67758,"date":"2025-09-19T05:36:19","date_gmt":"2025-09-19T03:36:19","guid":{"rendered":"https:\/\/www.musikzeitung.ch\/?p=67758"},"modified":"2025-09-19T10:06:36","modified_gmt":"2025-09-19T08:06:36","slug":"floetist-des-berner-symphonieorchesters-gewinnt-in-japan","status":"publish","type":"post","link":"https:\/\/www.musikzeitung.ch\/en\/news\/2025\/09\/floetist-des-berner-symphonieorchesters-gewinnt-in-japan","title":{"rendered":"Flutist of the Bern Symphony Orchestra wins in Japan"},"content":{"rendered":"<figure id=\"attachment_67759\" aria-describedby=\"caption-attachment-67759\" style=\"width: 1011px\" class=\"wp-caption alignnone\"><img loading=\"lazy\" decoding=\"async\" class=\"size-full wp-image-67759\" src=\"https:\/\/www.musikzeitung.ch\/wp-content\/uploads\/2025\/09\/250919kobe.jpg\" alt=\"\" width=\"1011\" height=\"686\" srcset=\"https:\/\/www.musikzeitung.ch\/wp-content\/uploads\/2025\/09\/250919kobe.jpg 1011w, https:\/\/www.musikzeitung.ch\/wp-content\/uploads\/2025\/09\/250919kobe-300x204.jpg 300w, https:\/\/www.musikzeitung.ch\/wp-content\/uploads\/2025\/09\/250919kobe-768x521.jpg 768w, https:\/\/www.musikzeitung.ch\/wp-content\/uploads\/2025\/09\/250919kobe-18x12.jpg 18w, https:\/\/www.musikzeitung.ch\/wp-content\/uploads\/2025\/09\/250919kobe-258x175.jpg 258w, https:\/\/www.musikzeitung.ch\/wp-content\/uploads\/2025\/09\/250919kobe-516x350.jpg 516w, https:\/\/www.musikzeitung.ch\/wp-content\/uploads\/2025\/09\/250919kobe-920x624.jpg 920w\" sizes=\"auto, (max-width: 1011px) 100vw, 1011px\" \/><figcaption id=\"caption-attachment-67759\" class=\"wp-caption-text\">Riccardo Cellacchi (Image: zVg)<\/figcaption><\/figure>\n<p>Cellacchi prevailed against 357 candidates from 41 countries. The competition, which takes place every four years in Kobe, is celebrating its 40th anniversary. Its list of prizewinners includes internationally renowned flutists such as Emmanuel Pahud and Andrea Oliva.<\/p>\n<p>Riccardo Cellacchi, born in Rome in 1999, studied at the University of Music and Performing Arts Munich, where he obtained a Master of Music with top marks. At the age of 18, he became an academy member of the Bavarian Radio Symphony Orchestra, and at the age of 19 he was appointed principal flute with the Bern Symphony Orchestra, a position he still holds today.<\/p>","protected":false},"excerpt":{"rendered":"<p>The Italian flutist Riccardo Cellacchi, who is currently principal flute of the Bern Symphony Orchestra, has won the Kobe International Flute Competition.<\/p>","protected":false},"author":30,"featured_media":67759,"comment_status":"closed","ping_status":"closed","sticky":false,"template":"","format":"standard","meta":{"_acf_changed":false,"_relevanssi_hide_post":"","_relevanssi_hide_content":"","_relevanssi_pin_for_all":"","_relevanssi_pin_keywords":"","_relevanssi_unpin_keywords":"","_relevanssi_related_keywords":"","_relevanssi_related_include_ids":"","_relevanssi_related_exclude_ids":"","_relevanssi_related_no_append":"","_relevanssi_related_not_related":"","_relevanssi_related_posts":"","_relevanssi_noindex_reason":"","pgc_sgb_lightbox_settings":"","footnotes":""},"categories":[27],"tags":[2853,5309,5308],"class_list":["post-67758","post","type-post","status-publish","format-standard","has-post-thumbnail","hentry","category-news","tag-berner-symphonieorchester","tag-kobe-international-flute-competition","tag-riccardo-cellacchi"],"acf":[],"yoast_head":"<!-- This site is optimized with the Yoast SEO plugin v27.4 - https:\/\/yoast.com\/product\/yoast-seo-wordpress\/ -->\n<title>Fl\u00f6tist des Berner Symphonieorchesters gewinnt in Japan - Schweizer Musikzeitung<\/title>\n<meta name=\"description\" content=\"Der italienische Fl\u00f6tist Riccardo Cellacchi, zur Zeit Solofl\u00f6tist des Berner Symphonieorchesters, hat die Kobe International Flute Competition gewonnen.\" \/>\n<meta name=\"robots\" content=\"index, follow, max-snippet:-1, max-image-preview:large, max-video-preview:-1\" \/>\n<link rel=\"canonical\" href=\"https:\/\/www.musikzeitung.ch\/en\/news\/2025\/09\/floetist-des-berner-symphonieorchesters-gewinnt-in-japan\/\" \/>\n<meta property=\"og:locale\" content=\"en_US\" \/>\n<meta property=\"og:type\" content=\"article\" \/>\n<meta property=\"og:title\" content=\"Fl\u00f6tist des Berner Symphonieorchesters gewinnt in Japan - Schweizer Musikzeitung\" \/>\n<meta property=\"og:description\" content=\"Der italienische Fl\u00f6tist Riccardo Cellacchi, zur Zeit Solofl\u00f6tist des Berner Symphonieorchesters, hat die Kobe International Flute Competition gewonnen.\" \/>\n<meta property=\"og:url\" content=\"https:\/\/www.musikzeitung.ch\/en\/news\/2025\/09\/floetist-des-berner-symphonieorchesters-gewinnt-in-japan\/\" \/>\n<meta property=\"og:site_name\" content=\"Schweizer Musikzeitung\" \/>\n<meta property=\"article:publisher\" content=\"https:\/\/www.facebook.com\/SchweizerMusikzeitung\/\" \/>\n<meta property=\"article:author\" content=\"https:\/\/www.facebook.com\/wolfgang.bohler.75\" \/>\n<meta property=\"article:published_time\" content=\"2025-09-19T03:36:19+00:00\" \/>\n<meta property=\"article:modified_time\" content=\"2025-09-19T08:06:36+00:00\" \/>\n<meta property=\"og:image\" content=\"https:\/\/www.musikzeitung.ch\/wp-content\/uploads\/2025\/09\/250919kobe.jpg\" \/>\n\t<meta property=\"og:image:width\" content=\"1011\" \/>\n\t<meta property=\"og:image:height\" content=\"686\" \/>\n\t<meta property=\"og:image:type\" content=\"image\/jpeg\" \/>\n<meta name=\"author\" content=\"Wolfgang B\u00f6hler\" \/>\n<meta name=\"twitter:card\" content=\"summary_large_image\" \/>\n<meta name=\"twitter:creator\" content=\"@smusikzeitung\" \/>\n<meta name=\"twitter:site\" content=\"@smusikzeitung\" \/>\n<meta name=\"twitter:label1\" content=\"Written by\" \/>\n\t<meta name=\"twitter:data1\" content=\"Wolfgang B\u00f6hler\" \/>\n\t<meta name=\"twitter:label2\" content=\"Est. reading time\" \/>\n\t<meta name=\"twitter:data2\" content=\"1 minute\" \/>\n<script type=\"application\/ld+json\" class=\"yoast-schema-graph\">{\"@context\":\"https:\\\/\\\/schema.org\",\"@graph\":[{\"@type\":\"Article\",\"@id\":\"https:\\\/\\\/www.musikzeitung.ch\\\/news\\\/2025\\\/09\\\/floetist-des-berner-symphonieorchesters-gewinnt-in-japan#article\",\"isPartOf\":{\"@id\":\"https:\\\/\\\/www.musikzeitung.ch\\\/news\\\/2025\\\/09\\\/floetist-des-berner-symphonieorchesters-gewinnt-in-japan\"},\"author\":{\"name\":\"Wolfgang B\u00f6hler\",\"@id\":\"https:\\\/\\\/www.musikzeitung.ch\\\/#\\\/schema\\\/person\\\/0da4fb82d243f1252850a35d0e87cf0c\"},\"headline\":\"Fl\u00f6tist des Berner Symphonieorchesters gewinnt in Japan\",\"datePublished\":\"2025-09-19T03:36:19+00:00\",\"dateModified\":\"2025-09-19T08:06:36+00:00\",\"mainEntityOfPage\":{\"@id\":\"https:\\\/\\\/www.musikzeitung.ch\\\/news\\\/2025\\\/09\\\/floetist-des-berner-symphonieorchesters-gewinnt-in-japan\"},\"wordCount\":111,\"publisher\":{\"@id\":\"https:\\\/\\\/www.musikzeitung.ch\\\/#organization\"},\"image\":{\"@id\":\"https:\\\/\\\/www.musikzeitung.ch\\\/news\\\/2025\\\/09\\\/floetist-des-berner-symphonieorchesters-gewinnt-in-japan#primaryimage\"},\"thumbnailUrl\":\"https:\\\/\\\/www.musikzeitung.ch\\\/wp-content\\\/uploads\\\/2025\\\/09\\\/250919kobe.jpg\",\"keywords\":[\"Berner Symphonieorchester\",\"Kobe International Flute Competition\",\"Riccardo Cellacchi\"],\"articleSection\":[\"News\"],\"inLanguage\":\"en-US\"},{\"@type\":\"WebPage\",\"@id\":\"https:\\\/\\\/www.musikzeitung.ch\\\/news\\\/2025\\\/09\\\/floetist-des-berner-symphonieorchesters-gewinnt-in-japan\",\"url\":\"https:\\\/\\\/www.musikzeitung.ch\\\/news\\\/2025\\\/09\\\/floetist-des-berner-symphonieorchesters-gewinnt-in-japan\",\"name\":\"Fl\u00f6tist des Berner Symphonieorchesters gewinnt in Japan - Schweizer Musikzeitung\",\"isPartOf\":{\"@id\":\"https:\\\/\\\/www.musikzeitung.ch\\\/#website\"},\"primaryImageOfPage\":{\"@id\":\"https:\\\/\\\/www.musikzeitung.ch\\\/news\\\/2025\\\/09\\\/floetist-des-berner-symphonieorchesters-gewinnt-in-japan#primaryimage\"},\"image\":{\"@id\":\"https:\\\/\\\/www.musikzeitung.ch\\\/news\\\/2025\\\/09\\\/floetist-des-berner-symphonieorchesters-gewinnt-in-japan#primaryimage\"},\"thumbnailUrl\":\"https:\\\/\\\/www.musikzeitung.ch\\\/wp-content\\\/uploads\\\/2025\\\/09\\\/250919kobe.jpg\",\"datePublished\":\"2025-09-19T03:36:19+00:00\",\"dateModified\":\"2025-09-19T08:06:36+00:00\",\"description\":\"Der italienische Fl\u00f6tist Riccardo Cellacchi, zur Zeit Solofl\u00f6tist des Berner Symphonieorchesters, hat die Kobe International Flute Competition gewonnen.\",\"breadcrumb\":{\"@id\":\"https:\\\/\\\/www.musikzeitung.ch\\\/news\\\/2025\\\/09\\\/floetist-des-berner-symphonieorchesters-gewinnt-in-japan#breadcrumb\"},\"inLanguage\":\"en-US\",\"potentialAction\":[{\"@type\":\"ReadAction\",\"target\":[\"https:\\\/\\\/www.musikzeitung.ch\\\/news\\\/2025\\\/09\\\/floetist-des-berner-symphonieorchesters-gewinnt-in-japan\"]}]},{\"@type\":\"ImageObject\",\"inLanguage\":\"en-US\",\"@id\":\"https:\\\/\\\/www.musikzeitung.ch\\\/news\\\/2025\\\/09\\\/floetist-des-berner-symphonieorchesters-gewinnt-in-japan#primaryimage\",\"url\":\"https:\\\/\\\/www.musikzeitung.ch\\\/wp-content\\\/uploads\\\/2025\\\/09\\\/250919kobe.jpg\",\"contentUrl\":\"https:\\\/\\\/www.musikzeitung.ch\\\/wp-content\\\/uploads\\\/2025\\\/09\\\/250919kobe.jpg\",\"width\":1011,\"height\":686,\"caption\":\"Riccardo Cellacchi (Bild: zVg)\"},{\"@type\":\"BreadcrumbList\",\"@id\":\"https:\\\/\\\/www.musikzeitung.ch\\\/news\\\/2025\\\/09\\\/floetist-des-berner-symphonieorchesters-gewinnt-in-japan#breadcrumb\",\"itemListElement\":[{\"@type\":\"ListItem\",\"position\":1,\"name\":\"Home\",\"item\":\"https:\\\/\\\/www.musikzeitung.ch\\\/\"},{\"@type\":\"ListItem\",\"position\":2,\"name\":\"Fl\u00f6tist des Berner Symphonieorchesters gewinnt in Japan\"}]},{\"@type\":\"WebSite\",\"@id\":\"https:\\\/\\\/www.musikzeitung.ch\\\/#website\",\"url\":\"https:\\\/\\\/www.musikzeitung.ch\\\/\",\"name\":\"Schweizer Musikzeitung\",\"description\":\"Die f\u00fchrende sparten\u00fcbergreifende Monatszeitung in der Schweiz f\u00fcr musikalische Fragen.\",\"publisher\":{\"@id\":\"https:\\\/\\\/www.musikzeitung.ch\\\/#organization\"},\"potentialAction\":[{\"@type\":\"SearchAction\",\"target\":{\"@type\":\"EntryPoint\",\"urlTemplate\":\"https:\\\/\\\/www.musikzeitung.ch\\\/?s={search_term_string}\"},\"query-input\":{\"@type\":\"PropertyValueSpecification\",\"valueRequired\":true,\"valueName\":\"search_term_string\"}}],\"inLanguage\":\"en-US\"},{\"@type\":\"Organization\",\"@id\":\"https:\\\/\\\/www.musikzeitung.ch\\\/#organization\",\"name\":\"Schweizer Musikzeitung\",\"url\":\"https:\\\/\\\/www.musikzeitung.ch\\\/\",\"logo\":{\"@type\":\"ImageObject\",\"inLanguage\":\"en-US\",\"@id\":\"https:\\\/\\\/www.musikzeitung.ch\\\/#\\\/schema\\\/logo\\\/image\\\/\",\"url\":\"https:\\\/\\\/www.musikzeitung.ch\\\/wp-content\\\/uploads\\\/2023\\\/01\\\/SMZ_Schriftzug_Sprache.png\",\"contentUrl\":\"https:\\\/\\\/www.musikzeitung.ch\\\/wp-content\\\/uploads\\\/2023\\\/01\\\/SMZ_Schriftzug_Sprache.png\",\"width\":1400,\"height\":279,\"caption\":\"Schweizer Musikzeitung\"},\"image\":{\"@id\":\"https:\\\/\\\/www.musikzeitung.ch\\\/#\\\/schema\\\/logo\\\/image\\\/\"},\"sameAs\":[\"https:\\\/\\\/www.facebook.com\\\/SchweizerMusikzeitung\\\/\",\"https:\\\/\\\/x.com\\\/smusikzeitung\",\"https:\\\/\\\/www.instagram.com\\\/musikzeitung.ch\\\/\"]},{\"@type\":\"Person\",\"@id\":\"https:\\\/\\\/www.musikzeitung.ch\\\/#\\\/schema\\\/person\\\/0da4fb82d243f1252850a35d0e87cf0c\",\"name\":\"Wolfgang B\u00f6hler\",\"image\":{\"@type\":\"ImageObject\",\"inLanguage\":\"en-US\",\"@id\":\"https:\\\/\\\/www.musikzeitung.ch\\\/wp-content\\\/uploads\\\/2023\\\/01\\\/boehler_portraet_web-e1674139782246-96x96.jpg\",\"url\":\"https:\\\/\\\/www.musikzeitung.ch\\\/wp-content\\\/uploads\\\/2023\\\/01\\\/boehler_portraet_web-e1674139782246-96x96.jpg\",\"contentUrl\":\"https:\\\/\\\/www.musikzeitung.ch\\\/wp-content\\\/uploads\\\/2023\\\/01\\\/boehler_portraet_web-e1674139782246-96x96.jpg\",\"caption\":\"Wolfgang B\u00f6hler\"},\"sameAs\":[\"http:\\\/\\\/www.manacanto.ch\",\"https:\\\/\\\/www.facebook.com\\\/wolfgang.bohler.75\"],\"url\":\"https:\\\/\\\/www.musikzeitung.ch\\\/en\\\/author\\\/wolfgang-boehler\"}]}<\/script>\n<!-- \/ Yoast SEO plugin. -->","yoast_head_json":{"title":"Flutist of the Bern Symphony Orchestra wins in Japan - Schweizer Musikzeitung","description":"The Italian flutist Riccardo Cellacchi, currently principal flute of the Bern Symphony Orchestra, has won the Kobe International Flute Competition.","robots":{"index":"index","follow":"follow","max-snippet":"max-snippet:-1","max-image-preview":"max-image-preview:large","max-video-preview":"max-video-preview:-1"},"canonical":"https:\/\/www.musikzeitung.ch\/en\/news\/2025\/09\/floetist-des-berner-symphonieorchesters-gewinnt-in-japan\/","og_locale":"en_US","og_type":"article","og_title":"Fl\u00f6tist des Berner Symphonieorchesters gewinnt in Japan - Schweizer Musikzeitung","og_description":"Der italienische Fl\u00f6tist Riccardo Cellacchi, zur Zeit Solofl\u00f6tist des Berner Symphonieorchesters, hat die Kobe International Flute Competition gewonnen.","og_url":"https:\/\/www.musikzeitung.ch\/en\/news\/2025\/09\/floetist-des-berner-symphonieorchesters-gewinnt-in-japan\/","og_site_name":"Schweizer Musikzeitung","article_publisher":"https:\/\/www.facebook.com\/SchweizerMusikzeitung\/","article_author":"https:\/\/www.facebook.com\/wolfgang.bohler.75","article_published_time":"2025-09-19T03:36:19+00:00","article_modified_time":"2025-09-19T08:06:36+00:00","og_image":[{"width":1011,"height":686,"url":"https:\/\/www.musikzeitung.ch\/wp-content\/uploads\/2025\/09\/250919kobe.jpg","type":"image\/jpeg"}],"author":"Wolfgang B\u00f6hler","twitter_card":"summary_large_image","twitter_creator":"@smusikzeitung","twitter_site":"@smusikzeitung","twitter_misc":{"Written by":"Wolfgang B\u00f6hler","Est. reading time":"1 minute"},"schema":{"@context":"https:\/\/schema.org","@graph":[{"@type":"Article","@id":"https:\/\/www.musikzeitung.ch\/news\/2025\/09\/floetist-des-berner-symphonieorchesters-gewinnt-in-japan#article","isPartOf":{"@id":"https:\/\/www.musikzeitung.ch\/news\/2025\/09\/floetist-des-berner-symphonieorchesters-gewinnt-in-japan"},"author":{"name":"Wolfgang B\u00f6hler","@id":"https:\/\/www.musikzeitung.ch\/#\/schema\/person\/0da4fb82d243f1252850a35d0e87cf0c"},"headline":"Fl\u00f6tist des Berner Symphonieorchesters gewinnt in Japan","datePublished":"2025-09-19T03:36:19+00:00","dateModified":"2025-09-19T08:06:36+00:00","mainEntityOfPage":{"@id":"https:\/\/www.musikzeitung.ch\/news\/2025\/09\/floetist-des-berner-symphonieorchesters-gewinnt-in-japan"},"wordCount":111,"publisher":{"@id":"https:\/\/www.musikzeitung.ch\/#organization"},"image":{"@id":"https:\/\/www.musikzeitung.ch\/news\/2025\/09\/floetist-des-berner-symphonieorchesters-gewinnt-in-japan#primaryimage"},"thumbnailUrl":"https:\/\/www.musikzeitung.ch\/wp-content\/uploads\/2025\/09\/250919kobe.jpg","keywords":["Berner Symphonieorchester","Kobe International Flute Competition","Riccardo Cellacchi"],"articleSection":["News"],"inLanguage":"en-US"},{"@type":"WebPage","@id":"https:\/\/www.musikzeitung.ch\/news\/2025\/09\/floetist-des-berner-symphonieorchesters-gewinnt-in-japan","url":"https:\/\/www.musikzeitung.ch\/news\/2025\/09\/floetist-des-berner-symphonieorchesters-gewinnt-in-japan","name":"Flutist of the Bern Symphony Orchestra wins in Japan - Schweizer Musikzeitung","isPartOf":{"@id":"https:\/\/www.musikzeitung.ch\/#website"},"primaryImageOfPage":{"@id":"https:\/\/www.musikzeitung.ch\/news\/2025\/09\/floetist-des-berner-symphonieorchesters-gewinnt-in-japan#primaryimage"},"image":{"@id":"https:\/\/www.musikzeitung.ch\/news\/2025\/09\/floetist-des-berner-symphonieorchesters-gewinnt-in-japan#primaryimage"},"thumbnailUrl":"https:\/\/www.musikzeitung.ch\/wp-content\/uploads\/2025\/09\/250919kobe.jpg","datePublished":"2025-09-19T03:36:19+00:00","dateModified":"2025-09-19T08:06:36+00:00","description":"The Italian flutist Riccardo Cellacchi, currently principal flute of the Bern Symphony Orchestra, has won the Kobe International Flute Competition.","breadcrumb":{"@id":"https:\/\/www.musikzeitung.ch\/news\/2025\/09\/floetist-des-berner-symphonieorchesters-gewinnt-in-japan#breadcrumb"},"inLanguage":"en-US","potentialAction":[{"@type":"ReadAction","target":["https:\/\/www.musikzeitung.ch\/news\/2025\/09\/floetist-des-berner-symphonieorchesters-gewinnt-in-japan"]}]},{"@type":"ImageObject","inLanguage":"en-US","@id":"https:\/\/www.musikzeitung.ch\/news\/2025\/09\/floetist-des-berner-symphonieorchesters-gewinnt-in-japan#primaryimage","url":"https:\/\/www.musikzeitung.ch\/wp-content\/uploads\/2025\/09\/250919kobe.jpg","contentUrl":"https:\/\/www.musikzeitung.ch\/wp-content\/uploads\/2025\/09\/250919kobe.jpg","width":1011,"height":686,"caption":"Riccardo Cellacchi (Bild: zVg)"},{"@type":"BreadcrumbList","@id":"https:\/\/www.musikzeitung.ch\/news\/2025\/09\/floetist-des-berner-symphonieorchesters-gewinnt-in-japan#breadcrumb","itemListElement":[{"@type":"ListItem","position":1,"name":"Home","item":"https:\/\/www.musikzeitung.ch\/"},{"@type":"ListItem","position":2,"name":"Fl\u00f6tist des Berner Symphonieorchesters gewinnt in Japan"}]},{"@type":"WebSite","@id":"https:\/\/www.musikzeitung.ch\/#website","url":"https:\/\/www.musikzeitung.ch\/","name":"Swiss Music Newspaper","description":"The leading interdisciplinary monthly newspaper in Switzerland for musical issues.","publisher":{"@id":"https:\/\/www.musikzeitung.ch\/#organization"},"potentialAction":[{"@type":"SearchAction","target":{"@type":"EntryPoint","urlTemplate":"https:\/\/www.musikzeitung.ch\/?s={search_term_string}"},"query-input":{"@type":"PropertyValueSpecification","valueRequired":true,"valueName":"search_term_string"}}],"inLanguage":"en-US"},{"@type":"Organization","@id":"https:\/\/www.musikzeitung.ch\/#organization","name":"Swiss Music Newspaper","url":"https:\/\/www.musikzeitung.ch\/","logo":{"@type":"ImageObject","inLanguage":"en-US","@id":"https:\/\/www.musikzeitung.ch\/#\/schema\/logo\/image\/","url":"https:\/\/www.musikzeitung.ch\/wp-content\/uploads\/2023\/01\/SMZ_Schriftzug_Sprache.png","contentUrl":"https:\/\/www.musikzeitung.ch\/wp-content\/uploads\/2023\/01\/SMZ_Schriftzug_Sprache.png","width":1400,"height":279,"caption":"Schweizer Musikzeitung"},"image":{"@id":"https:\/\/www.musikzeitung.ch\/#\/schema\/logo\/image\/"},"sameAs":["https:\/\/www.facebook.com\/SchweizerMusikzeitung\/","https:\/\/x.com\/smusikzeitung","https:\/\/www.instagram.com\/musikzeitung.ch\/"]},{"@type":"Person","@id":"https:\/\/www.musikzeitung.ch\/#\/schema\/person\/0da4fb82d243f1252850a35d0e87cf0c","name":"Wolfgang B\u00f6hler","image":{"@type":"ImageObject","inLanguage":"en-US","@id":"https:\/\/www.musikzeitung.ch\/wp-content\/uploads\/2023\/01\/boehler_portraet_web-e1674139782246-96x96.jpg","url":"https:\/\/www.musikzeitung.ch\/wp-content\/uploads\/2023\/01\/boehler_portraet_web-e1674139782246-96x96.jpg","contentUrl":"https:\/\/www.musikzeitung.ch\/wp-content\/uploads\/2023\/01\/boehler_portraet_web-e1674139782246-96x96.jpg","caption":"Wolfgang B\u00f6hler"},"sameAs":["http:\/\/www.manacanto.ch","https:\/\/www.facebook.com\/wolfgang.bohler.75"],"url":"https:\/\/www.musikzeitung.ch\/en\/author\/wolfgang-boehler"}]}},"publishpress_future_workflow_manual_trigger":{"enabledWorkflows":[]},"_links":{"self":[{"href":"https:\/\/www.musikzeitung.ch\/en\/wp-json\/wp\/v2\/posts\/67758","targetHints":{"allow":["GET"]}}],"collection":[{"href":"https:\/\/www.musikzeitung.ch\/en\/wp-json\/wp\/v2\/posts"}],"about":[{"href":"https:\/\/www.musikzeitung.ch\/en\/wp-json\/wp\/v2\/types\/post"}],"author":[{"embeddable":true,"href":"https:\/\/www.musikzeitung.ch\/en\/wp-json\/wp\/v2\/users\/30"}],"replies":[{"embeddable":true,"href":"https:\/\/www.musikzeitung.ch\/en\/wp-json\/wp\/v2\/comments?post=67758"}],"version-history":[{"count":4,"href":"https:\/\/www.musikzeitung.ch\/en\/wp-json\/wp\/v2\/posts\/67758\/revisions"}],"predecessor-version":[{"id":67765,"href":"https:\/\/www.musikzeitung.ch\/en\/wp-json\/wp\/v2\/posts\/67758\/revisions\/67765"}],"wp:featuredmedia":[{"embeddable":true,"href":"https:\/\/www.musikzeitung.ch\/en\/wp-json\/wp\/v2\/media\/67759"}],"wp:attachment":[{"href":"https:\/\/www.musikzeitung.ch\/en\/wp-json\/wp\/v2\/media?parent=67758"}],"wp:term":[{"taxonomy":"category","embeddable":true,"href":"https:\/\/www.musikzeitung.ch\/en\/wp-json\/wp\/v2\/categories?post=67758"},{"taxonomy":"post_tag","embeddable":true,"href":"https:\/\/www.musikzeitung.ch\/en\/wp-json\/wp\/v2\/tags?post=67758"}],"curies":[{"name":"wp","href":"https:\/\/api.w.org\/{rel}","templated":true}]}}