{"id":67783,"date":"2025-09-22T06:06:42","date_gmt":"2025-09-22T04:06:42","guid":{"rendered":"https:\/\/www.musikzeitung.ch\/?p=67783"},"modified":"2025-09-22T10:08:44","modified_gmt":"2025-09-22T08:08:44","slug":"joseph-bastian-bleibt-bis-2031-in-muenchen","status":"publish","type":"post","link":"https:\/\/www.musikzeitung.ch\/en\/news\/2025\/09\/joseph-bastian-bleibt-bis-2031-in-muenchen","title":{"rendered":"Joseph Bastian will remain in Munich until 2031"},"content":{"rendered":"<figure id=\"attachment_67784\" aria-describedby=\"caption-attachment-67784\" style=\"width: 768px\" class=\"wp-caption alignnone\"><img loading=\"lazy\" decoding=\"async\" class=\"size-large wp-image-67784\" src=\"https:\/\/www.musikzeitung.ch\/wp-content\/uploads\/2025\/09\/250922bastian-1024x586.jpg\" alt=\"\" width=\"768\" height=\"440\" srcset=\"https:\/\/www.musikzeitung.ch\/wp-content\/uploads\/2025\/09\/250922bastian-1024x586.jpg 1024w, https:\/\/www.musikzeitung.ch\/wp-content\/uploads\/2025\/09\/250922bastian-300x172.jpg 300w, https:\/\/www.musikzeitung.ch\/wp-content\/uploads\/2025\/09\/250922bastian-768x439.jpg 768w, https:\/\/www.musikzeitung.ch\/wp-content\/uploads\/2025\/09\/250922bastian-18x10.jpg 18w, https:\/\/www.musikzeitung.ch\/wp-content\/uploads\/2025\/09\/250922bastian-306x175.jpg 306w, https:\/\/www.musikzeitung.ch\/wp-content\/uploads\/2025\/09\/250922bastian-612x350.jpg 612w, https:\/\/www.musikzeitung.ch\/wp-content\/uploads\/2025\/09\/250922bastian-920x526.jpg 920w, https:\/\/www.musikzeitung.ch\/wp-content\/uploads\/2025\/09\/250922bastian.jpg 1157w\" sizes=\"auto, (max-width: 768px) 100vw, 768px\" \/><figcaption id=\"caption-attachment-67784\" class=\"wp-caption-text\">Joseph Bastian (Image: Andrej Grilc)<\/figcaption><\/figure>\n<p>Joseph Bastian has been Chief Conductor and Artistic Director of the Munich Symphony Orchestra since September 2023. He is also Principal Conductor of the Asian Youth Orchestra and Chief Conductor of the Orchestre Dijon Bourgogne. In Besan\u00e7on, he initiates interdisciplinary collaborations in which he brings neuroscience to the concert stage together with researcher Emmanuel Bigand, for example. His opera conducting engagements include <em>Hansel and Gretel<\/em> and <em>Luisa Miller<\/em> at the Lucerne Theater, or Haydn's <em>Il mondo della luna<\/em> with the Zurich Opera Studio.<\/p>\n<p>Founded in 1945 by Kurt Graunke, the Munich Symphony Orchestra has 60 members of 17 nationalities. From 2014 to 2022, Kevin John Edusei, who was Chief Conductor of the Bern Opera from 2015 to 2019, held the position of Chief Conductor. In the 2022\/2023 season, Nodoka Okisawa was Artist in Residence. Joseph Bastian took over the position from the 2023\/2024 season.<\/p>","protected":false},"excerpt":{"rendered":"<p>The French-Swiss conductor Joseph Bastian has extended his contract as Chief Conductor of the Munich Symphony Orchestra ahead of schedule until 2031.<\/p>","protected":false},"author":30,"featured_media":67784,"comment_status":"closed","ping_status":"closed","sticky":false,"template":"","format":"standard","meta":{"_acf_changed":false,"_relevanssi_hide_post":"","_relevanssi_hide_content":"","_relevanssi_pin_for_all":"","_relevanssi_pin_keywords":"","_relevanssi_unpin_keywords":"","_relevanssi_related_keywords":"","_relevanssi_related_include_ids":"","_relevanssi_related_exclude_ids":"","_relevanssi_related_no_append":"","_relevanssi_related_not_related":"","_relevanssi_related_posts":"","_relevanssi_noindex_reason":"","pgc_sgb_lightbox_settings":"","footnotes":""},"categories":[27],"tags":[5312,5313],"class_list":["post-67783","post","type-post","status-publish","format-standard","has-post-thumbnail","hentry","category-news","tag-joseph-bastian","tag-muenchner-symphoniker"],"acf":[],"yoast_head":"<!-- This site is optimized with the Yoast SEO plugin v27.4 - https:\/\/yoast.com\/product\/yoast-seo-wordpress\/ -->\n<title>Joseph Bastian bleibt bis 2031 in M\u00fcnchen - Schweizer Musikzeitung<\/title>\n<meta name=\"description\" content=\"Der Dirigent Joseph Bastian hat seinen Vertrag als Chefdirigent der M\u00fcnchner Symphoniker bis ins Jahr 2031 verl\u00e4ngert.\" \/>\n<meta name=\"robots\" content=\"index, follow, max-snippet:-1, max-image-preview:large, max-video-preview:-1\" \/>\n<link rel=\"canonical\" href=\"https:\/\/www.musikzeitung.ch\/en\/news\/2025\/09\/joseph-bastian-bleibt-bis-2031-in-muenchen\/\" \/>\n<meta property=\"og:locale\" content=\"en_US\" \/>\n<meta property=\"og:type\" content=\"article\" \/>\n<meta property=\"og:title\" content=\"Joseph Bastian bleibt bis 2031 in M\u00fcnchen - Schweizer Musikzeitung\" \/>\n<meta property=\"og:description\" content=\"Der Dirigent Joseph Bastian hat seinen Vertrag als Chefdirigent der M\u00fcnchner Symphoniker bis ins Jahr 2031 verl\u00e4ngert.\" \/>\n<meta property=\"og:url\" content=\"https:\/\/www.musikzeitung.ch\/en\/news\/2025\/09\/joseph-bastian-bleibt-bis-2031-in-muenchen\/\" \/>\n<meta property=\"og:site_name\" content=\"Schweizer Musikzeitung\" \/>\n<meta property=\"article:publisher\" content=\"https:\/\/www.facebook.com\/SchweizerMusikzeitung\/\" \/>\n<meta property=\"article:author\" content=\"https:\/\/www.facebook.com\/wolfgang.bohler.75\" \/>\n<meta property=\"article:published_time\" content=\"2025-09-22T04:06:42+00:00\" \/>\n<meta property=\"article:modified_time\" content=\"2025-09-22T08:08:44+00:00\" \/>\n<meta property=\"og:image\" content=\"https:\/\/www.musikzeitung.ch\/wp-content\/uploads\/2025\/09\/250922bastian.jpg\" \/>\n\t<meta property=\"og:image:width\" content=\"1157\" \/>\n\t<meta property=\"og:image:height\" content=\"662\" \/>\n\t<meta property=\"og:image:type\" content=\"image\/jpeg\" \/>\n<meta name=\"author\" content=\"Wolfgang B\u00f6hler\" \/>\n<meta name=\"twitter:card\" content=\"summary_large_image\" \/>\n<meta name=\"twitter:creator\" content=\"@smusikzeitung\" \/>\n<meta name=\"twitter:site\" content=\"@smusikzeitung\" \/>\n<meta name=\"twitter:label1\" content=\"Written by\" \/>\n\t<meta name=\"twitter:data1\" content=\"Wolfgang B\u00f6hler\" \/>\n\t<meta name=\"twitter:label2\" content=\"Est. reading time\" \/>\n\t<meta name=\"twitter:data2\" content=\"2 minutes\" \/>\n<script type=\"application\/ld+json\" class=\"yoast-schema-graph\">{\"@context\":\"https:\\\/\\\/schema.org\",\"@graph\":[{\"@type\":\"Article\",\"@id\":\"https:\\\/\\\/www.musikzeitung.ch\\\/news\\\/2025\\\/09\\\/joseph-bastian-bleibt-bis-2031-in-muenchen#article\",\"isPartOf\":{\"@id\":\"https:\\\/\\\/www.musikzeitung.ch\\\/news\\\/2025\\\/09\\\/joseph-bastian-bleibt-bis-2031-in-muenchen\"},\"author\":{\"name\":\"Wolfgang B\u00f6hler\",\"@id\":\"https:\\\/\\\/www.musikzeitung.ch\\\/#\\\/schema\\\/person\\\/0da4fb82d243f1252850a35d0e87cf0c\"},\"headline\":\"Joseph Bastian bleibt bis 2031 in M\u00fcnchen\",\"datePublished\":\"2025-09-22T04:06:42+00:00\",\"dateModified\":\"2025-09-22T08:08:44+00:00\",\"mainEntityOfPage\":{\"@id\":\"https:\\\/\\\/www.musikzeitung.ch\\\/news\\\/2025\\\/09\\\/joseph-bastian-bleibt-bis-2031-in-muenchen\"},\"wordCount\":152,\"publisher\":{\"@id\":\"https:\\\/\\\/www.musikzeitung.ch\\\/#organization\"},\"image\":{\"@id\":\"https:\\\/\\\/www.musikzeitung.ch\\\/news\\\/2025\\\/09\\\/joseph-bastian-bleibt-bis-2031-in-muenchen#primaryimage\"},\"thumbnailUrl\":\"https:\\\/\\\/www.musikzeitung.ch\\\/wp-content\\\/uploads\\\/2025\\\/09\\\/250922bastian.jpg\",\"keywords\":[\"Joseph Bastian\",\"M\u00fcnchner Symphoniker\"],\"articleSection\":[\"News\"],\"inLanguage\":\"en-US\"},{\"@type\":\"WebPage\",\"@id\":\"https:\\\/\\\/www.musikzeitung.ch\\\/news\\\/2025\\\/09\\\/joseph-bastian-bleibt-bis-2031-in-muenchen\",\"url\":\"https:\\\/\\\/www.musikzeitung.ch\\\/news\\\/2025\\\/09\\\/joseph-bastian-bleibt-bis-2031-in-muenchen\",\"name\":\"Joseph Bastian bleibt bis 2031 in M\u00fcnchen - Schweizer Musikzeitung\",\"isPartOf\":{\"@id\":\"https:\\\/\\\/www.musikzeitung.ch\\\/#website\"},\"primaryImageOfPage\":{\"@id\":\"https:\\\/\\\/www.musikzeitung.ch\\\/news\\\/2025\\\/09\\\/joseph-bastian-bleibt-bis-2031-in-muenchen#primaryimage\"},\"image\":{\"@id\":\"https:\\\/\\\/www.musikzeitung.ch\\\/news\\\/2025\\\/09\\\/joseph-bastian-bleibt-bis-2031-in-muenchen#primaryimage\"},\"thumbnailUrl\":\"https:\\\/\\\/www.musikzeitung.ch\\\/wp-content\\\/uploads\\\/2025\\\/09\\\/250922bastian.jpg\",\"datePublished\":\"2025-09-22T04:06:42+00:00\",\"dateModified\":\"2025-09-22T08:08:44+00:00\",\"description\":\"Der Dirigent Joseph Bastian hat seinen Vertrag als Chefdirigent der M\u00fcnchner Symphoniker bis ins Jahr 2031 verl\u00e4ngert.\",\"breadcrumb\":{\"@id\":\"https:\\\/\\\/www.musikzeitung.ch\\\/news\\\/2025\\\/09\\\/joseph-bastian-bleibt-bis-2031-in-muenchen#breadcrumb\"},\"inLanguage\":\"en-US\",\"potentialAction\":[{\"@type\":\"ReadAction\",\"target\":[\"https:\\\/\\\/www.musikzeitung.ch\\\/news\\\/2025\\\/09\\\/joseph-bastian-bleibt-bis-2031-in-muenchen\"]}]},{\"@type\":\"ImageObject\",\"inLanguage\":\"en-US\",\"@id\":\"https:\\\/\\\/www.musikzeitung.ch\\\/news\\\/2025\\\/09\\\/joseph-bastian-bleibt-bis-2031-in-muenchen#primaryimage\",\"url\":\"https:\\\/\\\/www.musikzeitung.ch\\\/wp-content\\\/uploads\\\/2025\\\/09\\\/250922bastian.jpg\",\"contentUrl\":\"https:\\\/\\\/www.musikzeitung.ch\\\/wp-content\\\/uploads\\\/2025\\\/09\\\/250922bastian.jpg\",\"width\":1157,\"height\":662,\"caption\":\"Joseph Bastian (Bild: Andrej Grilc)\"},{\"@type\":\"BreadcrumbList\",\"@id\":\"https:\\\/\\\/www.musikzeitung.ch\\\/news\\\/2025\\\/09\\\/joseph-bastian-bleibt-bis-2031-in-muenchen#breadcrumb\",\"itemListElement\":[{\"@type\":\"ListItem\",\"position\":1,\"name\":\"Home\",\"item\":\"https:\\\/\\\/www.musikzeitung.ch\\\/\"},{\"@type\":\"ListItem\",\"position\":2,\"name\":\"Joseph Bastian bleibt bis 2031 in M\u00fcnchen\"}]},{\"@type\":\"WebSite\",\"@id\":\"https:\\\/\\\/www.musikzeitung.ch\\\/#website\",\"url\":\"https:\\\/\\\/www.musikzeitung.ch\\\/\",\"name\":\"Schweizer Musikzeitung\",\"description\":\"Die f\u00fchrende sparten\u00fcbergreifende Monatszeitung in der Schweiz f\u00fcr musikalische Fragen.\",\"publisher\":{\"@id\":\"https:\\\/\\\/www.musikzeitung.ch\\\/#organization\"},\"potentialAction\":[{\"@type\":\"SearchAction\",\"target\":{\"@type\":\"EntryPoint\",\"urlTemplate\":\"https:\\\/\\\/www.musikzeitung.ch\\\/?s={search_term_string}\"},\"query-input\":{\"@type\":\"PropertyValueSpecification\",\"valueRequired\":true,\"valueName\":\"search_term_string\"}}],\"inLanguage\":\"en-US\"},{\"@type\":\"Organization\",\"@id\":\"https:\\\/\\\/www.musikzeitung.ch\\\/#organization\",\"name\":\"Schweizer Musikzeitung\",\"url\":\"https:\\\/\\\/www.musikzeitung.ch\\\/\",\"logo\":{\"@type\":\"ImageObject\",\"inLanguage\":\"en-US\",\"@id\":\"https:\\\/\\\/www.musikzeitung.ch\\\/#\\\/schema\\\/logo\\\/image\\\/\",\"url\":\"https:\\\/\\\/www.musikzeitung.ch\\\/wp-content\\\/uploads\\\/2023\\\/01\\\/SMZ_Schriftzug_Sprache.png\",\"contentUrl\":\"https:\\\/\\\/www.musikzeitung.ch\\\/wp-content\\\/uploads\\\/2023\\\/01\\\/SMZ_Schriftzug_Sprache.png\",\"width\":1400,\"height\":279,\"caption\":\"Schweizer Musikzeitung\"},\"image\":{\"@id\":\"https:\\\/\\\/www.musikzeitung.ch\\\/#\\\/schema\\\/logo\\\/image\\\/\"},\"sameAs\":[\"https:\\\/\\\/www.facebook.com\\\/SchweizerMusikzeitung\\\/\",\"https:\\\/\\\/x.com\\\/smusikzeitung\",\"https:\\\/\\\/www.instagram.com\\\/musikzeitung.ch\\\/\"]},{\"@type\":\"Person\",\"@id\":\"https:\\\/\\\/www.musikzeitung.ch\\\/#\\\/schema\\\/person\\\/0da4fb82d243f1252850a35d0e87cf0c\",\"name\":\"Wolfgang B\u00f6hler\",\"image\":{\"@type\":\"ImageObject\",\"inLanguage\":\"en-US\",\"@id\":\"https:\\\/\\\/www.musikzeitung.ch\\\/wp-content\\\/uploads\\\/2023\\\/01\\\/boehler_portraet_web-e1674139782246-96x96.jpg\",\"url\":\"https:\\\/\\\/www.musikzeitung.ch\\\/wp-content\\\/uploads\\\/2023\\\/01\\\/boehler_portraet_web-e1674139782246-96x96.jpg\",\"contentUrl\":\"https:\\\/\\\/www.musikzeitung.ch\\\/wp-content\\\/uploads\\\/2023\\\/01\\\/boehler_portraet_web-e1674139782246-96x96.jpg\",\"caption\":\"Wolfgang B\u00f6hler\"},\"sameAs\":[\"http:\\\/\\\/www.manacanto.ch\",\"https:\\\/\\\/www.facebook.com\\\/wolfgang.bohler.75\"],\"url\":\"https:\\\/\\\/www.musikzeitung.ch\\\/en\\\/author\\\/wolfgang-boehler\"}]}<\/script>\n<!-- \/ Yoast SEO plugin. -->","yoast_head_json":{"title":"Joseph Bastian to stay in Munich until 2031 - Schweizer Musikzeitung","description":"Conductor Joseph Bastian has extended his contract as Chief Conductor of the Munich Symphony Orchestra until 2031.","robots":{"index":"index","follow":"follow","max-snippet":"max-snippet:-1","max-image-preview":"max-image-preview:large","max-video-preview":"max-video-preview:-1"},"canonical":"https:\/\/www.musikzeitung.ch\/en\/news\/2025\/09\/joseph-bastian-bleibt-bis-2031-in-muenchen\/","og_locale":"en_US","og_type":"article","og_title":"Joseph Bastian bleibt bis 2031 in M\u00fcnchen - Schweizer Musikzeitung","og_description":"Der Dirigent Joseph Bastian hat seinen Vertrag als Chefdirigent der M\u00fcnchner Symphoniker bis ins Jahr 2031 verl\u00e4ngert.","og_url":"https:\/\/www.musikzeitung.ch\/en\/news\/2025\/09\/joseph-bastian-bleibt-bis-2031-in-muenchen\/","og_site_name":"Schweizer Musikzeitung","article_publisher":"https:\/\/www.facebook.com\/SchweizerMusikzeitung\/","article_author":"https:\/\/www.facebook.com\/wolfgang.bohler.75","article_published_time":"2025-09-22T04:06:42+00:00","article_modified_time":"2025-09-22T08:08:44+00:00","og_image":[{"width":1157,"height":662,"url":"https:\/\/www.musikzeitung.ch\/wp-content\/uploads\/2025\/09\/250922bastian.jpg","type":"image\/jpeg"}],"author":"Wolfgang B\u00f6hler","twitter_card":"summary_large_image","twitter_creator":"@smusikzeitung","twitter_site":"@smusikzeitung","twitter_misc":{"Written by":"Wolfgang B\u00f6hler","Est. reading time":"2 minutes"},"schema":{"@context":"https:\/\/schema.org","@graph":[{"@type":"Article","@id":"https:\/\/www.musikzeitung.ch\/news\/2025\/09\/joseph-bastian-bleibt-bis-2031-in-muenchen#article","isPartOf":{"@id":"https:\/\/www.musikzeitung.ch\/news\/2025\/09\/joseph-bastian-bleibt-bis-2031-in-muenchen"},"author":{"name":"Wolfgang B\u00f6hler","@id":"https:\/\/www.musikzeitung.ch\/#\/schema\/person\/0da4fb82d243f1252850a35d0e87cf0c"},"headline":"Joseph Bastian bleibt bis 2031 in M\u00fcnchen","datePublished":"2025-09-22T04:06:42+00:00","dateModified":"2025-09-22T08:08:44+00:00","mainEntityOfPage":{"@id":"https:\/\/www.musikzeitung.ch\/news\/2025\/09\/joseph-bastian-bleibt-bis-2031-in-muenchen"},"wordCount":152,"publisher":{"@id":"https:\/\/www.musikzeitung.ch\/#organization"},"image":{"@id":"https:\/\/www.musikzeitung.ch\/news\/2025\/09\/joseph-bastian-bleibt-bis-2031-in-muenchen#primaryimage"},"thumbnailUrl":"https:\/\/www.musikzeitung.ch\/wp-content\/uploads\/2025\/09\/250922bastian.jpg","keywords":["Joseph Bastian","M\u00fcnchner Symphoniker"],"articleSection":["News"],"inLanguage":"en-US"},{"@type":"WebPage","@id":"https:\/\/www.musikzeitung.ch\/news\/2025\/09\/joseph-bastian-bleibt-bis-2031-in-muenchen","url":"https:\/\/www.musikzeitung.ch\/news\/2025\/09\/joseph-bastian-bleibt-bis-2031-in-muenchen","name":"Joseph Bastian to stay in Munich until 2031 - Schweizer Musikzeitung","isPartOf":{"@id":"https:\/\/www.musikzeitung.ch\/#website"},"primaryImageOfPage":{"@id":"https:\/\/www.musikzeitung.ch\/news\/2025\/09\/joseph-bastian-bleibt-bis-2031-in-muenchen#primaryimage"},"image":{"@id":"https:\/\/www.musikzeitung.ch\/news\/2025\/09\/joseph-bastian-bleibt-bis-2031-in-muenchen#primaryimage"},"thumbnailUrl":"https:\/\/www.musikzeitung.ch\/wp-content\/uploads\/2025\/09\/250922bastian.jpg","datePublished":"2025-09-22T04:06:42+00:00","dateModified":"2025-09-22T08:08:44+00:00","description":"Conductor Joseph Bastian has extended his contract as Chief Conductor of the Munich Symphony Orchestra until 2031.","breadcrumb":{"@id":"https:\/\/www.musikzeitung.ch\/news\/2025\/09\/joseph-bastian-bleibt-bis-2031-in-muenchen#breadcrumb"},"inLanguage":"en-US","potentialAction":[{"@type":"ReadAction","target":["https:\/\/www.musikzeitung.ch\/news\/2025\/09\/joseph-bastian-bleibt-bis-2031-in-muenchen"]}]},{"@type":"ImageObject","inLanguage":"en-US","@id":"https:\/\/www.musikzeitung.ch\/news\/2025\/09\/joseph-bastian-bleibt-bis-2031-in-muenchen#primaryimage","url":"https:\/\/www.musikzeitung.ch\/wp-content\/uploads\/2025\/09\/250922bastian.jpg","contentUrl":"https:\/\/www.musikzeitung.ch\/wp-content\/uploads\/2025\/09\/250922bastian.jpg","width":1157,"height":662,"caption":"Joseph Bastian (Bild: Andrej Grilc)"},{"@type":"BreadcrumbList","@id":"https:\/\/www.musikzeitung.ch\/news\/2025\/09\/joseph-bastian-bleibt-bis-2031-in-muenchen#breadcrumb","itemListElement":[{"@type":"ListItem","position":1,"name":"Home","item":"https:\/\/www.musikzeitung.ch\/"},{"@type":"ListItem","position":2,"name":"Joseph Bastian bleibt bis 2031 in M\u00fcnchen"}]},{"@type":"WebSite","@id":"https:\/\/www.musikzeitung.ch\/#website","url":"https:\/\/www.musikzeitung.ch\/","name":"Swiss Music Newspaper","description":"The leading interdisciplinary monthly newspaper in Switzerland for musical issues.","publisher":{"@id":"https:\/\/www.musikzeitung.ch\/#organization"},"potentialAction":[{"@type":"SearchAction","target":{"@type":"EntryPoint","urlTemplate":"https:\/\/www.musikzeitung.ch\/?s={search_term_string}"},"query-input":{"@type":"PropertyValueSpecification","valueRequired":true,"valueName":"search_term_string"}}],"inLanguage":"en-US"},{"@type":"Organization","@id":"https:\/\/www.musikzeitung.ch\/#organization","name":"Swiss Music Newspaper","url":"https:\/\/www.musikzeitung.ch\/","logo":{"@type":"ImageObject","inLanguage":"en-US","@id":"https:\/\/www.musikzeitung.ch\/#\/schema\/logo\/image\/","url":"https:\/\/www.musikzeitung.ch\/wp-content\/uploads\/2023\/01\/SMZ_Schriftzug_Sprache.png","contentUrl":"https:\/\/www.musikzeitung.ch\/wp-content\/uploads\/2023\/01\/SMZ_Schriftzug_Sprache.png","width":1400,"height":279,"caption":"Schweizer Musikzeitung"},"image":{"@id":"https:\/\/www.musikzeitung.ch\/#\/schema\/logo\/image\/"},"sameAs":["https:\/\/www.facebook.com\/SchweizerMusikzeitung\/","https:\/\/x.com\/smusikzeitung","https:\/\/www.instagram.com\/musikzeitung.ch\/"]},{"@type":"Person","@id":"https:\/\/www.musikzeitung.ch\/#\/schema\/person\/0da4fb82d243f1252850a35d0e87cf0c","name":"Wolfgang B\u00f6hler","image":{"@type":"ImageObject","inLanguage":"en-US","@id":"https:\/\/www.musikzeitung.ch\/wp-content\/uploads\/2023\/01\/boehler_portraet_web-e1674139782246-96x96.jpg","url":"https:\/\/www.musikzeitung.ch\/wp-content\/uploads\/2023\/01\/boehler_portraet_web-e1674139782246-96x96.jpg","contentUrl":"https:\/\/www.musikzeitung.ch\/wp-content\/uploads\/2023\/01\/boehler_portraet_web-e1674139782246-96x96.jpg","caption":"Wolfgang B\u00f6hler"},"sameAs":["http:\/\/www.manacanto.ch","https:\/\/www.facebook.com\/wolfgang.bohler.75"],"url":"https:\/\/www.musikzeitung.ch\/en\/author\/wolfgang-boehler"}]}},"publishpress_future_workflow_manual_trigger":{"enabledWorkflows":[]},"_links":{"self":[{"href":"https:\/\/www.musikzeitung.ch\/en\/wp-json\/wp\/v2\/posts\/67783","targetHints":{"allow":["GET"]}}],"collection":[{"href":"https:\/\/www.musikzeitung.ch\/en\/wp-json\/wp\/v2\/posts"}],"about":[{"href":"https:\/\/www.musikzeitung.ch\/en\/wp-json\/wp\/v2\/types\/post"}],"author":[{"embeddable":true,"href":"https:\/\/www.musikzeitung.ch\/en\/wp-json\/wp\/v2\/users\/30"}],"replies":[{"embeddable":true,"href":"https:\/\/www.musikzeitung.ch\/en\/wp-json\/wp\/v2\/comments?post=67783"}],"version-history":[{"count":5,"href":"https:\/\/www.musikzeitung.ch\/en\/wp-json\/wp\/v2\/posts\/67783\/revisions"}],"predecessor-version":[{"id":67794,"href":"https:\/\/www.musikzeitung.ch\/en\/wp-json\/wp\/v2\/posts\/67783\/revisions\/67794"}],"wp:featuredmedia":[{"embeddable":true,"href":"https:\/\/www.musikzeitung.ch\/en\/wp-json\/wp\/v2\/media\/67784"}],"wp:attachment":[{"href":"https:\/\/www.musikzeitung.ch\/en\/wp-json\/wp\/v2\/media?parent=67783"}],"wp:term":[{"taxonomy":"category","embeddable":true,"href":"https:\/\/www.musikzeitung.ch\/en\/wp-json\/wp\/v2\/categories?post=67783"},{"taxonomy":"post_tag","embeddable":true,"href":"https:\/\/www.musikzeitung.ch\/en\/wp-json\/wp\/v2\/tags?post=67783"}],"curies":[{"name":"wp","href":"https:\/\/api.w.org\/{rel}","templated":true}]}}