{"id":67949,"date":"2025-09-30T11:23:21","date_gmt":"2025-09-30T09:23:21","guid":{"rendered":"https:\/\/www.musikzeitung.ch\/?p=67949"},"modified":"2025-09-30T14:52:02","modified_gmt":"2025-09-30T12:52:02","slug":"bund-gruendet-nationales-kompetenzzentrum","status":"publish","type":"post","link":"https:\/\/www.musikzeitung.ch\/en\/news\/2025\/09\/bund-gruendet-nationales-kompetenzzentrum","title":{"rendered":"Federal government establishes national competence center"},"content":{"rendered":"<section id=\"doc-1j6abv29u0\" class=\"hero hero--default\">\n<div class=\"container container--grid gap--responsive\">\n<div class=\"hero__content\">\n<figure id=\"attachment_49890\" aria-describedby=\"caption-attachment-49890\" style=\"width: 906px\" class=\"wp-caption alignnone\"><img loading=\"lazy\" decoding=\"async\" class=\"wp-image-49890 size-full\" src=\"https:\/\/www.musikzeitung.ch\/wp-content\/uploads\/2023\/11\/Bundeshaus.jpg\" alt=\"\" width=\"906\" height=\"675\" srcset=\"https:\/\/www.musikzeitung.ch\/wp-content\/uploads\/2023\/11\/Bundeshaus.jpg 906w, https:\/\/www.musikzeitung.ch\/wp-content\/uploads\/2023\/11\/Bundeshaus-300x224.jpg 300w, https:\/\/www.musikzeitung.ch\/wp-content\/uploads\/2023\/11\/Bundeshaus-768x572.jpg 768w, https:\/\/www.musikzeitung.ch\/wp-content\/uploads\/2023\/11\/Bundeshaus-235x175.jpg 235w, https:\/\/www.musikzeitung.ch\/wp-content\/uploads\/2023\/11\/Bundeshaus-470x350.jpg 470w\" sizes=\"auto, (max-width: 906px) 100vw, 906px\" \/><figcaption id=\"caption-attachment-49890\" class=\"wp-caption-text\">The Federal Palace in Bern. Photo: SMZ archive<\/figcaption><\/figure>\n<p class=\"font--regular hero__description\">The center should also draw attention to existing offers in the regions and complement them in a meaningful way. The federal government is thus implementing one of the key measures from the 2025-28 Culture Dispatch, which aims to improve the working environment in the cultural sector. The \"Suisseculture Sociale\" association has been commissioned to set up the competence center. The project is financially supported by the Federal Office of Culture (BAK).<\/p>\n<\/div>\n<\/div>\n<\/section>\n<section class=\"section section--default\">\n<div class=\"container container--grid gap--responsive\">\n<div class=\"container__center--xs vertical-spacing\">\n<p id=\"doc-1j6ac1kra0\" class=\"font--regular\">One of the tasks of the \"Working in Culture\" competence center is to raise awareness among cultural professionals, cultural event organizers and cultural organizations of issues relating to working conditions and social security and to provide information and documentation on these topics. Reference is made, for example, to existing services offered by cantons, cities and sector-specific organizations. These services are to be supplemented and further developed as required.<\/p>\n<p class=\"font--regular\">Another task of the Competence Center is to promote networking and knowledge transfer between the relevant stakeholders. This is done in coordination with the BAK, the Federal Social Insurance Office (BSV) and the State Secretariat for Economic Affairs (SECO) as well as in cooperation with cantonal and communal authorities, institutions and cultural organizations.<\/p>\n<p><strong>Original article:<\/strong><br \/>\n<a href=\"https:\/\/www.news.admin.ch\/de\/newnsb\/0q3SE9rjqwMUnFBBy2cwJ\" target=\"_blank\" rel=\"noopener\">https:\/\/www.news.admin.ch\/de\/newnsb\/0q3SE9rjqwMUnFBBy2cwJ<\/a><\/p>\n<\/div>\n<\/div>\n<\/section>","protected":false},"excerpt":{"rendered":"<p>The federal government is establishing a new national competence center \"Working in Culture\". This is intended to provide guidance and raise awareness among cultural workers, cultural event organizers and cultural organizations on issues of social security and working conditions in their sector. <\/p>","protected":false},"author":30,"featured_media":49890,"comment_status":"closed","ping_status":"closed","sticky":false,"template":"","format":"standard","meta":{"_acf_changed":false,"_relevanssi_hide_post":"","_relevanssi_hide_content":"","_relevanssi_pin_for_all":"","_relevanssi_pin_keywords":"","_relevanssi_unpin_keywords":"","_relevanssi_related_keywords":"","_relevanssi_related_include_ids":"","_relevanssi_related_exclude_ids":"","_relevanssi_related_no_append":"","_relevanssi_related_not_related":"","_relevanssi_related_posts":"","_relevanssi_noindex_reason":"","pgc_sgb_lightbox_settings":"","footnotes":""},"categories":[27],"tags":[4285,5326],"class_list":["post-67949","post","type-post","status-publish","format-standard","has-post-thumbnail","hentry","category-news","tag-bundesamt-fuer-kultur","tag-suisseculture-sociale"],"acf":[],"yoast_head":"<!-- This site is optimized with the Yoast SEO plugin v27.4 - https:\/\/yoast.com\/product\/yoast-seo-wordpress\/ -->\n<title>Bund gr\u00fcndet nationales Kompetenzzentrum - Schweizer Musikzeitung<\/title>\n<meta name=\"description\" content=\"Das Kompetenzzenturm soll in Fragen der sozialen Sicherheit und der Arbeitsbedingungen in den verschiedenen Sparten orientieren und sensibilisieren.\" \/>\n<meta name=\"robots\" content=\"index, follow, max-snippet:-1, max-image-preview:large, max-video-preview:-1\" \/>\n<link rel=\"canonical\" href=\"https:\/\/www.musikzeitung.ch\/en\/news\/2025\/09\/bund-gruendet-nationales-kompetenzzentrum\/\" \/>\n<meta property=\"og:locale\" content=\"en_US\" \/>\n<meta property=\"og:type\" content=\"article\" \/>\n<meta property=\"og:title\" content=\"Bund gr\u00fcndet nationales Kompetenzzentrum - Schweizer Musikzeitung\" \/>\n<meta property=\"og:description\" content=\"Das Kompetenzzenturm soll in Fragen der sozialen Sicherheit und der Arbeitsbedingungen in den verschiedenen Sparten orientieren und sensibilisieren.\" \/>\n<meta property=\"og:url\" content=\"https:\/\/www.musikzeitung.ch\/en\/news\/2025\/09\/bund-gruendet-nationales-kompetenzzentrum\/\" \/>\n<meta property=\"og:site_name\" content=\"Schweizer Musikzeitung\" \/>\n<meta property=\"article:publisher\" content=\"https:\/\/www.facebook.com\/SchweizerMusikzeitung\/\" \/>\n<meta property=\"article:author\" content=\"https:\/\/www.facebook.com\/wolfgang.bohler.75\" \/>\n<meta property=\"article:published_time\" content=\"2025-09-30T09:23:21+00:00\" \/>\n<meta property=\"article:modified_time\" content=\"2025-09-30T12:52:02+00:00\" \/>\n<meta property=\"og:image\" content=\"https:\/\/www.musikzeitung.ch\/wp-content\/uploads\/2023\/11\/Bundeshaus.jpg\" \/>\n\t<meta property=\"og:image:width\" content=\"906\" \/>\n\t<meta property=\"og:image:height\" content=\"675\" \/>\n\t<meta property=\"og:image:type\" content=\"image\/jpeg\" \/>\n<meta name=\"author\" content=\"Wolfgang B\u00f6hler\" \/>\n<meta name=\"twitter:card\" content=\"summary_large_image\" \/>\n<meta name=\"twitter:creator\" content=\"@smusikzeitung\" \/>\n<meta name=\"twitter:site\" content=\"@smusikzeitung\" \/>\n<meta name=\"twitter:label1\" content=\"Written by\" \/>\n\t<meta name=\"twitter:data1\" content=\"Wolfgang B\u00f6hler\" \/>\n\t<meta name=\"twitter:label2\" content=\"Est. reading time\" \/>\n\t<meta name=\"twitter:data2\" content=\"2 minutes\" \/>\n<script type=\"application\/ld+json\" class=\"yoast-schema-graph\">{\"@context\":\"https:\\\/\\\/schema.org\",\"@graph\":[{\"@type\":\"Article\",\"@id\":\"https:\\\/\\\/www.musikzeitung.ch\\\/news\\\/2025\\\/09\\\/bund-gruendet-nationales-kompetenzzentrum#article\",\"isPartOf\":{\"@id\":\"https:\\\/\\\/www.musikzeitung.ch\\\/news\\\/2025\\\/09\\\/bund-gruendet-nationales-kompetenzzentrum\"},\"author\":{\"name\":\"Wolfgang B\u00f6hler\",\"@id\":\"https:\\\/\\\/www.musikzeitung.ch\\\/#\\\/schema\\\/person\\\/0da4fb82d243f1252850a35d0e87cf0c\"},\"headline\":\"Bund gr\u00fcndet nationales Kompetenzzentrum\",\"datePublished\":\"2025-09-30T09:23:21+00:00\",\"dateModified\":\"2025-09-30T12:52:02+00:00\",\"mainEntityOfPage\":{\"@id\":\"https:\\\/\\\/www.musikzeitung.ch\\\/news\\\/2025\\\/09\\\/bund-gruendet-nationales-kompetenzzentrum\"},\"wordCount\":212,\"publisher\":{\"@id\":\"https:\\\/\\\/www.musikzeitung.ch\\\/#organization\"},\"image\":{\"@id\":\"https:\\\/\\\/www.musikzeitung.ch\\\/news\\\/2025\\\/09\\\/bund-gruendet-nationales-kompetenzzentrum#primaryimage\"},\"thumbnailUrl\":\"https:\\\/\\\/www.musikzeitung.ch\\\/wp-content\\\/uploads\\\/2023\\\/11\\\/Bundeshaus.jpg\",\"keywords\":[\"Bundesamt f\u00fcr Kultur\",\"Suisseculture Sociale\"],\"articleSection\":[\"News\"],\"inLanguage\":\"en-US\"},{\"@type\":\"WebPage\",\"@id\":\"https:\\\/\\\/www.musikzeitung.ch\\\/news\\\/2025\\\/09\\\/bund-gruendet-nationales-kompetenzzentrum\",\"url\":\"https:\\\/\\\/www.musikzeitung.ch\\\/news\\\/2025\\\/09\\\/bund-gruendet-nationales-kompetenzzentrum\",\"name\":\"Bund gr\u00fcndet nationales Kompetenzzentrum - Schweizer Musikzeitung\",\"isPartOf\":{\"@id\":\"https:\\\/\\\/www.musikzeitung.ch\\\/#website\"},\"primaryImageOfPage\":{\"@id\":\"https:\\\/\\\/www.musikzeitung.ch\\\/news\\\/2025\\\/09\\\/bund-gruendet-nationales-kompetenzzentrum#primaryimage\"},\"image\":{\"@id\":\"https:\\\/\\\/www.musikzeitung.ch\\\/news\\\/2025\\\/09\\\/bund-gruendet-nationales-kompetenzzentrum#primaryimage\"},\"thumbnailUrl\":\"https:\\\/\\\/www.musikzeitung.ch\\\/wp-content\\\/uploads\\\/2023\\\/11\\\/Bundeshaus.jpg\",\"datePublished\":\"2025-09-30T09:23:21+00:00\",\"dateModified\":\"2025-09-30T12:52:02+00:00\",\"description\":\"Das Kompetenzzenturm soll in Fragen der sozialen Sicherheit und der Arbeitsbedingungen in den verschiedenen Sparten orientieren und sensibilisieren.\",\"breadcrumb\":{\"@id\":\"https:\\\/\\\/www.musikzeitung.ch\\\/news\\\/2025\\\/09\\\/bund-gruendet-nationales-kompetenzzentrum#breadcrumb\"},\"inLanguage\":\"en-US\",\"potentialAction\":[{\"@type\":\"ReadAction\",\"target\":[\"https:\\\/\\\/www.musikzeitung.ch\\\/news\\\/2025\\\/09\\\/bund-gruendet-nationales-kompetenzzentrum\"]}]},{\"@type\":\"ImageObject\",\"inLanguage\":\"en-US\",\"@id\":\"https:\\\/\\\/www.musikzeitung.ch\\\/news\\\/2025\\\/09\\\/bund-gruendet-nationales-kompetenzzentrum#primaryimage\",\"url\":\"https:\\\/\\\/www.musikzeitung.ch\\\/wp-content\\\/uploads\\\/2023\\\/11\\\/Bundeshaus.jpg\",\"contentUrl\":\"https:\\\/\\\/www.musikzeitung.ch\\\/wp-content\\\/uploads\\\/2023\\\/11\\\/Bundeshaus.jpg\",\"width\":906,\"height\":675},{\"@type\":\"BreadcrumbList\",\"@id\":\"https:\\\/\\\/www.musikzeitung.ch\\\/news\\\/2025\\\/09\\\/bund-gruendet-nationales-kompetenzzentrum#breadcrumb\",\"itemListElement\":[{\"@type\":\"ListItem\",\"position\":1,\"name\":\"Home\",\"item\":\"https:\\\/\\\/www.musikzeitung.ch\\\/\"},{\"@type\":\"ListItem\",\"position\":2,\"name\":\"Bund gr\u00fcndet nationales Kompetenzzentrum\"}]},{\"@type\":\"WebSite\",\"@id\":\"https:\\\/\\\/www.musikzeitung.ch\\\/#website\",\"url\":\"https:\\\/\\\/www.musikzeitung.ch\\\/\",\"name\":\"Schweizer Musikzeitung\",\"description\":\"Die f\u00fchrende sparten\u00fcbergreifende Monatszeitung in der Schweiz f\u00fcr musikalische Fragen.\",\"publisher\":{\"@id\":\"https:\\\/\\\/www.musikzeitung.ch\\\/#organization\"},\"potentialAction\":[{\"@type\":\"SearchAction\",\"target\":{\"@type\":\"EntryPoint\",\"urlTemplate\":\"https:\\\/\\\/www.musikzeitung.ch\\\/?s={search_term_string}\"},\"query-input\":{\"@type\":\"PropertyValueSpecification\",\"valueRequired\":true,\"valueName\":\"search_term_string\"}}],\"inLanguage\":\"en-US\"},{\"@type\":\"Organization\",\"@id\":\"https:\\\/\\\/www.musikzeitung.ch\\\/#organization\",\"name\":\"Schweizer Musikzeitung\",\"url\":\"https:\\\/\\\/www.musikzeitung.ch\\\/\",\"logo\":{\"@type\":\"ImageObject\",\"inLanguage\":\"en-US\",\"@id\":\"https:\\\/\\\/www.musikzeitung.ch\\\/#\\\/schema\\\/logo\\\/image\\\/\",\"url\":\"https:\\\/\\\/www.musikzeitung.ch\\\/wp-content\\\/uploads\\\/2023\\\/01\\\/SMZ_Schriftzug_Sprache.png\",\"contentUrl\":\"https:\\\/\\\/www.musikzeitung.ch\\\/wp-content\\\/uploads\\\/2023\\\/01\\\/SMZ_Schriftzug_Sprache.png\",\"width\":1400,\"height\":279,\"caption\":\"Schweizer Musikzeitung\"},\"image\":{\"@id\":\"https:\\\/\\\/www.musikzeitung.ch\\\/#\\\/schema\\\/logo\\\/image\\\/\"},\"sameAs\":[\"https:\\\/\\\/www.facebook.com\\\/SchweizerMusikzeitung\\\/\",\"https:\\\/\\\/x.com\\\/smusikzeitung\",\"https:\\\/\\\/www.instagram.com\\\/musikzeitung.ch\\\/\"]},{\"@type\":\"Person\",\"@id\":\"https:\\\/\\\/www.musikzeitung.ch\\\/#\\\/schema\\\/person\\\/0da4fb82d243f1252850a35d0e87cf0c\",\"name\":\"Wolfgang B\u00f6hler\",\"image\":{\"@type\":\"ImageObject\",\"inLanguage\":\"en-US\",\"@id\":\"https:\\\/\\\/www.musikzeitung.ch\\\/wp-content\\\/uploads\\\/2023\\\/01\\\/boehler_portraet_web-e1674139782246-96x96.jpg\",\"url\":\"https:\\\/\\\/www.musikzeitung.ch\\\/wp-content\\\/uploads\\\/2023\\\/01\\\/boehler_portraet_web-e1674139782246-96x96.jpg\",\"contentUrl\":\"https:\\\/\\\/www.musikzeitung.ch\\\/wp-content\\\/uploads\\\/2023\\\/01\\\/boehler_portraet_web-e1674139782246-96x96.jpg\",\"caption\":\"Wolfgang B\u00f6hler\"},\"sameAs\":[\"http:\\\/\\\/www.manacanto.ch\",\"https:\\\/\\\/www.facebook.com\\\/wolfgang.bohler.75\"],\"url\":\"https:\\\/\\\/www.musikzeitung.ch\\\/en\\\/author\\\/wolfgang-boehler\"}]}<\/script>\n<!-- \/ Yoast SEO plugin. -->","yoast_head_json":{"title":"Confederation establishes national competence center - Schweizer Musikzeitung","description":"The competence center is intended to provide guidance and raise awareness of social security issues and working conditions in the various sectors.","robots":{"index":"index","follow":"follow","max-snippet":"max-snippet:-1","max-image-preview":"max-image-preview:large","max-video-preview":"max-video-preview:-1"},"canonical":"https:\/\/www.musikzeitung.ch\/en\/news\/2025\/09\/bund-gruendet-nationales-kompetenzzentrum\/","og_locale":"en_US","og_type":"article","og_title":"Bund gr\u00fcndet nationales Kompetenzzentrum - Schweizer Musikzeitung","og_description":"Das Kompetenzzenturm soll in Fragen der sozialen Sicherheit und der Arbeitsbedingungen in den verschiedenen Sparten orientieren und sensibilisieren.","og_url":"https:\/\/www.musikzeitung.ch\/en\/news\/2025\/09\/bund-gruendet-nationales-kompetenzzentrum\/","og_site_name":"Schweizer Musikzeitung","article_publisher":"https:\/\/www.facebook.com\/SchweizerMusikzeitung\/","article_author":"https:\/\/www.facebook.com\/wolfgang.bohler.75","article_published_time":"2025-09-30T09:23:21+00:00","article_modified_time":"2025-09-30T12:52:02+00:00","og_image":[{"width":906,"height":675,"url":"https:\/\/www.musikzeitung.ch\/wp-content\/uploads\/2023\/11\/Bundeshaus.jpg","type":"image\/jpeg"}],"author":"Wolfgang B\u00f6hler","twitter_card":"summary_large_image","twitter_creator":"@smusikzeitung","twitter_site":"@smusikzeitung","twitter_misc":{"Written by":"Wolfgang B\u00f6hler","Est. reading time":"2 minutes"},"schema":{"@context":"https:\/\/schema.org","@graph":[{"@type":"Article","@id":"https:\/\/www.musikzeitung.ch\/news\/2025\/09\/bund-gruendet-nationales-kompetenzzentrum#article","isPartOf":{"@id":"https:\/\/www.musikzeitung.ch\/news\/2025\/09\/bund-gruendet-nationales-kompetenzzentrum"},"author":{"name":"Wolfgang B\u00f6hler","@id":"https:\/\/www.musikzeitung.ch\/#\/schema\/person\/0da4fb82d243f1252850a35d0e87cf0c"},"headline":"Bund gr\u00fcndet nationales Kompetenzzentrum","datePublished":"2025-09-30T09:23:21+00:00","dateModified":"2025-09-30T12:52:02+00:00","mainEntityOfPage":{"@id":"https:\/\/www.musikzeitung.ch\/news\/2025\/09\/bund-gruendet-nationales-kompetenzzentrum"},"wordCount":212,"publisher":{"@id":"https:\/\/www.musikzeitung.ch\/#organization"},"image":{"@id":"https:\/\/www.musikzeitung.ch\/news\/2025\/09\/bund-gruendet-nationales-kompetenzzentrum#primaryimage"},"thumbnailUrl":"https:\/\/www.musikzeitung.ch\/wp-content\/uploads\/2023\/11\/Bundeshaus.jpg","keywords":["Bundesamt f\u00fcr Kultur","Suisseculture Sociale"],"articleSection":["News"],"inLanguage":"en-US"},{"@type":"WebPage","@id":"https:\/\/www.musikzeitung.ch\/news\/2025\/09\/bund-gruendet-nationales-kompetenzzentrum","url":"https:\/\/www.musikzeitung.ch\/news\/2025\/09\/bund-gruendet-nationales-kompetenzzentrum","name":"Confederation establishes national competence center - Schweizer Musikzeitung","isPartOf":{"@id":"https:\/\/www.musikzeitung.ch\/#website"},"primaryImageOfPage":{"@id":"https:\/\/www.musikzeitung.ch\/news\/2025\/09\/bund-gruendet-nationales-kompetenzzentrum#primaryimage"},"image":{"@id":"https:\/\/www.musikzeitung.ch\/news\/2025\/09\/bund-gruendet-nationales-kompetenzzentrum#primaryimage"},"thumbnailUrl":"https:\/\/www.musikzeitung.ch\/wp-content\/uploads\/2023\/11\/Bundeshaus.jpg","datePublished":"2025-09-30T09:23:21+00:00","dateModified":"2025-09-30T12:52:02+00:00","description":"The competence center is intended to provide guidance and raise awareness of social security issues and working conditions in the various sectors.","breadcrumb":{"@id":"https:\/\/www.musikzeitung.ch\/news\/2025\/09\/bund-gruendet-nationales-kompetenzzentrum#breadcrumb"},"inLanguage":"en-US","potentialAction":[{"@type":"ReadAction","target":["https:\/\/www.musikzeitung.ch\/news\/2025\/09\/bund-gruendet-nationales-kompetenzzentrum"]}]},{"@type":"ImageObject","inLanguage":"en-US","@id":"https:\/\/www.musikzeitung.ch\/news\/2025\/09\/bund-gruendet-nationales-kompetenzzentrum#primaryimage","url":"https:\/\/www.musikzeitung.ch\/wp-content\/uploads\/2023\/11\/Bundeshaus.jpg","contentUrl":"https:\/\/www.musikzeitung.ch\/wp-content\/uploads\/2023\/11\/Bundeshaus.jpg","width":906,"height":675},{"@type":"BreadcrumbList","@id":"https:\/\/www.musikzeitung.ch\/news\/2025\/09\/bund-gruendet-nationales-kompetenzzentrum#breadcrumb","itemListElement":[{"@type":"ListItem","position":1,"name":"Home","item":"https:\/\/www.musikzeitung.ch\/"},{"@type":"ListItem","position":2,"name":"Bund gr\u00fcndet nationales Kompetenzzentrum"}]},{"@type":"WebSite","@id":"https:\/\/www.musikzeitung.ch\/#website","url":"https:\/\/www.musikzeitung.ch\/","name":"Swiss Music Newspaper","description":"The leading interdisciplinary monthly newspaper in Switzerland for musical issues.","publisher":{"@id":"https:\/\/www.musikzeitung.ch\/#organization"},"potentialAction":[{"@type":"SearchAction","target":{"@type":"EntryPoint","urlTemplate":"https:\/\/www.musikzeitung.ch\/?s={search_term_string}"},"query-input":{"@type":"PropertyValueSpecification","valueRequired":true,"valueName":"search_term_string"}}],"inLanguage":"en-US"},{"@type":"Organization","@id":"https:\/\/www.musikzeitung.ch\/#organization","name":"Swiss Music Newspaper","url":"https:\/\/www.musikzeitung.ch\/","logo":{"@type":"ImageObject","inLanguage":"en-US","@id":"https:\/\/www.musikzeitung.ch\/#\/schema\/logo\/image\/","url":"https:\/\/www.musikzeitung.ch\/wp-content\/uploads\/2023\/01\/SMZ_Schriftzug_Sprache.png","contentUrl":"https:\/\/www.musikzeitung.ch\/wp-content\/uploads\/2023\/01\/SMZ_Schriftzug_Sprache.png","width":1400,"height":279,"caption":"Schweizer Musikzeitung"},"image":{"@id":"https:\/\/www.musikzeitung.ch\/#\/schema\/logo\/image\/"},"sameAs":["https:\/\/www.facebook.com\/SchweizerMusikzeitung\/","https:\/\/x.com\/smusikzeitung","https:\/\/www.instagram.com\/musikzeitung.ch\/"]},{"@type":"Person","@id":"https:\/\/www.musikzeitung.ch\/#\/schema\/person\/0da4fb82d243f1252850a35d0e87cf0c","name":"Wolfgang B\u00f6hler","image":{"@type":"ImageObject","inLanguage":"en-US","@id":"https:\/\/www.musikzeitung.ch\/wp-content\/uploads\/2023\/01\/boehler_portraet_web-e1674139782246-96x96.jpg","url":"https:\/\/www.musikzeitung.ch\/wp-content\/uploads\/2023\/01\/boehler_portraet_web-e1674139782246-96x96.jpg","contentUrl":"https:\/\/www.musikzeitung.ch\/wp-content\/uploads\/2023\/01\/boehler_portraet_web-e1674139782246-96x96.jpg","caption":"Wolfgang B\u00f6hler"},"sameAs":["http:\/\/www.manacanto.ch","https:\/\/www.facebook.com\/wolfgang.bohler.75"],"url":"https:\/\/www.musikzeitung.ch\/en\/author\/wolfgang-boehler"}]}},"publishpress_future_workflow_manual_trigger":{"enabledWorkflows":[]},"_links":{"self":[{"href":"https:\/\/www.musikzeitung.ch\/en\/wp-json\/wp\/v2\/posts\/67949","targetHints":{"allow":["GET"]}}],"collection":[{"href":"https:\/\/www.musikzeitung.ch\/en\/wp-json\/wp\/v2\/posts"}],"about":[{"href":"https:\/\/www.musikzeitung.ch\/en\/wp-json\/wp\/v2\/types\/post"}],"author":[{"embeddable":true,"href":"https:\/\/www.musikzeitung.ch\/en\/wp-json\/wp\/v2\/users\/30"}],"replies":[{"embeddable":true,"href":"https:\/\/www.musikzeitung.ch\/en\/wp-json\/wp\/v2\/comments?post=67949"}],"version-history":[{"count":4,"href":"https:\/\/www.musikzeitung.ch\/en\/wp-json\/wp\/v2\/posts\/67949\/revisions"}],"predecessor-version":[{"id":67955,"href":"https:\/\/www.musikzeitung.ch\/en\/wp-json\/wp\/v2\/posts\/67949\/revisions\/67955"}],"wp:featuredmedia":[{"embeddable":true,"href":"https:\/\/www.musikzeitung.ch\/en\/wp-json\/wp\/v2\/media\/49890"}],"wp:attachment":[{"href":"https:\/\/www.musikzeitung.ch\/en\/wp-json\/wp\/v2\/media?parent=67949"}],"wp:term":[{"taxonomy":"category","embeddable":true,"href":"https:\/\/www.musikzeitung.ch\/en\/wp-json\/wp\/v2\/categories?post=67949"},{"taxonomy":"post_tag","embeddable":true,"href":"https:\/\/www.musikzeitung.ch\/en\/wp-json\/wp\/v2\/tags?post=67949"}],"curies":[{"name":"wp","href":"https:\/\/api.w.org\/{rel}","templated":true}]}}