{"id":67979,"date":"2025-10-01T06:08:05","date_gmt":"2025-10-01T04:08:05","guid":{"rendered":"https:\/\/www.musikzeitung.ch\/?p=67979"},"modified":"2025-10-01T08:24:08","modified_gmt":"2025-10-01T06:24:08","slug":"alessandra-muenger-gewinnt-reinl-harfenwettbewerb","status":"publish","type":"post","link":"https:\/\/www.musikzeitung.ch\/en\/news\/2025\/10\/alessandra-muenger-gewinnt-reinl-harfenwettbewerb","title":{"rendered":"Alessandra M\u00fcnger wins Reinl harp competition"},"content":{"rendered":"<figure id=\"attachment_67980\" aria-describedby=\"caption-attachment-67980\" style=\"width: 768px\" class=\"wp-caption alignnone\"><img loading=\"lazy\" decoding=\"async\" class=\"size-large wp-image-67980\" src=\"https:\/\/www.musikzeitung.ch\/wp-content\/uploads\/2025\/10\/251010harfe-1024x684.jpg\" alt=\"\" width=\"768\" height=\"513\" srcset=\"https:\/\/www.musikzeitung.ch\/wp-content\/uploads\/2025\/10\/251010harfe-1024x684.jpg 1024w, https:\/\/www.musikzeitung.ch\/wp-content\/uploads\/2025\/10\/251010harfe-300x200.jpg 300w, https:\/\/www.musikzeitung.ch\/wp-content\/uploads\/2025\/10\/251010harfe-600x400.jpg 600w, https:\/\/www.musikzeitung.ch\/wp-content\/uploads\/2025\/10\/251010harfe-768x513.jpg 768w, https:\/\/www.musikzeitung.ch\/wp-content\/uploads\/2025\/10\/251010harfe-18x12.jpg 18w, https:\/\/www.musikzeitung.ch\/wp-content\/uploads\/2025\/10\/251010harfe-262x175.jpg 262w, https:\/\/www.musikzeitung.ch\/wp-content\/uploads\/2025\/10\/251010harfe-524x350.jpg 524w, https:\/\/www.musikzeitung.ch\/wp-content\/uploads\/2025\/10\/251010harfe-920x614.jpg 920w, https:\/\/www.musikzeitung.ch\/wp-content\/uploads\/2025\/10\/251010harfe.jpg 1060w\" sizes=\"auto, (max-width: 768px) 100vw, 768px\" \/><figcaption id=\"caption-attachment-67980\" class=\"wp-caption-text\">Alessandra M\u00fcnger (Image: Nils Mehr)<\/figcaption><\/figure>\n<p>Alessandra M\u00fcnger has been playing the harp since the age of six and took harp lessons at the Zurich Conservatory from 2010 to 2022. In September 2022, she began her bachelor's degree in harp performance with Sarah O'Brien at the Zurich University of the Arts, graduating with distinction in July 2025. Since September 2025, she has been studying for a Master's degree in Performance at the ZHdK.<\/p>\n<p>The Reinl Competition took place for the 20th time this year. It is organized by the Franz Josef Reinl Foundation in cooperation with the University of Music and Performing Arts Vienna. The other winners are Lauren Ashley Swain (USA) in second place and Gabriela Dudziak (Poland) in third place. The first prize is endowed with 3000 euros. The Reinl Composition Prize was also awarded: The winner is Kefal Chen, whose work \"Up Skyward\" was premiered at the competition.<\/p>\n<p>&nbsp;<\/p>","protected":false},"excerpt":{"rendered":"<p>Alessandra M\u00fcnger, a student of Sarah O'Brien at the Zurich University of the Arts, wins first prize at the international Reinl Harp Competition.<\/p>","protected":false},"author":30,"featured_media":67980,"comment_status":"closed","ping_status":"closed","sticky":false,"template":"","format":"standard","meta":{"_acf_changed":false,"_relevanssi_hide_post":"","_relevanssi_hide_content":"","_relevanssi_pin_for_all":"","_relevanssi_pin_keywords":"","_relevanssi_unpin_keywords":"","_relevanssi_related_keywords":"","_relevanssi_related_include_ids":"","_relevanssi_related_exclude_ids":"","_relevanssi_related_no_append":"","_relevanssi_related_not_related":"","_relevanssi_related_posts":"","_relevanssi_noindex_reason":"","pgc_sgb_lightbox_settings":"","footnotes":""},"categories":[27],"tags":[5328,5329],"class_list":["post-67979","post","type-post","status-publish","format-standard","has-post-thumbnail","hentry","category-news","tag-alexandra-muenger","tag-reinl-wettbewerb"],"acf":[],"yoast_head":"<!-- This site is optimized with the Yoast SEO plugin v27.4 - https:\/\/yoast.com\/product\/yoast-seo-wordpress\/ -->\n<title>Alessandra M\u00fcnger gewinnt Reinl-Harfenwettbewerb - Schweizer Musikzeitung<\/title>\n<meta name=\"description\" content=\"Alessandra M\u00fcnger, Studentin von Sarah O&#039;Brien an der Z\u00fcrcher Hochschule der K\u00fcnste, gewinnt am internationalen Reinl-Harfenwettbewerb den ersten Preis.\" \/>\n<meta name=\"robots\" content=\"index, follow, max-snippet:-1, max-image-preview:large, max-video-preview:-1\" \/>\n<link rel=\"canonical\" href=\"https:\/\/www.musikzeitung.ch\/en\/news\/2025\/10\/alessandra-muenger-gewinnt-reinl-harfenwettbewerb\/\" \/>\n<meta property=\"og:locale\" content=\"en_US\" \/>\n<meta property=\"og:type\" content=\"article\" \/>\n<meta property=\"og:title\" content=\"Alessandra M\u00fcnger gewinnt Reinl-Harfenwettbewerb - Schweizer Musikzeitung\" \/>\n<meta property=\"og:description\" content=\"Alessandra M\u00fcnger, Studentin von Sarah O&#039;Brien an der Z\u00fcrcher Hochschule der K\u00fcnste, gewinnt am internationalen Reinl-Harfenwettbewerb den ersten Preis.\" \/>\n<meta property=\"og:url\" content=\"https:\/\/www.musikzeitung.ch\/en\/news\/2025\/10\/alessandra-muenger-gewinnt-reinl-harfenwettbewerb\/\" \/>\n<meta property=\"og:site_name\" content=\"Schweizer Musikzeitung\" \/>\n<meta property=\"article:publisher\" content=\"https:\/\/www.facebook.com\/SchweizerMusikzeitung\/\" \/>\n<meta property=\"article:author\" content=\"https:\/\/www.facebook.com\/wolfgang.bohler.75\" \/>\n<meta property=\"article:published_time\" content=\"2025-10-01T04:08:05+00:00\" \/>\n<meta property=\"article:modified_time\" content=\"2025-10-01T06:24:08+00:00\" \/>\n<meta property=\"og:image\" content=\"https:\/\/www.musikzeitung.ch\/wp-content\/uploads\/2025\/10\/251010harfe.jpg\" \/>\n\t<meta property=\"og:image:width\" content=\"1060\" \/>\n\t<meta property=\"og:image:height\" content=\"708\" \/>\n\t<meta property=\"og:image:type\" content=\"image\/jpeg\" \/>\n<meta name=\"author\" content=\"Wolfgang B\u00f6hler\" \/>\n<meta name=\"twitter:card\" content=\"summary_large_image\" \/>\n<meta name=\"twitter:creator\" content=\"@smusikzeitung\" \/>\n<meta name=\"twitter:site\" content=\"@smusikzeitung\" \/>\n<meta name=\"twitter:label1\" content=\"Written by\" \/>\n\t<meta name=\"twitter:data1\" content=\"Wolfgang B\u00f6hler\" \/>\n\t<meta name=\"twitter:label2\" content=\"Est. reading time\" \/>\n\t<meta name=\"twitter:data2\" content=\"2 minutes\" \/>\n<script type=\"application\/ld+json\" class=\"yoast-schema-graph\">{\"@context\":\"https:\\\/\\\/schema.org\",\"@graph\":[{\"@type\":\"Article\",\"@id\":\"https:\\\/\\\/www.musikzeitung.ch\\\/news\\\/2025\\\/10\\\/alessandra-muenger-gewinnt-reinl-harfenwettbewerb#article\",\"isPartOf\":{\"@id\":\"https:\\\/\\\/www.musikzeitung.ch\\\/news\\\/2025\\\/10\\\/alessandra-muenger-gewinnt-reinl-harfenwettbewerb\"},\"author\":{\"name\":\"Wolfgang B\u00f6hler\",\"@id\":\"https:\\\/\\\/www.musikzeitung.ch\\\/#\\\/schema\\\/person\\\/0da4fb82d243f1252850a35d0e87cf0c\"},\"headline\":\"Alessandra M\u00fcnger gewinnt Reinl-Harfenwettbewerb\",\"datePublished\":\"2025-10-01T04:08:05+00:00\",\"dateModified\":\"2025-10-01T06:24:08+00:00\",\"mainEntityOfPage\":{\"@id\":\"https:\\\/\\\/www.musikzeitung.ch\\\/news\\\/2025\\\/10\\\/alessandra-muenger-gewinnt-reinl-harfenwettbewerb\"},\"wordCount\":150,\"publisher\":{\"@id\":\"https:\\\/\\\/www.musikzeitung.ch\\\/#organization\"},\"image\":{\"@id\":\"https:\\\/\\\/www.musikzeitung.ch\\\/news\\\/2025\\\/10\\\/alessandra-muenger-gewinnt-reinl-harfenwettbewerb#primaryimage\"},\"thumbnailUrl\":\"https:\\\/\\\/www.musikzeitung.ch\\\/wp-content\\\/uploads\\\/2025\\\/10\\\/251010harfe.jpg\",\"keywords\":[\"Alexandra M\u00fcnger\",\"Reinl-Wettbewerb\"],\"articleSection\":[\"News\"],\"inLanguage\":\"en-US\"},{\"@type\":\"WebPage\",\"@id\":\"https:\\\/\\\/www.musikzeitung.ch\\\/news\\\/2025\\\/10\\\/alessandra-muenger-gewinnt-reinl-harfenwettbewerb\",\"url\":\"https:\\\/\\\/www.musikzeitung.ch\\\/news\\\/2025\\\/10\\\/alessandra-muenger-gewinnt-reinl-harfenwettbewerb\",\"name\":\"Alessandra M\u00fcnger gewinnt Reinl-Harfenwettbewerb - Schweizer Musikzeitung\",\"isPartOf\":{\"@id\":\"https:\\\/\\\/www.musikzeitung.ch\\\/#website\"},\"primaryImageOfPage\":{\"@id\":\"https:\\\/\\\/www.musikzeitung.ch\\\/news\\\/2025\\\/10\\\/alessandra-muenger-gewinnt-reinl-harfenwettbewerb#primaryimage\"},\"image\":{\"@id\":\"https:\\\/\\\/www.musikzeitung.ch\\\/news\\\/2025\\\/10\\\/alessandra-muenger-gewinnt-reinl-harfenwettbewerb#primaryimage\"},\"thumbnailUrl\":\"https:\\\/\\\/www.musikzeitung.ch\\\/wp-content\\\/uploads\\\/2025\\\/10\\\/251010harfe.jpg\",\"datePublished\":\"2025-10-01T04:08:05+00:00\",\"dateModified\":\"2025-10-01T06:24:08+00:00\",\"description\":\"Alessandra M\u00fcnger, Studentin von Sarah O'Brien an der Z\u00fcrcher Hochschule der K\u00fcnste, gewinnt am internationalen Reinl-Harfenwettbewerb den ersten Preis.\",\"breadcrumb\":{\"@id\":\"https:\\\/\\\/www.musikzeitung.ch\\\/news\\\/2025\\\/10\\\/alessandra-muenger-gewinnt-reinl-harfenwettbewerb#breadcrumb\"},\"inLanguage\":\"en-US\",\"potentialAction\":[{\"@type\":\"ReadAction\",\"target\":[\"https:\\\/\\\/www.musikzeitung.ch\\\/news\\\/2025\\\/10\\\/alessandra-muenger-gewinnt-reinl-harfenwettbewerb\"]}]},{\"@type\":\"ImageObject\",\"inLanguage\":\"en-US\",\"@id\":\"https:\\\/\\\/www.musikzeitung.ch\\\/news\\\/2025\\\/10\\\/alessandra-muenger-gewinnt-reinl-harfenwettbewerb#primaryimage\",\"url\":\"https:\\\/\\\/www.musikzeitung.ch\\\/wp-content\\\/uploads\\\/2025\\\/10\\\/251010harfe.jpg\",\"contentUrl\":\"https:\\\/\\\/www.musikzeitung.ch\\\/wp-content\\\/uploads\\\/2025\\\/10\\\/251010harfe.jpg\",\"width\":1060,\"height\":708,\"caption\":\"Alessandra M\u00fcnger (Bild: Nils Mehr)\"},{\"@type\":\"BreadcrumbList\",\"@id\":\"https:\\\/\\\/www.musikzeitung.ch\\\/news\\\/2025\\\/10\\\/alessandra-muenger-gewinnt-reinl-harfenwettbewerb#breadcrumb\",\"itemListElement\":[{\"@type\":\"ListItem\",\"position\":1,\"name\":\"Home\",\"item\":\"https:\\\/\\\/www.musikzeitung.ch\\\/\"},{\"@type\":\"ListItem\",\"position\":2,\"name\":\"Alessandra M\u00fcnger gewinnt Reinl-Harfenwettbewerb\"}]},{\"@type\":\"WebSite\",\"@id\":\"https:\\\/\\\/www.musikzeitung.ch\\\/#website\",\"url\":\"https:\\\/\\\/www.musikzeitung.ch\\\/\",\"name\":\"Schweizer Musikzeitung\",\"description\":\"Die f\u00fchrende sparten\u00fcbergreifende Monatszeitung in der Schweiz f\u00fcr musikalische Fragen.\",\"publisher\":{\"@id\":\"https:\\\/\\\/www.musikzeitung.ch\\\/#organization\"},\"potentialAction\":[{\"@type\":\"SearchAction\",\"target\":{\"@type\":\"EntryPoint\",\"urlTemplate\":\"https:\\\/\\\/www.musikzeitung.ch\\\/?s={search_term_string}\"},\"query-input\":{\"@type\":\"PropertyValueSpecification\",\"valueRequired\":true,\"valueName\":\"search_term_string\"}}],\"inLanguage\":\"en-US\"},{\"@type\":\"Organization\",\"@id\":\"https:\\\/\\\/www.musikzeitung.ch\\\/#organization\",\"name\":\"Schweizer Musikzeitung\",\"url\":\"https:\\\/\\\/www.musikzeitung.ch\\\/\",\"logo\":{\"@type\":\"ImageObject\",\"inLanguage\":\"en-US\",\"@id\":\"https:\\\/\\\/www.musikzeitung.ch\\\/#\\\/schema\\\/logo\\\/image\\\/\",\"url\":\"https:\\\/\\\/www.musikzeitung.ch\\\/wp-content\\\/uploads\\\/2023\\\/01\\\/SMZ_Schriftzug_Sprache.png\",\"contentUrl\":\"https:\\\/\\\/www.musikzeitung.ch\\\/wp-content\\\/uploads\\\/2023\\\/01\\\/SMZ_Schriftzug_Sprache.png\",\"width\":1400,\"height\":279,\"caption\":\"Schweizer Musikzeitung\"},\"image\":{\"@id\":\"https:\\\/\\\/www.musikzeitung.ch\\\/#\\\/schema\\\/logo\\\/image\\\/\"},\"sameAs\":[\"https:\\\/\\\/www.facebook.com\\\/SchweizerMusikzeitung\\\/\",\"https:\\\/\\\/x.com\\\/smusikzeitung\",\"https:\\\/\\\/www.instagram.com\\\/musikzeitung.ch\\\/\"]},{\"@type\":\"Person\",\"@id\":\"https:\\\/\\\/www.musikzeitung.ch\\\/#\\\/schema\\\/person\\\/0da4fb82d243f1252850a35d0e87cf0c\",\"name\":\"Wolfgang B\u00f6hler\",\"image\":{\"@type\":\"ImageObject\",\"inLanguage\":\"en-US\",\"@id\":\"https:\\\/\\\/www.musikzeitung.ch\\\/wp-content\\\/uploads\\\/2023\\\/01\\\/boehler_portraet_web-e1674139782246-96x96.jpg\",\"url\":\"https:\\\/\\\/www.musikzeitung.ch\\\/wp-content\\\/uploads\\\/2023\\\/01\\\/boehler_portraet_web-e1674139782246-96x96.jpg\",\"contentUrl\":\"https:\\\/\\\/www.musikzeitung.ch\\\/wp-content\\\/uploads\\\/2023\\\/01\\\/boehler_portraet_web-e1674139782246-96x96.jpg\",\"caption\":\"Wolfgang B\u00f6hler\"},\"sameAs\":[\"http:\\\/\\\/www.manacanto.ch\",\"https:\\\/\\\/www.facebook.com\\\/wolfgang.bohler.75\"],\"url\":\"https:\\\/\\\/www.musikzeitung.ch\\\/en\\\/author\\\/wolfgang-boehler\"}]}<\/script>\n<!-- \/ Yoast SEO plugin. -->","yoast_head_json":{"title":"Alessandra M\u00fcnger wins Reinl harp competition - Schweizer Musikzeitung","description":"Alessandra M\u00fcnger, a student of Sarah O'Brien at the Zurich University of the Arts, wins first prize at the international Reinl Harp Competition.","robots":{"index":"index","follow":"follow","max-snippet":"max-snippet:-1","max-image-preview":"max-image-preview:large","max-video-preview":"max-video-preview:-1"},"canonical":"https:\/\/www.musikzeitung.ch\/en\/news\/2025\/10\/alessandra-muenger-gewinnt-reinl-harfenwettbewerb\/","og_locale":"en_US","og_type":"article","og_title":"Alessandra M\u00fcnger gewinnt Reinl-Harfenwettbewerb - Schweizer Musikzeitung","og_description":"Alessandra M\u00fcnger, Studentin von Sarah O'Brien an der Z\u00fcrcher Hochschule der K\u00fcnste, gewinnt am internationalen Reinl-Harfenwettbewerb den ersten Preis.","og_url":"https:\/\/www.musikzeitung.ch\/en\/news\/2025\/10\/alessandra-muenger-gewinnt-reinl-harfenwettbewerb\/","og_site_name":"Schweizer Musikzeitung","article_publisher":"https:\/\/www.facebook.com\/SchweizerMusikzeitung\/","article_author":"https:\/\/www.facebook.com\/wolfgang.bohler.75","article_published_time":"2025-10-01T04:08:05+00:00","article_modified_time":"2025-10-01T06:24:08+00:00","og_image":[{"width":1060,"height":708,"url":"https:\/\/www.musikzeitung.ch\/wp-content\/uploads\/2025\/10\/251010harfe.jpg","type":"image\/jpeg"}],"author":"Wolfgang B\u00f6hler","twitter_card":"summary_large_image","twitter_creator":"@smusikzeitung","twitter_site":"@smusikzeitung","twitter_misc":{"Written by":"Wolfgang B\u00f6hler","Est. reading time":"2 minutes"},"schema":{"@context":"https:\/\/schema.org","@graph":[{"@type":"Article","@id":"https:\/\/www.musikzeitung.ch\/news\/2025\/10\/alessandra-muenger-gewinnt-reinl-harfenwettbewerb#article","isPartOf":{"@id":"https:\/\/www.musikzeitung.ch\/news\/2025\/10\/alessandra-muenger-gewinnt-reinl-harfenwettbewerb"},"author":{"name":"Wolfgang B\u00f6hler","@id":"https:\/\/www.musikzeitung.ch\/#\/schema\/person\/0da4fb82d243f1252850a35d0e87cf0c"},"headline":"Alessandra M\u00fcnger gewinnt Reinl-Harfenwettbewerb","datePublished":"2025-10-01T04:08:05+00:00","dateModified":"2025-10-01T06:24:08+00:00","mainEntityOfPage":{"@id":"https:\/\/www.musikzeitung.ch\/news\/2025\/10\/alessandra-muenger-gewinnt-reinl-harfenwettbewerb"},"wordCount":150,"publisher":{"@id":"https:\/\/www.musikzeitung.ch\/#organization"},"image":{"@id":"https:\/\/www.musikzeitung.ch\/news\/2025\/10\/alessandra-muenger-gewinnt-reinl-harfenwettbewerb#primaryimage"},"thumbnailUrl":"https:\/\/www.musikzeitung.ch\/wp-content\/uploads\/2025\/10\/251010harfe.jpg","keywords":["Alexandra M\u00fcnger","Reinl-Wettbewerb"],"articleSection":["News"],"inLanguage":"en-US"},{"@type":"WebPage","@id":"https:\/\/www.musikzeitung.ch\/news\/2025\/10\/alessandra-muenger-gewinnt-reinl-harfenwettbewerb","url":"https:\/\/www.musikzeitung.ch\/news\/2025\/10\/alessandra-muenger-gewinnt-reinl-harfenwettbewerb","name":"Alessandra M\u00fcnger wins Reinl harp competition - Schweizer Musikzeitung","isPartOf":{"@id":"https:\/\/www.musikzeitung.ch\/#website"},"primaryImageOfPage":{"@id":"https:\/\/www.musikzeitung.ch\/news\/2025\/10\/alessandra-muenger-gewinnt-reinl-harfenwettbewerb#primaryimage"},"image":{"@id":"https:\/\/www.musikzeitung.ch\/news\/2025\/10\/alessandra-muenger-gewinnt-reinl-harfenwettbewerb#primaryimage"},"thumbnailUrl":"https:\/\/www.musikzeitung.ch\/wp-content\/uploads\/2025\/10\/251010harfe.jpg","datePublished":"2025-10-01T04:08:05+00:00","dateModified":"2025-10-01T06:24:08+00:00","description":"Alessandra M\u00fcnger, a student of Sarah O'Brien at the Zurich University of the Arts, wins first prize at the international Reinl Harp Competition.","breadcrumb":{"@id":"https:\/\/www.musikzeitung.ch\/news\/2025\/10\/alessandra-muenger-gewinnt-reinl-harfenwettbewerb#breadcrumb"},"inLanguage":"en-US","potentialAction":[{"@type":"ReadAction","target":["https:\/\/www.musikzeitung.ch\/news\/2025\/10\/alessandra-muenger-gewinnt-reinl-harfenwettbewerb"]}]},{"@type":"ImageObject","inLanguage":"en-US","@id":"https:\/\/www.musikzeitung.ch\/news\/2025\/10\/alessandra-muenger-gewinnt-reinl-harfenwettbewerb#primaryimage","url":"https:\/\/www.musikzeitung.ch\/wp-content\/uploads\/2025\/10\/251010harfe.jpg","contentUrl":"https:\/\/www.musikzeitung.ch\/wp-content\/uploads\/2025\/10\/251010harfe.jpg","width":1060,"height":708,"caption":"Alessandra M\u00fcnger (Bild: Nils Mehr)"},{"@type":"BreadcrumbList","@id":"https:\/\/www.musikzeitung.ch\/news\/2025\/10\/alessandra-muenger-gewinnt-reinl-harfenwettbewerb#breadcrumb","itemListElement":[{"@type":"ListItem","position":1,"name":"Home","item":"https:\/\/www.musikzeitung.ch\/"},{"@type":"ListItem","position":2,"name":"Alessandra M\u00fcnger gewinnt Reinl-Harfenwettbewerb"}]},{"@type":"WebSite","@id":"https:\/\/www.musikzeitung.ch\/#website","url":"https:\/\/www.musikzeitung.ch\/","name":"Swiss Music Newspaper","description":"The leading interdisciplinary monthly newspaper in Switzerland for musical issues.","publisher":{"@id":"https:\/\/www.musikzeitung.ch\/#organization"},"potentialAction":[{"@type":"SearchAction","target":{"@type":"EntryPoint","urlTemplate":"https:\/\/www.musikzeitung.ch\/?s={search_term_string}"},"query-input":{"@type":"PropertyValueSpecification","valueRequired":true,"valueName":"search_term_string"}}],"inLanguage":"en-US"},{"@type":"Organization","@id":"https:\/\/www.musikzeitung.ch\/#organization","name":"Swiss Music Newspaper","url":"https:\/\/www.musikzeitung.ch\/","logo":{"@type":"ImageObject","inLanguage":"en-US","@id":"https:\/\/www.musikzeitung.ch\/#\/schema\/logo\/image\/","url":"https:\/\/www.musikzeitung.ch\/wp-content\/uploads\/2023\/01\/SMZ_Schriftzug_Sprache.png","contentUrl":"https:\/\/www.musikzeitung.ch\/wp-content\/uploads\/2023\/01\/SMZ_Schriftzug_Sprache.png","width":1400,"height":279,"caption":"Schweizer Musikzeitung"},"image":{"@id":"https:\/\/www.musikzeitung.ch\/#\/schema\/logo\/image\/"},"sameAs":["https:\/\/www.facebook.com\/SchweizerMusikzeitung\/","https:\/\/x.com\/smusikzeitung","https:\/\/www.instagram.com\/musikzeitung.ch\/"]},{"@type":"Person","@id":"https:\/\/www.musikzeitung.ch\/#\/schema\/person\/0da4fb82d243f1252850a35d0e87cf0c","name":"Wolfgang B\u00f6hler","image":{"@type":"ImageObject","inLanguage":"en-US","@id":"https:\/\/www.musikzeitung.ch\/wp-content\/uploads\/2023\/01\/boehler_portraet_web-e1674139782246-96x96.jpg","url":"https:\/\/www.musikzeitung.ch\/wp-content\/uploads\/2023\/01\/boehler_portraet_web-e1674139782246-96x96.jpg","contentUrl":"https:\/\/www.musikzeitung.ch\/wp-content\/uploads\/2023\/01\/boehler_portraet_web-e1674139782246-96x96.jpg","caption":"Wolfgang B\u00f6hler"},"sameAs":["http:\/\/www.manacanto.ch","https:\/\/www.facebook.com\/wolfgang.bohler.75"],"url":"https:\/\/www.musikzeitung.ch\/en\/author\/wolfgang-boehler"}]}},"publishpress_future_workflow_manual_trigger":{"enabledWorkflows":[]},"_links":{"self":[{"href":"https:\/\/www.musikzeitung.ch\/en\/wp-json\/wp\/v2\/posts\/67979","targetHints":{"allow":["GET"]}}],"collection":[{"href":"https:\/\/www.musikzeitung.ch\/en\/wp-json\/wp\/v2\/posts"}],"about":[{"href":"https:\/\/www.musikzeitung.ch\/en\/wp-json\/wp\/v2\/types\/post"}],"author":[{"embeddable":true,"href":"https:\/\/www.musikzeitung.ch\/en\/wp-json\/wp\/v2\/users\/30"}],"replies":[{"embeddable":true,"href":"https:\/\/www.musikzeitung.ch\/en\/wp-json\/wp\/v2\/comments?post=67979"}],"version-history":[{"count":2,"href":"https:\/\/www.musikzeitung.ch\/en\/wp-json\/wp\/v2\/posts\/67979\/revisions"}],"predecessor-version":[{"id":67982,"href":"https:\/\/www.musikzeitung.ch\/en\/wp-json\/wp\/v2\/posts\/67979\/revisions\/67982"}],"wp:featuredmedia":[{"embeddable":true,"href":"https:\/\/www.musikzeitung.ch\/en\/wp-json\/wp\/v2\/media\/67980"}],"wp:attachment":[{"href":"https:\/\/www.musikzeitung.ch\/en\/wp-json\/wp\/v2\/media?parent=67979"}],"wp:term":[{"taxonomy":"category","embeddable":true,"href":"https:\/\/www.musikzeitung.ch\/en\/wp-json\/wp\/v2\/categories?post=67979"},{"taxonomy":"post_tag","embeddable":true,"href":"https:\/\/www.musikzeitung.ch\/en\/wp-json\/wp\/v2\/tags?post=67979"}],"curies":[{"name":"wp","href":"https:\/\/api.w.org\/{rel}","templated":true}]}}