{"id":68128,"date":"2025-10-07T11:38:42","date_gmt":"2025-10-07T09:38:42","guid":{"rendered":"https:\/\/www.musikzeitung.ch\/?p=68128"},"modified":"2025-10-07T14:46:55","modified_gmt":"2025-10-07T12:46:55","slug":"letzte-preisverleihung-der-nico-kaufmann-stiftung","status":"publish","type":"post","link":"https:\/\/www.musikzeitung.ch\/en\/news\/2025\/10\/letzte-preisverleihung-der-nico-kaufmann-stiftung","title":{"rendered":"Last award ceremony of the Nico Kaufmann Foundation"},"content":{"rendered":"<figure id=\"attachment_68129\" aria-describedby=\"caption-attachment-68129\" style=\"width: 768px\" class=\"wp-caption alignnone\"><img loading=\"lazy\" decoding=\"async\" class=\"size-large wp-image-68129\" src=\"https:\/\/www.musikzeitung.ch\/wp-content\/uploads\/2025\/10\/251007tanin-1024x752.jpg\" alt=\"\" width=\"768\" height=\"564\" srcset=\"https:\/\/www.musikzeitung.ch\/wp-content\/uploads\/2025\/10\/251007tanin-1024x752.jpg 1024w, https:\/\/www.musikzeitung.ch\/wp-content\/uploads\/2025\/10\/251007tanin-300x220.jpg 300w, https:\/\/www.musikzeitung.ch\/wp-content\/uploads\/2025\/10\/251007tanin-768x564.jpg 768w, https:\/\/www.musikzeitung.ch\/wp-content\/uploads\/2025\/10\/251007tanin-16x12.jpg 16w, https:\/\/www.musikzeitung.ch\/wp-content\/uploads\/2025\/10\/251007tanin-238x175.jpg 238w, https:\/\/www.musikzeitung.ch\/wp-content\/uploads\/2025\/10\/251007tanin-477x350.jpg 477w, https:\/\/www.musikzeitung.ch\/wp-content\/uploads\/2025\/10\/251007tanin-920x676.jpg 920w, https:\/\/www.musikzeitung.ch\/wp-content\/uploads\/2025\/10\/251007tanin.jpg 1066w\" sizes=\"auto, (max-width: 768px) 100vw, 768px\" \/><figcaption id=\"caption-attachment-68129\" class=\"wp-caption-text\">Sergey Tanin (Image: sergeytanin.com)<\/figcaption><\/figure>\n<p>This year, the contribution of CHF 13,000 will be awarded to Sergey Tanin by Corine Mauch, President of the City and Foundation Board. The award to the young pianist is also a tribute to the legacy and life's work of the founder: Sergey Tanin will perform a song and piano program that sheds light on Nico Kaufmann's musically diverse life - from his beginnings as a classical pianist, to his work as a stage performer in Zurich's Cabaret, to becoming a composer with a language all his own.<\/p>\n<p>Sergey Tanin was born in Yakutia (Siberia) in 1995 and began playing the piano at the age of 5. During his studies with Irina Plotnikova at the Moscow Tchaikovsky Conservatory, he won the European Piano Competition in Bremen in 2016. In 2019, he moved to Switzerland to continue his studies with Claudio Martinez-Mehner as a recipient of the Federal Excellence Scholarship at the Basel Music Academy. In October 2020, Sergey won first prize and the audience prize at the Kissinger Klavierolymp in Bad Kissingen, Bavaria, and stood in for H\u00e9l\u00e8ne Grimaud at her concert in Basel in the same month.<\/p>","protected":false},"excerpt":{"rendered":"<p>The Nico Kaufmann Foundation for the financial support of young talents worthy of support awards a scholarship for the last time before it is dissolved.<\/p>","protected":false},"author":30,"featured_media":68129,"comment_status":"closed","ping_status":"closed","sticky":false,"template":"","format":"standard","meta":{"_acf_changed":false,"_relevanssi_hide_post":"","_relevanssi_hide_content":"","_relevanssi_pin_for_all":"","_relevanssi_pin_keywords":"","_relevanssi_unpin_keywords":"","_relevanssi_related_keywords":"","_relevanssi_related_include_ids":"","_relevanssi_related_exclude_ids":"","_relevanssi_related_no_append":"","_relevanssi_related_not_related":"","_relevanssi_related_posts":"","_relevanssi_noindex_reason":"","pgc_sgb_lightbox_settings":"","footnotes":""},"categories":[27],"tags":[5348,5347],"class_list":["post-68128","post","type-post","status-publish","format-standard","has-post-thumbnail","hentry","category-news","tag-nico-kaufmann-stiftung","tag-sergey-tanin"],"acf":[],"yoast_head":"<!-- This site is optimized with the Yoast SEO plugin v27.4 - https:\/\/yoast.com\/product\/yoast-seo-wordpress\/ -->\n<title>Letzte Preisverleihung der Stiftung Nico Kaufmann - Schweizer Musikzeitung<\/title>\n<meta name=\"description\" content=\"Die Nico-Kaufmann-Stiftung zur finanziellen Unterst\u00fctzung von jungen, f\u00f6rderungsw\u00fcrdigen Talenten verleiht zum letzten Mal ein Stipendium.\" \/>\n<meta name=\"robots\" content=\"index, follow, max-snippet:-1, max-image-preview:large, max-video-preview:-1\" \/>\n<link rel=\"canonical\" href=\"https:\/\/www.musikzeitung.ch\/en\/news\/2025\/10\/letzte-preisverleihung-der-nico-kaufmann-stiftung\/\" \/>\n<meta property=\"og:locale\" content=\"en_US\" \/>\n<meta property=\"og:type\" content=\"article\" \/>\n<meta property=\"og:title\" content=\"Letzte Preisverleihung der Stiftung Nico Kaufmann - Schweizer Musikzeitung\" \/>\n<meta property=\"og:description\" content=\"Die Nico-Kaufmann-Stiftung zur finanziellen Unterst\u00fctzung von jungen, f\u00f6rderungsw\u00fcrdigen Talenten verleiht zum letzten Mal ein Stipendium.\" \/>\n<meta property=\"og:url\" content=\"https:\/\/www.musikzeitung.ch\/en\/news\/2025\/10\/letzte-preisverleihung-der-nico-kaufmann-stiftung\/\" \/>\n<meta property=\"og:site_name\" content=\"Schweizer Musikzeitung\" \/>\n<meta property=\"article:publisher\" content=\"https:\/\/www.facebook.com\/SchweizerMusikzeitung\/\" \/>\n<meta property=\"article:author\" content=\"https:\/\/www.facebook.com\/wolfgang.bohler.75\" \/>\n<meta property=\"article:published_time\" content=\"2025-10-07T09:38:42+00:00\" \/>\n<meta property=\"article:modified_time\" content=\"2025-10-07T12:46:55+00:00\" \/>\n<meta property=\"og:image\" content=\"https:\/\/www.musikzeitung.ch\/wp-content\/uploads\/2025\/10\/251007tanin.jpg\" \/>\n\t<meta property=\"og:image:width\" content=\"1066\" \/>\n\t<meta property=\"og:image:height\" content=\"783\" \/>\n\t<meta property=\"og:image:type\" content=\"image\/jpeg\" \/>\n<meta name=\"author\" content=\"Wolfgang B\u00f6hler\" \/>\n<meta name=\"twitter:card\" content=\"summary_large_image\" \/>\n<meta name=\"twitter:creator\" content=\"@smusikzeitung\" \/>\n<meta name=\"twitter:site\" content=\"@smusikzeitung\" \/>\n<meta name=\"twitter:label1\" content=\"Written by\" \/>\n\t<meta name=\"twitter:data1\" content=\"Wolfgang B\u00f6hler\" \/>\n\t<meta name=\"twitter:label2\" content=\"Est. reading time\" \/>\n\t<meta name=\"twitter:data2\" content=\"2 minutes\" \/>\n<script type=\"application\/ld+json\" class=\"yoast-schema-graph\">{\"@context\":\"https:\\\/\\\/schema.org\",\"@graph\":[{\"@type\":\"Article\",\"@id\":\"https:\\\/\\\/www.musikzeitung.ch\\\/news\\\/2025\\\/10\\\/letzte-preisverleihung-der-nico-kaufmann-stiftung#article\",\"isPartOf\":{\"@id\":\"https:\\\/\\\/www.musikzeitung.ch\\\/news\\\/2025\\\/10\\\/letzte-preisverleihung-der-nico-kaufmann-stiftung\"},\"author\":{\"name\":\"Wolfgang B\u00f6hler\",\"@id\":\"https:\\\/\\\/www.musikzeitung.ch\\\/#\\\/schema\\\/person\\\/0da4fb82d243f1252850a35d0e87cf0c\"},\"headline\":\"Letzte Preisverleihung der Stiftung Nico Kaufmann\",\"datePublished\":\"2025-10-07T09:38:42+00:00\",\"dateModified\":\"2025-10-07T12:46:55+00:00\",\"mainEntityOfPage\":{\"@id\":\"https:\\\/\\\/www.musikzeitung.ch\\\/news\\\/2025\\\/10\\\/letzte-preisverleihung-der-nico-kaufmann-stiftung\"},\"wordCount\":191,\"publisher\":{\"@id\":\"https:\\\/\\\/www.musikzeitung.ch\\\/#organization\"},\"image\":{\"@id\":\"https:\\\/\\\/www.musikzeitung.ch\\\/news\\\/2025\\\/10\\\/letzte-preisverleihung-der-nico-kaufmann-stiftung#primaryimage\"},\"thumbnailUrl\":\"https:\\\/\\\/www.musikzeitung.ch\\\/wp-content\\\/uploads\\\/2025\\\/10\\\/251007tanin.jpg\",\"keywords\":[\"Nico Kaufmann Stiftung\",\"Sergey Tanin\"],\"articleSection\":[\"News\"],\"inLanguage\":\"en-US\"},{\"@type\":\"WebPage\",\"@id\":\"https:\\\/\\\/www.musikzeitung.ch\\\/news\\\/2025\\\/10\\\/letzte-preisverleihung-der-nico-kaufmann-stiftung\",\"url\":\"https:\\\/\\\/www.musikzeitung.ch\\\/news\\\/2025\\\/10\\\/letzte-preisverleihung-der-nico-kaufmann-stiftung\",\"name\":\"Letzte Preisverleihung der Stiftung Nico Kaufmann - Schweizer Musikzeitung\",\"isPartOf\":{\"@id\":\"https:\\\/\\\/www.musikzeitung.ch\\\/#website\"},\"primaryImageOfPage\":{\"@id\":\"https:\\\/\\\/www.musikzeitung.ch\\\/news\\\/2025\\\/10\\\/letzte-preisverleihung-der-nico-kaufmann-stiftung#primaryimage\"},\"image\":{\"@id\":\"https:\\\/\\\/www.musikzeitung.ch\\\/news\\\/2025\\\/10\\\/letzte-preisverleihung-der-nico-kaufmann-stiftung#primaryimage\"},\"thumbnailUrl\":\"https:\\\/\\\/www.musikzeitung.ch\\\/wp-content\\\/uploads\\\/2025\\\/10\\\/251007tanin.jpg\",\"datePublished\":\"2025-10-07T09:38:42+00:00\",\"dateModified\":\"2025-10-07T12:46:55+00:00\",\"description\":\"Die Nico-Kaufmann-Stiftung zur finanziellen Unterst\u00fctzung von jungen, f\u00f6rderungsw\u00fcrdigen Talenten verleiht zum letzten Mal ein Stipendium.\",\"breadcrumb\":{\"@id\":\"https:\\\/\\\/www.musikzeitung.ch\\\/news\\\/2025\\\/10\\\/letzte-preisverleihung-der-nico-kaufmann-stiftung#breadcrumb\"},\"inLanguage\":\"en-US\",\"potentialAction\":[{\"@type\":\"ReadAction\",\"target\":[\"https:\\\/\\\/www.musikzeitung.ch\\\/news\\\/2025\\\/10\\\/letzte-preisverleihung-der-nico-kaufmann-stiftung\"]}]},{\"@type\":\"ImageObject\",\"inLanguage\":\"en-US\",\"@id\":\"https:\\\/\\\/www.musikzeitung.ch\\\/news\\\/2025\\\/10\\\/letzte-preisverleihung-der-nico-kaufmann-stiftung#primaryimage\",\"url\":\"https:\\\/\\\/www.musikzeitung.ch\\\/wp-content\\\/uploads\\\/2025\\\/10\\\/251007tanin.jpg\",\"contentUrl\":\"https:\\\/\\\/www.musikzeitung.ch\\\/wp-content\\\/uploads\\\/2025\\\/10\\\/251007tanin.jpg\",\"width\":1066,\"height\":783,\"caption\":\"Sergey Tanin (Bild: sergeytanin.com)\"},{\"@type\":\"BreadcrumbList\",\"@id\":\"https:\\\/\\\/www.musikzeitung.ch\\\/news\\\/2025\\\/10\\\/letzte-preisverleihung-der-nico-kaufmann-stiftung#breadcrumb\",\"itemListElement\":[{\"@type\":\"ListItem\",\"position\":1,\"name\":\"Home\",\"item\":\"https:\\\/\\\/www.musikzeitung.ch\\\/\"},{\"@type\":\"ListItem\",\"position\":2,\"name\":\"Letzte Preisverleihung der Stiftung Nico Kaufmann\"}]},{\"@type\":\"WebSite\",\"@id\":\"https:\\\/\\\/www.musikzeitung.ch\\\/#website\",\"url\":\"https:\\\/\\\/www.musikzeitung.ch\\\/\",\"name\":\"Schweizer Musikzeitung\",\"description\":\"Die f\u00fchrende sparten\u00fcbergreifende Monatszeitung in der Schweiz f\u00fcr musikalische Fragen.\",\"publisher\":{\"@id\":\"https:\\\/\\\/www.musikzeitung.ch\\\/#organization\"},\"potentialAction\":[{\"@type\":\"SearchAction\",\"target\":{\"@type\":\"EntryPoint\",\"urlTemplate\":\"https:\\\/\\\/www.musikzeitung.ch\\\/?s={search_term_string}\"},\"query-input\":{\"@type\":\"PropertyValueSpecification\",\"valueRequired\":true,\"valueName\":\"search_term_string\"}}],\"inLanguage\":\"en-US\"},{\"@type\":\"Organization\",\"@id\":\"https:\\\/\\\/www.musikzeitung.ch\\\/#organization\",\"name\":\"Schweizer Musikzeitung\",\"url\":\"https:\\\/\\\/www.musikzeitung.ch\\\/\",\"logo\":{\"@type\":\"ImageObject\",\"inLanguage\":\"en-US\",\"@id\":\"https:\\\/\\\/www.musikzeitung.ch\\\/#\\\/schema\\\/logo\\\/image\\\/\",\"url\":\"https:\\\/\\\/www.musikzeitung.ch\\\/wp-content\\\/uploads\\\/2023\\\/01\\\/SMZ_Schriftzug_Sprache.png\",\"contentUrl\":\"https:\\\/\\\/www.musikzeitung.ch\\\/wp-content\\\/uploads\\\/2023\\\/01\\\/SMZ_Schriftzug_Sprache.png\",\"width\":1400,\"height\":279,\"caption\":\"Schweizer Musikzeitung\"},\"image\":{\"@id\":\"https:\\\/\\\/www.musikzeitung.ch\\\/#\\\/schema\\\/logo\\\/image\\\/\"},\"sameAs\":[\"https:\\\/\\\/www.facebook.com\\\/SchweizerMusikzeitung\\\/\",\"https:\\\/\\\/x.com\\\/smusikzeitung\",\"https:\\\/\\\/www.instagram.com\\\/musikzeitung.ch\\\/\"]},{\"@type\":\"Person\",\"@id\":\"https:\\\/\\\/www.musikzeitung.ch\\\/#\\\/schema\\\/person\\\/0da4fb82d243f1252850a35d0e87cf0c\",\"name\":\"Wolfgang B\u00f6hler\",\"image\":{\"@type\":\"ImageObject\",\"inLanguage\":\"en-US\",\"@id\":\"https:\\\/\\\/www.musikzeitung.ch\\\/wp-content\\\/uploads\\\/2023\\\/01\\\/boehler_portraet_web-e1674139782246-96x96.jpg\",\"url\":\"https:\\\/\\\/www.musikzeitung.ch\\\/wp-content\\\/uploads\\\/2023\\\/01\\\/boehler_portraet_web-e1674139782246-96x96.jpg\",\"contentUrl\":\"https:\\\/\\\/www.musikzeitung.ch\\\/wp-content\\\/uploads\\\/2023\\\/01\\\/boehler_portraet_web-e1674139782246-96x96.jpg\",\"caption\":\"Wolfgang B\u00f6hler\"},\"sameAs\":[\"http:\\\/\\\/www.manacanto.ch\",\"https:\\\/\\\/www.facebook.com\\\/wolfgang.bohler.75\"],\"url\":\"https:\\\/\\\/www.musikzeitung.ch\\\/en\\\/author\\\/wolfgang-boehler\"}]}<\/script>\n<!-- \/ Yoast SEO plugin. -->","yoast_head_json":{"title":"Last award ceremony of the Nico Kaufmann Foundation - Schweizer Musikzeitung","description":"The Nico Kaufmann Foundation for the financial support of young talents worthy of support awards a scholarship for the last time.","robots":{"index":"index","follow":"follow","max-snippet":"max-snippet:-1","max-image-preview":"max-image-preview:large","max-video-preview":"max-video-preview:-1"},"canonical":"https:\/\/www.musikzeitung.ch\/en\/news\/2025\/10\/letzte-preisverleihung-der-nico-kaufmann-stiftung\/","og_locale":"en_US","og_type":"article","og_title":"Letzte Preisverleihung der Stiftung Nico Kaufmann - Schweizer Musikzeitung","og_description":"Die Nico-Kaufmann-Stiftung zur finanziellen Unterst\u00fctzung von jungen, f\u00f6rderungsw\u00fcrdigen Talenten verleiht zum letzten Mal ein Stipendium.","og_url":"https:\/\/www.musikzeitung.ch\/en\/news\/2025\/10\/letzte-preisverleihung-der-nico-kaufmann-stiftung\/","og_site_name":"Schweizer Musikzeitung","article_publisher":"https:\/\/www.facebook.com\/SchweizerMusikzeitung\/","article_author":"https:\/\/www.facebook.com\/wolfgang.bohler.75","article_published_time":"2025-10-07T09:38:42+00:00","article_modified_time":"2025-10-07T12:46:55+00:00","og_image":[{"width":1066,"height":783,"url":"https:\/\/www.musikzeitung.ch\/wp-content\/uploads\/2025\/10\/251007tanin.jpg","type":"image\/jpeg"}],"author":"Wolfgang B\u00f6hler","twitter_card":"summary_large_image","twitter_creator":"@smusikzeitung","twitter_site":"@smusikzeitung","twitter_misc":{"Written by":"Wolfgang B\u00f6hler","Est. reading time":"2 minutes"},"schema":{"@context":"https:\/\/schema.org","@graph":[{"@type":"Article","@id":"https:\/\/www.musikzeitung.ch\/news\/2025\/10\/letzte-preisverleihung-der-nico-kaufmann-stiftung#article","isPartOf":{"@id":"https:\/\/www.musikzeitung.ch\/news\/2025\/10\/letzte-preisverleihung-der-nico-kaufmann-stiftung"},"author":{"name":"Wolfgang B\u00f6hler","@id":"https:\/\/www.musikzeitung.ch\/#\/schema\/person\/0da4fb82d243f1252850a35d0e87cf0c"},"headline":"Letzte Preisverleihung der Stiftung Nico Kaufmann","datePublished":"2025-10-07T09:38:42+00:00","dateModified":"2025-10-07T12:46:55+00:00","mainEntityOfPage":{"@id":"https:\/\/www.musikzeitung.ch\/news\/2025\/10\/letzte-preisverleihung-der-nico-kaufmann-stiftung"},"wordCount":191,"publisher":{"@id":"https:\/\/www.musikzeitung.ch\/#organization"},"image":{"@id":"https:\/\/www.musikzeitung.ch\/news\/2025\/10\/letzte-preisverleihung-der-nico-kaufmann-stiftung#primaryimage"},"thumbnailUrl":"https:\/\/www.musikzeitung.ch\/wp-content\/uploads\/2025\/10\/251007tanin.jpg","keywords":["Nico Kaufmann Stiftung","Sergey Tanin"],"articleSection":["News"],"inLanguage":"en-US"},{"@type":"WebPage","@id":"https:\/\/www.musikzeitung.ch\/news\/2025\/10\/letzte-preisverleihung-der-nico-kaufmann-stiftung","url":"https:\/\/www.musikzeitung.ch\/news\/2025\/10\/letzte-preisverleihung-der-nico-kaufmann-stiftung","name":"Last award ceremony of the Nico Kaufmann Foundation - Schweizer Musikzeitung","isPartOf":{"@id":"https:\/\/www.musikzeitung.ch\/#website"},"primaryImageOfPage":{"@id":"https:\/\/www.musikzeitung.ch\/news\/2025\/10\/letzte-preisverleihung-der-nico-kaufmann-stiftung#primaryimage"},"image":{"@id":"https:\/\/www.musikzeitung.ch\/news\/2025\/10\/letzte-preisverleihung-der-nico-kaufmann-stiftung#primaryimage"},"thumbnailUrl":"https:\/\/www.musikzeitung.ch\/wp-content\/uploads\/2025\/10\/251007tanin.jpg","datePublished":"2025-10-07T09:38:42+00:00","dateModified":"2025-10-07T12:46:55+00:00","description":"The Nico Kaufmann Foundation for the financial support of young talents worthy of support awards a scholarship for the last time.","breadcrumb":{"@id":"https:\/\/www.musikzeitung.ch\/news\/2025\/10\/letzte-preisverleihung-der-nico-kaufmann-stiftung#breadcrumb"},"inLanguage":"en-US","potentialAction":[{"@type":"ReadAction","target":["https:\/\/www.musikzeitung.ch\/news\/2025\/10\/letzte-preisverleihung-der-nico-kaufmann-stiftung"]}]},{"@type":"ImageObject","inLanguage":"en-US","@id":"https:\/\/www.musikzeitung.ch\/news\/2025\/10\/letzte-preisverleihung-der-nico-kaufmann-stiftung#primaryimage","url":"https:\/\/www.musikzeitung.ch\/wp-content\/uploads\/2025\/10\/251007tanin.jpg","contentUrl":"https:\/\/www.musikzeitung.ch\/wp-content\/uploads\/2025\/10\/251007tanin.jpg","width":1066,"height":783,"caption":"Sergey Tanin (Bild: sergeytanin.com)"},{"@type":"BreadcrumbList","@id":"https:\/\/www.musikzeitung.ch\/news\/2025\/10\/letzte-preisverleihung-der-nico-kaufmann-stiftung#breadcrumb","itemListElement":[{"@type":"ListItem","position":1,"name":"Home","item":"https:\/\/www.musikzeitung.ch\/"},{"@type":"ListItem","position":2,"name":"Letzte Preisverleihung der Stiftung Nico Kaufmann"}]},{"@type":"WebSite","@id":"https:\/\/www.musikzeitung.ch\/#website","url":"https:\/\/www.musikzeitung.ch\/","name":"Swiss Music Newspaper","description":"The leading interdisciplinary monthly newspaper in Switzerland for musical issues.","publisher":{"@id":"https:\/\/www.musikzeitung.ch\/#organization"},"potentialAction":[{"@type":"SearchAction","target":{"@type":"EntryPoint","urlTemplate":"https:\/\/www.musikzeitung.ch\/?s={search_term_string}"},"query-input":{"@type":"PropertyValueSpecification","valueRequired":true,"valueName":"search_term_string"}}],"inLanguage":"en-US"},{"@type":"Organization","@id":"https:\/\/www.musikzeitung.ch\/#organization","name":"Swiss Music Newspaper","url":"https:\/\/www.musikzeitung.ch\/","logo":{"@type":"ImageObject","inLanguage":"en-US","@id":"https:\/\/www.musikzeitung.ch\/#\/schema\/logo\/image\/","url":"https:\/\/www.musikzeitung.ch\/wp-content\/uploads\/2023\/01\/SMZ_Schriftzug_Sprache.png","contentUrl":"https:\/\/www.musikzeitung.ch\/wp-content\/uploads\/2023\/01\/SMZ_Schriftzug_Sprache.png","width":1400,"height":279,"caption":"Schweizer Musikzeitung"},"image":{"@id":"https:\/\/www.musikzeitung.ch\/#\/schema\/logo\/image\/"},"sameAs":["https:\/\/www.facebook.com\/SchweizerMusikzeitung\/","https:\/\/x.com\/smusikzeitung","https:\/\/www.instagram.com\/musikzeitung.ch\/"]},{"@type":"Person","@id":"https:\/\/www.musikzeitung.ch\/#\/schema\/person\/0da4fb82d243f1252850a35d0e87cf0c","name":"Wolfgang B\u00f6hler","image":{"@type":"ImageObject","inLanguage":"en-US","@id":"https:\/\/www.musikzeitung.ch\/wp-content\/uploads\/2023\/01\/boehler_portraet_web-e1674139782246-96x96.jpg","url":"https:\/\/www.musikzeitung.ch\/wp-content\/uploads\/2023\/01\/boehler_portraet_web-e1674139782246-96x96.jpg","contentUrl":"https:\/\/www.musikzeitung.ch\/wp-content\/uploads\/2023\/01\/boehler_portraet_web-e1674139782246-96x96.jpg","caption":"Wolfgang B\u00f6hler"},"sameAs":["http:\/\/www.manacanto.ch","https:\/\/www.facebook.com\/wolfgang.bohler.75"],"url":"https:\/\/www.musikzeitung.ch\/en\/author\/wolfgang-boehler"}]}},"publishpress_future_workflow_manual_trigger":{"enabledWorkflows":[]},"_links":{"self":[{"href":"https:\/\/www.musikzeitung.ch\/en\/wp-json\/wp\/v2\/posts\/68128","targetHints":{"allow":["GET"]}}],"collection":[{"href":"https:\/\/www.musikzeitung.ch\/en\/wp-json\/wp\/v2\/posts"}],"about":[{"href":"https:\/\/www.musikzeitung.ch\/en\/wp-json\/wp\/v2\/types\/post"}],"author":[{"embeddable":true,"href":"https:\/\/www.musikzeitung.ch\/en\/wp-json\/wp\/v2\/users\/30"}],"replies":[{"embeddable":true,"href":"https:\/\/www.musikzeitung.ch\/en\/wp-json\/wp\/v2\/comments?post=68128"}],"version-history":[{"count":4,"href":"https:\/\/www.musikzeitung.ch\/en\/wp-json\/wp\/v2\/posts\/68128\/revisions"}],"predecessor-version":[{"id":68135,"href":"https:\/\/www.musikzeitung.ch\/en\/wp-json\/wp\/v2\/posts\/68128\/revisions\/68135"}],"wp:featuredmedia":[{"embeddable":true,"href":"https:\/\/www.musikzeitung.ch\/en\/wp-json\/wp\/v2\/media\/68129"}],"wp:attachment":[{"href":"https:\/\/www.musikzeitung.ch\/en\/wp-json\/wp\/v2\/media?parent=68128"}],"wp:term":[{"taxonomy":"category","embeddable":true,"href":"https:\/\/www.musikzeitung.ch\/en\/wp-json\/wp\/v2\/categories?post=68128"},{"taxonomy":"post_tag","embeddable":true,"href":"https:\/\/www.musikzeitung.ch\/en\/wp-json\/wp\/v2\/tags?post=68128"}],"curies":[{"name":"wp","href":"https:\/\/api.w.org\/{rel}","templated":true}]}}