{"id":68258,"date":"2025-10-20T11:47:20","date_gmt":"2025-10-20T09:47:20","guid":{"rendered":"https:\/\/www.musikzeitung.ch\/?p=68258"},"modified":"2025-10-15T12:19:44","modified_gmt":"2025-10-15T10:19:44","slug":"rokoko-fuer-floete-oder-violine","status":"publish","type":"post","link":"https:\/\/www.musikzeitung.ch\/en\/rezensionen\/noten-rezensionen\/2025\/10\/rokoko-fuer-floete-oder-violine","title":{"rendered":"Rococo for flute or violin"},"content":{"rendered":"<figure id=\"attachment_68261\" aria-describedby=\"caption-attachment-68261\" style=\"width: 1071px\" class=\"wp-caption alignnone\"><img loading=\"lazy\" decoding=\"async\" class=\"wp-image-68261 size-full\" src=\"https:\/\/www.musikzeitung.ch\/wp-content\/uploads\/2025\/10\/Gaspard_Fritz_silhouette.jpg\" alt=\"\" width=\"1071\" height=\"746\" srcset=\"https:\/\/www.musikzeitung.ch\/wp-content\/uploads\/2025\/10\/Gaspard_Fritz_silhouette.jpg 1071w, https:\/\/www.musikzeitung.ch\/wp-content\/uploads\/2025\/10\/Gaspard_Fritz_silhouette-300x209.jpg 300w, https:\/\/www.musikzeitung.ch\/wp-content\/uploads\/2025\/10\/Gaspard_Fritz_silhouette-1024x713.jpg 1024w, https:\/\/www.musikzeitung.ch\/wp-content\/uploads\/2025\/10\/Gaspard_Fritz_silhouette-768x535.jpg 768w, https:\/\/www.musikzeitung.ch\/wp-content\/uploads\/2025\/10\/Gaspard_Fritz_silhouette-18x12.jpg 18w, https:\/\/www.musikzeitung.ch\/wp-content\/uploads\/2025\/10\/Gaspard_Fritz_silhouette-251x175.jpg 251w, https:\/\/www.musikzeitung.ch\/wp-content\/uploads\/2025\/10\/Gaspard_Fritz_silhouette-502x350.jpg 502w, https:\/\/www.musikzeitung.ch\/wp-content\/uploads\/2025\/10\/Gaspard_Fritz_silhouette-920x641.jpg 920w\" sizes=\"auto, (max-width: 1071px) 100vw, 1071px\" \/><figcaption id=\"caption-attachment-68261\" class=\"wp-caption-text\">Silhouette by Gasparo Fritz, around 1770, attributed to Jean Huber. Source: <a href=\"https:\/\/commons.wikimedia.org\/wiki\/File:Gaspard_Fritz_(silhouette).jpg\" target=\"_blank\" rel=\"noopener\">Revue musicale de Suisse romande \/ wikimedia commons<\/a><\/figcaption><\/figure>\n<p>The Geneva-born composer Gasparo Fritz (1716-1783) became particularly well known for his chamber music. He came from a musical dynasty, received a profound musical education and studied the violin in Italy with Giovanni Battista Somis, a pupil of Arcangelo Corelli. It can be said that the author's Italian influence is also clearly audible in his style and is evident in the melodic design and structural clarity of his works.<\/p>\n<p>Published by Michael Biehl and Claire Genewein in collaboration with Peter Schmid, the <em>VI Sonata a Violino o Flauto Traversiere solo col Basso <\/em>op. 2 are among the composer's most outstanding works. Players have the choice between violin and flute as solo instruments. In some passages, alternative versions are given depending on the instrument.<\/p>\n<h3>Character<\/h3>\n<p>Nicola Schneider explains in the preface that the concept of a musical rococo undoubtedly applies to these sonatas. They often manifest a form of elegance that is considered characteristic of the transitional phase to the Classical period. Baroque formal rigor is combined with gallant lines, clear melodies and dialogic interplay. The flute is often led in a lively musical dialog with the bass voice with a distinctly fine feeling for cantabile lines, for example in the Andante in the 1st Sonata.<\/p>\n<p>All of Gasparo Fritz's sonatas display galant elements, for example in ornamentation, lightness, dance-like rhythms and a certain grace. In addition, colorfulness is created by the numerous written-out ornaments as well as a longer composed cadenza in the Adagio of the 2nd sonata. The rapid changes of affect and the varied articulation often have the narrative effect of a story with many facets. The movement models are mostly in three movements and sometimes lead to a playful final movement with virtuoso variations, such as in the 4th sonata.<\/p>\n<h3>Echoes<\/h3>\n<p>Two significant parallels to other flute sonatas that last for several bars are striking: The first bars of the Andante from the 4th sonata are similar to the opening theme of Johann Sebastian Bach's Sonata in B minor BWV 1030 and in the cantabile Largo of the 2nd sonata there is an audible echo of the Siciliano from the Flute Sonata in E flat major BWV 1031 attributed to Carl Philipp Emanuel Bach.<\/p>\n<h3>Source situation<\/h3>\n<p>The first publication of these sonatas to feature a suspended continuo was the work by Frank Martin. Michael Biehl's intention with his continuo realization is to give a wider audience the opportunity to interpret the work and points out that this is only one possibility and that the figures could not have been written by Gaspard Fritz, but by his editor, as no autograph of the sonatas exists.<\/p>\n<p>The lavish edition published by Schmid &amp; Genewein in Zurich is based on the original print with an upper part and a figured bass, which is kept in the Zentralbibliothek Z\u00fcrich, and also adopts its dynamic indications. It includes as scores the upper part with the continuo set out by Michael Biehl and, in accordance with the original, the upper part with figured bass, in two copies for the convenience of performers. A detailed critical report with numerous notes on the sonatas rounds off this new edition, which is successful in every respect.<\/p>\n<p><img loading=\"lazy\" decoding=\"async\" class=\"wp-image-68259 size-medium aligncenter\" src=\"https:\/\/www.musikzeitung.ch\/wp-content\/uploads\/2025\/10\/10_crit_note_Weisshaupt-227x300.jpg\" alt=\"\" width=\"227\" height=\"300\" srcset=\"https:\/\/www.musikzeitung.ch\/wp-content\/uploads\/2025\/10\/10_crit_note_Weisshaupt-227x300.jpg 227w, https:\/\/www.musikzeitung.ch\/wp-content\/uploads\/2025\/10\/10_crit_note_Weisshaupt-776x1024.jpg 776w, https:\/\/www.musikzeitung.ch\/wp-content\/uploads\/2025\/10\/10_crit_note_Weisshaupt-768x1013.jpg 768w, https:\/\/www.musikzeitung.ch\/wp-content\/uploads\/2025\/10\/10_crit_note_Weisshaupt-9x12.jpg 9w, https:\/\/www.musikzeitung.ch\/wp-content\/uploads\/2025\/10\/10_crit_note_Weisshaupt-133x175.jpg 133w, https:\/\/www.musikzeitung.ch\/wp-content\/uploads\/2025\/10\/10_crit_note_Weisshaupt-265x350.jpg 265w, https:\/\/www.musikzeitung.ch\/wp-content\/uploads\/2025\/10\/10_crit_note_Weisshaupt-606x800.jpg 606w, https:\/\/www.musikzeitung.ch\/wp-content\/uploads\/2025\/10\/10_crit_note_Weisshaupt-920x1214.jpg 920w, https:\/\/www.musikzeitung.ch\/wp-content\/uploads\/2025\/10\/10_crit_note_Weisshaupt-300x396.jpg 300w, https:\/\/www.musikzeitung.ch\/wp-content\/uploads\/2025\/10\/10_crit_note_Weisshaupt.jpg 758w\" sizes=\"auto, (max-width: 227px) 100vw, 227px\" \/><\/p>\n<p><em>Gasparo Fritz: VI Sonate a Violino o Flauto Traversiere solo col Basso, edited by Michael Biehl and Claire Genewein, SG010, Fr. 54.00, Schmid &amp; Genewein, Zurich<\/em><\/p>\n<p>&nbsp;<\/p>\n<p>&nbsp;<\/p>","protected":false},"excerpt":{"rendered":"<p>The Zurich publisher Schmid &amp; Genewein has reissued Gasparo Fritz's Opus 2: six sonatas that can be classified as rococo.<\/p>","protected":false},"author":29,"featured_media":0,"comment_status":"closed","ping_status":"closed","sticky":false,"template":"","format":"standard","meta":{"_acf_changed":false,"_relevanssi_hide_post":"","_relevanssi_hide_content":"","_relevanssi_pin_for_all":"","_relevanssi_pin_keywords":"","_relevanssi_unpin_keywords":"","_relevanssi_related_keywords":"","_relevanssi_related_include_ids":"","_relevanssi_related_exclude_ids":"","_relevanssi_related_no_append":"","_relevanssi_related_not_related":"","_relevanssi_related_posts":"","_relevanssi_noindex_reason":"","pgc_sgb_lightbox_settings":"","footnotes":""},"categories":[1316,29],"tags":[5369],"class_list":["post-68258","post","type-post","status-publish","format-standard","hentry","category-noten-rezensionen","category-rezensionen","tag-gasparo-fritz"],"acf":[],"yoast_head":"<!-- This site is optimized with the Yoast SEO plugin v27.5 - https:\/\/yoast.com\/product\/yoast-seo-wordpress\/ -->\n<title>Rokoko f\u00fcr Fl\u00f6te oder Violine - Schweizer Musikzeitung<\/title>\n<meta name=\"description\" content=\"Der Z\u00fcrcher Verlag Schmid &amp; Genewein hat Gasparo Fritz\u2019 Opus 2 neu herausgegeben: sechs Sonaten, die dem musikalischen Rokoko zugeordnet werden k\u00f6nnen.\" \/>\n<meta name=\"robots\" content=\"index, follow, max-snippet:-1, max-image-preview:large, max-video-preview:-1\" \/>\n<link rel=\"canonical\" href=\"https:\/\/www.musikzeitung.ch\/en\/rezensionen\/noten-rezensionen\/2025\/10\/rokoko-fuer-floete-oder-violine\/\" \/>\n<meta property=\"og:locale\" content=\"en_US\" \/>\n<meta property=\"og:type\" content=\"article\" \/>\n<meta property=\"og:title\" content=\"Rokoko f\u00fcr Fl\u00f6te oder Violine - Schweizer Musikzeitung\" \/>\n<meta property=\"og:description\" content=\"Der Z\u00fcrcher Verlag Schmid &amp; Genewein hat Gasparo Fritz\u2019 Opus 2 neu herausgegeben: sechs Sonaten, die dem musikalischen Rokoko zugeordnet werden k\u00f6nnen.\" \/>\n<meta property=\"og:url\" content=\"https:\/\/www.musikzeitung.ch\/en\/rezensionen\/noten-rezensionen\/2025\/10\/rokoko-fuer-floete-oder-violine\/\" \/>\n<meta property=\"og:site_name\" content=\"Schweizer Musikzeitung\" \/>\n<meta property=\"article:publisher\" content=\"https:\/\/www.facebook.com\/SchweizerMusikzeitung\/\" \/>\n<meta property=\"article:published_time\" content=\"2025-10-20T09:47:20+00:00\" \/>\n<meta property=\"og:image\" content=\"https:\/\/www.musikzeitung.ch\/wp-content\/uploads\/2025\/10\/Gaspard_Fritz_silhouette.jpg\" \/>\n\t<meta property=\"og:image:width\" content=\"1071\" \/>\n\t<meta property=\"og:image:height\" content=\"746\" \/>\n\t<meta property=\"og:image:type\" content=\"image\/jpeg\" \/>\n<meta name=\"author\" content=\"pia.schwab\" \/>\n<meta name=\"twitter:card\" content=\"summary_large_image\" \/>\n<meta name=\"twitter:creator\" content=\"@smusikzeitung\" \/>\n<meta name=\"twitter:site\" content=\"@smusikzeitung\" \/>\n<meta name=\"twitter:label1\" content=\"Written by\" \/>\n\t<meta name=\"twitter:data1\" content=\"pia.schwab\" \/>\n\t<meta name=\"twitter:label2\" content=\"Est. reading time\" \/>\n\t<meta name=\"twitter:data2\" content=\"4 minutes\" \/>\n<script type=\"application\/ld+json\" class=\"yoast-schema-graph\">{\"@context\":\"https:\\\/\\\/schema.org\",\"@graph\":[{\"@type\":\"Article\",\"@id\":\"https:\\\/\\\/www.musikzeitung.ch\\\/rezensionen\\\/noten-rezensionen\\\/2025\\\/10\\\/rokoko-fuer-floete-oder-violine#article\",\"isPartOf\":{\"@id\":\"https:\\\/\\\/www.musikzeitung.ch\\\/rezensionen\\\/noten-rezensionen\\\/2025\\\/10\\\/rokoko-fuer-floete-oder-violine\"},\"author\":{\"name\":\"pia.schwab\",\"@id\":\"https:\\\/\\\/www.musikzeitung.ch\\\/#\\\/schema\\\/person\\\/ea3d7b86bd7157c78c7ddd37f2f82b5b\"},\"headline\":\"Rokoko f\u00fcr Fl\u00f6te oder Violine\",\"datePublished\":\"2025-10-20T09:47:20+00:00\",\"mainEntityOfPage\":{\"@id\":\"https:\\\/\\\/www.musikzeitung.ch\\\/rezensionen\\\/noten-rezensionen\\\/2025\\\/10\\\/rokoko-fuer-floete-oder-violine\"},\"wordCount\":562,\"publisher\":{\"@id\":\"https:\\\/\\\/www.musikzeitung.ch\\\/#organization\"},\"image\":{\"@id\":\"https:\\\/\\\/www.musikzeitung.ch\\\/rezensionen\\\/noten-rezensionen\\\/2025\\\/10\\\/rokoko-fuer-floete-oder-violine#primaryimage\"},\"thumbnailUrl\":\"https:\\\/\\\/www.musikzeitung.ch\\\/wp-content\\\/uploads\\\/2025\\\/10\\\/Gaspard_Fritz_silhouette.jpg\",\"keywords\":[\"Gasparo Fritz\"],\"articleSection\":[\"Noten\",\"Rezensionen\"],\"inLanguage\":\"en-US\"},{\"@type\":\"WebPage\",\"@id\":\"https:\\\/\\\/www.musikzeitung.ch\\\/rezensionen\\\/noten-rezensionen\\\/2025\\\/10\\\/rokoko-fuer-floete-oder-violine\",\"url\":\"https:\\\/\\\/www.musikzeitung.ch\\\/rezensionen\\\/noten-rezensionen\\\/2025\\\/10\\\/rokoko-fuer-floete-oder-violine\",\"name\":\"Rokoko f\u00fcr Fl\u00f6te oder Violine - Schweizer Musikzeitung\",\"isPartOf\":{\"@id\":\"https:\\\/\\\/www.musikzeitung.ch\\\/#website\"},\"primaryImageOfPage\":{\"@id\":\"https:\\\/\\\/www.musikzeitung.ch\\\/rezensionen\\\/noten-rezensionen\\\/2025\\\/10\\\/rokoko-fuer-floete-oder-violine#primaryimage\"},\"image\":{\"@id\":\"https:\\\/\\\/www.musikzeitung.ch\\\/rezensionen\\\/noten-rezensionen\\\/2025\\\/10\\\/rokoko-fuer-floete-oder-violine#primaryimage\"},\"thumbnailUrl\":\"https:\\\/\\\/www.musikzeitung.ch\\\/wp-content\\\/uploads\\\/2025\\\/10\\\/Gaspard_Fritz_silhouette.jpg\",\"datePublished\":\"2025-10-20T09:47:20+00:00\",\"description\":\"Der Z\u00fcrcher Verlag Schmid & Genewein hat Gasparo Fritz\u2019 Opus 2 neu herausgegeben: sechs Sonaten, die dem musikalischen Rokoko zugeordnet werden k\u00f6nnen.\",\"breadcrumb\":{\"@id\":\"https:\\\/\\\/www.musikzeitung.ch\\\/rezensionen\\\/noten-rezensionen\\\/2025\\\/10\\\/rokoko-fuer-floete-oder-violine#breadcrumb\"},\"inLanguage\":\"en-US\",\"potentialAction\":[{\"@type\":\"ReadAction\",\"target\":[\"https:\\\/\\\/www.musikzeitung.ch\\\/rezensionen\\\/noten-rezensionen\\\/2025\\\/10\\\/rokoko-fuer-floete-oder-violine\"]}]},{\"@type\":\"ImageObject\",\"inLanguage\":\"en-US\",\"@id\":\"https:\\\/\\\/www.musikzeitung.ch\\\/rezensionen\\\/noten-rezensionen\\\/2025\\\/10\\\/rokoko-fuer-floete-oder-violine#primaryimage\",\"url\":\"https:\\\/\\\/www.musikzeitung.ch\\\/wp-content\\\/uploads\\\/2025\\\/10\\\/Gaspard_Fritz_silhouette.jpg\",\"contentUrl\":\"https:\\\/\\\/www.musikzeitung.ch\\\/wp-content\\\/uploads\\\/2025\\\/10\\\/Gaspard_Fritz_silhouette.jpg\"},{\"@type\":\"BreadcrumbList\",\"@id\":\"https:\\\/\\\/www.musikzeitung.ch\\\/rezensionen\\\/noten-rezensionen\\\/2025\\\/10\\\/rokoko-fuer-floete-oder-violine#breadcrumb\",\"itemListElement\":[{\"@type\":\"ListItem\",\"position\":1,\"name\":\"Home\",\"item\":\"https:\\\/\\\/www.musikzeitung.ch\\\/\"},{\"@type\":\"ListItem\",\"position\":2,\"name\":\"Rokoko f\u00fcr Fl\u00f6te oder Violine\"}]},{\"@type\":\"WebSite\",\"@id\":\"https:\\\/\\\/www.musikzeitung.ch\\\/#website\",\"url\":\"https:\\\/\\\/www.musikzeitung.ch\\\/\",\"name\":\"Schweizer Musikzeitung\",\"description\":\"Die f\u00fchrende sparten\u00fcbergreifende Monatszeitung in der Schweiz f\u00fcr musikalische Fragen.\",\"publisher\":{\"@id\":\"https:\\\/\\\/www.musikzeitung.ch\\\/#organization\"},\"potentialAction\":[{\"@type\":\"SearchAction\",\"target\":{\"@type\":\"EntryPoint\",\"urlTemplate\":\"https:\\\/\\\/www.musikzeitung.ch\\\/?s={search_term_string}\"},\"query-input\":{\"@type\":\"PropertyValueSpecification\",\"valueRequired\":true,\"valueName\":\"search_term_string\"}}],\"inLanguage\":\"en-US\"},{\"@type\":\"Organization\",\"@id\":\"https:\\\/\\\/www.musikzeitung.ch\\\/#organization\",\"name\":\"Schweizer Musikzeitung\",\"url\":\"https:\\\/\\\/www.musikzeitung.ch\\\/\",\"logo\":{\"@type\":\"ImageObject\",\"inLanguage\":\"en-US\",\"@id\":\"https:\\\/\\\/www.musikzeitung.ch\\\/#\\\/schema\\\/logo\\\/image\\\/\",\"url\":\"https:\\\/\\\/www.musikzeitung.ch\\\/wp-content\\\/uploads\\\/2023\\\/01\\\/SMZ_Schriftzug_Sprache.png\",\"contentUrl\":\"https:\\\/\\\/www.musikzeitung.ch\\\/wp-content\\\/uploads\\\/2023\\\/01\\\/SMZ_Schriftzug_Sprache.png\",\"width\":1400,\"height\":279,\"caption\":\"Schweizer Musikzeitung\"},\"image\":{\"@id\":\"https:\\\/\\\/www.musikzeitung.ch\\\/#\\\/schema\\\/logo\\\/image\\\/\"},\"sameAs\":[\"https:\\\/\\\/www.facebook.com\\\/SchweizerMusikzeitung\\\/\",\"https:\\\/\\\/x.com\\\/smusikzeitung\",\"https:\\\/\\\/www.instagram.com\\\/musikzeitung.ch\\\/\"]},{\"@type\":\"Person\",\"@id\":\"https:\\\/\\\/www.musikzeitung.ch\\\/#\\\/schema\\\/person\\\/ea3d7b86bd7157c78c7ddd37f2f82b5b\",\"name\":\"pia.schwab\",\"image\":{\"@type\":\"ImageObject\",\"inLanguage\":\"en-US\",\"@id\":\"https:\\\/\\\/secure.gravatar.com\\\/avatar\\\/d39d170de4c2d07e897fbc26cf9d890fc046285c742207b86d8ebabe5fcde2c4?s=96&d=mm&r=g\",\"url\":\"https:\\\/\\\/secure.gravatar.com\\\/avatar\\\/d39d170de4c2d07e897fbc26cf9d890fc046285c742207b86d8ebabe5fcde2c4?s=96&d=mm&r=g\",\"contentUrl\":\"https:\\\/\\\/secure.gravatar.com\\\/avatar\\\/d39d170de4c2d07e897fbc26cf9d890fc046285c742207b86d8ebabe5fcde2c4?s=96&d=mm&r=g\",\"caption\":\"pia.schwab\"},\"url\":\"https:\\\/\\\/www.musikzeitung.ch\\\/en\\\/author\\\/pia-schwab\"}]}<\/script>\n<!-- \/ Yoast SEO plugin. -->","yoast_head_json":{"title":"Rococo for flute or violin - Swiss Music Journal","description":"The Zurich-based publisher Schmid &amp; Genewein has reissued Gasparo Fritz's Opus 2: six sonatas that can be classified as Rococo music.","robots":{"index":"index","follow":"follow","max-snippet":"max-snippet:-1","max-image-preview":"max-image-preview:large","max-video-preview":"max-video-preview:-1"},"canonical":"https:\/\/www.musikzeitung.ch\/en\/rezensionen\/noten-rezensionen\/2025\/10\/rokoko-fuer-floete-oder-violine\/","og_locale":"en_US","og_type":"article","og_title":"Rokoko f\u00fcr Fl\u00f6te oder Violine - Schweizer Musikzeitung","og_description":"Der Z\u00fcrcher Verlag Schmid & Genewein hat Gasparo Fritz\u2019 Opus 2 neu herausgegeben: sechs Sonaten, die dem musikalischen Rokoko zugeordnet werden k\u00f6nnen.","og_url":"https:\/\/www.musikzeitung.ch\/en\/rezensionen\/noten-rezensionen\/2025\/10\/rokoko-fuer-floete-oder-violine\/","og_site_name":"Schweizer Musikzeitung","article_publisher":"https:\/\/www.facebook.com\/SchweizerMusikzeitung\/","article_published_time":"2025-10-20T09:47:20+00:00","og_image":[{"width":1071,"height":746,"url":"https:\/\/www.musikzeitung.ch\/wp-content\/uploads\/2025\/10\/Gaspard_Fritz_silhouette.jpg","type":"image\/jpeg"}],"author":"pia.schwab","twitter_card":"summary_large_image","twitter_creator":"@smusikzeitung","twitter_site":"@smusikzeitung","twitter_misc":{"Written by":"pia.schwab","Est. reading time":"4 minutes"},"schema":{"@context":"https:\/\/schema.org","@graph":[{"@type":"Article","@id":"https:\/\/www.musikzeitung.ch\/rezensionen\/noten-rezensionen\/2025\/10\/rokoko-fuer-floete-oder-violine#article","isPartOf":{"@id":"https:\/\/www.musikzeitung.ch\/rezensionen\/noten-rezensionen\/2025\/10\/rokoko-fuer-floete-oder-violine"},"author":{"name":"pia.schwab","@id":"https:\/\/www.musikzeitung.ch\/#\/schema\/person\/ea3d7b86bd7157c78c7ddd37f2f82b5b"},"headline":"Rokoko f\u00fcr Fl\u00f6te oder Violine","datePublished":"2025-10-20T09:47:20+00:00","mainEntityOfPage":{"@id":"https:\/\/www.musikzeitung.ch\/rezensionen\/noten-rezensionen\/2025\/10\/rokoko-fuer-floete-oder-violine"},"wordCount":562,"publisher":{"@id":"https:\/\/www.musikzeitung.ch\/#organization"},"image":{"@id":"https:\/\/www.musikzeitung.ch\/rezensionen\/noten-rezensionen\/2025\/10\/rokoko-fuer-floete-oder-violine#primaryimage"},"thumbnailUrl":"https:\/\/www.musikzeitung.ch\/wp-content\/uploads\/2025\/10\/Gaspard_Fritz_silhouette.jpg","keywords":["Gasparo Fritz"],"articleSection":["Noten","Rezensionen"],"inLanguage":"en-US"},{"@type":"WebPage","@id":"https:\/\/www.musikzeitung.ch\/rezensionen\/noten-rezensionen\/2025\/10\/rokoko-fuer-floete-oder-violine","url":"https:\/\/www.musikzeitung.ch\/rezensionen\/noten-rezensionen\/2025\/10\/rokoko-fuer-floete-oder-violine","name":"Rococo for flute or violin - Swiss Music Journal","isPartOf":{"@id":"https:\/\/www.musikzeitung.ch\/#website"},"primaryImageOfPage":{"@id":"https:\/\/www.musikzeitung.ch\/rezensionen\/noten-rezensionen\/2025\/10\/rokoko-fuer-floete-oder-violine#primaryimage"},"image":{"@id":"https:\/\/www.musikzeitung.ch\/rezensionen\/noten-rezensionen\/2025\/10\/rokoko-fuer-floete-oder-violine#primaryimage"},"thumbnailUrl":"https:\/\/www.musikzeitung.ch\/wp-content\/uploads\/2025\/10\/Gaspard_Fritz_silhouette.jpg","datePublished":"2025-10-20T09:47:20+00:00","description":"The Zurich-based publisher Schmid &amp; Genewein has reissued Gasparo Fritz's Opus 2: six sonatas that can be classified as Rococo music.","breadcrumb":{"@id":"https:\/\/www.musikzeitung.ch\/rezensionen\/noten-rezensionen\/2025\/10\/rokoko-fuer-floete-oder-violine#breadcrumb"},"inLanguage":"en-US","potentialAction":[{"@type":"ReadAction","target":["https:\/\/www.musikzeitung.ch\/rezensionen\/noten-rezensionen\/2025\/10\/rokoko-fuer-floete-oder-violine"]}]},{"@type":"ImageObject","inLanguage":"en-US","@id":"https:\/\/www.musikzeitung.ch\/rezensionen\/noten-rezensionen\/2025\/10\/rokoko-fuer-floete-oder-violine#primaryimage","url":"https:\/\/www.musikzeitung.ch\/wp-content\/uploads\/2025\/10\/Gaspard_Fritz_silhouette.jpg","contentUrl":"https:\/\/www.musikzeitung.ch\/wp-content\/uploads\/2025\/10\/Gaspard_Fritz_silhouette.jpg"},{"@type":"BreadcrumbList","@id":"https:\/\/www.musikzeitung.ch\/rezensionen\/noten-rezensionen\/2025\/10\/rokoko-fuer-floete-oder-violine#breadcrumb","itemListElement":[{"@type":"ListItem","position":1,"name":"Home","item":"https:\/\/www.musikzeitung.ch\/"},{"@type":"ListItem","position":2,"name":"Rokoko f\u00fcr Fl\u00f6te oder Violine"}]},{"@type":"WebSite","@id":"https:\/\/www.musikzeitung.ch\/#website","url":"https:\/\/www.musikzeitung.ch\/","name":"Swiss Music Newspaper","description":"The leading interdisciplinary monthly newspaper in Switzerland for musical issues.","publisher":{"@id":"https:\/\/www.musikzeitung.ch\/#organization"},"potentialAction":[{"@type":"SearchAction","target":{"@type":"EntryPoint","urlTemplate":"https:\/\/www.musikzeitung.ch\/?s={search_term_string}"},"query-input":{"@type":"PropertyValueSpecification","valueRequired":true,"valueName":"search_term_string"}}],"inLanguage":"en-US"},{"@type":"Organization","@id":"https:\/\/www.musikzeitung.ch\/#organization","name":"Swiss Music Newspaper","url":"https:\/\/www.musikzeitung.ch\/","logo":{"@type":"ImageObject","inLanguage":"en-US","@id":"https:\/\/www.musikzeitung.ch\/#\/schema\/logo\/image\/","url":"https:\/\/www.musikzeitung.ch\/wp-content\/uploads\/2023\/01\/SMZ_Schriftzug_Sprache.png","contentUrl":"https:\/\/www.musikzeitung.ch\/wp-content\/uploads\/2023\/01\/SMZ_Schriftzug_Sprache.png","width":1400,"height":279,"caption":"Schweizer Musikzeitung"},"image":{"@id":"https:\/\/www.musikzeitung.ch\/#\/schema\/logo\/image\/"},"sameAs":["https:\/\/www.facebook.com\/SchweizerMusikzeitung\/","https:\/\/x.com\/smusikzeitung","https:\/\/www.instagram.com\/musikzeitung.ch\/"]},{"@type":"Person","@id":"https:\/\/www.musikzeitung.ch\/#\/schema\/person\/ea3d7b86bd7157c78c7ddd37f2f82b5b","name":"pia.schwab","image":{"@type":"ImageObject","inLanguage":"en-US","@id":"https:\/\/secure.gravatar.com\/avatar\/d39d170de4c2d07e897fbc26cf9d890fc046285c742207b86d8ebabe5fcde2c4?s=96&d=mm&r=g","url":"https:\/\/secure.gravatar.com\/avatar\/d39d170de4c2d07e897fbc26cf9d890fc046285c742207b86d8ebabe5fcde2c4?s=96&d=mm&r=g","contentUrl":"https:\/\/secure.gravatar.com\/avatar\/d39d170de4c2d07e897fbc26cf9d890fc046285c742207b86d8ebabe5fcde2c4?s=96&d=mm&r=g","caption":"pia.schwab"},"url":"https:\/\/www.musikzeitung.ch\/en\/author\/pia-schwab"}]}},"publishpress_future_workflow_manual_trigger":{"enabledWorkflows":[]},"_links":{"self":[{"href":"https:\/\/www.musikzeitung.ch\/en\/wp-json\/wp\/v2\/posts\/68258","targetHints":{"allow":["GET"]}}],"collection":[{"href":"https:\/\/www.musikzeitung.ch\/en\/wp-json\/wp\/v2\/posts"}],"about":[{"href":"https:\/\/www.musikzeitung.ch\/en\/wp-json\/wp\/v2\/types\/post"}],"author":[{"embeddable":true,"href":"https:\/\/www.musikzeitung.ch\/en\/wp-json\/wp\/v2\/users\/29"}],"replies":[{"embeddable":true,"href":"https:\/\/www.musikzeitung.ch\/en\/wp-json\/wp\/v2\/comments?post=68258"}],"version-history":[{"count":5,"href":"https:\/\/www.musikzeitung.ch\/en\/wp-json\/wp\/v2\/posts\/68258\/revisions"}],"predecessor-version":[{"id":68265,"href":"https:\/\/www.musikzeitung.ch\/en\/wp-json\/wp\/v2\/posts\/68258\/revisions\/68265"}],"wp:attachment":[{"href":"https:\/\/www.musikzeitung.ch\/en\/wp-json\/wp\/v2\/media?parent=68258"}],"wp:term":[{"taxonomy":"category","embeddable":true,"href":"https:\/\/www.musikzeitung.ch\/en\/wp-json\/wp\/v2\/categories?post=68258"},{"taxonomy":"post_tag","embeddable":true,"href":"https:\/\/www.musikzeitung.ch\/en\/wp-json\/wp\/v2\/tags?post=68258"}],"curies":[{"name":"wp","href":"https:\/\/api.w.org\/{rel}","templated":true}]}}